{"id":10021,"date":"2025-01-06T12:21:51","date_gmt":"2025-01-06T11:21:51","guid":{"rendered":"https:\/\/group.voltalis.com\/?p=10021"},"modified":"2025-09-04T16:29:53","modified_gmt":"2025-09-04T14:29:53","slug":"bilan-positif-pour-normandie-agglomeration-et-voltalis-un-partenariat-qui-fonctionne","status":"publish","type":"post","link":"https:\/\/group.voltalis.com\/fr\/type-de-contenu\/communiques-de-presse\/bilan-positif-pour-normandie-agglomeration-et-voltalis-un-partenariat-qui-fonctionne-10021","title":{"rendered":"Bilan positif pour Normandie Agglom\u00e9ration et Voltalis\u202f: \u00a0un partenariat qui fonctionne\u202f!\u00a0\u00a0"},"content":{"rendered":"\n<p><font _mstmutation=\"1\"><\/font><\/p>\n\n\n\n<p><strong>Seine Normandie Agglom\u00e9ration et Voltalis dressent un premier bilan positif de leur partenariat. Depuis son lancement en 2021, pr\u00e8s de 750 particuliers et professionnels du territoire ont choisi d\u2019\u00e9quiper gratuitement leur domicile ou leur local avec des thermostats connect\u00e9s Voltalis. Concr\u00e8tement, cette initiative a permis d\u2019\u00e9conomiser 715 MWh sur le territoire, ce qui repr\u00e9sente une \u00e9conomie de 318 tonnes de CO<sub>2<\/sub>.\u00a0<\/strong>\u00a0<\/p>\n\n\n<div class=\"wp-block-image\">\n<figure class=\"alignleft size-full is-resized\"><img loading=\"lazy\" decoding=\"async\" width=\"469\" height=\"313\" src=\"https:\/\/group.voltalis.com\/wp-content\/uploads\/2024\/11\/image.png\" alt=\"\" class=\"wp-image-9897\" style=\"width:329px;height:auto\" srcset=\"https:\/\/group.voltalis.com\/wp-content\/uploads\/2024\/11\/image.png 469w, https:\/\/group.voltalis.com\/wp-content\/uploads\/2024\/11\/image-300x200.png 300w\" sizes=\"auto, (max-width: 469px) 100vw, 469px\" \/><\/figure>\n<\/div>\n\n\n<p class=\"has-text-align-left\">Fi\u00e8res de ce premier bilan, l\u2019agglom\u00e9ration et Voltalis souhaitent continuer \u00e0 proposer l\u2019\u00e9quipement gratuit du dispositif aux habitants de Seine Normandie Agglom\u00e9ration qui le souhaitent, afin notamment de lutter contre la pr\u00e9carit\u00e9 \u00e9nerg\u00e9tique. Une fois install\u00e9, le thermostat connect\u00e9 Voltalis, certifi\u00e9 par RTE (le r\u00e9seau de transport d\u2019\u00e9lectricit\u00e9) permet \u00e0 chaque foyer de faire en moyenne 15% d\u2019 \u00e9conomies d\u2019\u00e9nergie et de r\u00e9duire jusqu\u2019\u00e0 70% ses \u00e9missions de CO<sub>2<\/sub> li\u00e9es au chauffage.&nbsp;&nbsp;<\/p>\n\n\n\n<p><\/p>\n\n\n\n<p class=\"has-text-align-left\"><em>Pour chaque habitant int\u00e9ress\u00e9, il est possible de prendre rendez-vous aupr\u00e8s de Voltalis directement\u202fau 09 72 10 17 18 (appel gratuit) ou par email \u00e0 contact@voltalis.com<\/em>&nbsp;<\/p>\n\n\n\n<p class=\"has-medium-font-size\"><strong>Une campagne qui s\u2019inscrit dans la strat\u00e9gie de d\u00e9veloppement durable de SNA<\/strong>&nbsp;<\/p>\n\n\n\n<p class=\"has-small-font-size\">La poursuite du partenariat entre Voltalis et Seine Normandie Agglom\u00e9ration s\u2019inscrit dans la strat\u00e9gie globale de d\u00e9veloppement durable men\u00e9e par l\u2019agglom\u00e9ration. Une strat\u00e9gie notamment port\u00e9e \u00e0 travers son Plan Climat Air \u00c9nergie Territorial (PCAET) et son Plan Alimentaire Territorial (PAT) ainsi que par des actions de m\u00e9c\u00e9nat. Le dispositif \u00ab\u202fdes arbres fruitiers pour votre commune\u202f\u00bb, soutenu par Voltalis en novembre 2024, a par exemple permis de v\u00e9g\u00e9taliser les communes du territoire et lutter contre les \u00eelots de chaleur, gr\u00e2ce \u00e0 126 arbres (sorbiers, \u00e9rables et tilleuls) distribu\u00e9s.\u00a0<\/p>\n\n\n\n<p class=\"has-medium-font-size\"><strong>Un thermostat gratuit, en faveur de l\u2019environnement et du pouvoir d\u2019achat<\/strong>&nbsp;<\/p>\n\n\n\n<p><strong>Le thermostat connect\u00e9 permet d\u2019avoir acc\u00e8s \u00e0 une gestion simple de la consommation de sa pompe \u00e0 chaleur ou de ses radiateurs. Associ\u00e9 \u00e0 l\u2019application MyVoltalis, il permet de programmer son chauffage en fonction de ses habitudes et de la temp\u00e9rature souhait\u00e9e.&nbsp;<\/strong>&nbsp;<\/p>\n\n\n\n<p>Sa particularit\u00e9 est d\u2019\u00eatre connect\u00e9 au r\u00e9seau \u00e9lectrique fran\u00e7ais, ce qui le rend enti\u00e8rement gratuit. Voltalis peut ainsi, \u00e0 la demande de RTE (le r\u00e9seau de transport d\u2019\u00e9lectricit\u00e9), moduler la consommation de tous les \u00e9quipements connect\u00e9s pour soulager le r\u00e9seau au moment des pics et ma\u00eetriser le risque de black-out. Et ceci sans impact sur le confort. Voltalis est r\u00e9mun\u00e9r\u00e9e par les op\u00e9rateurs du syst\u00e8me \u00e9lectrique pour ces services rendus.&nbsp;&nbsp;<\/p>\n\n\n<div class=\"wp-block-image\">\n<figure class=\"alignright size-large is-resized\"><img loading=\"lazy\" decoding=\"async\" width=\"1024\" height=\"632\" src=\"https:\/\/group.voltalis.com\/wp-content\/uploads\/2024\/07\/Smartphone_Salon_RVB_petit-1-1024x632.jpg\" alt=\"\" class=\"wp-image-8059\" style=\"width:373px;height:auto\" srcset=\"https:\/\/group.voltalis.com\/wp-content\/uploads\/2024\/07\/Smartphone_Salon_RVB_petit-1-1024x632.jpg 1024w, https:\/\/group.voltalis.com\/wp-content\/uploads\/2024\/07\/Smartphone_Salon_RVB_petit-1-300x185.jpg 300w, https:\/\/group.voltalis.com\/wp-content\/uploads\/2024\/07\/Smartphone_Salon_RVB_petit-1-768x474.jpg 768w, https:\/\/group.voltalis.com\/wp-content\/uploads\/2024\/07\/Smartphone_Salon_RVB_petit-1-1536x949.jpg 1536w, https:\/\/group.voltalis.com\/wp-content\/uploads\/2024\/07\/Smartphone_Salon_RVB_petit-1-2048x1265.jpg 2048w\" sizes=\"auto, (max-width: 1024px) 100vw, 1024px\" \/><\/figure>\n<\/div>\n\n\n<p class=\"has-small-font-size\">Sa particularit\u00e9 est d\u2019\u00eatre connect\u00e9 au r\u00e9seau \u00e9lectrique fran\u00e7ais, ce qui le rend enti\u00e8rement gratuit. Voltalis peut ainsi, \u00e0 la demande de RTE (le r\u00e9seau de transport d\u2019\u00e9lectricit\u00e9), moduler la consommation de tous les \u00e9quipements connect\u00e9s pour soulager le r\u00e9seau au moment des pics et ma\u00eetriser le risque de black-out. Et ceci sans impact sur le confort. Voltalis est r\u00e9mun\u00e9r\u00e9e par les op\u00e9rateurs du syst\u00e8me \u00e9lectrique pour ces services rendus.&nbsp;&nbsp;<\/p>\n\n\n\n<p class=\"has-small-font-size\">\u00ab\u00a0<em>Les premiers r\u00e9sultats observ\u00e9s dans le cadre de notre partenariat nous encouragent \u00e0 poursuivre et d\u00e9velopper notre action commune de soutien aupr\u00e8s des populations du territoire. L&rsquo;offre \u00e9volue et va permettre de r\u00e9pondre aux attentes exprim\u00e9es par nombre d&rsquo;habitants. Outre les \u00e9conomies r\u00e9alis\u00e9es au b\u00e9n\u00e9fice des foyers \u00e9quip\u00e9s, c&rsquo;est \u00e9galement l&rsquo;impact positif sur notre empreinte carbone qui est \u00e0 souligner. Cette action s&rsquo;inscrit pleinement dans notre strat\u00e9gie de d\u00e9veloppement durable<\/em>.\u00a0\u00bb<em> <\/em><strong><em>Christian Leprovost, Vice-Pr\u00e9sident charg\u00e9 de l\u2019\u00e9cologie, de la transition \u00e9nerg\u00e9tique et de la valorisation des d\u00e9chets.<\/em><\/strong>&nbsp;<\/p>\n\n\n\n<p><\/p>\n\n\n\n<p><\/p>\n\n\n\n<p><\/p>\n\n\n\n<p class=\"has-text-align-center\"><strong><u>Contacts presse<\/u><\/strong><strong>&nbsp;:<\/strong><\/p>\n\n\n\n<figure class=\"wp-block-table\"><table class=\"has-fixed-layout\"><tbody><tr><td class=\"has-text-align-center\" data-align=\"center\"><strong>Seine Normandie Agglom\u00e9ration et Ville de Vernon<\/strong>\u00a0<br>St\u00e9phane Randrianarivelo\u00a0<br>Directeur de Cabinet, de la Communication et de l\u2019Ev\u00e9nementiel\u00a0<br>06 25 29 37 73 &#8211; <a href=\"mailto:srandrianarivelo@sna.vernon27.fr\" target=\"_blank\" rel=\"noreferrer noopener\">srandrianarivelo@sna.vernon27.fr<\/a>\u00a0<\/td><td class=\"has-text-align-center\" data-align=\"center\"><strong>Voltalis<\/strong> \u202f&nbsp;<br>Clara FLORE &#8211; Agence Shan&nbsp;<br>06 16 04 64 33 &#8211; voltalis@shan.f<\/td><\/tr><\/tbody><\/table><\/figure>\n\n\n\n<p><\/p>\n","protected":false},"excerpt":{"rendered":"<p>Seine Normandie Agglom\u00e9ration et Voltalis dressent un premier bilan positif de leur partenariat. Depuis son lancement en 2021, pr\u00e8s de 750 particuliers et professionnels du territoire ont choisi d\u2019\u00e9quiper gratuitement leur domicile ou leur local avec des thermostats connect\u00e9s Voltalis. Concr\u00e8tement, cette initiative a permis d\u2019\u00e9conomiser 715 MWh sur le territoire, ce qui repr\u00e9sente une [&hellip;]<\/p>\n","protected":false},"author":12,"featured_media":0,"comment_status":"closed","ping_status":"closed","sticky":false,"template":"","format":"standard","meta":{"_acf_changed":false,"inline_featured_image":false,"footnotes":""},"categories":[199,3],"tags":[],"class_list":["post-10021","post","type-post","status-publish","format-standard","hentry","category-collectivites","category-communiques-de-presse"],"acf":[],"yoast_head":"<!-- This site is optimized with the Yoast SEO plugin v27.5 - https:\/\/yoast.com\/product\/yoast-seo-wordpress\/ -->\n<title>Bilan positif pour Normandie Agglom\u00e9ration et Voltalis\u202f: \u00a0un partenariat qui fonctionne\u202f!\u00a0\u00a0 - Groupe Voltalis<\/title>\n<meta name=\"robots\" content=\"index, follow, max-snippet:-1, max-image-preview:large, max-video-preview:-1\" \/>\n<link rel=\"canonical\" href=\"https:\/\/group.voltalis.com\/fr\/type-de-contenu\/communiques-de-presse\/bilan-positif-pour-normandie-agglomeration-et-voltalis-un-partenariat-qui-fonctionne-10021\" \/>\n<meta property=\"og:locale\" content=\"fr_FR\" \/>\n<meta property=\"og:type\" content=\"article\" \/>\n<meta property=\"og:title\" content=\"Bilan positif pour Normandie Agglom\u00e9ration et Voltalis\u202f: \u00a0un partenariat qui fonctionne\u202f!\u00a0\u00a0 - Groupe Voltalis\" \/>\n<meta property=\"og:description\" content=\"Seine Normandie Agglom\u00e9ration et Voltalis dressent un premier bilan positif de leur partenariat. Depuis son lancement en 2021, pr\u00e8s de 750 particuliers et professionnels du territoire ont choisi d\u2019\u00e9quiper gratuitement leur domicile ou leur local avec des thermostats connect\u00e9s Voltalis. Concr\u00e8tement, cette initiative a permis d\u2019\u00e9conomiser 715 MWh sur le territoire, ce qui repr\u00e9sente une [&hellip;]\" \/>\n<meta property=\"og:url\" content=\"https:\/\/group.voltalis.com\/fr\/type-de-contenu\/communiques-de-presse\/bilan-positif-pour-normandie-agglomeration-et-voltalis-un-partenariat-qui-fonctionne-10021\" \/>\n<meta property=\"og:site_name\" content=\"Groupe Voltalis\" \/>\n<meta property=\"article:publisher\" content=\"https:\/\/www.facebook.com\/pages\/category\/Product-Service\/Voltalis-178720392179068\/\" \/>\n<meta property=\"article:published_time\" content=\"2025-01-06T11:21:51+00:00\" \/>\n<meta property=\"article:modified_time\" content=\"2025-09-04T14:29:53+00:00\" \/>\n<meta property=\"og:image\" content=\"https:\/\/group.voltalis.com\/wp-content\/uploads\/2024\/11\/image.png\" \/>\n\t<meta property=\"og:image:width\" content=\"469\" \/>\n\t<meta property=\"og:image:height\" content=\"313\" \/>\n\t<meta property=\"og:image:type\" content=\"image\/png\" \/>\n<meta name=\"author\" content=\"Alexane\" \/>\n<meta name=\"twitter:card\" content=\"summary_large_image\" \/>\n<meta name=\"twitter:label1\" content=\"\u00c9crit par\" \/>\n\t<meta name=\"twitter:data1\" content=\"Alexane\" \/>\n\t<meta name=\"twitter:label2\" content=\"Dur\u00e9e de lecture estim\u00e9e\" \/>\n\t<meta name=\"twitter:data2\" content=\"3 minutes\" \/>\n<script type=\"application\/ld+json\" class=\"yoast-schema-graph\">{\"@context\":\"https:\\\/\\\/schema.org\",\"@graph\":[{\"@type\":\"Article\",\"@id\":\"https:\\\/\\\/group.voltalis.com\\\/fr\\\/type-de-contenu\\\/communiques-de-presse\\\/bilan-positif-pour-normandie-agglomeration-et-voltalis-un-partenariat-qui-fonctionne-10021#article\",\"isPartOf\":{\"@id\":\"https:\\\/\\\/group.voltalis.com\\\/fr\\\/type-de-contenu\\\/communiques-de-presse\\\/bilan-positif-pour-normandie-agglomeration-et-voltalis-un-partenariat-qui-fonctionne-10021\"},\"author\":{\"name\":\"Alexane\",\"@id\":\"https:\\\/\\\/group.voltalis.com\\\/en\\\/#\\\/schema\\\/person\\\/4b1cbe0f01025c70fcdd38212cf95135\"},\"headline\":\"Bilan positif pour Normandie Agglom\u00e9ration et Voltalis\u202f: \u00a0un partenariat qui fonctionne\u202f!\u00a0\u00a0\",\"datePublished\":\"2025-01-06T11:21:51+00:00\",\"dateModified\":\"2025-09-04T14:29:53+00:00\",\"mainEntityOfPage\":{\"@id\":\"https:\\\/\\\/group.voltalis.com\\\/fr\\\/type-de-contenu\\\/communiques-de-presse\\\/bilan-positif-pour-normandie-agglomeration-et-voltalis-un-partenariat-qui-fonctionne-10021\"},\"wordCount\":672,\"image\":{\"@id\":\"https:\\\/\\\/group.voltalis.com\\\/fr\\\/type-de-contenu\\\/communiques-de-presse\\\/bilan-positif-pour-normandie-agglomeration-et-voltalis-un-partenariat-qui-fonctionne-10021#primaryimage\"},\"thumbnailUrl\":\"https:\\\/\\\/group.voltalis.com\\\/wp-content\\\/uploads\\\/2024\\\/11\\\/image.png\",\"articleSection\":[\"Collectivit\u00e9s\",\"Communiqu\u00e9s\"],\"inLanguage\":\"fr-FR\"},{\"@type\":\"WebPage\",\"@id\":\"https:\\\/\\\/group.voltalis.com\\\/fr\\\/type-de-contenu\\\/communiques-de-presse\\\/bilan-positif-pour-normandie-agglomeration-et-voltalis-un-partenariat-qui-fonctionne-10021\",\"url\":\"https:\\\/\\\/group.voltalis.com\\\/fr\\\/type-de-contenu\\\/communiques-de-presse\\\/bilan-positif-pour-normandie-agglomeration-et-voltalis-un-partenariat-qui-fonctionne-10021\",\"name\":\"Bilan positif pour Normandie Agglom\u00e9ration et Voltalis\u202f: \u00a0un partenariat qui fonctionne\u202f!\u00a0\u00a0 - Groupe Voltalis\",\"isPartOf\":{\"@id\":\"https:\\\/\\\/group.voltalis.com\\\/en\\\/#website\"},\"primaryImageOfPage\":{\"@id\":\"https:\\\/\\\/group.voltalis.com\\\/fr\\\/type-de-contenu\\\/communiques-de-presse\\\/bilan-positif-pour-normandie-agglomeration-et-voltalis-un-partenariat-qui-fonctionne-10021#primaryimage\"},\"image\":{\"@id\":\"https:\\\/\\\/group.voltalis.com\\\/fr\\\/type-de-contenu\\\/communiques-de-presse\\\/bilan-positif-pour-normandie-agglomeration-et-voltalis-un-partenariat-qui-fonctionne-10021#primaryimage\"},\"thumbnailUrl\":\"https:\\\/\\\/group.voltalis.com\\\/wp-content\\\/uploads\\\/2024\\\/11\\\/image.png\",\"datePublished\":\"2025-01-06T11:21:51+00:00\",\"dateModified\":\"2025-09-04T14:29:53+00:00\",\"author\":{\"@id\":\"https:\\\/\\\/group.voltalis.com\\\/en\\\/#\\\/schema\\\/person\\\/4b1cbe0f01025c70fcdd38212cf95135\"},\"breadcrumb\":{\"@id\":\"https:\\\/\\\/group.voltalis.com\\\/fr\\\/type-de-contenu\\\/communiques-de-presse\\\/bilan-positif-pour-normandie-agglomeration-et-voltalis-un-partenariat-qui-fonctionne-10021#breadcrumb\"},\"inLanguage\":\"fr-FR\",\"potentialAction\":[{\"@type\":\"ReadAction\",\"target\":[\"https:\\\/\\\/group.voltalis.com\\\/fr\\\/type-de-contenu\\\/communiques-de-presse\\\/bilan-positif-pour-normandie-agglomeration-et-voltalis-un-partenariat-qui-fonctionne-10021\"]}]},{\"@type\":\"ImageObject\",\"inLanguage\":\"fr-FR\",\"@id\":\"https:\\\/\\\/group.voltalis.com\\\/fr\\\/type-de-contenu\\\/communiques-de-presse\\\/bilan-positif-pour-normandie-agglomeration-et-voltalis-un-partenariat-qui-fonctionne-10021#primaryimage\",\"url\":\"https:\\\/\\\/group.voltalis.com\\\/wp-content\\\/uploads\\\/2024\\\/11\\\/image.png\",\"contentUrl\":\"https:\\\/\\\/group.voltalis.com\\\/wp-content\\\/uploads\\\/2024\\\/11\\\/image.png\"},{\"@type\":\"BreadcrumbList\",\"@id\":\"https:\\\/\\\/group.voltalis.com\\\/fr\\\/type-de-contenu\\\/communiques-de-presse\\\/bilan-positif-pour-normandie-agglomeration-et-voltalis-un-partenariat-qui-fonctionne-10021#breadcrumb\",\"itemListElement\":[{\"@type\":\"ListItem\",\"position\":1,\"name\":\"Home\",\"item\":\"https:\\\/\\\/group.voltalis.com\\\/fr\"},{\"@type\":\"ListItem\",\"position\":2,\"name\":\"Bilan positif pour Normandie Agglom\u00e9ration et Voltalis\u202f: \u00a0un partenariat qui fonctionne\u202f!\u00a0\u00a0\"}]},{\"@type\":\"WebSite\",\"@id\":\"https:\\\/\\\/group.voltalis.com\\\/en\\\/#website\",\"url\":\"https:\\\/\\\/group.voltalis.com\\\/en\\\/\",\"name\":\"Groupe Voltalis\",\"description\":\"Bien plus que des \u00e9conomies d&#039;\u00e9nergie\",\"potentialAction\":[{\"@type\":\"SearchAction\",\"target\":{\"@type\":\"EntryPoint\",\"urlTemplate\":\"https:\\\/\\\/group.voltalis.com\\\/en\\\/?s={search_term_string}\"},\"query-input\":{\"@type\":\"PropertyValueSpecification\",\"valueRequired\":true,\"valueName\":\"search_term_string\"}}],\"inLanguage\":\"fr-FR\"},{\"@type\":\"Person\",\"@id\":\"https:\\\/\\\/group.voltalis.com\\\/en\\\/#\\\/schema\\\/person\\\/4b1cbe0f01025c70fcdd38212cf95135\",\"name\":\"Alexane\",\"image\":{\"@type\":\"ImageObject\",\"inLanguage\":\"fr-FR\",\"@id\":\"https:\\\/\\\/secure.gravatar.com\\\/avatar\\\/30dd78037058843d269c357b406aa01da51eb6ad19f53de9f0fef498b199071b?s=96&d=mm&r=g\",\"url\":\"https:\\\/\\\/secure.gravatar.com\\\/avatar\\\/30dd78037058843d269c357b406aa01da51eb6ad19f53de9f0fef498b199071b?s=96&d=mm&r=g\",\"contentUrl\":\"https:\\\/\\\/secure.gravatar.com\\\/avatar\\\/30dd78037058843d269c357b406aa01da51eb6ad19f53de9f0fef498b199071b?s=96&d=mm&r=g\",\"caption\":\"Alexane\"},\"url\":\"https:\\\/\\\/group.voltalis.com\\\/fr\\\/author\\\/alexane\"}]}<\/script>\n<!-- \/ Yoast SEO plugin. -->","yoast_head_json":{"title":"Bilan positif pour Normandie Agglom\u00e9ration et Voltalis\u202f: \u00a0un partenariat qui fonctionne\u202f!\u00a0\u00a0 - Groupe Voltalis","robots":{"index":"index","follow":"follow","max-snippet":"max-snippet:-1","max-image-preview":"max-image-preview:large","max-video-preview":"max-video-preview:-1"},"canonical":"https:\/\/group.voltalis.com\/fr\/type-de-contenu\/communiques-de-presse\/bilan-positif-pour-normandie-agglomeration-et-voltalis-un-partenariat-qui-fonctionne-10021","og_locale":"fr_FR","og_type":"article","og_title":"Bilan positif pour Normandie Agglom\u00e9ration et Voltalis\u202f: \u00a0un partenariat qui fonctionne\u202f!\u00a0\u00a0 - Groupe Voltalis","og_description":"Seine Normandie Agglom\u00e9ration et Voltalis dressent un premier bilan positif de leur partenariat. Depuis son lancement en 2021, pr\u00e8s de 750 particuliers et professionnels du territoire ont choisi d\u2019\u00e9quiper gratuitement leur domicile ou leur local avec des thermostats connect\u00e9s Voltalis. Concr\u00e8tement, cette initiative a permis d\u2019\u00e9conomiser 715 MWh sur le territoire, ce qui repr\u00e9sente une [&hellip;]","og_url":"https:\/\/group.voltalis.com\/fr\/type-de-contenu\/communiques-de-presse\/bilan-positif-pour-normandie-agglomeration-et-voltalis-un-partenariat-qui-fonctionne-10021","og_site_name":"Groupe Voltalis","article_publisher":"https:\/\/www.facebook.com\/pages\/category\/Product-Service\/Voltalis-178720392179068\/","article_published_time":"2025-01-06T11:21:51+00:00","article_modified_time":"2025-09-04T14:29:53+00:00","og_image":[{"width":469,"height":313,"url":"https:\/\/group.voltalis.com\/wp-content\/uploads\/2024\/11\/image.png","type":"image\/png"}],"author":"Alexane","twitter_card":"summary_large_image","twitter_misc":{"\u00c9crit par":"Alexane","Dur\u00e9e de lecture estim\u00e9e":"3 minutes"},"schema":{"@context":"https:\/\/schema.org","@graph":[{"@type":"Article","@id":"https:\/\/group.voltalis.com\/fr\/type-de-contenu\/communiques-de-presse\/bilan-positif-pour-normandie-agglomeration-et-voltalis-un-partenariat-qui-fonctionne-10021#article","isPartOf":{"@id":"https:\/\/group.voltalis.com\/fr\/type-de-contenu\/communiques-de-presse\/bilan-positif-pour-normandie-agglomeration-et-voltalis-un-partenariat-qui-fonctionne-10021"},"author":{"name":"Alexane","@id":"https:\/\/group.voltalis.com\/en\/#\/schema\/person\/4b1cbe0f01025c70fcdd38212cf95135"},"headline":"Bilan positif pour Normandie Agglom\u00e9ration et Voltalis\u202f: \u00a0un partenariat qui fonctionne\u202f!\u00a0\u00a0","datePublished":"2025-01-06T11:21:51+00:00","dateModified":"2025-09-04T14:29:53+00:00","mainEntityOfPage":{"@id":"https:\/\/group.voltalis.com\/fr\/type-de-contenu\/communiques-de-presse\/bilan-positif-pour-normandie-agglomeration-et-voltalis-un-partenariat-qui-fonctionne-10021"},"wordCount":672,"image":{"@id":"https:\/\/group.voltalis.com\/fr\/type-de-contenu\/communiques-de-presse\/bilan-positif-pour-normandie-agglomeration-et-voltalis-un-partenariat-qui-fonctionne-10021#primaryimage"},"thumbnailUrl":"https:\/\/group.voltalis.com\/wp-content\/uploads\/2024\/11\/image.png","articleSection":["Collectivit\u00e9s","Communiqu\u00e9s"],"inLanguage":"fr-FR"},{"@type":"WebPage","@id":"https:\/\/group.voltalis.com\/fr\/type-de-contenu\/communiques-de-presse\/bilan-positif-pour-normandie-agglomeration-et-voltalis-un-partenariat-qui-fonctionne-10021","url":"https:\/\/group.voltalis.com\/fr\/type-de-contenu\/communiques-de-presse\/bilan-positif-pour-normandie-agglomeration-et-voltalis-un-partenariat-qui-fonctionne-10021","name":"Bilan positif pour Normandie Agglom\u00e9ration et Voltalis\u202f: \u00a0un partenariat qui fonctionne\u202f!\u00a0\u00a0 - Groupe Voltalis","isPartOf":{"@id":"https:\/\/group.voltalis.com\/en\/#website"},"primaryImageOfPage":{"@id":"https:\/\/group.voltalis.com\/fr\/type-de-contenu\/communiques-de-presse\/bilan-positif-pour-normandie-agglomeration-et-voltalis-un-partenariat-qui-fonctionne-10021#primaryimage"},"image":{"@id":"https:\/\/group.voltalis.com\/fr\/type-de-contenu\/communiques-de-presse\/bilan-positif-pour-normandie-agglomeration-et-voltalis-un-partenariat-qui-fonctionne-10021#primaryimage"},"thumbnailUrl":"https:\/\/group.voltalis.com\/wp-content\/uploads\/2024\/11\/image.png","datePublished":"2025-01-06T11:21:51+00:00","dateModified":"2025-09-04T14:29:53+00:00","author":{"@id":"https:\/\/group.voltalis.com\/en\/#\/schema\/person\/4b1cbe0f01025c70fcdd38212cf95135"},"breadcrumb":{"@id":"https:\/\/group.voltalis.com\/fr\/type-de-contenu\/communiques-de-presse\/bilan-positif-pour-normandie-agglomeration-et-voltalis-un-partenariat-qui-fonctionne-10021#breadcrumb"},"inLanguage":"fr-FR","potentialAction":[{"@type":"ReadAction","target":["https:\/\/group.voltalis.com\/fr\/type-de-contenu\/communiques-de-presse\/bilan-positif-pour-normandie-agglomeration-et-voltalis-un-partenariat-qui-fonctionne-10021"]}]},{"@type":"ImageObject","inLanguage":"fr-FR","@id":"https:\/\/group.voltalis.com\/fr\/type-de-contenu\/communiques-de-presse\/bilan-positif-pour-normandie-agglomeration-et-voltalis-un-partenariat-qui-fonctionne-10021#primaryimage","url":"https:\/\/group.voltalis.com\/wp-content\/uploads\/2024\/11\/image.png","contentUrl":"https:\/\/group.voltalis.com\/wp-content\/uploads\/2024\/11\/image.png"},{"@type":"BreadcrumbList","@id":"https:\/\/group.voltalis.com\/fr\/type-de-contenu\/communiques-de-presse\/bilan-positif-pour-normandie-agglomeration-et-voltalis-un-partenariat-qui-fonctionne-10021#breadcrumb","itemListElement":[{"@type":"ListItem","position":1,"name":"Home","item":"https:\/\/group.voltalis.com\/fr"},{"@type":"ListItem","position":2,"name":"Bilan positif pour Normandie Agglom\u00e9ration et Voltalis\u202f: \u00a0un partenariat qui fonctionne\u202f!\u00a0\u00a0"}]},{"@type":"WebSite","@id":"https:\/\/group.voltalis.com\/en\/#website","url":"https:\/\/group.voltalis.com\/en\/","name":"Groupe Voltalis","description":"Bien plus que des \u00e9conomies d&#039;\u00e9nergie","potentialAction":[{"@type":"SearchAction","target":{"@type":"EntryPoint","urlTemplate":"https:\/\/group.voltalis.com\/en\/?s={search_term_string}"},"query-input":{"@type":"PropertyValueSpecification","valueRequired":true,"valueName":"search_term_string"}}],"inLanguage":"fr-FR"},{"@type":"Person","@id":"https:\/\/group.voltalis.com\/en\/#\/schema\/person\/4b1cbe0f01025c70fcdd38212cf95135","name":"Alexane","image":{"@type":"ImageObject","inLanguage":"fr-FR","@id":"https:\/\/secure.gravatar.com\/avatar\/30dd78037058843d269c357b406aa01da51eb6ad19f53de9f0fef498b199071b?s=96&d=mm&r=g","url":"https:\/\/secure.gravatar.com\/avatar\/30dd78037058843d269c357b406aa01da51eb6ad19f53de9f0fef498b199071b?s=96&d=mm&r=g","contentUrl":"https:\/\/secure.gravatar.com\/avatar\/30dd78037058843d269c357b406aa01da51eb6ad19f53de9f0fef498b199071b?s=96&d=mm&r=g","caption":"Alexane"},"url":"https:\/\/group.voltalis.com\/fr\/author\/alexane"}]}},"_links":{"self":[{"href":"https:\/\/group.voltalis.com\/fr\/wp-json\/wp\/v2\/posts\/10021","targetHints":{"allow":["GET"]}}],"collection":[{"href":"https:\/\/group.voltalis.com\/fr\/wp-json\/wp\/v2\/posts"}],"about":[{"href":"https:\/\/group.voltalis.com\/fr\/wp-json\/wp\/v2\/types\/post"}],"author":[{"embeddable":true,"href":"https:\/\/group.voltalis.com\/fr\/wp-json\/wp\/v2\/users\/12"}],"replies":[{"embeddable":true,"href":"https:\/\/group.voltalis.com\/fr\/wp-json\/wp\/v2\/comments?post=10021"}],"version-history":[{"count":1,"href":"https:\/\/group.voltalis.com\/fr\/wp-json\/wp\/v2\/posts\/10021\/revisions"}],"predecessor-version":[{"id":10022,"href":"https:\/\/group.voltalis.com\/fr\/wp-json\/wp\/v2\/posts\/10021\/revisions\/10022"}],"wp:attachment":[{"href":"https:\/\/group.voltalis.com\/fr\/wp-json\/wp\/v2\/media?parent=10021"}],"wp:term":[{"taxonomy":"category","embeddable":true,"href":"https:\/\/group.voltalis.com\/fr\/wp-json\/wp\/v2\/categories?post=10021"},{"taxonomy":"post_tag","embeddable":true,"href":"https:\/\/group.voltalis.com\/fr\/wp-json\/wp\/v2\/tags?post=10021"}],"curies":[{"name":"wp","href":"https:\/\/api.w.org\/{rel}","templated":true}]}}