{"id":10082,"date":"2025-02-04T11:06:53","date_gmt":"2025-02-04T10:06:53","guid":{"rendered":"https:\/\/group.voltalis.com\/?p=10082"},"modified":"2025-09-04T15:44:24","modified_gmt":"2025-09-04T13:44:24","slug":"nestenn-choisit-voltalis-pour-equiper-ses-400-agences-dune-solution-deconomie-denergie","status":"publish","type":"post","link":"https:\/\/group.voltalis.com\/fr\/type-de-contenu\/communiques-de-presse\/nestenn-choisit-voltalis-pour-equiper-ses-400-agences-dune-solution-deconomie-denergie-10082","title":{"rendered":"Nestenn choisit Voltalis pour \u00e9quiper ses 400 agences d\u2019une solution d&rsquo;\u00e9conomie d\u2019\u00e9nergie\u00a0"},"content":{"rendered":"\n<p><font _mstmutation=\"1\"><\/font><\/p>\n\n\n\n<p>Le groupe immobilier Nestenn s&rsquo;engage aux c\u00f4t\u00e9s de Voltalis, leader europ\u00e9en de la flexibilit\u00e9 \u00e9lectrique, dans un partenariat. Gr\u00e2ce \u00e0 cet accord, les agences Nestenn et ses clients chauff\u00e9s \u00e0 l\u2019\u00e9lectricit\u00e9 seront \u00e9quip\u00e9s gratuitement de thermostats connect\u00e9s Voltalis. Ce dispositif permettra \u00e0 Nestenn de r\u00e9duire son empreinte carbone tout en renfor\u00e7ant son engagement envers une d\u00e9marche de responsabilit\u00e9 soci\u00e9tale des entreprises (RSE) concr\u00e8te et exemplaire.\u00a0<\/p>\n\n\n\n<p class=\"has-medium-font-size\"><strong>Deux acteurs engag\u00e9s pour l\u2019environnement<\/strong>\u202f\u00a0<\/p>\n\n\n<div class=\"wp-block-image\">\n<figure class=\"alignleft size-full is-resized\"><img loading=\"lazy\" decoding=\"async\" width=\"556\" height=\"326\" src=\"https:\/\/group.voltalis.com\/wp-content\/uploads\/2025\/02\/image-3.jpeg\" alt=\"\" class=\"wp-image-10083\" style=\"width:411px;height:auto\" srcset=\"https:\/\/group.voltalis.com\/wp-content\/uploads\/2025\/02\/image-3.jpeg 556w, https:\/\/group.voltalis.com\/wp-content\/uploads\/2025\/02\/image-3-300x176.jpeg 300w\" sizes=\"auto, (max-width: 556px) 100vw, 556px\" \/><\/figure>\n<\/div>\n\n\n<p class=\"has-text-align-left\">Fond\u00e9 en 2017, Nestenn s\u2019est rapidement impos\u00e9 comme un acteur majeur de l\u2019immobilier en France et \u00e0 l\u2019\u00e9tranger, avec plus de 400 agences. D\u00e8s ses d\u00e9buts, le groupe s\u2019est positionn\u00e9 comme un partenaire de confiance, innovant et tourn\u00e9 vers l\u2019avenir, pla\u00e7ant la transition \u00e9cologique au c\u0153ur de ses priorit\u00e9s strat\u00e9giques. <\/p>\n\n\n\n<p class=\"has-text-align-left\">Voltalis, cr\u00e9\u00e9e en 2006, est une entreprise fran\u00e7aise pionni\u00e8re dans le domaine de la gestion intelligente de la consommation \u00e9nerg\u00e9tique. Avec plus de 250\u202f000 foyers \u00e9quip\u00e9s en France et en Europe, Voltalis fournit des solutions connect\u00e9es permettant de r\u00e9aliser des \u00e9conomies d\u2019\u00e9nergie tout en r\u00e9duisant les \u00e9missions de CO2. L\u2019entreprise s\u2019appuie sur des \u00e9quipes locales pour offrir un service de qualit\u00e9, adapt\u00e9 aux besoins des utilisateurs.\u00a0\u00a0\u00a0<\/p>\n\n\n\n<p class=\"has-medium-font-size\"><strong><br><strong><strong><strong><strong>Un partenariat pour une \u00e9nergie mieux ma\u00eetris\u00e9e<\/strong><\/strong><\/strong><\/strong><\/strong><\/p>\n\n\n\n<p>Dans le cadre de ce partenariat, le dispositif&nbsp; Voltalis offrira une gestion optimis\u00e9e de la consommation \u00e9nerg\u00e9tique gr\u00e2ce \u00e0 une application mobile intuitive, permettant un suivi en temps r\u00e9el et une r\u00e9gulation \u00e0 distance. En outre, en cas de forte sollicitation du r\u00e9seau \u00e9lectrique, Voltalis pourra r\u00e9duire temporairement la consommation sans alt\u00e9rer le confort des usagers.&nbsp;<\/p>\n\n\n\n<p>Les agences auront la possibilit\u00e9 de proposer ce service gratuitement \u00e0 leurs clients, qui pourront ainsi r\u00e9duire leur consommation \u00e9lectrique, contribuer \u00e0 la s\u00e9curit\u00e9 du syst\u00e8me \u00e9lectrique et diminuer leur empreinte carbone.\u202f&nbsp;<\/p>\n\n\n\n<p><\/p>\n\n\n\n<p class=\"has-medium-font-size\"><strong>Une d\u00e9marche proactive pour anticiper les r\u00e9glementations<\/strong>\u202f\u00a0<\/p>\n\n\n\n<p>Ce partenariat s\u2019inscrit dans une logique d\u2019anticipation des obligations l\u00e9gales, notamment le d\u00e9cret \u00ab\u00a0thermostat\u00a0\u00bb (2023-444) qui imposera d\u00e8s le 1<sup>er<\/sup> janvier 2027 l&rsquo;installation de syst\u00e8mes de r\u00e9gulation automatique de la temp\u00e9rature pour les syst\u00e8mes de chauffage et de refroidissement dans tous les b\u00e2timents r\u00e9sidentiels et tertiaires. Cette mesure vise \u00e0 am\u00e9liorer l&rsquo;efficacit\u00e9 \u00e9nerg\u00e9tique en permettant un contr\u00f4le pr\u00e9cis de la temp\u00e9rature par pi\u00e8ce ou par zone, avec une programmation horaire minimale\u202f.Gr\u00e2ce \u00e0 Voltalis, Nestenn prend une longueur d\u2019avance en accompagnant ses agences et leurs clients dans cette transition.\u202f&nbsp;<\/p>\n\n\n\n<p>\u00ab Depuis sa cr\u00e9ation, Nestenn s\u2019engage \u00e0 jouer un r\u00f4le actif dans la transition \u00e9cologique. Ce partenariat avec Voltalis illustre notre volont\u00e9 d\u2019\u00eatre un acteur responsable, soucieux d\u2019apporter des solutions concr\u00e8tes et innovantes pour r\u00e9pondre aux enjeux \u00e9nerg\u00e9tiques et environnementaux. Nous sommes fiers de pouvoir offrir \u00e0 nos agences et \u00e0 leurs clients des outils performants pour r\u00e9duire leur consommation \u00e9nerg\u00e9tique et contribuer ainsi \u00e0 un avenir plus durable \u00bb, <strong>d\u00e9clare Romain ODANO, Directeur R\u00e9seau de Nestenn.\u202f<\/strong>&nbsp;<\/p>\n\n\n\n<p>&nbsp;\u00ab Collaborer avec un acteur majeur du secteur immobilier tel que Nestenn va nous permettre de renforcer l\u2019information et la sensibilisation des professionnels de l\u2019immobilier et des Fran\u00e7ais sur notre dispositif en faveur des \u00e9conomies d\u2019\u00e9nergie et de la transition \u00e9nerg\u00e9tique \u00bb, <strong>d\u00e9clare&nbsp; Olivier Cassoudebat, Directeur du D\u00e9veloppement Commercial &amp; Marketing de Voltalis.<\/strong>&nbsp;<\/p>\n\n\n\n<p><\/p>\n\n\n\n<p><\/p>\n\n\n\n<p><\/p>\n\n\n\n<p><\/p>\n\n\n\n<p class=\"has-text-align-center\"><strong><u>Contacts presse<\/u><\/strong><strong>&nbsp;:<\/strong><\/p>\n\n\n\n<figure class=\"wp-block-table\"><table class=\"has-fixed-layout\"><tbody><tr><td class=\"has-text-align-center\" data-align=\"center\"><strong>Nestenn<\/strong>\u00a0<br>Margaux POLLINA\u00a0<br>04 94 12 17 87 &#8211; communication@nestenn.com\u00a0\u00a0<\/td><td class=\"has-text-align-center\" data-align=\"center\"><strong>Voltalis<\/strong> \u202f&nbsp;<br>Clara FLORE &#8211; Agence Shan&nbsp;<br>06 16 04 64 33 &#8211; voltalis@shan.f<\/td><\/tr><\/tbody><\/table><\/figure>\n\n\n\n<p><\/p>\n","protected":false},"excerpt":{"rendered":"<p>Le groupe immobilier Nestenn s&rsquo;engage aux c\u00f4t\u00e9s de Voltalis, leader europ\u00e9en de la flexibilit\u00e9 \u00e9lectrique, dans un partenariat. Gr\u00e2ce \u00e0 cet accord, les agences Nestenn et ses clients chauff\u00e9s \u00e0 l\u2019\u00e9lectricit\u00e9 seront \u00e9quip\u00e9s gratuitement de thermostats connect\u00e9s Voltalis. Ce dispositif permettra \u00e0 Nestenn de r\u00e9duire son empreinte carbone tout en renfor\u00e7ant son engagement envers une [&hellip;]<\/p>\n","protected":false},"author":12,"featured_media":0,"comment_status":"closed","ping_status":"closed","sticky":false,"template":"","format":"standard","meta":{"_acf_changed":false,"inline_featured_image":false,"footnotes":""},"categories":[199,3],"tags":[],"class_list":["post-10082","post","type-post","status-publish","format-standard","hentry","category-collectivites","category-communiques-de-presse"],"acf":[],"yoast_head":"<!-- This site is optimized with the Yoast SEO plugin v27.5 - https:\/\/yoast.com\/product\/yoast-seo-wordpress\/ -->\n<title>Nestenn choisit Voltalis pour \u00e9quiper ses 400 agences d\u2019une solution d&#039;\u00e9conomie d\u2019\u00e9nergie\u00a0 - Groupe Voltalis<\/title>\n<meta name=\"robots\" content=\"index, follow, max-snippet:-1, max-image-preview:large, max-video-preview:-1\" \/>\n<link rel=\"canonical\" href=\"https:\/\/group.voltalis.com\/fr\/type-de-contenu\/communiques-de-presse\/nestenn-choisit-voltalis-pour-equiper-ses-400-agences-dune-solution-deconomie-denergie-10082\" \/>\n<meta property=\"og:locale\" content=\"fr_FR\" \/>\n<meta property=\"og:type\" content=\"article\" \/>\n<meta property=\"og:title\" content=\"Nestenn choisit Voltalis pour \u00e9quiper ses 400 agences d\u2019une solution d&#039;\u00e9conomie d\u2019\u00e9nergie\u00a0 - Groupe Voltalis\" \/>\n<meta property=\"og:description\" content=\"Le groupe immobilier Nestenn s&rsquo;engage aux c\u00f4t\u00e9s de Voltalis, leader europ\u00e9en de la flexibilit\u00e9 \u00e9lectrique, dans un partenariat. Gr\u00e2ce \u00e0 cet accord, les agences Nestenn et ses clients chauff\u00e9s \u00e0 l\u2019\u00e9lectricit\u00e9 seront \u00e9quip\u00e9s gratuitement de thermostats connect\u00e9s Voltalis. Ce dispositif permettra \u00e0 Nestenn de r\u00e9duire son empreinte carbone tout en renfor\u00e7ant son engagement envers une [&hellip;]\" \/>\n<meta property=\"og:url\" content=\"https:\/\/group.voltalis.com\/fr\/type-de-contenu\/communiques-de-presse\/nestenn-choisit-voltalis-pour-equiper-ses-400-agences-dune-solution-deconomie-denergie-10082\" \/>\n<meta property=\"og:site_name\" content=\"Groupe Voltalis\" \/>\n<meta property=\"article:publisher\" content=\"https:\/\/www.facebook.com\/pages\/category\/Product-Service\/Voltalis-178720392179068\/\" \/>\n<meta property=\"article:published_time\" content=\"2025-02-04T10:06:53+00:00\" \/>\n<meta property=\"article:modified_time\" content=\"2025-09-04T13:44:24+00:00\" \/>\n<meta property=\"og:image\" content=\"https:\/\/group.voltalis.com\/wp-content\/uploads\/2025\/02\/image-3.jpeg\" \/>\n\t<meta property=\"og:image:width\" content=\"556\" \/>\n\t<meta property=\"og:image:height\" content=\"326\" \/>\n\t<meta property=\"og:image:type\" content=\"image\/jpeg\" \/>\n<meta name=\"author\" content=\"Alexane\" \/>\n<meta name=\"twitter:card\" content=\"summary_large_image\" \/>\n<meta name=\"twitter:label1\" content=\"\u00c9crit par\" \/>\n\t<meta name=\"twitter:data1\" content=\"Alexane\" \/>\n\t<meta name=\"twitter:label2\" content=\"Dur\u00e9e de lecture estim\u00e9e\" \/>\n\t<meta name=\"twitter:data2\" content=\"3 minutes\" \/>\n<script type=\"application\/ld+json\" class=\"yoast-schema-graph\">{\"@context\":\"https:\\\/\\\/schema.org\",\"@graph\":[{\"@type\":\"Article\",\"@id\":\"https:\\\/\\\/group.voltalis.com\\\/fr\\\/type-de-contenu\\\/communiques-de-presse\\\/nestenn-choisit-voltalis-pour-equiper-ses-400-agences-dune-solution-deconomie-denergie-10082#article\",\"isPartOf\":{\"@id\":\"https:\\\/\\\/group.voltalis.com\\\/fr\\\/type-de-contenu\\\/communiques-de-presse\\\/nestenn-choisit-voltalis-pour-equiper-ses-400-agences-dune-solution-deconomie-denergie-10082\"},\"author\":{\"name\":\"Alexane\",\"@id\":\"https:\\\/\\\/group.voltalis.com\\\/en\\\/#\\\/schema\\\/person\\\/4b1cbe0f01025c70fcdd38212cf95135\"},\"headline\":\"Nestenn choisit Voltalis pour \u00e9quiper ses 400 agences d\u2019une solution d&rsquo;\u00e9conomie d\u2019\u00e9nergie\u00a0\",\"datePublished\":\"2025-02-04T10:06:53+00:00\",\"dateModified\":\"2025-09-04T13:44:24+00:00\",\"mainEntityOfPage\":{\"@id\":\"https:\\\/\\\/group.voltalis.com\\\/fr\\\/type-de-contenu\\\/communiques-de-presse\\\/nestenn-choisit-voltalis-pour-equiper-ses-400-agences-dune-solution-deconomie-denergie-10082\"},\"wordCount\":618,\"image\":{\"@id\":\"https:\\\/\\\/group.voltalis.com\\\/fr\\\/type-de-contenu\\\/communiques-de-presse\\\/nestenn-choisit-voltalis-pour-equiper-ses-400-agences-dune-solution-deconomie-denergie-10082#primaryimage\"},\"thumbnailUrl\":\"https:\\\/\\\/group.voltalis.com\\\/wp-content\\\/uploads\\\/2025\\\/02\\\/image-3.jpeg\",\"articleSection\":[\"Collectivit\u00e9s\",\"Communiqu\u00e9s\"],\"inLanguage\":\"fr-FR\"},{\"@type\":\"WebPage\",\"@id\":\"https:\\\/\\\/group.voltalis.com\\\/fr\\\/type-de-contenu\\\/communiques-de-presse\\\/nestenn-choisit-voltalis-pour-equiper-ses-400-agences-dune-solution-deconomie-denergie-10082\",\"url\":\"https:\\\/\\\/group.voltalis.com\\\/fr\\\/type-de-contenu\\\/communiques-de-presse\\\/nestenn-choisit-voltalis-pour-equiper-ses-400-agences-dune-solution-deconomie-denergie-10082\",\"name\":\"Nestenn choisit Voltalis pour \u00e9quiper ses 400 agences d\u2019une solution d'\u00e9conomie d\u2019\u00e9nergie\u00a0 - Groupe Voltalis\",\"isPartOf\":{\"@id\":\"https:\\\/\\\/group.voltalis.com\\\/en\\\/#website\"},\"primaryImageOfPage\":{\"@id\":\"https:\\\/\\\/group.voltalis.com\\\/fr\\\/type-de-contenu\\\/communiques-de-presse\\\/nestenn-choisit-voltalis-pour-equiper-ses-400-agences-dune-solution-deconomie-denergie-10082#primaryimage\"},\"image\":{\"@id\":\"https:\\\/\\\/group.voltalis.com\\\/fr\\\/type-de-contenu\\\/communiques-de-presse\\\/nestenn-choisit-voltalis-pour-equiper-ses-400-agences-dune-solution-deconomie-denergie-10082#primaryimage\"},\"thumbnailUrl\":\"https:\\\/\\\/group.voltalis.com\\\/wp-content\\\/uploads\\\/2025\\\/02\\\/image-3.jpeg\",\"datePublished\":\"2025-02-04T10:06:53+00:00\",\"dateModified\":\"2025-09-04T13:44:24+00:00\",\"author\":{\"@id\":\"https:\\\/\\\/group.voltalis.com\\\/en\\\/#\\\/schema\\\/person\\\/4b1cbe0f01025c70fcdd38212cf95135\"},\"breadcrumb\":{\"@id\":\"https:\\\/\\\/group.voltalis.com\\\/fr\\\/type-de-contenu\\\/communiques-de-presse\\\/nestenn-choisit-voltalis-pour-equiper-ses-400-agences-dune-solution-deconomie-denergie-10082#breadcrumb\"},\"inLanguage\":\"fr-FR\",\"potentialAction\":[{\"@type\":\"ReadAction\",\"target\":[\"https:\\\/\\\/group.voltalis.com\\\/fr\\\/type-de-contenu\\\/communiques-de-presse\\\/nestenn-choisit-voltalis-pour-equiper-ses-400-agences-dune-solution-deconomie-denergie-10082\"]}]},{\"@type\":\"ImageObject\",\"inLanguage\":\"fr-FR\",\"@id\":\"https:\\\/\\\/group.voltalis.com\\\/fr\\\/type-de-contenu\\\/communiques-de-presse\\\/nestenn-choisit-voltalis-pour-equiper-ses-400-agences-dune-solution-deconomie-denergie-10082#primaryimage\",\"url\":\"https:\\\/\\\/group.voltalis.com\\\/wp-content\\\/uploads\\\/2025\\\/02\\\/image-3.jpeg\",\"contentUrl\":\"https:\\\/\\\/group.voltalis.com\\\/wp-content\\\/uploads\\\/2025\\\/02\\\/image-3.jpeg\"},{\"@type\":\"BreadcrumbList\",\"@id\":\"https:\\\/\\\/group.voltalis.com\\\/fr\\\/type-de-contenu\\\/communiques-de-presse\\\/nestenn-choisit-voltalis-pour-equiper-ses-400-agences-dune-solution-deconomie-denergie-10082#breadcrumb\",\"itemListElement\":[{\"@type\":\"ListItem\",\"position\":1,\"name\":\"Home\",\"item\":\"https:\\\/\\\/group.voltalis.com\\\/fr\"},{\"@type\":\"ListItem\",\"position\":2,\"name\":\"Nestenn choisit Voltalis pour \u00e9quiper ses 400 agences d\u2019une solution d&#8217;\u00e9conomie d\u2019\u00e9nergie\u00a0\"}]},{\"@type\":\"WebSite\",\"@id\":\"https:\\\/\\\/group.voltalis.com\\\/en\\\/#website\",\"url\":\"https:\\\/\\\/group.voltalis.com\\\/en\\\/\",\"name\":\"Groupe Voltalis\",\"description\":\"Bien plus que des \u00e9conomies d&#039;\u00e9nergie\",\"potentialAction\":[{\"@type\":\"SearchAction\",\"target\":{\"@type\":\"EntryPoint\",\"urlTemplate\":\"https:\\\/\\\/group.voltalis.com\\\/en\\\/?s={search_term_string}\"},\"query-input\":{\"@type\":\"PropertyValueSpecification\",\"valueRequired\":true,\"valueName\":\"search_term_string\"}}],\"inLanguage\":\"fr-FR\"},{\"@type\":\"Person\",\"@id\":\"https:\\\/\\\/group.voltalis.com\\\/en\\\/#\\\/schema\\\/person\\\/4b1cbe0f01025c70fcdd38212cf95135\",\"name\":\"Alexane\",\"image\":{\"@type\":\"ImageObject\",\"inLanguage\":\"fr-FR\",\"@id\":\"https:\\\/\\\/secure.gravatar.com\\\/avatar\\\/30dd78037058843d269c357b406aa01da51eb6ad19f53de9f0fef498b199071b?s=96&d=mm&r=g\",\"url\":\"https:\\\/\\\/secure.gravatar.com\\\/avatar\\\/30dd78037058843d269c357b406aa01da51eb6ad19f53de9f0fef498b199071b?s=96&d=mm&r=g\",\"contentUrl\":\"https:\\\/\\\/secure.gravatar.com\\\/avatar\\\/30dd78037058843d269c357b406aa01da51eb6ad19f53de9f0fef498b199071b?s=96&d=mm&r=g\",\"caption\":\"Alexane\"},\"url\":\"https:\\\/\\\/group.voltalis.com\\\/fr\\\/author\\\/alexane\"}]}<\/script>\n<!-- \/ Yoast SEO plugin. -->","yoast_head_json":{"title":"Nestenn choisit Voltalis pour \u00e9quiper ses 400 agences d\u2019une solution d'\u00e9conomie d\u2019\u00e9nergie\u00a0 - Groupe Voltalis","robots":{"index":"index","follow":"follow","max-snippet":"max-snippet:-1","max-image-preview":"max-image-preview:large","max-video-preview":"max-video-preview:-1"},"canonical":"https:\/\/group.voltalis.com\/fr\/type-de-contenu\/communiques-de-presse\/nestenn-choisit-voltalis-pour-equiper-ses-400-agences-dune-solution-deconomie-denergie-10082","og_locale":"fr_FR","og_type":"article","og_title":"Nestenn choisit Voltalis pour \u00e9quiper ses 400 agences d\u2019une solution d'\u00e9conomie d\u2019\u00e9nergie\u00a0 - Groupe Voltalis","og_description":"Le groupe immobilier Nestenn s&rsquo;engage aux c\u00f4t\u00e9s de Voltalis, leader europ\u00e9en de la flexibilit\u00e9 \u00e9lectrique, dans un partenariat. Gr\u00e2ce \u00e0 cet accord, les agences Nestenn et ses clients chauff\u00e9s \u00e0 l\u2019\u00e9lectricit\u00e9 seront \u00e9quip\u00e9s gratuitement de thermostats connect\u00e9s Voltalis. Ce dispositif permettra \u00e0 Nestenn de r\u00e9duire son empreinte carbone tout en renfor\u00e7ant son engagement envers une [&hellip;]","og_url":"https:\/\/group.voltalis.com\/fr\/type-de-contenu\/communiques-de-presse\/nestenn-choisit-voltalis-pour-equiper-ses-400-agences-dune-solution-deconomie-denergie-10082","og_site_name":"Groupe Voltalis","article_publisher":"https:\/\/www.facebook.com\/pages\/category\/Product-Service\/Voltalis-178720392179068\/","article_published_time":"2025-02-04T10:06:53+00:00","article_modified_time":"2025-09-04T13:44:24+00:00","og_image":[{"width":556,"height":326,"url":"https:\/\/group.voltalis.com\/wp-content\/uploads\/2025\/02\/image-3.jpeg","type":"image\/jpeg"}],"author":"Alexane","twitter_card":"summary_large_image","twitter_misc":{"\u00c9crit par":"Alexane","Dur\u00e9e de lecture estim\u00e9e":"3 minutes"},"schema":{"@context":"https:\/\/schema.org","@graph":[{"@type":"Article","@id":"https:\/\/group.voltalis.com\/fr\/type-de-contenu\/communiques-de-presse\/nestenn-choisit-voltalis-pour-equiper-ses-400-agences-dune-solution-deconomie-denergie-10082#article","isPartOf":{"@id":"https:\/\/group.voltalis.com\/fr\/type-de-contenu\/communiques-de-presse\/nestenn-choisit-voltalis-pour-equiper-ses-400-agences-dune-solution-deconomie-denergie-10082"},"author":{"name":"Alexane","@id":"https:\/\/group.voltalis.com\/en\/#\/schema\/person\/4b1cbe0f01025c70fcdd38212cf95135"},"headline":"Nestenn choisit Voltalis pour \u00e9quiper ses 400 agences d\u2019une solution d&rsquo;\u00e9conomie d\u2019\u00e9nergie\u00a0","datePublished":"2025-02-04T10:06:53+00:00","dateModified":"2025-09-04T13:44:24+00:00","mainEntityOfPage":{"@id":"https:\/\/group.voltalis.com\/fr\/type-de-contenu\/communiques-de-presse\/nestenn-choisit-voltalis-pour-equiper-ses-400-agences-dune-solution-deconomie-denergie-10082"},"wordCount":618,"image":{"@id":"https:\/\/group.voltalis.com\/fr\/type-de-contenu\/communiques-de-presse\/nestenn-choisit-voltalis-pour-equiper-ses-400-agences-dune-solution-deconomie-denergie-10082#primaryimage"},"thumbnailUrl":"https:\/\/group.voltalis.com\/wp-content\/uploads\/2025\/02\/image-3.jpeg","articleSection":["Collectivit\u00e9s","Communiqu\u00e9s"],"inLanguage":"fr-FR"},{"@type":"WebPage","@id":"https:\/\/group.voltalis.com\/fr\/type-de-contenu\/communiques-de-presse\/nestenn-choisit-voltalis-pour-equiper-ses-400-agences-dune-solution-deconomie-denergie-10082","url":"https:\/\/group.voltalis.com\/fr\/type-de-contenu\/communiques-de-presse\/nestenn-choisit-voltalis-pour-equiper-ses-400-agences-dune-solution-deconomie-denergie-10082","name":"Nestenn choisit Voltalis pour \u00e9quiper ses 400 agences d\u2019une solution d'\u00e9conomie d\u2019\u00e9nergie\u00a0 - Groupe Voltalis","isPartOf":{"@id":"https:\/\/group.voltalis.com\/en\/#website"},"primaryImageOfPage":{"@id":"https:\/\/group.voltalis.com\/fr\/type-de-contenu\/communiques-de-presse\/nestenn-choisit-voltalis-pour-equiper-ses-400-agences-dune-solution-deconomie-denergie-10082#primaryimage"},"image":{"@id":"https:\/\/group.voltalis.com\/fr\/type-de-contenu\/communiques-de-presse\/nestenn-choisit-voltalis-pour-equiper-ses-400-agences-dune-solution-deconomie-denergie-10082#primaryimage"},"thumbnailUrl":"https:\/\/group.voltalis.com\/wp-content\/uploads\/2025\/02\/image-3.jpeg","datePublished":"2025-02-04T10:06:53+00:00","dateModified":"2025-09-04T13:44:24+00:00","author":{"@id":"https:\/\/group.voltalis.com\/en\/#\/schema\/person\/4b1cbe0f01025c70fcdd38212cf95135"},"breadcrumb":{"@id":"https:\/\/group.voltalis.com\/fr\/type-de-contenu\/communiques-de-presse\/nestenn-choisit-voltalis-pour-equiper-ses-400-agences-dune-solution-deconomie-denergie-10082#breadcrumb"},"inLanguage":"fr-FR","potentialAction":[{"@type":"ReadAction","target":["https:\/\/group.voltalis.com\/fr\/type-de-contenu\/communiques-de-presse\/nestenn-choisit-voltalis-pour-equiper-ses-400-agences-dune-solution-deconomie-denergie-10082"]}]},{"@type":"ImageObject","inLanguage":"fr-FR","@id":"https:\/\/group.voltalis.com\/fr\/type-de-contenu\/communiques-de-presse\/nestenn-choisit-voltalis-pour-equiper-ses-400-agences-dune-solution-deconomie-denergie-10082#primaryimage","url":"https:\/\/group.voltalis.com\/wp-content\/uploads\/2025\/02\/image-3.jpeg","contentUrl":"https:\/\/group.voltalis.com\/wp-content\/uploads\/2025\/02\/image-3.jpeg"},{"@type":"BreadcrumbList","@id":"https:\/\/group.voltalis.com\/fr\/type-de-contenu\/communiques-de-presse\/nestenn-choisit-voltalis-pour-equiper-ses-400-agences-dune-solution-deconomie-denergie-10082#breadcrumb","itemListElement":[{"@type":"ListItem","position":1,"name":"Home","item":"https:\/\/group.voltalis.com\/fr"},{"@type":"ListItem","position":2,"name":"Nestenn choisit Voltalis pour \u00e9quiper ses 400 agences d\u2019une solution d&#8217;\u00e9conomie d\u2019\u00e9nergie\u00a0"}]},{"@type":"WebSite","@id":"https:\/\/group.voltalis.com\/en\/#website","url":"https:\/\/group.voltalis.com\/en\/","name":"Groupe Voltalis","description":"Bien plus que des \u00e9conomies d&#039;\u00e9nergie","potentialAction":[{"@type":"SearchAction","target":{"@type":"EntryPoint","urlTemplate":"https:\/\/group.voltalis.com\/en\/?s={search_term_string}"},"query-input":{"@type":"PropertyValueSpecification","valueRequired":true,"valueName":"search_term_string"}}],"inLanguage":"fr-FR"},{"@type":"Person","@id":"https:\/\/group.voltalis.com\/en\/#\/schema\/person\/4b1cbe0f01025c70fcdd38212cf95135","name":"Alexane","image":{"@type":"ImageObject","inLanguage":"fr-FR","@id":"https:\/\/secure.gravatar.com\/avatar\/30dd78037058843d269c357b406aa01da51eb6ad19f53de9f0fef498b199071b?s=96&d=mm&r=g","url":"https:\/\/secure.gravatar.com\/avatar\/30dd78037058843d269c357b406aa01da51eb6ad19f53de9f0fef498b199071b?s=96&d=mm&r=g","contentUrl":"https:\/\/secure.gravatar.com\/avatar\/30dd78037058843d269c357b406aa01da51eb6ad19f53de9f0fef498b199071b?s=96&d=mm&r=g","caption":"Alexane"},"url":"https:\/\/group.voltalis.com\/fr\/author\/alexane"}]}},"_links":{"self":[{"href":"https:\/\/group.voltalis.com\/fr\/wp-json\/wp\/v2\/posts\/10082","targetHints":{"allow":["GET"]}}],"collection":[{"href":"https:\/\/group.voltalis.com\/fr\/wp-json\/wp\/v2\/posts"}],"about":[{"href":"https:\/\/group.voltalis.com\/fr\/wp-json\/wp\/v2\/types\/post"}],"author":[{"embeddable":true,"href":"https:\/\/group.voltalis.com\/fr\/wp-json\/wp\/v2\/users\/12"}],"replies":[{"embeddable":true,"href":"https:\/\/group.voltalis.com\/fr\/wp-json\/wp\/v2\/comments?post=10082"}],"version-history":[{"count":1,"href":"https:\/\/group.voltalis.com\/fr\/wp-json\/wp\/v2\/posts\/10082\/revisions"}],"predecessor-version":[{"id":10085,"href":"https:\/\/group.voltalis.com\/fr\/wp-json\/wp\/v2\/posts\/10082\/revisions\/10085"}],"wp:attachment":[{"href":"https:\/\/group.voltalis.com\/fr\/wp-json\/wp\/v2\/media?parent=10082"}],"wp:term":[{"taxonomy":"category","embeddable":true,"href":"https:\/\/group.voltalis.com\/fr\/wp-json\/wp\/v2\/categories?post=10082"},{"taxonomy":"post_tag","embeddable":true,"href":"https:\/\/group.voltalis.com\/fr\/wp-json\/wp\/v2\/tags?post=10082"}],"curies":[{"name":"wp","href":"https:\/\/api.w.org\/{rel}","templated":true}]}}