{"id":10089,"date":"2025-02-06T16:30:00","date_gmt":"2025-02-06T15:30:00","guid":{"rendered":"https:\/\/group.voltalis.com\/?p=10089"},"modified":"2025-09-04T14:20:42","modified_gmt":"2025-09-04T12:20:42","slug":"20-000-foyers-de-la-metropole-de-lyon-equipes-dun-thermostat-connecte-pour-une-consommation-electrique-mieux-maitrisee","status":"publish","type":"post","link":"https:\/\/group.voltalis.com\/fr\/type-de-contenu\/communiques-de-presse\/20-000-foyers-de-la-metropole-de-lyon-equipes-dun-thermostat-connecte-pour-une-consommation-electrique-mieux-maitrisee-10089","title":{"rendered":"20 000 foyers de la M\u00e9tropole de Lyon \u00e9quip\u00e9s d\u2019un thermostat connect\u00e9 pour une consommation \u00e9lectrique mieux ma\u00eetris\u00e9e\u00a0"},"content":{"rendered":"\n<p><font _mstmutation=\"1\"><\/font><\/p>\n\n\n\n<p>La <strong>M\u00e9tropole de Lyon<\/strong> et <strong>Voltalis<\/strong> franchissent une \u00e9tape majeure dans leur engagement en faveur de la transition \u00e9nerg\u00e9tique et du pouvoir d\u2019achat des habitants. Gr\u00e2ce \u00e0 leur partenariat initi\u00e9 en 2022, <strong>20 000 foyers du territoire sont d\u00e9sormais \u00e9quip\u00e9s d\u2019un thermostat connect\u00e9 Voltalis<\/strong>, une technologie permettant d\u2019optimiser la consommation \u00e9nerg\u00e9tique des logements chauff\u00e9s \u00e0 l\u2019\u00e9lectricit\u00e9.&nbsp;<\/p>\n\n\n\n<p>En deux ans, <strong>12 % des foyers lyonnais chauff\u00e9s \u00e9lectriquement ont ainsi pu r\u00e9aliser des \u00e9conomies d\u2019\u00e9nergie<\/strong> et contribuer \u00e0 la d\u00e9carbonation du territoire <strong>\u00e0 hauteur de 8 500 MWh \u00e9conomis\u00e9s, soit l\u2019\u00e9quivalent de 4 000 tonnes de CO<\/strong><strong><sub>2<\/sub><\/strong><strong> non \u00e9mis.<\/strong>&nbsp;<\/p>\n\n\n\n<p class=\"has-medium-font-size\"><strong>Un partenariat public-priv\u00e9 pour des \u00e9conomies d\u2019\u00e9nergie accessibles \u00e0 tous<\/strong>\u00a0<\/p>\n\n\n\n<p class=\"has-text-align-left\">Face \u00e0 la hausse des prix de l\u2019\u00e9nergie et aux enjeux climatiques, la <strong>M\u00e9tropole de Lyon s\u2019engage \u00e0 offrir \u00e0 ses habitants des solutions concr\u00e8tes pour ma\u00eetriser leur consommation \u00e9lectrique<\/strong>. C\u2019est dans cette optique qu\u2019elle s\u2019est associ\u00e9e \u00e0 <strong>Voltalis<\/strong>, leader europ\u00e9en du pilotage intelligent de la consommation \u00e9lectrique, afin de proposer <strong>une installation gratuite de thermostats connect\u00e9s<\/strong> pour tous les foyers disposant de radiateurs \u00e9lectriques ou de pompes \u00e0 chaleur.\u00a0<\/p>\n\n\n\n<p>Gr\u00e2ce \u00e0 cette technologie, les habitants peuvent :&nbsp;<\/p>\n\n\n\n<ul class=\"wp-block-list\">\n<li>R\u00e9aliser jusqu\u2019\u00e0 <strong>15 % d\u2019\u00e9conomies d\u2019\u00e9nergie<\/strong> (source ADEME, selon le type de logement et les habitudes de consommation).\u00a0<\/li>\n<\/ul>\n\n\n\n<ul class=\"wp-block-list\">\n<li><strong>R\u00e9duire jusqu\u2019\u00e0 70 % les \u00e9missions de CO\u2082<\/strong> li\u00e9es au chauffage de leur logement.\u00a0<\/li>\n<\/ul>\n\n\n\n<ul class=\"wp-block-list\">\n<li><strong>Anticiper l\u2019\u00e9volution r\u00e9glementaire<\/strong> qui imposera, d\u00e8s le <strong>1er janvier 2027<\/strong>, l\u2019installation d\u2019un syst\u00e8me de r\u00e9gulation automatique de la temp\u00e9rature dans tous les logements.\u00a0<\/li>\n<\/ul>\n\n\n\n<p class=\"has-text-align-left\"><strong>Pour Philippe Guelpa-Bonaro<\/strong>, vice-pr\u00e9sident de la M\u00e9tropole de Lyon d\u00e9l\u00e9gu\u00e9 au Climat, \u00e0 l\u2019\u00c9nergie et \u00e0 la R\u00e9duction de la publicit\u00e9\u202f:&nbsp;<br><em>\u00ab Gr\u00e2ce \u00e0 ce partenariat, nous proposons une solution concr\u00e8te et accessible \u00e0 tous les habitants pour r\u00e9duire leur facture d\u2019\u00e9lectricit\u00e9 tout en contribuant \u00e0 la transition \u00e9cologique du territoire. Le cap du 20 000\u00e8me foyer \u00e9quip\u00e9 traduit la pertinence de ce partenariat qui s\u2019inscrit dans notre ambition de bon sens \u00e9nerg\u00e9tique et de lutte contre la pr\u00e9carit\u00e9 \u00e9nerg\u00e9tique. \u00bb&nbsp;<\/em>&nbsp;<\/p>\n\n\n\n<p class=\"has-medium-font-size\"><strong><br><strong><strong><strong><strong><strong>Une technologie au service du r\u00e9seau et des habitants<\/strong>\u00a0<\/strong><\/strong><\/strong><\/strong><\/strong><\/p>\n\n\n\n<p>Pr\u00e9sente sur le territoire lyonnais depuis plus de 10 ans, <strong>Voltalis<\/strong> dispose d\u2019une <strong>direction r\u00e9gionale de plus de 150 collaborateurs<\/strong> et de <strong>trois agences locales<\/strong> pour accompagner les habitants dans l\u2019installation et l\u2019utilisation de leur thermostat connect\u00e9.&nbsp;<\/p>\n\n\n\n<p>L\u2019application <strong>MyVoltalis<\/strong> permet aux utilisateurs de <strong>programmer leur chauffage selon leurs habitudes<\/strong>, pi\u00e8ce par pi\u00e8ce, et de suivre leur consommation en temps r\u00e9el.&nbsp;<\/p>\n\n\n\n<p><strong>Un impact positif pour la s\u00e9curit\u00e9 du r\u00e9seau \u00e9lectrique<\/strong>&nbsp;<br>La particularit\u00e9 du thermostat Voltalis est d\u2019\u00eatre connect\u00e9 au <strong>r\u00e9seau \u00e9lectrique national<\/strong>. Lors des pics de consommation, <strong>Voltalis peut ajuster temporairement la puissance des \u00e9quipements connect\u00e9s<\/strong> pour soulager le r\u00e9seau et limiter le risque de black-out, <strong>sans impact sur le confort des habitants<\/strong>. Cette flexibilit\u00e9, reconnue par les gestionnaires du r\u00e9seau comme <strong>RTE<\/strong>, permet d\u2019\u00e9viter le recours \u00e0 des centrales \u00e0 charbon ou \u00e0 gaz, fortement \u00e9mettrices de CO\u2082.&nbsp;<\/p>\n\n\n\n<p><strong>Marion de Magalhaes<\/strong>, directrice r\u00e9gionale Grand Sud-Est de Voltalis, d\u00e9clare :&nbsp;<br><em>\u00ab Nous sommes fiers de ce partenariat avec la M\u00e9tropole de Lyon, qui nous permet d\u2019accompagner toujours plus d\u2019habitants dans la ma\u00eetrise de leur consommation \u00e9nerg\u00e9tique. Atteindre le cap des 20 000 foyers \u00e9quip\u00e9s d\u00e9montre non seulement l\u2019int\u00e9r\u00eat des Lyonnais pour cette solution, mais aussi la fiabilit\u00e9 et l\u2019impact de notre technologie. \u00bb<\/em>&nbsp;<\/p>\n\n\n\n<p class=\"has-medium-font-size\"><strong>Il est toujours temps d\u2019en b\u00e9n\u00e9ficier\u202f!<\/strong>&nbsp;<\/p>\n\n\n\n<p class=\"has-medium-font-size\"><\/p>\n\n\n\n<p>Le d\u00e9ploiement se poursuit, une \u00e9quipe d\u2019installation vient \u00e0 votre rencontre pour vous pr\u00e9senter le dispositif.&nbsp;<\/p>\n\n\n\n<p>Les \u00e9quipes de Voltalis sont disponibles pour r\u00e9pondre aux questions des habitants, pr\u00e9senter ce dispositif et proposer son installation en fixant un rendez-vous avec un technicien agr\u00e9\u00e9 pour la pose au <strong>09 72 10 17 18<\/strong> ou par email\u202f:<strong> contact@voltalis.com<\/strong>.&nbsp;&nbsp;<\/p>\n\n\n\n<p><\/p>\n\n\n\n<p><\/p>\n\n\n\n<p><\/p>\n\n\n\n<p class=\"has-text-align-center\"><strong><u>Contacts presse<\/u><\/strong><strong>&nbsp;:<\/strong><\/p>\n\n\n\n<figure class=\"wp-block-table\"><table class=\"has-fixed-layout\"><tbody><tr><td class=\"has-text-align-center\" data-align=\"center\"><strong>M\u00e9tropole Grand Lyon\u00a0<\/strong>\u00a0<br>Marion Morel\u00a0<br><a href=\"mailto:marion.morel@grandlyon.com\" target=\"_blank\" rel=\"noreferrer noopener\">marion.morel@grandlyon.com<\/a> \u2013 06 77 04 30 39\u00a0<\/td><td class=\"has-text-align-center\" data-align=\"center\"><strong>Voltalis<\/strong> \u202f&nbsp;<br>Clara FLORE &#8211; Agence Shan&nbsp;<br>06 16 04 64 33 &#8211; voltalis@shan.f<\/td><\/tr><\/tbody><\/table><\/figure>\n\n\n\n<p><\/p>\n","protected":false},"excerpt":{"rendered":"<p>La M\u00e9tropole de Lyon et Voltalis franchissent une \u00e9tape majeure dans leur engagement en faveur de la transition \u00e9nerg\u00e9tique et du pouvoir d\u2019achat des habitants. Gr\u00e2ce \u00e0 leur partenariat initi\u00e9 en 2022, 20 000 foyers du territoire sont d\u00e9sormais \u00e9quip\u00e9s d\u2019un thermostat connect\u00e9 Voltalis, une technologie permettant d\u2019optimiser la consommation \u00e9nerg\u00e9tique des logements chauff\u00e9s \u00e0 [&hellip;]<\/p>\n","protected":false},"author":12,"featured_media":0,"comment_status":"closed","ping_status":"closed","sticky":false,"template":"","format":"standard","meta":{"_acf_changed":false,"inline_featured_image":false,"footnotes":""},"categories":[199,3],"tags":[],"class_list":["post-10089","post","type-post","status-publish","format-standard","hentry","category-collectivites","category-communiques-de-presse"],"acf":[],"yoast_head":"<!-- This site is optimized with the Yoast SEO plugin v27.5 - https:\/\/yoast.com\/product\/yoast-seo-wordpress\/ -->\n<title>20 000 foyers de la M\u00e9tropole de Lyon \u00e9quip\u00e9s d\u2019un thermostat connect\u00e9 pour une consommation \u00e9lectrique mieux ma\u00eetris\u00e9e\u00a0 - Groupe Voltalis<\/title>\n<meta name=\"robots\" content=\"index, follow, max-snippet:-1, max-image-preview:large, max-video-preview:-1\" \/>\n<link rel=\"canonical\" href=\"https:\/\/group.voltalis.com\/fr\/type-de-contenu\/communiques-de-presse\/20-000-foyers-de-la-metropole-de-lyon-equipes-dun-thermostat-connecte-pour-une-consommation-electrique-mieux-maitrisee-10089\" \/>\n<meta property=\"og:locale\" content=\"fr_FR\" \/>\n<meta property=\"og:type\" content=\"article\" \/>\n<meta property=\"og:title\" content=\"20 000 foyers de la M\u00e9tropole de Lyon \u00e9quip\u00e9s d\u2019un thermostat connect\u00e9 pour une consommation \u00e9lectrique mieux ma\u00eetris\u00e9e\u00a0 - Groupe Voltalis\" \/>\n<meta property=\"og:description\" content=\"La M\u00e9tropole de Lyon et Voltalis franchissent une \u00e9tape majeure dans leur engagement en faveur de la transition \u00e9nerg\u00e9tique et du pouvoir d\u2019achat des habitants. Gr\u00e2ce \u00e0 leur partenariat initi\u00e9 en 2022, 20 000 foyers du territoire sont d\u00e9sormais \u00e9quip\u00e9s d\u2019un thermostat connect\u00e9 Voltalis, une technologie permettant d\u2019optimiser la consommation \u00e9nerg\u00e9tique des logements chauff\u00e9s \u00e0 [&hellip;]\" \/>\n<meta property=\"og:url\" content=\"https:\/\/group.voltalis.com\/fr\/type-de-contenu\/communiques-de-presse\/20-000-foyers-de-la-metropole-de-lyon-equipes-dun-thermostat-connecte-pour-une-consommation-electrique-mieux-maitrisee-10089\" \/>\n<meta property=\"og:site_name\" content=\"Groupe Voltalis\" \/>\n<meta property=\"article:publisher\" content=\"https:\/\/www.facebook.com\/pages\/category\/Product-Service\/Voltalis-178720392179068\/\" \/>\n<meta property=\"article:published_time\" content=\"2025-02-06T15:30:00+00:00\" \/>\n<meta property=\"article:modified_time\" content=\"2025-09-04T12:20:42+00:00\" \/>\n<meta name=\"author\" content=\"Alexane\" \/>\n<meta name=\"twitter:card\" content=\"summary_large_image\" \/>\n<meta name=\"twitter:label1\" content=\"\u00c9crit par\" \/>\n\t<meta name=\"twitter:data1\" content=\"Alexane\" \/>\n\t<meta name=\"twitter:label2\" content=\"Dur\u00e9e de lecture estim\u00e9e\" \/>\n\t<meta name=\"twitter:data2\" content=\"3 minutes\" \/>\n<script type=\"application\/ld+json\" class=\"yoast-schema-graph\">{\"@context\":\"https:\\\/\\\/schema.org\",\"@graph\":[{\"@type\":\"Article\",\"@id\":\"https:\\\/\\\/group.voltalis.com\\\/fr\\\/type-de-contenu\\\/communiques-de-presse\\\/20-000-foyers-de-la-metropole-de-lyon-equipes-dun-thermostat-connecte-pour-une-consommation-electrique-mieux-maitrisee-10089#article\",\"isPartOf\":{\"@id\":\"https:\\\/\\\/group.voltalis.com\\\/fr\\\/type-de-contenu\\\/communiques-de-presse\\\/20-000-foyers-de-la-metropole-de-lyon-equipes-dun-thermostat-connecte-pour-une-consommation-electrique-mieux-maitrisee-10089\"},\"author\":{\"name\":\"Alexane\",\"@id\":\"https:\\\/\\\/group.voltalis.com\\\/en\\\/#\\\/schema\\\/person\\\/4b1cbe0f01025c70fcdd38212cf95135\"},\"headline\":\"20 000 foyers de la M\u00e9tropole de Lyon \u00e9quip\u00e9s d\u2019un thermostat connect\u00e9 pour une consommation \u00e9lectrique mieux ma\u00eetris\u00e9e\u00a0\",\"datePublished\":\"2025-02-06T15:30:00+00:00\",\"dateModified\":\"2025-09-04T12:20:42+00:00\",\"mainEntityOfPage\":{\"@id\":\"https:\\\/\\\/group.voltalis.com\\\/fr\\\/type-de-contenu\\\/communiques-de-presse\\\/20-000-foyers-de-la-metropole-de-lyon-equipes-dun-thermostat-connecte-pour-une-consommation-electrique-mieux-maitrisee-10089\"},\"wordCount\":704,\"articleSection\":[\"Collectivit\u00e9s\",\"Communiqu\u00e9s\"],\"inLanguage\":\"fr-FR\"},{\"@type\":\"WebPage\",\"@id\":\"https:\\\/\\\/group.voltalis.com\\\/fr\\\/type-de-contenu\\\/communiques-de-presse\\\/20-000-foyers-de-la-metropole-de-lyon-equipes-dun-thermostat-connecte-pour-une-consommation-electrique-mieux-maitrisee-10089\",\"url\":\"https:\\\/\\\/group.voltalis.com\\\/fr\\\/type-de-contenu\\\/communiques-de-presse\\\/20-000-foyers-de-la-metropole-de-lyon-equipes-dun-thermostat-connecte-pour-une-consommation-electrique-mieux-maitrisee-10089\",\"name\":\"20 000 foyers de la M\u00e9tropole de Lyon \u00e9quip\u00e9s d\u2019un thermostat connect\u00e9 pour une consommation \u00e9lectrique mieux ma\u00eetris\u00e9e\u00a0 - Groupe Voltalis\",\"isPartOf\":{\"@id\":\"https:\\\/\\\/group.voltalis.com\\\/en\\\/#website\"},\"datePublished\":\"2025-02-06T15:30:00+00:00\",\"dateModified\":\"2025-09-04T12:20:42+00:00\",\"author\":{\"@id\":\"https:\\\/\\\/group.voltalis.com\\\/en\\\/#\\\/schema\\\/person\\\/4b1cbe0f01025c70fcdd38212cf95135\"},\"breadcrumb\":{\"@id\":\"https:\\\/\\\/group.voltalis.com\\\/fr\\\/type-de-contenu\\\/communiques-de-presse\\\/20-000-foyers-de-la-metropole-de-lyon-equipes-dun-thermostat-connecte-pour-une-consommation-electrique-mieux-maitrisee-10089#breadcrumb\"},\"inLanguage\":\"fr-FR\",\"potentialAction\":[{\"@type\":\"ReadAction\",\"target\":[\"https:\\\/\\\/group.voltalis.com\\\/fr\\\/type-de-contenu\\\/communiques-de-presse\\\/20-000-foyers-de-la-metropole-de-lyon-equipes-dun-thermostat-connecte-pour-une-consommation-electrique-mieux-maitrisee-10089\"]}]},{\"@type\":\"BreadcrumbList\",\"@id\":\"https:\\\/\\\/group.voltalis.com\\\/fr\\\/type-de-contenu\\\/communiques-de-presse\\\/20-000-foyers-de-la-metropole-de-lyon-equipes-dun-thermostat-connecte-pour-une-consommation-electrique-mieux-maitrisee-10089#breadcrumb\",\"itemListElement\":[{\"@type\":\"ListItem\",\"position\":1,\"name\":\"Home\",\"item\":\"https:\\\/\\\/group.voltalis.com\\\/fr\"},{\"@type\":\"ListItem\",\"position\":2,\"name\":\"20 000 foyers de la M\u00e9tropole de Lyon \u00e9quip\u00e9s d\u2019un thermostat connect\u00e9 pour une consommation \u00e9lectrique mieux ma\u00eetris\u00e9e\u00a0\"}]},{\"@type\":\"WebSite\",\"@id\":\"https:\\\/\\\/group.voltalis.com\\\/en\\\/#website\",\"url\":\"https:\\\/\\\/group.voltalis.com\\\/en\\\/\",\"name\":\"Groupe Voltalis\",\"description\":\"Bien plus que des \u00e9conomies d&#039;\u00e9nergie\",\"potentialAction\":[{\"@type\":\"SearchAction\",\"target\":{\"@type\":\"EntryPoint\",\"urlTemplate\":\"https:\\\/\\\/group.voltalis.com\\\/en\\\/?s={search_term_string}\"},\"query-input\":{\"@type\":\"PropertyValueSpecification\",\"valueRequired\":true,\"valueName\":\"search_term_string\"}}],\"inLanguage\":\"fr-FR\"},{\"@type\":\"Person\",\"@id\":\"https:\\\/\\\/group.voltalis.com\\\/en\\\/#\\\/schema\\\/person\\\/4b1cbe0f01025c70fcdd38212cf95135\",\"name\":\"Alexane\",\"image\":{\"@type\":\"ImageObject\",\"inLanguage\":\"fr-FR\",\"@id\":\"https:\\\/\\\/secure.gravatar.com\\\/avatar\\\/30dd78037058843d269c357b406aa01da51eb6ad19f53de9f0fef498b199071b?s=96&d=mm&r=g\",\"url\":\"https:\\\/\\\/secure.gravatar.com\\\/avatar\\\/30dd78037058843d269c357b406aa01da51eb6ad19f53de9f0fef498b199071b?s=96&d=mm&r=g\",\"contentUrl\":\"https:\\\/\\\/secure.gravatar.com\\\/avatar\\\/30dd78037058843d269c357b406aa01da51eb6ad19f53de9f0fef498b199071b?s=96&d=mm&r=g\",\"caption\":\"Alexane\"},\"url\":\"https:\\\/\\\/group.voltalis.com\\\/fr\\\/author\\\/alexane\"}]}<\/script>\n<!-- \/ Yoast SEO plugin. -->","yoast_head_json":{"title":"20 000 foyers de la M\u00e9tropole de Lyon \u00e9quip\u00e9s d\u2019un thermostat connect\u00e9 pour une consommation \u00e9lectrique mieux ma\u00eetris\u00e9e\u00a0 - Groupe Voltalis","robots":{"index":"index","follow":"follow","max-snippet":"max-snippet:-1","max-image-preview":"max-image-preview:large","max-video-preview":"max-video-preview:-1"},"canonical":"https:\/\/group.voltalis.com\/fr\/type-de-contenu\/communiques-de-presse\/20-000-foyers-de-la-metropole-de-lyon-equipes-dun-thermostat-connecte-pour-une-consommation-electrique-mieux-maitrisee-10089","og_locale":"fr_FR","og_type":"article","og_title":"20 000 foyers de la M\u00e9tropole de Lyon \u00e9quip\u00e9s d\u2019un thermostat connect\u00e9 pour une consommation \u00e9lectrique mieux ma\u00eetris\u00e9e\u00a0 - Groupe Voltalis","og_description":"La M\u00e9tropole de Lyon et Voltalis franchissent une \u00e9tape majeure dans leur engagement en faveur de la transition \u00e9nerg\u00e9tique et du pouvoir d\u2019achat des habitants. Gr\u00e2ce \u00e0 leur partenariat initi\u00e9 en 2022, 20 000 foyers du territoire sont d\u00e9sormais \u00e9quip\u00e9s d\u2019un thermostat connect\u00e9 Voltalis, une technologie permettant d\u2019optimiser la consommation \u00e9nerg\u00e9tique des logements chauff\u00e9s \u00e0 [&hellip;]","og_url":"https:\/\/group.voltalis.com\/fr\/type-de-contenu\/communiques-de-presse\/20-000-foyers-de-la-metropole-de-lyon-equipes-dun-thermostat-connecte-pour-une-consommation-electrique-mieux-maitrisee-10089","og_site_name":"Groupe Voltalis","article_publisher":"https:\/\/www.facebook.com\/pages\/category\/Product-Service\/Voltalis-178720392179068\/","article_published_time":"2025-02-06T15:30:00+00:00","article_modified_time":"2025-09-04T12:20:42+00:00","author":"Alexane","twitter_card":"summary_large_image","twitter_misc":{"\u00c9crit par":"Alexane","Dur\u00e9e de lecture estim\u00e9e":"3 minutes"},"schema":{"@context":"https:\/\/schema.org","@graph":[{"@type":"Article","@id":"https:\/\/group.voltalis.com\/fr\/type-de-contenu\/communiques-de-presse\/20-000-foyers-de-la-metropole-de-lyon-equipes-dun-thermostat-connecte-pour-une-consommation-electrique-mieux-maitrisee-10089#article","isPartOf":{"@id":"https:\/\/group.voltalis.com\/fr\/type-de-contenu\/communiques-de-presse\/20-000-foyers-de-la-metropole-de-lyon-equipes-dun-thermostat-connecte-pour-une-consommation-electrique-mieux-maitrisee-10089"},"author":{"name":"Alexane","@id":"https:\/\/group.voltalis.com\/en\/#\/schema\/person\/4b1cbe0f01025c70fcdd38212cf95135"},"headline":"20 000 foyers de la M\u00e9tropole de Lyon \u00e9quip\u00e9s d\u2019un thermostat connect\u00e9 pour une consommation \u00e9lectrique mieux ma\u00eetris\u00e9e\u00a0","datePublished":"2025-02-06T15:30:00+00:00","dateModified":"2025-09-04T12:20:42+00:00","mainEntityOfPage":{"@id":"https:\/\/group.voltalis.com\/fr\/type-de-contenu\/communiques-de-presse\/20-000-foyers-de-la-metropole-de-lyon-equipes-dun-thermostat-connecte-pour-une-consommation-electrique-mieux-maitrisee-10089"},"wordCount":704,"articleSection":["Collectivit\u00e9s","Communiqu\u00e9s"],"inLanguage":"fr-FR"},{"@type":"WebPage","@id":"https:\/\/group.voltalis.com\/fr\/type-de-contenu\/communiques-de-presse\/20-000-foyers-de-la-metropole-de-lyon-equipes-dun-thermostat-connecte-pour-une-consommation-electrique-mieux-maitrisee-10089","url":"https:\/\/group.voltalis.com\/fr\/type-de-contenu\/communiques-de-presse\/20-000-foyers-de-la-metropole-de-lyon-equipes-dun-thermostat-connecte-pour-une-consommation-electrique-mieux-maitrisee-10089","name":"20 000 foyers de la M\u00e9tropole de Lyon \u00e9quip\u00e9s d\u2019un thermostat connect\u00e9 pour une consommation \u00e9lectrique mieux ma\u00eetris\u00e9e\u00a0 - Groupe Voltalis","isPartOf":{"@id":"https:\/\/group.voltalis.com\/en\/#website"},"datePublished":"2025-02-06T15:30:00+00:00","dateModified":"2025-09-04T12:20:42+00:00","author":{"@id":"https:\/\/group.voltalis.com\/en\/#\/schema\/person\/4b1cbe0f01025c70fcdd38212cf95135"},"breadcrumb":{"@id":"https:\/\/group.voltalis.com\/fr\/type-de-contenu\/communiques-de-presse\/20-000-foyers-de-la-metropole-de-lyon-equipes-dun-thermostat-connecte-pour-une-consommation-electrique-mieux-maitrisee-10089#breadcrumb"},"inLanguage":"fr-FR","potentialAction":[{"@type":"ReadAction","target":["https:\/\/group.voltalis.com\/fr\/type-de-contenu\/communiques-de-presse\/20-000-foyers-de-la-metropole-de-lyon-equipes-dun-thermostat-connecte-pour-une-consommation-electrique-mieux-maitrisee-10089"]}]},{"@type":"BreadcrumbList","@id":"https:\/\/group.voltalis.com\/fr\/type-de-contenu\/communiques-de-presse\/20-000-foyers-de-la-metropole-de-lyon-equipes-dun-thermostat-connecte-pour-une-consommation-electrique-mieux-maitrisee-10089#breadcrumb","itemListElement":[{"@type":"ListItem","position":1,"name":"Home","item":"https:\/\/group.voltalis.com\/fr"},{"@type":"ListItem","position":2,"name":"20 000 foyers de la M\u00e9tropole de Lyon \u00e9quip\u00e9s d\u2019un thermostat connect\u00e9 pour une consommation \u00e9lectrique mieux ma\u00eetris\u00e9e\u00a0"}]},{"@type":"WebSite","@id":"https:\/\/group.voltalis.com\/en\/#website","url":"https:\/\/group.voltalis.com\/en\/","name":"Groupe Voltalis","description":"Bien plus que des \u00e9conomies d&#039;\u00e9nergie","potentialAction":[{"@type":"SearchAction","target":{"@type":"EntryPoint","urlTemplate":"https:\/\/group.voltalis.com\/en\/?s={search_term_string}"},"query-input":{"@type":"PropertyValueSpecification","valueRequired":true,"valueName":"search_term_string"}}],"inLanguage":"fr-FR"},{"@type":"Person","@id":"https:\/\/group.voltalis.com\/en\/#\/schema\/person\/4b1cbe0f01025c70fcdd38212cf95135","name":"Alexane","image":{"@type":"ImageObject","inLanguage":"fr-FR","@id":"https:\/\/secure.gravatar.com\/avatar\/30dd78037058843d269c357b406aa01da51eb6ad19f53de9f0fef498b199071b?s=96&d=mm&r=g","url":"https:\/\/secure.gravatar.com\/avatar\/30dd78037058843d269c357b406aa01da51eb6ad19f53de9f0fef498b199071b?s=96&d=mm&r=g","contentUrl":"https:\/\/secure.gravatar.com\/avatar\/30dd78037058843d269c357b406aa01da51eb6ad19f53de9f0fef498b199071b?s=96&d=mm&r=g","caption":"Alexane"},"url":"https:\/\/group.voltalis.com\/fr\/author\/alexane"}]}},"_links":{"self":[{"href":"https:\/\/group.voltalis.com\/fr\/wp-json\/wp\/v2\/posts\/10089","targetHints":{"allow":["GET"]}}],"collection":[{"href":"https:\/\/group.voltalis.com\/fr\/wp-json\/wp\/v2\/posts"}],"about":[{"href":"https:\/\/group.voltalis.com\/fr\/wp-json\/wp\/v2\/types\/post"}],"author":[{"embeddable":true,"href":"https:\/\/group.voltalis.com\/fr\/wp-json\/wp\/v2\/users\/12"}],"replies":[{"embeddable":true,"href":"https:\/\/group.voltalis.com\/fr\/wp-json\/wp\/v2\/comments?post=10089"}],"version-history":[{"count":1,"href":"https:\/\/group.voltalis.com\/fr\/wp-json\/wp\/v2\/posts\/10089\/revisions"}],"predecessor-version":[{"id":10090,"href":"https:\/\/group.voltalis.com\/fr\/wp-json\/wp\/v2\/posts\/10089\/revisions\/10090"}],"wp:attachment":[{"href":"https:\/\/group.voltalis.com\/fr\/wp-json\/wp\/v2\/media?parent=10089"}],"wp:term":[{"taxonomy":"category","embeddable":true,"href":"https:\/\/group.voltalis.com\/fr\/wp-json\/wp\/v2\/categories?post=10089"},{"taxonomy":"post_tag","embeddable":true,"href":"https:\/\/group.voltalis.com\/fr\/wp-json\/wp\/v2\/tags?post=10089"}],"curies":[{"name":"wp","href":"https:\/\/api.w.org\/{rel}","templated":true}]}}