{"id":10116,"date":"2025-02-25T11:52:00","date_gmt":"2025-02-25T10:52:00","guid":{"rendered":"https:\/\/group.voltalis.com\/?p=10116"},"modified":"2025-09-04T15:18:24","modified_gmt":"2025-09-04T13:18:24","slug":"salon-food-hotel-tech","status":"publish","type":"post","link":"https:\/\/group.voltalis.com\/fr\/type-de-contenu\/communiques-de-presse\/salon-food-hotel-tech-10116","title":{"rendered":"Salon Food H\u00f4tel Tech\u00a0"},"content":{"rendered":"\n<p class=\"has-text-align-left\"><strong><em>19-20 mars 2025 \u2013 Paris Porte de Versailles<\/em><\/strong>&nbsp;<\/p>\n\n\n\n<p class=\"has-text-align-left\"><strong>Voltalis pr\u00e9sente sa technologie fran\u00e7aise de pilotage de la consommation de chauffage au service des acteurs de l\u2019h\u00f4tellerie et du tourisme<\/strong>&nbsp;<\/p>\n\n\n\n<p class=\"has-text-align-left\"><strong><em>\u00a0Hall 7 &#8211; Stand C38<\/em><\/strong>\u00a0<font _mstmutation=\"1\"><\/font><\/p>\n\n\n\n<p>Alors que le co\u00fbt de l\u2019\u00e9nergie continue de peser sur les professionnels de l\u2019h\u00f4tellerie et du tourisme, Voltalis \u2013 leader europ\u00e9en des solutions connect\u00e9es d\u2019\u00e9conomies d\u2019\u00e9nergie &#8211; accompagne le secteur dans la ma\u00eetrise de ses consommations \u00e9lectriques. 20 000 chambres ont d\u00e9j\u00e0 \u00e9t\u00e9 \u00e9quip\u00e9es par Voltalis notamment chez Brit H\u00f4tel, Lagrange Vacances, Appartcity, Terres de France, Garden City, ou encore Zenitude H\u00f4tel R\u00e9sidences.<\/p>\n\n\n\n<p class=\"has-medium-font-size\"><strong>Un service cl\u00e9 en main premium\u00a0\u00a0<\/strong><\/p>\n\n\n\n<p class=\"has-text-align-left\">Voltalis con\u00e7oit, d\u00e9veloppe et installe gratuitement des thermostats connect\u00e9s destin\u00e9s aux b\u00e2timents chauff\u00e9s \u00e0 l\u2019\u00e9lectrique. Sa solution d\u00e9di\u00e9e aux professionnels de l\u2019h\u00f4tellerie est un service cl\u00e9 en main permettant de piloter la consommation de chauffage de l\u2019ensemble de l\u2019\u00e9tablissement. Une interface simple, disponible sur ordinateur, permet de\u202f:&nbsp;<\/p>\n\n\n\n<ul class=\"wp-block-list\">\n<li>Maitriser ses consommations gr\u00e2ce \u00e0 une programmation adapt\u00e9e\u00a0<\/li>\n<\/ul>\n\n\n\n<ul class=\"wp-block-list\">\n<li>Piloter les espaces en fonction de son occupation\u00a0<\/li>\n<\/ul>\n\n\n\n<p class=\"has-text-align-left\">\u00a0<\/p>\n\n\n\n<p class=\"has-medium-font-size\"><strong>C\u2019est gratuit, pourquoi\u202f?<\/strong>\u00a0<\/p>\n\n\n\n<p>Les thermostats Voltalis ont \u00e9galement la particularit\u00e9 d\u2019\u00eatre connect\u00e9s au r\u00e9seau \u00e9lectrique fran\u00e7ais. A\u202fsa demande, de br\u00e8ves modulations de consommation sont\u202fr\u00e9alis\u00e9es sur les radiateurs \u00e9lectriques pour soulager le r\u00e9seau quand il fait face \u00e0 des d\u00e9s\u00e9quilibres, par exemple en p\u00e9riode hivernale de pic de demande.\u202fUne action qui n\u2019a pas d\u2019impact sur la temp\u00e9rature ressentie par les occupants, gr\u00e2ce \u00e0 l\u2019inertie des b\u00e2timents.&nbsp;&nbsp;<\/p>\n\n\n\n<p>Le service de flexibilit\u00e9 rendu au r\u00e9seau permet d\u2019\u00e9viter les blackouts et emp\u00eache d\u2019avoir recours \u00e0 des centrales d\u2019appoint au gaz ou au charbon polluantes. Voltalis est r\u00e9mun\u00e9r\u00e9e pour ce pilotage intelligent de la consommation\u202f: c\u2019est ce qui permet de rendre le dispositif enti\u00e8rement gratuit.&nbsp;<\/p>\n\n\n\n<p>Des porte-parole Voltalis seront pr\u00e9sents durant toute la dur\u00e9e du salon. L\u2019occasion d\u2019\u00e9voquer notamment avec eux\u202f:&nbsp;<\/p>\n\n\n\n<ul class=\"wp-block-list\">\n<li>Comment fonctionne la technologie Voltalis bas\u00e9e sur la flexibilit\u00e9\u202f?\u00a0<\/li>\n<\/ul>\n\n\n\n<ul class=\"wp-block-list\">\n<li>Comment les professionnels pilotent le chauffage pi\u00e8ce \u00e0 pi\u00e8ce ?\u00a0<\/li>\n<\/ul>\n\n\n\n<ul class=\"wp-block-list\">\n<li>Quelle \u00e9conomie escompter ?\u00a0<\/li>\n<\/ul>\n\n\n\n<p><\/p>\n\n\n\n<p><\/p>\n\n\n\n<p><\/p>\n\n\n\n<p><\/p>\n\n\n\n<p class=\"has-text-align-center\"><strong><u>Contacts presse<\/u><\/strong><strong>&nbsp;:<\/strong><\/p>\n\n\n\n<figure class=\"wp-block-table\"><table class=\"has-fixed-layout\"><tbody><tr><td class=\"has-text-align-center\" data-align=\"center\"><strong>Voltalis<\/strong> \u202f&nbsp;<br>Clara FLORE &#8211; Agence Shan&nbsp;<br>06 16 04 64 33 &#8211; voltalis@shan.f<\/td><\/tr><\/tbody><\/table><\/figure>\n\n\n\n<p><\/p>\n","protected":false},"excerpt":{"rendered":"<p>19-20 mars 2025 \u2013 Paris Porte de Versailles&nbsp; Voltalis pr\u00e9sente sa technologie fran\u00e7aise de pilotage de la consommation de chauffage au service des acteurs de l\u2019h\u00f4tellerie et du tourisme&nbsp; \u00a0Hall 7 &#8211; Stand C38\u00a0 Alors que le co\u00fbt de l\u2019\u00e9nergie continue de peser sur les professionnels de l\u2019h\u00f4tellerie et du tourisme, Voltalis \u2013 leader europ\u00e9en [&hellip;]<\/p>\n","protected":false},"author":12,"featured_media":0,"comment_status":"closed","ping_status":"closed","sticky":false,"template":"","format":"standard","meta":{"_acf_changed":false,"inline_featured_image":false,"footnotes":""},"categories":[200,3],"tags":[],"class_list":["post-10116","post","type-post","status-publish","format-standard","hentry","category-entreprise","category-communiques-de-presse"],"acf":[],"yoast_head":"<!-- This site is optimized with the Yoast SEO plugin v27.5 - https:\/\/yoast.com\/product\/yoast-seo-wordpress\/ -->\n<title>Salon Food H\u00f4tel Tech\u00a0 - Groupe Voltalis<\/title>\n<meta name=\"robots\" content=\"index, follow, max-snippet:-1, max-image-preview:large, max-video-preview:-1\" \/>\n<link rel=\"canonical\" href=\"https:\/\/group.voltalis.com\/fr\/type-de-contenu\/communiques-de-presse\/salon-food-hotel-tech-10116\" \/>\n<meta property=\"og:locale\" content=\"fr_FR\" \/>\n<meta property=\"og:type\" content=\"article\" \/>\n<meta property=\"og:title\" content=\"Salon Food H\u00f4tel Tech\u00a0 - Groupe Voltalis\" \/>\n<meta property=\"og:description\" content=\"19-20 mars 2025 \u2013 Paris Porte de Versailles&nbsp; Voltalis pr\u00e9sente sa technologie fran\u00e7aise de pilotage de la consommation de chauffage au service des acteurs de l\u2019h\u00f4tellerie et du tourisme&nbsp; \u00a0Hall 7 &#8211; Stand C38\u00a0 Alors que le co\u00fbt de l\u2019\u00e9nergie continue de peser sur les professionnels de l\u2019h\u00f4tellerie et du tourisme, Voltalis \u2013 leader europ\u00e9en [&hellip;]\" \/>\n<meta property=\"og:url\" content=\"https:\/\/group.voltalis.com\/fr\/type-de-contenu\/communiques-de-presse\/salon-food-hotel-tech-10116\" \/>\n<meta property=\"og:site_name\" content=\"Groupe Voltalis\" \/>\n<meta property=\"article:publisher\" content=\"https:\/\/www.facebook.com\/pages\/category\/Product-Service\/Voltalis-178720392179068\/\" \/>\n<meta property=\"article:published_time\" content=\"2025-02-25T10:52:00+00:00\" \/>\n<meta property=\"article:modified_time\" content=\"2025-09-04T13:18:24+00:00\" \/>\n<meta name=\"author\" content=\"Alexane\" \/>\n<meta name=\"twitter:card\" content=\"summary_large_image\" \/>\n<meta name=\"twitter:label1\" content=\"\u00c9crit par\" \/>\n\t<meta name=\"twitter:data1\" content=\"Alexane\" \/>\n\t<meta name=\"twitter:label2\" content=\"Dur\u00e9e de lecture estim\u00e9e\" \/>\n\t<meta name=\"twitter:data2\" content=\"2 minutes\" \/>\n<script type=\"application\/ld+json\" class=\"yoast-schema-graph\">{\"@context\":\"https:\\\/\\\/schema.org\",\"@graph\":[{\"@type\":\"Article\",\"@id\":\"https:\\\/\\\/group.voltalis.com\\\/fr\\\/type-de-contenu\\\/communiques-de-presse\\\/salon-food-hotel-tech-10116#article\",\"isPartOf\":{\"@id\":\"https:\\\/\\\/group.voltalis.com\\\/fr\\\/type-de-contenu\\\/communiques-de-presse\\\/salon-food-hotel-tech-10116\"},\"author\":{\"name\":\"Alexane\",\"@id\":\"https:\\\/\\\/group.voltalis.com\\\/en\\\/#\\\/schema\\\/person\\\/4b1cbe0f01025c70fcdd38212cf95135\"},\"headline\":\"Salon Food H\u00f4tel Tech\u00a0\",\"datePublished\":\"2025-02-25T10:52:00+00:00\",\"dateModified\":\"2025-09-04T13:18:24+00:00\",\"mainEntityOfPage\":{\"@id\":\"https:\\\/\\\/group.voltalis.com\\\/fr\\\/type-de-contenu\\\/communiques-de-presse\\\/salon-food-hotel-tech-10116\"},\"wordCount\":399,\"articleSection\":[\"Entreprise\",\"Communiqu\u00e9s\"],\"inLanguage\":\"fr-FR\"},{\"@type\":\"WebPage\",\"@id\":\"https:\\\/\\\/group.voltalis.com\\\/fr\\\/type-de-contenu\\\/communiques-de-presse\\\/salon-food-hotel-tech-10116\",\"url\":\"https:\\\/\\\/group.voltalis.com\\\/fr\\\/type-de-contenu\\\/communiques-de-presse\\\/salon-food-hotel-tech-10116\",\"name\":\"Salon Food H\u00f4tel Tech\u00a0 - Groupe Voltalis\",\"isPartOf\":{\"@id\":\"https:\\\/\\\/group.voltalis.com\\\/en\\\/#website\"},\"datePublished\":\"2025-02-25T10:52:00+00:00\",\"dateModified\":\"2025-09-04T13:18:24+00:00\",\"author\":{\"@id\":\"https:\\\/\\\/group.voltalis.com\\\/en\\\/#\\\/schema\\\/person\\\/4b1cbe0f01025c70fcdd38212cf95135\"},\"breadcrumb\":{\"@id\":\"https:\\\/\\\/group.voltalis.com\\\/fr\\\/type-de-contenu\\\/communiques-de-presse\\\/salon-food-hotel-tech-10116#breadcrumb\"},\"inLanguage\":\"fr-FR\",\"potentialAction\":[{\"@type\":\"ReadAction\",\"target\":[\"https:\\\/\\\/group.voltalis.com\\\/fr\\\/type-de-contenu\\\/communiques-de-presse\\\/salon-food-hotel-tech-10116\"]}]},{\"@type\":\"BreadcrumbList\",\"@id\":\"https:\\\/\\\/group.voltalis.com\\\/fr\\\/type-de-contenu\\\/communiques-de-presse\\\/salon-food-hotel-tech-10116#breadcrumb\",\"itemListElement\":[{\"@type\":\"ListItem\",\"position\":1,\"name\":\"Home\",\"item\":\"https:\\\/\\\/group.voltalis.com\\\/fr\"},{\"@type\":\"ListItem\",\"position\":2,\"name\":\"Salon Food H\u00f4tel Tech\u00a0\"}]},{\"@type\":\"WebSite\",\"@id\":\"https:\\\/\\\/group.voltalis.com\\\/en\\\/#website\",\"url\":\"https:\\\/\\\/group.voltalis.com\\\/en\\\/\",\"name\":\"Groupe Voltalis\",\"description\":\"Bien plus que des \u00e9conomies d&#039;\u00e9nergie\",\"potentialAction\":[{\"@type\":\"SearchAction\",\"target\":{\"@type\":\"EntryPoint\",\"urlTemplate\":\"https:\\\/\\\/group.voltalis.com\\\/en\\\/?s={search_term_string}\"},\"query-input\":{\"@type\":\"PropertyValueSpecification\",\"valueRequired\":true,\"valueName\":\"search_term_string\"}}],\"inLanguage\":\"fr-FR\"},{\"@type\":\"Person\",\"@id\":\"https:\\\/\\\/group.voltalis.com\\\/en\\\/#\\\/schema\\\/person\\\/4b1cbe0f01025c70fcdd38212cf95135\",\"name\":\"Alexane\",\"image\":{\"@type\":\"ImageObject\",\"inLanguage\":\"fr-FR\",\"@id\":\"https:\\\/\\\/secure.gravatar.com\\\/avatar\\\/30dd78037058843d269c357b406aa01da51eb6ad19f53de9f0fef498b199071b?s=96&d=mm&r=g\",\"url\":\"https:\\\/\\\/secure.gravatar.com\\\/avatar\\\/30dd78037058843d269c357b406aa01da51eb6ad19f53de9f0fef498b199071b?s=96&d=mm&r=g\",\"contentUrl\":\"https:\\\/\\\/secure.gravatar.com\\\/avatar\\\/30dd78037058843d269c357b406aa01da51eb6ad19f53de9f0fef498b199071b?s=96&d=mm&r=g\",\"caption\":\"Alexane\"},\"url\":\"https:\\\/\\\/group.voltalis.com\\\/fr\\\/author\\\/alexane\"}]}<\/script>\n<!-- \/ Yoast SEO plugin. -->","yoast_head_json":{"title":"Salon Food H\u00f4tel Tech\u00a0 - Groupe Voltalis","robots":{"index":"index","follow":"follow","max-snippet":"max-snippet:-1","max-image-preview":"max-image-preview:large","max-video-preview":"max-video-preview:-1"},"canonical":"https:\/\/group.voltalis.com\/fr\/type-de-contenu\/communiques-de-presse\/salon-food-hotel-tech-10116","og_locale":"fr_FR","og_type":"article","og_title":"Salon Food H\u00f4tel Tech\u00a0 - Groupe Voltalis","og_description":"19-20 mars 2025 \u2013 Paris Porte de Versailles&nbsp; Voltalis pr\u00e9sente sa technologie fran\u00e7aise de pilotage de la consommation de chauffage au service des acteurs de l\u2019h\u00f4tellerie et du tourisme&nbsp; \u00a0Hall 7 &#8211; Stand C38\u00a0 Alors que le co\u00fbt de l\u2019\u00e9nergie continue de peser sur les professionnels de l\u2019h\u00f4tellerie et du tourisme, Voltalis \u2013 leader europ\u00e9en [&hellip;]","og_url":"https:\/\/group.voltalis.com\/fr\/type-de-contenu\/communiques-de-presse\/salon-food-hotel-tech-10116","og_site_name":"Groupe Voltalis","article_publisher":"https:\/\/www.facebook.com\/pages\/category\/Product-Service\/Voltalis-178720392179068\/","article_published_time":"2025-02-25T10:52:00+00:00","article_modified_time":"2025-09-04T13:18:24+00:00","author":"Alexane","twitter_card":"summary_large_image","twitter_misc":{"\u00c9crit par":"Alexane","Dur\u00e9e de lecture estim\u00e9e":"2 minutes"},"schema":{"@context":"https:\/\/schema.org","@graph":[{"@type":"Article","@id":"https:\/\/group.voltalis.com\/fr\/type-de-contenu\/communiques-de-presse\/salon-food-hotel-tech-10116#article","isPartOf":{"@id":"https:\/\/group.voltalis.com\/fr\/type-de-contenu\/communiques-de-presse\/salon-food-hotel-tech-10116"},"author":{"name":"Alexane","@id":"https:\/\/group.voltalis.com\/en\/#\/schema\/person\/4b1cbe0f01025c70fcdd38212cf95135"},"headline":"Salon Food H\u00f4tel Tech\u00a0","datePublished":"2025-02-25T10:52:00+00:00","dateModified":"2025-09-04T13:18:24+00:00","mainEntityOfPage":{"@id":"https:\/\/group.voltalis.com\/fr\/type-de-contenu\/communiques-de-presse\/salon-food-hotel-tech-10116"},"wordCount":399,"articleSection":["Entreprise","Communiqu\u00e9s"],"inLanguage":"fr-FR"},{"@type":"WebPage","@id":"https:\/\/group.voltalis.com\/fr\/type-de-contenu\/communiques-de-presse\/salon-food-hotel-tech-10116","url":"https:\/\/group.voltalis.com\/fr\/type-de-contenu\/communiques-de-presse\/salon-food-hotel-tech-10116","name":"Salon Food H\u00f4tel Tech\u00a0 - Groupe Voltalis","isPartOf":{"@id":"https:\/\/group.voltalis.com\/en\/#website"},"datePublished":"2025-02-25T10:52:00+00:00","dateModified":"2025-09-04T13:18:24+00:00","author":{"@id":"https:\/\/group.voltalis.com\/en\/#\/schema\/person\/4b1cbe0f01025c70fcdd38212cf95135"},"breadcrumb":{"@id":"https:\/\/group.voltalis.com\/fr\/type-de-contenu\/communiques-de-presse\/salon-food-hotel-tech-10116#breadcrumb"},"inLanguage":"fr-FR","potentialAction":[{"@type":"ReadAction","target":["https:\/\/group.voltalis.com\/fr\/type-de-contenu\/communiques-de-presse\/salon-food-hotel-tech-10116"]}]},{"@type":"BreadcrumbList","@id":"https:\/\/group.voltalis.com\/fr\/type-de-contenu\/communiques-de-presse\/salon-food-hotel-tech-10116#breadcrumb","itemListElement":[{"@type":"ListItem","position":1,"name":"Home","item":"https:\/\/group.voltalis.com\/fr"},{"@type":"ListItem","position":2,"name":"Salon Food H\u00f4tel Tech\u00a0"}]},{"@type":"WebSite","@id":"https:\/\/group.voltalis.com\/en\/#website","url":"https:\/\/group.voltalis.com\/en\/","name":"Groupe Voltalis","description":"Bien plus que des \u00e9conomies d&#039;\u00e9nergie","potentialAction":[{"@type":"SearchAction","target":{"@type":"EntryPoint","urlTemplate":"https:\/\/group.voltalis.com\/en\/?s={search_term_string}"},"query-input":{"@type":"PropertyValueSpecification","valueRequired":true,"valueName":"search_term_string"}}],"inLanguage":"fr-FR"},{"@type":"Person","@id":"https:\/\/group.voltalis.com\/en\/#\/schema\/person\/4b1cbe0f01025c70fcdd38212cf95135","name":"Alexane","image":{"@type":"ImageObject","inLanguage":"fr-FR","@id":"https:\/\/secure.gravatar.com\/avatar\/30dd78037058843d269c357b406aa01da51eb6ad19f53de9f0fef498b199071b?s=96&d=mm&r=g","url":"https:\/\/secure.gravatar.com\/avatar\/30dd78037058843d269c357b406aa01da51eb6ad19f53de9f0fef498b199071b?s=96&d=mm&r=g","contentUrl":"https:\/\/secure.gravatar.com\/avatar\/30dd78037058843d269c357b406aa01da51eb6ad19f53de9f0fef498b199071b?s=96&d=mm&r=g","caption":"Alexane"},"url":"https:\/\/group.voltalis.com\/fr\/author\/alexane"}]}},"_links":{"self":[{"href":"https:\/\/group.voltalis.com\/fr\/wp-json\/wp\/v2\/posts\/10116","targetHints":{"allow":["GET"]}}],"collection":[{"href":"https:\/\/group.voltalis.com\/fr\/wp-json\/wp\/v2\/posts"}],"about":[{"href":"https:\/\/group.voltalis.com\/fr\/wp-json\/wp\/v2\/types\/post"}],"author":[{"embeddable":true,"href":"https:\/\/group.voltalis.com\/fr\/wp-json\/wp\/v2\/users\/12"}],"replies":[{"embeddable":true,"href":"https:\/\/group.voltalis.com\/fr\/wp-json\/wp\/v2\/comments?post=10116"}],"version-history":[{"count":1,"href":"https:\/\/group.voltalis.com\/fr\/wp-json\/wp\/v2\/posts\/10116\/revisions"}],"predecessor-version":[{"id":10117,"href":"https:\/\/group.voltalis.com\/fr\/wp-json\/wp\/v2\/posts\/10116\/revisions\/10117"}],"wp:attachment":[{"href":"https:\/\/group.voltalis.com\/fr\/wp-json\/wp\/v2\/media?parent=10116"}],"wp:term":[{"taxonomy":"category","embeddable":true,"href":"https:\/\/group.voltalis.com\/fr\/wp-json\/wp\/v2\/categories?post=10116"},{"taxonomy":"post_tag","embeddable":true,"href":"https:\/\/group.voltalis.com\/fr\/wp-json\/wp\/v2\/tags?post=10116"}],"curies":[{"name":"wp","href":"https:\/\/api.w.org\/{rel}","templated":true}]}}