{"id":10118,"date":"2025-03-06T12:16:30","date_gmt":"2025-03-06T11:16:30","guid":{"rendered":"https:\/\/group.voltalis.com\/?p=10118"},"modified":"2025-09-05T09:45:39","modified_gmt":"2025-09-05T07:45:39","slug":"world-impact-summit","status":"publish","type":"post","link":"https:\/\/group.voltalis.com\/fr\/type-de-contenu\/communiques-de-presse\/world-impact-summit-10118","title":{"rendered":"World Impact Summit\u00a0\u00a0"},"content":{"rendered":"\n<p><\/p>\n\n\n\n<p class=\"has-medium-font-size\"><strong><em>25-26 mars 2025 \u2013 Ark\u00e9a Arena, Bordeaux<\/em><\/strong>&nbsp;<\/p>\n\n\n\n<p class=\"has-medium-font-size\"><strong>Partenaire du salon, Voltalis pr\u00e9sente sa technologie \u00e0 impact au service de la transition \u00e9nerg\u00e9tique\u00a0<\/strong>\u00a0<\/p>\n\n\n\n<p class=\"has-medium-font-size\"><font _mstmutation=\"1\"><\/font><\/p>\n\n\n\n<p><strong>Pour la quatri\u00e8me ann\u00e9e cons\u00e9cutive, Voltalis est partenaire majeur du World Impact Summit. Les porte-paroles de Voltalis, pionnier et leader europ\u00e9en du pilotage intelligent de la consommation \u00e9lectrique, interviendront tout au long du salon pour montrer l\u2019impact des technologies de pilotage de la consommation dans la transition \u00e9nerg\u00e9tique :<\/strong>\u00a0<\/p>\n\n\n\n<ul class=\"wp-block-list\">\n<li><strong>Mardi 25\/03 \u00e0 14h00\u202f: <\/strong><em>Atelier, \u00ab\u00a0Ensemble, acc\u00e9l\u00e9rons la transition \u00e9nerg\u00e9tique pour tous\u202f\u00bb<\/em><strong>, autour de Benjamin Bailly, directeur des march\u00e9s, de l\u2019innovation et du produit de Voltalis, avec la participation de l&rsquo;AREC Occitanie &amp; Cr\u00e9dit Agricole Transitions Energ\u00e9tiques.\u00a0\u00a0<\/strong>\u00a0<\/li>\n<\/ul>\n\n\n\n<ul class=\"wp-block-list\">\n<li><strong>Mercredi 26\/03 \u00e0 9h00<\/strong>\u202f:<strong> <\/strong><em>Grande Pl\u00e9ni\u00e8re,<\/em><strong> <\/strong><em>\u00ab\u202fTransition \u00e9nerg\u00e9tique : comment allier disponibilit\u00e9 et d\u00e9carbonation de l\u2019\u00e9nergie ?\u202f\u00bb <\/em><strong>par Mathieu Bineau, directeur g\u00e9n\u00e9ral de Voltalis.\u00a0\u00a0<\/strong>\u00a0<\/li>\n<\/ul>\n\n\n\n<ul class=\"wp-block-list\">\n<li><strong>Mercredi 26\/03 \u00e0 15h00\u202f: <\/strong><em>Pl\u00e9ni\u00e8re Collectivit\u00e9s,<\/em><strong><em> <\/em><\/strong><em>retours d\u2019exp\u00e9riences de collectivit\u00e9s partenaires engag\u00e9es avec Voltalis pour la transition \u00e9nerg\u00e9tique sur leurs territoires<\/em>,<strong> avec Olivier Cassoudebat.\u00a0<\/strong>\u00a0<\/li>\n<\/ul>\n\n\n\n<p class=\"has-medium-font-size\">\u00a0\u00a0<\/p>\n\n\n\n<p class=\"has-medium-font-size\"><strong><br><strong><strong><strong><strong><strong>Une technologie en faveur de l\u2019environnement et du pouvoir d\u2019achat\u00a0<\/strong>\u00a0<\/strong><\/strong><\/strong><\/strong><\/strong><\/p>\n\n\n\n<p>Voltalis con\u00e7oit, d\u00e9veloppe et installe gratuitement des thermostats connect\u00e9s destin\u00e9s aux b\u00e2timents r\u00e9sidentiels ou tertiaires chauff\u00e9s \u00e0 l\u2019\u00e9lectrique. A l\u2019aide d\u2019une application d\u00e9di\u00e9e, l\u2019utilisateur peut piloter son chauffage \u00e0 distance, selon ses habitudes, et optimiser ses consommations afin de r\u00e9duire sa facture \u00e9nerg\u00e9tique. En moyenne, la technologie Voltalis permet de faire jusqu\u2019\u00e0 15% d\u2019\u00e9conomies d\u2019\u00e9nergie.\u00a0<\/p>\n\n\n\n<figure class=\"wp-block-table\"><table class=\"has-fixed-layout\"><tbody><tr><td colspan=\"3\">Les thermostats Voltalis ont la particularit\u00e9 d\u2019\u00eatre connect\u00e9s au r\u00e9seau \u00e9lectrique fran\u00e7ais. A\u202fsa demande, de br\u00e8ves modulations de consommation sont\u202fr\u00e9alis\u00e9es sur les radiateurs \u00e9lectriques pour soulager le r\u00e9seau quand il fait face \u00e0 des d\u00e9s\u00e9quilibres, par exemple en p\u00e9riode hivernale de pic de demande.\u202f&nbsp;<\/td><\/tr><tr><td colspan=\"3\">Le service de flexibilit\u00e9 rendu au r\u00e9seau permet d\u2019\u00e9viter les blackouts et emp\u00eache d\u2019avoir recours \u00e0 des centrales d\u2019appoint au gaz ou au charbon polluantes. L\u2019utilisation de la technologie Voltalis permet ainsi de r\u00e9duire jusqu\u2019\u00e0 70% les \u00e9missions de CO<sub>2<\/sub> li\u00e9es au chauffage. Voltalis est r\u00e9mun\u00e9r\u00e9e par le r\u00e9seau \u00e9lectrique pour ce pilotage intelligent de la consommation\u202f: c\u2019est ce qui permet de rendre le dispositif enti\u00e8rement gratuit.&nbsp;<\/td><\/tr><\/tbody><\/table><\/figure>\n\n\n\n<p class=\"has-medium-font-size\"><strong>\u00a0Des porte-paroles disponibles durant 2 jours\u00a0<\/strong><\/p>\n\n\n\n<p>Durant le salon, <strong>les repr\u00e9sentants \u00e0 la fois nationaux et r\u00e9gionaux de Voltalis<\/strong> seront \u00e0 votre disposition pour r<strong>\u00e9pondre \u00e0 vos questions <\/strong>et notamment :&nbsp;&nbsp;<\/p>\n\n\n\n<ul class=\"wp-block-list\">\n<li>Qu\u2019est-ce que la flexibilit\u00e9 \u00e9lectrique et pourquoi son d\u00e9veloppement est crucial pour la transition \u00e9nerg\u00e9tique\u202f?\u00a0\u00a0<\/li>\n<\/ul>\n\n\n\n<ul class=\"wp-block-list\">\n<li>Comment les particuliers et les professionnels peuvent ma\u00eetriser leurs consommations \u00e9lectriques pour r\u00e9duire leurs factures et agir en faveur de l\u2019environnement\u202f?\u00a0\u00a0<\/li>\n<\/ul>\n\n\n\n<ul class=\"wp-block-list\">\n<li>Comment les particuliers et les professionnels peuvent s\u2019\u00e9quiper gratuitement avec Voltalis, notamment dans la m\u00e9tropole bordelaise\u202f?\u00a0\u00a0<\/li>\n<\/ul>\n\n\n\n<ul class=\"wp-block-list\">\n<li>Point sur le taux d\u2019\u00e9quipement de thermostats connect\u00e9s en Gironde et \u00e0 Bordeaux\u00a0<\/li>\n<\/ul>\n\n\n\n<p><\/p>\n\n\n\n<p><\/p>\n\n\n\n<p><\/p>\n\n\n\n<p><\/p>\n\n\n\n<p class=\"has-text-align-center\"><strong><u>Contacts presse<\/u><\/strong><strong>&nbsp;:<\/strong><\/p>\n\n\n\n<figure class=\"wp-block-table\"><table class=\"has-fixed-layout\"><tbody><tr><td class=\"has-text-align-center\" data-align=\"center\"><strong>Voltalis<\/strong> \u202f&nbsp;<br>Clara FLORE &#8211; Agence Shan&nbsp;<br>06 16 04 64 33 &#8211; voltalis@shan.f<\/td><\/tr><\/tbody><\/table><\/figure>\n\n\n\n<p><\/p>\n","protected":false},"excerpt":{"rendered":"<p>25-26 mars 2025 \u2013 Ark\u00e9a Arena, Bordeaux&nbsp; Partenaire du salon, Voltalis pr\u00e9sente sa technologie \u00e0 impact au service de la transition \u00e9nerg\u00e9tique\u00a0\u00a0 Pour la quatri\u00e8me ann\u00e9e cons\u00e9cutive, Voltalis est partenaire majeur du World Impact Summit. Les porte-paroles de Voltalis, pionnier et leader europ\u00e9en du pilotage intelligent de la consommation \u00e9lectrique, interviendront tout au long du [&hellip;]<\/p>\n","protected":false},"author":12,"featured_media":0,"comment_status":"closed","ping_status":"closed","sticky":false,"template":"","format":"standard","meta":{"_acf_changed":false,"inline_featured_image":false,"footnotes":""},"categories":[201,3],"tags":[],"class_list":["post-10118","post","type-post","status-publish","format-standard","hentry","category-institutionnels","category-communiques-de-presse"],"acf":[],"yoast_head":"<!-- This site is optimized with the Yoast SEO plugin v27.2 - https:\/\/yoast.com\/product\/yoast-seo-wordpress\/ -->\n<title>World Impact Summit\u00a0\u00a0 - Groupe Voltalis<\/title>\n<meta name=\"robots\" content=\"index, follow, max-snippet:-1, max-image-preview:large, max-video-preview:-1\" \/>\n<link rel=\"canonical\" href=\"https:\/\/group.voltalis.com\/fr\/type-de-contenu\/communiques-de-presse\/world-impact-summit-10118\" \/>\n<meta property=\"og:locale\" content=\"fr_FR\" \/>\n<meta property=\"og:type\" content=\"article\" \/>\n<meta property=\"og:title\" content=\"World Impact Summit\u00a0\u00a0 - Groupe Voltalis\" \/>\n<meta property=\"og:description\" content=\"25-26 mars 2025 \u2013 Ark\u00e9a Arena, Bordeaux&nbsp; Partenaire du salon, Voltalis pr\u00e9sente sa technologie \u00e0 impact au service de la transition \u00e9nerg\u00e9tique\u00a0\u00a0 Pour la quatri\u00e8me ann\u00e9e cons\u00e9cutive, Voltalis est partenaire majeur du World Impact Summit. Les porte-paroles de Voltalis, pionnier et leader europ\u00e9en du pilotage intelligent de la consommation \u00e9lectrique, interviendront tout au long du [&hellip;]\" \/>\n<meta property=\"og:url\" content=\"https:\/\/group.voltalis.com\/fr\/type-de-contenu\/communiques-de-presse\/world-impact-summit-10118\" \/>\n<meta property=\"og:site_name\" content=\"Groupe Voltalis\" \/>\n<meta property=\"article:publisher\" content=\"https:\/\/www.facebook.com\/pages\/category\/Product-Service\/Voltalis-178720392179068\/\" \/>\n<meta property=\"article:published_time\" content=\"2025-03-06T11:16:30+00:00\" \/>\n<meta property=\"article:modified_time\" content=\"2025-09-05T07:45:39+00:00\" \/>\n<meta name=\"author\" content=\"Alexane\" \/>\n<meta name=\"twitter:card\" content=\"summary_large_image\" \/>\n<meta name=\"twitter:label1\" content=\"\u00c9crit par\" \/>\n\t<meta name=\"twitter:data1\" content=\"Alexane\" \/>\n\t<meta name=\"twitter:label2\" content=\"Dur\u00e9e de lecture estim\u00e9e\" \/>\n\t<meta name=\"twitter:data2\" content=\"2 minutes\" \/>\n<script type=\"application\/ld+json\" class=\"yoast-schema-graph\">{\"@context\":\"https:\/\/schema.org\",\"@graph\":[{\"@type\":\"Article\",\"@id\":\"https:\/\/group.voltalis.com\/fr\/type-de-contenu\/communiques-de-presse\/world-impact-summit-10118#article\",\"isPartOf\":{\"@id\":\"https:\/\/group.voltalis.com\/fr\/type-de-contenu\/communiques-de-presse\/world-impact-summit-10118\"},\"author\":{\"name\":\"Alexane\",\"@id\":\"https:\/\/group.voltalis.com\/en\/#\/schema\/person\/4b1cbe0f01025c70fcdd38212cf95135\"},\"headline\":\"World Impact Summit\u00a0\u00a0\",\"datePublished\":\"2025-03-06T11:16:30+00:00\",\"dateModified\":\"2025-09-05T07:45:39+00:00\",\"mainEntityOfPage\":{\"@id\":\"https:\/\/group.voltalis.com\/fr\/type-de-contenu\/communiques-de-presse\/world-impact-summit-10118\"},\"wordCount\":517,\"articleSection\":[\"Institutionnels\",\"Communiqu\u00e9s\"],\"inLanguage\":\"fr-FR\"},{\"@type\":\"WebPage\",\"@id\":\"https:\/\/group.voltalis.com\/fr\/type-de-contenu\/communiques-de-presse\/world-impact-summit-10118\",\"url\":\"https:\/\/group.voltalis.com\/fr\/type-de-contenu\/communiques-de-presse\/world-impact-summit-10118\",\"name\":\"World Impact Summit\u00a0\u00a0 - Groupe Voltalis\",\"isPartOf\":{\"@id\":\"https:\/\/group.voltalis.com\/en\/#website\"},\"datePublished\":\"2025-03-06T11:16:30+00:00\",\"dateModified\":\"2025-09-05T07:45:39+00:00\",\"author\":{\"@id\":\"https:\/\/group.voltalis.com\/en\/#\/schema\/person\/4b1cbe0f01025c70fcdd38212cf95135\"},\"breadcrumb\":{\"@id\":\"https:\/\/group.voltalis.com\/fr\/type-de-contenu\/communiques-de-presse\/world-impact-summit-10118#breadcrumb\"},\"inLanguage\":\"fr-FR\",\"potentialAction\":[{\"@type\":\"ReadAction\",\"target\":[\"https:\/\/group.voltalis.com\/fr\/type-de-contenu\/communiques-de-presse\/world-impact-summit-10118\"]}]},{\"@type\":\"BreadcrumbList\",\"@id\":\"https:\/\/group.voltalis.com\/fr\/type-de-contenu\/communiques-de-presse\/world-impact-summit-10118#breadcrumb\",\"itemListElement\":[{\"@type\":\"ListItem\",\"position\":1,\"name\":\"Home\",\"item\":\"https:\/\/group.voltalis.com\/fr\"},{\"@type\":\"ListItem\",\"position\":2,\"name\":\"World Impact Summit\u00a0\u00a0\"}]},{\"@type\":\"WebSite\",\"@id\":\"https:\/\/group.voltalis.com\/en\/#website\",\"url\":\"https:\/\/group.voltalis.com\/en\/\",\"name\":\"Groupe Voltalis\",\"description\":\"Bien plus que des \u00e9conomies d&#039;\u00e9nergie\",\"potentialAction\":[{\"@type\":\"SearchAction\",\"target\":{\"@type\":\"EntryPoint\",\"urlTemplate\":\"https:\/\/group.voltalis.com\/en\/?s={search_term_string}\"},\"query-input\":{\"@type\":\"PropertyValueSpecification\",\"valueRequired\":true,\"valueName\":\"search_term_string\"}}],\"inLanguage\":\"fr-FR\"},{\"@type\":\"Person\",\"@id\":\"https:\/\/group.voltalis.com\/en\/#\/schema\/person\/4b1cbe0f01025c70fcdd38212cf95135\",\"name\":\"Alexane\",\"image\":{\"@type\":\"ImageObject\",\"inLanguage\":\"fr-FR\",\"@id\":\"https:\/\/secure.gravatar.com\/avatar\/30dd78037058843d269c357b406aa01da51eb6ad19f53de9f0fef498b199071b?s=96&d=mm&r=g\",\"url\":\"https:\/\/secure.gravatar.com\/avatar\/30dd78037058843d269c357b406aa01da51eb6ad19f53de9f0fef498b199071b?s=96&d=mm&r=g\",\"contentUrl\":\"https:\/\/secure.gravatar.com\/avatar\/30dd78037058843d269c357b406aa01da51eb6ad19f53de9f0fef498b199071b?s=96&d=mm&r=g\",\"caption\":\"Alexane\"},\"url\":\"https:\/\/group.voltalis.com\/fr\/author\/alexane\"}]}<\/script>\n<!-- \/ Yoast SEO plugin. -->","yoast_head_json":{"title":"World Impact Summit\u00a0\u00a0 - Groupe Voltalis","robots":{"index":"index","follow":"follow","max-snippet":"max-snippet:-1","max-image-preview":"max-image-preview:large","max-video-preview":"max-video-preview:-1"},"canonical":"https:\/\/group.voltalis.com\/fr\/type-de-contenu\/communiques-de-presse\/world-impact-summit-10118","og_locale":"fr_FR","og_type":"article","og_title":"World Impact Summit\u00a0\u00a0 - Groupe Voltalis","og_description":"25-26 mars 2025 \u2013 Ark\u00e9a Arena, Bordeaux&nbsp; Partenaire du salon, Voltalis pr\u00e9sente sa technologie \u00e0 impact au service de la transition \u00e9nerg\u00e9tique\u00a0\u00a0 Pour la quatri\u00e8me ann\u00e9e cons\u00e9cutive, Voltalis est partenaire majeur du World Impact Summit. Les porte-paroles de Voltalis, pionnier et leader europ\u00e9en du pilotage intelligent de la consommation \u00e9lectrique, interviendront tout au long du [&hellip;]","og_url":"https:\/\/group.voltalis.com\/fr\/type-de-contenu\/communiques-de-presse\/world-impact-summit-10118","og_site_name":"Groupe Voltalis","article_publisher":"https:\/\/www.facebook.com\/pages\/category\/Product-Service\/Voltalis-178720392179068\/","article_published_time":"2025-03-06T11:16:30+00:00","article_modified_time":"2025-09-05T07:45:39+00:00","author":"Alexane","twitter_card":"summary_large_image","twitter_misc":{"\u00c9crit par":"Alexane","Dur\u00e9e de lecture estim\u00e9e":"2 minutes"},"schema":{"@context":"https:\/\/schema.org","@graph":[{"@type":"Article","@id":"https:\/\/group.voltalis.com\/fr\/type-de-contenu\/communiques-de-presse\/world-impact-summit-10118#article","isPartOf":{"@id":"https:\/\/group.voltalis.com\/fr\/type-de-contenu\/communiques-de-presse\/world-impact-summit-10118"},"author":{"name":"Alexane","@id":"https:\/\/group.voltalis.com\/en\/#\/schema\/person\/4b1cbe0f01025c70fcdd38212cf95135"},"headline":"World Impact Summit\u00a0\u00a0","datePublished":"2025-03-06T11:16:30+00:00","dateModified":"2025-09-05T07:45:39+00:00","mainEntityOfPage":{"@id":"https:\/\/group.voltalis.com\/fr\/type-de-contenu\/communiques-de-presse\/world-impact-summit-10118"},"wordCount":517,"articleSection":["Institutionnels","Communiqu\u00e9s"],"inLanguage":"fr-FR"},{"@type":"WebPage","@id":"https:\/\/group.voltalis.com\/fr\/type-de-contenu\/communiques-de-presse\/world-impact-summit-10118","url":"https:\/\/group.voltalis.com\/fr\/type-de-contenu\/communiques-de-presse\/world-impact-summit-10118","name":"World Impact Summit\u00a0\u00a0 - Groupe Voltalis","isPartOf":{"@id":"https:\/\/group.voltalis.com\/en\/#website"},"datePublished":"2025-03-06T11:16:30+00:00","dateModified":"2025-09-05T07:45:39+00:00","author":{"@id":"https:\/\/group.voltalis.com\/en\/#\/schema\/person\/4b1cbe0f01025c70fcdd38212cf95135"},"breadcrumb":{"@id":"https:\/\/group.voltalis.com\/fr\/type-de-contenu\/communiques-de-presse\/world-impact-summit-10118#breadcrumb"},"inLanguage":"fr-FR","potentialAction":[{"@type":"ReadAction","target":["https:\/\/group.voltalis.com\/fr\/type-de-contenu\/communiques-de-presse\/world-impact-summit-10118"]}]},{"@type":"BreadcrumbList","@id":"https:\/\/group.voltalis.com\/fr\/type-de-contenu\/communiques-de-presse\/world-impact-summit-10118#breadcrumb","itemListElement":[{"@type":"ListItem","position":1,"name":"Home","item":"https:\/\/group.voltalis.com\/fr"},{"@type":"ListItem","position":2,"name":"World Impact Summit\u00a0\u00a0"}]},{"@type":"WebSite","@id":"https:\/\/group.voltalis.com\/en\/#website","url":"https:\/\/group.voltalis.com\/en\/","name":"Groupe Voltalis","description":"Bien plus que des \u00e9conomies d&#039;\u00e9nergie","potentialAction":[{"@type":"SearchAction","target":{"@type":"EntryPoint","urlTemplate":"https:\/\/group.voltalis.com\/en\/?s={search_term_string}"},"query-input":{"@type":"PropertyValueSpecification","valueRequired":true,"valueName":"search_term_string"}}],"inLanguage":"fr-FR"},{"@type":"Person","@id":"https:\/\/group.voltalis.com\/en\/#\/schema\/person\/4b1cbe0f01025c70fcdd38212cf95135","name":"Alexane","image":{"@type":"ImageObject","inLanguage":"fr-FR","@id":"https:\/\/secure.gravatar.com\/avatar\/30dd78037058843d269c357b406aa01da51eb6ad19f53de9f0fef498b199071b?s=96&d=mm&r=g","url":"https:\/\/secure.gravatar.com\/avatar\/30dd78037058843d269c357b406aa01da51eb6ad19f53de9f0fef498b199071b?s=96&d=mm&r=g","contentUrl":"https:\/\/secure.gravatar.com\/avatar\/30dd78037058843d269c357b406aa01da51eb6ad19f53de9f0fef498b199071b?s=96&d=mm&r=g","caption":"Alexane"},"url":"https:\/\/group.voltalis.com\/fr\/author\/alexane"}]}},"_links":{"self":[{"href":"https:\/\/group.voltalis.com\/fr\/wp-json\/wp\/v2\/posts\/10118","targetHints":{"allow":["GET"]}}],"collection":[{"href":"https:\/\/group.voltalis.com\/fr\/wp-json\/wp\/v2\/posts"}],"about":[{"href":"https:\/\/group.voltalis.com\/fr\/wp-json\/wp\/v2\/types\/post"}],"author":[{"embeddable":true,"href":"https:\/\/group.voltalis.com\/fr\/wp-json\/wp\/v2\/users\/12"}],"replies":[{"embeddable":true,"href":"https:\/\/group.voltalis.com\/fr\/wp-json\/wp\/v2\/comments?post=10118"}],"version-history":[{"count":1,"href":"https:\/\/group.voltalis.com\/fr\/wp-json\/wp\/v2\/posts\/10118\/revisions"}],"predecessor-version":[{"id":10119,"href":"https:\/\/group.voltalis.com\/fr\/wp-json\/wp\/v2\/posts\/10118\/revisions\/10119"}],"wp:attachment":[{"href":"https:\/\/group.voltalis.com\/fr\/wp-json\/wp\/v2\/media?parent=10118"}],"wp:term":[{"taxonomy":"category","embeddable":true,"href":"https:\/\/group.voltalis.com\/fr\/wp-json\/wp\/v2\/categories?post=10118"},{"taxonomy":"post_tag","embeddable":true,"href":"https:\/\/group.voltalis.com\/fr\/wp-json\/wp\/v2\/tags?post=10118"}],"curies":[{"name":"wp","href":"https:\/\/api.w.org\/{rel}","templated":true}]}}