{"id":10126,"date":"2025-03-12T09:02:01","date_gmt":"2025-03-12T08:02:01","guid":{"rendered":"https:\/\/group.voltalis.com\/?p=10126"},"modified":"2025-09-04T15:13:11","modified_gmt":"2025-09-04T13:13:11","slug":"sobriete-energetique-la-communaute-de-communes-haut-val-de-sevre-sengage-avec-voltalis","status":"publish","type":"post","link":"https:\/\/group.voltalis.com\/fr\/type-de-contenu\/communiques-de-presse\/sobriete-energetique-la-communaute-de-communes-haut-val-de-sevre-sengage-avec-voltalis-10126","title":{"rendered":"Sobri\u00e9t\u00e9 \u00e9nerg\u00e9tique : la Communaut\u00e9 de Communes Haut Val de S\u00e8vre s\u2019engage avec Voltalis\u00a0"},"content":{"rendered":"\n<p><font _mstmutation=\"1\"><\/font><\/p>\n\n\n\n<p>Dans le cadre de son Plan Climat, la Communaut\u00e9 de communes Haut Val de S\u00e8vre annonce son partenariat avec Voltalis, leader des solutions connect\u00e9es d\u2019\u00e9conomies d\u2019\u00e9nergie et de pilotage de chauffage \u00e9lectrique.\u00a0\u00a0<\/p>\n\n\n\n<p><strong>Un thermostat gratuit, en faveur de l\u2019environnement et du pouvoir d\u2019achat\u00a0<\/strong>\u00a0<\/p>\n\n\n<div class=\"wp-block-image\">\n<figure class=\"alignleft size-full is-resized\"><img loading=\"lazy\" decoding=\"async\" width=\"469\" height=\"313\" src=\"https:\/\/group.voltalis.com\/wp-content\/uploads\/2024\/11\/image.png\" alt=\"\" class=\"wp-image-9897\" style=\"width:329px;height:auto\" srcset=\"https:\/\/group.voltalis.com\/wp-content\/uploads\/2024\/11\/image.png 469w, https:\/\/group.voltalis.com\/wp-content\/uploads\/2024\/11\/image-300x200.png 300w\" sizes=\"auto, (max-width: 469px) 100vw, 469px\" \/><\/figure>\n<\/div>\n\n\n<p class=\"has-text-align-left\">Voltalis propose \u00e0 l\u2019ensemble des habitants (locataires et\/ou propri\u00e9taires) et des professionnels du territoire chauff\u00e9s \u00e0 l\u2019\u00e9lectrique de s\u2019\u00e9quiper d\u2019un thermostat connect\u00e9 100% gratuit pour consommer moins et mieux\u202f!&nbsp;<\/p>\n\n\n\n<p class=\"has-text-align-left\">Install\u00e9 gratuitement sur les radiateurs et pompes \u00e0 chaleur, il permet de les piloter \u00e0 distance pour r\u00e9aliser des \u00e9conomies d\u2019\u00e9nergie et de r\u00e9duire l\u2019empreinte carbone. Il permet notamment de diminuer tr\u00e8s bri\u00e8vement la consommation sans que cela n\u2019impacte le confort des occupants.&nbsp;<\/p>\n\n\n\n<p class=\"has-medium-font-size\"><strong><br><strong><strong><strong>Des outils innovants pour aller plus loin dans les \u00e9conomies d\u2019\u00e9nergie<\/strong>\u00a0<\/strong><\/strong><\/strong><\/p>\n\n\n<div class=\"wp-block-image\">\n<figure class=\"alignright size-large is-resized\"><img loading=\"lazy\" decoding=\"async\" width=\"1024\" height=\"632\" src=\"https:\/\/group.voltalis.com\/wp-content\/uploads\/2024\/07\/Smartphone_Salon_RVB_petit-1-1024x632.jpg\" alt=\"\" class=\"wp-image-8059\" style=\"width:373px;height:auto\" srcset=\"https:\/\/group.voltalis.com\/wp-content\/uploads\/2024\/07\/Smartphone_Salon_RVB_petit-1-1024x632.jpg 1024w, https:\/\/group.voltalis.com\/wp-content\/uploads\/2024\/07\/Smartphone_Salon_RVB_petit-1-300x185.jpg 300w, https:\/\/group.voltalis.com\/wp-content\/uploads\/2024\/07\/Smartphone_Salon_RVB_petit-1-768x474.jpg 768w, https:\/\/group.voltalis.com\/wp-content\/uploads\/2024\/07\/Smartphone_Salon_RVB_petit-1-1536x949.jpg 1536w, https:\/\/group.voltalis.com\/wp-content\/uploads\/2024\/07\/Smartphone_Salon_RVB_petit-1-2048x1265.jpg 2048w\" sizes=\"auto, (max-width: 1024px) 100vw, 1024px\" \/><\/figure>\n<\/div>\n\n\n<p>Chaque b\u00e9n\u00e9ficiaire \u00e9quip\u00e9 disposera d\u2019un espace num\u00e9rique personnel et gratuit (sur PC, smartphones et\/ou tablettes) qui lui permettra de suivre sa consommation d\u2019\u00e9lectricit\u00e9 en temps r\u00e9el, de piloter son chauffage et m\u00eame de le programmer en toute simplicit\u00e9 selon ses habitudes de vie. Cet outil est accessible par l\u2019adh\u00e9rent d\u00e8s finalisation de l\u2019installation dans son logement.\u00a0<\/p>\n\n\n\n<p class=\"has-medium-font-size\"><strong>Un geste utile au syst\u00e8me \u00e9lectrique et \u00e0 l\u2019environnement<\/strong>\u00a0<\/p>\n\n\n\n<p>Cette technologie permet \u00e9galement de soulager le syst\u00e8me \u00e9lectrique lorsque celui-ci en a le plus besoin, comme lors des pics de consommation hivernaux ou d\u2019une baisse de production des \u00e9nergie renouvelables. Au lieu de faire appel \u00e0 des centrales polluantes pour produire plus, le syst\u00e8me \u00e9lectrique fait appel \u00e0 Voltalis pour r\u00e9duire la demande sur une tr\u00e8s courte dur\u00e9e sans que cela n\u2019affecte le confort des occupants.&nbsp;<\/p>\n\n\n\n<p class=\"has-medium-font-size\"><strong>Quelques chiffres\u202f<\/strong>&nbsp;<\/p>\n\n\n\n<p>&#8211; Entre 5 et 15% d\u2019\u00e9conomies d\u2019\u00e9nergie attendues par b\u00e9n\u00e9ficiaire gr\u00e2ce \u00e0 la solution Voltalis\u202f&nbsp;<\/p>\n\n\n\n<p>&#8211; Environ 4 000 logements \u00e9ligibles sur le Haut Val de S\u00e8vre&nbsp;<\/p>\n\n\n\n<p>Le mat\u00e9riel, l\u2019installation, le suivi et l\u2019ensemble des services sont disponibles sans abonnement et sont 100% gratuits.&nbsp;<\/p>\n\n\n\n<p class=\"has-medium-font-size\"><strong>Comment s\u2019\u00e9quiper\u202f?&nbsp;<\/strong>&nbsp;<\/p>\n\n\n\n<p>Les conseillers terrain de Voltalis d\u00e9ploy\u00e9s sur le territoire \u00e0 partir du mois de mars partent \u00e0 la rencontre des habitants pour proposer un rendez-vous d\u2019installation du thermostat. Ils commenceront par les<\/p>\n\n\n\n<p class=\"has-text-align-center\"><strong><u>Contacts presse<\/u><\/strong><strong>&nbsp;:<\/strong><\/p>\n\n\n\n<figure class=\"wp-block-table\"><table class=\"has-fixed-layout\"><tbody><tr><td class=\"has-text-align-center\" data-align=\"center\"><strong>Communaut\u00e9 de commune Haut Val de S\u00e8vres<br><\/strong>C\u00e9line Araujo &#8211; 06 09 15 23 13<br>communication@cc-hvs.fr<\/td><td class=\"has-text-align-center\" data-align=\"center\"><strong>Voltalis<\/strong> \u202f&nbsp;<br>Clara FLORE &#8211; Agence Shan&nbsp;<br>06 16 04 64 33 &#8211; voltalis@shan.f<\/td><\/tr><\/tbody><\/table><\/figure>\n\n\n\n<p><\/p>\n","protected":false},"excerpt":{"rendered":"<p>Dans le cadre de son Plan Climat, la Communaut\u00e9 de communes Haut Val de S\u00e8vre annonce son partenariat avec Voltalis, leader des solutions connect\u00e9es d\u2019\u00e9conomies d\u2019\u00e9nergie et de pilotage de chauffage \u00e9lectrique.\u00a0\u00a0 Un thermostat gratuit, en faveur de l\u2019environnement et du pouvoir d\u2019achat\u00a0\u00a0 Voltalis propose \u00e0 l\u2019ensemble des habitants (locataires et\/ou propri\u00e9taires) et des professionnels [&hellip;]<\/p>\n","protected":false},"author":12,"featured_media":0,"comment_status":"closed","ping_status":"closed","sticky":false,"template":"","format":"standard","meta":{"_acf_changed":false,"inline_featured_image":false,"footnotes":""},"categories":[199,3],"tags":[],"class_list":["post-10126","post","type-post","status-publish","format-standard","hentry","category-collectivites","category-communiques-de-presse"],"acf":[],"yoast_head":"<!-- This site is optimized with the Yoast SEO plugin v27.5 - https:\/\/yoast.com\/product\/yoast-seo-wordpress\/ -->\n<title>Sobri\u00e9t\u00e9 \u00e9nerg\u00e9tique : la Communaut\u00e9 de Communes Haut Val de S\u00e8vre s\u2019engage avec Voltalis\u00a0 - Groupe Voltalis<\/title>\n<meta name=\"robots\" content=\"index, follow, max-snippet:-1, max-image-preview:large, max-video-preview:-1\" \/>\n<link rel=\"canonical\" href=\"https:\/\/group.voltalis.com\/fr\/type-de-contenu\/communiques-de-presse\/sobriete-energetique-la-communaute-de-communes-haut-val-de-sevre-sengage-avec-voltalis-10126\" \/>\n<meta property=\"og:locale\" content=\"fr_FR\" \/>\n<meta property=\"og:type\" content=\"article\" \/>\n<meta property=\"og:title\" content=\"Sobri\u00e9t\u00e9 \u00e9nerg\u00e9tique : la Communaut\u00e9 de Communes Haut Val de S\u00e8vre s\u2019engage avec Voltalis\u00a0 - Groupe Voltalis\" \/>\n<meta property=\"og:description\" content=\"Dans le cadre de son Plan Climat, la Communaut\u00e9 de communes Haut Val de S\u00e8vre annonce son partenariat avec Voltalis, leader des solutions connect\u00e9es d\u2019\u00e9conomies d\u2019\u00e9nergie et de pilotage de chauffage \u00e9lectrique.\u00a0\u00a0 Un thermostat gratuit, en faveur de l\u2019environnement et du pouvoir d\u2019achat\u00a0\u00a0 Voltalis propose \u00e0 l\u2019ensemble des habitants (locataires et\/ou propri\u00e9taires) et des professionnels [&hellip;]\" \/>\n<meta property=\"og:url\" content=\"https:\/\/group.voltalis.com\/fr\/type-de-contenu\/communiques-de-presse\/sobriete-energetique-la-communaute-de-communes-haut-val-de-sevre-sengage-avec-voltalis-10126\" \/>\n<meta property=\"og:site_name\" content=\"Groupe Voltalis\" \/>\n<meta property=\"article:publisher\" content=\"https:\/\/www.facebook.com\/pages\/category\/Product-Service\/Voltalis-178720392179068\/\" \/>\n<meta property=\"article:published_time\" content=\"2025-03-12T08:02:01+00:00\" \/>\n<meta property=\"article:modified_time\" content=\"2025-09-04T13:13:11+00:00\" \/>\n<meta property=\"og:image\" content=\"https:\/\/group.voltalis.com\/wp-content\/uploads\/2024\/11\/image.png\" \/>\n\t<meta property=\"og:image:width\" content=\"469\" \/>\n\t<meta property=\"og:image:height\" content=\"313\" \/>\n\t<meta property=\"og:image:type\" content=\"image\/png\" \/>\n<meta name=\"author\" content=\"Alexane\" \/>\n<meta name=\"twitter:card\" content=\"summary_large_image\" \/>\n<meta name=\"twitter:label1\" content=\"\u00c9crit par\" \/>\n\t<meta name=\"twitter:data1\" content=\"Alexane\" \/>\n\t<meta name=\"twitter:label2\" content=\"Dur\u00e9e de lecture estim\u00e9e\" \/>\n\t<meta name=\"twitter:data2\" content=\"2 minutes\" \/>\n<script type=\"application\/ld+json\" class=\"yoast-schema-graph\">{\"@context\":\"https:\\\/\\\/schema.org\",\"@graph\":[{\"@type\":\"Article\",\"@id\":\"https:\\\/\\\/group.voltalis.com\\\/fr\\\/type-de-contenu\\\/communiques-de-presse\\\/sobriete-energetique-la-communaute-de-communes-haut-val-de-sevre-sengage-avec-voltalis-10126#article\",\"isPartOf\":{\"@id\":\"https:\\\/\\\/group.voltalis.com\\\/fr\\\/type-de-contenu\\\/communiques-de-presse\\\/sobriete-energetique-la-communaute-de-communes-haut-val-de-sevre-sengage-avec-voltalis-10126\"},\"author\":{\"name\":\"Alexane\",\"@id\":\"https:\\\/\\\/group.voltalis.com\\\/en\\\/#\\\/schema\\\/person\\\/4b1cbe0f01025c70fcdd38212cf95135\"},\"headline\":\"Sobri\u00e9t\u00e9 \u00e9nerg\u00e9tique : la Communaut\u00e9 de Communes Haut Val de S\u00e8vre s\u2019engage avec Voltalis\u00a0\",\"datePublished\":\"2025-03-12T08:02:01+00:00\",\"dateModified\":\"2025-09-04T13:13:11+00:00\",\"mainEntityOfPage\":{\"@id\":\"https:\\\/\\\/group.voltalis.com\\\/fr\\\/type-de-contenu\\\/communiques-de-presse\\\/sobriete-energetique-la-communaute-de-communes-haut-val-de-sevre-sengage-avec-voltalis-10126\"},\"wordCount\":433,\"image\":{\"@id\":\"https:\\\/\\\/group.voltalis.com\\\/fr\\\/type-de-contenu\\\/communiques-de-presse\\\/sobriete-energetique-la-communaute-de-communes-haut-val-de-sevre-sengage-avec-voltalis-10126#primaryimage\"},\"thumbnailUrl\":\"https:\\\/\\\/group.voltalis.com\\\/wp-content\\\/uploads\\\/2024\\\/11\\\/image.png\",\"articleSection\":[\"Collectivit\u00e9s\",\"Communiqu\u00e9s\"],\"inLanguage\":\"fr-FR\"},{\"@type\":\"WebPage\",\"@id\":\"https:\\\/\\\/group.voltalis.com\\\/fr\\\/type-de-contenu\\\/communiques-de-presse\\\/sobriete-energetique-la-communaute-de-communes-haut-val-de-sevre-sengage-avec-voltalis-10126\",\"url\":\"https:\\\/\\\/group.voltalis.com\\\/fr\\\/type-de-contenu\\\/communiques-de-presse\\\/sobriete-energetique-la-communaute-de-communes-haut-val-de-sevre-sengage-avec-voltalis-10126\",\"name\":\"Sobri\u00e9t\u00e9 \u00e9nerg\u00e9tique : la Communaut\u00e9 de Communes Haut Val de S\u00e8vre s\u2019engage avec Voltalis\u00a0 - Groupe Voltalis\",\"isPartOf\":{\"@id\":\"https:\\\/\\\/group.voltalis.com\\\/en\\\/#website\"},\"primaryImageOfPage\":{\"@id\":\"https:\\\/\\\/group.voltalis.com\\\/fr\\\/type-de-contenu\\\/communiques-de-presse\\\/sobriete-energetique-la-communaute-de-communes-haut-val-de-sevre-sengage-avec-voltalis-10126#primaryimage\"},\"image\":{\"@id\":\"https:\\\/\\\/group.voltalis.com\\\/fr\\\/type-de-contenu\\\/communiques-de-presse\\\/sobriete-energetique-la-communaute-de-communes-haut-val-de-sevre-sengage-avec-voltalis-10126#primaryimage\"},\"thumbnailUrl\":\"https:\\\/\\\/group.voltalis.com\\\/wp-content\\\/uploads\\\/2024\\\/11\\\/image.png\",\"datePublished\":\"2025-03-12T08:02:01+00:00\",\"dateModified\":\"2025-09-04T13:13:11+00:00\",\"author\":{\"@id\":\"https:\\\/\\\/group.voltalis.com\\\/en\\\/#\\\/schema\\\/person\\\/4b1cbe0f01025c70fcdd38212cf95135\"},\"breadcrumb\":{\"@id\":\"https:\\\/\\\/group.voltalis.com\\\/fr\\\/type-de-contenu\\\/communiques-de-presse\\\/sobriete-energetique-la-communaute-de-communes-haut-val-de-sevre-sengage-avec-voltalis-10126#breadcrumb\"},\"inLanguage\":\"fr-FR\",\"potentialAction\":[{\"@type\":\"ReadAction\",\"target\":[\"https:\\\/\\\/group.voltalis.com\\\/fr\\\/type-de-contenu\\\/communiques-de-presse\\\/sobriete-energetique-la-communaute-de-communes-haut-val-de-sevre-sengage-avec-voltalis-10126\"]}]},{\"@type\":\"ImageObject\",\"inLanguage\":\"fr-FR\",\"@id\":\"https:\\\/\\\/group.voltalis.com\\\/fr\\\/type-de-contenu\\\/communiques-de-presse\\\/sobriete-energetique-la-communaute-de-communes-haut-val-de-sevre-sengage-avec-voltalis-10126#primaryimage\",\"url\":\"https:\\\/\\\/group.voltalis.com\\\/wp-content\\\/uploads\\\/2024\\\/11\\\/image.png\",\"contentUrl\":\"https:\\\/\\\/group.voltalis.com\\\/wp-content\\\/uploads\\\/2024\\\/11\\\/image.png\"},{\"@type\":\"BreadcrumbList\",\"@id\":\"https:\\\/\\\/group.voltalis.com\\\/fr\\\/type-de-contenu\\\/communiques-de-presse\\\/sobriete-energetique-la-communaute-de-communes-haut-val-de-sevre-sengage-avec-voltalis-10126#breadcrumb\",\"itemListElement\":[{\"@type\":\"ListItem\",\"position\":1,\"name\":\"Home\",\"item\":\"https:\\\/\\\/group.voltalis.com\\\/fr\"},{\"@type\":\"ListItem\",\"position\":2,\"name\":\"Sobri\u00e9t\u00e9 \u00e9nerg\u00e9tique : la Communaut\u00e9 de Communes Haut Val de S\u00e8vre s\u2019engage avec Voltalis\u00a0\"}]},{\"@type\":\"WebSite\",\"@id\":\"https:\\\/\\\/group.voltalis.com\\\/en\\\/#website\",\"url\":\"https:\\\/\\\/group.voltalis.com\\\/en\\\/\",\"name\":\"Groupe Voltalis\",\"description\":\"Bien plus que des \u00e9conomies d&#039;\u00e9nergie\",\"potentialAction\":[{\"@type\":\"SearchAction\",\"target\":{\"@type\":\"EntryPoint\",\"urlTemplate\":\"https:\\\/\\\/group.voltalis.com\\\/en\\\/?s={search_term_string}\"},\"query-input\":{\"@type\":\"PropertyValueSpecification\",\"valueRequired\":true,\"valueName\":\"search_term_string\"}}],\"inLanguage\":\"fr-FR\"},{\"@type\":\"Person\",\"@id\":\"https:\\\/\\\/group.voltalis.com\\\/en\\\/#\\\/schema\\\/person\\\/4b1cbe0f01025c70fcdd38212cf95135\",\"name\":\"Alexane\",\"image\":{\"@type\":\"ImageObject\",\"inLanguage\":\"fr-FR\",\"@id\":\"https:\\\/\\\/secure.gravatar.com\\\/avatar\\\/30dd78037058843d269c357b406aa01da51eb6ad19f53de9f0fef498b199071b?s=96&d=mm&r=g\",\"url\":\"https:\\\/\\\/secure.gravatar.com\\\/avatar\\\/30dd78037058843d269c357b406aa01da51eb6ad19f53de9f0fef498b199071b?s=96&d=mm&r=g\",\"contentUrl\":\"https:\\\/\\\/secure.gravatar.com\\\/avatar\\\/30dd78037058843d269c357b406aa01da51eb6ad19f53de9f0fef498b199071b?s=96&d=mm&r=g\",\"caption\":\"Alexane\"},\"url\":\"https:\\\/\\\/group.voltalis.com\\\/fr\\\/author\\\/alexane\"}]}<\/script>\n<!-- \/ Yoast SEO plugin. -->","yoast_head_json":{"title":"Sobri\u00e9t\u00e9 \u00e9nerg\u00e9tique : la Communaut\u00e9 de Communes Haut Val de S\u00e8vre s\u2019engage avec Voltalis\u00a0 - Groupe Voltalis","robots":{"index":"index","follow":"follow","max-snippet":"max-snippet:-1","max-image-preview":"max-image-preview:large","max-video-preview":"max-video-preview:-1"},"canonical":"https:\/\/group.voltalis.com\/fr\/type-de-contenu\/communiques-de-presse\/sobriete-energetique-la-communaute-de-communes-haut-val-de-sevre-sengage-avec-voltalis-10126","og_locale":"fr_FR","og_type":"article","og_title":"Sobri\u00e9t\u00e9 \u00e9nerg\u00e9tique : la Communaut\u00e9 de Communes Haut Val de S\u00e8vre s\u2019engage avec Voltalis\u00a0 - Groupe Voltalis","og_description":"Dans le cadre de son Plan Climat, la Communaut\u00e9 de communes Haut Val de S\u00e8vre annonce son partenariat avec Voltalis, leader des solutions connect\u00e9es d\u2019\u00e9conomies d\u2019\u00e9nergie et de pilotage de chauffage \u00e9lectrique.\u00a0\u00a0 Un thermostat gratuit, en faveur de l\u2019environnement et du pouvoir d\u2019achat\u00a0\u00a0 Voltalis propose \u00e0 l\u2019ensemble des habitants (locataires et\/ou propri\u00e9taires) et des professionnels [&hellip;]","og_url":"https:\/\/group.voltalis.com\/fr\/type-de-contenu\/communiques-de-presse\/sobriete-energetique-la-communaute-de-communes-haut-val-de-sevre-sengage-avec-voltalis-10126","og_site_name":"Groupe Voltalis","article_publisher":"https:\/\/www.facebook.com\/pages\/category\/Product-Service\/Voltalis-178720392179068\/","article_published_time":"2025-03-12T08:02:01+00:00","article_modified_time":"2025-09-04T13:13:11+00:00","og_image":[{"width":469,"height":313,"url":"https:\/\/group.voltalis.com\/wp-content\/uploads\/2024\/11\/image.png","type":"image\/png"}],"author":"Alexane","twitter_card":"summary_large_image","twitter_misc":{"\u00c9crit par":"Alexane","Dur\u00e9e de lecture estim\u00e9e":"2 minutes"},"schema":{"@context":"https:\/\/schema.org","@graph":[{"@type":"Article","@id":"https:\/\/group.voltalis.com\/fr\/type-de-contenu\/communiques-de-presse\/sobriete-energetique-la-communaute-de-communes-haut-val-de-sevre-sengage-avec-voltalis-10126#article","isPartOf":{"@id":"https:\/\/group.voltalis.com\/fr\/type-de-contenu\/communiques-de-presse\/sobriete-energetique-la-communaute-de-communes-haut-val-de-sevre-sengage-avec-voltalis-10126"},"author":{"name":"Alexane","@id":"https:\/\/group.voltalis.com\/en\/#\/schema\/person\/4b1cbe0f01025c70fcdd38212cf95135"},"headline":"Sobri\u00e9t\u00e9 \u00e9nerg\u00e9tique : la Communaut\u00e9 de Communes Haut Val de S\u00e8vre s\u2019engage avec Voltalis\u00a0","datePublished":"2025-03-12T08:02:01+00:00","dateModified":"2025-09-04T13:13:11+00:00","mainEntityOfPage":{"@id":"https:\/\/group.voltalis.com\/fr\/type-de-contenu\/communiques-de-presse\/sobriete-energetique-la-communaute-de-communes-haut-val-de-sevre-sengage-avec-voltalis-10126"},"wordCount":433,"image":{"@id":"https:\/\/group.voltalis.com\/fr\/type-de-contenu\/communiques-de-presse\/sobriete-energetique-la-communaute-de-communes-haut-val-de-sevre-sengage-avec-voltalis-10126#primaryimage"},"thumbnailUrl":"https:\/\/group.voltalis.com\/wp-content\/uploads\/2024\/11\/image.png","articleSection":["Collectivit\u00e9s","Communiqu\u00e9s"],"inLanguage":"fr-FR"},{"@type":"WebPage","@id":"https:\/\/group.voltalis.com\/fr\/type-de-contenu\/communiques-de-presse\/sobriete-energetique-la-communaute-de-communes-haut-val-de-sevre-sengage-avec-voltalis-10126","url":"https:\/\/group.voltalis.com\/fr\/type-de-contenu\/communiques-de-presse\/sobriete-energetique-la-communaute-de-communes-haut-val-de-sevre-sengage-avec-voltalis-10126","name":"Sobri\u00e9t\u00e9 \u00e9nerg\u00e9tique : la Communaut\u00e9 de Communes Haut Val de S\u00e8vre s\u2019engage avec Voltalis\u00a0 - Groupe Voltalis","isPartOf":{"@id":"https:\/\/group.voltalis.com\/en\/#website"},"primaryImageOfPage":{"@id":"https:\/\/group.voltalis.com\/fr\/type-de-contenu\/communiques-de-presse\/sobriete-energetique-la-communaute-de-communes-haut-val-de-sevre-sengage-avec-voltalis-10126#primaryimage"},"image":{"@id":"https:\/\/group.voltalis.com\/fr\/type-de-contenu\/communiques-de-presse\/sobriete-energetique-la-communaute-de-communes-haut-val-de-sevre-sengage-avec-voltalis-10126#primaryimage"},"thumbnailUrl":"https:\/\/group.voltalis.com\/wp-content\/uploads\/2024\/11\/image.png","datePublished":"2025-03-12T08:02:01+00:00","dateModified":"2025-09-04T13:13:11+00:00","author":{"@id":"https:\/\/group.voltalis.com\/en\/#\/schema\/person\/4b1cbe0f01025c70fcdd38212cf95135"},"breadcrumb":{"@id":"https:\/\/group.voltalis.com\/fr\/type-de-contenu\/communiques-de-presse\/sobriete-energetique-la-communaute-de-communes-haut-val-de-sevre-sengage-avec-voltalis-10126#breadcrumb"},"inLanguage":"fr-FR","potentialAction":[{"@type":"ReadAction","target":["https:\/\/group.voltalis.com\/fr\/type-de-contenu\/communiques-de-presse\/sobriete-energetique-la-communaute-de-communes-haut-val-de-sevre-sengage-avec-voltalis-10126"]}]},{"@type":"ImageObject","inLanguage":"fr-FR","@id":"https:\/\/group.voltalis.com\/fr\/type-de-contenu\/communiques-de-presse\/sobriete-energetique-la-communaute-de-communes-haut-val-de-sevre-sengage-avec-voltalis-10126#primaryimage","url":"https:\/\/group.voltalis.com\/wp-content\/uploads\/2024\/11\/image.png","contentUrl":"https:\/\/group.voltalis.com\/wp-content\/uploads\/2024\/11\/image.png"},{"@type":"BreadcrumbList","@id":"https:\/\/group.voltalis.com\/fr\/type-de-contenu\/communiques-de-presse\/sobriete-energetique-la-communaute-de-communes-haut-val-de-sevre-sengage-avec-voltalis-10126#breadcrumb","itemListElement":[{"@type":"ListItem","position":1,"name":"Home","item":"https:\/\/group.voltalis.com\/fr"},{"@type":"ListItem","position":2,"name":"Sobri\u00e9t\u00e9 \u00e9nerg\u00e9tique : la Communaut\u00e9 de Communes Haut Val de S\u00e8vre s\u2019engage avec Voltalis\u00a0"}]},{"@type":"WebSite","@id":"https:\/\/group.voltalis.com\/en\/#website","url":"https:\/\/group.voltalis.com\/en\/","name":"Groupe Voltalis","description":"Bien plus que des \u00e9conomies d&#039;\u00e9nergie","potentialAction":[{"@type":"SearchAction","target":{"@type":"EntryPoint","urlTemplate":"https:\/\/group.voltalis.com\/en\/?s={search_term_string}"},"query-input":{"@type":"PropertyValueSpecification","valueRequired":true,"valueName":"search_term_string"}}],"inLanguage":"fr-FR"},{"@type":"Person","@id":"https:\/\/group.voltalis.com\/en\/#\/schema\/person\/4b1cbe0f01025c70fcdd38212cf95135","name":"Alexane","image":{"@type":"ImageObject","inLanguage":"fr-FR","@id":"https:\/\/secure.gravatar.com\/avatar\/30dd78037058843d269c357b406aa01da51eb6ad19f53de9f0fef498b199071b?s=96&d=mm&r=g","url":"https:\/\/secure.gravatar.com\/avatar\/30dd78037058843d269c357b406aa01da51eb6ad19f53de9f0fef498b199071b?s=96&d=mm&r=g","contentUrl":"https:\/\/secure.gravatar.com\/avatar\/30dd78037058843d269c357b406aa01da51eb6ad19f53de9f0fef498b199071b?s=96&d=mm&r=g","caption":"Alexane"},"url":"https:\/\/group.voltalis.com\/fr\/author\/alexane"}]}},"_links":{"self":[{"href":"https:\/\/group.voltalis.com\/fr\/wp-json\/wp\/v2\/posts\/10126","targetHints":{"allow":["GET"]}}],"collection":[{"href":"https:\/\/group.voltalis.com\/fr\/wp-json\/wp\/v2\/posts"}],"about":[{"href":"https:\/\/group.voltalis.com\/fr\/wp-json\/wp\/v2\/types\/post"}],"author":[{"embeddable":true,"href":"https:\/\/group.voltalis.com\/fr\/wp-json\/wp\/v2\/users\/12"}],"replies":[{"embeddable":true,"href":"https:\/\/group.voltalis.com\/fr\/wp-json\/wp\/v2\/comments?post=10126"}],"version-history":[{"count":1,"href":"https:\/\/group.voltalis.com\/fr\/wp-json\/wp\/v2\/posts\/10126\/revisions"}],"predecessor-version":[{"id":10127,"href":"https:\/\/group.voltalis.com\/fr\/wp-json\/wp\/v2\/posts\/10126\/revisions\/10127"}],"wp:attachment":[{"href":"https:\/\/group.voltalis.com\/fr\/wp-json\/wp\/v2\/media?parent=10126"}],"wp:term":[{"taxonomy":"category","embeddable":true,"href":"https:\/\/group.voltalis.com\/fr\/wp-json\/wp\/v2\/categories?post=10126"},{"taxonomy":"post_tag","embeddable":true,"href":"https:\/\/group.voltalis.com\/fr\/wp-json\/wp\/v2\/tags?post=10126"}],"curies":[{"name":"wp","href":"https:\/\/api.w.org\/{rel}","templated":true}]}}