{"id":10141,"date":"2025-03-24T10:22:13","date_gmt":"2025-03-24T09:22:13","guid":{"rendered":"https:\/\/group.voltalis.com\/?p=10141"},"modified":"2025-09-04T15:13:45","modified_gmt":"2025-09-04T13:13:45","slug":"sobriete-energetique-la-communaute-dagglomeration-du-sicoval-sengage-avec-voltalis","status":"publish","type":"post","link":"https:\/\/group.voltalis.com\/fr\/type-de-contenu\/communiques-de-presse\/sobriete-energetique-la-communaute-dagglomeration-du-sicoval-sengage-avec-voltalis-10141","title":{"rendered":"Sobri\u00e9t\u00e9 \u00e9nerg\u00e9tique : la Communaut\u00e9 d\u2019agglom\u00e9ration du Sicoval s\u2019engage avec Voltalis\u202f\u00a0"},"content":{"rendered":"\n<p><font _mstmutation=\"1\"><\/font><\/p>\n\n\n\n<p>En ligne avec les objectifs de son Plan Climat Air Energie Territorial (PCAET), la Communaut\u00e9 d\u2019agglom\u00e9ration du Sicoval annonce son partenariat avec Voltalis, leader des solutions connect\u00e9es d\u2019\u00e9conomies d\u2019\u00e9nergie et de pilotage du chauffage \u00e9lectrique. D\u00e8s d\u2019aujourd\u2019hui, chacun des 11 045 particuliers et professionnels chauff\u00e9s \u00e0 l\u2019\u00e9lectrique peut b\u00e9n\u00e9ficier gratuitement de l\u2019installation du thermostat connect\u00e9 Voltalis. A la cl\u00e9\u202f: jusqu\u2019\u00e0 15% d\u2019\u00e9conomies d\u2019\u00e9lectricit\u00e9 et une r\u00e9duction jusqu\u2019\u00e0 70% des \u00e9missions de CO\u2082 li\u00e9es au chauffage pour les habitants de la Communaut\u00e9 d\u2019agglom\u00e9ration du Sicoval.\u00a0\u00a0<\/p>\n\n\n\n<p><strong>Un partenariat en faveur des \u00e9conomies d\u2019\u00e9nergie pour les particuliers et les professionnels<\/strong>\u202f\u00a0<\/p>\n\n\n<div class=\"wp-block-image\">\n<figure class=\"alignleft size-full is-resized\"><img loading=\"lazy\" decoding=\"async\" width=\"469\" height=\"313\" src=\"https:\/\/group.voltalis.com\/wp-content\/uploads\/2024\/11\/image.png\" alt=\"\" class=\"wp-image-9897\" style=\"width:329px;height:auto\" srcset=\"https:\/\/group.voltalis.com\/wp-content\/uploads\/2024\/11\/image.png 469w, https:\/\/group.voltalis.com\/wp-content\/uploads\/2024\/11\/image-300x200.png 300w\" sizes=\"auto, (max-width: 469px) 100vw, 469px\" \/><\/figure>\n<\/div>\n\n\n<p class=\"has-text-align-left\">Les habitants chauff\u00e9s \u00e0 l\u2019\u00e9lectrique (radiateurs, pompes \u00e0 chaleur) qui choisissent de s\u2019\u00e9quiper du thermostat pourront avoir acc\u00e8s \u00e0 une gestion simple de leurs appareils et r\u00e9aliser d&rsquo;importantes \u00e9conomies d&rsquo;\u00e9nergie. Associ\u00e9 \u00e0 l\u2019application <strong>MyVoltalis<\/strong>, il permet de programmer son chauffage en fonction de ses habitudes et de la temp\u00e9rature souhait\u00e9e.\u202f\u202f&nbsp;<\/p>\n\n\n\n<p>\u202f&nbsp;<\/p>\n\n\n\n<p class=\"has-text-align-left\">Sa particularit\u00e9 est d\u2019\u00eatre connect\u00e9 au r\u00e9seau \u00e9lectrique fran\u00e7ais, ce qui le rend enti\u00e8rement gratuit. Voltalis peut ainsi, \u00e0 la demande de RTE (le r\u00e9seau de transport d\u2019\u00e9lectricit\u00e9), moduler la consommation de tous les \u00e9quipements connect\u00e9s pour soulager le r\u00e9seau au moment des pics et ma\u00eetriser le risque de panne. Et ceci sans impact sur le confort. Voltalis est r\u00e9mun\u00e9r\u00e9e par les op\u00e9rateurs du syst\u00e8me \u00e9lectrique pour ces services rendus.\u202f\u202f&nbsp;<\/p>\n\n\n\n<p class=\"has-medium-font-size\"><strong><br><strong><strong><strong><strong>Comment s\u2019\u00e9quiper\u202f?<\/strong>\u202f\u00a0<\/strong><\/strong><\/strong><\/strong><\/p>\n\n\n<div class=\"wp-block-image\">\n<figure class=\"alignright size-large is-resized\"><img loading=\"lazy\" decoding=\"async\" width=\"1024\" height=\"632\" src=\"https:\/\/group.voltalis.com\/wp-content\/uploads\/2024\/07\/Smartphone_Salon_RVB_petit-1-1024x632.jpg\" alt=\"\" class=\"wp-image-8059\" style=\"width:373px;height:auto\" srcset=\"https:\/\/group.voltalis.com\/wp-content\/uploads\/2024\/07\/Smartphone_Salon_RVB_petit-1-1024x632.jpg 1024w, https:\/\/group.voltalis.com\/wp-content\/uploads\/2024\/07\/Smartphone_Salon_RVB_petit-1-300x185.jpg 300w, https:\/\/group.voltalis.com\/wp-content\/uploads\/2024\/07\/Smartphone_Salon_RVB_petit-1-768x474.jpg 768w, https:\/\/group.voltalis.com\/wp-content\/uploads\/2024\/07\/Smartphone_Salon_RVB_petit-1-1536x949.jpg 1536w, https:\/\/group.voltalis.com\/wp-content\/uploads\/2024\/07\/Smartphone_Salon_RVB_petit-1-2048x1265.jpg 2048w\" sizes=\"auto, (max-width: 1024px) 100vw, 1024px\" \/><\/figure>\n<\/div>\n\n\n<p>Les conseillers terrain de Voltalis d\u00e9ploy\u00e9s sur le territoire \u00e0 partir du 24 mars partent \u00e0 la rencontre des habitants pour proposer un rendez-vous d\u2019installation du thermostat.<\/p>\n\n\n\n<p>Ils commenceront par les communes de Clermont-le-Fort, Goyrans, Lauzerville, Aureville, Lacroix-Falgarde, Rebigue, Mervilla, Vigoulet-Auzil et Castanet-Tolosan. Ils se d\u00e9ploieront ensuite sur le reste du territoire.&nbsp;<\/p>\n\n\n\n<p>\u202f&nbsp;<\/p>\n\n\n\n<p class=\"has-medium-font-size\"><\/p>\n\n\n\n<p><\/p>\n\n\n\n<p class=\"has-text-align-center\"><strong><u>Contacts presse<\/u><\/strong><strong>&nbsp;:<\/strong><\/p>\n\n\n\n<figure class=\"wp-block-table\"><table class=\"has-fixed-layout\"><tbody><tr><td class=\"has-text-align-center\" data-align=\"center\"><strong>Communaut\u00e9 d\u2019agglom\u00e9ration du Sicoval\u00a0<\/strong>\u00a0<br>Aude Insa \u2013 Agence TousPublics\u00a0<br>06 42 15 37 52 \u2013 a.insa@touspublics.com<\/td><td class=\"has-text-align-center\" data-align=\"center\"><strong>Voltalis<\/strong> \u202f&nbsp;<br>Clara FLORE &#8211; Agence Shan&nbsp;<br>06 16 04 64 33 &#8211; voltalis@shan.f<\/td><\/tr><\/tbody><\/table><\/figure>\n\n\n\n<p><\/p>\n","protected":false},"excerpt":{"rendered":"<p>En ligne avec les objectifs de son Plan Climat Air Energie Territorial (PCAET), la Communaut\u00e9 d\u2019agglom\u00e9ration du Sicoval annonce son partenariat avec Voltalis, leader des solutions connect\u00e9es d\u2019\u00e9conomies d\u2019\u00e9nergie et de pilotage du chauffage \u00e9lectrique. D\u00e8s d\u2019aujourd\u2019hui, chacun des 11 045 particuliers et professionnels chauff\u00e9s \u00e0 l\u2019\u00e9lectrique peut b\u00e9n\u00e9ficier gratuitement de l\u2019installation du thermostat connect\u00e9 [&hellip;]<\/p>\n","protected":false},"author":12,"featured_media":0,"comment_status":"closed","ping_status":"closed","sticky":false,"template":"","format":"standard","meta":{"_acf_changed":false,"inline_featured_image":false,"footnotes":""},"categories":[199,3],"tags":[],"class_list":["post-10141","post","type-post","status-publish","format-standard","hentry","category-collectivites","category-communiques-de-presse"],"acf":[],"yoast_head":"<!-- This site is optimized with the Yoast SEO plugin v27.5 - https:\/\/yoast.com\/product\/yoast-seo-wordpress\/ -->\n<title>Sobri\u00e9t\u00e9 \u00e9nerg\u00e9tique : la Communaut\u00e9 d\u2019agglom\u00e9ration du Sicoval s\u2019engage avec Voltalis\u202f\u00a0 - Groupe Voltalis<\/title>\n<meta name=\"robots\" content=\"index, follow, max-snippet:-1, max-image-preview:large, max-video-preview:-1\" \/>\n<link rel=\"canonical\" href=\"https:\/\/group.voltalis.com\/fr\/type-de-contenu\/communiques-de-presse\/sobriete-energetique-la-communaute-dagglomeration-du-sicoval-sengage-avec-voltalis-10141\" \/>\n<meta property=\"og:locale\" content=\"fr_FR\" \/>\n<meta property=\"og:type\" content=\"article\" \/>\n<meta property=\"og:title\" content=\"Sobri\u00e9t\u00e9 \u00e9nerg\u00e9tique : la Communaut\u00e9 d\u2019agglom\u00e9ration du Sicoval s\u2019engage avec Voltalis\u202f\u00a0 - Groupe Voltalis\" \/>\n<meta property=\"og:description\" content=\"En ligne avec les objectifs de son Plan Climat Air Energie Territorial (PCAET), la Communaut\u00e9 d\u2019agglom\u00e9ration du Sicoval annonce son partenariat avec Voltalis, leader des solutions connect\u00e9es d\u2019\u00e9conomies d\u2019\u00e9nergie et de pilotage du chauffage \u00e9lectrique. D\u00e8s d\u2019aujourd\u2019hui, chacun des 11 045 particuliers et professionnels chauff\u00e9s \u00e0 l\u2019\u00e9lectrique peut b\u00e9n\u00e9ficier gratuitement de l\u2019installation du thermostat connect\u00e9 [&hellip;]\" \/>\n<meta property=\"og:url\" content=\"https:\/\/group.voltalis.com\/fr\/type-de-contenu\/communiques-de-presse\/sobriete-energetique-la-communaute-dagglomeration-du-sicoval-sengage-avec-voltalis-10141\" \/>\n<meta property=\"og:site_name\" content=\"Groupe Voltalis\" \/>\n<meta property=\"article:publisher\" content=\"https:\/\/www.facebook.com\/pages\/category\/Product-Service\/Voltalis-178720392179068\/\" \/>\n<meta property=\"article:published_time\" content=\"2025-03-24T09:22:13+00:00\" \/>\n<meta property=\"article:modified_time\" content=\"2025-09-04T13:13:45+00:00\" \/>\n<meta property=\"og:image\" content=\"https:\/\/group.voltalis.com\/wp-content\/uploads\/2024\/11\/image.png\" \/>\n\t<meta property=\"og:image:width\" content=\"469\" \/>\n\t<meta property=\"og:image:height\" content=\"313\" \/>\n\t<meta property=\"og:image:type\" content=\"image\/png\" \/>\n<meta name=\"author\" content=\"Alexane\" \/>\n<meta name=\"twitter:card\" content=\"summary_large_image\" \/>\n<meta name=\"twitter:label1\" content=\"\u00c9crit par\" \/>\n\t<meta name=\"twitter:data1\" content=\"Alexane\" \/>\n\t<meta name=\"twitter:label2\" content=\"Dur\u00e9e de lecture estim\u00e9e\" \/>\n\t<meta name=\"twitter:data2\" content=\"2 minutes\" \/>\n<script type=\"application\/ld+json\" class=\"yoast-schema-graph\">{\"@context\":\"https:\\\/\\\/schema.org\",\"@graph\":[{\"@type\":\"Article\",\"@id\":\"https:\\\/\\\/group.voltalis.com\\\/fr\\\/type-de-contenu\\\/communiques-de-presse\\\/sobriete-energetique-la-communaute-dagglomeration-du-sicoval-sengage-avec-voltalis-10141#article\",\"isPartOf\":{\"@id\":\"https:\\\/\\\/group.voltalis.com\\\/fr\\\/type-de-contenu\\\/communiques-de-presse\\\/sobriete-energetique-la-communaute-dagglomeration-du-sicoval-sengage-avec-voltalis-10141\"},\"author\":{\"name\":\"Alexane\",\"@id\":\"https:\\\/\\\/group.voltalis.com\\\/en\\\/#\\\/schema\\\/person\\\/4b1cbe0f01025c70fcdd38212cf95135\"},\"headline\":\"Sobri\u00e9t\u00e9 \u00e9nerg\u00e9tique : la Communaut\u00e9 d\u2019agglom\u00e9ration du Sicoval s\u2019engage avec Voltalis\u202f\u00a0\",\"datePublished\":\"2025-03-24T09:22:13+00:00\",\"dateModified\":\"2025-09-04T13:13:45+00:00\",\"mainEntityOfPage\":{\"@id\":\"https:\\\/\\\/group.voltalis.com\\\/fr\\\/type-de-contenu\\\/communiques-de-presse\\\/sobriete-energetique-la-communaute-dagglomeration-du-sicoval-sengage-avec-voltalis-10141\"},\"wordCount\":355,\"image\":{\"@id\":\"https:\\\/\\\/group.voltalis.com\\\/fr\\\/type-de-contenu\\\/communiques-de-presse\\\/sobriete-energetique-la-communaute-dagglomeration-du-sicoval-sengage-avec-voltalis-10141#primaryimage\"},\"thumbnailUrl\":\"https:\\\/\\\/group.voltalis.com\\\/wp-content\\\/uploads\\\/2024\\\/11\\\/image.png\",\"articleSection\":[\"Collectivit\u00e9s\",\"Communiqu\u00e9s\"],\"inLanguage\":\"fr-FR\"},{\"@type\":\"WebPage\",\"@id\":\"https:\\\/\\\/group.voltalis.com\\\/fr\\\/type-de-contenu\\\/communiques-de-presse\\\/sobriete-energetique-la-communaute-dagglomeration-du-sicoval-sengage-avec-voltalis-10141\",\"url\":\"https:\\\/\\\/group.voltalis.com\\\/fr\\\/type-de-contenu\\\/communiques-de-presse\\\/sobriete-energetique-la-communaute-dagglomeration-du-sicoval-sengage-avec-voltalis-10141\",\"name\":\"Sobri\u00e9t\u00e9 \u00e9nerg\u00e9tique : la Communaut\u00e9 d\u2019agglom\u00e9ration du Sicoval s\u2019engage avec Voltalis\u202f\u00a0 - Groupe Voltalis\",\"isPartOf\":{\"@id\":\"https:\\\/\\\/group.voltalis.com\\\/en\\\/#website\"},\"primaryImageOfPage\":{\"@id\":\"https:\\\/\\\/group.voltalis.com\\\/fr\\\/type-de-contenu\\\/communiques-de-presse\\\/sobriete-energetique-la-communaute-dagglomeration-du-sicoval-sengage-avec-voltalis-10141#primaryimage\"},\"image\":{\"@id\":\"https:\\\/\\\/group.voltalis.com\\\/fr\\\/type-de-contenu\\\/communiques-de-presse\\\/sobriete-energetique-la-communaute-dagglomeration-du-sicoval-sengage-avec-voltalis-10141#primaryimage\"},\"thumbnailUrl\":\"https:\\\/\\\/group.voltalis.com\\\/wp-content\\\/uploads\\\/2024\\\/11\\\/image.png\",\"datePublished\":\"2025-03-24T09:22:13+00:00\",\"dateModified\":\"2025-09-04T13:13:45+00:00\",\"author\":{\"@id\":\"https:\\\/\\\/group.voltalis.com\\\/en\\\/#\\\/schema\\\/person\\\/4b1cbe0f01025c70fcdd38212cf95135\"},\"breadcrumb\":{\"@id\":\"https:\\\/\\\/group.voltalis.com\\\/fr\\\/type-de-contenu\\\/communiques-de-presse\\\/sobriete-energetique-la-communaute-dagglomeration-du-sicoval-sengage-avec-voltalis-10141#breadcrumb\"},\"inLanguage\":\"fr-FR\",\"potentialAction\":[{\"@type\":\"ReadAction\",\"target\":[\"https:\\\/\\\/group.voltalis.com\\\/fr\\\/type-de-contenu\\\/communiques-de-presse\\\/sobriete-energetique-la-communaute-dagglomeration-du-sicoval-sengage-avec-voltalis-10141\"]}]},{\"@type\":\"ImageObject\",\"inLanguage\":\"fr-FR\",\"@id\":\"https:\\\/\\\/group.voltalis.com\\\/fr\\\/type-de-contenu\\\/communiques-de-presse\\\/sobriete-energetique-la-communaute-dagglomeration-du-sicoval-sengage-avec-voltalis-10141#primaryimage\",\"url\":\"https:\\\/\\\/group.voltalis.com\\\/wp-content\\\/uploads\\\/2024\\\/11\\\/image.png\",\"contentUrl\":\"https:\\\/\\\/group.voltalis.com\\\/wp-content\\\/uploads\\\/2024\\\/11\\\/image.png\"},{\"@type\":\"BreadcrumbList\",\"@id\":\"https:\\\/\\\/group.voltalis.com\\\/fr\\\/type-de-contenu\\\/communiques-de-presse\\\/sobriete-energetique-la-communaute-dagglomeration-du-sicoval-sengage-avec-voltalis-10141#breadcrumb\",\"itemListElement\":[{\"@type\":\"ListItem\",\"position\":1,\"name\":\"Home\",\"item\":\"https:\\\/\\\/group.voltalis.com\\\/fr\"},{\"@type\":\"ListItem\",\"position\":2,\"name\":\"Sobri\u00e9t\u00e9 \u00e9nerg\u00e9tique : la Communaut\u00e9 d\u2019agglom\u00e9ration du Sicoval s\u2019engage avec Voltalis\u202f\u00a0\"}]},{\"@type\":\"WebSite\",\"@id\":\"https:\\\/\\\/group.voltalis.com\\\/en\\\/#website\",\"url\":\"https:\\\/\\\/group.voltalis.com\\\/en\\\/\",\"name\":\"Groupe Voltalis\",\"description\":\"Bien plus que des \u00e9conomies d&#039;\u00e9nergie\",\"potentialAction\":[{\"@type\":\"SearchAction\",\"target\":{\"@type\":\"EntryPoint\",\"urlTemplate\":\"https:\\\/\\\/group.voltalis.com\\\/en\\\/?s={search_term_string}\"},\"query-input\":{\"@type\":\"PropertyValueSpecification\",\"valueRequired\":true,\"valueName\":\"search_term_string\"}}],\"inLanguage\":\"fr-FR\"},{\"@type\":\"Person\",\"@id\":\"https:\\\/\\\/group.voltalis.com\\\/en\\\/#\\\/schema\\\/person\\\/4b1cbe0f01025c70fcdd38212cf95135\",\"name\":\"Alexane\",\"image\":{\"@type\":\"ImageObject\",\"inLanguage\":\"fr-FR\",\"@id\":\"https:\\\/\\\/secure.gravatar.com\\\/avatar\\\/30dd78037058843d269c357b406aa01da51eb6ad19f53de9f0fef498b199071b?s=96&d=mm&r=g\",\"url\":\"https:\\\/\\\/secure.gravatar.com\\\/avatar\\\/30dd78037058843d269c357b406aa01da51eb6ad19f53de9f0fef498b199071b?s=96&d=mm&r=g\",\"contentUrl\":\"https:\\\/\\\/secure.gravatar.com\\\/avatar\\\/30dd78037058843d269c357b406aa01da51eb6ad19f53de9f0fef498b199071b?s=96&d=mm&r=g\",\"caption\":\"Alexane\"},\"url\":\"https:\\\/\\\/group.voltalis.com\\\/fr\\\/author\\\/alexane\"}]}<\/script>\n<!-- \/ Yoast SEO plugin. -->","yoast_head_json":{"title":"Sobri\u00e9t\u00e9 \u00e9nerg\u00e9tique : la Communaut\u00e9 d\u2019agglom\u00e9ration du Sicoval s\u2019engage avec Voltalis\u202f\u00a0 - Groupe Voltalis","robots":{"index":"index","follow":"follow","max-snippet":"max-snippet:-1","max-image-preview":"max-image-preview:large","max-video-preview":"max-video-preview:-1"},"canonical":"https:\/\/group.voltalis.com\/fr\/type-de-contenu\/communiques-de-presse\/sobriete-energetique-la-communaute-dagglomeration-du-sicoval-sengage-avec-voltalis-10141","og_locale":"fr_FR","og_type":"article","og_title":"Sobri\u00e9t\u00e9 \u00e9nerg\u00e9tique : la Communaut\u00e9 d\u2019agglom\u00e9ration du Sicoval s\u2019engage avec Voltalis\u202f\u00a0 - Groupe Voltalis","og_description":"En ligne avec les objectifs de son Plan Climat Air Energie Territorial (PCAET), la Communaut\u00e9 d\u2019agglom\u00e9ration du Sicoval annonce son partenariat avec Voltalis, leader des solutions connect\u00e9es d\u2019\u00e9conomies d\u2019\u00e9nergie et de pilotage du chauffage \u00e9lectrique. D\u00e8s d\u2019aujourd\u2019hui, chacun des 11 045 particuliers et professionnels chauff\u00e9s \u00e0 l\u2019\u00e9lectrique peut b\u00e9n\u00e9ficier gratuitement de l\u2019installation du thermostat connect\u00e9 [&hellip;]","og_url":"https:\/\/group.voltalis.com\/fr\/type-de-contenu\/communiques-de-presse\/sobriete-energetique-la-communaute-dagglomeration-du-sicoval-sengage-avec-voltalis-10141","og_site_name":"Groupe Voltalis","article_publisher":"https:\/\/www.facebook.com\/pages\/category\/Product-Service\/Voltalis-178720392179068\/","article_published_time":"2025-03-24T09:22:13+00:00","article_modified_time":"2025-09-04T13:13:45+00:00","og_image":[{"width":469,"height":313,"url":"https:\/\/group.voltalis.com\/wp-content\/uploads\/2024\/11\/image.png","type":"image\/png"}],"author":"Alexane","twitter_card":"summary_large_image","twitter_misc":{"\u00c9crit par":"Alexane","Dur\u00e9e de lecture estim\u00e9e":"2 minutes"},"schema":{"@context":"https:\/\/schema.org","@graph":[{"@type":"Article","@id":"https:\/\/group.voltalis.com\/fr\/type-de-contenu\/communiques-de-presse\/sobriete-energetique-la-communaute-dagglomeration-du-sicoval-sengage-avec-voltalis-10141#article","isPartOf":{"@id":"https:\/\/group.voltalis.com\/fr\/type-de-contenu\/communiques-de-presse\/sobriete-energetique-la-communaute-dagglomeration-du-sicoval-sengage-avec-voltalis-10141"},"author":{"name":"Alexane","@id":"https:\/\/group.voltalis.com\/en\/#\/schema\/person\/4b1cbe0f01025c70fcdd38212cf95135"},"headline":"Sobri\u00e9t\u00e9 \u00e9nerg\u00e9tique : la Communaut\u00e9 d\u2019agglom\u00e9ration du Sicoval s\u2019engage avec Voltalis\u202f\u00a0","datePublished":"2025-03-24T09:22:13+00:00","dateModified":"2025-09-04T13:13:45+00:00","mainEntityOfPage":{"@id":"https:\/\/group.voltalis.com\/fr\/type-de-contenu\/communiques-de-presse\/sobriete-energetique-la-communaute-dagglomeration-du-sicoval-sengage-avec-voltalis-10141"},"wordCount":355,"image":{"@id":"https:\/\/group.voltalis.com\/fr\/type-de-contenu\/communiques-de-presse\/sobriete-energetique-la-communaute-dagglomeration-du-sicoval-sengage-avec-voltalis-10141#primaryimage"},"thumbnailUrl":"https:\/\/group.voltalis.com\/wp-content\/uploads\/2024\/11\/image.png","articleSection":["Collectivit\u00e9s","Communiqu\u00e9s"],"inLanguage":"fr-FR"},{"@type":"WebPage","@id":"https:\/\/group.voltalis.com\/fr\/type-de-contenu\/communiques-de-presse\/sobriete-energetique-la-communaute-dagglomeration-du-sicoval-sengage-avec-voltalis-10141","url":"https:\/\/group.voltalis.com\/fr\/type-de-contenu\/communiques-de-presse\/sobriete-energetique-la-communaute-dagglomeration-du-sicoval-sengage-avec-voltalis-10141","name":"Sobri\u00e9t\u00e9 \u00e9nerg\u00e9tique : la Communaut\u00e9 d\u2019agglom\u00e9ration du Sicoval s\u2019engage avec Voltalis\u202f\u00a0 - Groupe Voltalis","isPartOf":{"@id":"https:\/\/group.voltalis.com\/en\/#website"},"primaryImageOfPage":{"@id":"https:\/\/group.voltalis.com\/fr\/type-de-contenu\/communiques-de-presse\/sobriete-energetique-la-communaute-dagglomeration-du-sicoval-sengage-avec-voltalis-10141#primaryimage"},"image":{"@id":"https:\/\/group.voltalis.com\/fr\/type-de-contenu\/communiques-de-presse\/sobriete-energetique-la-communaute-dagglomeration-du-sicoval-sengage-avec-voltalis-10141#primaryimage"},"thumbnailUrl":"https:\/\/group.voltalis.com\/wp-content\/uploads\/2024\/11\/image.png","datePublished":"2025-03-24T09:22:13+00:00","dateModified":"2025-09-04T13:13:45+00:00","author":{"@id":"https:\/\/group.voltalis.com\/en\/#\/schema\/person\/4b1cbe0f01025c70fcdd38212cf95135"},"breadcrumb":{"@id":"https:\/\/group.voltalis.com\/fr\/type-de-contenu\/communiques-de-presse\/sobriete-energetique-la-communaute-dagglomeration-du-sicoval-sengage-avec-voltalis-10141#breadcrumb"},"inLanguage":"fr-FR","potentialAction":[{"@type":"ReadAction","target":["https:\/\/group.voltalis.com\/fr\/type-de-contenu\/communiques-de-presse\/sobriete-energetique-la-communaute-dagglomeration-du-sicoval-sengage-avec-voltalis-10141"]}]},{"@type":"ImageObject","inLanguage":"fr-FR","@id":"https:\/\/group.voltalis.com\/fr\/type-de-contenu\/communiques-de-presse\/sobriete-energetique-la-communaute-dagglomeration-du-sicoval-sengage-avec-voltalis-10141#primaryimage","url":"https:\/\/group.voltalis.com\/wp-content\/uploads\/2024\/11\/image.png","contentUrl":"https:\/\/group.voltalis.com\/wp-content\/uploads\/2024\/11\/image.png"},{"@type":"BreadcrumbList","@id":"https:\/\/group.voltalis.com\/fr\/type-de-contenu\/communiques-de-presse\/sobriete-energetique-la-communaute-dagglomeration-du-sicoval-sengage-avec-voltalis-10141#breadcrumb","itemListElement":[{"@type":"ListItem","position":1,"name":"Home","item":"https:\/\/group.voltalis.com\/fr"},{"@type":"ListItem","position":2,"name":"Sobri\u00e9t\u00e9 \u00e9nerg\u00e9tique : la Communaut\u00e9 d\u2019agglom\u00e9ration du Sicoval s\u2019engage avec Voltalis\u202f\u00a0"}]},{"@type":"WebSite","@id":"https:\/\/group.voltalis.com\/en\/#website","url":"https:\/\/group.voltalis.com\/en\/","name":"Groupe Voltalis","description":"Bien plus que des \u00e9conomies d&#039;\u00e9nergie","potentialAction":[{"@type":"SearchAction","target":{"@type":"EntryPoint","urlTemplate":"https:\/\/group.voltalis.com\/en\/?s={search_term_string}"},"query-input":{"@type":"PropertyValueSpecification","valueRequired":true,"valueName":"search_term_string"}}],"inLanguage":"fr-FR"},{"@type":"Person","@id":"https:\/\/group.voltalis.com\/en\/#\/schema\/person\/4b1cbe0f01025c70fcdd38212cf95135","name":"Alexane","image":{"@type":"ImageObject","inLanguage":"fr-FR","@id":"https:\/\/secure.gravatar.com\/avatar\/30dd78037058843d269c357b406aa01da51eb6ad19f53de9f0fef498b199071b?s=96&d=mm&r=g","url":"https:\/\/secure.gravatar.com\/avatar\/30dd78037058843d269c357b406aa01da51eb6ad19f53de9f0fef498b199071b?s=96&d=mm&r=g","contentUrl":"https:\/\/secure.gravatar.com\/avatar\/30dd78037058843d269c357b406aa01da51eb6ad19f53de9f0fef498b199071b?s=96&d=mm&r=g","caption":"Alexane"},"url":"https:\/\/group.voltalis.com\/fr\/author\/alexane"}]}},"_links":{"self":[{"href":"https:\/\/group.voltalis.com\/fr\/wp-json\/wp\/v2\/posts\/10141","targetHints":{"allow":["GET"]}}],"collection":[{"href":"https:\/\/group.voltalis.com\/fr\/wp-json\/wp\/v2\/posts"}],"about":[{"href":"https:\/\/group.voltalis.com\/fr\/wp-json\/wp\/v2\/types\/post"}],"author":[{"embeddable":true,"href":"https:\/\/group.voltalis.com\/fr\/wp-json\/wp\/v2\/users\/12"}],"replies":[{"embeddable":true,"href":"https:\/\/group.voltalis.com\/fr\/wp-json\/wp\/v2\/comments?post=10141"}],"version-history":[{"count":1,"href":"https:\/\/group.voltalis.com\/fr\/wp-json\/wp\/v2\/posts\/10141\/revisions"}],"predecessor-version":[{"id":10142,"href":"https:\/\/group.voltalis.com\/fr\/wp-json\/wp\/v2\/posts\/10141\/revisions\/10142"}],"wp:attachment":[{"href":"https:\/\/group.voltalis.com\/fr\/wp-json\/wp\/v2\/media?parent=10141"}],"wp:term":[{"taxonomy":"category","embeddable":true,"href":"https:\/\/group.voltalis.com\/fr\/wp-json\/wp\/v2\/categories?post=10141"},{"taxonomy":"post_tag","embeddable":true,"href":"https:\/\/group.voltalis.com\/fr\/wp-json\/wp\/v2\/tags?post=10141"}],"curies":[{"name":"wp","href":"https:\/\/api.w.org\/{rel}","templated":true}]}}