{"id":10208,"date":"2025-04-29T15:55:41","date_gmt":"2025-04-29T13:55:41","guid":{"rendered":"https:\/\/group.voltalis.com\/?p=10208"},"modified":"2025-09-04T14:39:30","modified_gmt":"2025-09-04T12:39:30","slug":"etude-de-cas-voltalis-flexibilise-le-sdem","status":"publish","type":"post","link":"https:\/\/group.voltalis.com\/fr\/type-de-contenu\/communiques-de-presse\/etude-de-cas-voltalis-flexibilise-le-sdem-10208","title":{"rendered":"Voltalis flexibilise le SDEM\u00a0"},"content":{"rendered":"\n<p><\/p>\n\n\n\n<p><font _mstmutation=\"1\"><\/font><\/p>\n\n\n\n<p>En 2024, Voltalis a \u00e9t\u00e9 s\u00e9lectionn\u00e9e sur appel d\u2019offres pour mobiliser la flexibilit\u00e9 \u00e9lectrique du b\u00e2timent abritant le Syndicat D\u00e9partemental d\u2019\u00c9nergies de la Manche, qui f\u00e9d\u00e8re les strat\u00e9gies \u00e9nerg\u00e9tiques de la quasi-totalit\u00e9 des 441 communes du d\u00e9partement.&nbsp;&nbsp;<\/p>\n\n\n\n<p>Son directeur, Pascal Deboislorey, l\u2019avait annonc\u00e9\u202f: \u00ab [Le nouveau si\u00e8ge du SDEM] sera au plus haut niveau des labels de production d\u2019\u00e9nergie renouvelable pour un b\u00e2timent et devrait susciter l\u2019int\u00e9r\u00eat des acteurs du b\u00e2timent \u00bb. C\u2019est chose faite avec <strong>la double certification R2S 1* et son extension 4GRIDS<\/strong> sur les deux th\u00e8mes de services : la ma\u00eetrise de l\u2019\u00e9nergie &amp; la flexibilit\u00e9 \u00e9nerg\u00e9tique<sup>1<\/sup>, qu\u2019il est le 1er site Fran\u00e7ais \u00e0 obtenir.&nbsp;<\/p>\n\n\n\n<p>V\u00e9ritable vitrine pour le syndicat, ce <strong>b\u00e2timent <\/strong>de 1000m\u00b2 <strong>\u00e0 \u00e9nergie positive<\/strong> est dot\u00e9 d\u2019un <strong>r\u00e9seau \u00e9lectrique intelligent capable de produire, stocker, s\u2019effacer du r\u00e9seau et r\u00e9injecter de l\u2019\u00e9lectricit\u00e9.&nbsp;<\/strong>&nbsp;<\/p>\n\n\n\n<p><\/p>\n\n\n\n<p>Voltalis a \u00e9t\u00e9 retenu par le SDEM50 afin d&rsquo;explorer les sc\u00e9narios qu&rsquo;offre la flexibilit\u00e9, de l&rsquo;approche solidaire du r\u00e9seau \u00e9lectrique \u00e0 la facilitation de l&rsquo;int\u00e9gration des ENR. L\u2019enjeu\u202f: connecter une technologie de flexibilit\u00e9 \u00e0 un syst\u00e8me de GTB (gestion technique du b\u00e2timent), c\u2019est-\u00e0-dire au centre de pilotage de la consommation globale d\u2019\u00e9nergie du b\u00e2timent. Le si\u00e8ge du SDEM est \u00e9quip\u00e9 d\u2019une GTB Schneider haut-de-gamme et de son logiciel microgrid advisor.&nbsp;<\/p>\n\n\n\n<p>En effet, le pilotage des \u00e9quipements complexes d\u2019un b\u00e2timent ne se fait pas manuellement, il s&rsquo;appuie sur des technologies alliant machine learning et r\u00e9seau de neurones. Voltalis a cr\u00e9\u00e9 un Agent IA sophistiqu\u00e9, sp\u00e9cialis\u00e9 dans le pilotage de la flexibilit\u00e9 des b\u00e2timents, dont l\u2019action s\u2019articule et compl\u00e8te celle des algorithmes de la GTB. <strong>Le nouveau si\u00e8ge du SDEM fait partie des premiers b\u00e2timents en France \u00e0 tester ce type de pilotage.<\/strong>&nbsp;<\/p>\n\n\n\n<p>Concr\u00e8tement, le b\u00e2timent du SDEM50 est \u00e9quip\u00e9 de nombreux panneaux photovolta\u00efques lui permettant de couvrir ses consommations. En cas de surproduction, l&rsquo;\u00e9nergie est stock\u00e9e dans des batteries ou tout simplement renvoy\u00e9e dans le r\u00e9seau, au b\u00e9n\u00e9fice de tous. Voltalis r\u00e9cup\u00e8re en temps r\u00e9el les informations techniques du b\u00e2timent ainsi que les besoins du r\u00e9seau. L&rsquo;Agent Flexibilit\u00e9 vient alors analyser ces donn\u00e9es en temps r\u00e9el et affecter l\u2019\u00e9nergie selon les scenarios param\u00e9tr\u00e9s. Par exemple en demandant \u00e0 la batterie de se d\u00e9charger de quelques kWh afin de soulager le r\u00e9seau.\u00a0\u00a0<\/p>\n\n\n\n<p>\u202f\u00a0Le potentiel est \u00e9norme \u00e0 l\u2019\u00e9chelle de tous les b\u00e2timents tertiaires en Europe.\u202f&nbsp;<\/p>\n\n\n\n<p><a href=\"https:\/\/youtu.be\/99pxsd8t4ds\">https:\/\/youtu.be\/99pxsd8t4ds<\/a><\/p>\n\n\n\n<p><\/p>\n\n\n\n<p class=\"has-text-align-center\"><strong><u>Contacts presse<\/u><\/strong><strong>&nbsp;:<\/strong><\/p>\n\n\n\n<div class=\"wp-block-columns is-layout-flex wp-container-core-columns-is-layout-9d6595d7 wp-block-columns-is-layout-flex\">\n<div class=\"wp-block-column is-layout-flow wp-block-column-is-layout-flow\" style=\"flex-basis:100%\">\n<div class=\"wp-block-columns is-layout-flex wp-container-core-columns-is-layout-9d6595d7 wp-block-columns-is-layout-flex\">\n<div class=\"wp-block-column is-layout-flow wp-block-column-is-layout-flow\">\n<figure class=\"wp-block-table\"><table class=\"has-fixed-layout\"><tbody><tr><td class=\"has-text-align-center\" data-align=\"center\"><strong>Voltalis<\/strong> \u202f&nbsp;<br>Clara FLORE &#8211; Agence Shan&nbsp;<br>06 16 04 64 33 &#8211; voltalis@shan.fr<\/td><\/tr><\/tbody><\/table><\/figure>\n<\/div>\n<\/div>\n<\/div>\n<\/div>\n\n\n\n<p><\/p>\n","protected":false},"excerpt":{"rendered":"<p>En 2024, Voltalis a \u00e9t\u00e9 s\u00e9lectionn\u00e9e sur appel d\u2019offres pour mobiliser la flexibilit\u00e9 \u00e9lectrique du b\u00e2timent abritant le Syndicat D\u00e9partemental d\u2019\u00c9nergies de la Manche, qui f\u00e9d\u00e8re les strat\u00e9gies \u00e9nerg\u00e9tiques de la quasi-totalit\u00e9 des 441 communes du d\u00e9partement.&nbsp;&nbsp; Son directeur, Pascal Deboislorey, l\u2019avait annonc\u00e9\u202f: \u00ab [Le nouveau si\u00e8ge du SDEM] sera au plus haut niveau des [&hellip;]<\/p>\n","protected":false},"author":12,"featured_media":0,"comment_status":"closed","ping_status":"closed","sticky":false,"template":"","format":"standard","meta":{"_acf_changed":false,"inline_featured_image":false,"footnotes":""},"categories":[199,3],"tags":[],"class_list":["post-10208","post","type-post","status-publish","format-standard","hentry","category-collectivites","category-communiques-de-presse"],"acf":[],"yoast_head":"<!-- This site is optimized with the Yoast SEO plugin v27.5 - https:\/\/yoast.com\/product\/yoast-seo-wordpress\/ -->\n<title>Voltalis flexibilise le SDEM\u00a0 - Groupe Voltalis<\/title>\n<meta name=\"robots\" content=\"index, follow, max-snippet:-1, max-image-preview:large, max-video-preview:-1\" \/>\n<link rel=\"canonical\" href=\"https:\/\/group.voltalis.com\/fr\/type-de-contenu\/communiques-de-presse\/etude-de-cas-voltalis-flexibilise-le-sdem-10208\" \/>\n<meta property=\"og:locale\" content=\"fr_FR\" \/>\n<meta property=\"og:type\" content=\"article\" \/>\n<meta property=\"og:title\" content=\"Voltalis flexibilise le SDEM\u00a0 - Groupe Voltalis\" \/>\n<meta property=\"og:description\" content=\"En 2024, Voltalis a \u00e9t\u00e9 s\u00e9lectionn\u00e9e sur appel d\u2019offres pour mobiliser la flexibilit\u00e9 \u00e9lectrique du b\u00e2timent abritant le Syndicat D\u00e9partemental d\u2019\u00c9nergies de la Manche, qui f\u00e9d\u00e8re les strat\u00e9gies \u00e9nerg\u00e9tiques de la quasi-totalit\u00e9 des 441 communes du d\u00e9partement.&nbsp;&nbsp; Son directeur, Pascal Deboislorey, l\u2019avait annonc\u00e9\u202f: \u00ab [Le nouveau si\u00e8ge du SDEM] sera au plus haut niveau des [&hellip;]\" \/>\n<meta property=\"og:url\" content=\"https:\/\/group.voltalis.com\/fr\/type-de-contenu\/communiques-de-presse\/etude-de-cas-voltalis-flexibilise-le-sdem-10208\" \/>\n<meta property=\"og:site_name\" content=\"Groupe Voltalis\" \/>\n<meta property=\"article:publisher\" content=\"https:\/\/www.facebook.com\/pages\/category\/Product-Service\/Voltalis-178720392179068\/\" \/>\n<meta property=\"article:published_time\" content=\"2025-04-29T13:55:41+00:00\" \/>\n<meta property=\"article:modified_time\" content=\"2025-09-04T12:39:30+00:00\" \/>\n<meta name=\"author\" content=\"Alexane\" \/>\n<meta name=\"twitter:card\" content=\"summary_large_image\" \/>\n<meta name=\"twitter:label1\" content=\"\u00c9crit par\" \/>\n\t<meta name=\"twitter:data1\" content=\"Alexane\" \/>\n\t<meta name=\"twitter:label2\" content=\"Dur\u00e9e de lecture estim\u00e9e\" \/>\n\t<meta name=\"twitter:data2\" content=\"2 minutes\" \/>\n<script type=\"application\/ld+json\" class=\"yoast-schema-graph\">{\"@context\":\"https:\\\/\\\/schema.org\",\"@graph\":[{\"@type\":\"Article\",\"@id\":\"https:\\\/\\\/group.voltalis.com\\\/fr\\\/type-de-contenu\\\/communiques-de-presse\\\/etude-de-cas-voltalis-flexibilise-le-sdem-10208#article\",\"isPartOf\":{\"@id\":\"https:\\\/\\\/group.voltalis.com\\\/fr\\\/type-de-contenu\\\/communiques-de-presse\\\/etude-de-cas-voltalis-flexibilise-le-sdem-10208\"},\"author\":{\"name\":\"Alexane\",\"@id\":\"https:\\\/\\\/group.voltalis.com\\\/en\\\/#\\\/schema\\\/person\\\/4b1cbe0f01025c70fcdd38212cf95135\"},\"headline\":\"Voltalis flexibilise le SDEM\u00a0\",\"datePublished\":\"2025-04-29T13:55:41+00:00\",\"dateModified\":\"2025-09-04T12:39:30+00:00\",\"mainEntityOfPage\":{\"@id\":\"https:\\\/\\\/group.voltalis.com\\\/fr\\\/type-de-contenu\\\/communiques-de-presse\\\/etude-de-cas-voltalis-flexibilise-le-sdem-10208\"},\"wordCount\":480,\"articleSection\":[\"Collectivit\u00e9s\",\"Communiqu\u00e9s\"],\"inLanguage\":\"fr-FR\"},{\"@type\":\"WebPage\",\"@id\":\"https:\\\/\\\/group.voltalis.com\\\/fr\\\/type-de-contenu\\\/communiques-de-presse\\\/etude-de-cas-voltalis-flexibilise-le-sdem-10208\",\"url\":\"https:\\\/\\\/group.voltalis.com\\\/fr\\\/type-de-contenu\\\/communiques-de-presse\\\/etude-de-cas-voltalis-flexibilise-le-sdem-10208\",\"name\":\"Voltalis flexibilise le SDEM\u00a0 - Groupe Voltalis\",\"isPartOf\":{\"@id\":\"https:\\\/\\\/group.voltalis.com\\\/en\\\/#website\"},\"datePublished\":\"2025-04-29T13:55:41+00:00\",\"dateModified\":\"2025-09-04T12:39:30+00:00\",\"author\":{\"@id\":\"https:\\\/\\\/group.voltalis.com\\\/en\\\/#\\\/schema\\\/person\\\/4b1cbe0f01025c70fcdd38212cf95135\"},\"breadcrumb\":{\"@id\":\"https:\\\/\\\/group.voltalis.com\\\/fr\\\/type-de-contenu\\\/communiques-de-presse\\\/etude-de-cas-voltalis-flexibilise-le-sdem-10208#breadcrumb\"},\"inLanguage\":\"fr-FR\",\"potentialAction\":[{\"@type\":\"ReadAction\",\"target\":[\"https:\\\/\\\/group.voltalis.com\\\/fr\\\/type-de-contenu\\\/communiques-de-presse\\\/etude-de-cas-voltalis-flexibilise-le-sdem-10208\"]}]},{\"@type\":\"BreadcrumbList\",\"@id\":\"https:\\\/\\\/group.voltalis.com\\\/fr\\\/type-de-contenu\\\/communiques-de-presse\\\/etude-de-cas-voltalis-flexibilise-le-sdem-10208#breadcrumb\",\"itemListElement\":[{\"@type\":\"ListItem\",\"position\":1,\"name\":\"Home\",\"item\":\"https:\\\/\\\/group.voltalis.com\\\/fr\"},{\"@type\":\"ListItem\",\"position\":2,\"name\":\"Voltalis flexibilise le SDEM\u00a0\"}]},{\"@type\":\"WebSite\",\"@id\":\"https:\\\/\\\/group.voltalis.com\\\/en\\\/#website\",\"url\":\"https:\\\/\\\/group.voltalis.com\\\/en\\\/\",\"name\":\"Groupe Voltalis\",\"description\":\"Bien plus que des \u00e9conomies d&#039;\u00e9nergie\",\"potentialAction\":[{\"@type\":\"SearchAction\",\"target\":{\"@type\":\"EntryPoint\",\"urlTemplate\":\"https:\\\/\\\/group.voltalis.com\\\/en\\\/?s={search_term_string}\"},\"query-input\":{\"@type\":\"PropertyValueSpecification\",\"valueRequired\":true,\"valueName\":\"search_term_string\"}}],\"inLanguage\":\"fr-FR\"},{\"@type\":\"Person\",\"@id\":\"https:\\\/\\\/group.voltalis.com\\\/en\\\/#\\\/schema\\\/person\\\/4b1cbe0f01025c70fcdd38212cf95135\",\"name\":\"Alexane\",\"image\":{\"@type\":\"ImageObject\",\"inLanguage\":\"fr-FR\",\"@id\":\"https:\\\/\\\/secure.gravatar.com\\\/avatar\\\/30dd78037058843d269c357b406aa01da51eb6ad19f53de9f0fef498b199071b?s=96&d=mm&r=g\",\"url\":\"https:\\\/\\\/secure.gravatar.com\\\/avatar\\\/30dd78037058843d269c357b406aa01da51eb6ad19f53de9f0fef498b199071b?s=96&d=mm&r=g\",\"contentUrl\":\"https:\\\/\\\/secure.gravatar.com\\\/avatar\\\/30dd78037058843d269c357b406aa01da51eb6ad19f53de9f0fef498b199071b?s=96&d=mm&r=g\",\"caption\":\"Alexane\"},\"url\":\"https:\\\/\\\/group.voltalis.com\\\/fr\\\/author\\\/alexane\"}]}<\/script>\n<!-- \/ Yoast SEO plugin. -->","yoast_head_json":{"title":"Voltalis flexibilise le SDEM\u00a0 - Groupe Voltalis","robots":{"index":"index","follow":"follow","max-snippet":"max-snippet:-1","max-image-preview":"max-image-preview:large","max-video-preview":"max-video-preview:-1"},"canonical":"https:\/\/group.voltalis.com\/fr\/type-de-contenu\/communiques-de-presse\/etude-de-cas-voltalis-flexibilise-le-sdem-10208","og_locale":"fr_FR","og_type":"article","og_title":"Voltalis flexibilise le SDEM\u00a0 - Groupe Voltalis","og_description":"En 2024, Voltalis a \u00e9t\u00e9 s\u00e9lectionn\u00e9e sur appel d\u2019offres pour mobiliser la flexibilit\u00e9 \u00e9lectrique du b\u00e2timent abritant le Syndicat D\u00e9partemental d\u2019\u00c9nergies de la Manche, qui f\u00e9d\u00e8re les strat\u00e9gies \u00e9nerg\u00e9tiques de la quasi-totalit\u00e9 des 441 communes du d\u00e9partement.&nbsp;&nbsp; Son directeur, Pascal Deboislorey, l\u2019avait annonc\u00e9\u202f: \u00ab [Le nouveau si\u00e8ge du SDEM] sera au plus haut niveau des [&hellip;]","og_url":"https:\/\/group.voltalis.com\/fr\/type-de-contenu\/communiques-de-presse\/etude-de-cas-voltalis-flexibilise-le-sdem-10208","og_site_name":"Groupe Voltalis","article_publisher":"https:\/\/www.facebook.com\/pages\/category\/Product-Service\/Voltalis-178720392179068\/","article_published_time":"2025-04-29T13:55:41+00:00","article_modified_time":"2025-09-04T12:39:30+00:00","author":"Alexane","twitter_card":"summary_large_image","twitter_misc":{"\u00c9crit par":"Alexane","Dur\u00e9e de lecture estim\u00e9e":"2 minutes"},"schema":{"@context":"https:\/\/schema.org","@graph":[{"@type":"Article","@id":"https:\/\/group.voltalis.com\/fr\/type-de-contenu\/communiques-de-presse\/etude-de-cas-voltalis-flexibilise-le-sdem-10208#article","isPartOf":{"@id":"https:\/\/group.voltalis.com\/fr\/type-de-contenu\/communiques-de-presse\/etude-de-cas-voltalis-flexibilise-le-sdem-10208"},"author":{"name":"Alexane","@id":"https:\/\/group.voltalis.com\/en\/#\/schema\/person\/4b1cbe0f01025c70fcdd38212cf95135"},"headline":"Voltalis flexibilise le SDEM\u00a0","datePublished":"2025-04-29T13:55:41+00:00","dateModified":"2025-09-04T12:39:30+00:00","mainEntityOfPage":{"@id":"https:\/\/group.voltalis.com\/fr\/type-de-contenu\/communiques-de-presse\/etude-de-cas-voltalis-flexibilise-le-sdem-10208"},"wordCount":480,"articleSection":["Collectivit\u00e9s","Communiqu\u00e9s"],"inLanguage":"fr-FR"},{"@type":"WebPage","@id":"https:\/\/group.voltalis.com\/fr\/type-de-contenu\/communiques-de-presse\/etude-de-cas-voltalis-flexibilise-le-sdem-10208","url":"https:\/\/group.voltalis.com\/fr\/type-de-contenu\/communiques-de-presse\/etude-de-cas-voltalis-flexibilise-le-sdem-10208","name":"Voltalis flexibilise le SDEM\u00a0 - Groupe Voltalis","isPartOf":{"@id":"https:\/\/group.voltalis.com\/en\/#website"},"datePublished":"2025-04-29T13:55:41+00:00","dateModified":"2025-09-04T12:39:30+00:00","author":{"@id":"https:\/\/group.voltalis.com\/en\/#\/schema\/person\/4b1cbe0f01025c70fcdd38212cf95135"},"breadcrumb":{"@id":"https:\/\/group.voltalis.com\/fr\/type-de-contenu\/communiques-de-presse\/etude-de-cas-voltalis-flexibilise-le-sdem-10208#breadcrumb"},"inLanguage":"fr-FR","potentialAction":[{"@type":"ReadAction","target":["https:\/\/group.voltalis.com\/fr\/type-de-contenu\/communiques-de-presse\/etude-de-cas-voltalis-flexibilise-le-sdem-10208"]}]},{"@type":"BreadcrumbList","@id":"https:\/\/group.voltalis.com\/fr\/type-de-contenu\/communiques-de-presse\/etude-de-cas-voltalis-flexibilise-le-sdem-10208#breadcrumb","itemListElement":[{"@type":"ListItem","position":1,"name":"Home","item":"https:\/\/group.voltalis.com\/fr"},{"@type":"ListItem","position":2,"name":"Voltalis flexibilise le SDEM\u00a0"}]},{"@type":"WebSite","@id":"https:\/\/group.voltalis.com\/en\/#website","url":"https:\/\/group.voltalis.com\/en\/","name":"Groupe Voltalis","description":"Bien plus que des \u00e9conomies d&#039;\u00e9nergie","potentialAction":[{"@type":"SearchAction","target":{"@type":"EntryPoint","urlTemplate":"https:\/\/group.voltalis.com\/en\/?s={search_term_string}"},"query-input":{"@type":"PropertyValueSpecification","valueRequired":true,"valueName":"search_term_string"}}],"inLanguage":"fr-FR"},{"@type":"Person","@id":"https:\/\/group.voltalis.com\/en\/#\/schema\/person\/4b1cbe0f01025c70fcdd38212cf95135","name":"Alexane","image":{"@type":"ImageObject","inLanguage":"fr-FR","@id":"https:\/\/secure.gravatar.com\/avatar\/30dd78037058843d269c357b406aa01da51eb6ad19f53de9f0fef498b199071b?s=96&d=mm&r=g","url":"https:\/\/secure.gravatar.com\/avatar\/30dd78037058843d269c357b406aa01da51eb6ad19f53de9f0fef498b199071b?s=96&d=mm&r=g","contentUrl":"https:\/\/secure.gravatar.com\/avatar\/30dd78037058843d269c357b406aa01da51eb6ad19f53de9f0fef498b199071b?s=96&d=mm&r=g","caption":"Alexane"},"url":"https:\/\/group.voltalis.com\/fr\/author\/alexane"}]}},"_links":{"self":[{"href":"https:\/\/group.voltalis.com\/fr\/wp-json\/wp\/v2\/posts\/10208","targetHints":{"allow":["GET"]}}],"collection":[{"href":"https:\/\/group.voltalis.com\/fr\/wp-json\/wp\/v2\/posts"}],"about":[{"href":"https:\/\/group.voltalis.com\/fr\/wp-json\/wp\/v2\/types\/post"}],"author":[{"embeddable":true,"href":"https:\/\/group.voltalis.com\/fr\/wp-json\/wp\/v2\/users\/12"}],"replies":[{"embeddable":true,"href":"https:\/\/group.voltalis.com\/fr\/wp-json\/wp\/v2\/comments?post=10208"}],"version-history":[{"count":3,"href":"https:\/\/group.voltalis.com\/fr\/wp-json\/wp\/v2\/posts\/10208\/revisions"}],"predecessor-version":[{"id":10213,"href":"https:\/\/group.voltalis.com\/fr\/wp-json\/wp\/v2\/posts\/10208\/revisions\/10213"}],"wp:attachment":[{"href":"https:\/\/group.voltalis.com\/fr\/wp-json\/wp\/v2\/media?parent=10208"}],"wp:term":[{"taxonomy":"category","embeddable":true,"href":"https:\/\/group.voltalis.com\/fr\/wp-json\/wp\/v2\/categories?post=10208"},{"taxonomy":"post_tag","embeddable":true,"href":"https:\/\/group.voltalis.com\/fr\/wp-json\/wp\/v2\/tags?post=10208"}],"curies":[{"name":"wp","href":"https:\/\/api.w.org\/{rel}","templated":true}]}}