{"id":10228,"date":"2025-06-05T11:57:48","date_gmt":"2025-06-05T09:57:48","guid":{"rendered":"https:\/\/group.voltalis.com\/?p=10228"},"modified":"2025-09-04T09:19:39","modified_gmt":"2025-09-04T07:19:39","slug":"voltalis-integre-le-french-tech-next40-120","status":"publish","type":"post","link":"https:\/\/group.voltalis.com\/fr\/type-de-contenu\/communiques-de-presse\/voltalis-integre-le-french-tech-next40-120-10228","title":{"rendered":"Voltalis int\u00e8gre le French Tech Next40\/ 120\u00a0"},"content":{"rendered":"\n<p><\/p>\n\n\n\n<p>Voltalis est fi\u00e8re de rejoindre le <strong>French Tech Next40\/120<\/strong>, label de l\u2019\u00c9tat d\u00e9di\u00e9 aux 120 start-ups fran\u00e7aises les plus performantes, en capacit\u00e9 de devenir des leaders technologiques de rang mondial. Cette reconnaissance confirme la place de Voltalis comme acteur greentech de r\u00e9f\u00e9rence dans le secteur de l\u2019\u00e9nergie.<\/p>\n\n\n\n<p><strong>Une greentech de l\u2019\u00e9nergie aux ambitions industrielles et technologiques fortes<\/strong><\/p>\n\n\n\n<p>Voltalis se distingue par son mod\u00e8le technologique unique alliant intelligence artificielle et gestion de l\u2019\u00e9nergie, avec des r\u00e9sultats concrets et \u00e0 grande \u00e9chelle. En deux ans, l\u2019entreprise a obtenu plus de 200 M\u20ac d\u2019investissement aupr\u00e8s d\u2019un pool bancaire fran\u00e7ais et international, illustrant la confiance port\u00e9e \u00e0 son mod\u00e8le.<\/p>\n\n\n\n<p><strong>Une technologie au service de la transition \u00e9nerg\u00e9tique<\/strong><\/p>\n\n\n\n<p>Voltalis a d\u00e9velopp\u00e9 une solution unique en Europe : une centrale \u00e9lectrique virtuelle, aliment\u00e9e par les modulations de consommation de plus de 1,5 million d\u2019appareils connect\u00e9s \u00e0 sa plateforme. Ces \u00e9quipements \u2013 principalement des radiateurs \u00e9lectriques et des ballons d\u2019eau chaude \u2013 sont pilot\u00e9s gr\u00e2ce \u00e0 des thermostats intelligents, capables d\u2019ajuster la demande d\u2019\u00e9lectricit\u00e9 en temps r\u00e9el, selon les besoins du r\u00e9seau. Cette flexibilit\u00e9 ultra-r\u00e9active, \u00e0 la seconde pr\u00e8s, permet de soutenir l\u2019\u00e9quilibre du r\u00e9seau \u00e9lectrique lors des pics de consommation ou des d\u00e9s\u00e9quilibres offre-demande. C\u2019est l\u2019une des applications les plus concr\u00e8tes, matures et abordables aujourd\u2019hui pour r\u00e9soudre la probl\u00e9matique de l\u2019intermittence des \u00e9nergies renouvelables et permettre une transition \u00e9nerg\u00e9tique sereine sans risque de blackout.<\/p>\n\n\n\n<p><strong>Une ambition europ\u00e9enne et mondiale<\/strong><\/p>\n\n\n\n<p>L\u2019entr\u00e9e de Voltalis dans le French Tech Next40\/120 2025 marque une nouvelle \u00e9tape dans son d\u00e9veloppement. Cette distinction conforte son ambition de devenir un <strong>leader europ\u00e9en<\/strong> de la flexibilit\u00e9 \u00e9lectrique et un <strong>acteur cl\u00e9 de la transition \u00e9nerg\u00e9tique mondiale<\/strong>, en apportant des solutions concr\u00e8tes, d\u00e9ployables \u00e0 grande \u00e9chelle, et accessibles \u00e0 tous. Cr\u00e9\u00e9e en France, Voltalis est d\u00e9sormais implant\u00e9e au Royaume-Uni et pilote des projets dans 8 autres pays. Son ambition est d\u2019\u00e9quiper 3 millions de b\u00e2timents d\u2019ici 203O.<\/p>\n\n\n\n<p><strong>Mathieu Bineau, CEO de Voltalis,<\/strong> d\u00e9clare&nbsp;: <em>\u00ab Rejoindre le French Tech Next40\/120 2025 est une reconnaissance majeure pour Voltalis. C\u2019est la preuve que notre mod\u00e8le, alliant IA et \u00e9nergie au service de la flexibilit\u00e9 \u00e9lectrique, est \u00e0 la fois innovant, mature et essentiel \u00e0 la transition \u00e9nerg\u00e9tique. Nous sommes fiers de faire rayonner une technologie souveraine, n\u00e9e en France, et d\u00e9j\u00e0 pr\u00eate \u00e0 relever les d\u00e9fis \u00e9nerg\u00e9tiques europ\u00e9ens et mondiaux. \u00bb<\/em><font _mstmutation=\"1\"><\/font><\/p>\n\n\n\n<p><\/p>\n\n\n\n<p><\/p>\n\n\n\n<p class=\"has-text-align-center\"><strong><u>Contacts presse<\/u><\/strong><strong>&nbsp;:<\/strong><\/p>\n\n\n\n<div class=\"wp-block-columns is-layout-flex wp-container-core-columns-is-layout-9d6595d7 wp-block-columns-is-layout-flex\">\n<div class=\"wp-block-column is-layout-flow wp-block-column-is-layout-flow\" style=\"flex-basis:100%\">\n<div class=\"wp-block-columns is-layout-flex wp-container-core-columns-is-layout-9d6595d7 wp-block-columns-is-layout-flex\">\n<div class=\"wp-block-column is-layout-flow wp-block-column-is-layout-flow\">\n<figure class=\"wp-block-table\"><table class=\"has-fixed-layout\"><tbody><tr><td class=\"has-text-align-center\" data-align=\"center\">Clara Flore &#8211; Agence Shan\u202f\u202f\u00a0\u00a0\u00a0<br>06 16 04 63 33 &#8211; voltalis@shan.fr\u202f\u202f\u00a0<\/td><\/tr><\/tbody><\/table><\/figure>\n<\/div>\n<\/div>\n<\/div>\n<\/div>\n\n\n\n<p><\/p>\n","protected":false},"excerpt":{"rendered":"<p>Voltalis est fi\u00e8re de rejoindre le French Tech Next40\/120, label de l\u2019\u00c9tat d\u00e9di\u00e9 aux 120 start-ups fran\u00e7aises les plus performantes, en capacit\u00e9 de devenir des leaders technologiques de rang mondial. Cette reconnaissance confirme la place de Voltalis comme acteur greentech de r\u00e9f\u00e9rence dans le secteur de l\u2019\u00e9nergie. Une greentech de l\u2019\u00e9nergie aux ambitions industrielles et [&hellip;]<\/p>\n","protected":false},"author":11,"featured_media":0,"comment_status":"closed","ping_status":"closed","sticky":false,"template":"","format":"standard","meta":{"_acf_changed":false,"inline_featured_image":false,"footnotes":""},"categories":[200,3],"tags":[],"class_list":["post-10228","post","type-post","status-publish","format-standard","hentry","category-entreprise","category-communiques-de-presse"],"acf":[],"yoast_head":"<!-- This site is optimized with the Yoast SEO plugin v27.5 - https:\/\/yoast.com\/product\/yoast-seo-wordpress\/ -->\n<title>Voltalis int\u00e8gre le French Tech Next40\/ 120\u00a0 - Groupe Voltalis<\/title>\n<meta name=\"robots\" content=\"index, follow, max-snippet:-1, max-image-preview:large, max-video-preview:-1\" \/>\n<link rel=\"canonical\" href=\"https:\/\/group.voltalis.com\/fr\/type-de-contenu\/communiques-de-presse\/voltalis-integre-le-french-tech-next40-120-10228\" \/>\n<meta property=\"og:locale\" content=\"fr_FR\" \/>\n<meta property=\"og:type\" content=\"article\" \/>\n<meta property=\"og:title\" content=\"Voltalis int\u00e8gre le French Tech Next40\/ 120\u00a0 - Groupe Voltalis\" \/>\n<meta property=\"og:description\" content=\"Voltalis est fi\u00e8re de rejoindre le French Tech Next40\/120, label de l\u2019\u00c9tat d\u00e9di\u00e9 aux 120 start-ups fran\u00e7aises les plus performantes, en capacit\u00e9 de devenir des leaders technologiques de rang mondial. Cette reconnaissance confirme la place de Voltalis comme acteur greentech de r\u00e9f\u00e9rence dans le secteur de l\u2019\u00e9nergie. Une greentech de l\u2019\u00e9nergie aux ambitions industrielles et [&hellip;]\" \/>\n<meta property=\"og:url\" content=\"https:\/\/group.voltalis.com\/fr\/type-de-contenu\/communiques-de-presse\/voltalis-integre-le-french-tech-next40-120-10228\" \/>\n<meta property=\"og:site_name\" content=\"Groupe Voltalis\" \/>\n<meta property=\"article:publisher\" content=\"https:\/\/www.facebook.com\/pages\/category\/Product-Service\/Voltalis-178720392179068\/\" \/>\n<meta property=\"article:published_time\" content=\"2025-06-05T09:57:48+00:00\" \/>\n<meta property=\"article:modified_time\" content=\"2025-09-04T07:19:39+00:00\" \/>\n<meta name=\"author\" content=\"Manon Le Doran\" \/>\n<meta name=\"twitter:card\" content=\"summary_large_image\" \/>\n<meta name=\"twitter:label1\" content=\"\u00c9crit par\" \/>\n\t<meta name=\"twitter:data1\" content=\"Manon Le Doran\" \/>\n\t<meta name=\"twitter:label2\" content=\"Dur\u00e9e de lecture estim\u00e9e\" \/>\n\t<meta name=\"twitter:data2\" content=\"2 minutes\" \/>\n<script type=\"application\/ld+json\" class=\"yoast-schema-graph\">{\"@context\":\"https:\\\/\\\/schema.org\",\"@graph\":[{\"@type\":\"Article\",\"@id\":\"https:\\\/\\\/group.voltalis.com\\\/fr\\\/type-de-contenu\\\/communiques-de-presse\\\/voltalis-integre-le-french-tech-next40-120-10228#article\",\"isPartOf\":{\"@id\":\"https:\\\/\\\/group.voltalis.com\\\/fr\\\/type-de-contenu\\\/communiques-de-presse\\\/voltalis-integre-le-french-tech-next40-120-10228\"},\"author\":{\"name\":\"Manon Le Doran\",\"@id\":\"https:\\\/\\\/group.voltalis.com\\\/en\\\/#\\\/schema\\\/person\\\/3822a12fd0d647669c5da3687b3da8e1\"},\"headline\":\"Voltalis int\u00e8gre le French Tech Next40\\\/ 120\u00a0\",\"datePublished\":\"2025-06-05T09:57:48+00:00\",\"dateModified\":\"2025-09-04T07:19:39+00:00\",\"mainEntityOfPage\":{\"@id\":\"https:\\\/\\\/group.voltalis.com\\\/fr\\\/type-de-contenu\\\/communiques-de-presse\\\/voltalis-integre-le-french-tech-next40-120-10228\"},\"wordCount\":449,\"articleSection\":[\"Entreprise\",\"Communiqu\u00e9s\"],\"inLanguage\":\"fr-FR\"},{\"@type\":\"WebPage\",\"@id\":\"https:\\\/\\\/group.voltalis.com\\\/fr\\\/type-de-contenu\\\/communiques-de-presse\\\/voltalis-integre-le-french-tech-next40-120-10228\",\"url\":\"https:\\\/\\\/group.voltalis.com\\\/fr\\\/type-de-contenu\\\/communiques-de-presse\\\/voltalis-integre-le-french-tech-next40-120-10228\",\"name\":\"Voltalis int\u00e8gre le French Tech Next40\\\/ 120\u00a0 - Groupe Voltalis\",\"isPartOf\":{\"@id\":\"https:\\\/\\\/group.voltalis.com\\\/en\\\/#website\"},\"datePublished\":\"2025-06-05T09:57:48+00:00\",\"dateModified\":\"2025-09-04T07:19:39+00:00\",\"author\":{\"@id\":\"https:\\\/\\\/group.voltalis.com\\\/en\\\/#\\\/schema\\\/person\\\/3822a12fd0d647669c5da3687b3da8e1\"},\"breadcrumb\":{\"@id\":\"https:\\\/\\\/group.voltalis.com\\\/fr\\\/type-de-contenu\\\/communiques-de-presse\\\/voltalis-integre-le-french-tech-next40-120-10228#breadcrumb\"},\"inLanguage\":\"fr-FR\",\"potentialAction\":[{\"@type\":\"ReadAction\",\"target\":[\"https:\\\/\\\/group.voltalis.com\\\/fr\\\/type-de-contenu\\\/communiques-de-presse\\\/voltalis-integre-le-french-tech-next40-120-10228\"]}]},{\"@type\":\"BreadcrumbList\",\"@id\":\"https:\\\/\\\/group.voltalis.com\\\/fr\\\/type-de-contenu\\\/communiques-de-presse\\\/voltalis-integre-le-french-tech-next40-120-10228#breadcrumb\",\"itemListElement\":[{\"@type\":\"ListItem\",\"position\":1,\"name\":\"Home\",\"item\":\"https:\\\/\\\/group.voltalis.com\\\/fr\"},{\"@type\":\"ListItem\",\"position\":2,\"name\":\"Voltalis int\u00e8gre le French Tech Next40\\\/ 120\u00a0\"}]},{\"@type\":\"WebSite\",\"@id\":\"https:\\\/\\\/group.voltalis.com\\\/en\\\/#website\",\"url\":\"https:\\\/\\\/group.voltalis.com\\\/en\\\/\",\"name\":\"Groupe Voltalis\",\"description\":\"Bien plus que des \u00e9conomies d&#039;\u00e9nergie\",\"potentialAction\":[{\"@type\":\"SearchAction\",\"target\":{\"@type\":\"EntryPoint\",\"urlTemplate\":\"https:\\\/\\\/group.voltalis.com\\\/en\\\/?s={search_term_string}\"},\"query-input\":{\"@type\":\"PropertyValueSpecification\",\"valueRequired\":true,\"valueName\":\"search_term_string\"}}],\"inLanguage\":\"fr-FR\"},{\"@type\":\"Person\",\"@id\":\"https:\\\/\\\/group.voltalis.com\\\/en\\\/#\\\/schema\\\/person\\\/3822a12fd0d647669c5da3687b3da8e1\",\"name\":\"Manon Le Doran\",\"image\":{\"@type\":\"ImageObject\",\"inLanguage\":\"fr-FR\",\"@id\":\"https:\\\/\\\/secure.gravatar.com\\\/avatar\\\/93e748a2cd4dbf039b2abdb53c3e968d763e063e87a536220c04373e73f24cee?s=96&d=mm&r=g\",\"url\":\"https:\\\/\\\/secure.gravatar.com\\\/avatar\\\/93e748a2cd4dbf039b2abdb53c3e968d763e063e87a536220c04373e73f24cee?s=96&d=mm&r=g\",\"contentUrl\":\"https:\\\/\\\/secure.gravatar.com\\\/avatar\\\/93e748a2cd4dbf039b2abdb53c3e968d763e063e87a536220c04373e73f24cee?s=96&d=mm&r=g\",\"caption\":\"Manon Le Doran\"},\"url\":\"https:\\\/\\\/group.voltalis.com\\\/fr\\\/author\\\/manon-le-doran\"}]}<\/script>\n<!-- \/ Yoast SEO plugin. -->","yoast_head_json":{"title":"Voltalis int\u00e8gre le French Tech Next40\/ 120\u00a0 - Groupe Voltalis","robots":{"index":"index","follow":"follow","max-snippet":"max-snippet:-1","max-image-preview":"max-image-preview:large","max-video-preview":"max-video-preview:-1"},"canonical":"https:\/\/group.voltalis.com\/fr\/type-de-contenu\/communiques-de-presse\/voltalis-integre-le-french-tech-next40-120-10228","og_locale":"fr_FR","og_type":"article","og_title":"Voltalis int\u00e8gre le French Tech Next40\/ 120\u00a0 - Groupe Voltalis","og_description":"Voltalis est fi\u00e8re de rejoindre le French Tech Next40\/120, label de l\u2019\u00c9tat d\u00e9di\u00e9 aux 120 start-ups fran\u00e7aises les plus performantes, en capacit\u00e9 de devenir des leaders technologiques de rang mondial. Cette reconnaissance confirme la place de Voltalis comme acteur greentech de r\u00e9f\u00e9rence dans le secteur de l\u2019\u00e9nergie. Une greentech de l\u2019\u00e9nergie aux ambitions industrielles et [&hellip;]","og_url":"https:\/\/group.voltalis.com\/fr\/type-de-contenu\/communiques-de-presse\/voltalis-integre-le-french-tech-next40-120-10228","og_site_name":"Groupe Voltalis","article_publisher":"https:\/\/www.facebook.com\/pages\/category\/Product-Service\/Voltalis-178720392179068\/","article_published_time":"2025-06-05T09:57:48+00:00","article_modified_time":"2025-09-04T07:19:39+00:00","author":"Manon Le Doran","twitter_card":"summary_large_image","twitter_misc":{"\u00c9crit par":"Manon Le Doran","Dur\u00e9e de lecture estim\u00e9e":"2 minutes"},"schema":{"@context":"https:\/\/schema.org","@graph":[{"@type":"Article","@id":"https:\/\/group.voltalis.com\/fr\/type-de-contenu\/communiques-de-presse\/voltalis-integre-le-french-tech-next40-120-10228#article","isPartOf":{"@id":"https:\/\/group.voltalis.com\/fr\/type-de-contenu\/communiques-de-presse\/voltalis-integre-le-french-tech-next40-120-10228"},"author":{"name":"Manon Le Doran","@id":"https:\/\/group.voltalis.com\/en\/#\/schema\/person\/3822a12fd0d647669c5da3687b3da8e1"},"headline":"Voltalis int\u00e8gre le French Tech Next40\/ 120\u00a0","datePublished":"2025-06-05T09:57:48+00:00","dateModified":"2025-09-04T07:19:39+00:00","mainEntityOfPage":{"@id":"https:\/\/group.voltalis.com\/fr\/type-de-contenu\/communiques-de-presse\/voltalis-integre-le-french-tech-next40-120-10228"},"wordCount":449,"articleSection":["Entreprise","Communiqu\u00e9s"],"inLanguage":"fr-FR"},{"@type":"WebPage","@id":"https:\/\/group.voltalis.com\/fr\/type-de-contenu\/communiques-de-presse\/voltalis-integre-le-french-tech-next40-120-10228","url":"https:\/\/group.voltalis.com\/fr\/type-de-contenu\/communiques-de-presse\/voltalis-integre-le-french-tech-next40-120-10228","name":"Voltalis int\u00e8gre le French Tech Next40\/ 120\u00a0 - Groupe Voltalis","isPartOf":{"@id":"https:\/\/group.voltalis.com\/en\/#website"},"datePublished":"2025-06-05T09:57:48+00:00","dateModified":"2025-09-04T07:19:39+00:00","author":{"@id":"https:\/\/group.voltalis.com\/en\/#\/schema\/person\/3822a12fd0d647669c5da3687b3da8e1"},"breadcrumb":{"@id":"https:\/\/group.voltalis.com\/fr\/type-de-contenu\/communiques-de-presse\/voltalis-integre-le-french-tech-next40-120-10228#breadcrumb"},"inLanguage":"fr-FR","potentialAction":[{"@type":"ReadAction","target":["https:\/\/group.voltalis.com\/fr\/type-de-contenu\/communiques-de-presse\/voltalis-integre-le-french-tech-next40-120-10228"]}]},{"@type":"BreadcrumbList","@id":"https:\/\/group.voltalis.com\/fr\/type-de-contenu\/communiques-de-presse\/voltalis-integre-le-french-tech-next40-120-10228#breadcrumb","itemListElement":[{"@type":"ListItem","position":1,"name":"Home","item":"https:\/\/group.voltalis.com\/fr"},{"@type":"ListItem","position":2,"name":"Voltalis int\u00e8gre le French Tech Next40\/ 120\u00a0"}]},{"@type":"WebSite","@id":"https:\/\/group.voltalis.com\/en\/#website","url":"https:\/\/group.voltalis.com\/en\/","name":"Groupe Voltalis","description":"Bien plus que des \u00e9conomies d&#039;\u00e9nergie","potentialAction":[{"@type":"SearchAction","target":{"@type":"EntryPoint","urlTemplate":"https:\/\/group.voltalis.com\/en\/?s={search_term_string}"},"query-input":{"@type":"PropertyValueSpecification","valueRequired":true,"valueName":"search_term_string"}}],"inLanguage":"fr-FR"},{"@type":"Person","@id":"https:\/\/group.voltalis.com\/en\/#\/schema\/person\/3822a12fd0d647669c5da3687b3da8e1","name":"Manon Le Doran","image":{"@type":"ImageObject","inLanguage":"fr-FR","@id":"https:\/\/secure.gravatar.com\/avatar\/93e748a2cd4dbf039b2abdb53c3e968d763e063e87a536220c04373e73f24cee?s=96&d=mm&r=g","url":"https:\/\/secure.gravatar.com\/avatar\/93e748a2cd4dbf039b2abdb53c3e968d763e063e87a536220c04373e73f24cee?s=96&d=mm&r=g","contentUrl":"https:\/\/secure.gravatar.com\/avatar\/93e748a2cd4dbf039b2abdb53c3e968d763e063e87a536220c04373e73f24cee?s=96&d=mm&r=g","caption":"Manon Le Doran"},"url":"https:\/\/group.voltalis.com\/fr\/author\/manon-le-doran"}]}},"_links":{"self":[{"href":"https:\/\/group.voltalis.com\/fr\/wp-json\/wp\/v2\/posts\/10228","targetHints":{"allow":["GET"]}}],"collection":[{"href":"https:\/\/group.voltalis.com\/fr\/wp-json\/wp\/v2\/posts"}],"about":[{"href":"https:\/\/group.voltalis.com\/fr\/wp-json\/wp\/v2\/types\/post"}],"author":[{"embeddable":true,"href":"https:\/\/group.voltalis.com\/fr\/wp-json\/wp\/v2\/users\/11"}],"replies":[{"embeddable":true,"href":"https:\/\/group.voltalis.com\/fr\/wp-json\/wp\/v2\/comments?post=10228"}],"version-history":[{"count":1,"href":"https:\/\/group.voltalis.com\/fr\/wp-json\/wp\/v2\/posts\/10228\/revisions"}],"predecessor-version":[{"id":10229,"href":"https:\/\/group.voltalis.com\/fr\/wp-json\/wp\/v2\/posts\/10228\/revisions\/10229"}],"wp:attachment":[{"href":"https:\/\/group.voltalis.com\/fr\/wp-json\/wp\/v2\/media?parent=10228"}],"wp:term":[{"taxonomy":"category","embeddable":true,"href":"https:\/\/group.voltalis.com\/fr\/wp-json\/wp\/v2\/categories?post=10228"},{"taxonomy":"post_tag","embeddable":true,"href":"https:\/\/group.voltalis.com\/fr\/wp-json\/wp\/v2\/tags?post=10228"}],"curies":[{"name":"wp","href":"https:\/\/api.w.org\/{rel}","templated":true}]}}