{"id":10270,"date":"2025-07-03T09:24:35","date_gmt":"2025-07-03T07:24:35","guid":{"rendered":"https:\/\/group.voltalis.com\/?p=10270"},"modified":"2025-09-04T09:16:26","modified_gmt":"2025-09-04T07:16:26","slug":"cafpi-choisit-voltalis-pour-optimiser-la-consommation-energetique-de-ses-agences-et-reduire-son-empreinte-carbone","status":"publish","type":"post","link":"https:\/\/group.voltalis.com\/fr\/type-de-contenu\/communiques-de-presse\/cafpi-choisit-voltalis-pour-optimiser-la-consommation-energetique-de-ses-agences-et-reduire-son-empreinte-carbone-10270","title":{"rendered":"CAFPI\u202fchoisit Voltalis pour optimiser la consommation \u00e9nerg\u00e9tique de ses agences et r\u00e9duire son empreinte carbone\u00a0"},"content":{"rendered":"\n<p><\/p>\n\n\n\n<p><\/p>\n\n\n\n<p><strong> <\/strong>Dans le cadre de sa d\u00e9marche RSE,\u202f<strong>CAFPI<\/strong>, leader du courtage en cr\u00e9dit immobilier avec un r\u00e9seau de plus de 200 agences en France, annonce un partenariat strat\u00e9gique avec\u202f<strong>Voltalis<\/strong>, sp\u00e9cialiste du pilotage intelligent de la consommation \u00e9lectrique. Cette association r\u00e9pond aux exigences du d\u00e9cret \u00ab thermostat \u00bb ainsi qu\u2019aux enjeux de performance \u00e9nerg\u00e9tique des b\u00e2timents tertiaires.&nbsp;&nbsp;<\/p>\n\n\n\n<p>Le projet pr\u00e9voit l\u2019\u00e9quipement des agences chauff\u00e9es \u00e9lectriquement avec le thermostat connect\u00e9 d\u00e9velopp\u00e9 par Voltalis, repr\u00e9sentant environ 5 000 m\u00b2 de surface de bureaux. Cette initiative vise une\u202fr\u00e9duction moyenne de 15 % de la consommation \u00e9nerg\u00e9tique, soit\u202fjusqu\u2019\u00e0 135 tonnes de CO\u2082 \u00e9vit\u00e9es chaque ann\u00e9e\u202f\u2013 l\u2019\u00e9quivalent de 29 tours du monde en avion.&nbsp;<\/p>\n\n\n\n<p><strong><strong>Une solution innovante, gratuite et sans compromis sur le confort<\/strong>\u00a0<\/strong><\/p>\n\n\n<div class=\"wp-block-image\">\n<figure class=\"alignleft size-full is-resized\"><img loading=\"lazy\" decoding=\"async\" width=\"556\" height=\"326\" src=\"https:\/\/group.voltalis.com\/wp-content\/uploads\/2025\/02\/image-3.jpeg\" alt=\"\" class=\"wp-image-10083\" style=\"width:371px;height:auto\" srcset=\"https:\/\/group.voltalis.com\/wp-content\/uploads\/2025\/02\/image-3.jpeg 556w, https:\/\/group.voltalis.com\/wp-content\/uploads\/2025\/02\/image-3-300x176.jpeg 300w\" sizes=\"auto, (max-width: 556px) 100vw, 556px\" \/><\/figure>\n<\/div>\n\n\n<p>La technologie Voltalis repose sur un syst\u00e8me de pilotage intelligent capable de r\u00e9aliser, en p\u00e9riode de forte tension sur le r\u00e9seau, de\u202f<strong>courtes r\u00e9ductions de consommation sur les syst\u00e8mes de chauffage<\/strong>, sans impact pour les usagers gr\u00e2ce \u00e0 l\u2019inertie thermique des b\u00e2timents. Ce m\u00e9canisme, dit \u00ab d\u2019effacement diffus \u00bb, contribue \u00e0\u202f<strong>l\u2019\u00e9quilibre du r\u00e9seau \u00e9lectrique<\/strong>\u202fet permet d\u2019\u00e9viter le recours \u00e0 des centrales thermiques d\u2019appoint fortement \u00e9mettrices de CO\u2082. Gr\u00e2ce \u00e0 ce service rendu au r\u00e9seau fran\u00e7ais, la solution Voltalis est propos\u00e9e enti\u00e8rement gratuitement aux entreprises.&nbsp;&nbsp;<\/p>\n\n\n\n<p><em>\u00ab Nous avons choisi Voltalis pour r\u00e9pondre \u00e0 une priorit\u00e9 strat\u00e9gique : disposer d\u2019une vision centralis\u00e9e et pilotable de la consommation \u00e9nerg\u00e9tique de nos agences, afin de l\u2019optimiser efficacement. Le chauffage repr\u00e9sente notre principal poste de d\u00e9pense \u00e9nerg\u00e9tique. Le dispositif Voltalis nous apporte une r\u00e9ponse concr\u00e8te, performante et cl\u00e9 en main, sans aucun co\u00fbt d\u2019investissement \u00bb, <\/em>d\u00e9clare <strong>Fran\u00e7ois Dhaussy, Group CFO de\u202fCAFPI.<\/strong>\u00a0<\/p>\n\n\n\n<p>Ce partenariat marque une nouvelle \u00e9tape dans l\u2019engagement de\u202fCAFPI\u202fen faveur d\u2019une gestion \u00e9nerg\u00e9tique responsable, au service d\u2019une performance durable.&nbsp;<\/p>\n\n\n\n<p><em>\u00ab\u202fCe partenariat significatif confirme la solidit\u00e9 de notre offre d\u2019accompagnement pour les professionnels organis\u00e9s en r\u00e9seau comme CAFPI. Cela d\u00e9montre notre compr\u00e9hension de leurs enjeux particuliers, auxquels nous apportons une r\u00e9ponse concr\u00e8te et rapidement d\u00e9ployable. Je les remercie pour leur confiance \u00bb,<\/em> commente <strong>Olivier Cassoudebat, Directeur Commercial de Voltalis.<\/strong>\u00a0\u00a0<\/p>\n\n\n\n<p><\/p>\n\n\n\n<p class=\"has-medium-font-size\"><\/p>\n\n\n\n<p class=\"has-text-align-center\"><strong><u>Contact presse<\/u>&nbsp;:<\/strong><\/p>\n\n\n\n<div class=\"wp-block-columns is-layout-flex wp-container-core-columns-is-layout-9d6595d7 wp-block-columns-is-layout-flex\">\n<div class=\"wp-block-column is-layout-flow wp-block-column-is-layout-flow\" style=\"flex-basis:100%\">\n<div class=\"wp-block-columns is-layout-flex wp-container-core-columns-is-layout-9d6595d7 wp-block-columns-is-layout-flex\">\n<div class=\"wp-block-column is-layout-flow wp-block-column-is-layout-flow\">\n<figure class=\"wp-block-table\"><table class=\"has-fixed-layout\"><tbody><tr><td class=\"has-text-align-center\" data-align=\"center\"><strong>CAFPI<\/strong>\u00a0<br>Carol Galivel \/ Julien Michon\u202f- Galivel &amp; Associ\u00e9s\u00a0<br>01 41 05 02 02 \/ 06 09 05 48 63\u202f<a href=\"mailto:galivel@galivel.com\" target=\"_blank\" rel=\"noreferrer noopener\">galivel@galivel.com<\/a>\u00a0<br>\u00a0<\/td><td class=\"has-text-align-center\" data-align=\"center\"><strong>VOLTALIS<\/strong><br>Clara Flore &#8211; Agence Shan<br><a href=\"mailto:voltalis@shan.fr\">voltalis@shan.fr<\/a> -06 16 04 64 33<\/td><\/tr><\/tbody><\/table><\/figure>\n<\/div>\n<\/div>\n<\/div>\n<\/div>\n\n\n\n<p><\/p>\n","protected":false},"excerpt":{"rendered":"<p>Dans le cadre de sa d\u00e9marche RSE,\u202fCAFPI, leader du courtage en cr\u00e9dit immobilier avec un r\u00e9seau de plus de 200 agences en France, annonce un partenariat strat\u00e9gique avec\u202fVoltalis, sp\u00e9cialiste du pilotage intelligent de la consommation \u00e9lectrique. Cette association r\u00e9pond aux exigences du d\u00e9cret \u00ab thermostat \u00bb ainsi qu\u2019aux enjeux de performance \u00e9nerg\u00e9tique des b\u00e2timents tertiaires.&nbsp;&nbsp; [&hellip;]<\/p>\n","protected":false},"author":12,"featured_media":0,"comment_status":"closed","ping_status":"closed","sticky":false,"template":"","format":"standard","meta":{"_acf_changed":false,"inline_featured_image":false,"footnotes":""},"categories":[202,3],"tags":[],"class_list":["post-10270","post","type-post","status-publish","format-standard","hentry","category-bailleurs","category-communiques-de-presse"],"acf":[],"yoast_head":"<!-- This site is optimized with the Yoast SEO plugin v27.5 - https:\/\/yoast.com\/product\/yoast-seo-wordpress\/ -->\n<title>CAFPI\u202fchoisit Voltalis pour optimiser la consommation \u00e9nerg\u00e9tique de ses agences et r\u00e9duire son empreinte carbone\u00a0 - Groupe Voltalis<\/title>\n<meta name=\"robots\" content=\"index, follow, max-snippet:-1, max-image-preview:large, max-video-preview:-1\" \/>\n<link rel=\"canonical\" href=\"https:\/\/group.voltalis.com\/fr\/type-de-contenu\/communiques-de-presse\/cafpi-choisit-voltalis-pour-optimiser-la-consommation-energetique-de-ses-agences-et-reduire-son-empreinte-carbone-10270\" \/>\n<meta property=\"og:locale\" content=\"fr_FR\" \/>\n<meta property=\"og:type\" content=\"article\" \/>\n<meta property=\"og:title\" content=\"CAFPI\u202fchoisit Voltalis pour optimiser la consommation \u00e9nerg\u00e9tique de ses agences et r\u00e9duire son empreinte carbone\u00a0 - Groupe Voltalis\" \/>\n<meta property=\"og:description\" content=\"Dans le cadre de sa d\u00e9marche RSE,\u202fCAFPI, leader du courtage en cr\u00e9dit immobilier avec un r\u00e9seau de plus de 200 agences en France, annonce un partenariat strat\u00e9gique avec\u202fVoltalis, sp\u00e9cialiste du pilotage intelligent de la consommation \u00e9lectrique. Cette association r\u00e9pond aux exigences du d\u00e9cret \u00ab thermostat \u00bb ainsi qu\u2019aux enjeux de performance \u00e9nerg\u00e9tique des b\u00e2timents tertiaires.&nbsp;&nbsp; [&hellip;]\" \/>\n<meta property=\"og:url\" content=\"https:\/\/group.voltalis.com\/fr\/type-de-contenu\/communiques-de-presse\/cafpi-choisit-voltalis-pour-optimiser-la-consommation-energetique-de-ses-agences-et-reduire-son-empreinte-carbone-10270\" \/>\n<meta property=\"og:site_name\" content=\"Groupe Voltalis\" \/>\n<meta property=\"article:publisher\" content=\"https:\/\/www.facebook.com\/pages\/category\/Product-Service\/Voltalis-178720392179068\/\" \/>\n<meta property=\"article:published_time\" content=\"2025-07-03T07:24:35+00:00\" \/>\n<meta property=\"article:modified_time\" content=\"2025-09-04T07:16:26+00:00\" \/>\n<meta property=\"og:image\" content=\"https:\/\/group.voltalis.com\/wp-content\/uploads\/2025\/02\/image-3.jpeg\" \/>\n\t<meta property=\"og:image:width\" content=\"556\" \/>\n\t<meta property=\"og:image:height\" content=\"326\" \/>\n\t<meta property=\"og:image:type\" content=\"image\/jpeg\" \/>\n<meta name=\"author\" content=\"Alexane\" \/>\n<meta name=\"twitter:card\" content=\"summary_large_image\" \/>\n<meta name=\"twitter:label1\" content=\"\u00c9crit par\" \/>\n\t<meta name=\"twitter:data1\" content=\"Alexane\" \/>\n\t<meta name=\"twitter:label2\" content=\"Dur\u00e9e de lecture estim\u00e9e\" \/>\n\t<meta name=\"twitter:data2\" content=\"2 minutes\" \/>\n<script type=\"application\/ld+json\" class=\"yoast-schema-graph\">{\"@context\":\"https:\\\/\\\/schema.org\",\"@graph\":[{\"@type\":\"Article\",\"@id\":\"https:\\\/\\\/group.voltalis.com\\\/fr\\\/type-de-contenu\\\/communiques-de-presse\\\/cafpi-choisit-voltalis-pour-optimiser-la-consommation-energetique-de-ses-agences-et-reduire-son-empreinte-carbone-10270#article\",\"isPartOf\":{\"@id\":\"https:\\\/\\\/group.voltalis.com\\\/fr\\\/type-de-contenu\\\/communiques-de-presse\\\/cafpi-choisit-voltalis-pour-optimiser-la-consommation-energetique-de-ses-agences-et-reduire-son-empreinte-carbone-10270\"},\"author\":{\"name\":\"Alexane\",\"@id\":\"https:\\\/\\\/group.voltalis.com\\\/en\\\/#\\\/schema\\\/person\\\/4b1cbe0f01025c70fcdd38212cf95135\"},\"headline\":\"CAFPI\u202fchoisit Voltalis pour optimiser la consommation \u00e9nerg\u00e9tique de ses agences et r\u00e9duire son empreinte carbone\u00a0\",\"datePublished\":\"2025-07-03T07:24:35+00:00\",\"dateModified\":\"2025-09-04T07:16:26+00:00\",\"mainEntityOfPage\":{\"@id\":\"https:\\\/\\\/group.voltalis.com\\\/fr\\\/type-de-contenu\\\/communiques-de-presse\\\/cafpi-choisit-voltalis-pour-optimiser-la-consommation-energetique-de-ses-agences-et-reduire-son-empreinte-carbone-10270\"},\"wordCount\":437,\"image\":{\"@id\":\"https:\\\/\\\/group.voltalis.com\\\/fr\\\/type-de-contenu\\\/communiques-de-presse\\\/cafpi-choisit-voltalis-pour-optimiser-la-consommation-energetique-de-ses-agences-et-reduire-son-empreinte-carbone-10270#primaryimage\"},\"thumbnailUrl\":\"https:\\\/\\\/group.voltalis.com\\\/wp-content\\\/uploads\\\/2025\\\/02\\\/image-3.jpeg\",\"articleSection\":[\"Bailleurs\",\"Communiqu\u00e9s\"],\"inLanguage\":\"fr-FR\"},{\"@type\":\"WebPage\",\"@id\":\"https:\\\/\\\/group.voltalis.com\\\/fr\\\/type-de-contenu\\\/communiques-de-presse\\\/cafpi-choisit-voltalis-pour-optimiser-la-consommation-energetique-de-ses-agences-et-reduire-son-empreinte-carbone-10270\",\"url\":\"https:\\\/\\\/group.voltalis.com\\\/fr\\\/type-de-contenu\\\/communiques-de-presse\\\/cafpi-choisit-voltalis-pour-optimiser-la-consommation-energetique-de-ses-agences-et-reduire-son-empreinte-carbone-10270\",\"name\":\"CAFPI\u202fchoisit Voltalis pour optimiser la consommation \u00e9nerg\u00e9tique de ses agences et r\u00e9duire son empreinte carbone\u00a0 - Groupe Voltalis\",\"isPartOf\":{\"@id\":\"https:\\\/\\\/group.voltalis.com\\\/en\\\/#website\"},\"primaryImageOfPage\":{\"@id\":\"https:\\\/\\\/group.voltalis.com\\\/fr\\\/type-de-contenu\\\/communiques-de-presse\\\/cafpi-choisit-voltalis-pour-optimiser-la-consommation-energetique-de-ses-agences-et-reduire-son-empreinte-carbone-10270#primaryimage\"},\"image\":{\"@id\":\"https:\\\/\\\/group.voltalis.com\\\/fr\\\/type-de-contenu\\\/communiques-de-presse\\\/cafpi-choisit-voltalis-pour-optimiser-la-consommation-energetique-de-ses-agences-et-reduire-son-empreinte-carbone-10270#primaryimage\"},\"thumbnailUrl\":\"https:\\\/\\\/group.voltalis.com\\\/wp-content\\\/uploads\\\/2025\\\/02\\\/image-3.jpeg\",\"datePublished\":\"2025-07-03T07:24:35+00:00\",\"dateModified\":\"2025-09-04T07:16:26+00:00\",\"author\":{\"@id\":\"https:\\\/\\\/group.voltalis.com\\\/en\\\/#\\\/schema\\\/person\\\/4b1cbe0f01025c70fcdd38212cf95135\"},\"breadcrumb\":{\"@id\":\"https:\\\/\\\/group.voltalis.com\\\/fr\\\/type-de-contenu\\\/communiques-de-presse\\\/cafpi-choisit-voltalis-pour-optimiser-la-consommation-energetique-de-ses-agences-et-reduire-son-empreinte-carbone-10270#breadcrumb\"},\"inLanguage\":\"fr-FR\",\"potentialAction\":[{\"@type\":\"ReadAction\",\"target\":[\"https:\\\/\\\/group.voltalis.com\\\/fr\\\/type-de-contenu\\\/communiques-de-presse\\\/cafpi-choisit-voltalis-pour-optimiser-la-consommation-energetique-de-ses-agences-et-reduire-son-empreinte-carbone-10270\"]}]},{\"@type\":\"ImageObject\",\"inLanguage\":\"fr-FR\",\"@id\":\"https:\\\/\\\/group.voltalis.com\\\/fr\\\/type-de-contenu\\\/communiques-de-presse\\\/cafpi-choisit-voltalis-pour-optimiser-la-consommation-energetique-de-ses-agences-et-reduire-son-empreinte-carbone-10270#primaryimage\",\"url\":\"https:\\\/\\\/group.voltalis.com\\\/wp-content\\\/uploads\\\/2025\\\/02\\\/image-3.jpeg\",\"contentUrl\":\"https:\\\/\\\/group.voltalis.com\\\/wp-content\\\/uploads\\\/2025\\\/02\\\/image-3.jpeg\"},{\"@type\":\"BreadcrumbList\",\"@id\":\"https:\\\/\\\/group.voltalis.com\\\/fr\\\/type-de-contenu\\\/communiques-de-presse\\\/cafpi-choisit-voltalis-pour-optimiser-la-consommation-energetique-de-ses-agences-et-reduire-son-empreinte-carbone-10270#breadcrumb\",\"itemListElement\":[{\"@type\":\"ListItem\",\"position\":1,\"name\":\"Home\",\"item\":\"https:\\\/\\\/group.voltalis.com\\\/fr\"},{\"@type\":\"ListItem\",\"position\":2,\"name\":\"CAFPI\u202fchoisit Voltalis pour optimiser la consommation \u00e9nerg\u00e9tique de ses agences et r\u00e9duire son empreinte carbone\u00a0\"}]},{\"@type\":\"WebSite\",\"@id\":\"https:\\\/\\\/group.voltalis.com\\\/en\\\/#website\",\"url\":\"https:\\\/\\\/group.voltalis.com\\\/en\\\/\",\"name\":\"Groupe Voltalis\",\"description\":\"Bien plus que des \u00e9conomies d&#039;\u00e9nergie\",\"potentialAction\":[{\"@type\":\"SearchAction\",\"target\":{\"@type\":\"EntryPoint\",\"urlTemplate\":\"https:\\\/\\\/group.voltalis.com\\\/en\\\/?s={search_term_string}\"},\"query-input\":{\"@type\":\"PropertyValueSpecification\",\"valueRequired\":true,\"valueName\":\"search_term_string\"}}],\"inLanguage\":\"fr-FR\"},{\"@type\":\"Person\",\"@id\":\"https:\\\/\\\/group.voltalis.com\\\/en\\\/#\\\/schema\\\/person\\\/4b1cbe0f01025c70fcdd38212cf95135\",\"name\":\"Alexane\",\"image\":{\"@type\":\"ImageObject\",\"inLanguage\":\"fr-FR\",\"@id\":\"https:\\\/\\\/secure.gravatar.com\\\/avatar\\\/30dd78037058843d269c357b406aa01da51eb6ad19f53de9f0fef498b199071b?s=96&d=mm&r=g\",\"url\":\"https:\\\/\\\/secure.gravatar.com\\\/avatar\\\/30dd78037058843d269c357b406aa01da51eb6ad19f53de9f0fef498b199071b?s=96&d=mm&r=g\",\"contentUrl\":\"https:\\\/\\\/secure.gravatar.com\\\/avatar\\\/30dd78037058843d269c357b406aa01da51eb6ad19f53de9f0fef498b199071b?s=96&d=mm&r=g\",\"caption\":\"Alexane\"},\"url\":\"https:\\\/\\\/group.voltalis.com\\\/fr\\\/author\\\/alexane\"}]}<\/script>\n<!-- \/ Yoast SEO plugin. -->","yoast_head_json":{"title":"CAFPI\u202fchoisit Voltalis pour optimiser la consommation \u00e9nerg\u00e9tique de ses agences et r\u00e9duire son empreinte carbone\u00a0 - Groupe Voltalis","robots":{"index":"index","follow":"follow","max-snippet":"max-snippet:-1","max-image-preview":"max-image-preview:large","max-video-preview":"max-video-preview:-1"},"canonical":"https:\/\/group.voltalis.com\/fr\/type-de-contenu\/communiques-de-presse\/cafpi-choisit-voltalis-pour-optimiser-la-consommation-energetique-de-ses-agences-et-reduire-son-empreinte-carbone-10270","og_locale":"fr_FR","og_type":"article","og_title":"CAFPI\u202fchoisit Voltalis pour optimiser la consommation \u00e9nerg\u00e9tique de ses agences et r\u00e9duire son empreinte carbone\u00a0 - Groupe Voltalis","og_description":"Dans le cadre de sa d\u00e9marche RSE,\u202fCAFPI, leader du courtage en cr\u00e9dit immobilier avec un r\u00e9seau de plus de 200 agences en France, annonce un partenariat strat\u00e9gique avec\u202fVoltalis, sp\u00e9cialiste du pilotage intelligent de la consommation \u00e9lectrique. Cette association r\u00e9pond aux exigences du d\u00e9cret \u00ab thermostat \u00bb ainsi qu\u2019aux enjeux de performance \u00e9nerg\u00e9tique des b\u00e2timents tertiaires.&nbsp;&nbsp; [&hellip;]","og_url":"https:\/\/group.voltalis.com\/fr\/type-de-contenu\/communiques-de-presse\/cafpi-choisit-voltalis-pour-optimiser-la-consommation-energetique-de-ses-agences-et-reduire-son-empreinte-carbone-10270","og_site_name":"Groupe Voltalis","article_publisher":"https:\/\/www.facebook.com\/pages\/category\/Product-Service\/Voltalis-178720392179068\/","article_published_time":"2025-07-03T07:24:35+00:00","article_modified_time":"2025-09-04T07:16:26+00:00","og_image":[{"width":556,"height":326,"url":"https:\/\/group.voltalis.com\/wp-content\/uploads\/2025\/02\/image-3.jpeg","type":"image\/jpeg"}],"author":"Alexane","twitter_card":"summary_large_image","twitter_misc":{"\u00c9crit par":"Alexane","Dur\u00e9e de lecture estim\u00e9e":"2 minutes"},"schema":{"@context":"https:\/\/schema.org","@graph":[{"@type":"Article","@id":"https:\/\/group.voltalis.com\/fr\/type-de-contenu\/communiques-de-presse\/cafpi-choisit-voltalis-pour-optimiser-la-consommation-energetique-de-ses-agences-et-reduire-son-empreinte-carbone-10270#article","isPartOf":{"@id":"https:\/\/group.voltalis.com\/fr\/type-de-contenu\/communiques-de-presse\/cafpi-choisit-voltalis-pour-optimiser-la-consommation-energetique-de-ses-agences-et-reduire-son-empreinte-carbone-10270"},"author":{"name":"Alexane","@id":"https:\/\/group.voltalis.com\/en\/#\/schema\/person\/4b1cbe0f01025c70fcdd38212cf95135"},"headline":"CAFPI\u202fchoisit Voltalis pour optimiser la consommation \u00e9nerg\u00e9tique de ses agences et r\u00e9duire son empreinte carbone\u00a0","datePublished":"2025-07-03T07:24:35+00:00","dateModified":"2025-09-04T07:16:26+00:00","mainEntityOfPage":{"@id":"https:\/\/group.voltalis.com\/fr\/type-de-contenu\/communiques-de-presse\/cafpi-choisit-voltalis-pour-optimiser-la-consommation-energetique-de-ses-agences-et-reduire-son-empreinte-carbone-10270"},"wordCount":437,"image":{"@id":"https:\/\/group.voltalis.com\/fr\/type-de-contenu\/communiques-de-presse\/cafpi-choisit-voltalis-pour-optimiser-la-consommation-energetique-de-ses-agences-et-reduire-son-empreinte-carbone-10270#primaryimage"},"thumbnailUrl":"https:\/\/group.voltalis.com\/wp-content\/uploads\/2025\/02\/image-3.jpeg","articleSection":["Bailleurs","Communiqu\u00e9s"],"inLanguage":"fr-FR"},{"@type":"WebPage","@id":"https:\/\/group.voltalis.com\/fr\/type-de-contenu\/communiques-de-presse\/cafpi-choisit-voltalis-pour-optimiser-la-consommation-energetique-de-ses-agences-et-reduire-son-empreinte-carbone-10270","url":"https:\/\/group.voltalis.com\/fr\/type-de-contenu\/communiques-de-presse\/cafpi-choisit-voltalis-pour-optimiser-la-consommation-energetique-de-ses-agences-et-reduire-son-empreinte-carbone-10270","name":"CAFPI\u202fchoisit Voltalis pour optimiser la consommation \u00e9nerg\u00e9tique de ses agences et r\u00e9duire son empreinte carbone\u00a0 - Groupe Voltalis","isPartOf":{"@id":"https:\/\/group.voltalis.com\/en\/#website"},"primaryImageOfPage":{"@id":"https:\/\/group.voltalis.com\/fr\/type-de-contenu\/communiques-de-presse\/cafpi-choisit-voltalis-pour-optimiser-la-consommation-energetique-de-ses-agences-et-reduire-son-empreinte-carbone-10270#primaryimage"},"image":{"@id":"https:\/\/group.voltalis.com\/fr\/type-de-contenu\/communiques-de-presse\/cafpi-choisit-voltalis-pour-optimiser-la-consommation-energetique-de-ses-agences-et-reduire-son-empreinte-carbone-10270#primaryimage"},"thumbnailUrl":"https:\/\/group.voltalis.com\/wp-content\/uploads\/2025\/02\/image-3.jpeg","datePublished":"2025-07-03T07:24:35+00:00","dateModified":"2025-09-04T07:16:26+00:00","author":{"@id":"https:\/\/group.voltalis.com\/en\/#\/schema\/person\/4b1cbe0f01025c70fcdd38212cf95135"},"breadcrumb":{"@id":"https:\/\/group.voltalis.com\/fr\/type-de-contenu\/communiques-de-presse\/cafpi-choisit-voltalis-pour-optimiser-la-consommation-energetique-de-ses-agences-et-reduire-son-empreinte-carbone-10270#breadcrumb"},"inLanguage":"fr-FR","potentialAction":[{"@type":"ReadAction","target":["https:\/\/group.voltalis.com\/fr\/type-de-contenu\/communiques-de-presse\/cafpi-choisit-voltalis-pour-optimiser-la-consommation-energetique-de-ses-agences-et-reduire-son-empreinte-carbone-10270"]}]},{"@type":"ImageObject","inLanguage":"fr-FR","@id":"https:\/\/group.voltalis.com\/fr\/type-de-contenu\/communiques-de-presse\/cafpi-choisit-voltalis-pour-optimiser-la-consommation-energetique-de-ses-agences-et-reduire-son-empreinte-carbone-10270#primaryimage","url":"https:\/\/group.voltalis.com\/wp-content\/uploads\/2025\/02\/image-3.jpeg","contentUrl":"https:\/\/group.voltalis.com\/wp-content\/uploads\/2025\/02\/image-3.jpeg"},{"@type":"BreadcrumbList","@id":"https:\/\/group.voltalis.com\/fr\/type-de-contenu\/communiques-de-presse\/cafpi-choisit-voltalis-pour-optimiser-la-consommation-energetique-de-ses-agences-et-reduire-son-empreinte-carbone-10270#breadcrumb","itemListElement":[{"@type":"ListItem","position":1,"name":"Home","item":"https:\/\/group.voltalis.com\/fr"},{"@type":"ListItem","position":2,"name":"CAFPI\u202fchoisit Voltalis pour optimiser la consommation \u00e9nerg\u00e9tique de ses agences et r\u00e9duire son empreinte carbone\u00a0"}]},{"@type":"WebSite","@id":"https:\/\/group.voltalis.com\/en\/#website","url":"https:\/\/group.voltalis.com\/en\/","name":"Groupe Voltalis","description":"Bien plus que des \u00e9conomies d&#039;\u00e9nergie","potentialAction":[{"@type":"SearchAction","target":{"@type":"EntryPoint","urlTemplate":"https:\/\/group.voltalis.com\/en\/?s={search_term_string}"},"query-input":{"@type":"PropertyValueSpecification","valueRequired":true,"valueName":"search_term_string"}}],"inLanguage":"fr-FR"},{"@type":"Person","@id":"https:\/\/group.voltalis.com\/en\/#\/schema\/person\/4b1cbe0f01025c70fcdd38212cf95135","name":"Alexane","image":{"@type":"ImageObject","inLanguage":"fr-FR","@id":"https:\/\/secure.gravatar.com\/avatar\/30dd78037058843d269c357b406aa01da51eb6ad19f53de9f0fef498b199071b?s=96&d=mm&r=g","url":"https:\/\/secure.gravatar.com\/avatar\/30dd78037058843d269c357b406aa01da51eb6ad19f53de9f0fef498b199071b?s=96&d=mm&r=g","contentUrl":"https:\/\/secure.gravatar.com\/avatar\/30dd78037058843d269c357b406aa01da51eb6ad19f53de9f0fef498b199071b?s=96&d=mm&r=g","caption":"Alexane"},"url":"https:\/\/group.voltalis.com\/fr\/author\/alexane"}]}},"_links":{"self":[{"href":"https:\/\/group.voltalis.com\/fr\/wp-json\/wp\/v2\/posts\/10270","targetHints":{"allow":["GET"]}}],"collection":[{"href":"https:\/\/group.voltalis.com\/fr\/wp-json\/wp\/v2\/posts"}],"about":[{"href":"https:\/\/group.voltalis.com\/fr\/wp-json\/wp\/v2\/types\/post"}],"author":[{"embeddable":true,"href":"https:\/\/group.voltalis.com\/fr\/wp-json\/wp\/v2\/users\/12"}],"replies":[{"embeddable":true,"href":"https:\/\/group.voltalis.com\/fr\/wp-json\/wp\/v2\/comments?post=10270"}],"version-history":[{"count":1,"href":"https:\/\/group.voltalis.com\/fr\/wp-json\/wp\/v2\/posts\/10270\/revisions"}],"predecessor-version":[{"id":10273,"href":"https:\/\/group.voltalis.com\/fr\/wp-json\/wp\/v2\/posts\/10270\/revisions\/10273"}],"wp:attachment":[{"href":"https:\/\/group.voltalis.com\/fr\/wp-json\/wp\/v2\/media?parent=10270"}],"wp:term":[{"taxonomy":"category","embeddable":true,"href":"https:\/\/group.voltalis.com\/fr\/wp-json\/wp\/v2\/categories?post=10270"},{"taxonomy":"post_tag","embeddable":true,"href":"https:\/\/group.voltalis.com\/fr\/wp-json\/wp\/v2\/tags?post=10270"}],"curies":[{"name":"wp","href":"https:\/\/api.w.org\/{rel}","templated":true}]}}