{"id":10274,"date":"2025-07-03T09:38:49","date_gmt":"2025-07-03T07:38:49","guid":{"rendered":"https:\/\/group.voltalis.com\/?p=10274"},"modified":"2025-09-04T09:13:56","modified_gmt":"2025-09-04T07:13:56","slug":"le-grand-perigueux-encourage-les-reductions-de-consommations-denergie","status":"publish","type":"post","link":"https:\/\/group.voltalis.com\/fr\/type-de-contenu\/communiques-de-presse\/le-grand-perigueux-encourage-les-reductions-de-consommations-denergie-10274","title":{"rendered":"Le Grand P\u00e9rigueux encourage les r\u00e9ductions de consommations d\u2019\u00e9nergie"},"content":{"rendered":"\n<p><\/p>\n\n\n\n<p><\/p>\n\n\n\n<p><strong> <\/strong>Dans le cadre de son Plan Climat, le Grand P\u00e9rigueux agit en faveur des r\u00e9ductions de consommations d\u2019\u00e9nergie. La<br>Communaut\u00e9 d\u2019agglom\u00e9ration s\u2019est associ\u00e9e \u00e0 Voltalis, leader des solutions connect\u00e9es d\u2019\u00e9conomies d\u2019\u00e9nergie et<br>de pilotage du chauffage \u00e9lectrique pour permettre \u00e0 15 000 foyers et professionnels de l\u2019agglom\u00e9ration chauff\u00e9s<br>\u00e0 l\u2019\u00e9lectrique, de b\u00e9n\u00e9ficier gratuitement de l\u2019installation du thermostat connect\u00e9 Voltalis et r\u00e9aliser jusqu\u2019\u00e0 15%<br>d\u2019\u00e9conomies d\u2019\u00e9nergie.<\/p>\n\n\n\n<p class=\"has-medium-font-size\"><strong>Un partenariat en faveur des \u00e9conomies d\u2019\u00e9nergie<\/strong><\/p>\n\n\n\n<p>Qui est concern\u00e9 ?<\/p>\n\n\n\n<p>Tous les locaux chauff\u00e9s \u00e0 l\u2019\u00e9lectrique (radiateurs ou pompes \u00e0 chaleur) : logements, salons de coiffure,<br>instituts de beaut\u00e9, agences immobili\u00e8res, professions lib\u00e9rales et m\u00e9dicales, auto-\u00e9coles, associations,<br>restaurants\u2026.<\/p>\n\n\n\n<p><strong>Avantages de la solution Voltalis ?<\/strong><\/p>\n\n\n\n<p>En fonction de la temp\u00e9rature souhait\u00e9e et de ses habitudes, le thermostat permet de programmer son<br>chauffage.<\/p>\n\n\n\n<p>Connect\u00e9 au r\u00e9seau \u00e9lectrique fran\u00e7ais, Voltalis peut, \u00e0 la demande du R\u00e9seau de Transport d\u2019Electricit\u00e9 (RTE), moduler la consommation de tous les \u00e9quipements connect\u00e9s pour soulager le r\u00e9seau au moment des pics<br>de consommation. Et ceci sans impact sur le confort.<\/p>\n\n\n\n<p class=\"has-medium-font-size\"><strong>Les thermostats sur les radiateurs \u00e9lectriques seront obligatoires le 1er janvier 2027<\/strong><\/p>\n\n\n\n<p class=\"has-small-font-size\">A partir du 1er janvier 2027, les thermostats sur les radiateurs \u00e9lectriques seront obligatoires.<br>En soutenant Voltalis, le Grand P\u00e9rigueux propose cette campagne d\u2019installation gratuite aux habitants de son territoire et ainsi d\u2019anticiper.<\/p>\n\n\n\n<p class=\"has-medium-font-size\"><strong>Comment s\u2019\u00e9quiper\u202f?<\/strong><\/p>\n\n\n\n<p class=\"has-small-font-size\">Prendre rendez-vous avec un technicien de Voltalis :<br>09 72 10 17 18<\/p>\n\n\n\n<p class=\"has-medium-font-size\"><\/p>\n\n\n\n<p class=\"has-text-align-center\"><strong><u>Contact presse<\/u>&nbsp;:<\/strong><\/p>\n\n\n\n<div class=\"wp-block-columns is-layout-flex wp-container-core-columns-is-layout-9d6595d7 wp-block-columns-is-layout-flex\">\n<div class=\"wp-block-column is-layout-flow wp-block-column-is-layout-flow\" style=\"flex-basis:100%\">\n<div class=\"wp-block-columns is-layout-flex wp-container-core-columns-is-layout-9d6595d7 wp-block-columns-is-layout-flex\">\n<div class=\"wp-block-column is-layout-flow wp-block-column-is-layout-flow\">\n<figure class=\"wp-block-table\"><table class=\"has-fixed-layout\"><tbody><tr><td class=\"has-text-align-center\" data-align=\"center\"><strong>Le Grand P\u00e9rigueux<br><\/strong>H\u00e9l\u00e8ne Chevalier Villate, Directrice de la communication<br>05 53 35 86 74|06 75 16 28 11<\/td><td class=\"has-text-align-center\" data-align=\"center\"><strong>VOLTALIS<\/strong><br>Clara Flore &#8211; Agence Shan<br><a href=\"mailto:voltalis@shan.fr\">voltalis@shan.fr<\/a> -06 16 04 64 33<\/td><\/tr><\/tbody><\/table><\/figure>\n<\/div>\n<\/div>\n<\/div>\n<\/div>\n\n\n\n<p><\/p>\n","protected":false},"excerpt":{"rendered":"<p>Dans le cadre de son Plan Climat, le Grand P\u00e9rigueux agit en faveur des r\u00e9ductions de consommations d\u2019\u00e9nergie. LaCommunaut\u00e9 d\u2019agglom\u00e9ration s\u2019est associ\u00e9e \u00e0 Voltalis, leader des solutions connect\u00e9es d\u2019\u00e9conomies d\u2019\u00e9nergie etde pilotage du chauffage \u00e9lectrique pour permettre \u00e0 15 000 foyers et professionnels de l\u2019agglom\u00e9ration chauff\u00e9s\u00e0 l\u2019\u00e9lectrique, de b\u00e9n\u00e9ficier gratuitement de l\u2019installation du thermostat connect\u00e9 [&hellip;]<\/p>\n","protected":false},"author":12,"featured_media":0,"comment_status":"closed","ping_status":"closed","sticky":false,"template":"","format":"standard","meta":{"_acf_changed":false,"inline_featured_image":false,"footnotes":""},"categories":[199,3],"tags":[],"class_list":["post-10274","post","type-post","status-publish","format-standard","hentry","category-collectivites","category-communiques-de-presse"],"acf":[],"yoast_head":"<!-- This site is optimized with the Yoast SEO plugin v27.5 - https:\/\/yoast.com\/product\/yoast-seo-wordpress\/ -->\n<title>Le Grand P\u00e9rigueux encourage les r\u00e9ductions de consommations d\u2019\u00e9nergie - Groupe Voltalis<\/title>\n<meta name=\"robots\" content=\"index, follow, max-snippet:-1, max-image-preview:large, max-video-preview:-1\" \/>\n<link rel=\"canonical\" href=\"https:\/\/group.voltalis.com\/fr\/type-de-contenu\/communiques-de-presse\/le-grand-perigueux-encourage-les-reductions-de-consommations-denergie-10274\" \/>\n<meta property=\"og:locale\" content=\"fr_FR\" \/>\n<meta property=\"og:type\" content=\"article\" \/>\n<meta property=\"og:title\" content=\"Le Grand P\u00e9rigueux encourage les r\u00e9ductions de consommations d\u2019\u00e9nergie - Groupe Voltalis\" \/>\n<meta property=\"og:description\" content=\"Dans le cadre de son Plan Climat, le Grand P\u00e9rigueux agit en faveur des r\u00e9ductions de consommations d\u2019\u00e9nergie. LaCommunaut\u00e9 d\u2019agglom\u00e9ration s\u2019est associ\u00e9e \u00e0 Voltalis, leader des solutions connect\u00e9es d\u2019\u00e9conomies d\u2019\u00e9nergie etde pilotage du chauffage \u00e9lectrique pour permettre \u00e0 15 000 foyers et professionnels de l\u2019agglom\u00e9ration chauff\u00e9s\u00e0 l\u2019\u00e9lectrique, de b\u00e9n\u00e9ficier gratuitement de l\u2019installation du thermostat connect\u00e9 [&hellip;]\" \/>\n<meta property=\"og:url\" content=\"https:\/\/group.voltalis.com\/fr\/type-de-contenu\/communiques-de-presse\/le-grand-perigueux-encourage-les-reductions-de-consommations-denergie-10274\" \/>\n<meta property=\"og:site_name\" content=\"Groupe Voltalis\" \/>\n<meta property=\"article:publisher\" content=\"https:\/\/www.facebook.com\/pages\/category\/Product-Service\/Voltalis-178720392179068\/\" \/>\n<meta property=\"article:published_time\" content=\"2025-07-03T07:38:49+00:00\" \/>\n<meta property=\"article:modified_time\" content=\"2025-09-04T07:13:56+00:00\" \/>\n<meta name=\"author\" content=\"Alexane\" \/>\n<meta name=\"twitter:card\" content=\"summary_large_image\" \/>\n<meta name=\"twitter:label1\" content=\"\u00c9crit par\" \/>\n\t<meta name=\"twitter:data1\" content=\"Alexane\" \/>\n\t<meta name=\"twitter:label2\" content=\"Dur\u00e9e de lecture estim\u00e9e\" \/>\n\t<meta name=\"twitter:data2\" content=\"2 minutes\" \/>\n<script type=\"application\/ld+json\" class=\"yoast-schema-graph\">{\"@context\":\"https:\\\/\\\/schema.org\",\"@graph\":[{\"@type\":\"Article\",\"@id\":\"https:\\\/\\\/group.voltalis.com\\\/fr\\\/type-de-contenu\\\/communiques-de-presse\\\/le-grand-perigueux-encourage-les-reductions-de-consommations-denergie-10274#article\",\"isPartOf\":{\"@id\":\"https:\\\/\\\/group.voltalis.com\\\/fr\\\/type-de-contenu\\\/communiques-de-presse\\\/le-grand-perigueux-encourage-les-reductions-de-consommations-denergie-10274\"},\"author\":{\"name\":\"Alexane\",\"@id\":\"https:\\\/\\\/group.voltalis.com\\\/en\\\/#\\\/schema\\\/person\\\/4b1cbe0f01025c70fcdd38212cf95135\"},\"headline\":\"Le Grand P\u00e9rigueux encourage les r\u00e9ductions de consommations d\u2019\u00e9nergie\",\"datePublished\":\"2025-07-03T07:38:49+00:00\",\"dateModified\":\"2025-09-04T07:13:56+00:00\",\"mainEntityOfPage\":{\"@id\":\"https:\\\/\\\/group.voltalis.com\\\/fr\\\/type-de-contenu\\\/communiques-de-presse\\\/le-grand-perigueux-encourage-les-reductions-de-consommations-denergie-10274\"},\"wordCount\":281,\"articleSection\":[\"Collectivit\u00e9s\",\"Communiqu\u00e9s\"],\"inLanguage\":\"fr-FR\"},{\"@type\":\"WebPage\",\"@id\":\"https:\\\/\\\/group.voltalis.com\\\/fr\\\/type-de-contenu\\\/communiques-de-presse\\\/le-grand-perigueux-encourage-les-reductions-de-consommations-denergie-10274\",\"url\":\"https:\\\/\\\/group.voltalis.com\\\/fr\\\/type-de-contenu\\\/communiques-de-presse\\\/le-grand-perigueux-encourage-les-reductions-de-consommations-denergie-10274\",\"name\":\"Le Grand P\u00e9rigueux encourage les r\u00e9ductions de consommations d\u2019\u00e9nergie - Groupe Voltalis\",\"isPartOf\":{\"@id\":\"https:\\\/\\\/group.voltalis.com\\\/en\\\/#website\"},\"datePublished\":\"2025-07-03T07:38:49+00:00\",\"dateModified\":\"2025-09-04T07:13:56+00:00\",\"author\":{\"@id\":\"https:\\\/\\\/group.voltalis.com\\\/en\\\/#\\\/schema\\\/person\\\/4b1cbe0f01025c70fcdd38212cf95135\"},\"breadcrumb\":{\"@id\":\"https:\\\/\\\/group.voltalis.com\\\/fr\\\/type-de-contenu\\\/communiques-de-presse\\\/le-grand-perigueux-encourage-les-reductions-de-consommations-denergie-10274#breadcrumb\"},\"inLanguage\":\"fr-FR\",\"potentialAction\":[{\"@type\":\"ReadAction\",\"target\":[\"https:\\\/\\\/group.voltalis.com\\\/fr\\\/type-de-contenu\\\/communiques-de-presse\\\/le-grand-perigueux-encourage-les-reductions-de-consommations-denergie-10274\"]}]},{\"@type\":\"BreadcrumbList\",\"@id\":\"https:\\\/\\\/group.voltalis.com\\\/fr\\\/type-de-contenu\\\/communiques-de-presse\\\/le-grand-perigueux-encourage-les-reductions-de-consommations-denergie-10274#breadcrumb\",\"itemListElement\":[{\"@type\":\"ListItem\",\"position\":1,\"name\":\"Home\",\"item\":\"https:\\\/\\\/group.voltalis.com\\\/fr\"},{\"@type\":\"ListItem\",\"position\":2,\"name\":\"Le Grand P\u00e9rigueux encourage les r\u00e9ductions de consommations d\u2019\u00e9nergie\"}]},{\"@type\":\"WebSite\",\"@id\":\"https:\\\/\\\/group.voltalis.com\\\/en\\\/#website\",\"url\":\"https:\\\/\\\/group.voltalis.com\\\/en\\\/\",\"name\":\"Groupe Voltalis\",\"description\":\"Bien plus que des \u00e9conomies d&#039;\u00e9nergie\",\"potentialAction\":[{\"@type\":\"SearchAction\",\"target\":{\"@type\":\"EntryPoint\",\"urlTemplate\":\"https:\\\/\\\/group.voltalis.com\\\/en\\\/?s={search_term_string}\"},\"query-input\":{\"@type\":\"PropertyValueSpecification\",\"valueRequired\":true,\"valueName\":\"search_term_string\"}}],\"inLanguage\":\"fr-FR\"},{\"@type\":\"Person\",\"@id\":\"https:\\\/\\\/group.voltalis.com\\\/en\\\/#\\\/schema\\\/person\\\/4b1cbe0f01025c70fcdd38212cf95135\",\"name\":\"Alexane\",\"image\":{\"@type\":\"ImageObject\",\"inLanguage\":\"fr-FR\",\"@id\":\"https:\\\/\\\/secure.gravatar.com\\\/avatar\\\/30dd78037058843d269c357b406aa01da51eb6ad19f53de9f0fef498b199071b?s=96&d=mm&r=g\",\"url\":\"https:\\\/\\\/secure.gravatar.com\\\/avatar\\\/30dd78037058843d269c357b406aa01da51eb6ad19f53de9f0fef498b199071b?s=96&d=mm&r=g\",\"contentUrl\":\"https:\\\/\\\/secure.gravatar.com\\\/avatar\\\/30dd78037058843d269c357b406aa01da51eb6ad19f53de9f0fef498b199071b?s=96&d=mm&r=g\",\"caption\":\"Alexane\"},\"url\":\"https:\\\/\\\/group.voltalis.com\\\/fr\\\/author\\\/alexane\"}]}<\/script>\n<!-- \/ Yoast SEO plugin. -->","yoast_head_json":{"title":"Le Grand P\u00e9rigueux encourage les r\u00e9ductions de consommations d\u2019\u00e9nergie - Groupe Voltalis","robots":{"index":"index","follow":"follow","max-snippet":"max-snippet:-1","max-image-preview":"max-image-preview:large","max-video-preview":"max-video-preview:-1"},"canonical":"https:\/\/group.voltalis.com\/fr\/type-de-contenu\/communiques-de-presse\/le-grand-perigueux-encourage-les-reductions-de-consommations-denergie-10274","og_locale":"fr_FR","og_type":"article","og_title":"Le Grand P\u00e9rigueux encourage les r\u00e9ductions de consommations d\u2019\u00e9nergie - Groupe Voltalis","og_description":"Dans le cadre de son Plan Climat, le Grand P\u00e9rigueux agit en faveur des r\u00e9ductions de consommations d\u2019\u00e9nergie. LaCommunaut\u00e9 d\u2019agglom\u00e9ration s\u2019est associ\u00e9e \u00e0 Voltalis, leader des solutions connect\u00e9es d\u2019\u00e9conomies d\u2019\u00e9nergie etde pilotage du chauffage \u00e9lectrique pour permettre \u00e0 15 000 foyers et professionnels de l\u2019agglom\u00e9ration chauff\u00e9s\u00e0 l\u2019\u00e9lectrique, de b\u00e9n\u00e9ficier gratuitement de l\u2019installation du thermostat connect\u00e9 [&hellip;]","og_url":"https:\/\/group.voltalis.com\/fr\/type-de-contenu\/communiques-de-presse\/le-grand-perigueux-encourage-les-reductions-de-consommations-denergie-10274","og_site_name":"Groupe Voltalis","article_publisher":"https:\/\/www.facebook.com\/pages\/category\/Product-Service\/Voltalis-178720392179068\/","article_published_time":"2025-07-03T07:38:49+00:00","article_modified_time":"2025-09-04T07:13:56+00:00","author":"Alexane","twitter_card":"summary_large_image","twitter_misc":{"\u00c9crit par":"Alexane","Dur\u00e9e de lecture estim\u00e9e":"2 minutes"},"schema":{"@context":"https:\/\/schema.org","@graph":[{"@type":"Article","@id":"https:\/\/group.voltalis.com\/fr\/type-de-contenu\/communiques-de-presse\/le-grand-perigueux-encourage-les-reductions-de-consommations-denergie-10274#article","isPartOf":{"@id":"https:\/\/group.voltalis.com\/fr\/type-de-contenu\/communiques-de-presse\/le-grand-perigueux-encourage-les-reductions-de-consommations-denergie-10274"},"author":{"name":"Alexane","@id":"https:\/\/group.voltalis.com\/en\/#\/schema\/person\/4b1cbe0f01025c70fcdd38212cf95135"},"headline":"Le Grand P\u00e9rigueux encourage les r\u00e9ductions de consommations d\u2019\u00e9nergie","datePublished":"2025-07-03T07:38:49+00:00","dateModified":"2025-09-04T07:13:56+00:00","mainEntityOfPage":{"@id":"https:\/\/group.voltalis.com\/fr\/type-de-contenu\/communiques-de-presse\/le-grand-perigueux-encourage-les-reductions-de-consommations-denergie-10274"},"wordCount":281,"articleSection":["Collectivit\u00e9s","Communiqu\u00e9s"],"inLanguage":"fr-FR"},{"@type":"WebPage","@id":"https:\/\/group.voltalis.com\/fr\/type-de-contenu\/communiques-de-presse\/le-grand-perigueux-encourage-les-reductions-de-consommations-denergie-10274","url":"https:\/\/group.voltalis.com\/fr\/type-de-contenu\/communiques-de-presse\/le-grand-perigueux-encourage-les-reductions-de-consommations-denergie-10274","name":"Le Grand P\u00e9rigueux encourage les r\u00e9ductions de consommations d\u2019\u00e9nergie - Groupe Voltalis","isPartOf":{"@id":"https:\/\/group.voltalis.com\/en\/#website"},"datePublished":"2025-07-03T07:38:49+00:00","dateModified":"2025-09-04T07:13:56+00:00","author":{"@id":"https:\/\/group.voltalis.com\/en\/#\/schema\/person\/4b1cbe0f01025c70fcdd38212cf95135"},"breadcrumb":{"@id":"https:\/\/group.voltalis.com\/fr\/type-de-contenu\/communiques-de-presse\/le-grand-perigueux-encourage-les-reductions-de-consommations-denergie-10274#breadcrumb"},"inLanguage":"fr-FR","potentialAction":[{"@type":"ReadAction","target":["https:\/\/group.voltalis.com\/fr\/type-de-contenu\/communiques-de-presse\/le-grand-perigueux-encourage-les-reductions-de-consommations-denergie-10274"]}]},{"@type":"BreadcrumbList","@id":"https:\/\/group.voltalis.com\/fr\/type-de-contenu\/communiques-de-presse\/le-grand-perigueux-encourage-les-reductions-de-consommations-denergie-10274#breadcrumb","itemListElement":[{"@type":"ListItem","position":1,"name":"Home","item":"https:\/\/group.voltalis.com\/fr"},{"@type":"ListItem","position":2,"name":"Le Grand P\u00e9rigueux encourage les r\u00e9ductions de consommations d\u2019\u00e9nergie"}]},{"@type":"WebSite","@id":"https:\/\/group.voltalis.com\/en\/#website","url":"https:\/\/group.voltalis.com\/en\/","name":"Groupe Voltalis","description":"Bien plus que des \u00e9conomies d&#039;\u00e9nergie","potentialAction":[{"@type":"SearchAction","target":{"@type":"EntryPoint","urlTemplate":"https:\/\/group.voltalis.com\/en\/?s={search_term_string}"},"query-input":{"@type":"PropertyValueSpecification","valueRequired":true,"valueName":"search_term_string"}}],"inLanguage":"fr-FR"},{"@type":"Person","@id":"https:\/\/group.voltalis.com\/en\/#\/schema\/person\/4b1cbe0f01025c70fcdd38212cf95135","name":"Alexane","image":{"@type":"ImageObject","inLanguage":"fr-FR","@id":"https:\/\/secure.gravatar.com\/avatar\/30dd78037058843d269c357b406aa01da51eb6ad19f53de9f0fef498b199071b?s=96&d=mm&r=g","url":"https:\/\/secure.gravatar.com\/avatar\/30dd78037058843d269c357b406aa01da51eb6ad19f53de9f0fef498b199071b?s=96&d=mm&r=g","contentUrl":"https:\/\/secure.gravatar.com\/avatar\/30dd78037058843d269c357b406aa01da51eb6ad19f53de9f0fef498b199071b?s=96&d=mm&r=g","caption":"Alexane"},"url":"https:\/\/group.voltalis.com\/fr\/author\/alexane"}]}},"_links":{"self":[{"href":"https:\/\/group.voltalis.com\/fr\/wp-json\/wp\/v2\/posts\/10274","targetHints":{"allow":["GET"]}}],"collection":[{"href":"https:\/\/group.voltalis.com\/fr\/wp-json\/wp\/v2\/posts"}],"about":[{"href":"https:\/\/group.voltalis.com\/fr\/wp-json\/wp\/v2\/types\/post"}],"author":[{"embeddable":true,"href":"https:\/\/group.voltalis.com\/fr\/wp-json\/wp\/v2\/users\/12"}],"replies":[{"embeddable":true,"href":"https:\/\/group.voltalis.com\/fr\/wp-json\/wp\/v2\/comments?post=10274"}],"version-history":[{"count":1,"href":"https:\/\/group.voltalis.com\/fr\/wp-json\/wp\/v2\/posts\/10274\/revisions"}],"predecessor-version":[{"id":10275,"href":"https:\/\/group.voltalis.com\/fr\/wp-json\/wp\/v2\/posts\/10274\/revisions\/10275"}],"wp:attachment":[{"href":"https:\/\/group.voltalis.com\/fr\/wp-json\/wp\/v2\/media?parent=10274"}],"wp:term":[{"taxonomy":"category","embeddable":true,"href":"https:\/\/group.voltalis.com\/fr\/wp-json\/wp\/v2\/categories?post=10274"},{"taxonomy":"post_tag","embeddable":true,"href":"https:\/\/group.voltalis.com\/fr\/wp-json\/wp\/v2\/tags?post=10274"}],"curies":[{"name":"wp","href":"https:\/\/api.w.org\/{rel}","templated":true}]}}