{"id":10276,"date":"2025-06-30T09:40:15","date_gmt":"2025-06-30T07:40:15","guid":{"rendered":"https:\/\/group.voltalis.com\/?p=10276"},"modified":"2025-09-04T09:17:09","modified_gmt":"2025-09-04T07:17:09","slug":"nouvelle-campagne-dinstallation-gratuite-du-thermostat-intelligent-voltalis-pour-les-foyers-et-professionnels-de-la-communaute-de-communes-des-vallons-du-lyonnais","status":"publish","type":"post","link":"https:\/\/group.voltalis.com\/fr\/type-de-contenu\/communiques-de-presse\/nouvelle-campagne-dinstallation-gratuite-du-thermostat-intelligent-voltalis-pour-les-foyers-et-professionnels-de-la-communaute-de-communes-des-vallons-du-lyonnais-10276","title":{"rendered":"Nouvelle campagne d\u2019installation gratuite du thermostat intelligent Voltalis pour les foyers et professionnels de la Communaut\u00e9 de Communes des Vallons du Lyonnais\u202f\u00a0"},"content":{"rendered":"\n<p><\/p>\n\n\n\n<p><\/p>\n\n\n\n<p><strong> <\/strong>\u00a0La Communaut\u00e9 de Communes des Vallons du Lyonnais et Voltalis dressent un premier bilan positif de leur partenariat. Depuis son lancement en 2022, 380 particuliers et professionnels du territoire ont choisi d\u2019\u00e9quiper gratuitement leur domicile ou leur local de thermostats connect\u00e9s Voltalis. Cette initiative a permis d\u2019\u00e9conomiser concr\u00e8tement 326 tonnes de CO2 pour les habitants de la Communaut\u00e9 de communes des Vallons du Lyonnais.\u00a0\u00a0<\/p>\n\n\n\n<p>Les \u00e9quipes Voltalis reviennent sur le territoire de la Communaut\u00e9 de Communes des Vallons du Lyonnais, en commen\u00e7ant par les communes de Brindas et de Gr\u00e9zieu-la-Varenne, pour une dur\u00e9e de deux mois afin de proposer gratuitement le dispositif aux habitants qui le souhaitent. Il est \u00e9galement possible de prendre rendez-vous aupr\u00e8s de Voltalis directement\u202f: 09 72 10 17 18 \/ contact@voltalis.com.\u202f\u202f&nbsp;<\/p>\n\n\n\n<p>L\u2019ensemble des 4 200 locaux du territoire chauff\u00e9s \u00e0 l\u2019\u00e9lectrique (logements, salons de coiffure, instituts de beaut\u00e9, agences immobili\u00e8res, professions lib\u00e9rales et m\u00e9dicales, auto-\u00e9coles, associations, restaurants\u2026) peuvent solliciter l&rsquo;installation gratuite du thermostat connect\u00e9 Voltalis qui permet une \u00e9conomie d\u2019\u00e9nergie de 15 % en moyenne et jusqu\u2019\u00e0 -70% d\u2019\u00e9missions de CO\u2082 par logement.&nbsp;<\/p>\n\n\n\n<p>\u202f&nbsp;<\/p>\n\n\n\n<p class=\"has-medium-font-size\"><strong><strong>Un thermostat gratuit, en faveur de l\u2019environnement et du pouvoir d\u2019achat<\/strong>\u202f\u00a0<\/strong><\/p>\n\n\n<div class=\"wp-block-image\">\n<figure class=\"alignleft size-full is-resized\"><img loading=\"lazy\" decoding=\"async\" width=\"270\" height=\"156\" src=\"https:\/\/group.voltalis.com\/wp-content\/uploads\/2025\/06\/image.png\" alt=\"\" class=\"wp-image-10243\" style=\"width:345px;height:auto\"\/><\/figure>\n<\/div>\n\n\n<p>Le thermostat connect\u00e9 permet d\u2019avoir acc\u00e8s \u00e0 une gestion simple de la consommation de sa pompe \u00e0 chaleur ou de ses radiateurs. Associ\u00e9 \u00e0 l\u2019application <strong>MyVoltalis<\/strong>, il permet de programmer son chauffage en fonction de ses habitudes et de la temp\u00e9rature souhait\u00e9e.\u202f\u202f&nbsp;<\/p>\n\n\n\n<p>\u202f&nbsp;<\/p>\n\n\n\n<p>Sa particularit\u00e9 est d\u2019\u00eatre connect\u00e9 au r\u00e9seau \u00e9lectrique fran\u00e7ais, ce qui le rend enti\u00e8rement gratuit. Voltalis peut ainsi, \u00e0 la demande de RTE (le R\u00e9seau de Transport d\u2019Electricit\u00e9), moduler la consommation de tous les \u00e9quipements connect\u00e9s pour soulager le r\u00e9seau au moment des pics et ma\u00eetriser le risque de black-out. Et ceci sans impact sur le confort. Voltalis est r\u00e9mun\u00e9r\u00e9e par les op\u00e9rateurs du syst\u00e8me \u00e9lectrique pour ces services rendus.\u202f\u202f&nbsp;<\/p>\n\n\n\n<p class=\"has-medium-font-size\"><\/p>\n\n\n\n<p class=\"has-text-align-center\"><strong><u>Contact presse<\/u>&nbsp;:<\/strong><\/p>\n\n\n\n<div class=\"wp-block-columns is-layout-flex wp-container-core-columns-is-layout-9d6595d7 wp-block-columns-is-layout-flex\">\n<div class=\"wp-block-column is-layout-flow wp-block-column-is-layout-flow\" style=\"flex-basis:100%\">\n<div class=\"wp-block-columns is-layout-flex wp-container-core-columns-is-layout-9d6595d7 wp-block-columns-is-layout-flex\">\n<div class=\"wp-block-column is-layout-flow wp-block-column-is-layout-flow\">\n<figure class=\"wp-block-table\"><table class=\"has-fixed-layout\"><tbody><tr><td class=\"has-text-align-center\" data-align=\"center\"><strong>Communaut\u00e9 de Communes <\/strong>\u00a0<br><strong>des Vallons du Lyonnais<\/strong>\u00a0\u00a0<br>C\u00e9cile Mazade-Boudet\u00a0<br>06 23 04 14 00 \u2013 communication@ccvl.fr\u202f\u00a0<\/td><td class=\"has-text-align-center\" data-align=\"center\"><strong>VOLTALIS<\/strong><br>Clara Flore &#8211; Agence Shan<br><a href=\"mailto:voltalis@shan.fr\">voltalis@shan.fr<\/a> -06 16 04 64 33<\/td><\/tr><\/tbody><\/table><\/figure>\n<\/div>\n<\/div>\n<\/div>\n<\/div>\n\n\n\n<p><\/p>\n","protected":false},"excerpt":{"rendered":"<p>\u00a0La Communaut\u00e9 de Communes des Vallons du Lyonnais et Voltalis dressent un premier bilan positif de leur partenariat. Depuis son lancement en 2022, 380 particuliers et professionnels du territoire ont choisi d\u2019\u00e9quiper gratuitement leur domicile ou leur local de thermostats connect\u00e9s Voltalis. Cette initiative a permis d\u2019\u00e9conomiser concr\u00e8tement 326 tonnes de CO2 pour les habitants [&hellip;]<\/p>\n","protected":false},"author":12,"featured_media":0,"comment_status":"closed","ping_status":"closed","sticky":false,"template":"","format":"standard","meta":{"_acf_changed":false,"inline_featured_image":false,"footnotes":""},"categories":[199,3],"tags":[],"class_list":["post-10276","post","type-post","status-publish","format-standard","hentry","category-collectivites","category-communiques-de-presse"],"acf":[],"yoast_head":"<!-- This site is optimized with the Yoast SEO plugin v27.5 - https:\/\/yoast.com\/product\/yoast-seo-wordpress\/ -->\n<title>Nouvelle campagne d\u2019installation gratuite du thermostat intelligent Voltalis pour les foyers et professionnels de la Communaut\u00e9 de Communes des Vallons du Lyonnais\u202f\u00a0 - Groupe Voltalis<\/title>\n<meta name=\"robots\" content=\"index, follow, max-snippet:-1, max-image-preview:large, max-video-preview:-1\" \/>\n<link rel=\"canonical\" href=\"https:\/\/group.voltalis.com\/fr\/type-de-contenu\/communiques-de-presse\/nouvelle-campagne-dinstallation-gratuite-du-thermostat-intelligent-voltalis-pour-les-foyers-et-professionnels-de-la-communaute-de-communes-des-vallons-du-lyonnais-10276\" \/>\n<meta property=\"og:locale\" content=\"fr_FR\" \/>\n<meta property=\"og:type\" content=\"article\" \/>\n<meta property=\"og:title\" content=\"Nouvelle campagne d\u2019installation gratuite du thermostat intelligent Voltalis pour les foyers et professionnels de la Communaut\u00e9 de Communes des Vallons du Lyonnais\u202f\u00a0 - Groupe Voltalis\" \/>\n<meta property=\"og:description\" content=\"\u00a0La Communaut\u00e9 de Communes des Vallons du Lyonnais et Voltalis dressent un premier bilan positif de leur partenariat. Depuis son lancement en 2022, 380 particuliers et professionnels du territoire ont choisi d\u2019\u00e9quiper gratuitement leur domicile ou leur local de thermostats connect\u00e9s Voltalis. Cette initiative a permis d\u2019\u00e9conomiser concr\u00e8tement 326 tonnes de CO2 pour les habitants [&hellip;]\" \/>\n<meta property=\"og:url\" content=\"https:\/\/group.voltalis.com\/fr\/type-de-contenu\/communiques-de-presse\/nouvelle-campagne-dinstallation-gratuite-du-thermostat-intelligent-voltalis-pour-les-foyers-et-professionnels-de-la-communaute-de-communes-des-vallons-du-lyonnais-10276\" \/>\n<meta property=\"og:site_name\" content=\"Groupe Voltalis\" \/>\n<meta property=\"article:publisher\" content=\"https:\/\/www.facebook.com\/pages\/category\/Product-Service\/Voltalis-178720392179068\/\" \/>\n<meta property=\"article:published_time\" content=\"2025-06-30T07:40:15+00:00\" \/>\n<meta property=\"article:modified_time\" content=\"2025-09-04T07:17:09+00:00\" \/>\n<meta property=\"og:image\" content=\"https:\/\/group.voltalis.com\/wp-content\/uploads\/2025\/06\/image.png\" \/>\n\t<meta property=\"og:image:width\" content=\"270\" \/>\n\t<meta property=\"og:image:height\" content=\"156\" \/>\n\t<meta property=\"og:image:type\" content=\"image\/png\" \/>\n<meta name=\"author\" content=\"Alexane\" \/>\n<meta name=\"twitter:card\" content=\"summary_large_image\" \/>\n<meta name=\"twitter:label1\" content=\"\u00c9crit par\" \/>\n\t<meta name=\"twitter:data1\" content=\"Alexane\" \/>\n\t<meta name=\"twitter:label2\" content=\"Dur\u00e9e de lecture estim\u00e9e\" \/>\n\t<meta name=\"twitter:data2\" content=\"2 minutes\" \/>\n<script type=\"application\/ld+json\" class=\"yoast-schema-graph\">{\"@context\":\"https:\\\/\\\/schema.org\",\"@graph\":[{\"@type\":\"Article\",\"@id\":\"https:\\\/\\\/group.voltalis.com\\\/fr\\\/type-de-contenu\\\/communiques-de-presse\\\/nouvelle-campagne-dinstallation-gratuite-du-thermostat-intelligent-voltalis-pour-les-foyers-et-professionnels-de-la-communaute-de-communes-des-vallons-du-lyonnais-10276#article\",\"isPartOf\":{\"@id\":\"https:\\\/\\\/group.voltalis.com\\\/fr\\\/type-de-contenu\\\/communiques-de-presse\\\/nouvelle-campagne-dinstallation-gratuite-du-thermostat-intelligent-voltalis-pour-les-foyers-et-professionnels-de-la-communaute-de-communes-des-vallons-du-lyonnais-10276\"},\"author\":{\"name\":\"Alexane\",\"@id\":\"https:\\\/\\\/group.voltalis.com\\\/en\\\/#\\\/schema\\\/person\\\/4b1cbe0f01025c70fcdd38212cf95135\"},\"headline\":\"Nouvelle campagne d\u2019installation gratuite du thermostat intelligent Voltalis pour les foyers et professionnels de la Communaut\u00e9 de Communes des Vallons du Lyonnais\u202f\u00a0\",\"datePublished\":\"2025-06-30T07:40:15+00:00\",\"dateModified\":\"2025-09-04T07:17:09+00:00\",\"mainEntityOfPage\":{\"@id\":\"https:\\\/\\\/group.voltalis.com\\\/fr\\\/type-de-contenu\\\/communiques-de-presse\\\/nouvelle-campagne-dinstallation-gratuite-du-thermostat-intelligent-voltalis-pour-les-foyers-et-professionnels-de-la-communaute-de-communes-des-vallons-du-lyonnais-10276\"},\"wordCount\":377,\"image\":{\"@id\":\"https:\\\/\\\/group.voltalis.com\\\/fr\\\/type-de-contenu\\\/communiques-de-presse\\\/nouvelle-campagne-dinstallation-gratuite-du-thermostat-intelligent-voltalis-pour-les-foyers-et-professionnels-de-la-communaute-de-communes-des-vallons-du-lyonnais-10276#primaryimage\"},\"thumbnailUrl\":\"https:\\\/\\\/group.voltalis.com\\\/wp-content\\\/uploads\\\/2025\\\/06\\\/image.png\",\"articleSection\":[\"Collectivit\u00e9s\",\"Communiqu\u00e9s\"],\"inLanguage\":\"fr-FR\"},{\"@type\":\"WebPage\",\"@id\":\"https:\\\/\\\/group.voltalis.com\\\/fr\\\/type-de-contenu\\\/communiques-de-presse\\\/nouvelle-campagne-dinstallation-gratuite-du-thermostat-intelligent-voltalis-pour-les-foyers-et-professionnels-de-la-communaute-de-communes-des-vallons-du-lyonnais-10276\",\"url\":\"https:\\\/\\\/group.voltalis.com\\\/fr\\\/type-de-contenu\\\/communiques-de-presse\\\/nouvelle-campagne-dinstallation-gratuite-du-thermostat-intelligent-voltalis-pour-les-foyers-et-professionnels-de-la-communaute-de-communes-des-vallons-du-lyonnais-10276\",\"name\":\"Nouvelle campagne d\u2019installation gratuite du thermostat intelligent Voltalis pour les foyers et professionnels de la Communaut\u00e9 de Communes des Vallons du Lyonnais\u202f\u00a0 - Groupe Voltalis\",\"isPartOf\":{\"@id\":\"https:\\\/\\\/group.voltalis.com\\\/en\\\/#website\"},\"primaryImageOfPage\":{\"@id\":\"https:\\\/\\\/group.voltalis.com\\\/fr\\\/type-de-contenu\\\/communiques-de-presse\\\/nouvelle-campagne-dinstallation-gratuite-du-thermostat-intelligent-voltalis-pour-les-foyers-et-professionnels-de-la-communaute-de-communes-des-vallons-du-lyonnais-10276#primaryimage\"},\"image\":{\"@id\":\"https:\\\/\\\/group.voltalis.com\\\/fr\\\/type-de-contenu\\\/communiques-de-presse\\\/nouvelle-campagne-dinstallation-gratuite-du-thermostat-intelligent-voltalis-pour-les-foyers-et-professionnels-de-la-communaute-de-communes-des-vallons-du-lyonnais-10276#primaryimage\"},\"thumbnailUrl\":\"https:\\\/\\\/group.voltalis.com\\\/wp-content\\\/uploads\\\/2025\\\/06\\\/image.png\",\"datePublished\":\"2025-06-30T07:40:15+00:00\",\"dateModified\":\"2025-09-04T07:17:09+00:00\",\"author\":{\"@id\":\"https:\\\/\\\/group.voltalis.com\\\/en\\\/#\\\/schema\\\/person\\\/4b1cbe0f01025c70fcdd38212cf95135\"},\"breadcrumb\":{\"@id\":\"https:\\\/\\\/group.voltalis.com\\\/fr\\\/type-de-contenu\\\/communiques-de-presse\\\/nouvelle-campagne-dinstallation-gratuite-du-thermostat-intelligent-voltalis-pour-les-foyers-et-professionnels-de-la-communaute-de-communes-des-vallons-du-lyonnais-10276#breadcrumb\"},\"inLanguage\":\"fr-FR\",\"potentialAction\":[{\"@type\":\"ReadAction\",\"target\":[\"https:\\\/\\\/group.voltalis.com\\\/fr\\\/type-de-contenu\\\/communiques-de-presse\\\/nouvelle-campagne-dinstallation-gratuite-du-thermostat-intelligent-voltalis-pour-les-foyers-et-professionnels-de-la-communaute-de-communes-des-vallons-du-lyonnais-10276\"]}]},{\"@type\":\"ImageObject\",\"inLanguage\":\"fr-FR\",\"@id\":\"https:\\\/\\\/group.voltalis.com\\\/fr\\\/type-de-contenu\\\/communiques-de-presse\\\/nouvelle-campagne-dinstallation-gratuite-du-thermostat-intelligent-voltalis-pour-les-foyers-et-professionnels-de-la-communaute-de-communes-des-vallons-du-lyonnais-10276#primaryimage\",\"url\":\"https:\\\/\\\/group.voltalis.com\\\/wp-content\\\/uploads\\\/2025\\\/06\\\/image.png\",\"contentUrl\":\"https:\\\/\\\/group.voltalis.com\\\/wp-content\\\/uploads\\\/2025\\\/06\\\/image.png\"},{\"@type\":\"BreadcrumbList\",\"@id\":\"https:\\\/\\\/group.voltalis.com\\\/fr\\\/type-de-contenu\\\/communiques-de-presse\\\/nouvelle-campagne-dinstallation-gratuite-du-thermostat-intelligent-voltalis-pour-les-foyers-et-professionnels-de-la-communaute-de-communes-des-vallons-du-lyonnais-10276#breadcrumb\",\"itemListElement\":[{\"@type\":\"ListItem\",\"position\":1,\"name\":\"Home\",\"item\":\"https:\\\/\\\/group.voltalis.com\\\/fr\"},{\"@type\":\"ListItem\",\"position\":2,\"name\":\"Nouvelle campagne d\u2019installation gratuite du thermostat intelligent Voltalis pour les foyers et professionnels de la Communaut\u00e9 de Communes des Vallons du Lyonnais\u202f\u00a0\"}]},{\"@type\":\"WebSite\",\"@id\":\"https:\\\/\\\/group.voltalis.com\\\/en\\\/#website\",\"url\":\"https:\\\/\\\/group.voltalis.com\\\/en\\\/\",\"name\":\"Groupe Voltalis\",\"description\":\"Bien plus que des \u00e9conomies d&#039;\u00e9nergie\",\"potentialAction\":[{\"@type\":\"SearchAction\",\"target\":{\"@type\":\"EntryPoint\",\"urlTemplate\":\"https:\\\/\\\/group.voltalis.com\\\/en\\\/?s={search_term_string}\"},\"query-input\":{\"@type\":\"PropertyValueSpecification\",\"valueRequired\":true,\"valueName\":\"search_term_string\"}}],\"inLanguage\":\"fr-FR\"},{\"@type\":\"Person\",\"@id\":\"https:\\\/\\\/group.voltalis.com\\\/en\\\/#\\\/schema\\\/person\\\/4b1cbe0f01025c70fcdd38212cf95135\",\"name\":\"Alexane\",\"image\":{\"@type\":\"ImageObject\",\"inLanguage\":\"fr-FR\",\"@id\":\"https:\\\/\\\/secure.gravatar.com\\\/avatar\\\/30dd78037058843d269c357b406aa01da51eb6ad19f53de9f0fef498b199071b?s=96&d=mm&r=g\",\"url\":\"https:\\\/\\\/secure.gravatar.com\\\/avatar\\\/30dd78037058843d269c357b406aa01da51eb6ad19f53de9f0fef498b199071b?s=96&d=mm&r=g\",\"contentUrl\":\"https:\\\/\\\/secure.gravatar.com\\\/avatar\\\/30dd78037058843d269c357b406aa01da51eb6ad19f53de9f0fef498b199071b?s=96&d=mm&r=g\",\"caption\":\"Alexane\"},\"url\":\"https:\\\/\\\/group.voltalis.com\\\/fr\\\/author\\\/alexane\"}]}<\/script>\n<!-- \/ Yoast SEO plugin. -->","yoast_head_json":{"title":"Nouvelle campagne d\u2019installation gratuite du thermostat intelligent Voltalis pour les foyers et professionnels de la Communaut\u00e9 de Communes des Vallons du Lyonnais\u202f\u00a0 - Groupe Voltalis","robots":{"index":"index","follow":"follow","max-snippet":"max-snippet:-1","max-image-preview":"max-image-preview:large","max-video-preview":"max-video-preview:-1"},"canonical":"https:\/\/group.voltalis.com\/fr\/type-de-contenu\/communiques-de-presse\/nouvelle-campagne-dinstallation-gratuite-du-thermostat-intelligent-voltalis-pour-les-foyers-et-professionnels-de-la-communaute-de-communes-des-vallons-du-lyonnais-10276","og_locale":"fr_FR","og_type":"article","og_title":"Nouvelle campagne d\u2019installation gratuite du thermostat intelligent Voltalis pour les foyers et professionnels de la Communaut\u00e9 de Communes des Vallons du Lyonnais\u202f\u00a0 - Groupe Voltalis","og_description":"\u00a0La Communaut\u00e9 de Communes des Vallons du Lyonnais et Voltalis dressent un premier bilan positif de leur partenariat. Depuis son lancement en 2022, 380 particuliers et professionnels du territoire ont choisi d\u2019\u00e9quiper gratuitement leur domicile ou leur local de thermostats connect\u00e9s Voltalis. Cette initiative a permis d\u2019\u00e9conomiser concr\u00e8tement 326 tonnes de CO2 pour les habitants [&hellip;]","og_url":"https:\/\/group.voltalis.com\/fr\/type-de-contenu\/communiques-de-presse\/nouvelle-campagne-dinstallation-gratuite-du-thermostat-intelligent-voltalis-pour-les-foyers-et-professionnels-de-la-communaute-de-communes-des-vallons-du-lyonnais-10276","og_site_name":"Groupe Voltalis","article_publisher":"https:\/\/www.facebook.com\/pages\/category\/Product-Service\/Voltalis-178720392179068\/","article_published_time":"2025-06-30T07:40:15+00:00","article_modified_time":"2025-09-04T07:17:09+00:00","og_image":[{"width":270,"height":156,"url":"https:\/\/group.voltalis.com\/wp-content\/uploads\/2025\/06\/image.png","type":"image\/png"}],"author":"Alexane","twitter_card":"summary_large_image","twitter_misc":{"\u00c9crit par":"Alexane","Dur\u00e9e de lecture estim\u00e9e":"2 minutes"},"schema":{"@context":"https:\/\/schema.org","@graph":[{"@type":"Article","@id":"https:\/\/group.voltalis.com\/fr\/type-de-contenu\/communiques-de-presse\/nouvelle-campagne-dinstallation-gratuite-du-thermostat-intelligent-voltalis-pour-les-foyers-et-professionnels-de-la-communaute-de-communes-des-vallons-du-lyonnais-10276#article","isPartOf":{"@id":"https:\/\/group.voltalis.com\/fr\/type-de-contenu\/communiques-de-presse\/nouvelle-campagne-dinstallation-gratuite-du-thermostat-intelligent-voltalis-pour-les-foyers-et-professionnels-de-la-communaute-de-communes-des-vallons-du-lyonnais-10276"},"author":{"name":"Alexane","@id":"https:\/\/group.voltalis.com\/en\/#\/schema\/person\/4b1cbe0f01025c70fcdd38212cf95135"},"headline":"Nouvelle campagne d\u2019installation gratuite du thermostat intelligent Voltalis pour les foyers et professionnels de la Communaut\u00e9 de Communes des Vallons du Lyonnais\u202f\u00a0","datePublished":"2025-06-30T07:40:15+00:00","dateModified":"2025-09-04T07:17:09+00:00","mainEntityOfPage":{"@id":"https:\/\/group.voltalis.com\/fr\/type-de-contenu\/communiques-de-presse\/nouvelle-campagne-dinstallation-gratuite-du-thermostat-intelligent-voltalis-pour-les-foyers-et-professionnels-de-la-communaute-de-communes-des-vallons-du-lyonnais-10276"},"wordCount":377,"image":{"@id":"https:\/\/group.voltalis.com\/fr\/type-de-contenu\/communiques-de-presse\/nouvelle-campagne-dinstallation-gratuite-du-thermostat-intelligent-voltalis-pour-les-foyers-et-professionnels-de-la-communaute-de-communes-des-vallons-du-lyonnais-10276#primaryimage"},"thumbnailUrl":"https:\/\/group.voltalis.com\/wp-content\/uploads\/2025\/06\/image.png","articleSection":["Collectivit\u00e9s","Communiqu\u00e9s"],"inLanguage":"fr-FR"},{"@type":"WebPage","@id":"https:\/\/group.voltalis.com\/fr\/type-de-contenu\/communiques-de-presse\/nouvelle-campagne-dinstallation-gratuite-du-thermostat-intelligent-voltalis-pour-les-foyers-et-professionnels-de-la-communaute-de-communes-des-vallons-du-lyonnais-10276","url":"https:\/\/group.voltalis.com\/fr\/type-de-contenu\/communiques-de-presse\/nouvelle-campagne-dinstallation-gratuite-du-thermostat-intelligent-voltalis-pour-les-foyers-et-professionnels-de-la-communaute-de-communes-des-vallons-du-lyonnais-10276","name":"Nouvelle campagne d\u2019installation gratuite du thermostat intelligent Voltalis pour les foyers et professionnels de la Communaut\u00e9 de Communes des Vallons du Lyonnais\u202f\u00a0 - Groupe Voltalis","isPartOf":{"@id":"https:\/\/group.voltalis.com\/en\/#website"},"primaryImageOfPage":{"@id":"https:\/\/group.voltalis.com\/fr\/type-de-contenu\/communiques-de-presse\/nouvelle-campagne-dinstallation-gratuite-du-thermostat-intelligent-voltalis-pour-les-foyers-et-professionnels-de-la-communaute-de-communes-des-vallons-du-lyonnais-10276#primaryimage"},"image":{"@id":"https:\/\/group.voltalis.com\/fr\/type-de-contenu\/communiques-de-presse\/nouvelle-campagne-dinstallation-gratuite-du-thermostat-intelligent-voltalis-pour-les-foyers-et-professionnels-de-la-communaute-de-communes-des-vallons-du-lyonnais-10276#primaryimage"},"thumbnailUrl":"https:\/\/group.voltalis.com\/wp-content\/uploads\/2025\/06\/image.png","datePublished":"2025-06-30T07:40:15+00:00","dateModified":"2025-09-04T07:17:09+00:00","author":{"@id":"https:\/\/group.voltalis.com\/en\/#\/schema\/person\/4b1cbe0f01025c70fcdd38212cf95135"},"breadcrumb":{"@id":"https:\/\/group.voltalis.com\/fr\/type-de-contenu\/communiques-de-presse\/nouvelle-campagne-dinstallation-gratuite-du-thermostat-intelligent-voltalis-pour-les-foyers-et-professionnels-de-la-communaute-de-communes-des-vallons-du-lyonnais-10276#breadcrumb"},"inLanguage":"fr-FR","potentialAction":[{"@type":"ReadAction","target":["https:\/\/group.voltalis.com\/fr\/type-de-contenu\/communiques-de-presse\/nouvelle-campagne-dinstallation-gratuite-du-thermostat-intelligent-voltalis-pour-les-foyers-et-professionnels-de-la-communaute-de-communes-des-vallons-du-lyonnais-10276"]}]},{"@type":"ImageObject","inLanguage":"fr-FR","@id":"https:\/\/group.voltalis.com\/fr\/type-de-contenu\/communiques-de-presse\/nouvelle-campagne-dinstallation-gratuite-du-thermostat-intelligent-voltalis-pour-les-foyers-et-professionnels-de-la-communaute-de-communes-des-vallons-du-lyonnais-10276#primaryimage","url":"https:\/\/group.voltalis.com\/wp-content\/uploads\/2025\/06\/image.png","contentUrl":"https:\/\/group.voltalis.com\/wp-content\/uploads\/2025\/06\/image.png"},{"@type":"BreadcrumbList","@id":"https:\/\/group.voltalis.com\/fr\/type-de-contenu\/communiques-de-presse\/nouvelle-campagne-dinstallation-gratuite-du-thermostat-intelligent-voltalis-pour-les-foyers-et-professionnels-de-la-communaute-de-communes-des-vallons-du-lyonnais-10276#breadcrumb","itemListElement":[{"@type":"ListItem","position":1,"name":"Home","item":"https:\/\/group.voltalis.com\/fr"},{"@type":"ListItem","position":2,"name":"Nouvelle campagne d\u2019installation gratuite du thermostat intelligent Voltalis pour les foyers et professionnels de la Communaut\u00e9 de Communes des Vallons du Lyonnais\u202f\u00a0"}]},{"@type":"WebSite","@id":"https:\/\/group.voltalis.com\/en\/#website","url":"https:\/\/group.voltalis.com\/en\/","name":"Groupe Voltalis","description":"Bien plus que des \u00e9conomies d&#039;\u00e9nergie","potentialAction":[{"@type":"SearchAction","target":{"@type":"EntryPoint","urlTemplate":"https:\/\/group.voltalis.com\/en\/?s={search_term_string}"},"query-input":{"@type":"PropertyValueSpecification","valueRequired":true,"valueName":"search_term_string"}}],"inLanguage":"fr-FR"},{"@type":"Person","@id":"https:\/\/group.voltalis.com\/en\/#\/schema\/person\/4b1cbe0f01025c70fcdd38212cf95135","name":"Alexane","image":{"@type":"ImageObject","inLanguage":"fr-FR","@id":"https:\/\/secure.gravatar.com\/avatar\/30dd78037058843d269c357b406aa01da51eb6ad19f53de9f0fef498b199071b?s=96&d=mm&r=g","url":"https:\/\/secure.gravatar.com\/avatar\/30dd78037058843d269c357b406aa01da51eb6ad19f53de9f0fef498b199071b?s=96&d=mm&r=g","contentUrl":"https:\/\/secure.gravatar.com\/avatar\/30dd78037058843d269c357b406aa01da51eb6ad19f53de9f0fef498b199071b?s=96&d=mm&r=g","caption":"Alexane"},"url":"https:\/\/group.voltalis.com\/fr\/author\/alexane"}]}},"_links":{"self":[{"href":"https:\/\/group.voltalis.com\/fr\/wp-json\/wp\/v2\/posts\/10276","targetHints":{"allow":["GET"]}}],"collection":[{"href":"https:\/\/group.voltalis.com\/fr\/wp-json\/wp\/v2\/posts"}],"about":[{"href":"https:\/\/group.voltalis.com\/fr\/wp-json\/wp\/v2\/types\/post"}],"author":[{"embeddable":true,"href":"https:\/\/group.voltalis.com\/fr\/wp-json\/wp\/v2\/users\/12"}],"replies":[{"embeddable":true,"href":"https:\/\/group.voltalis.com\/fr\/wp-json\/wp\/v2\/comments?post=10276"}],"version-history":[{"count":1,"href":"https:\/\/group.voltalis.com\/fr\/wp-json\/wp\/v2\/posts\/10276\/revisions"}],"predecessor-version":[{"id":10277,"href":"https:\/\/group.voltalis.com\/fr\/wp-json\/wp\/v2\/posts\/10276\/revisions\/10277"}],"wp:attachment":[{"href":"https:\/\/group.voltalis.com\/fr\/wp-json\/wp\/v2\/media?parent=10276"}],"wp:term":[{"taxonomy":"category","embeddable":true,"href":"https:\/\/group.voltalis.com\/fr\/wp-json\/wp\/v2\/categories?post=10276"},{"taxonomy":"post_tag","embeddable":true,"href":"https:\/\/group.voltalis.com\/fr\/wp-json\/wp\/v2\/tags?post=10276"}],"curies":[{"name":"wp","href":"https:\/\/api.w.org\/{rel}","templated":true}]}}