{"id":10522,"date":"2025-08-28T11:07:00","date_gmt":"2025-08-28T09:07:00","guid":{"rendered":"https:\/\/group.voltalis.com\/?p=10522"},"modified":"2025-09-11T11:12:57","modified_gmt":"2025-09-11T09:12:57","slug":"la-communaute-de-communes-caux-austreberthe-et-logeal-immobiliere-choisissent-voltalis-pour-equiper-gratuitement-plus-de-3-000-logements-et-professionnels-du-territoire","status":"publish","type":"post","link":"https:\/\/group.voltalis.com\/fr\/type-de-contenu\/communiques-de-presse\/la-communaute-de-communes-caux-austreberthe-et-logeal-immobiliere-choisissent-voltalis-pour-equiper-gratuitement-plus-de-3-000-logements-et-professionnels-du-territoire-10522","title":{"rendered":"La communaut\u00e9 de communes Caux-Austreberthe et Log\u00e9al Immobili\u00e8re choisissent Voltalis pour \u00e9quiper gratuitement plus de 3 000 logements et professionnels du territoire\u00a0"},"content":{"rendered":"\n<p><\/p>\n\n\n<div class=\"wp-block-image\">\n<figure class=\"alignright size-full is-resized\"><img loading=\"lazy\" decoding=\"async\" width=\"556\" height=\"326\" src=\"https:\/\/group.voltalis.com\/wp-content\/uploads\/2025\/02\/image-3.jpeg\" alt=\"\" class=\"wp-image-10083\" style=\"width:386px;height:auto\" srcset=\"https:\/\/group.voltalis.com\/wp-content\/uploads\/2025\/02\/image-3.jpeg 556w, https:\/\/group.voltalis.com\/wp-content\/uploads\/2025\/02\/image-3-300x176.jpeg 300w\" sizes=\"auto, (max-width: 556px) 100vw, 556px\" \/><\/figure>\n<\/div>\n\n\n<p>En ligne avec les objectifs de son Plan Climat, la Communaut\u00e9 de communes Caux Austreberthe annonce un partenariat renforc\u00e9 avec Voltalis, leader des solutions connect\u00e9es d\u2019\u00e9conomies d\u2019\u00e9nergie, et Log\u00e9al Immobili\u00e8re, bailleur social majeur du territoire.&nbsp;<\/p>\n\n\n\n<p>D\u00e8s d\u2019aujourd\u2019hui, chacun des 3 029 foyers et professionnels chauff\u00e9s \u00e0 l\u2019\u00e9lectrique peuvent b\u00e9n\u00e9ficier gratuitement de l\u2019installation du thermostat connect\u00e9 Voltalis. A la cl\u00e9\u202f: 15% d\u2019\u00e9conomies d\u2019\u00e9nergie en moyenne et jusqu\u2019\u00e0 -70% d\u2019\u00e9missions de CO\u2082 par logement.\u202f\u202f\u202f\u00a0<\/p>\n\n\n\n<p><strong>Un partenariat en faveur des \u00e9conomies d\u2019\u00e9nergie pour tous : les logements, les commerces et les bureaux<\/strong>\u00a0<\/p>\n\n\n\n<p>Engag\u00e9e depuis 2013, Log\u00e9al Immobili\u00e8re a permis l\u2019\u00e9quipement de 830 de logements de son parc social r\u00e9parti sur l\u2019ensemble de la Seine-Maritime, anticipant ainsi les obligations \u00e0 venir en mati\u00e8re de r\u00e9gulation thermique.&nbsp;&nbsp;<\/p>\n\n\n\n<p>En effet, le d\u00e9cret n\u00b0 2023-444 du 7 juin 2023 impose \u00e0 tous les b\u00e2timents chauff\u00e9s \u00e0 l\u2019\u00e9lectricit\u00e9 d\u2019\u00eatre \u00e9quip\u00e9s d\u2019un syst\u00e8me de r\u00e9gulation automatique du chauffage avant le 1er janvier 2027. Gr\u00e2ce \u00e0 ce partenariat, les habitants du territoire peuvent anticiper cette obligation.&nbsp;&nbsp;<\/p>\n\n\n\n<p>La solution Voltalis est \u00e9galement accessible \u00e0 tous les locaux chauff\u00e9s \u00e0 l\u2019\u00e9lectricit\u00e9 (radiateurs ou pompes \u00e0 chaleur) : logements, salons de coiffure, instituts de beaut\u00e9, agences immobili\u00e8res, professions lib\u00e9rales et m\u00e9dicales, auto-\u00e9coles, associations, restaurants\u2026\u00a0<br><\/p>\n\n\n\n<p><strong>Une solution connect\u00e9e, gratuite et responsable\u00a0<\/strong>\u00a0<\/p>\n\n\n\n<p>Associ\u00e9 \u00e0 l\u2019application MyVoltalis, le thermostat permet de programmer son chauffage selon la temp\u00e9rature souhait\u00e9e et ses habitudes de vie (horaires d\u2019ouverture d\u2019un commerce, en pr\u00e9vision d\u2019un retour \u00e0 domicile\u2026).&nbsp;<\/p>\n\n\n\n<p>Sa particularit\u00e9 est d\u2019\u00eatre connect\u00e9 au r\u00e9seau \u00e9lectrique fran\u00e7ais. Voltalis peut ainsi, \u00e0 la demande de RTE, moduler temporairement la consommation des appareils connect\u00e9s pour soulager le r\u00e9seau lors des pics de consommation. Ce service de flexibilit\u00e9 \u00e9lectrique est sans impact sur le confort et gratuit pour les usagers, car r\u00e9mun\u00e9r\u00e9 par les op\u00e9rateurs du syst\u00e8me \u00e9lectrique.\u00a0<\/p>\n\n\n\n<p><strong>Comment s\u2019\u00e9quiper ?<\/strong>\u00a0<\/p>\n\n\n\n<p>Des conseillers Voltalis viendront \u00e0 la rencontre des habitants du territoire \u00e0 compter de la mi-septembre pour leur proposer des rendez-vous d\u2019installation pour leur logement. Les habitants du parc Log\u00e9al peuvent aussi se faire \u00e9quiper en contactant leur bailleur.&nbsp;&nbsp;<\/p>\n\n\n\n<p>Il est aussi possible de prendre rendez-vous avec Voltalis directement sur le site internet au <strong>09 72 10 17 18<\/strong> ou par mail : <strong>contact@voltalis.com<\/strong>&nbsp;<\/p>\n\n\n\n<p class=\"has-medium-font-size\"><\/p>\n\n\n\n<p class=\"has-text-align-center\"><strong><u>Contact presse<\/u>&nbsp;:<\/strong><\/p>\n\n\n\n<div class=\"wp-block-columns is-layout-flex wp-container-core-columns-is-layout-9d6595d7 wp-block-columns-is-layout-flex\">\n<div class=\"wp-block-column is-layout-flow wp-block-column-is-layout-flow\" style=\"flex-basis:100%\">\n<div class=\"wp-block-columns is-layout-flex wp-container-core-columns-is-layout-9d6595d7 wp-block-columns-is-layout-flex\">\n<div class=\"wp-block-column is-layout-flow wp-block-column-is-layout-flow\">\n<figure class=\"wp-block-table\"><table class=\"has-fixed-layout\"><tbody><tr><td class=\"has-text-align-center\" data-align=\"center\"><strong>Communaut\u00e9 de communes Caux-Austreberthe\u202f\u00a0<\/strong>\u00a0<br>Julia Lefevre\u00a0<br>j.lefevre@cc-caux-austreberthe.fr\u00a0<\/td><td class=\"has-text-align-center\" data-align=\"center\"><strong>Voltalis\u00a0<\/strong>\u00a0<br>Louis Housset &#8211; Agence Shan\u00a0<br>06 51 84 40 49\u00a0 \u00a0<br>voltalis@shan.fr\u00a0<\/td><td class=\"has-text-align-center\" data-align=\"center\"><strong>Log\u00e9al Immobili\u00e8re<\/strong>\u00a0<br>Betty GASSMANN\u00a0<br>06 25 27 41 96\u00a0<br>b.gassmann@logeal-immobiliere.fr\u00a0<\/td><\/tr><\/tbody><\/table><\/figure>\n<\/div>\n<\/div>\n<\/div>\n<\/div>\n\n\n\n<p><\/p>\n","protected":false},"excerpt":{"rendered":"<p>En ligne avec les objectifs de son Plan Climat, la Communaut\u00e9 de communes Caux Austreberthe annonce un partenariat renforc\u00e9 avec Voltalis, leader des solutions connect\u00e9es d\u2019\u00e9conomies d\u2019\u00e9nergie, et Log\u00e9al Immobili\u00e8re, bailleur social majeur du territoire.&nbsp; D\u00e8s d\u2019aujourd\u2019hui, chacun des 3 029 foyers et professionnels chauff\u00e9s \u00e0 l\u2019\u00e9lectrique peuvent b\u00e9n\u00e9ficier gratuitement de l\u2019installation du thermostat connect\u00e9 [&hellip;]<\/p>\n","protected":false},"author":12,"featured_media":0,"comment_status":"closed","ping_status":"closed","sticky":false,"template":"","format":"standard","meta":{"_acf_changed":false,"inline_featured_image":false,"footnotes":""},"categories":[199,3],"tags":[],"class_list":["post-10522","post","type-post","status-publish","format-standard","hentry","category-collectivites","category-communiques-de-presse"],"acf":[],"yoast_head":"<!-- This site is optimized with the Yoast SEO plugin v27.5 - https:\/\/yoast.com\/product\/yoast-seo-wordpress\/ -->\n<title>La communaut\u00e9 de communes Caux-Austreberthe et Log\u00e9al Immobili\u00e8re choisissent Voltalis pour \u00e9quiper gratuitement plus de 3 000 logements et professionnels du territoire\u00a0 - Groupe Voltalis<\/title>\n<meta name=\"robots\" content=\"index, follow, max-snippet:-1, max-image-preview:large, max-video-preview:-1\" \/>\n<link rel=\"canonical\" href=\"https:\/\/group.voltalis.com\/fr\/type-de-contenu\/communiques-de-presse\/la-communaute-de-communes-caux-austreberthe-et-logeal-immobiliere-choisissent-voltalis-pour-equiper-gratuitement-plus-de-3-000-logements-et-professionnels-du-territoire-10522\" \/>\n<meta property=\"og:locale\" content=\"fr_FR\" \/>\n<meta property=\"og:type\" content=\"article\" \/>\n<meta property=\"og:title\" content=\"La communaut\u00e9 de communes Caux-Austreberthe et Log\u00e9al Immobili\u00e8re choisissent Voltalis pour \u00e9quiper gratuitement plus de 3 000 logements et professionnels du territoire\u00a0 - Groupe Voltalis\" \/>\n<meta property=\"og:description\" content=\"En ligne avec les objectifs de son Plan Climat, la Communaut\u00e9 de communes Caux Austreberthe annonce un partenariat renforc\u00e9 avec Voltalis, leader des solutions connect\u00e9es d\u2019\u00e9conomies d\u2019\u00e9nergie, et Log\u00e9al Immobili\u00e8re, bailleur social majeur du territoire.&nbsp; D\u00e8s d\u2019aujourd\u2019hui, chacun des 3 029 foyers et professionnels chauff\u00e9s \u00e0 l\u2019\u00e9lectrique peuvent b\u00e9n\u00e9ficier gratuitement de l\u2019installation du thermostat connect\u00e9 [&hellip;]\" \/>\n<meta property=\"og:url\" content=\"https:\/\/group.voltalis.com\/fr\/type-de-contenu\/communiques-de-presse\/la-communaute-de-communes-caux-austreberthe-et-logeal-immobiliere-choisissent-voltalis-pour-equiper-gratuitement-plus-de-3-000-logements-et-professionnels-du-territoire-10522\" \/>\n<meta property=\"og:site_name\" content=\"Groupe Voltalis\" \/>\n<meta property=\"article:publisher\" content=\"https:\/\/www.facebook.com\/pages\/category\/Product-Service\/Voltalis-178720392179068\/\" \/>\n<meta property=\"article:published_time\" content=\"2025-08-28T09:07:00+00:00\" \/>\n<meta property=\"article:modified_time\" content=\"2025-09-11T09:12:57+00:00\" \/>\n<meta property=\"og:image\" content=\"https:\/\/group.voltalis.com\/wp-content\/uploads\/2025\/02\/image-3.jpeg\" \/>\n\t<meta property=\"og:image:width\" content=\"556\" \/>\n\t<meta property=\"og:image:height\" content=\"326\" \/>\n\t<meta property=\"og:image:type\" content=\"image\/jpeg\" \/>\n<meta name=\"author\" content=\"Alexane\" \/>\n<meta name=\"twitter:card\" content=\"summary_large_image\" \/>\n<meta name=\"twitter:label1\" content=\"\u00c9crit par\" \/>\n\t<meta name=\"twitter:data1\" content=\"Alexane\" \/>\n\t<meta name=\"twitter:label2\" content=\"Dur\u00e9e de lecture estim\u00e9e\" \/>\n\t<meta name=\"twitter:data2\" content=\"2 minutes\" \/>\n<script type=\"application\/ld+json\" class=\"yoast-schema-graph\">{\"@context\":\"https:\\\/\\\/schema.org\",\"@graph\":[{\"@type\":\"Article\",\"@id\":\"https:\\\/\\\/group.voltalis.com\\\/fr\\\/type-de-contenu\\\/communiques-de-presse\\\/la-communaute-de-communes-caux-austreberthe-et-logeal-immobiliere-choisissent-voltalis-pour-equiper-gratuitement-plus-de-3-000-logements-et-professionnels-du-territoire-10522#article\",\"isPartOf\":{\"@id\":\"https:\\\/\\\/group.voltalis.com\\\/fr\\\/type-de-contenu\\\/communiques-de-presse\\\/la-communaute-de-communes-caux-austreberthe-et-logeal-immobiliere-choisissent-voltalis-pour-equiper-gratuitement-plus-de-3-000-logements-et-professionnels-du-territoire-10522\"},\"author\":{\"name\":\"Alexane\",\"@id\":\"https:\\\/\\\/group.voltalis.com\\\/en\\\/#\\\/schema\\\/person\\\/4b1cbe0f01025c70fcdd38212cf95135\"},\"headline\":\"La communaut\u00e9 de communes Caux-Austreberthe et Log\u00e9al Immobili\u00e8re choisissent Voltalis pour \u00e9quiper gratuitement plus de 3 000 logements et professionnels du territoire\u00a0\",\"datePublished\":\"2025-08-28T09:07:00+00:00\",\"dateModified\":\"2025-09-11T09:12:57+00:00\",\"mainEntityOfPage\":{\"@id\":\"https:\\\/\\\/group.voltalis.com\\\/fr\\\/type-de-contenu\\\/communiques-de-presse\\\/la-communaute-de-communes-caux-austreberthe-et-logeal-immobiliere-choisissent-voltalis-pour-equiper-gratuitement-plus-de-3-000-logements-et-professionnels-du-territoire-10522\"},\"wordCount\":457,\"image\":{\"@id\":\"https:\\\/\\\/group.voltalis.com\\\/fr\\\/type-de-contenu\\\/communiques-de-presse\\\/la-communaute-de-communes-caux-austreberthe-et-logeal-immobiliere-choisissent-voltalis-pour-equiper-gratuitement-plus-de-3-000-logements-et-professionnels-du-territoire-10522#primaryimage\"},\"thumbnailUrl\":\"https:\\\/\\\/group.voltalis.com\\\/wp-content\\\/uploads\\\/2025\\\/02\\\/image-3.jpeg\",\"articleSection\":[\"Collectivit\u00e9s\",\"Communiqu\u00e9s\"],\"inLanguage\":\"fr-FR\"},{\"@type\":\"WebPage\",\"@id\":\"https:\\\/\\\/group.voltalis.com\\\/fr\\\/type-de-contenu\\\/communiques-de-presse\\\/la-communaute-de-communes-caux-austreberthe-et-logeal-immobiliere-choisissent-voltalis-pour-equiper-gratuitement-plus-de-3-000-logements-et-professionnels-du-territoire-10522\",\"url\":\"https:\\\/\\\/group.voltalis.com\\\/fr\\\/type-de-contenu\\\/communiques-de-presse\\\/la-communaute-de-communes-caux-austreberthe-et-logeal-immobiliere-choisissent-voltalis-pour-equiper-gratuitement-plus-de-3-000-logements-et-professionnels-du-territoire-10522\",\"name\":\"La communaut\u00e9 de communes Caux-Austreberthe et Log\u00e9al Immobili\u00e8re choisissent Voltalis pour \u00e9quiper gratuitement plus de 3 000 logements et professionnels du territoire\u00a0 - Groupe Voltalis\",\"isPartOf\":{\"@id\":\"https:\\\/\\\/group.voltalis.com\\\/en\\\/#website\"},\"primaryImageOfPage\":{\"@id\":\"https:\\\/\\\/group.voltalis.com\\\/fr\\\/type-de-contenu\\\/communiques-de-presse\\\/la-communaute-de-communes-caux-austreberthe-et-logeal-immobiliere-choisissent-voltalis-pour-equiper-gratuitement-plus-de-3-000-logements-et-professionnels-du-territoire-10522#primaryimage\"},\"image\":{\"@id\":\"https:\\\/\\\/group.voltalis.com\\\/fr\\\/type-de-contenu\\\/communiques-de-presse\\\/la-communaute-de-communes-caux-austreberthe-et-logeal-immobiliere-choisissent-voltalis-pour-equiper-gratuitement-plus-de-3-000-logements-et-professionnels-du-territoire-10522#primaryimage\"},\"thumbnailUrl\":\"https:\\\/\\\/group.voltalis.com\\\/wp-content\\\/uploads\\\/2025\\\/02\\\/image-3.jpeg\",\"datePublished\":\"2025-08-28T09:07:00+00:00\",\"dateModified\":\"2025-09-11T09:12:57+00:00\",\"author\":{\"@id\":\"https:\\\/\\\/group.voltalis.com\\\/en\\\/#\\\/schema\\\/person\\\/4b1cbe0f01025c70fcdd38212cf95135\"},\"breadcrumb\":{\"@id\":\"https:\\\/\\\/group.voltalis.com\\\/fr\\\/type-de-contenu\\\/communiques-de-presse\\\/la-communaute-de-communes-caux-austreberthe-et-logeal-immobiliere-choisissent-voltalis-pour-equiper-gratuitement-plus-de-3-000-logements-et-professionnels-du-territoire-10522#breadcrumb\"},\"inLanguage\":\"fr-FR\",\"potentialAction\":[{\"@type\":\"ReadAction\",\"target\":[\"https:\\\/\\\/group.voltalis.com\\\/fr\\\/type-de-contenu\\\/communiques-de-presse\\\/la-communaute-de-communes-caux-austreberthe-et-logeal-immobiliere-choisissent-voltalis-pour-equiper-gratuitement-plus-de-3-000-logements-et-professionnels-du-territoire-10522\"]}]},{\"@type\":\"ImageObject\",\"inLanguage\":\"fr-FR\",\"@id\":\"https:\\\/\\\/group.voltalis.com\\\/fr\\\/type-de-contenu\\\/communiques-de-presse\\\/la-communaute-de-communes-caux-austreberthe-et-logeal-immobiliere-choisissent-voltalis-pour-equiper-gratuitement-plus-de-3-000-logements-et-professionnels-du-territoire-10522#primaryimage\",\"url\":\"https:\\\/\\\/group.voltalis.com\\\/wp-content\\\/uploads\\\/2025\\\/02\\\/image-3.jpeg\",\"contentUrl\":\"https:\\\/\\\/group.voltalis.com\\\/wp-content\\\/uploads\\\/2025\\\/02\\\/image-3.jpeg\"},{\"@type\":\"BreadcrumbList\",\"@id\":\"https:\\\/\\\/group.voltalis.com\\\/fr\\\/type-de-contenu\\\/communiques-de-presse\\\/la-communaute-de-communes-caux-austreberthe-et-logeal-immobiliere-choisissent-voltalis-pour-equiper-gratuitement-plus-de-3-000-logements-et-professionnels-du-territoire-10522#breadcrumb\",\"itemListElement\":[{\"@type\":\"ListItem\",\"position\":1,\"name\":\"Home\",\"item\":\"https:\\\/\\\/group.voltalis.com\\\/fr\"},{\"@type\":\"ListItem\",\"position\":2,\"name\":\"La communaut\u00e9 de communes Caux-Austreberthe et Log\u00e9al Immobili\u00e8re choisissent Voltalis pour \u00e9quiper gratuitement plus de 3 000 logements et professionnels du territoire\u00a0\"}]},{\"@type\":\"WebSite\",\"@id\":\"https:\\\/\\\/group.voltalis.com\\\/en\\\/#website\",\"url\":\"https:\\\/\\\/group.voltalis.com\\\/en\\\/\",\"name\":\"Groupe Voltalis\",\"description\":\"Bien plus que des \u00e9conomies d&#039;\u00e9nergie\",\"potentialAction\":[{\"@type\":\"SearchAction\",\"target\":{\"@type\":\"EntryPoint\",\"urlTemplate\":\"https:\\\/\\\/group.voltalis.com\\\/en\\\/?s={search_term_string}\"},\"query-input\":{\"@type\":\"PropertyValueSpecification\",\"valueRequired\":true,\"valueName\":\"search_term_string\"}}],\"inLanguage\":\"fr-FR\"},{\"@type\":\"Person\",\"@id\":\"https:\\\/\\\/group.voltalis.com\\\/en\\\/#\\\/schema\\\/person\\\/4b1cbe0f01025c70fcdd38212cf95135\",\"name\":\"Alexane\",\"image\":{\"@type\":\"ImageObject\",\"inLanguage\":\"fr-FR\",\"@id\":\"https:\\\/\\\/secure.gravatar.com\\\/avatar\\\/30dd78037058843d269c357b406aa01da51eb6ad19f53de9f0fef498b199071b?s=96&d=mm&r=g\",\"url\":\"https:\\\/\\\/secure.gravatar.com\\\/avatar\\\/30dd78037058843d269c357b406aa01da51eb6ad19f53de9f0fef498b199071b?s=96&d=mm&r=g\",\"contentUrl\":\"https:\\\/\\\/secure.gravatar.com\\\/avatar\\\/30dd78037058843d269c357b406aa01da51eb6ad19f53de9f0fef498b199071b?s=96&d=mm&r=g\",\"caption\":\"Alexane\"},\"url\":\"https:\\\/\\\/group.voltalis.com\\\/fr\\\/author\\\/alexane\"}]}<\/script>\n<!-- \/ Yoast SEO plugin. -->","yoast_head_json":{"title":"La communaut\u00e9 de communes Caux-Austreberthe et Log\u00e9al Immobili\u00e8re choisissent Voltalis pour \u00e9quiper gratuitement plus de 3 000 logements et professionnels du territoire\u00a0 - Groupe Voltalis","robots":{"index":"index","follow":"follow","max-snippet":"max-snippet:-1","max-image-preview":"max-image-preview:large","max-video-preview":"max-video-preview:-1"},"canonical":"https:\/\/group.voltalis.com\/fr\/type-de-contenu\/communiques-de-presse\/la-communaute-de-communes-caux-austreberthe-et-logeal-immobiliere-choisissent-voltalis-pour-equiper-gratuitement-plus-de-3-000-logements-et-professionnels-du-territoire-10522","og_locale":"fr_FR","og_type":"article","og_title":"La communaut\u00e9 de communes Caux-Austreberthe et Log\u00e9al Immobili\u00e8re choisissent Voltalis pour \u00e9quiper gratuitement plus de 3 000 logements et professionnels du territoire\u00a0 - Groupe Voltalis","og_description":"En ligne avec les objectifs de son Plan Climat, la Communaut\u00e9 de communes Caux Austreberthe annonce un partenariat renforc\u00e9 avec Voltalis, leader des solutions connect\u00e9es d\u2019\u00e9conomies d\u2019\u00e9nergie, et Log\u00e9al Immobili\u00e8re, bailleur social majeur du territoire.&nbsp; D\u00e8s d\u2019aujourd\u2019hui, chacun des 3 029 foyers et professionnels chauff\u00e9s \u00e0 l\u2019\u00e9lectrique peuvent b\u00e9n\u00e9ficier gratuitement de l\u2019installation du thermostat connect\u00e9 [&hellip;]","og_url":"https:\/\/group.voltalis.com\/fr\/type-de-contenu\/communiques-de-presse\/la-communaute-de-communes-caux-austreberthe-et-logeal-immobiliere-choisissent-voltalis-pour-equiper-gratuitement-plus-de-3-000-logements-et-professionnels-du-territoire-10522","og_site_name":"Groupe Voltalis","article_publisher":"https:\/\/www.facebook.com\/pages\/category\/Product-Service\/Voltalis-178720392179068\/","article_published_time":"2025-08-28T09:07:00+00:00","article_modified_time":"2025-09-11T09:12:57+00:00","og_image":[{"width":556,"height":326,"url":"https:\/\/group.voltalis.com\/wp-content\/uploads\/2025\/02\/image-3.jpeg","type":"image\/jpeg"}],"author":"Alexane","twitter_card":"summary_large_image","twitter_misc":{"\u00c9crit par":"Alexane","Dur\u00e9e de lecture estim\u00e9e":"2 minutes"},"schema":{"@context":"https:\/\/schema.org","@graph":[{"@type":"Article","@id":"https:\/\/group.voltalis.com\/fr\/type-de-contenu\/communiques-de-presse\/la-communaute-de-communes-caux-austreberthe-et-logeal-immobiliere-choisissent-voltalis-pour-equiper-gratuitement-plus-de-3-000-logements-et-professionnels-du-territoire-10522#article","isPartOf":{"@id":"https:\/\/group.voltalis.com\/fr\/type-de-contenu\/communiques-de-presse\/la-communaute-de-communes-caux-austreberthe-et-logeal-immobiliere-choisissent-voltalis-pour-equiper-gratuitement-plus-de-3-000-logements-et-professionnels-du-territoire-10522"},"author":{"name":"Alexane","@id":"https:\/\/group.voltalis.com\/en\/#\/schema\/person\/4b1cbe0f01025c70fcdd38212cf95135"},"headline":"La communaut\u00e9 de communes Caux-Austreberthe et Log\u00e9al Immobili\u00e8re choisissent Voltalis pour \u00e9quiper gratuitement plus de 3 000 logements et professionnels du territoire\u00a0","datePublished":"2025-08-28T09:07:00+00:00","dateModified":"2025-09-11T09:12:57+00:00","mainEntityOfPage":{"@id":"https:\/\/group.voltalis.com\/fr\/type-de-contenu\/communiques-de-presse\/la-communaute-de-communes-caux-austreberthe-et-logeal-immobiliere-choisissent-voltalis-pour-equiper-gratuitement-plus-de-3-000-logements-et-professionnels-du-territoire-10522"},"wordCount":457,"image":{"@id":"https:\/\/group.voltalis.com\/fr\/type-de-contenu\/communiques-de-presse\/la-communaute-de-communes-caux-austreberthe-et-logeal-immobiliere-choisissent-voltalis-pour-equiper-gratuitement-plus-de-3-000-logements-et-professionnels-du-territoire-10522#primaryimage"},"thumbnailUrl":"https:\/\/group.voltalis.com\/wp-content\/uploads\/2025\/02\/image-3.jpeg","articleSection":["Collectivit\u00e9s","Communiqu\u00e9s"],"inLanguage":"fr-FR"},{"@type":"WebPage","@id":"https:\/\/group.voltalis.com\/fr\/type-de-contenu\/communiques-de-presse\/la-communaute-de-communes-caux-austreberthe-et-logeal-immobiliere-choisissent-voltalis-pour-equiper-gratuitement-plus-de-3-000-logements-et-professionnels-du-territoire-10522","url":"https:\/\/group.voltalis.com\/fr\/type-de-contenu\/communiques-de-presse\/la-communaute-de-communes-caux-austreberthe-et-logeal-immobiliere-choisissent-voltalis-pour-equiper-gratuitement-plus-de-3-000-logements-et-professionnels-du-territoire-10522","name":"La communaut\u00e9 de communes Caux-Austreberthe et Log\u00e9al Immobili\u00e8re choisissent Voltalis pour \u00e9quiper gratuitement plus de 3 000 logements et professionnels du territoire\u00a0 - Groupe Voltalis","isPartOf":{"@id":"https:\/\/group.voltalis.com\/en\/#website"},"primaryImageOfPage":{"@id":"https:\/\/group.voltalis.com\/fr\/type-de-contenu\/communiques-de-presse\/la-communaute-de-communes-caux-austreberthe-et-logeal-immobiliere-choisissent-voltalis-pour-equiper-gratuitement-plus-de-3-000-logements-et-professionnels-du-territoire-10522#primaryimage"},"image":{"@id":"https:\/\/group.voltalis.com\/fr\/type-de-contenu\/communiques-de-presse\/la-communaute-de-communes-caux-austreberthe-et-logeal-immobiliere-choisissent-voltalis-pour-equiper-gratuitement-plus-de-3-000-logements-et-professionnels-du-territoire-10522#primaryimage"},"thumbnailUrl":"https:\/\/group.voltalis.com\/wp-content\/uploads\/2025\/02\/image-3.jpeg","datePublished":"2025-08-28T09:07:00+00:00","dateModified":"2025-09-11T09:12:57+00:00","author":{"@id":"https:\/\/group.voltalis.com\/en\/#\/schema\/person\/4b1cbe0f01025c70fcdd38212cf95135"},"breadcrumb":{"@id":"https:\/\/group.voltalis.com\/fr\/type-de-contenu\/communiques-de-presse\/la-communaute-de-communes-caux-austreberthe-et-logeal-immobiliere-choisissent-voltalis-pour-equiper-gratuitement-plus-de-3-000-logements-et-professionnels-du-territoire-10522#breadcrumb"},"inLanguage":"fr-FR","potentialAction":[{"@type":"ReadAction","target":["https:\/\/group.voltalis.com\/fr\/type-de-contenu\/communiques-de-presse\/la-communaute-de-communes-caux-austreberthe-et-logeal-immobiliere-choisissent-voltalis-pour-equiper-gratuitement-plus-de-3-000-logements-et-professionnels-du-territoire-10522"]}]},{"@type":"ImageObject","inLanguage":"fr-FR","@id":"https:\/\/group.voltalis.com\/fr\/type-de-contenu\/communiques-de-presse\/la-communaute-de-communes-caux-austreberthe-et-logeal-immobiliere-choisissent-voltalis-pour-equiper-gratuitement-plus-de-3-000-logements-et-professionnels-du-territoire-10522#primaryimage","url":"https:\/\/group.voltalis.com\/wp-content\/uploads\/2025\/02\/image-3.jpeg","contentUrl":"https:\/\/group.voltalis.com\/wp-content\/uploads\/2025\/02\/image-3.jpeg"},{"@type":"BreadcrumbList","@id":"https:\/\/group.voltalis.com\/fr\/type-de-contenu\/communiques-de-presse\/la-communaute-de-communes-caux-austreberthe-et-logeal-immobiliere-choisissent-voltalis-pour-equiper-gratuitement-plus-de-3-000-logements-et-professionnels-du-territoire-10522#breadcrumb","itemListElement":[{"@type":"ListItem","position":1,"name":"Home","item":"https:\/\/group.voltalis.com\/fr"},{"@type":"ListItem","position":2,"name":"La communaut\u00e9 de communes Caux-Austreberthe et Log\u00e9al Immobili\u00e8re choisissent Voltalis pour \u00e9quiper gratuitement plus de 3 000 logements et professionnels du territoire\u00a0"}]},{"@type":"WebSite","@id":"https:\/\/group.voltalis.com\/en\/#website","url":"https:\/\/group.voltalis.com\/en\/","name":"Groupe Voltalis","description":"Bien plus que des \u00e9conomies d&#039;\u00e9nergie","potentialAction":[{"@type":"SearchAction","target":{"@type":"EntryPoint","urlTemplate":"https:\/\/group.voltalis.com\/en\/?s={search_term_string}"},"query-input":{"@type":"PropertyValueSpecification","valueRequired":true,"valueName":"search_term_string"}}],"inLanguage":"fr-FR"},{"@type":"Person","@id":"https:\/\/group.voltalis.com\/en\/#\/schema\/person\/4b1cbe0f01025c70fcdd38212cf95135","name":"Alexane","image":{"@type":"ImageObject","inLanguage":"fr-FR","@id":"https:\/\/secure.gravatar.com\/avatar\/30dd78037058843d269c357b406aa01da51eb6ad19f53de9f0fef498b199071b?s=96&d=mm&r=g","url":"https:\/\/secure.gravatar.com\/avatar\/30dd78037058843d269c357b406aa01da51eb6ad19f53de9f0fef498b199071b?s=96&d=mm&r=g","contentUrl":"https:\/\/secure.gravatar.com\/avatar\/30dd78037058843d269c357b406aa01da51eb6ad19f53de9f0fef498b199071b?s=96&d=mm&r=g","caption":"Alexane"},"url":"https:\/\/group.voltalis.com\/fr\/author\/alexane"}]}},"_links":{"self":[{"href":"https:\/\/group.voltalis.com\/fr\/wp-json\/wp\/v2\/posts\/10522","targetHints":{"allow":["GET"]}}],"collection":[{"href":"https:\/\/group.voltalis.com\/fr\/wp-json\/wp\/v2\/posts"}],"about":[{"href":"https:\/\/group.voltalis.com\/fr\/wp-json\/wp\/v2\/types\/post"}],"author":[{"embeddable":true,"href":"https:\/\/group.voltalis.com\/fr\/wp-json\/wp\/v2\/users\/12"}],"replies":[{"embeddable":true,"href":"https:\/\/group.voltalis.com\/fr\/wp-json\/wp\/v2\/comments?post=10522"}],"version-history":[{"count":1,"href":"https:\/\/group.voltalis.com\/fr\/wp-json\/wp\/v2\/posts\/10522\/revisions"}],"predecessor-version":[{"id":10523,"href":"https:\/\/group.voltalis.com\/fr\/wp-json\/wp\/v2\/posts\/10522\/revisions\/10523"}],"wp:attachment":[{"href":"https:\/\/group.voltalis.com\/fr\/wp-json\/wp\/v2\/media?parent=10522"}],"wp:term":[{"taxonomy":"category","embeddable":true,"href":"https:\/\/group.voltalis.com\/fr\/wp-json\/wp\/v2\/categories?post=10522"},{"taxonomy":"post_tag","embeddable":true,"href":"https:\/\/group.voltalis.com\/fr\/wp-json\/wp\/v2\/tags?post=10522"}],"curies":[{"name":"wp","href":"https:\/\/api.w.org\/{rel}","templated":true}]}}