{"id":10591,"date":"2025-09-29T09:00:00","date_gmt":"2025-09-29T07:00:00","guid":{"rendered":"https:\/\/group.voltalis.com\/?p=10591"},"modified":"2025-09-26T11:13:50","modified_gmt":"2025-09-26T09:13:50","slug":"fac-habitat-et-voltalis-sassocient-pour-ameliorer-le-confort-energetique-des-etudiants","status":"publish","type":"post","link":"https:\/\/group.voltalis.com\/fr\/type-de-contenu\/communiques-de-presse\/fac-habitat-et-voltalis-sassocient-pour-ameliorer-le-confort-energetique-des-etudiants-10591","title":{"rendered":"FAC-HABITAT et Voltalis s\u2019associent pour am\u00e9liorer le confort \u00e9nerg\u00e9tique des \u00e9tudiants"},"content":{"rendered":"\n<p class=\"has-text-align-left has-medium-font-size\"><strong><em>6 000 logements \u00e9tudiants \u00e9quip\u00e9s de thermostats connect\u00e9s pour r\u00e9duire la consommation de 15 % en moyenne<\/em><\/strong><\/p>\n\n\n\n<p><\/p>\n\n\n\n<p><strong>FAC-HABITAT, gestionnaire historique de r\u00e9sidences \u00e9tudiantes et jeunes actifs, et Voltalis, leader des solutions connect\u00e9es d\u2019\u00e9conomies d\u2019\u00e9nergie et de pilotage du chauffage \u00e9lectrique, signent un partenariat in\u00e9dit en faveur du pouvoir d\u2019achat et du confort des \u00e9tudiants. D\u2019ici fin octobre, les r\u00e9sidences chauff\u00e9es \u00e0 l\u2019\u00e9lectricit\u00e9 du parc de FAC-HABITAT \u2013 soit 6 000 logements \u00e9tudiants \u2013 seront \u00e9quip\u00e9es gratuitement du thermostat connect\u00e9 Voltalis<\/strong>.&nbsp;<\/p>\n\n\n\n<p class=\"has-medium-font-size\"><strong><strong>Un partenariat pour accompagner les \u00e9tudiants dans la maitrise leur consommation \u00e9nerg\u00e9tique.&nbsp;<\/strong>&nbsp;<\/strong><\/p>\n\n\n<div class=\"wp-block-image\">\n<figure class=\"alignleft size-full is-resized\"><img loading=\"lazy\" decoding=\"async\" width=\"242\" height=\"241\" src=\"https:\/\/group.voltalis.com\/wp-content\/uploads\/2025\/09\/image-8.png\" alt=\"\" class=\"wp-image-10593\" style=\"width:277px;height:auto\" srcset=\"https:\/\/group.voltalis.com\/wp-content\/uploads\/2025\/09\/image-8.png 242w, https:\/\/group.voltalis.com\/wp-content\/uploads\/2025\/09\/image-8-150x150.png 150w\" sizes=\"auto, (max-width: 242px) 100vw, 242px\" \/><\/figure>\n<\/div>\n\n\n<p>chauffage<sup>(<\/sup><sup>1)<\/sup>, le pilotage de sa consommation est le principal levier pour faire baisser la facture \u00e9nerg\u00e9tique sans investir lourdement. FAC-HABITAT a ainsi choisi Voltalis pour \u00e9quiper toutes les r\u00e9sidences chauff\u00e9es \u00e0 l\u2019\u00e9lectricit\u00e9 parmi les 120 qu\u2019elle g\u00e8re en France, dans plus de 40 villes universitaires. Depuis juin, 2 000 logements ont d\u00e9j\u00e0 \u00e9t\u00e9 \u00e9quip\u00e9s, et 4 000 installations suppl\u00e9mentaires seront finalis\u00e9es d\u2019ici le 31 octobre 2025.&nbsp;&nbsp;<\/p>\n\n\n\n<p>Ce d\u00e9ploiement permet \u00e9galement \u00e0 FAC-HABITAT de prendre de l\u2019avance sur la r\u00e9glementation, en anticipant le d\u00e9cret n\u00b0 2023-444 qui rendra obligatoire, d\u2019ici fin 2026, l\u2019installation d\u2019un thermostat programmable dans tous les b\u00e2timents. \u202f\u202f&nbsp;<\/p>\n\n\n\n<p><em>&nbsp;\u00ab Ce partenariat avec Voltalis r\u00e9pond \u00e0 un double objectif\u202f: redonner du pouvoir d\u2019achat aux \u00e9tudiants et am\u00e9liorer le confort \u00e9nerg\u00e9tique de nos 6 000 r\u00e9sidents, dans plus de 40 villes universitaires partout en France. Une \u00e9conomie de\u202f15 %\u202fsur sa consommation annuelle repr\u00e9sente en moyenne 60 \u20ac par an pour nos locataires. Pour le budget d\u2019un \u00e9tudiant, cette \u00e9conomie repr\u00e9sente\u202fplus d\u2019une mensualit\u00e9 d\u2019\u00e9lectricit\u00e9 gratuite\u202fsur l\u2019ann\u00e9e ! \u00bb, <\/em>d\u00e9clare<strong> Lionel L\u00c9RISSEL, Pr\u00e9sident de FAC-HABITAT.<\/strong>&nbsp;<\/p>\n\n\n\n<p class=\"has-medium-font-size\"><strong><strong>Un dispositif simple, connect\u00e9 et 100% gratuit&nbsp;<\/strong>&nbsp;<\/strong><\/p>\n\n\n\n<p>Le thermostat connect\u00e9 Voltalis permet de piloter son chauffage \u00e0 distance et de programmer la temp\u00e9rature souhait\u00e9e pi\u00e8ce par pi\u00e8ce via une interface num\u00e9rique (sur ordinateur ou via une application mobile). Les \u00e9conomies d\u2019\u00e9nergie r\u00e9alis\u00e9es sont \u00e9galement indiqu\u00e9es, y compris l\u2019\u00e9quivalent en euros.&nbsp;&nbsp;<\/p>\n\n\n\n<p>Ce dispositif contribue \u00e0 la s\u00e9curisation et \u00e0 la d\u00e9carbonation du r\u00e9seau \u00e9lectrique gr\u00e2ce \u00e0 de br\u00e8ves modulations automatiques de l\u2019ordre de 0,1 \u00b0C lors des pics de consommation.&nbsp;<\/p>\n\n\n\n<p>Ces modulations, imperceptibles pour l\u2019utilisateur, permettent \u00e0 Voltalis d\u2019\u00eatre r\u00e9mun\u00e9r\u00e9e par le r\u00e9seau \u00e9lectrique, ce qui permet de proposer le dispositif Voltalis gratuitement aux bailleurs et aux locataires.&nbsp;&nbsp;<\/p>\n\n\n\n<p>A la cl\u00e9\u202f: 15 % d\u2019\u00e9conomies d\u2019\u00e9nergie en moyenne pour l\u2019utilisateur, jusqu\u2019\u00e0 -70 % d\u2019\u00e9missions de CO<sub>2<\/sub> par logement \u00e9quip\u00e9 et un meilleur confort thermique pour les \u00e9tudiants.&nbsp;&nbsp;<\/p>\n\n\n\n<p><em>\u00ab\u202fNous sommes fiers d\u2019\u00e9quiper l\u2019ensemble des 6 000 logements chauff\u00e9s \u00e0 l\u2019\u00e9lectrique de FAC-HABITAT, acteur r\u00e9f\u00e9rent du logement social \u00e9tudiant. Ce partenariat s\u2019inscrit dans notre engagement depuis 15 ans\u202f: apporter une solution d\u2019\u00e9conomies d\u2019\u00e9nergie au plus grand nombre, sans complexit\u00e9 et sans surco\u00fbt. Notre gamme de solutions connect\u00e9es de pilotage de la consommation est accessible \u00e0 tous, les particuliers, les entreprises, les collectivit\u00e9s, les bailleurs ou encore les associations \u00bb,<\/em> conclut <strong>Mathieu BINEAU, Directeur g\u00e9n\u00e9ral de Voltalis.<\/strong><\/p>\n\n\n\n<figure class=\"wp-block-image size-large\"><img loading=\"lazy\" decoding=\"async\" width=\"1024\" height=\"683\" src=\"https:\/\/group.voltalis.com\/wp-content\/uploads\/2025\/09\/VOLTALIS-FAC-HABITAT-03-1024x683.jpg\" alt=\"\" class=\"wp-image-10600\" srcset=\"https:\/\/group.voltalis.com\/wp-content\/uploads\/2025\/09\/VOLTALIS-FAC-HABITAT-03-1024x683.jpg 1024w, https:\/\/group.voltalis.com\/wp-content\/uploads\/2025\/09\/VOLTALIS-FAC-HABITAT-03-300x200.jpg 300w, https:\/\/group.voltalis.com\/wp-content\/uploads\/2025\/09\/VOLTALIS-FAC-HABITAT-03-768x512.jpg 768w, https:\/\/group.voltalis.com\/wp-content\/uploads\/2025\/09\/VOLTALIS-FAC-HABITAT-03-1536x1024.jpg 1536w, https:\/\/group.voltalis.com\/wp-content\/uploads\/2025\/09\/VOLTALIS-FAC-HABITAT-03-2048x1365.jpg 2048w\" sizes=\"auto, (max-width: 1024px) 100vw, 1024px\" \/><\/figure>\n\n\n\n<p>Cr\u00e9dit : CAP CROSS<br>(1) Source\u202f: Ademe<\/p>\n\n\n\n<p><\/p>\n\n\n\n<figure class=\"wp-block-table\"><table class=\"has-fixed-layout\"><tbody><tr><td class=\"has-text-align-center\" data-align=\"center\"><strong>Agence Comme ils disent pour FAC-HABITAT&nbsp;:<\/strong><br>V\u00e9ronique BONNET&nbsp;-06 08 62 33 59<br><a href=\"mailto:v.bonnet@agence-cid.fr\">v.bonnet@agence-cid.fr<\/a><\/td><td class=\"has-text-align-center\" data-align=\"center\"><strong>Agence Shan pour Voltalis&nbsp;:<\/strong><br>Clara FLORE- 06 16 04 63 33<br><a href=\"mailto:voltalis@shan.fr\">voltalis@shan.fr<\/a><\/td><\/tr><\/tbody><\/table><\/figure>\n\n\n\n<p><\/p>\n","protected":false},"excerpt":{"rendered":"<p>6 000 logements \u00e9tudiants \u00e9quip\u00e9s de thermostats connect\u00e9s pour r\u00e9duire la consommation de 15 % en moyenne FAC-HABITAT, gestionnaire historique de r\u00e9sidences \u00e9tudiantes et jeunes actifs, et Voltalis, leader des solutions connect\u00e9es d\u2019\u00e9conomies d\u2019\u00e9nergie et de pilotage du chauffage \u00e9lectrique, signent un partenariat in\u00e9dit en faveur du pouvoir d\u2019achat et du confort des \u00e9tudiants. D\u2019ici [&hellip;]<\/p>\n","protected":false},"author":12,"featured_media":0,"comment_status":"closed","ping_status":"closed","sticky":false,"template":"","format":"standard","meta":{"_acf_changed":false,"inline_featured_image":false,"footnotes":""},"categories":[202,51,3],"tags":[],"class_list":["post-10591","post","type-post","status-publish","format-standard","hentry","category-bailleurs","category-annonce","category-communiques-de-presse"],"acf":[],"yoast_head":"<!-- This site is optimized with the Yoast SEO plugin v27.5 - https:\/\/yoast.com\/product\/yoast-seo-wordpress\/ -->\n<title>FAC-HABITAT et Voltalis s\u2019associent pour am\u00e9liorer le confort \u00e9nerg\u00e9tique des \u00e9tudiants - Groupe Voltalis<\/title>\n<meta name=\"robots\" content=\"index, follow, max-snippet:-1, max-image-preview:large, max-video-preview:-1\" \/>\n<link rel=\"canonical\" href=\"https:\/\/group.voltalis.com\/fr\/type-de-contenu\/communiques-de-presse\/fac-habitat-et-voltalis-sassocient-pour-ameliorer-le-confort-energetique-des-etudiants-10591\" \/>\n<meta property=\"og:locale\" content=\"fr_FR\" \/>\n<meta property=\"og:type\" content=\"article\" \/>\n<meta property=\"og:title\" content=\"FAC-HABITAT et Voltalis s\u2019associent pour am\u00e9liorer le confort \u00e9nerg\u00e9tique des \u00e9tudiants - Groupe Voltalis\" \/>\n<meta property=\"og:description\" content=\"6 000 logements \u00e9tudiants \u00e9quip\u00e9s de thermostats connect\u00e9s pour r\u00e9duire la consommation de 15 % en moyenne FAC-HABITAT, gestionnaire historique de r\u00e9sidences \u00e9tudiantes et jeunes actifs, et Voltalis, leader des solutions connect\u00e9es d\u2019\u00e9conomies d\u2019\u00e9nergie et de pilotage du chauffage \u00e9lectrique, signent un partenariat in\u00e9dit en faveur du pouvoir d\u2019achat et du confort des \u00e9tudiants. D\u2019ici [&hellip;]\" \/>\n<meta property=\"og:url\" content=\"https:\/\/group.voltalis.com\/fr\/type-de-contenu\/communiques-de-presse\/fac-habitat-et-voltalis-sassocient-pour-ameliorer-le-confort-energetique-des-etudiants-10591\" \/>\n<meta property=\"og:site_name\" content=\"Groupe Voltalis\" \/>\n<meta property=\"article:publisher\" content=\"https:\/\/www.facebook.com\/pages\/category\/Product-Service\/Voltalis-178720392179068\/\" \/>\n<meta property=\"article:published_time\" content=\"2025-09-29T07:00:00+00:00\" \/>\n<meta property=\"og:image\" content=\"https:\/\/group.voltalis.com\/wp-content\/uploads\/2025\/09\/image-8.png\" \/>\n\t<meta property=\"og:image:width\" content=\"242\" \/>\n\t<meta property=\"og:image:height\" content=\"241\" \/>\n\t<meta property=\"og:image:type\" content=\"image\/png\" \/>\n<meta name=\"author\" content=\"Alexane\" \/>\n<meta name=\"twitter:card\" content=\"summary_large_image\" \/>\n<meta name=\"twitter:label1\" content=\"\u00c9crit par\" \/>\n\t<meta name=\"twitter:data1\" content=\"Alexane\" \/>\n\t<meta name=\"twitter:label2\" content=\"Dur\u00e9e de lecture estim\u00e9e\" \/>\n\t<meta name=\"twitter:data2\" content=\"3 minutes\" \/>\n<script type=\"application\/ld+json\" class=\"yoast-schema-graph\">{\"@context\":\"https:\\\/\\\/schema.org\",\"@graph\":[{\"@type\":\"Article\",\"@id\":\"https:\\\/\\\/group.voltalis.com\\\/fr\\\/type-de-contenu\\\/communiques-de-presse\\\/fac-habitat-et-voltalis-sassocient-pour-ameliorer-le-confort-energetique-des-etudiants-10591#article\",\"isPartOf\":{\"@id\":\"https:\\\/\\\/group.voltalis.com\\\/fr\\\/type-de-contenu\\\/communiques-de-presse\\\/fac-habitat-et-voltalis-sassocient-pour-ameliorer-le-confort-energetique-des-etudiants-10591\"},\"author\":{\"name\":\"Alexane\",\"@id\":\"https:\\\/\\\/group.voltalis.com\\\/en\\\/#\\\/schema\\\/person\\\/4b1cbe0f01025c70fcdd38212cf95135\"},\"headline\":\"FAC-HABITAT et Voltalis s\u2019associent pour am\u00e9liorer le confort \u00e9nerg\u00e9tique des \u00e9tudiants\",\"datePublished\":\"2025-09-29T07:00:00+00:00\",\"mainEntityOfPage\":{\"@id\":\"https:\\\/\\\/group.voltalis.com\\\/fr\\\/type-de-contenu\\\/communiques-de-presse\\\/fac-habitat-et-voltalis-sassocient-pour-ameliorer-le-confort-energetique-des-etudiants-10591\"},\"wordCount\":585,\"image\":{\"@id\":\"https:\\\/\\\/group.voltalis.com\\\/fr\\\/type-de-contenu\\\/communiques-de-presse\\\/fac-habitat-et-voltalis-sassocient-pour-ameliorer-le-confort-energetique-des-etudiants-10591#primaryimage\"},\"thumbnailUrl\":\"https:\\\/\\\/group.voltalis.com\\\/wp-content\\\/uploads\\\/2025\\\/09\\\/image-8.png\",\"articleSection\":[\"Bailleurs\",\"\u00c9v\u00e9nements\",\"Communiqu\u00e9s\"],\"inLanguage\":\"fr-FR\"},{\"@type\":\"WebPage\",\"@id\":\"https:\\\/\\\/group.voltalis.com\\\/fr\\\/type-de-contenu\\\/communiques-de-presse\\\/fac-habitat-et-voltalis-sassocient-pour-ameliorer-le-confort-energetique-des-etudiants-10591\",\"url\":\"https:\\\/\\\/group.voltalis.com\\\/fr\\\/type-de-contenu\\\/communiques-de-presse\\\/fac-habitat-et-voltalis-sassocient-pour-ameliorer-le-confort-energetique-des-etudiants-10591\",\"name\":\"FAC-HABITAT et Voltalis s\u2019associent pour am\u00e9liorer le confort \u00e9nerg\u00e9tique des \u00e9tudiants - Groupe Voltalis\",\"isPartOf\":{\"@id\":\"https:\\\/\\\/group.voltalis.com\\\/en\\\/#website\"},\"primaryImageOfPage\":{\"@id\":\"https:\\\/\\\/group.voltalis.com\\\/fr\\\/type-de-contenu\\\/communiques-de-presse\\\/fac-habitat-et-voltalis-sassocient-pour-ameliorer-le-confort-energetique-des-etudiants-10591#primaryimage\"},\"image\":{\"@id\":\"https:\\\/\\\/group.voltalis.com\\\/fr\\\/type-de-contenu\\\/communiques-de-presse\\\/fac-habitat-et-voltalis-sassocient-pour-ameliorer-le-confort-energetique-des-etudiants-10591#primaryimage\"},\"thumbnailUrl\":\"https:\\\/\\\/group.voltalis.com\\\/wp-content\\\/uploads\\\/2025\\\/09\\\/image-8.png\",\"datePublished\":\"2025-09-29T07:00:00+00:00\",\"author\":{\"@id\":\"https:\\\/\\\/group.voltalis.com\\\/en\\\/#\\\/schema\\\/person\\\/4b1cbe0f01025c70fcdd38212cf95135\"},\"breadcrumb\":{\"@id\":\"https:\\\/\\\/group.voltalis.com\\\/fr\\\/type-de-contenu\\\/communiques-de-presse\\\/fac-habitat-et-voltalis-sassocient-pour-ameliorer-le-confort-energetique-des-etudiants-10591#breadcrumb\"},\"inLanguage\":\"fr-FR\",\"potentialAction\":[{\"@type\":\"ReadAction\",\"target\":[\"https:\\\/\\\/group.voltalis.com\\\/fr\\\/type-de-contenu\\\/communiques-de-presse\\\/fac-habitat-et-voltalis-sassocient-pour-ameliorer-le-confort-energetique-des-etudiants-10591\"]}]},{\"@type\":\"ImageObject\",\"inLanguage\":\"fr-FR\",\"@id\":\"https:\\\/\\\/group.voltalis.com\\\/fr\\\/type-de-contenu\\\/communiques-de-presse\\\/fac-habitat-et-voltalis-sassocient-pour-ameliorer-le-confort-energetique-des-etudiants-10591#primaryimage\",\"url\":\"https:\\\/\\\/group.voltalis.com\\\/wp-content\\\/uploads\\\/2025\\\/09\\\/image-8.png\",\"contentUrl\":\"https:\\\/\\\/group.voltalis.com\\\/wp-content\\\/uploads\\\/2025\\\/09\\\/image-8.png\"},{\"@type\":\"BreadcrumbList\",\"@id\":\"https:\\\/\\\/group.voltalis.com\\\/fr\\\/type-de-contenu\\\/communiques-de-presse\\\/fac-habitat-et-voltalis-sassocient-pour-ameliorer-le-confort-energetique-des-etudiants-10591#breadcrumb\",\"itemListElement\":[{\"@type\":\"ListItem\",\"position\":1,\"name\":\"Home\",\"item\":\"https:\\\/\\\/group.voltalis.com\\\/fr\"},{\"@type\":\"ListItem\",\"position\":2,\"name\":\"FAC-HABITAT et Voltalis s\u2019associent pour am\u00e9liorer le confort \u00e9nerg\u00e9tique des \u00e9tudiants\"}]},{\"@type\":\"WebSite\",\"@id\":\"https:\\\/\\\/group.voltalis.com\\\/en\\\/#website\",\"url\":\"https:\\\/\\\/group.voltalis.com\\\/en\\\/\",\"name\":\"Groupe Voltalis\",\"description\":\"Bien plus que des \u00e9conomies d&#039;\u00e9nergie\",\"potentialAction\":[{\"@type\":\"SearchAction\",\"target\":{\"@type\":\"EntryPoint\",\"urlTemplate\":\"https:\\\/\\\/group.voltalis.com\\\/en\\\/?s={search_term_string}\"},\"query-input\":{\"@type\":\"PropertyValueSpecification\",\"valueRequired\":true,\"valueName\":\"search_term_string\"}}],\"inLanguage\":\"fr-FR\"},{\"@type\":\"Person\",\"@id\":\"https:\\\/\\\/group.voltalis.com\\\/en\\\/#\\\/schema\\\/person\\\/4b1cbe0f01025c70fcdd38212cf95135\",\"name\":\"Alexane\",\"image\":{\"@type\":\"ImageObject\",\"inLanguage\":\"fr-FR\",\"@id\":\"https:\\\/\\\/secure.gravatar.com\\\/avatar\\\/30dd78037058843d269c357b406aa01da51eb6ad19f53de9f0fef498b199071b?s=96&d=mm&r=g\",\"url\":\"https:\\\/\\\/secure.gravatar.com\\\/avatar\\\/30dd78037058843d269c357b406aa01da51eb6ad19f53de9f0fef498b199071b?s=96&d=mm&r=g\",\"contentUrl\":\"https:\\\/\\\/secure.gravatar.com\\\/avatar\\\/30dd78037058843d269c357b406aa01da51eb6ad19f53de9f0fef498b199071b?s=96&d=mm&r=g\",\"caption\":\"Alexane\"},\"url\":\"https:\\\/\\\/group.voltalis.com\\\/fr\\\/author\\\/alexane\"}]}<\/script>\n<!-- \/ Yoast SEO plugin. -->","yoast_head_json":{"title":"FAC-HABITAT et Voltalis s\u2019associent pour am\u00e9liorer le confort \u00e9nerg\u00e9tique des \u00e9tudiants - Groupe Voltalis","robots":{"index":"index","follow":"follow","max-snippet":"max-snippet:-1","max-image-preview":"max-image-preview:large","max-video-preview":"max-video-preview:-1"},"canonical":"https:\/\/group.voltalis.com\/fr\/type-de-contenu\/communiques-de-presse\/fac-habitat-et-voltalis-sassocient-pour-ameliorer-le-confort-energetique-des-etudiants-10591","og_locale":"fr_FR","og_type":"article","og_title":"FAC-HABITAT et Voltalis s\u2019associent pour am\u00e9liorer le confort \u00e9nerg\u00e9tique des \u00e9tudiants - Groupe Voltalis","og_description":"6 000 logements \u00e9tudiants \u00e9quip\u00e9s de thermostats connect\u00e9s pour r\u00e9duire la consommation de 15 % en moyenne FAC-HABITAT, gestionnaire historique de r\u00e9sidences \u00e9tudiantes et jeunes actifs, et Voltalis, leader des solutions connect\u00e9es d\u2019\u00e9conomies d\u2019\u00e9nergie et de pilotage du chauffage \u00e9lectrique, signent un partenariat in\u00e9dit en faveur du pouvoir d\u2019achat et du confort des \u00e9tudiants. D\u2019ici [&hellip;]","og_url":"https:\/\/group.voltalis.com\/fr\/type-de-contenu\/communiques-de-presse\/fac-habitat-et-voltalis-sassocient-pour-ameliorer-le-confort-energetique-des-etudiants-10591","og_site_name":"Groupe Voltalis","article_publisher":"https:\/\/www.facebook.com\/pages\/category\/Product-Service\/Voltalis-178720392179068\/","article_published_time":"2025-09-29T07:00:00+00:00","og_image":[{"width":242,"height":241,"url":"https:\/\/group.voltalis.com\/wp-content\/uploads\/2025\/09\/image-8.png","type":"image\/png"}],"author":"Alexane","twitter_card":"summary_large_image","twitter_misc":{"\u00c9crit par":"Alexane","Dur\u00e9e de lecture estim\u00e9e":"3 minutes"},"schema":{"@context":"https:\/\/schema.org","@graph":[{"@type":"Article","@id":"https:\/\/group.voltalis.com\/fr\/type-de-contenu\/communiques-de-presse\/fac-habitat-et-voltalis-sassocient-pour-ameliorer-le-confort-energetique-des-etudiants-10591#article","isPartOf":{"@id":"https:\/\/group.voltalis.com\/fr\/type-de-contenu\/communiques-de-presse\/fac-habitat-et-voltalis-sassocient-pour-ameliorer-le-confort-energetique-des-etudiants-10591"},"author":{"name":"Alexane","@id":"https:\/\/group.voltalis.com\/en\/#\/schema\/person\/4b1cbe0f01025c70fcdd38212cf95135"},"headline":"FAC-HABITAT et Voltalis s\u2019associent pour am\u00e9liorer le confort \u00e9nerg\u00e9tique des \u00e9tudiants","datePublished":"2025-09-29T07:00:00+00:00","mainEntityOfPage":{"@id":"https:\/\/group.voltalis.com\/fr\/type-de-contenu\/communiques-de-presse\/fac-habitat-et-voltalis-sassocient-pour-ameliorer-le-confort-energetique-des-etudiants-10591"},"wordCount":585,"image":{"@id":"https:\/\/group.voltalis.com\/fr\/type-de-contenu\/communiques-de-presse\/fac-habitat-et-voltalis-sassocient-pour-ameliorer-le-confort-energetique-des-etudiants-10591#primaryimage"},"thumbnailUrl":"https:\/\/group.voltalis.com\/wp-content\/uploads\/2025\/09\/image-8.png","articleSection":["Bailleurs","\u00c9v\u00e9nements","Communiqu\u00e9s"],"inLanguage":"fr-FR"},{"@type":"WebPage","@id":"https:\/\/group.voltalis.com\/fr\/type-de-contenu\/communiques-de-presse\/fac-habitat-et-voltalis-sassocient-pour-ameliorer-le-confort-energetique-des-etudiants-10591","url":"https:\/\/group.voltalis.com\/fr\/type-de-contenu\/communiques-de-presse\/fac-habitat-et-voltalis-sassocient-pour-ameliorer-le-confort-energetique-des-etudiants-10591","name":"FAC-HABITAT et Voltalis s\u2019associent pour am\u00e9liorer le confort \u00e9nerg\u00e9tique des \u00e9tudiants - Groupe Voltalis","isPartOf":{"@id":"https:\/\/group.voltalis.com\/en\/#website"},"primaryImageOfPage":{"@id":"https:\/\/group.voltalis.com\/fr\/type-de-contenu\/communiques-de-presse\/fac-habitat-et-voltalis-sassocient-pour-ameliorer-le-confort-energetique-des-etudiants-10591#primaryimage"},"image":{"@id":"https:\/\/group.voltalis.com\/fr\/type-de-contenu\/communiques-de-presse\/fac-habitat-et-voltalis-sassocient-pour-ameliorer-le-confort-energetique-des-etudiants-10591#primaryimage"},"thumbnailUrl":"https:\/\/group.voltalis.com\/wp-content\/uploads\/2025\/09\/image-8.png","datePublished":"2025-09-29T07:00:00+00:00","author":{"@id":"https:\/\/group.voltalis.com\/en\/#\/schema\/person\/4b1cbe0f01025c70fcdd38212cf95135"},"breadcrumb":{"@id":"https:\/\/group.voltalis.com\/fr\/type-de-contenu\/communiques-de-presse\/fac-habitat-et-voltalis-sassocient-pour-ameliorer-le-confort-energetique-des-etudiants-10591#breadcrumb"},"inLanguage":"fr-FR","potentialAction":[{"@type":"ReadAction","target":["https:\/\/group.voltalis.com\/fr\/type-de-contenu\/communiques-de-presse\/fac-habitat-et-voltalis-sassocient-pour-ameliorer-le-confort-energetique-des-etudiants-10591"]}]},{"@type":"ImageObject","inLanguage":"fr-FR","@id":"https:\/\/group.voltalis.com\/fr\/type-de-contenu\/communiques-de-presse\/fac-habitat-et-voltalis-sassocient-pour-ameliorer-le-confort-energetique-des-etudiants-10591#primaryimage","url":"https:\/\/group.voltalis.com\/wp-content\/uploads\/2025\/09\/image-8.png","contentUrl":"https:\/\/group.voltalis.com\/wp-content\/uploads\/2025\/09\/image-8.png"},{"@type":"BreadcrumbList","@id":"https:\/\/group.voltalis.com\/fr\/type-de-contenu\/communiques-de-presse\/fac-habitat-et-voltalis-sassocient-pour-ameliorer-le-confort-energetique-des-etudiants-10591#breadcrumb","itemListElement":[{"@type":"ListItem","position":1,"name":"Home","item":"https:\/\/group.voltalis.com\/fr"},{"@type":"ListItem","position":2,"name":"FAC-HABITAT et Voltalis s\u2019associent pour am\u00e9liorer le confort \u00e9nerg\u00e9tique des \u00e9tudiants"}]},{"@type":"WebSite","@id":"https:\/\/group.voltalis.com\/en\/#website","url":"https:\/\/group.voltalis.com\/en\/","name":"Groupe Voltalis","description":"Bien plus que des \u00e9conomies d&#039;\u00e9nergie","potentialAction":[{"@type":"SearchAction","target":{"@type":"EntryPoint","urlTemplate":"https:\/\/group.voltalis.com\/en\/?s={search_term_string}"},"query-input":{"@type":"PropertyValueSpecification","valueRequired":true,"valueName":"search_term_string"}}],"inLanguage":"fr-FR"},{"@type":"Person","@id":"https:\/\/group.voltalis.com\/en\/#\/schema\/person\/4b1cbe0f01025c70fcdd38212cf95135","name":"Alexane","image":{"@type":"ImageObject","inLanguage":"fr-FR","@id":"https:\/\/secure.gravatar.com\/avatar\/30dd78037058843d269c357b406aa01da51eb6ad19f53de9f0fef498b199071b?s=96&d=mm&r=g","url":"https:\/\/secure.gravatar.com\/avatar\/30dd78037058843d269c357b406aa01da51eb6ad19f53de9f0fef498b199071b?s=96&d=mm&r=g","contentUrl":"https:\/\/secure.gravatar.com\/avatar\/30dd78037058843d269c357b406aa01da51eb6ad19f53de9f0fef498b199071b?s=96&d=mm&r=g","caption":"Alexane"},"url":"https:\/\/group.voltalis.com\/fr\/author\/alexane"}]}},"_links":{"self":[{"href":"https:\/\/group.voltalis.com\/fr\/wp-json\/wp\/v2\/posts\/10591","targetHints":{"allow":["GET"]}}],"collection":[{"href":"https:\/\/group.voltalis.com\/fr\/wp-json\/wp\/v2\/posts"}],"about":[{"href":"https:\/\/group.voltalis.com\/fr\/wp-json\/wp\/v2\/types\/post"}],"author":[{"embeddable":true,"href":"https:\/\/group.voltalis.com\/fr\/wp-json\/wp\/v2\/users\/12"}],"replies":[{"embeddable":true,"href":"https:\/\/group.voltalis.com\/fr\/wp-json\/wp\/v2\/comments?post=10591"}],"version-history":[{"count":4,"href":"https:\/\/group.voltalis.com\/fr\/wp-json\/wp\/v2\/posts\/10591\/revisions"}],"predecessor-version":[{"id":10603,"href":"https:\/\/group.voltalis.com\/fr\/wp-json\/wp\/v2\/posts\/10591\/revisions\/10603"}],"wp:attachment":[{"href":"https:\/\/group.voltalis.com\/fr\/wp-json\/wp\/v2\/media?parent=10591"}],"wp:term":[{"taxonomy":"category","embeddable":true,"href":"https:\/\/group.voltalis.com\/fr\/wp-json\/wp\/v2\/categories?post=10591"},{"taxonomy":"post_tag","embeddable":true,"href":"https:\/\/group.voltalis.com\/fr\/wp-json\/wp\/v2\/tags?post=10591"}],"curies":[{"name":"wp","href":"https:\/\/api.w.org\/{rel}","templated":true}]}}