{"id":10794,"date":"2026-03-09T15:11:00","date_gmt":"2026-03-09T14:11:00","guid":{"rendered":"https:\/\/group.voltalis.com\/?p=10794"},"modified":"2026-08-19T19:51:24","modified_gmt":"2026-08-19T17:51:24","slug":"chauffage-electrique-qui-a-paye-le-plus-cher-cet-hiver","status":"publish","type":"post","link":"https:\/\/group.voltalis.com\/fr\/type-de-contenu\/communiques-de-presse\/chauffage-electrique-qui-a-paye-le-plus-cher-cet-hiver-10794","title":{"rendered":"Chauffage\u00a0\u00e9lectrique : qui a pay\u00e9\u00a0le plus\u00a0cher\u00a0cet hiver ?\u00a0\u00a0"},"content":{"rendered":"\n<p class=\"has-text-align-center wp-block-paragraph\"><strong><a href=\"https:\/\/group.voltalis.com\/wp-content\/uploads\/2026\/08\/CP-Bilan-de-lhiver_cout-du-chauffage_Voltalis_mars-2026-VDEF-1.pdf\">T\u00e9l\u00e9charger le communiqu\u00e9<\/a><\/strong><\/p>\n\n\n\n<p class=\"has-medium-font-size wp-block-paragraph\"><strong><em>Un hiver \u00e0 415 \u20ac en moyenne mais plus&nbsp;de 200 \u20ac d\u2019\u00e9cart selon les villes&nbsp;<\/em><\/strong><\/p>\n\n\n\n<p class=\"has-text-align-left has-medium-font-size wp-block-paragraph\"><\/p>\n\n\n\n<p class=\"wp-block-paragraph\">Alors que les temp\u00e9ratures remontent, une question demeure&nbsp;: combien les Fran\u00e7ais ont-ils r\u00e9ellement pay\u00e9 pour se chauffer cet hiver ?&nbsp;<br>L\u2019analyse&nbsp;des consommations de plus de 240 000&nbsp;clients&nbsp;Voltalis,&nbsp;sp\u00e9cialiste du pilotage de la consommation&nbsp;r\u00e9sidentielle,&nbsp;offre&nbsp;un panorama pr\u00e9cis du co\u00fbt du chauffage \u00e9lectrique&nbsp;dans 34 villes&nbsp;fran\u00e7aises.&nbsp;<\/p>\n\n\n\n<p class=\"wp-block-paragraph\"><\/p>\n\n\n\n<p class=\"wp-block-paragraph\">Cette \u00e9tude met en lumi\u00e8re plusieurs enseignements cl\u00e9s qui viennent bousculer quelques id\u00e9es re\u00e7ues\u202f:&nbsp;Les villes les plus \u00e9conomes sont effectivement celles o\u00f9 l\u2019hiver est le plus doux, mais l\u2019inverse n\u2019est pas vrai : un climat froid ne rime pas automatiquement avec facture \u00e9lev\u00e9e.&nbsp;Encourager les Fran\u00e7ais \u00e0 consommer plus d\u2019\u00e9lectricit\u00e9, comme le pr\u00e9conisent certaines orientations publiques, suppose de d\u00e9montrer que cela&nbsp;ne co\u00fbte pas plus cher, \u00e0 condition&nbsp;d\u2019adopter les bons r\u00e9flexes :&nbsp;suivre ses factures&nbsp;et&nbsp;piloter ses consommations.&nbsp;<\/p>\n\n\n\n<p class=\"has-medium-font-size wp-block-paragraph\"><strong>Une&nbsp;facture moyenne de 415&nbsp;\u20ac&nbsp;mais des diff\u00e9rences qui varient du simple au double<\/strong>&nbsp;<\/p>\n\n\n\n<p class=\"wp-block-paragraph\">Un foyer chauff\u00e9 \u00e0 l\u2019\u00e9lectricit\u00e9 a d\u00e9pens\u00e9 cet hiver 415 \u20ac en moyenne pour son chauffage.&nbsp;<br>Mais selon la ville, la facture peut passer du simple au double.<\/p>\n\n\n\n<figure class=\"wp-block-table\"><table class=\"has-fixed-layout\"><tbody><tr><td colspan=\"2\"><strong>Les villes&nbsp;les plus d\u00e9pensi\u00e8res<\/strong>&nbsp;<\/td><\/tr><tr><td><strong>Chalon-sur-Sa\u00f4ne&nbsp;<\/strong><\/td><td>509 \u20ac&nbsp;<\/td><\/tr><tr><td><strong>Bourg-Saint-Maurice&nbsp;<\/strong><\/td><td>499 \u20ac&nbsp;<\/td><\/tr><tr><td><strong>Strasbourg&nbsp;<\/strong><\/td><td>496 \u20ac&nbsp;<\/td><\/tr><tr><td><strong>Paris&nbsp;<\/strong><\/td><td>491 \u20ac&nbsp;<\/td><\/tr><\/tbody><\/table><\/figure>\n\n\n\n<figure class=\"wp-block-table\"><table class=\"has-fixed-layout\"><tbody><tr><td colspan=\"2\"><strong>Les villes les plus&nbsp;\u00e9conomes&nbsp;<\/strong>&nbsp;<\/td><\/tr><tr><td><strong>Perpignan&nbsp;<\/strong><\/td><td>295 \u20ac&nbsp;<\/td><\/tr><tr><td><strong>Montpellier&nbsp;<\/strong><\/td><td>310 \u20ac&nbsp;<\/td><\/tr><tr><td><strong>Nice&nbsp;<\/strong><\/td><td>311 \u20ac&nbsp;<\/td><\/tr><\/tbody><\/table><\/figure>\n\n\n\n<p class=\"wp-block-paragraph\">Ce barom\u00e8tre r\u00e9v\u00e8le une France coup\u00e9e en deux.&nbsp;Entre le nord-est et le sud, l\u2019\u00e9cart&nbsp;d\u00e9passe&nbsp;ainsi les&nbsp;<strong>200 \u20ac<\/strong>, reflet de disparit\u00e9s climatiques, mais aussi structurelles : isolation, type d\u2019habitat, pratiques de chauffage.&nbsp;Pour un m\u00eame logement de 90 m\u00b2, habiter \u00e0 Perpignan ou \u00e0 Chalon-sur-Sa\u00f4ne n&rsquo;a pas le m\u00eame prix : l&rsquo;addition grimpe de 72% pour les derniers.&nbsp;<\/p>\n\n\n\n<p class=\"has-medium-font-size wp-block-paragraph\"><strong>Un hiver froid ne signifie pas forc\u00e9ment une facture \u00e9lev\u00e9e<\/strong><\/p>\n\n\n\n<p class=\"wp-block-paragraph\">La m\u00e9t\u00e9o ne suffit pas \u00e0 expliquer les diff\u00e9rences :&nbsp;<\/p>\n\n\n\n<ul class=\"wp-block-list\">\n<li><strong>Bourg-Saint-Maurice<\/strong>, l\u2019une des villes&nbsp;de montagne&nbsp;les plus froides, fait partie du top 3 des factures les plus \u00e9lev\u00e9es.&nbsp;<\/li>\n<\/ul>\n\n\n\n<ul class=\"wp-block-list\">\n<li>Mais&nbsp;<strong>Belfort<\/strong>&nbsp;(460 \u20ac) et&nbsp;<strong>Gap<\/strong>&nbsp;(478 \u20ac),&nbsp;qui subissent des hivers&nbsp;soutenus&nbsp;,&nbsp;se situent loin derri\u00e8re sur leurs d\u00e9penses de chauffage.&nbsp;<\/li>\n<\/ul>\n\n\n\n<ul class=\"wp-block-list\">\n<li><strong>Les Parisiens et les Strasbourgeois,<\/strong>&nbsp;avec des hivers tr\u00e8s diff\u00e9rents,&nbsp;terminent&nbsp;quasiment \u00e0 \u00e9galit\u00e9.&nbsp;<\/li>\n<\/ul>\n\n\n\n<ul class=\"wp-block-list\">\n<li>\u00c0 l\u2019oppos\u00e9, les villes au&nbsp;climat doux, comme&nbsp;<strong>Nice, Perpignan, Montpellier ou encore Biarritz&nbsp;restent logiquement parmi les moins co\u00fbteuses, avec des factures qui demeurent sous les<\/strong>&nbsp;80 \u20ac par mois.&nbsp;&nbsp;<\/li>\n<\/ul>\n\n\n\n<p class=\"wp-block-paragraph\">Au-del\u00e0 des temp\u00e9ratures, ce sont aussi les&nbsp;habitudes&nbsp;de chauffage, la performance \u00e9nerg\u00e9tique et la capacit\u00e9 \u00e0 ajuster sa consommation&nbsp;qui&nbsp;influencent r\u00e9ellement le montant de la facture.&nbsp;<\/p>\n\n\n\n<p class=\"has-medium-font-size wp-block-paragraph\"><strong>Se chauffer \u00e0 l\u2019\u00e9lectrique ne co\u00fbte pas plus cher avec les bons gestes\u202f: regarder ses factures et piloter ses consommations&nbsp;<\/strong>&nbsp;<\/p>\n\n\n\n<p class=\"wp-block-paragraph\">Plus de neuf millions de&nbsp;foyers&nbsp;se chauffent&nbsp;d\u00e9j\u00e0&nbsp;\u00e0 l\u2019\u00e9lectricit\u00e9 en France.&nbsp;Dans un contexte de&nbsp;d\u00e9carbonation du chauffage,&nbsp;o\u00f9 nous allons vers plus d\u2019usages \u00e9lectrifi\u00e9s, adopter les bons gestes pour&nbsp;ma\u00eetriser ses d\u00e9penses face \u00e0 ces \u00e9volutions&nbsp;devient indispensable.&nbsp;&nbsp;<\/p>\n\n\n\n<p class=\"wp-block-paragraph\">Alors que&nbsp;le&nbsp;chauffage repr\u00e9sente<strong> jusqu\u2019\u00e0 60 %<\/strong>&nbsp;des&nbsp;consommations&nbsp;d\u2019\u00e9nergie&nbsp;d\u2019un m\u00e9nage,&nbsp;le simple fait de lire sa facture fait \u00e9conomiser 3 \u00e0 5 %<sup>1<\/sup>.&nbsp;Et s\u2019il s\u2019\u00e9quipe d\u2019un thermostat connect\u00e9,&nbsp;un foyer&nbsp;peut \u00e9conomiser en moyenne une mensualit\u00e9.&nbsp;C\u2019est l\u2019une des rares solutions technologiques aujourd\u2019hui accessibles gratuitement, sans travaux, pour r\u00e9duire imm\u00e9diatement une facture d\u2019\u00e9nergie.<strong>&nbsp;<\/strong>Avec un parc immobilier encore largement mal isol\u00e9, des appareils de chauffage \u00e9lectriques parfois anciens et des factures qui p\u00e8sent sur le pouvoir d\u2019achat, le pilotage repr\u00e9sente d\u00e9sormais&nbsp;un levier&nbsp;cl\u00e9.&nbsp;<\/p>\n\n\n\n<p class=\"wp-block-paragraph\"><em>\u00ab\u202fNotre barom\u00e8tre permet&nbsp;de rappeler que sans thermostat connect\u00e9, nos clients auraient pay\u00e9 62\u20ac en plus entre octobre et f\u00e9vrier.\u202fC\u2019est&nbsp;\u00e9galement&nbsp;un moyen&nbsp;de&nbsp;poursuivre&nbsp;l\u2019effort de&nbsp;p\u00e9dagogie aupr\u00e8s des Fran\u00e7ais\u202f:&nbsp;la cl\u00e9 pour ma\u00eetriser ses d\u00e9penses d\u2019\u00e9nergie est de regarder ses factures r\u00e9guli\u00e8rement et de piloter les consommations qui peuvent l\u2019\u00eatre, comme le chauffage. Nous le rappelons,&nbsp;un thermostat,&nbsp;c\u2019est&nbsp;15% en moyenne d\u2019\u00e9conomies d\u2019\u00e9nergie par an, quel que soit le type de chauffage\u202f\u00bb,&nbsp;<\/em>d\u00e9clare&nbsp;<strong>Benjamin Bailly, Directeur March\u00e9s, innovation, produit et data&nbsp;de&nbsp;Voltalis.&nbsp;<\/strong>&nbsp;<\/p>\n\n\n\n<p class=\"wp-block-paragraph\"><\/p>\n\n\n\n<p class=\"wp-block-paragraph\"><strong><em>Note\u202f: pourquoi certaines offres de thermostats sont gratuites\u202f?&nbsp;<\/em><\/strong><em>Comme celle de&nbsp;Voltalis, les clients qui choisissent cette option de pilotage acceptent qu\u2019en contrepartie l\u2019entreprise module de temps en temps la consommation de chauffage, pour la baisser quand le r\u00e9seau en a besoin, dans un moment de tension. Cette flexibilit\u00e9 apport\u00e9e aux acteurs du syst\u00e8me \u00e9lectrique est r\u00e9mun\u00e9r\u00e9e, et est donc propos\u00e9&nbsp;sans frais aux utilisateurs&nbsp;et sans impact sur leur confort.&nbsp;<\/em>&nbsp;<\/p>\n\n\n\n<p class=\"wp-block-paragraph\"><strong>Annexe 1\u202f:<\/strong>&nbsp;<a href=\"https:\/\/voltalis-my.sharepoint.com\/:b:\/p\/emma_corson\/IQAvSUOR2WA0Q614obNlEzG-AYwmF3Bk-noIuA7K9iXGkW4?e=Mg5qfe\" target=\"_blank\" rel=\"noreferrer noopener\">infographie&nbsp;\u00e0 t\u00e9l\u00e9charger ici<\/a>&nbsp;&nbsp;<\/p>\n\n\n\n<p class=\"wp-block-paragraph\"><strong>Annexe 2\u202f: <\/strong>tableau ville par ville&nbsp;&nbsp;<\/p>\n\n\n\n<figure class=\"wp-block-table\"><table class=\"has-fixed-layout\"><tbody><tr><td><strong>Ville<\/strong>&nbsp;<\/td><td><strong>D\u00e9penses en \u20ac<\/strong>&nbsp;<\/td><\/tr><tr><td><strong>ALEN\u00c7ON&nbsp;<\/strong><\/td><td>417&nbsp;<\/td><\/tr><tr><td><strong>AMIENS&nbsp;<\/strong><\/td><td>445&nbsp;<\/td><\/tr><tr><td><strong>AURILLAC&nbsp;<\/strong><\/td><td>483&nbsp;<\/td><\/tr><tr><td><strong>AUXERRE&nbsp;<\/strong><\/td><td>484&nbsp;<\/td><\/tr><tr><td><strong>BELFORT&nbsp;<\/strong><\/td><td>460&nbsp;<\/td><\/tr><tr><td><strong>BIARRITZ&nbsp;<\/strong><\/td><td>319&nbsp;<\/td><\/tr><tr><td><strong>BORDEAUX&nbsp;<\/strong><\/td><td>387&nbsp;<\/td><\/tr><tr><td><strong>BOURG-SAINT-MAURICE&nbsp;<\/strong><\/td><td>499&nbsp;<\/td><\/tr><tr><td><strong>BOURGES&nbsp;<\/strong><\/td><td>448&nbsp;<\/td><\/tr><tr><td><strong>BREST&nbsp;<\/strong><\/td><td>380&nbsp;<\/td><\/tr><tr><td><strong>CHALON-SUR-SA\u00d4NE&nbsp;<\/strong><\/td><td>509&nbsp;<\/td><\/tr><tr><td><strong>CHAUMONT&nbsp;<\/strong><\/td><td>458&nbsp;<\/td><\/tr><tr><td><strong>CHERBOURG&nbsp;<\/strong><\/td><td>411&nbsp;<\/td><\/tr><tr><td><strong>GAP&nbsp;<\/strong><\/td><td>478&nbsp;<\/td><\/tr><tr><td><strong>LA ROCHELLE&nbsp;<\/strong><\/td><td>411&nbsp;<\/td><\/tr><tr><td><strong>LILLE&nbsp;<\/strong><\/td><td>440&nbsp;<\/td><\/tr><tr><td><strong>LIMOGES&nbsp;<\/strong><\/td><td>460&nbsp;<\/td><\/tr><tr><td><strong>LYON&nbsp;<\/strong><\/td><td>416&nbsp;<\/td><\/tr><tr><td><strong>MARSEILLE&nbsp;<\/strong><\/td><td>320&nbsp;<\/td><\/tr><tr><td><strong>METZ&nbsp;<\/strong><\/td><td>469&nbsp;<\/td><\/tr><tr><td><strong>MONTPELLIER&nbsp;<\/strong><\/td><td>310&nbsp;<\/td><\/tr><tr><td><strong>MONT\u00c9LIMAR&nbsp;<\/strong><\/td><td>384&nbsp;<\/td><\/tr><tr><td><strong>NANTES&nbsp;<\/strong><\/td><td>382&nbsp;<\/td><\/tr><tr><td><strong>NICE&nbsp;<\/strong><\/td><td>311&nbsp;<\/td><\/tr><tr><td><strong>PARIS&nbsp;<\/strong><\/td><td>491&nbsp;<\/td><\/tr><tr><td><strong>PERPIGNAN&nbsp;<\/strong><\/td><td>295&nbsp;<\/td><\/tr><tr><td><strong>REIMS&nbsp;<\/strong><\/td><td>462&nbsp;<\/td><\/tr><tr><td><strong>RENNES&nbsp;<\/strong><\/td><td>414&nbsp;<\/td><\/tr><tr><td><strong>ROUEN<\/strong>&nbsp;<\/td><td>466&nbsp;<\/td><\/tr><tr><td><strong>STRASBOURG&nbsp;<\/strong><\/td><td>496&nbsp;<\/td><\/tr><tr><td><strong>TARBES&nbsp;<\/strong><\/td><td>361&nbsp;<\/td><\/tr><tr><td><strong>TOULOUSE&nbsp;<\/strong><\/td><td>330&nbsp;<\/td><\/tr><tr><td><strong>TOURS&nbsp;<\/strong><\/td><td>417&nbsp;<\/td><\/tr><tr><td><strong>VICHY&nbsp;<\/strong><\/td><td>421&nbsp;<\/td><\/tr><\/tbody><\/table><\/figure>\n\n\n\n<p class=\"wp-block-paragraph\"><\/p>\n\n\n\n<figure class=\"wp-block-table\"><table class=\"has-fixed-layout\"><tbody><tr><td class=\"has-text-align-center\" data-align=\"center\"><strong>Contact presse&nbsp;<\/strong>&nbsp;<br>&nbsp;<br>Agence Shan\u202f-&nbsp;<a href=\"mailto:voltalis@shan.fr\" target=\"_blank\" rel=\"noreferrer noopener\">voltalis@shan.fr<\/a>&nbsp;\/&nbsp;06 16 04 64 33&nbsp;<\/td><\/tr><\/tbody><\/table><\/figure>\n","protected":false},"excerpt":{"rendered":"<p>T\u00e9l\u00e9charger le communiqu\u00e9 Un hiver \u00e0 415 \u20ac en moyenne mais plus&nbsp;de 200 \u20ac d\u2019\u00e9cart selon les villes&nbsp; Alors que les temp\u00e9ratures remontent, une question demeure&nbsp;: combien les Fran\u00e7ais ont-ils r\u00e9ellement pay\u00e9 pour se chauffer cet hiver ?&nbsp;L\u2019analyse&nbsp;des consommations de plus de 240 000&nbsp;clients&nbsp;Voltalis,&nbsp;sp\u00e9cialiste du pilotage de la consommation&nbsp;r\u00e9sidentielle,&nbsp;offre&nbsp;un panorama pr\u00e9cis du co\u00fbt du chauffage [&hellip;]<\/p>\n","protected":false},"author":12,"featured_media":0,"comment_status":"closed","ping_status":"closed","sticky":false,"template":"","format":"standard","meta":{"_acf_changed":false,"inline_featured_image":false,"footnotes":""},"categories":[200,51,3],"tags":[],"class_list":["post-10794","post","type-post","status-publish","format-standard","hentry","category-entreprise","category-annonce","category-communiques-de-presse"],"acf":[],"yoast_head":"<!-- This site is optimized with the Yoast SEO plugin v28.2 - https:\/\/yoast.com\/product\/yoast-seo-wordpress\/ -->\n<title>Chauffage\u00a0\u00e9lectrique : qui a pay\u00e9\u00a0le plus\u00a0cher\u00a0cet hiver ?\u00a0\u00a0 - Groupe Voltalis<\/title>\n<meta name=\"robots\" content=\"index, follow, max-snippet:-1, max-image-preview:large, max-video-preview:-1\" \/>\n<link rel=\"canonical\" href=\"https:\/\/group.voltalis.com\/fr\/type-de-contenu\/communiques-de-presse\/chauffage-electrique-qui-a-paye-le-plus-cher-cet-hiver-10794\" \/>\n<meta property=\"og:locale\" content=\"fr_FR\" \/>\n<meta property=\"og:type\" content=\"article\" \/>\n<meta property=\"og:title\" content=\"Chauffage\u00a0\u00e9lectrique : qui a pay\u00e9\u00a0le plus\u00a0cher\u00a0cet hiver ?\u00a0\u00a0 - Groupe Voltalis\" \/>\n<meta property=\"og:description\" content=\"T\u00e9l\u00e9charger le communiqu\u00e9 Un hiver \u00e0 415 \u20ac en moyenne mais plus&nbsp;de 200 \u20ac d\u2019\u00e9cart selon les villes&nbsp; Alors que les temp\u00e9ratures remontent, une question demeure&nbsp;: combien les Fran\u00e7ais ont-ils r\u00e9ellement pay\u00e9 pour se chauffer cet hiver ?&nbsp;L\u2019analyse&nbsp;des consommations de plus de 240 000&nbsp;clients&nbsp;Voltalis,&nbsp;sp\u00e9cialiste du pilotage de la consommation&nbsp;r\u00e9sidentielle,&nbsp;offre&nbsp;un panorama pr\u00e9cis du co\u00fbt du chauffage [&hellip;]\" \/>\n<meta property=\"og:url\" content=\"https:\/\/group.voltalis.com\/fr\/type-de-contenu\/communiques-de-presse\/chauffage-electrique-qui-a-paye-le-plus-cher-cet-hiver-10794\" \/>\n<meta property=\"og:site_name\" content=\"Groupe Voltalis\" \/>\n<meta property=\"article:publisher\" content=\"https:\/\/www.facebook.com\/pages\/category\/Product-Service\/Voltalis-178720392179068\/\" \/>\n<meta property=\"article:published_time\" content=\"2026-03-09T14:11:00+00:00\" \/>\n<meta property=\"article:modified_time\" content=\"2026-08-19T17:51:24+00:00\" \/>\n<meta name=\"author\" content=\"Alexane\" \/>\n<meta name=\"twitter:card\" content=\"summary_large_image\" \/>\n<meta name=\"twitter:label1\" content=\"\u00c9crit par\" \/>\n\t<meta name=\"twitter:data1\" content=\"Alexane\" \/>\n\t<meta name=\"twitter:label2\" content=\"Dur\u00e9e de lecture estim\u00e9e\" \/>\n\t<meta name=\"twitter:data2\" content=\"4 minutes\" \/>\n<script type=\"application\/ld+json\" class=\"yoast-schema-graph\">{\"@context\":\"https:\\\/\\\/schema.org\",\"@graph\":[{\"@type\":\"Article\",\"@id\":\"https:\\\/\\\/group.voltalis.com\\\/fr\\\/type-de-contenu\\\/communiques-de-presse\\\/chauffage-electrique-qui-a-paye-le-plus-cher-cet-hiver-10794#article\",\"isPartOf\":{\"@id\":\"https:\\\/\\\/group.voltalis.com\\\/fr\\\/type-de-contenu\\\/communiques-de-presse\\\/chauffage-electrique-qui-a-paye-le-plus-cher-cet-hiver-10794\"},\"author\":{\"name\":\"Alexane\",\"@id\":\"https:\\\/\\\/group.voltalis.com\\\/en\\\/#\\\/schema\\\/person\\\/e20eb66d3b11a3bca8c65ab5255572e4\"},\"headline\":\"Chauffage\u00a0\u00e9lectrique : qui a pay\u00e9\u00a0le plus\u00a0cher\u00a0cet hiver ?\u00a0\u00a0\",\"datePublished\":\"2026-03-09T14:11:00+00:00\",\"dateModified\":\"2026-08-19T17:51:24+00:00\",\"mainEntityOfPage\":{\"@id\":\"https:\\\/\\\/group.voltalis.com\\\/fr\\\/type-de-contenu\\\/communiques-de-presse\\\/chauffage-electrique-qui-a-paye-le-plus-cher-cet-hiver-10794\"},\"wordCount\":1061,\"articleSection\":[\"Entreprise\",\"\u00c9v\u00e9nements\",\"Communiqu\u00e9s\"],\"inLanguage\":\"fr-FR\"},{\"@type\":\"WebPage\",\"@id\":\"https:\\\/\\\/group.voltalis.com\\\/fr\\\/type-de-contenu\\\/communiques-de-presse\\\/chauffage-electrique-qui-a-paye-le-plus-cher-cet-hiver-10794\",\"url\":\"https:\\\/\\\/group.voltalis.com\\\/fr\\\/type-de-contenu\\\/communiques-de-presse\\\/chauffage-electrique-qui-a-paye-le-plus-cher-cet-hiver-10794\",\"name\":\"Chauffage\u00a0\u00e9lectrique : qui a pay\u00e9\u00a0le plus\u00a0cher\u00a0cet hiver ?\u00a0\u00a0 - Groupe Voltalis\",\"isPartOf\":{\"@id\":\"https:\\\/\\\/group.voltalis.com\\\/en\\\/#website\"},\"datePublished\":\"2026-03-09T14:11:00+00:00\",\"dateModified\":\"2026-08-19T17:51:24+00:00\",\"author\":{\"@id\":\"https:\\\/\\\/group.voltalis.com\\\/en\\\/#\\\/schema\\\/person\\\/e20eb66d3b11a3bca8c65ab5255572e4\"},\"breadcrumb\":{\"@id\":\"https:\\\/\\\/group.voltalis.com\\\/fr\\\/type-de-contenu\\\/communiques-de-presse\\\/chauffage-electrique-qui-a-paye-le-plus-cher-cet-hiver-10794#breadcrumb\"},\"inLanguage\":\"fr-FR\",\"potentialAction\":[{\"@type\":\"ReadAction\",\"target\":[\"https:\\\/\\\/group.voltalis.com\\\/fr\\\/type-de-contenu\\\/communiques-de-presse\\\/chauffage-electrique-qui-a-paye-le-plus-cher-cet-hiver-10794\"]}]},{\"@type\":\"BreadcrumbList\",\"@id\":\"https:\\\/\\\/group.voltalis.com\\\/fr\\\/type-de-contenu\\\/communiques-de-presse\\\/chauffage-electrique-qui-a-paye-le-plus-cher-cet-hiver-10794#breadcrumb\",\"itemListElement\":[{\"@type\":\"ListItem\",\"position\":1,\"name\":\"Home\",\"item\":\"https:\\\/\\\/group.voltalis.com\\\/fr\"},{\"@type\":\"ListItem\",\"position\":2,\"name\":\"Chauffage\u00a0\u00e9lectrique : qui a pay\u00e9\u00a0le plus\u00a0cher\u00a0cet hiver ?\u00a0\u00a0\"}]},{\"@type\":\"WebSite\",\"@id\":\"https:\\\/\\\/group.voltalis.com\\\/en\\\/#website\",\"url\":\"https:\\\/\\\/group.voltalis.com\\\/en\\\/\",\"name\":\"Groupe Voltalis\",\"description\":\"Bien plus que des \u00e9conomies d&#039;\u00e9nergie\",\"potentialAction\":[{\"@type\":\"SearchAction\",\"target\":{\"@type\":\"EntryPoint\",\"urlTemplate\":\"https:\\\/\\\/group.voltalis.com\\\/en\\\/?s={search_term_string}\"},\"query-input\":{\"@type\":\"PropertyValueSpecification\",\"valueRequired\":true,\"valueName\":\"search_term_string\"}}],\"inLanguage\":\"fr-FR\"},{\"@type\":\"Person\",\"@id\":\"https:\\\/\\\/group.voltalis.com\\\/en\\\/#\\\/schema\\\/person\\\/e20eb66d3b11a3bca8c65ab5255572e4\",\"name\":\"Alexane\",\"image\":{\"@type\":\"ImageObject\",\"inLanguage\":\"fr-FR\",\"@id\":\"https:\\\/\\\/secure.gravatar.com\\\/avatar\\\/30dd78037058843d269c357b406aa01da51eb6ad19f53de9f0fef498b199071b?s=96&d=mm&r=g\",\"url\":\"https:\\\/\\\/secure.gravatar.com\\\/avatar\\\/30dd78037058843d269c357b406aa01da51eb6ad19f53de9f0fef498b199071b?s=96&d=mm&r=g\",\"contentUrl\":\"https:\\\/\\\/secure.gravatar.com\\\/avatar\\\/30dd78037058843d269c357b406aa01da51eb6ad19f53de9f0fef498b199071b?s=96&d=mm&r=g\",\"caption\":\"Alexane\"},\"url\":\"https:\\\/\\\/group.voltalis.com\\\/fr\\\/author\\\/alexane\"}]}<\/script>\n<!-- \/ Yoast SEO plugin. -->","yoast_head_json":{"title":"Chauffage\u00a0\u00e9lectrique : qui a pay\u00e9\u00a0le plus\u00a0cher\u00a0cet hiver ?\u00a0\u00a0 - Groupe Voltalis","robots":{"index":"index","follow":"follow","max-snippet":"max-snippet:-1","max-image-preview":"max-image-preview:large","max-video-preview":"max-video-preview:-1"},"canonical":"https:\/\/group.voltalis.com\/fr\/type-de-contenu\/communiques-de-presse\/chauffage-electrique-qui-a-paye-le-plus-cher-cet-hiver-10794","og_locale":"fr_FR","og_type":"article","og_title":"Chauffage\u00a0\u00e9lectrique : qui a pay\u00e9\u00a0le plus\u00a0cher\u00a0cet hiver ?\u00a0\u00a0 - Groupe Voltalis","og_description":"T\u00e9l\u00e9charger le communiqu\u00e9 Un hiver \u00e0 415 \u20ac en moyenne mais plus&nbsp;de 200 \u20ac d\u2019\u00e9cart selon les villes&nbsp; Alors que les temp\u00e9ratures remontent, une question demeure&nbsp;: combien les Fran\u00e7ais ont-ils r\u00e9ellement pay\u00e9 pour se chauffer cet hiver ?&nbsp;L\u2019analyse&nbsp;des consommations de plus de 240 000&nbsp;clients&nbsp;Voltalis,&nbsp;sp\u00e9cialiste du pilotage de la consommation&nbsp;r\u00e9sidentielle,&nbsp;offre&nbsp;un panorama pr\u00e9cis du co\u00fbt du chauffage [&hellip;]","og_url":"https:\/\/group.voltalis.com\/fr\/type-de-contenu\/communiques-de-presse\/chauffage-electrique-qui-a-paye-le-plus-cher-cet-hiver-10794","og_site_name":"Groupe Voltalis","article_publisher":"https:\/\/www.facebook.com\/pages\/category\/Product-Service\/Voltalis-178720392179068\/","article_published_time":"2026-03-09T14:11:00+00:00","article_modified_time":"2026-08-19T17:51:24+00:00","author":"Alexane","twitter_card":"summary_large_image","twitter_misc":{"\u00c9crit par":"Alexane","Dur\u00e9e de lecture estim\u00e9e":"4 minutes"},"schema":{"@context":"https:\/\/schema.org","@graph":[{"@type":"Article","@id":"https:\/\/group.voltalis.com\/fr\/type-de-contenu\/communiques-de-presse\/chauffage-electrique-qui-a-paye-le-plus-cher-cet-hiver-10794#article","isPartOf":{"@id":"https:\/\/group.voltalis.com\/fr\/type-de-contenu\/communiques-de-presse\/chauffage-electrique-qui-a-paye-le-plus-cher-cet-hiver-10794"},"author":{"name":"Alexane","@id":"https:\/\/group.voltalis.com\/en\/#\/schema\/person\/e20eb66d3b11a3bca8c65ab5255572e4"},"headline":"Chauffage\u00a0\u00e9lectrique : qui a pay\u00e9\u00a0le plus\u00a0cher\u00a0cet hiver ?\u00a0\u00a0","datePublished":"2026-03-09T14:11:00+00:00","dateModified":"2026-08-19T17:51:24+00:00","mainEntityOfPage":{"@id":"https:\/\/group.voltalis.com\/fr\/type-de-contenu\/communiques-de-presse\/chauffage-electrique-qui-a-paye-le-plus-cher-cet-hiver-10794"},"wordCount":1061,"articleSection":["Entreprise","\u00c9v\u00e9nements","Communiqu\u00e9s"],"inLanguage":"fr-FR"},{"@type":"WebPage","@id":"https:\/\/group.voltalis.com\/fr\/type-de-contenu\/communiques-de-presse\/chauffage-electrique-qui-a-paye-le-plus-cher-cet-hiver-10794","url":"https:\/\/group.voltalis.com\/fr\/type-de-contenu\/communiques-de-presse\/chauffage-electrique-qui-a-paye-le-plus-cher-cet-hiver-10794","name":"Chauffage\u00a0\u00e9lectrique : qui a pay\u00e9\u00a0le plus\u00a0cher\u00a0cet hiver ?\u00a0\u00a0 - Groupe Voltalis","isPartOf":{"@id":"https:\/\/group.voltalis.com\/en\/#website"},"datePublished":"2026-03-09T14:11:00+00:00","dateModified":"2026-08-19T17:51:24+00:00","author":{"@id":"https:\/\/group.voltalis.com\/en\/#\/schema\/person\/e20eb66d3b11a3bca8c65ab5255572e4"},"breadcrumb":{"@id":"https:\/\/group.voltalis.com\/fr\/type-de-contenu\/communiques-de-presse\/chauffage-electrique-qui-a-paye-le-plus-cher-cet-hiver-10794#breadcrumb"},"inLanguage":"fr-FR","potentialAction":[{"@type":"ReadAction","target":["https:\/\/group.voltalis.com\/fr\/type-de-contenu\/communiques-de-presse\/chauffage-electrique-qui-a-paye-le-plus-cher-cet-hiver-10794"]}]},{"@type":"BreadcrumbList","@id":"https:\/\/group.voltalis.com\/fr\/type-de-contenu\/communiques-de-presse\/chauffage-electrique-qui-a-paye-le-plus-cher-cet-hiver-10794#breadcrumb","itemListElement":[{"@type":"ListItem","position":1,"name":"Home","item":"https:\/\/group.voltalis.com\/fr"},{"@type":"ListItem","position":2,"name":"Chauffage\u00a0\u00e9lectrique : qui a pay\u00e9\u00a0le plus\u00a0cher\u00a0cet hiver ?\u00a0\u00a0"}]},{"@type":"WebSite","@id":"https:\/\/group.voltalis.com\/en\/#website","url":"https:\/\/group.voltalis.com\/en\/","name":"Groupe Voltalis","description":"Bien plus que des \u00e9conomies d&#039;\u00e9nergie","potentialAction":[{"@type":"SearchAction","target":{"@type":"EntryPoint","urlTemplate":"https:\/\/group.voltalis.com\/en\/?s={search_term_string}"},"query-input":{"@type":"PropertyValueSpecification","valueRequired":true,"valueName":"search_term_string"}}],"inLanguage":"fr-FR"},{"@type":"Person","@id":"https:\/\/group.voltalis.com\/en\/#\/schema\/person\/e20eb66d3b11a3bca8c65ab5255572e4","name":"Alexane","image":{"@type":"ImageObject","inLanguage":"fr-FR","@id":"https:\/\/secure.gravatar.com\/avatar\/30dd78037058843d269c357b406aa01da51eb6ad19f53de9f0fef498b199071b?s=96&d=mm&r=g","url":"https:\/\/secure.gravatar.com\/avatar\/30dd78037058843d269c357b406aa01da51eb6ad19f53de9f0fef498b199071b?s=96&d=mm&r=g","contentUrl":"https:\/\/secure.gravatar.com\/avatar\/30dd78037058843d269c357b406aa01da51eb6ad19f53de9f0fef498b199071b?s=96&d=mm&r=g","caption":"Alexane"},"url":"https:\/\/group.voltalis.com\/fr\/author\/alexane"}]}},"_links":{"self":[{"href":"https:\/\/group.voltalis.com\/fr\/wp-json\/wp\/v2\/posts\/10794","targetHints":{"allow":["GET"]}}],"collection":[{"href":"https:\/\/group.voltalis.com\/fr\/wp-json\/wp\/v2\/posts"}],"about":[{"href":"https:\/\/group.voltalis.com\/fr\/wp-json\/wp\/v2\/types\/post"}],"replies":[{"embeddable":true,"href":"https:\/\/group.voltalis.com\/fr\/wp-json\/wp\/v2\/comments?post=10794"}],"version-history":[{"count":5,"href":"https:\/\/group.voltalis.com\/fr\/wp-json\/wp\/v2\/posts\/10794\/revisions"}],"predecessor-version":[{"id":11030,"href":"https:\/\/group.voltalis.com\/fr\/wp-json\/wp\/v2\/posts\/10794\/revisions\/11030"}],"wp:attachment":[{"href":"https:\/\/group.voltalis.com\/fr\/wp-json\/wp\/v2\/media?parent=10794"}],"wp:term":[{"taxonomy":"category","embeddable":true,"href":"https:\/\/group.voltalis.com\/fr\/wp-json\/wp\/v2\/categories?post=10794"},{"taxonomy":"post_tag","embeddable":true,"href":"https:\/\/group.voltalis.com\/fr\/wp-json\/wp\/v2\/tags?post=10794"}],"curies":[{"name":"wp","href":"https:\/\/api.w.org\/{rel}","templated":true}]}}