{"id":4317,"date":"2021-06-16T13:53:00","date_gmt":"2021-06-16T11:53:00","guid":{"rendered":"https:\/\/group.voltalis.com?p=4317"},"modified":"2025-09-04T17:01:42","modified_gmt":"2025-09-04T15:01:42","slug":"la-ville-de-saint-priest-soutient-le-deploiement-de-la-solution-voltalis","status":"publish","type":"post","link":"https:\/\/group.voltalis.com\/fr\/type-de-contenu\/communiques-de-presse\/la-ville-de-saint-priest-soutient-le-deploiement-de-la-solution-voltalis-4317","title":{"rendered":"La ville de Saint-Priest soutient le d\u00e9ploiement de la solution Voltalis"},"content":{"rendered":"\n<p>La ville de Saint-Priest se mobilise en faveur de la transition \u00e9nerg\u00e9tique et intensifie ses efforts en mettant en \u0153uvre des&nbsp;<strong>actions de ma\u00eetrise des consommations \u00e9nerg\u00e9tiques, de d\u00e9veloppement des \u00e9nergies renouvelables et de r\u00e9duction des \u00e9missions de gaz \u00e0 effet de serre<\/strong>. Cette volont\u00e9 s\u2019illustre notamment par le dispositif municipal d\u2019aide \u00e0 la r\u00e9novation \u00e9nerg\u00e9tique des logements effectif depuis 2015, par l\u2019am\u00e9nagement de l\u2019\u00e9co quartier des Hauts de Feuilly ou encore l\u2019installation d\u2019une centrale photovolta\u00efque sur l\u2019\u00e9cole Jules Ferry.<\/p>\n\n\n\n<p>Dans ce cadre, la ville soutient l\u2019initiative de la soci\u00e9t\u00e9 fran\u00e7aise Voltalis permettant aux 2&nbsp;600 foyers du territoire chauff\u00e9s \u00e0 l\u2019\u00e9lectricit\u00e9 de&nbsp;<strong>b\u00e9n\u00e9ficier gratuitement d\u2019un bo\u00eetier innovant de pilotage de leur chauffage \u00e9lectrique et de r\u00e9duction de leur consommation<\/strong>.<\/p>\n\n\n\n<p><strong>Un bo\u00eetier connect\u00e9 pour mieux ma\u00eetriser sa consommation d\u2019\u00e9lectricit\u00e9<\/strong><\/p>\n\n\n\n<p>Voltalis a d\u00e9velopp\u00e9 une technologie d\u2019efficacit\u00e9 \u00e9nerg\u00e9tique pour les logements chauff\u00e9s au tout \u00e9lectrique. Connect\u00e9 aux appareils les plus \u00e9nergivores du foyer, comme les radiateurs ou les chauffe-eaux, ce bo\u00eetier&nbsp;<strong>100% gratuit<\/strong>&nbsp;<strong>permet de les piloter intelligemment<\/strong>&nbsp;et de&nbsp;<strong>r\u00e9aliser des \u00e9conomies d\u2019\u00e9nergie<\/strong>&nbsp;tout en participant \u00e0 la transition \u00e9nerg\u00e9tique. La solution offre ainsi un double avantage pour les m\u00e9nages&nbsp;:&nbsp;<strong>r\u00e9aliser jusqu\u2019\u00e0 15% d\u2019\u00e9conomies d\u2019\u00e9nergie<\/strong>,&nbsp;<strong>sans perte de confort<\/strong>&nbsp;et&nbsp;<strong>limiter leurs \u00e9missions de CO<sub>2<\/sub><\/strong>.<\/p>\n\n\n\n<p><strong>Un espace personnel connect\u00e9 pour plus de confort et d\u2019\u00e9conomies<\/strong><\/p>\n\n\n\n<p>Les adh\u00e9rents b\u00e9n\u00e9ficient<strong>&nbsp;d\u2019un espace personnel,&nbsp;<\/strong>accessible sur PC, smartphones et tablettes (iOS et Android). Il leur permet de&nbsp;<strong>programmer et de piloter leur chauffage<\/strong>&nbsp;<strong>pi\u00e8ce par pi\u00e8ce<\/strong>&nbsp;pour plus de confort et d\u2019\u00e9conomies. Ils peuvent \u00e9galement<strong>&nbsp;suivre finement leur consommation<\/strong>, afin de mieux la ma\u00eetriser et d\u2019\u00e9viter les gaspillages.<\/p>\n\n\n\n<p><strong>Participer \u00e0 la s\u00e9curit\u00e9 du r\u00e9seau \u00e9lectrique et \u00e0 la baisse des \u00e9missions de CO<sub>2<\/sub><\/strong><\/p>\n\n\n\n<p>L\u2019autre avantage du dispositif Voltalis est de permettre \u00e0 chacun de&nbsp;<strong>participer activement \u00e0 la s\u00e9curit\u00e9 du syst\u00e8me \u00e9lectrique et \u00e0 la transition \u00e9nerg\u00e9tique&nbsp;<\/strong>gr\u00e2ce \u00e0 la gestion active de la consommation r\u00e9sidentielle. En effet, lors des pics de demande ou quand la production des \u00e9nergies renouvelables baisse, le r\u00e9seau \u00e9lectrique risque un d\u00e9s\u00e9quilibre et fait g\u00e9n\u00e9ralement appel \u00e0 des centrales d\u2019appoint au charbon, au fioul ou au gaz. A l\u2019inverse, Voltalis peut agir en temps r\u00e9el pour r\u00e9duire la consommation \u00e9lectrique pendant quelques minutes,&nbsp;<strong>soulageant ainsi le r\u00e9seau et r\u00e9duisant les \u00e9missions de gaz \u00e0 effet de serre.<\/strong><\/p>\n\n\n\n<p><a href=\"https:\/\/www.voltalis.com\/wp-content\/uploads\/2021\/06\/Communique%CC%81-de-presse-Voltalis-deploie-sa-solution-a-Saint-Priest.pdf\" target=\"_blank\" rel=\"noreferrer noopener\">T\u00e9l\u00e9charger le communiqu\u00e9 de presse<\/a><\/p>\n","protected":false},"excerpt":{"rendered":"<p>La ville de Saint-Priest se mobilise en faveur de la transition \u00e9nerg\u00e9tique et intensifie ses efforts en mettant en \u0153uvre des&nbsp;actions de ma\u00eetrise des consommations \u00e9nerg\u00e9tiques, de d\u00e9veloppement des \u00e9nergies renouvelables et de r\u00e9duction des \u00e9missions de gaz \u00e0 effet de serre. Cette volont\u00e9 s\u2019illustre notamment par le dispositif municipal d\u2019aide \u00e0 la r\u00e9novation \u00e9nerg\u00e9tique [&hellip;]<\/p>\n","protected":false},"author":1,"featured_media":0,"comment_status":"open","ping_status":"closed","sticky":false,"template":"","format":"standard","meta":{"_acf_changed":false,"inline_featured_image":false,"footnotes":""},"categories":[199,3],"tags":[],"class_list":["post-4317","post","type-post","status-publish","format-standard","hentry","category-collectivites","category-communiques-de-presse"],"acf":[],"yoast_head":"<!-- This site is optimized with the Yoast SEO plugin v27.5 - https:\/\/yoast.com\/product\/yoast-seo-wordpress\/ -->\n<title>La ville de Saint-Priest soutient le d\u00e9ploiement de la solution Voltalis - Groupe Voltalis<\/title>\n<meta name=\"description\" content=\"Saint-Priest se mobilise en faveur de la transition \u00e9nerg\u00e9tique et soutient le d\u00e9ploiement du dispositif d&#039;\u00e9conomies d&#039;\u00e9nergie Voltalis.\" \/>\n<meta name=\"robots\" content=\"index, follow, max-snippet:-1, max-image-preview:large, max-video-preview:-1\" \/>\n<link rel=\"canonical\" href=\"https:\/\/group.voltalis.com\/fr\/type-de-contenu\/communiques-de-presse\/la-ville-de-saint-priest-soutient-le-deploiement-de-la-solution-voltalis-4317\" \/>\n<meta property=\"og:locale\" content=\"fr_FR\" \/>\n<meta property=\"og:type\" content=\"article\" \/>\n<meta property=\"og:title\" content=\"La ville de Saint-Priest soutient le d\u00e9ploiement de la solution Voltalis - Groupe Voltalis\" \/>\n<meta property=\"og:description\" content=\"Saint-Priest se mobilise en faveur de la transition \u00e9nerg\u00e9tique et soutient le d\u00e9ploiement du dispositif d&#039;\u00e9conomies d&#039;\u00e9nergie Voltalis.\" \/>\n<meta property=\"og:url\" content=\"https:\/\/group.voltalis.com\/fr\/type-de-contenu\/communiques-de-presse\/la-ville-de-saint-priest-soutient-le-deploiement-de-la-solution-voltalis-4317\" \/>\n<meta property=\"og:site_name\" content=\"Groupe Voltalis\" \/>\n<meta property=\"article:publisher\" content=\"https:\/\/www.facebook.com\/pages\/category\/Product-Service\/Voltalis-178720392179068\/\" \/>\n<meta property=\"article:published_time\" content=\"2021-06-16T11:53:00+00:00\" \/>\n<meta property=\"article:modified_time\" content=\"2025-09-04T15:01:42+00:00\" \/>\n<meta name=\"author\" content=\"admin\" \/>\n<meta name=\"twitter:card\" content=\"summary_large_image\" \/>\n<meta name=\"twitter:image\" content=\"https:\/\/group.voltalis.com\/wp-content\/uploads\/2021\/06\/st-priest.jpg\" \/>\n<meta name=\"twitter:label1\" content=\"\u00c9crit par\" \/>\n\t<meta name=\"twitter:data1\" content=\"admin\" \/>\n\t<meta name=\"twitter:label2\" content=\"Dur\u00e9e de lecture estim\u00e9e\" \/>\n\t<meta name=\"twitter:data2\" content=\"2 minutes\" \/>\n<script type=\"application\/ld+json\" class=\"yoast-schema-graph\">{\"@context\":\"https:\\\/\\\/schema.org\",\"@graph\":[{\"@type\":\"Article\",\"@id\":\"https:\\\/\\\/group.voltalis.com\\\/fr\\\/type-de-contenu\\\/communiques-de-presse\\\/la-ville-de-saint-priest-soutient-le-deploiement-de-la-solution-voltalis-4317#article\",\"isPartOf\":{\"@id\":\"https:\\\/\\\/group.voltalis.com\\\/fr\\\/type-de-contenu\\\/communiques-de-presse\\\/la-ville-de-saint-priest-soutient-le-deploiement-de-la-solution-voltalis-4317\"},\"author\":{\"name\":\"admin\",\"@id\":\"https:\\\/\\\/group.voltalis.com\\\/en\\\/#\\\/schema\\\/person\\\/cd75df70a442080ba333ff81754527b8\"},\"headline\":\"La ville de Saint-Priest soutient le d\u00e9ploiement de la solution Voltalis\",\"datePublished\":\"2021-06-16T11:53:00+00:00\",\"dateModified\":\"2025-09-04T15:01:42+00:00\",\"mainEntityOfPage\":{\"@id\":\"https:\\\/\\\/group.voltalis.com\\\/fr\\\/type-de-contenu\\\/communiques-de-presse\\\/la-ville-de-saint-priest-soutient-le-deploiement-de-la-solution-voltalis-4317\"},\"wordCount\":472,\"commentCount\":0,\"articleSection\":[\"Collectivit\u00e9s\",\"Communiqu\u00e9s\"],\"inLanguage\":\"fr-FR\"},{\"@type\":\"WebPage\",\"@id\":\"https:\\\/\\\/group.voltalis.com\\\/fr\\\/type-de-contenu\\\/communiques-de-presse\\\/la-ville-de-saint-priest-soutient-le-deploiement-de-la-solution-voltalis-4317\",\"url\":\"https:\\\/\\\/group.voltalis.com\\\/fr\\\/type-de-contenu\\\/communiques-de-presse\\\/la-ville-de-saint-priest-soutient-le-deploiement-de-la-solution-voltalis-4317\",\"name\":\"La ville de Saint-Priest soutient le d\u00e9ploiement de la solution Voltalis - Groupe Voltalis\",\"isPartOf\":{\"@id\":\"https:\\\/\\\/group.voltalis.com\\\/en\\\/#website\"},\"datePublished\":\"2021-06-16T11:53:00+00:00\",\"dateModified\":\"2025-09-04T15:01:42+00:00\",\"author\":{\"@id\":\"https:\\\/\\\/group.voltalis.com\\\/en\\\/#\\\/schema\\\/person\\\/cd75df70a442080ba333ff81754527b8\"},\"description\":\"Saint-Priest se mobilise en faveur de la transition \u00e9nerg\u00e9tique et soutient le d\u00e9ploiement du dispositif d'\u00e9conomies d'\u00e9nergie Voltalis.\",\"breadcrumb\":{\"@id\":\"https:\\\/\\\/group.voltalis.com\\\/fr\\\/type-de-contenu\\\/communiques-de-presse\\\/la-ville-de-saint-priest-soutient-le-deploiement-de-la-solution-voltalis-4317#breadcrumb\"},\"inLanguage\":\"fr-FR\",\"potentialAction\":[{\"@type\":\"ReadAction\",\"target\":[\"https:\\\/\\\/group.voltalis.com\\\/fr\\\/type-de-contenu\\\/communiques-de-presse\\\/la-ville-de-saint-priest-soutient-le-deploiement-de-la-solution-voltalis-4317\"]}]},{\"@type\":\"BreadcrumbList\",\"@id\":\"https:\\\/\\\/group.voltalis.com\\\/fr\\\/type-de-contenu\\\/communiques-de-presse\\\/la-ville-de-saint-priest-soutient-le-deploiement-de-la-solution-voltalis-4317#breadcrumb\",\"itemListElement\":[{\"@type\":\"ListItem\",\"position\":1,\"name\":\"Home\",\"item\":\"https:\\\/\\\/group.voltalis.com\\\/fr\"},{\"@type\":\"ListItem\",\"position\":2,\"name\":\"La ville de Saint-Priest soutient le d\u00e9ploiement de la solution Voltalis\"}]},{\"@type\":\"WebSite\",\"@id\":\"https:\\\/\\\/group.voltalis.com\\\/en\\\/#website\",\"url\":\"https:\\\/\\\/group.voltalis.com\\\/en\\\/\",\"name\":\"Groupe Voltalis\",\"description\":\"Bien plus que des \u00e9conomies d&#039;\u00e9nergie\",\"potentialAction\":[{\"@type\":\"SearchAction\",\"target\":{\"@type\":\"EntryPoint\",\"urlTemplate\":\"https:\\\/\\\/group.voltalis.com\\\/en\\\/?s={search_term_string}\"},\"query-input\":{\"@type\":\"PropertyValueSpecification\",\"valueRequired\":true,\"valueName\":\"search_term_string\"}}],\"inLanguage\":\"fr-FR\"},{\"@type\":\"Person\",\"@id\":\"https:\\\/\\\/group.voltalis.com\\\/en\\\/#\\\/schema\\\/person\\\/cd75df70a442080ba333ff81754527b8\",\"name\":\"admin\",\"image\":{\"@type\":\"ImageObject\",\"inLanguage\":\"fr-FR\",\"@id\":\"https:\\\/\\\/secure.gravatar.com\\\/avatar\\\/d33819406c6fd656ae073a4bf8663fc5da17ca34c0a8d21882949b205ec67922?s=96&d=mm&r=g\",\"url\":\"https:\\\/\\\/secure.gravatar.com\\\/avatar\\\/d33819406c6fd656ae073a4bf8663fc5da17ca34c0a8d21882949b205ec67922?s=96&d=mm&r=g\",\"contentUrl\":\"https:\\\/\\\/secure.gravatar.com\\\/avatar\\\/d33819406c6fd656ae073a4bf8663fc5da17ca34c0a8d21882949b205ec67922?s=96&d=mm&r=g\",\"caption\":\"admin\"},\"sameAs\":[\"https:\\\/\\\/group.voltalis.com\"],\"url\":\"https:\\\/\\\/group.voltalis.com\\\/fr\\\/author\\\/admin\"}]}<\/script>\n<!-- \/ Yoast SEO plugin. -->","yoast_head_json":{"title":"La ville de Saint-Priest soutient le d\u00e9ploiement de la solution Voltalis - Groupe Voltalis","description":"Saint-Priest se mobilise en faveur de la transition \u00e9nerg\u00e9tique et soutient le d\u00e9ploiement du dispositif d'\u00e9conomies d'\u00e9nergie Voltalis.","robots":{"index":"index","follow":"follow","max-snippet":"max-snippet:-1","max-image-preview":"max-image-preview:large","max-video-preview":"max-video-preview:-1"},"canonical":"https:\/\/group.voltalis.com\/fr\/type-de-contenu\/communiques-de-presse\/la-ville-de-saint-priest-soutient-le-deploiement-de-la-solution-voltalis-4317","og_locale":"fr_FR","og_type":"article","og_title":"La ville de Saint-Priest soutient le d\u00e9ploiement de la solution Voltalis - Groupe Voltalis","og_description":"Saint-Priest se mobilise en faveur de la transition \u00e9nerg\u00e9tique et soutient le d\u00e9ploiement du dispositif d'\u00e9conomies d'\u00e9nergie Voltalis.","og_url":"https:\/\/group.voltalis.com\/fr\/type-de-contenu\/communiques-de-presse\/la-ville-de-saint-priest-soutient-le-deploiement-de-la-solution-voltalis-4317","og_site_name":"Groupe Voltalis","article_publisher":"https:\/\/www.facebook.com\/pages\/category\/Product-Service\/Voltalis-178720392179068\/","article_published_time":"2021-06-16T11:53:00+00:00","article_modified_time":"2025-09-04T15:01:42+00:00","author":"admin","twitter_card":"summary_large_image","twitter_image":"https:\/\/group.voltalis.com\/wp-content\/uploads\/2021\/06\/st-priest.jpg","twitter_misc":{"\u00c9crit par":"admin","Dur\u00e9e de lecture estim\u00e9e":"2 minutes"},"schema":{"@context":"https:\/\/schema.org","@graph":[{"@type":"Article","@id":"https:\/\/group.voltalis.com\/fr\/type-de-contenu\/communiques-de-presse\/la-ville-de-saint-priest-soutient-le-deploiement-de-la-solution-voltalis-4317#article","isPartOf":{"@id":"https:\/\/group.voltalis.com\/fr\/type-de-contenu\/communiques-de-presse\/la-ville-de-saint-priest-soutient-le-deploiement-de-la-solution-voltalis-4317"},"author":{"name":"admin","@id":"https:\/\/group.voltalis.com\/en\/#\/schema\/person\/cd75df70a442080ba333ff81754527b8"},"headline":"La ville de Saint-Priest soutient le d\u00e9ploiement de la solution Voltalis","datePublished":"2021-06-16T11:53:00+00:00","dateModified":"2025-09-04T15:01:42+00:00","mainEntityOfPage":{"@id":"https:\/\/group.voltalis.com\/fr\/type-de-contenu\/communiques-de-presse\/la-ville-de-saint-priest-soutient-le-deploiement-de-la-solution-voltalis-4317"},"wordCount":472,"commentCount":0,"articleSection":["Collectivit\u00e9s","Communiqu\u00e9s"],"inLanguage":"fr-FR"},{"@type":"WebPage","@id":"https:\/\/group.voltalis.com\/fr\/type-de-contenu\/communiques-de-presse\/la-ville-de-saint-priest-soutient-le-deploiement-de-la-solution-voltalis-4317","url":"https:\/\/group.voltalis.com\/fr\/type-de-contenu\/communiques-de-presse\/la-ville-de-saint-priest-soutient-le-deploiement-de-la-solution-voltalis-4317","name":"La ville de Saint-Priest soutient le d\u00e9ploiement de la solution Voltalis - Groupe Voltalis","isPartOf":{"@id":"https:\/\/group.voltalis.com\/en\/#website"},"datePublished":"2021-06-16T11:53:00+00:00","dateModified":"2025-09-04T15:01:42+00:00","author":{"@id":"https:\/\/group.voltalis.com\/en\/#\/schema\/person\/cd75df70a442080ba333ff81754527b8"},"description":"Saint-Priest se mobilise en faveur de la transition \u00e9nerg\u00e9tique et soutient le d\u00e9ploiement du dispositif d'\u00e9conomies d'\u00e9nergie Voltalis.","breadcrumb":{"@id":"https:\/\/group.voltalis.com\/fr\/type-de-contenu\/communiques-de-presse\/la-ville-de-saint-priest-soutient-le-deploiement-de-la-solution-voltalis-4317#breadcrumb"},"inLanguage":"fr-FR","potentialAction":[{"@type":"ReadAction","target":["https:\/\/group.voltalis.com\/fr\/type-de-contenu\/communiques-de-presse\/la-ville-de-saint-priest-soutient-le-deploiement-de-la-solution-voltalis-4317"]}]},{"@type":"BreadcrumbList","@id":"https:\/\/group.voltalis.com\/fr\/type-de-contenu\/communiques-de-presse\/la-ville-de-saint-priest-soutient-le-deploiement-de-la-solution-voltalis-4317#breadcrumb","itemListElement":[{"@type":"ListItem","position":1,"name":"Home","item":"https:\/\/group.voltalis.com\/fr"},{"@type":"ListItem","position":2,"name":"La ville de Saint-Priest soutient le d\u00e9ploiement de la solution Voltalis"}]},{"@type":"WebSite","@id":"https:\/\/group.voltalis.com\/en\/#website","url":"https:\/\/group.voltalis.com\/en\/","name":"Groupe Voltalis","description":"Bien plus que des \u00e9conomies d&#039;\u00e9nergie","potentialAction":[{"@type":"SearchAction","target":{"@type":"EntryPoint","urlTemplate":"https:\/\/group.voltalis.com\/en\/?s={search_term_string}"},"query-input":{"@type":"PropertyValueSpecification","valueRequired":true,"valueName":"search_term_string"}}],"inLanguage":"fr-FR"},{"@type":"Person","@id":"https:\/\/group.voltalis.com\/en\/#\/schema\/person\/cd75df70a442080ba333ff81754527b8","name":"admin","image":{"@type":"ImageObject","inLanguage":"fr-FR","@id":"https:\/\/secure.gravatar.com\/avatar\/d33819406c6fd656ae073a4bf8663fc5da17ca34c0a8d21882949b205ec67922?s=96&d=mm&r=g","url":"https:\/\/secure.gravatar.com\/avatar\/d33819406c6fd656ae073a4bf8663fc5da17ca34c0a8d21882949b205ec67922?s=96&d=mm&r=g","contentUrl":"https:\/\/secure.gravatar.com\/avatar\/d33819406c6fd656ae073a4bf8663fc5da17ca34c0a8d21882949b205ec67922?s=96&d=mm&r=g","caption":"admin"},"sameAs":["https:\/\/group.voltalis.com"],"url":"https:\/\/group.voltalis.com\/fr\/author\/admin"}]}},"_links":{"self":[{"href":"https:\/\/group.voltalis.com\/fr\/wp-json\/wp\/v2\/posts\/4317","targetHints":{"allow":["GET"]}}],"collection":[{"href":"https:\/\/group.voltalis.com\/fr\/wp-json\/wp\/v2\/posts"}],"about":[{"href":"https:\/\/group.voltalis.com\/fr\/wp-json\/wp\/v2\/types\/post"}],"author":[{"embeddable":true,"href":"https:\/\/group.voltalis.com\/fr\/wp-json\/wp\/v2\/users\/1"}],"replies":[{"embeddable":true,"href":"https:\/\/group.voltalis.com\/fr\/wp-json\/wp\/v2\/comments?post=4317"}],"version-history":[{"count":1,"href":"https:\/\/group.voltalis.com\/fr\/wp-json\/wp\/v2\/posts\/4317\/revisions"}],"predecessor-version":[{"id":10443,"href":"https:\/\/group.voltalis.com\/fr\/wp-json\/wp\/v2\/posts\/4317\/revisions\/10443"}],"wp:attachment":[{"href":"https:\/\/group.voltalis.com\/fr\/wp-json\/wp\/v2\/media?parent=4317"}],"wp:term":[{"taxonomy":"category","embeddable":true,"href":"https:\/\/group.voltalis.com\/fr\/wp-json\/wp\/v2\/categories?post=4317"},{"taxonomy":"post_tag","embeddable":true,"href":"https:\/\/group.voltalis.com\/fr\/wp-json\/wp\/v2\/tags?post=4317"}],"curies":[{"name":"wp","href":"https:\/\/api.w.org\/{rel}","templated":true}]}}