{"id":5616,"date":"2021-09-08T10:02:51","date_gmt":"2021-09-08T08:02:51","guid":{"rendered":"https:\/\/group.voltalis.com\/?p=5616"},"modified":"2025-09-05T10:19:04","modified_gmt":"2025-09-05T08:19:04","slug":"la-communaute-dagglomeration-porte-de-lisere-propose-a-ses-habitants-detre-equipes-gratuitement-de-la-solution-deconomies-denergie-voltalis","status":"publish","type":"post","link":"https:\/\/group.voltalis.com\/fr\/type-de-contenu\/communiques-de-presse\/la-communaute-dagglomeration-porte-de-lisere-propose-a-ses-habitants-detre-equipes-gratuitement-de-la-solution-deconomies-denergie-voltalis-5616","title":{"rendered":"La Communaut\u00e9 d\u2019Agglom\u00e9ration Porte de l\u2019Is\u00e8re propose \u00e0 ses habitants d\u2019\u00eatre \u00e9quip\u00e9s gratuitement de la solution d\u2019\u00e9conomies d\u2019\u00e9nergie Voltalis"},"content":{"rendered":"\n<p>Depuis plus de 10 ans, la communaut\u00e9 d\u2019agglom\u00e9ration s\u2019est engag\u00e9e en faveur du d\u00e9veloppement durable sur son territoire. Parmi les objectifs prioritaires, la CAPI a pour ambition de diviser par deux les consommations \u00e9nerg\u00e9tiques (versus 2015), d\u00e9velopper les \u00e9nergies renouvelables et diminuer les \u00e9missions de gaz \u00e0 effet de serre.<\/p>\n\n\n\n<p>Dans ce cadre, l\u2019agglom\u00e9ration soutient la d\u00e9marche innovante de la soci\u00e9t\u00e9 fran\u00e7aise Voltalis qui propose \u00e0 l\u2019ensemble des<strong> foyers de son territoire chauff\u00e9s au tout \u00e9lectrique<\/strong> de r\u00e9aliser des <strong>\u00e9conomies d\u2019\u00e9nergie<\/strong> gr\u00e2ce \u00e0 l\u2019installation d\u2019un bo\u00eetier innovant et connect\u00e9.<\/p>\n\n\n\n<p><strong>Un bo\u00eetier intelligent d\u00e9di\u00e9 au chauffage \u00e9lectrique<\/strong><\/p>\n\n\n\n<p><strong>100%<\/strong> <strong>gratuit et sans abonnement<\/strong>, ce dispositif se mat\u00e9rialise par un petit bo\u00eetier connect\u00e9 install\u00e9 gratuitement dans les logements et alli\u00e9 \u00e0 une application en ligne offrant des services de suivi et de pilotage. Ce bo\u00eetier permet de rendre connect\u00e9 les <strong>radiateurs et chauffe-eaux \u00e9lectriques,<\/strong> appareils les plus \u00e9nergivores du foyer. Les particuliers \u00e9quip\u00e9s peuvent r\u00e9aliser jusqu\u2019\u00e0 <strong>15% d\u2019\u00e9conomies <\/strong>sur leur consommation annuelle <strong>tout en<\/strong> <strong>contribuant activement \u00e0 la transition \u00e9cologique<\/strong>.<\/p>\n\n\n\n<p>L\u2019installation de ce bo\u00eetier offre aux foyers l\u2019acc\u00e8s \u00e0 un <strong>espace personnalis\u00e9<\/strong>, disponible sur PC, smartphones et tablettes. Ils peuvent ainsi suivre <strong>leurs consommations \u00e9lectriques<\/strong> ainsi que <strong>piloter et programmer en toute simplicit\u00e9 le fonctionnement de leur chauffage \u00e9lectrique<\/strong>, selon leurs habitudes de vie.<\/p>\n\n\n\n<p><strong>Un dispositif \u00e9cocitoyen utile au syst\u00e8me \u00e9lectrique et \u00e0 l\u2019environnement<\/strong><\/p>\n\n\n\n<p>Lors des pics de consommation ou des baisses de production des \u00e9nergies renouvelables intermittentes et sur demande de RTE, le dispositif Voltalis peut r\u00e9duire la consommation des appareils connect\u00e9s aux moments o\u00f9 le syst\u00e8me \u00e9lectrique en a besoin, <strong>sans que cela n\u2019impacte le confort des occupants<\/strong>. Cette solution participe en temps r\u00e9el \u00e0 la stabilit\u00e9 du r\u00e9seau et permet de <strong>limiter le recours \u00e0 des centrales thermiques \u00e9mettrices de CO<sub>2<\/sub><\/strong>.<\/p>\n\n\n\n<p><strong>Contacts presse&nbsp;:<\/strong><\/p>\n\n\n\n<ul class=\"wp-block-list\"><li><strong>Communaut\u00e9 d\u2019Agglom\u00e9ration Porte de l\u2019Is\u00e8re : Yasmina Hattabi<\/strong> \u2013 yhattabi@capi38.fr \u2013 &nbsp;&nbsp;&nbsp;&nbsp;&nbsp;&nbsp;&nbsp;06 73 00 37 84.<\/li><li><strong>Voltalis&nbsp;: L\u2019AgenceRP &#8211; <\/strong>Laura Le Bourdonnec &#8211; <a href=\"mailto:laura@lagencerp.com\">laura@lagencerp.com<\/a> &#8211; 07 63 18 60 15<\/li><\/ul>\n\n\n\n<p><\/p>\n\n\n\n<p><a href=\"https:\/\/group.voltalis.com\/wp-content\/uploads\/2021\/09\/Communique\u0301-de-presse-l-Voltalis-CAPI-VF.pdf\" target=\"_blank\" rel=\"noreferrer noopener\">T\u00e9l\u00e9charger le communiqu\u00e9 de presse<\/a><\/p>\n","protected":false},"excerpt":{"rendered":"<p>Depuis plus de 10 ans, la communaut\u00e9 d\u2019agglom\u00e9ration s\u2019est engag\u00e9e en faveur du d\u00e9veloppement durable sur son territoire. Parmi les objectifs prioritaires, la CAPI a pour ambition de diviser par deux les consommations \u00e9nerg\u00e9tiques (versus 2015), d\u00e9velopper les \u00e9nergies renouvelables et diminuer les \u00e9missions de gaz \u00e0 effet de serre. Dans ce cadre, l\u2019agglom\u00e9ration soutient [&hellip;]<\/p>\n","protected":false},"author":1,"featured_media":0,"comment_status":"open","ping_status":"closed","sticky":false,"template":"","format":"standard","meta":{"_acf_changed":false,"inline_featured_image":false,"footnotes":""},"categories":[199,3],"tags":[],"class_list":["post-5616","post","type-post","status-publish","format-standard","hentry","category-collectivites","category-communiques-de-presse"],"acf":[],"yoast_head":"<!-- This site is optimized with the Yoast SEO plugin v27.5 - https:\/\/yoast.com\/product\/yoast-seo-wordpress\/ -->\n<title>La CAPI se mobilise et choisit la solution d&#039;\u00e9conomies d&#039;\u00e9nergie de Voltalis<\/title>\n<meta name=\"description\" content=\"La Communaut\u00e9 d\u2019Agglom\u00e9ration Porte de l\u2019Is\u00e8re propose \u00e0 ses habitants d\u2019\u00eatre \u00e9quip\u00e9s gratuitement de la solution innovante de Voltalis\" \/>\n<meta name=\"robots\" content=\"index, follow, max-snippet:-1, max-image-preview:large, max-video-preview:-1\" \/>\n<link rel=\"canonical\" href=\"https:\/\/group.voltalis.com\/fr\/type-de-contenu\/communiques-de-presse\/la-communaute-dagglomeration-porte-de-lisere-propose-a-ses-habitants-detre-equipes-gratuitement-de-la-solution-deconomies-denergie-voltalis-5616\" \/>\n<meta property=\"og:locale\" content=\"fr_FR\" \/>\n<meta property=\"og:type\" content=\"article\" \/>\n<meta property=\"og:title\" content=\"La CAPI se mobilise et choisit la solution d&#039;\u00e9conomies d&#039;\u00e9nergie de Voltalis\" \/>\n<meta property=\"og:description\" content=\"La Communaut\u00e9 d\u2019Agglom\u00e9ration Porte de l\u2019Is\u00e8re propose \u00e0 ses habitants d\u2019\u00eatre \u00e9quip\u00e9s gratuitement de la solution innovante de Voltalis\" \/>\n<meta property=\"og:url\" content=\"https:\/\/group.voltalis.com\/fr\/type-de-contenu\/communiques-de-presse\/la-communaute-dagglomeration-porte-de-lisere-propose-a-ses-habitants-detre-equipes-gratuitement-de-la-solution-deconomies-denergie-voltalis-5616\" \/>\n<meta property=\"og:site_name\" content=\"Groupe Voltalis\" \/>\n<meta property=\"article:publisher\" content=\"https:\/\/www.facebook.com\/pages\/category\/Product-Service\/Voltalis-178720392179068\/\" \/>\n<meta property=\"article:published_time\" content=\"2021-09-08T08:02:51+00:00\" \/>\n<meta property=\"article:modified_time\" content=\"2025-09-05T08:19:04+00:00\" \/>\n<meta property=\"og:image\" content=\"https:\/\/group.voltalis.com\/wp-content\/uploads\/2021\/09\/lake-5377986_640.jpg\" \/>\n\t<meta property=\"og:image:width\" content=\"640\" \/>\n\t<meta property=\"og:image:height\" content=\"427\" \/>\n\t<meta property=\"og:image:type\" content=\"image\/jpeg\" \/>\n<meta name=\"author\" content=\"admin\" \/>\n<meta name=\"twitter:card\" content=\"summary_large_image\" \/>\n<meta name=\"twitter:image\" content=\"https:\/\/group.voltalis.com\/wp-content\/uploads\/2021\/09\/lake-5377986_640.jpg\" \/>\n<meta name=\"twitter:label1\" content=\"\u00c9crit par\" \/>\n\t<meta name=\"twitter:data1\" content=\"admin\" \/>\n\t<meta name=\"twitter:label2\" content=\"Dur\u00e9e de lecture estim\u00e9e\" \/>\n\t<meta name=\"twitter:data2\" content=\"2 minutes\" \/>\n<script type=\"application\/ld+json\" class=\"yoast-schema-graph\">{\"@context\":\"https:\\\/\\\/schema.org\",\"@graph\":[{\"@type\":\"Article\",\"@id\":\"https:\\\/\\\/group.voltalis.com\\\/fr\\\/type-de-contenu\\\/communiques-de-presse\\\/la-communaute-dagglomeration-porte-de-lisere-propose-a-ses-habitants-detre-equipes-gratuitement-de-la-solution-deconomies-denergie-voltalis-5616#article\",\"isPartOf\":{\"@id\":\"https:\\\/\\\/group.voltalis.com\\\/fr\\\/type-de-contenu\\\/communiques-de-presse\\\/la-communaute-dagglomeration-porte-de-lisere-propose-a-ses-habitants-detre-equipes-gratuitement-de-la-solution-deconomies-denergie-voltalis-5616\"},\"author\":{\"name\":\"admin\",\"@id\":\"https:\\\/\\\/group.voltalis.com\\\/en\\\/#\\\/schema\\\/person\\\/cd75df70a442080ba333ff81754527b8\"},\"headline\":\"La Communaut\u00e9 d\u2019Agglom\u00e9ration Porte de l\u2019Is\u00e8re propose \u00e0 ses habitants d\u2019\u00eatre \u00e9quip\u00e9s gratuitement de la solution d\u2019\u00e9conomies d\u2019\u00e9nergie Voltalis\",\"datePublished\":\"2021-09-08T08:02:51+00:00\",\"dateModified\":\"2025-09-05T08:19:04+00:00\",\"mainEntityOfPage\":{\"@id\":\"https:\\\/\\\/group.voltalis.com\\\/fr\\\/type-de-contenu\\\/communiques-de-presse\\\/la-communaute-dagglomeration-porte-de-lisere-propose-a-ses-habitants-detre-equipes-gratuitement-de-la-solution-deconomies-denergie-voltalis-5616\"},\"wordCount\":388,\"commentCount\":0,\"articleSection\":[\"Collectivit\u00e9s\",\"Communiqu\u00e9s\"],\"inLanguage\":\"fr-FR\"},{\"@type\":\"WebPage\",\"@id\":\"https:\\\/\\\/group.voltalis.com\\\/fr\\\/type-de-contenu\\\/communiques-de-presse\\\/la-communaute-dagglomeration-porte-de-lisere-propose-a-ses-habitants-detre-equipes-gratuitement-de-la-solution-deconomies-denergie-voltalis-5616\",\"url\":\"https:\\\/\\\/group.voltalis.com\\\/fr\\\/type-de-contenu\\\/communiques-de-presse\\\/la-communaute-dagglomeration-porte-de-lisere-propose-a-ses-habitants-detre-equipes-gratuitement-de-la-solution-deconomies-denergie-voltalis-5616\",\"name\":\"La CAPI se mobilise et choisit la solution d'\u00e9conomies d'\u00e9nergie de Voltalis\",\"isPartOf\":{\"@id\":\"https:\\\/\\\/group.voltalis.com\\\/en\\\/#website\"},\"datePublished\":\"2021-09-08T08:02:51+00:00\",\"dateModified\":\"2025-09-05T08:19:04+00:00\",\"author\":{\"@id\":\"https:\\\/\\\/group.voltalis.com\\\/en\\\/#\\\/schema\\\/person\\\/cd75df70a442080ba333ff81754527b8\"},\"description\":\"La Communaut\u00e9 d\u2019Agglom\u00e9ration Porte de l\u2019Is\u00e8re propose \u00e0 ses habitants d\u2019\u00eatre \u00e9quip\u00e9s gratuitement de la solution innovante de Voltalis\",\"breadcrumb\":{\"@id\":\"https:\\\/\\\/group.voltalis.com\\\/fr\\\/type-de-contenu\\\/communiques-de-presse\\\/la-communaute-dagglomeration-porte-de-lisere-propose-a-ses-habitants-detre-equipes-gratuitement-de-la-solution-deconomies-denergie-voltalis-5616#breadcrumb\"},\"inLanguage\":\"fr-FR\",\"potentialAction\":[{\"@type\":\"ReadAction\",\"target\":[\"https:\\\/\\\/group.voltalis.com\\\/fr\\\/type-de-contenu\\\/communiques-de-presse\\\/la-communaute-dagglomeration-porte-de-lisere-propose-a-ses-habitants-detre-equipes-gratuitement-de-la-solution-deconomies-denergie-voltalis-5616\"]}]},{\"@type\":\"BreadcrumbList\",\"@id\":\"https:\\\/\\\/group.voltalis.com\\\/fr\\\/type-de-contenu\\\/communiques-de-presse\\\/la-communaute-dagglomeration-porte-de-lisere-propose-a-ses-habitants-detre-equipes-gratuitement-de-la-solution-deconomies-denergie-voltalis-5616#breadcrumb\",\"itemListElement\":[{\"@type\":\"ListItem\",\"position\":1,\"name\":\"Home\",\"item\":\"https:\\\/\\\/group.voltalis.com\\\/fr\"},{\"@type\":\"ListItem\",\"position\":2,\"name\":\"La Communaut\u00e9 d\u2019Agglom\u00e9ration Porte de l\u2019Is\u00e8re propose \u00e0 ses habitants d\u2019\u00eatre \u00e9quip\u00e9s gratuitement de la solution d\u2019\u00e9conomies d\u2019\u00e9nergie Voltalis\"}]},{\"@type\":\"WebSite\",\"@id\":\"https:\\\/\\\/group.voltalis.com\\\/en\\\/#website\",\"url\":\"https:\\\/\\\/group.voltalis.com\\\/en\\\/\",\"name\":\"Groupe Voltalis\",\"description\":\"Bien plus que des \u00e9conomies d&#039;\u00e9nergie\",\"potentialAction\":[{\"@type\":\"SearchAction\",\"target\":{\"@type\":\"EntryPoint\",\"urlTemplate\":\"https:\\\/\\\/group.voltalis.com\\\/en\\\/?s={search_term_string}\"},\"query-input\":{\"@type\":\"PropertyValueSpecification\",\"valueRequired\":true,\"valueName\":\"search_term_string\"}}],\"inLanguage\":\"fr-FR\"},{\"@type\":\"Person\",\"@id\":\"https:\\\/\\\/group.voltalis.com\\\/en\\\/#\\\/schema\\\/person\\\/cd75df70a442080ba333ff81754527b8\",\"name\":\"admin\",\"image\":{\"@type\":\"ImageObject\",\"inLanguage\":\"fr-FR\",\"@id\":\"https:\\\/\\\/secure.gravatar.com\\\/avatar\\\/d33819406c6fd656ae073a4bf8663fc5da17ca34c0a8d21882949b205ec67922?s=96&d=mm&r=g\",\"url\":\"https:\\\/\\\/secure.gravatar.com\\\/avatar\\\/d33819406c6fd656ae073a4bf8663fc5da17ca34c0a8d21882949b205ec67922?s=96&d=mm&r=g\",\"contentUrl\":\"https:\\\/\\\/secure.gravatar.com\\\/avatar\\\/d33819406c6fd656ae073a4bf8663fc5da17ca34c0a8d21882949b205ec67922?s=96&d=mm&r=g\",\"caption\":\"admin\"},\"sameAs\":[\"https:\\\/\\\/group.voltalis.com\"],\"url\":\"https:\\\/\\\/group.voltalis.com\\\/fr\\\/author\\\/admin\"}]}<\/script>\n<!-- \/ Yoast SEO plugin. -->","yoast_head_json":{"title":"La CAPI se mobilise et choisit la solution d'\u00e9conomies d'\u00e9nergie de Voltalis","description":"La Communaut\u00e9 d\u2019Agglom\u00e9ration Porte de l\u2019Is\u00e8re propose \u00e0 ses habitants d\u2019\u00eatre \u00e9quip\u00e9s gratuitement de la solution innovante de Voltalis","robots":{"index":"index","follow":"follow","max-snippet":"max-snippet:-1","max-image-preview":"max-image-preview:large","max-video-preview":"max-video-preview:-1"},"canonical":"https:\/\/group.voltalis.com\/fr\/type-de-contenu\/communiques-de-presse\/la-communaute-dagglomeration-porte-de-lisere-propose-a-ses-habitants-detre-equipes-gratuitement-de-la-solution-deconomies-denergie-voltalis-5616","og_locale":"fr_FR","og_type":"article","og_title":"La CAPI se mobilise et choisit la solution d'\u00e9conomies d'\u00e9nergie de Voltalis","og_description":"La Communaut\u00e9 d\u2019Agglom\u00e9ration Porte de l\u2019Is\u00e8re propose \u00e0 ses habitants d\u2019\u00eatre \u00e9quip\u00e9s gratuitement de la solution innovante de Voltalis","og_url":"https:\/\/group.voltalis.com\/fr\/type-de-contenu\/communiques-de-presse\/la-communaute-dagglomeration-porte-de-lisere-propose-a-ses-habitants-detre-equipes-gratuitement-de-la-solution-deconomies-denergie-voltalis-5616","og_site_name":"Groupe Voltalis","article_publisher":"https:\/\/www.facebook.com\/pages\/category\/Product-Service\/Voltalis-178720392179068\/","article_published_time":"2021-09-08T08:02:51+00:00","article_modified_time":"2025-09-05T08:19:04+00:00","og_image":[{"width":640,"height":427,"url":"https:\/\/group.voltalis.com\/wp-content\/uploads\/2021\/09\/lake-5377986_640.jpg","type":"image\/jpeg"}],"author":"admin","twitter_card":"summary_large_image","twitter_image":"https:\/\/group.voltalis.com\/wp-content\/uploads\/2021\/09\/lake-5377986_640.jpg","twitter_misc":{"\u00c9crit par":"admin","Dur\u00e9e de lecture estim\u00e9e":"2 minutes"},"schema":{"@context":"https:\/\/schema.org","@graph":[{"@type":"Article","@id":"https:\/\/group.voltalis.com\/fr\/type-de-contenu\/communiques-de-presse\/la-communaute-dagglomeration-porte-de-lisere-propose-a-ses-habitants-detre-equipes-gratuitement-de-la-solution-deconomies-denergie-voltalis-5616#article","isPartOf":{"@id":"https:\/\/group.voltalis.com\/fr\/type-de-contenu\/communiques-de-presse\/la-communaute-dagglomeration-porte-de-lisere-propose-a-ses-habitants-detre-equipes-gratuitement-de-la-solution-deconomies-denergie-voltalis-5616"},"author":{"name":"admin","@id":"https:\/\/group.voltalis.com\/en\/#\/schema\/person\/cd75df70a442080ba333ff81754527b8"},"headline":"La Communaut\u00e9 d\u2019Agglom\u00e9ration Porte de l\u2019Is\u00e8re propose \u00e0 ses habitants d\u2019\u00eatre \u00e9quip\u00e9s gratuitement de la solution d\u2019\u00e9conomies d\u2019\u00e9nergie Voltalis","datePublished":"2021-09-08T08:02:51+00:00","dateModified":"2025-09-05T08:19:04+00:00","mainEntityOfPage":{"@id":"https:\/\/group.voltalis.com\/fr\/type-de-contenu\/communiques-de-presse\/la-communaute-dagglomeration-porte-de-lisere-propose-a-ses-habitants-detre-equipes-gratuitement-de-la-solution-deconomies-denergie-voltalis-5616"},"wordCount":388,"commentCount":0,"articleSection":["Collectivit\u00e9s","Communiqu\u00e9s"],"inLanguage":"fr-FR"},{"@type":"WebPage","@id":"https:\/\/group.voltalis.com\/fr\/type-de-contenu\/communiques-de-presse\/la-communaute-dagglomeration-porte-de-lisere-propose-a-ses-habitants-detre-equipes-gratuitement-de-la-solution-deconomies-denergie-voltalis-5616","url":"https:\/\/group.voltalis.com\/fr\/type-de-contenu\/communiques-de-presse\/la-communaute-dagglomeration-porte-de-lisere-propose-a-ses-habitants-detre-equipes-gratuitement-de-la-solution-deconomies-denergie-voltalis-5616","name":"La CAPI se mobilise et choisit la solution d'\u00e9conomies d'\u00e9nergie de Voltalis","isPartOf":{"@id":"https:\/\/group.voltalis.com\/en\/#website"},"datePublished":"2021-09-08T08:02:51+00:00","dateModified":"2025-09-05T08:19:04+00:00","author":{"@id":"https:\/\/group.voltalis.com\/en\/#\/schema\/person\/cd75df70a442080ba333ff81754527b8"},"description":"La Communaut\u00e9 d\u2019Agglom\u00e9ration Porte de l\u2019Is\u00e8re propose \u00e0 ses habitants d\u2019\u00eatre \u00e9quip\u00e9s gratuitement de la solution innovante de Voltalis","breadcrumb":{"@id":"https:\/\/group.voltalis.com\/fr\/type-de-contenu\/communiques-de-presse\/la-communaute-dagglomeration-porte-de-lisere-propose-a-ses-habitants-detre-equipes-gratuitement-de-la-solution-deconomies-denergie-voltalis-5616#breadcrumb"},"inLanguage":"fr-FR","potentialAction":[{"@type":"ReadAction","target":["https:\/\/group.voltalis.com\/fr\/type-de-contenu\/communiques-de-presse\/la-communaute-dagglomeration-porte-de-lisere-propose-a-ses-habitants-detre-equipes-gratuitement-de-la-solution-deconomies-denergie-voltalis-5616"]}]},{"@type":"BreadcrumbList","@id":"https:\/\/group.voltalis.com\/fr\/type-de-contenu\/communiques-de-presse\/la-communaute-dagglomeration-porte-de-lisere-propose-a-ses-habitants-detre-equipes-gratuitement-de-la-solution-deconomies-denergie-voltalis-5616#breadcrumb","itemListElement":[{"@type":"ListItem","position":1,"name":"Home","item":"https:\/\/group.voltalis.com\/fr"},{"@type":"ListItem","position":2,"name":"La Communaut\u00e9 d\u2019Agglom\u00e9ration Porte de l\u2019Is\u00e8re propose \u00e0 ses habitants d\u2019\u00eatre \u00e9quip\u00e9s gratuitement de la solution d\u2019\u00e9conomies d\u2019\u00e9nergie Voltalis"}]},{"@type":"WebSite","@id":"https:\/\/group.voltalis.com\/en\/#website","url":"https:\/\/group.voltalis.com\/en\/","name":"Groupe Voltalis","description":"Bien plus que des \u00e9conomies d&#039;\u00e9nergie","potentialAction":[{"@type":"SearchAction","target":{"@type":"EntryPoint","urlTemplate":"https:\/\/group.voltalis.com\/en\/?s={search_term_string}"},"query-input":{"@type":"PropertyValueSpecification","valueRequired":true,"valueName":"search_term_string"}}],"inLanguage":"fr-FR"},{"@type":"Person","@id":"https:\/\/group.voltalis.com\/en\/#\/schema\/person\/cd75df70a442080ba333ff81754527b8","name":"admin","image":{"@type":"ImageObject","inLanguage":"fr-FR","@id":"https:\/\/secure.gravatar.com\/avatar\/d33819406c6fd656ae073a4bf8663fc5da17ca34c0a8d21882949b205ec67922?s=96&d=mm&r=g","url":"https:\/\/secure.gravatar.com\/avatar\/d33819406c6fd656ae073a4bf8663fc5da17ca34c0a8d21882949b205ec67922?s=96&d=mm&r=g","contentUrl":"https:\/\/secure.gravatar.com\/avatar\/d33819406c6fd656ae073a4bf8663fc5da17ca34c0a8d21882949b205ec67922?s=96&d=mm&r=g","caption":"admin"},"sameAs":["https:\/\/group.voltalis.com"],"url":"https:\/\/group.voltalis.com\/fr\/author\/admin"}]}},"_links":{"self":[{"href":"https:\/\/group.voltalis.com\/fr\/wp-json\/wp\/v2\/posts\/5616","targetHints":{"allow":["GET"]}}],"collection":[{"href":"https:\/\/group.voltalis.com\/fr\/wp-json\/wp\/v2\/posts"}],"about":[{"href":"https:\/\/group.voltalis.com\/fr\/wp-json\/wp\/v2\/types\/post"}],"author":[{"embeddable":true,"href":"https:\/\/group.voltalis.com\/fr\/wp-json\/wp\/v2\/users\/1"}],"replies":[{"embeddable":true,"href":"https:\/\/group.voltalis.com\/fr\/wp-json\/wp\/v2\/comments?post=5616"}],"version-history":[{"count":1,"href":"https:\/\/group.voltalis.com\/fr\/wp-json\/wp\/v2\/posts\/5616\/revisions"}],"predecessor-version":[{"id":10509,"href":"https:\/\/group.voltalis.com\/fr\/wp-json\/wp\/v2\/posts\/5616\/revisions\/10509"}],"wp:attachment":[{"href":"https:\/\/group.voltalis.com\/fr\/wp-json\/wp\/v2\/media?parent=5616"}],"wp:term":[{"taxonomy":"category","embeddable":true,"href":"https:\/\/group.voltalis.com\/fr\/wp-json\/wp\/v2\/categories?post=5616"},{"taxonomy":"post_tag","embeddable":true,"href":"https:\/\/group.voltalis.com\/fr\/wp-json\/wp\/v2\/tags?post=5616"}],"curies":[{"name":"wp","href":"https:\/\/api.w.org\/{rel}","templated":true}]}}