{"id":5632,"date":"2021-09-14T10:19:32","date_gmt":"2021-09-14T08:19:32","guid":{"rendered":"https:\/\/group.voltalis.com\/?p=5632"},"modified":"2025-09-05T10:18:39","modified_gmt":"2025-09-05T08:18:39","slug":"la-communaute-dagglomeration-de-la-region-dieppoise-se-mobilise-en-faveur-de-la-transition-ecologique","status":"publish","type":"post","link":"https:\/\/group.voltalis.com\/fr\/type-de-contenu\/communiques-de-presse\/la-communaute-dagglomeration-de-la-region-dieppoise-se-mobilise-en-faveur-de-la-transition-ecologique-5632","title":{"rendered":"La Communaut\u00e9 d\u2019Agglom\u00e9ration de la R\u00e9gion Dieppoise se mobilise en faveur de la transition \u00e9cologique et soutient le d\u00e9ploiement du dispositif d\u2019\u00e9conomies d\u2019\u00e9nergie innovant de Voltalis"},"content":{"rendered":"\n<p class=\"has-text-align-left\">La Communaut\u00e9 d\u2019Agglom\u00e9ration de la R\u00e9gion Dieppoise s\u2019est engag\u00e9e dans un vaste projet de d\u00e9veloppement durable sur son territoire. D\u00e8s 2014, l\u2019agglom\u00e9ration a lanc\u00e9 son premier Plan Climat Air Energie Territorial (PCAET) avec pour objectifs principaux la r\u00e9duction de 20% des \u00e9missions de gaz \u00e0 effet de serre, l\u2019augmentation de 20% de la part des \u00e9nergies renouvelables dans la consommation finale d\u2019\u00e9nergie et une am\u00e9lioration de 20% de l\u2019efficacit\u00e9 \u00e9nerg\u00e9tique.<\/p>\n\n\n\n<p class=\"has-text-align-left\">Dans ce cadre, Dieppe Maritime soutient l\u2019initiative de la soci\u00e9t\u00e9 fran\u00e7aise Voltalis permettant <strong>\u00e0 ses 6 300 foyers chauff\u00e9s \u00e0 l\u2019\u00e9lectricit\u00e9 de b\u00e9n\u00e9ficier gratuitement d\u2019un bo\u00eetier de ma\u00eetrise et de r\u00e9duction de leur consommation. <\/strong>Voltalis s\u2019inscrit pleinement dans la dynamique du PCAET de l\u2019agglom\u00e9ration et contribue \u00e0 l\u2019atteinte des objectifs de diminution des \u00e9missions de gaz \u00e0 effet de serre. Dieppe Maritime est parmi les premi\u00e8res intercommunalit\u00e9s de Seine-Maritime \u00e0 mettre en place un partenariat avec Voltalis. Le d\u00e9ploiement de ce dispositif innovant d\u00e9butera<strong> le 20 septembre \u00e0 Dieppe puis sera rapidement \u00e9tendu aux autres communes du territoire.<\/strong><\/p>\n\n\n\n<p><strong>Un bo\u00eetier innovant pour ma\u00eetriser sa consommation \u00e9lectrique<\/strong><\/p>\n\n\n\n<p>Voltalis a d\u00e9velopp\u00e9 <strong>un dispositif connect\u00e9 permettant de piloter intelligemment la consommation \u00e9lectrique des radiateurs et chauffe-eaux<\/strong>, appareils les plus \u00e9nergivores du foyer.<\/p>\n\n\n\n<ul class=\"wp-block-list\"><li><strong>Ce dispositif est 100% gratuit <\/strong>et permet de <strong>r\u00e9aliser jusqu\u2019\u00e0 15% d\u2019\u00e9conomies d\u2019\u00e9nergie<\/strong>, sans perte de confort et r\u00e9duire<strong> de plus de 30% ses \u00e9missions de CO2<\/strong>.<\/li><li>Les adh\u00e9rents disposent <strong>d\u2019un espace personnel<\/strong>, accessible sur PC, smartphone et tablette pour <strong>programmer et piloter leur chauffage pi\u00e8ce par pi\u00e8ce,<\/strong> et ainsi ne consommer que lorsque n\u00e9cessaire. Ils peuvent \u00e9galement <strong>suivre pr\u00e9cis\u00e9ment leur consommation <\/strong>afin de mieux la ma\u00eetriser et limiter les gaspillages.<\/li><\/ul>\n\n\n\n<p><strong>R\u00e9duction des \u00e9missions de CO2 et s\u00e9curit\u00e9 du r\u00e9seau \u00e9lectrique<\/strong><\/p>\n\n\n\n<p>Au-del\u00e0 des \u00e9conomies d\u2019\u00e9nergie pour les foyers \u00e9quip\u00e9s, ces derniers <strong>participent activement \u00e0 la transition \u00e9cologique, dans le cadre d\u2019une d\u00e9marche solidaire<\/strong>.<\/p>\n\n\n\n<ul class=\"wp-block-list\"><li>Lors des pics de consommation ou des baisses de production des \u00e9nergies renouvelables, <strong>le r\u00e9seau risque un d\u00e9s\u00e9quilibre<\/strong> et fait g\u00e9n\u00e9ralement appel \u00e0 des centrales thermiques d\u2019appoint au charbon, au fioul ou au gaz pour compenser.<\/li><li>A ces moments, Voltalis peut agir en temps r\u00e9el pour faire baisser la demande \u00e9lectrique en r\u00e9duisant pendant quelques minutes la consommation de milliers d\u2019appareils de chauffage, <strong>sans impact sur le confort des occupants.<\/strong><\/li><li>Le r\u00e9seau est alors soulag\u00e9, sans avoir \u00e0 faire appel \u00e0 des productions polluantes, ce qui <strong>r\u00e9duit d\u2019autant plus les \u00e9missions de CO2.<\/strong><\/li><\/ul>\n\n\n\n<p><strong>Contacts presse<\/strong> :<\/p>\n\n\n\n<ul class=\"wp-block-list\"><li><strong>Communaut\u00e9 d\u2019Agglom\u00e9ration Dieppe-Maritime : Audrey Havard &#8211; <\/strong><a href=\"\/Users\/thomas.godeby\/AppData\/Local\/Microsoft\/Windows\/INetCache\/Content.Outlook\/7B6ZP3TT\/audrey.havard@agglodieppe-maritime.com\" target=\"_blank\" rel=\"noreferrer noopener\">audrey.havard@agglodieppe-maritime.com<\/a>\u00a0<strong> &#8211; 02 32 90 20 25<\/strong><\/li><li><strong>Voltalis : L\u2019AgenceRP &#8211; Laura Le Bourdonnec<\/strong> &#8211; <a href=\"mailto:laura@lagencerp.com\" target=\"_blank\" rel=\"noreferrer noopener\">laura@lagencerp.com<\/a>  &#8211; <strong>07 63 18 60 15<\/strong><\/li><\/ul>\n\n\n\n<p><a href=\"https:\/\/group.voltalis.com\/wp-content\/uploads\/2021\/09\/Communique\u0301-de-presse-l-Partenariat-Voltalis-CA-Dieppe-Maritime-VF-1.pdf\" target=\"_blank\" rel=\"noreferrer noopener\">T\u00e9l\u00e9charger le communiqu\u00e9 de presse<\/a> <\/p>\n","protected":false},"excerpt":{"rendered":"<p>La Communaut\u00e9 d\u2019Agglom\u00e9ration de la R\u00e9gion Dieppoise s\u2019est engag\u00e9e dans un vaste projet de d\u00e9veloppement durable sur son territoire. D\u00e8s 2014, l\u2019agglom\u00e9ration a lanc\u00e9 son premier Plan Climat Air Energie Territorial (PCAET) avec pour objectifs principaux la r\u00e9duction de 20% des \u00e9missions de gaz \u00e0 effet de serre, l\u2019augmentation de 20% de la part des [&hellip;]<\/p>\n","protected":false},"author":1,"featured_media":0,"comment_status":"open","ping_status":"closed","sticky":false,"template":"","format":"standard","meta":{"_acf_changed":false,"inline_featured_image":false,"footnotes":""},"categories":[199,3],"tags":[],"class_list":["post-5632","post","type-post","status-publish","format-standard","hentry","category-collectivites","category-communiques-de-presse"],"acf":[],"yoast_head":"<!-- This site is optimized with the Yoast SEO plugin v27.5 - https:\/\/yoast.com\/product\/yoast-seo-wordpress\/ -->\n<title>Avec Voltalis, Dieppe Maritime se mobilise en faveur de la transition \u00e9cologique<\/title>\n<meta name=\"description\" content=\"Les 6 300 foyers de la Communaut\u00e9 d&#039;Agglom\u00e9ration de la R\u00e9gion Dieppoise peuvent b\u00e9n\u00e9ficier gratuitement du dispositif d&#039;\u00e9conomies d&#039;\u00e9nergie Voltalis\" \/>\n<meta name=\"robots\" content=\"index, follow, max-snippet:-1, max-image-preview:large, max-video-preview:-1\" \/>\n<link rel=\"canonical\" href=\"https:\/\/group.voltalis.com\/fr\/type-de-contenu\/communiques-de-presse\/la-communaute-dagglomeration-de-la-region-dieppoise-se-mobilise-en-faveur-de-la-transition-ecologique-5632\" \/>\n<meta property=\"og:locale\" content=\"fr_FR\" \/>\n<meta property=\"og:type\" content=\"article\" \/>\n<meta property=\"og:title\" content=\"Avec Voltalis, Dieppe Maritime se mobilise en faveur de la transition \u00e9cologique\" \/>\n<meta property=\"og:description\" content=\"Les 6 300 foyers de la Communaut\u00e9 d&#039;Agglom\u00e9ration de la R\u00e9gion Dieppoise peuvent b\u00e9n\u00e9ficier gratuitement du dispositif d&#039;\u00e9conomies d&#039;\u00e9nergie Voltalis\" \/>\n<meta property=\"og:url\" content=\"https:\/\/group.voltalis.com\/fr\/type-de-contenu\/communiques-de-presse\/la-communaute-dagglomeration-de-la-region-dieppoise-se-mobilise-en-faveur-de-la-transition-ecologique-5632\" \/>\n<meta property=\"og:site_name\" content=\"Groupe Voltalis\" \/>\n<meta property=\"article:publisher\" content=\"https:\/\/www.facebook.com\/pages\/category\/Product-Service\/Voltalis-178720392179068\/\" \/>\n<meta property=\"article:published_time\" content=\"2021-09-14T08:19:32+00:00\" \/>\n<meta property=\"article:modified_time\" content=\"2025-09-05T08:18:39+00:00\" \/>\n<meta property=\"og:image\" content=\"https:\/\/group.voltalis.com\/wp-content\/uploads\/2021\/09\/dieppe-6065957_640.jpg\" \/>\n\t<meta property=\"og:image:width\" content=\"640\" \/>\n\t<meta property=\"og:image:height\" content=\"466\" \/>\n\t<meta property=\"og:image:type\" content=\"image\/jpeg\" \/>\n<meta name=\"author\" content=\"admin\" \/>\n<meta name=\"twitter:card\" content=\"summary_large_image\" \/>\n<meta name=\"twitter:image\" content=\"https:\/\/group.voltalis.com\/wp-content\/uploads\/2021\/09\/dieppe-6065957_640.jpg\" \/>\n<meta name=\"twitter:label1\" content=\"\u00c9crit par\" \/>\n\t<meta name=\"twitter:data1\" content=\"admin\" \/>\n\t<meta name=\"twitter:label2\" content=\"Dur\u00e9e de lecture estim\u00e9e\" \/>\n\t<meta name=\"twitter:data2\" content=\"2 minutes\" \/>\n<script type=\"application\/ld+json\" class=\"yoast-schema-graph\">{\"@context\":\"https:\\\/\\\/schema.org\",\"@graph\":[{\"@type\":\"Article\",\"@id\":\"https:\\\/\\\/group.voltalis.com\\\/fr\\\/type-de-contenu\\\/communiques-de-presse\\\/la-communaute-dagglomeration-de-la-region-dieppoise-se-mobilise-en-faveur-de-la-transition-ecologique-5632#article\",\"isPartOf\":{\"@id\":\"https:\\\/\\\/group.voltalis.com\\\/fr\\\/type-de-contenu\\\/communiques-de-presse\\\/la-communaute-dagglomeration-de-la-region-dieppoise-se-mobilise-en-faveur-de-la-transition-ecologique-5632\"},\"author\":{\"name\":\"admin\",\"@id\":\"https:\\\/\\\/group.voltalis.com\\\/en\\\/#\\\/schema\\\/person\\\/cd75df70a442080ba333ff81754527b8\"},\"headline\":\"La Communaut\u00e9 d\u2019Agglom\u00e9ration de la R\u00e9gion Dieppoise se mobilise en faveur de la transition \u00e9cologique et soutient le d\u00e9ploiement du dispositif d\u2019\u00e9conomies d\u2019\u00e9nergie innovant de Voltalis\",\"datePublished\":\"2021-09-14T08:19:32+00:00\",\"dateModified\":\"2025-09-05T08:18:39+00:00\",\"mainEntityOfPage\":{\"@id\":\"https:\\\/\\\/group.voltalis.com\\\/fr\\\/type-de-contenu\\\/communiques-de-presse\\\/la-communaute-dagglomeration-de-la-region-dieppoise-se-mobilise-en-faveur-de-la-transition-ecologique-5632\"},\"wordCount\":508,\"commentCount\":0,\"articleSection\":[\"Collectivit\u00e9s\",\"Communiqu\u00e9s\"],\"inLanguage\":\"fr-FR\"},{\"@type\":\"WebPage\",\"@id\":\"https:\\\/\\\/group.voltalis.com\\\/fr\\\/type-de-contenu\\\/communiques-de-presse\\\/la-communaute-dagglomeration-de-la-region-dieppoise-se-mobilise-en-faveur-de-la-transition-ecologique-5632\",\"url\":\"https:\\\/\\\/group.voltalis.com\\\/fr\\\/type-de-contenu\\\/communiques-de-presse\\\/la-communaute-dagglomeration-de-la-region-dieppoise-se-mobilise-en-faveur-de-la-transition-ecologique-5632\",\"name\":\"Avec Voltalis, Dieppe Maritime se mobilise en faveur de la transition \u00e9cologique\",\"isPartOf\":{\"@id\":\"https:\\\/\\\/group.voltalis.com\\\/en\\\/#website\"},\"datePublished\":\"2021-09-14T08:19:32+00:00\",\"dateModified\":\"2025-09-05T08:18:39+00:00\",\"author\":{\"@id\":\"https:\\\/\\\/group.voltalis.com\\\/en\\\/#\\\/schema\\\/person\\\/cd75df70a442080ba333ff81754527b8\"},\"description\":\"Les 6 300 foyers de la Communaut\u00e9 d'Agglom\u00e9ration de la R\u00e9gion Dieppoise peuvent b\u00e9n\u00e9ficier gratuitement du dispositif d'\u00e9conomies d'\u00e9nergie Voltalis\",\"breadcrumb\":{\"@id\":\"https:\\\/\\\/group.voltalis.com\\\/fr\\\/type-de-contenu\\\/communiques-de-presse\\\/la-communaute-dagglomeration-de-la-region-dieppoise-se-mobilise-en-faveur-de-la-transition-ecologique-5632#breadcrumb\"},\"inLanguage\":\"fr-FR\",\"potentialAction\":[{\"@type\":\"ReadAction\",\"target\":[\"https:\\\/\\\/group.voltalis.com\\\/fr\\\/type-de-contenu\\\/communiques-de-presse\\\/la-communaute-dagglomeration-de-la-region-dieppoise-se-mobilise-en-faveur-de-la-transition-ecologique-5632\"]}]},{\"@type\":\"BreadcrumbList\",\"@id\":\"https:\\\/\\\/group.voltalis.com\\\/fr\\\/type-de-contenu\\\/communiques-de-presse\\\/la-communaute-dagglomeration-de-la-region-dieppoise-se-mobilise-en-faveur-de-la-transition-ecologique-5632#breadcrumb\",\"itemListElement\":[{\"@type\":\"ListItem\",\"position\":1,\"name\":\"Home\",\"item\":\"https:\\\/\\\/group.voltalis.com\\\/fr\"},{\"@type\":\"ListItem\",\"position\":2,\"name\":\"La Communaut\u00e9 d\u2019Agglom\u00e9ration de la R\u00e9gion Dieppoise se mobilise en faveur de la transition \u00e9cologique et soutient le d\u00e9ploiement du dispositif d\u2019\u00e9conomies d\u2019\u00e9nergie innovant de Voltalis\"}]},{\"@type\":\"WebSite\",\"@id\":\"https:\\\/\\\/group.voltalis.com\\\/en\\\/#website\",\"url\":\"https:\\\/\\\/group.voltalis.com\\\/en\\\/\",\"name\":\"Groupe Voltalis\",\"description\":\"Bien plus que des \u00e9conomies d&#039;\u00e9nergie\",\"potentialAction\":[{\"@type\":\"SearchAction\",\"target\":{\"@type\":\"EntryPoint\",\"urlTemplate\":\"https:\\\/\\\/group.voltalis.com\\\/en\\\/?s={search_term_string}\"},\"query-input\":{\"@type\":\"PropertyValueSpecification\",\"valueRequired\":true,\"valueName\":\"search_term_string\"}}],\"inLanguage\":\"fr-FR\"},{\"@type\":\"Person\",\"@id\":\"https:\\\/\\\/group.voltalis.com\\\/en\\\/#\\\/schema\\\/person\\\/cd75df70a442080ba333ff81754527b8\",\"name\":\"admin\",\"image\":{\"@type\":\"ImageObject\",\"inLanguage\":\"fr-FR\",\"@id\":\"https:\\\/\\\/secure.gravatar.com\\\/avatar\\\/d33819406c6fd656ae073a4bf8663fc5da17ca34c0a8d21882949b205ec67922?s=96&d=mm&r=g\",\"url\":\"https:\\\/\\\/secure.gravatar.com\\\/avatar\\\/d33819406c6fd656ae073a4bf8663fc5da17ca34c0a8d21882949b205ec67922?s=96&d=mm&r=g\",\"contentUrl\":\"https:\\\/\\\/secure.gravatar.com\\\/avatar\\\/d33819406c6fd656ae073a4bf8663fc5da17ca34c0a8d21882949b205ec67922?s=96&d=mm&r=g\",\"caption\":\"admin\"},\"sameAs\":[\"https:\\\/\\\/group.voltalis.com\"],\"url\":\"https:\\\/\\\/group.voltalis.com\\\/fr\\\/author\\\/admin\"}]}<\/script>\n<!-- \/ Yoast SEO plugin. -->","yoast_head_json":{"title":"Avec Voltalis, Dieppe Maritime se mobilise en faveur de la transition \u00e9cologique","description":"Les 6 300 foyers de la Communaut\u00e9 d'Agglom\u00e9ration de la R\u00e9gion Dieppoise peuvent b\u00e9n\u00e9ficier gratuitement du dispositif d'\u00e9conomies d'\u00e9nergie Voltalis","robots":{"index":"index","follow":"follow","max-snippet":"max-snippet:-1","max-image-preview":"max-image-preview:large","max-video-preview":"max-video-preview:-1"},"canonical":"https:\/\/group.voltalis.com\/fr\/type-de-contenu\/communiques-de-presse\/la-communaute-dagglomeration-de-la-region-dieppoise-se-mobilise-en-faveur-de-la-transition-ecologique-5632","og_locale":"fr_FR","og_type":"article","og_title":"Avec Voltalis, Dieppe Maritime se mobilise en faveur de la transition \u00e9cologique","og_description":"Les 6 300 foyers de la Communaut\u00e9 d'Agglom\u00e9ration de la R\u00e9gion Dieppoise peuvent b\u00e9n\u00e9ficier gratuitement du dispositif d'\u00e9conomies d'\u00e9nergie Voltalis","og_url":"https:\/\/group.voltalis.com\/fr\/type-de-contenu\/communiques-de-presse\/la-communaute-dagglomeration-de-la-region-dieppoise-se-mobilise-en-faveur-de-la-transition-ecologique-5632","og_site_name":"Groupe Voltalis","article_publisher":"https:\/\/www.facebook.com\/pages\/category\/Product-Service\/Voltalis-178720392179068\/","article_published_time":"2021-09-14T08:19:32+00:00","article_modified_time":"2025-09-05T08:18:39+00:00","og_image":[{"width":640,"height":466,"url":"https:\/\/group.voltalis.com\/wp-content\/uploads\/2021\/09\/dieppe-6065957_640.jpg","type":"image\/jpeg"}],"author":"admin","twitter_card":"summary_large_image","twitter_image":"https:\/\/group.voltalis.com\/wp-content\/uploads\/2021\/09\/dieppe-6065957_640.jpg","twitter_misc":{"\u00c9crit par":"admin","Dur\u00e9e de lecture estim\u00e9e":"2 minutes"},"schema":{"@context":"https:\/\/schema.org","@graph":[{"@type":"Article","@id":"https:\/\/group.voltalis.com\/fr\/type-de-contenu\/communiques-de-presse\/la-communaute-dagglomeration-de-la-region-dieppoise-se-mobilise-en-faveur-de-la-transition-ecologique-5632#article","isPartOf":{"@id":"https:\/\/group.voltalis.com\/fr\/type-de-contenu\/communiques-de-presse\/la-communaute-dagglomeration-de-la-region-dieppoise-se-mobilise-en-faveur-de-la-transition-ecologique-5632"},"author":{"name":"admin","@id":"https:\/\/group.voltalis.com\/en\/#\/schema\/person\/cd75df70a442080ba333ff81754527b8"},"headline":"La Communaut\u00e9 d\u2019Agglom\u00e9ration de la R\u00e9gion Dieppoise se mobilise en faveur de la transition \u00e9cologique et soutient le d\u00e9ploiement du dispositif d\u2019\u00e9conomies d\u2019\u00e9nergie innovant de Voltalis","datePublished":"2021-09-14T08:19:32+00:00","dateModified":"2025-09-05T08:18:39+00:00","mainEntityOfPage":{"@id":"https:\/\/group.voltalis.com\/fr\/type-de-contenu\/communiques-de-presse\/la-communaute-dagglomeration-de-la-region-dieppoise-se-mobilise-en-faveur-de-la-transition-ecologique-5632"},"wordCount":508,"commentCount":0,"articleSection":["Collectivit\u00e9s","Communiqu\u00e9s"],"inLanguage":"fr-FR"},{"@type":"WebPage","@id":"https:\/\/group.voltalis.com\/fr\/type-de-contenu\/communiques-de-presse\/la-communaute-dagglomeration-de-la-region-dieppoise-se-mobilise-en-faveur-de-la-transition-ecologique-5632","url":"https:\/\/group.voltalis.com\/fr\/type-de-contenu\/communiques-de-presse\/la-communaute-dagglomeration-de-la-region-dieppoise-se-mobilise-en-faveur-de-la-transition-ecologique-5632","name":"Avec Voltalis, Dieppe Maritime se mobilise en faveur de la transition \u00e9cologique","isPartOf":{"@id":"https:\/\/group.voltalis.com\/en\/#website"},"datePublished":"2021-09-14T08:19:32+00:00","dateModified":"2025-09-05T08:18:39+00:00","author":{"@id":"https:\/\/group.voltalis.com\/en\/#\/schema\/person\/cd75df70a442080ba333ff81754527b8"},"description":"Les 6 300 foyers de la Communaut\u00e9 d'Agglom\u00e9ration de la R\u00e9gion Dieppoise peuvent b\u00e9n\u00e9ficier gratuitement du dispositif d'\u00e9conomies d'\u00e9nergie Voltalis","breadcrumb":{"@id":"https:\/\/group.voltalis.com\/fr\/type-de-contenu\/communiques-de-presse\/la-communaute-dagglomeration-de-la-region-dieppoise-se-mobilise-en-faveur-de-la-transition-ecologique-5632#breadcrumb"},"inLanguage":"fr-FR","potentialAction":[{"@type":"ReadAction","target":["https:\/\/group.voltalis.com\/fr\/type-de-contenu\/communiques-de-presse\/la-communaute-dagglomeration-de-la-region-dieppoise-se-mobilise-en-faveur-de-la-transition-ecologique-5632"]}]},{"@type":"BreadcrumbList","@id":"https:\/\/group.voltalis.com\/fr\/type-de-contenu\/communiques-de-presse\/la-communaute-dagglomeration-de-la-region-dieppoise-se-mobilise-en-faveur-de-la-transition-ecologique-5632#breadcrumb","itemListElement":[{"@type":"ListItem","position":1,"name":"Home","item":"https:\/\/group.voltalis.com\/fr"},{"@type":"ListItem","position":2,"name":"La Communaut\u00e9 d\u2019Agglom\u00e9ration de la R\u00e9gion Dieppoise se mobilise en faveur de la transition \u00e9cologique et soutient le d\u00e9ploiement du dispositif d\u2019\u00e9conomies d\u2019\u00e9nergie innovant de Voltalis"}]},{"@type":"WebSite","@id":"https:\/\/group.voltalis.com\/en\/#website","url":"https:\/\/group.voltalis.com\/en\/","name":"Groupe Voltalis","description":"Bien plus que des \u00e9conomies d&#039;\u00e9nergie","potentialAction":[{"@type":"SearchAction","target":{"@type":"EntryPoint","urlTemplate":"https:\/\/group.voltalis.com\/en\/?s={search_term_string}"},"query-input":{"@type":"PropertyValueSpecification","valueRequired":true,"valueName":"search_term_string"}}],"inLanguage":"fr-FR"},{"@type":"Person","@id":"https:\/\/group.voltalis.com\/en\/#\/schema\/person\/cd75df70a442080ba333ff81754527b8","name":"admin","image":{"@type":"ImageObject","inLanguage":"fr-FR","@id":"https:\/\/secure.gravatar.com\/avatar\/d33819406c6fd656ae073a4bf8663fc5da17ca34c0a8d21882949b205ec67922?s=96&d=mm&r=g","url":"https:\/\/secure.gravatar.com\/avatar\/d33819406c6fd656ae073a4bf8663fc5da17ca34c0a8d21882949b205ec67922?s=96&d=mm&r=g","contentUrl":"https:\/\/secure.gravatar.com\/avatar\/d33819406c6fd656ae073a4bf8663fc5da17ca34c0a8d21882949b205ec67922?s=96&d=mm&r=g","caption":"admin"},"sameAs":["https:\/\/group.voltalis.com"],"url":"https:\/\/group.voltalis.com\/fr\/author\/admin"}]}},"_links":{"self":[{"href":"https:\/\/group.voltalis.com\/fr\/wp-json\/wp\/v2\/posts\/5632","targetHints":{"allow":["GET"]}}],"collection":[{"href":"https:\/\/group.voltalis.com\/fr\/wp-json\/wp\/v2\/posts"}],"about":[{"href":"https:\/\/group.voltalis.com\/fr\/wp-json\/wp\/v2\/types\/post"}],"author":[{"embeddable":true,"href":"https:\/\/group.voltalis.com\/fr\/wp-json\/wp\/v2\/users\/1"}],"replies":[{"embeddable":true,"href":"https:\/\/group.voltalis.com\/fr\/wp-json\/wp\/v2\/comments?post=5632"}],"version-history":[{"count":1,"href":"https:\/\/group.voltalis.com\/fr\/wp-json\/wp\/v2\/posts\/5632\/revisions"}],"predecessor-version":[{"id":10508,"href":"https:\/\/group.voltalis.com\/fr\/wp-json\/wp\/v2\/posts\/5632\/revisions\/10508"}],"wp:attachment":[{"href":"https:\/\/group.voltalis.com\/fr\/wp-json\/wp\/v2\/media?parent=5632"}],"wp:term":[{"taxonomy":"category","embeddable":true,"href":"https:\/\/group.voltalis.com\/fr\/wp-json\/wp\/v2\/categories?post=5632"},{"taxonomy":"post_tag","embeddable":true,"href":"https:\/\/group.voltalis.com\/fr\/wp-json\/wp\/v2\/tags?post=5632"}],"curies":[{"name":"wp","href":"https:\/\/api.w.org\/{rel}","templated":true}]}}