{"id":5737,"date":"2021-10-19T14:10:23","date_gmt":"2021-10-19T12:10:23","guid":{"rendered":"https:\/\/group.voltalis.com\/?p=5737"},"modified":"2025-09-04T16:59:39","modified_gmt":"2025-09-04T14:59:39","slug":"la-ville-de-dordives-se-mobilise-en-faveur-de-la-transition-ecologique-et-soutient-le-deploiement-de-la-solution-deconomies-denergie-innovante-de-voltalis","status":"publish","type":"post","link":"https:\/\/group.voltalis.com\/fr\/type-de-contenu\/communiques-de-presse\/la-ville-de-dordives-se-mobilise-en-faveur-de-la-transition-ecologique-et-soutient-le-deploiement-de-la-solution-deconomies-denergie-innovante-de-voltalis-5737","title":{"rendered":"La ville de Dordives se mobilise en faveur de la transition \u00e9cologique et soutient le d\u00e9ploiement de la solution d&rsquo;\u00e9conomies d&rsquo;\u00e9nergie innovante de Voltalis"},"content":{"rendered":"\n<p>Dordives, en liaison avec le PETR G\u00e2tinais montargois et le Service Eco-Habitat s\u2019engage en faveur du d\u00e9veloppement durable et de la transition \u00e9cologique sur son territoire. Dans ce cadre, la commune soutient la d\u00e9marche innovante de la soci\u00e9t\u00e9 fran\u00e7aise Voltalis qui consiste \u00e0 proposer \u00e0 l\u2019ensemble desfoyers de son territoire chauff\u00e9s au tout \u00e9lectrique <strong>l\u2019installation gratuite d\u2019un bo\u00eetier d\u2019\u00e9conomies d\u2019\u00e9nergie<\/strong> connect\u00e9.<\/p>\n\n\n\n<p>Depuis 2015, Dordives est la premi\u00e8re commune du Loiret et de Centre-Val de Loire \u00e0 se mobiliser aux c\u00f4t\u00e9s de Voltalis pour proposer une solution \u00e9co-solidaire \u00e0 ses administr\u00e9s.<\/p>\n\n\n\n<p><strong>Un bo\u00eetier connect\u00e9 100% gratuit et sans abonnement<\/strong><\/p>\n\n\n\n<p>D\u00e9di\u00e9 au chauffage \u00e9lectrique, ce dispositif se mat\u00e9rialise par un petit bo\u00eetier install\u00e9 gratuitement dans les logements et <strong>offrant des services de suivi et de pilotage de sa consommation<\/strong>. Ce bo\u00eetier permet de rendre connect\u00e9s les <strong>radiateurs et chauffe-eaux \u00e9lectriques,<\/strong> appareils les plus \u00e9nergivores du foyer, <strong>sans avoir \u00e0 les changer<\/strong>&nbsp;! Les particuliers \u00e9quip\u00e9s peuvent r\u00e9aliser plus de <strong>8% d\u2019\u00e9conomies <\/strong>sur leur consommation annuelle, <strong>tout en<\/strong> <strong>contribuant activement \u00e0 la transition \u00e9cologique<\/strong>.<\/p>\n\n\n\n<p><strong>MyVoltalis, un outil unique pour suivre ses \u00e9conomies d\u2019\u00e9nergie<\/strong><\/p>\n\n\n\n<p>Les foyers \u00e9quip\u00e9s ont acc\u00e8s \u00e0 un <strong>espace personnalis\u00e9<\/strong> sur PC, smartphones et tablettes. Ils peuvent ainsi suivre <strong>leurs consommations \u00e9lectriques<\/strong> ainsi que <strong>piloter et programmer en toute simplicit\u00e9 le fonctionnement de leur chauffage \u00e9lectrique<\/strong>, selon leurs habitudes de vie.<\/p>\n\n\n\n<p><strong>Un dispositif \u00e9cocitoyen et solidaire<\/strong><\/p>\n\n\n\n<p>En plus des \u00e9conomies d\u2019\u00e9nergies pour les particuliers \u00e9quip\u00e9s, le dispositif Voltalis contribue activement \u00e0 la s\u00e9curit\u00e9 de l\u2019approvisionnement \u00e9lectrique de tous les foyers notamment lors des pics de consommation ou des baisses de production des \u00e9nergies renouvelables intermittentes. Ainsi, aux moments o\u00f9 le syst\u00e8me \u00e9lectrique en a besoin, Voltalis peut r\u00e9duire la consommation de milliers d\u2019appareils de chauffage partout en France, <strong>sans que cela n\u2019impacte le confort des occupants<\/strong>. Cette solution permet de soulager le r\u00e9seau, ce qui <strong>limite le recours \u00e0 des centrales thermiques \u00e9mettrices de CO<sub>2<\/sub><\/strong>.<\/p>\n\n\n\n<p><strong>Tous les foyers dordivois chauff\u00e9s \u00e0 l\u2019\u00e9lectricit\u00e9<\/strong>, qu\u2019ils soient p<strong>ropri\u00e9taires ou locataires, <\/strong>peuvent b\u00e9n\u00e9ficier gratuitement de ce bo\u00eetier, install\u00e9 en 2 heures environ, par un technicien professionnel. Pour en profiter, il suffit de contacter Voltalis et convenir d\u2019un rendez-vous d\u2019installation par t\u00e9l\u00e9phone, au <strong>02 22 96 95 50 <\/strong>(lundi au samedi, 9h-18h) ou par courriel&nbsp;\u00e0 l\u2019adresse&nbsp;: <strong>dordives@voltalis.com<\/strong><\/p>\n\n\n\n<p><strong>Contacts presse&nbsp;:<\/strong><\/p>\n\n\n\n<ul class=\"wp-block-list\"><li><strong>Dordives : <\/strong><strong>Jean Berthaud &#8211; Maire de Dordives<\/strong> &#8211; <a href=\"mailto:j.berthaud@wanadoo.fr\">j.berthaud@wanadoo.fr<\/a> &#8211; 02 38 89 86 30<em><\/em><\/li><\/ul>\n\n\n\n<ul class=\"wp-block-list\"><li><strong>Voltalis&nbsp;: L\u2019AgenceRP &#8211; <\/strong>Laura Le Bourdonnec &#8211; <a href=\"mailto:laura@lagencerp.com\">laura@lagencerp.com<\/a> &#8211; 07 63 18 60 15<\/li><\/ul>\n\n\n\n<p><a href=\"https:\/\/group.voltalis.com\/wp-content\/uploads\/2021\/10\/Communique\u0301-de-presse-l-Partenariat-Voltalis-Dordives-VF.pdf\" target=\"_blank\" rel=\"noreferrer noopener\">T\u00e9l\u00e9charger le communiqu\u00e9 de presse<\/a><\/p>\n","protected":false},"excerpt":{"rendered":"<p>Dordives, en liaison avec le PETR G\u00e2tinais montargois et le Service Eco-Habitat s\u2019engage en faveur du d\u00e9veloppement durable et de la transition \u00e9cologique sur son territoire. Dans ce cadre, la commune soutient la d\u00e9marche innovante de la soci\u00e9t\u00e9 fran\u00e7aise Voltalis qui consiste \u00e0 proposer \u00e0 l\u2019ensemble desfoyers de son territoire chauff\u00e9s au tout \u00e9lectrique l\u2019installation [&hellip;]<\/p>\n","protected":false},"author":1,"featured_media":0,"comment_status":"open","ping_status":"closed","sticky":false,"template":"","format":"standard","meta":{"_acf_changed":false,"inline_featured_image":false,"footnotes":""},"categories":[199,3],"tags":[],"class_list":["post-5737","post","type-post","status-publish","format-standard","hentry","category-collectivites","category-communiques-de-presse"],"acf":[],"yoast_head":"<!-- This site is optimized with the Yoast SEO plugin v27.5 - https:\/\/yoast.com\/product\/yoast-seo-wordpress\/ -->\n<title>Dordives, 1\u00e8re commune du Loiret \u00e0 soutenir la solution Voltalis<\/title>\n<meta name=\"description\" content=\"La ville de Dordives agit en faveur des \u00e9conomies d&#039;\u00e9nergie avec le d\u00e9ploiement du dispositif \u00e9co-citoyen de Voltalis sur son territoire\" \/>\n<meta name=\"robots\" content=\"index, follow, max-snippet:-1, max-image-preview:large, max-video-preview:-1\" \/>\n<link rel=\"canonical\" href=\"https:\/\/group.voltalis.com\/fr\/type-de-contenu\/communiques-de-presse\/la-ville-de-dordives-se-mobilise-en-faveur-de-la-transition-ecologique-et-soutient-le-deploiement-de-la-solution-deconomies-denergie-innovante-de-voltalis-5737\" \/>\n<meta property=\"og:locale\" content=\"fr_FR\" \/>\n<meta property=\"og:type\" content=\"article\" \/>\n<meta property=\"og:title\" content=\"Dordives, 1\u00e8re commune du Loiret \u00e0 soutenir la solution Voltalis\" \/>\n<meta property=\"og:description\" content=\"La ville de Dordives agit en faveur des \u00e9conomies d&#039;\u00e9nergie avec le d\u00e9ploiement du dispositif \u00e9co-citoyen de Voltalis sur son territoire\" \/>\n<meta property=\"og:url\" content=\"https:\/\/group.voltalis.com\/fr\/type-de-contenu\/communiques-de-presse\/la-ville-de-dordives-se-mobilise-en-faveur-de-la-transition-ecologique-et-soutient-le-deploiement-de-la-solution-deconomies-denergie-innovante-de-voltalis-5737\" \/>\n<meta property=\"og:site_name\" content=\"Groupe Voltalis\" \/>\n<meta property=\"article:publisher\" content=\"https:\/\/www.facebook.com\/pages\/category\/Product-Service\/Voltalis-178720392179068\/\" \/>\n<meta property=\"article:published_time\" content=\"2021-10-19T12:10:23+00:00\" \/>\n<meta property=\"article:modified_time\" content=\"2025-09-04T14:59:39+00:00\" \/>\n<meta property=\"og:image\" content=\"https:\/\/group.voltalis.com\/wp-content\/uploads\/2021\/10\/lake-g7766e18cb_640.jpg\" \/>\n\t<meta property=\"og:image:width\" content=\"640\" \/>\n\t<meta property=\"og:image:height\" content=\"480\" \/>\n\t<meta property=\"og:image:type\" content=\"image\/jpeg\" \/>\n<meta name=\"author\" content=\"admin\" \/>\n<meta name=\"twitter:card\" content=\"summary_large_image\" \/>\n<meta name=\"twitter:image\" content=\"https:\/\/group.voltalis.com\/wp-content\/uploads\/2021\/10\/lake-g7766e18cb_640.jpg\" \/>\n<meta name=\"twitter:label1\" content=\"\u00c9crit par\" \/>\n\t<meta name=\"twitter:data1\" content=\"admin\" \/>\n\t<meta name=\"twitter:label2\" content=\"Dur\u00e9e de lecture estim\u00e9e\" \/>\n\t<meta name=\"twitter:data2\" content=\"2 minutes\" \/>\n<script type=\"application\/ld+json\" class=\"yoast-schema-graph\">{\"@context\":\"https:\\\/\\\/schema.org\",\"@graph\":[{\"@type\":\"Article\",\"@id\":\"https:\\\/\\\/group.voltalis.com\\\/fr\\\/type-de-contenu\\\/communiques-de-presse\\\/la-ville-de-dordives-se-mobilise-en-faveur-de-la-transition-ecologique-et-soutient-le-deploiement-de-la-solution-deconomies-denergie-innovante-de-voltalis-5737#article\",\"isPartOf\":{\"@id\":\"https:\\\/\\\/group.voltalis.com\\\/fr\\\/type-de-contenu\\\/communiques-de-presse\\\/la-ville-de-dordives-se-mobilise-en-faveur-de-la-transition-ecologique-et-soutient-le-deploiement-de-la-solution-deconomies-denergie-innovante-de-voltalis-5737\"},\"author\":{\"name\":\"admin\",\"@id\":\"https:\\\/\\\/group.voltalis.com\\\/en\\\/#\\\/schema\\\/person\\\/cd75df70a442080ba333ff81754527b8\"},\"headline\":\"La ville de Dordives se mobilise en faveur de la transition \u00e9cologique et soutient le d\u00e9ploiement de la solution d&rsquo;\u00e9conomies d&rsquo;\u00e9nergie innovante de Voltalis\",\"datePublished\":\"2021-10-19T12:10:23+00:00\",\"dateModified\":\"2025-09-04T14:59:39+00:00\",\"mainEntityOfPage\":{\"@id\":\"https:\\\/\\\/group.voltalis.com\\\/fr\\\/type-de-contenu\\\/communiques-de-presse\\\/la-ville-de-dordives-se-mobilise-en-faveur-de-la-transition-ecologique-et-soutient-le-deploiement-de-la-solution-deconomies-denergie-innovante-de-voltalis-5737\"},\"wordCount\":470,\"commentCount\":0,\"articleSection\":[\"Collectivit\u00e9s\",\"Communiqu\u00e9s\"],\"inLanguage\":\"fr-FR\"},{\"@type\":\"WebPage\",\"@id\":\"https:\\\/\\\/group.voltalis.com\\\/fr\\\/type-de-contenu\\\/communiques-de-presse\\\/la-ville-de-dordives-se-mobilise-en-faveur-de-la-transition-ecologique-et-soutient-le-deploiement-de-la-solution-deconomies-denergie-innovante-de-voltalis-5737\",\"url\":\"https:\\\/\\\/group.voltalis.com\\\/fr\\\/type-de-contenu\\\/communiques-de-presse\\\/la-ville-de-dordives-se-mobilise-en-faveur-de-la-transition-ecologique-et-soutient-le-deploiement-de-la-solution-deconomies-denergie-innovante-de-voltalis-5737\",\"name\":\"Dordives, 1\u00e8re commune du Loiret \u00e0 soutenir la solution Voltalis\",\"isPartOf\":{\"@id\":\"https:\\\/\\\/group.voltalis.com\\\/en\\\/#website\"},\"datePublished\":\"2021-10-19T12:10:23+00:00\",\"dateModified\":\"2025-09-04T14:59:39+00:00\",\"author\":{\"@id\":\"https:\\\/\\\/group.voltalis.com\\\/en\\\/#\\\/schema\\\/person\\\/cd75df70a442080ba333ff81754527b8\"},\"description\":\"La ville de Dordives agit en faveur des \u00e9conomies d'\u00e9nergie avec le d\u00e9ploiement du dispositif \u00e9co-citoyen de Voltalis sur son territoire\",\"breadcrumb\":{\"@id\":\"https:\\\/\\\/group.voltalis.com\\\/fr\\\/type-de-contenu\\\/communiques-de-presse\\\/la-ville-de-dordives-se-mobilise-en-faveur-de-la-transition-ecologique-et-soutient-le-deploiement-de-la-solution-deconomies-denergie-innovante-de-voltalis-5737#breadcrumb\"},\"inLanguage\":\"fr-FR\",\"potentialAction\":[{\"@type\":\"ReadAction\",\"target\":[\"https:\\\/\\\/group.voltalis.com\\\/fr\\\/type-de-contenu\\\/communiques-de-presse\\\/la-ville-de-dordives-se-mobilise-en-faveur-de-la-transition-ecologique-et-soutient-le-deploiement-de-la-solution-deconomies-denergie-innovante-de-voltalis-5737\"]}]},{\"@type\":\"BreadcrumbList\",\"@id\":\"https:\\\/\\\/group.voltalis.com\\\/fr\\\/type-de-contenu\\\/communiques-de-presse\\\/la-ville-de-dordives-se-mobilise-en-faveur-de-la-transition-ecologique-et-soutient-le-deploiement-de-la-solution-deconomies-denergie-innovante-de-voltalis-5737#breadcrumb\",\"itemListElement\":[{\"@type\":\"ListItem\",\"position\":1,\"name\":\"Home\",\"item\":\"https:\\\/\\\/group.voltalis.com\\\/fr\"},{\"@type\":\"ListItem\",\"position\":2,\"name\":\"La ville de Dordives se mobilise en faveur de la transition \u00e9cologique et soutient le d\u00e9ploiement de la solution d&#8217;\u00e9conomies d&#8217;\u00e9nergie innovante de Voltalis\"}]},{\"@type\":\"WebSite\",\"@id\":\"https:\\\/\\\/group.voltalis.com\\\/en\\\/#website\",\"url\":\"https:\\\/\\\/group.voltalis.com\\\/en\\\/\",\"name\":\"Groupe Voltalis\",\"description\":\"Bien plus que des \u00e9conomies d&#039;\u00e9nergie\",\"potentialAction\":[{\"@type\":\"SearchAction\",\"target\":{\"@type\":\"EntryPoint\",\"urlTemplate\":\"https:\\\/\\\/group.voltalis.com\\\/en\\\/?s={search_term_string}\"},\"query-input\":{\"@type\":\"PropertyValueSpecification\",\"valueRequired\":true,\"valueName\":\"search_term_string\"}}],\"inLanguage\":\"fr-FR\"},{\"@type\":\"Person\",\"@id\":\"https:\\\/\\\/group.voltalis.com\\\/en\\\/#\\\/schema\\\/person\\\/cd75df70a442080ba333ff81754527b8\",\"name\":\"admin\",\"image\":{\"@type\":\"ImageObject\",\"inLanguage\":\"fr-FR\",\"@id\":\"https:\\\/\\\/secure.gravatar.com\\\/avatar\\\/d33819406c6fd656ae073a4bf8663fc5da17ca34c0a8d21882949b205ec67922?s=96&d=mm&r=g\",\"url\":\"https:\\\/\\\/secure.gravatar.com\\\/avatar\\\/d33819406c6fd656ae073a4bf8663fc5da17ca34c0a8d21882949b205ec67922?s=96&d=mm&r=g\",\"contentUrl\":\"https:\\\/\\\/secure.gravatar.com\\\/avatar\\\/d33819406c6fd656ae073a4bf8663fc5da17ca34c0a8d21882949b205ec67922?s=96&d=mm&r=g\",\"caption\":\"admin\"},\"sameAs\":[\"https:\\\/\\\/group.voltalis.com\"],\"url\":\"https:\\\/\\\/group.voltalis.com\\\/fr\\\/author\\\/admin\"}]}<\/script>\n<!-- \/ Yoast SEO plugin. -->","yoast_head_json":{"title":"Dordives, 1\u00e8re commune du Loiret \u00e0 soutenir la solution Voltalis","description":"La ville de Dordives agit en faveur des \u00e9conomies d'\u00e9nergie avec le d\u00e9ploiement du dispositif \u00e9co-citoyen de Voltalis sur son territoire","robots":{"index":"index","follow":"follow","max-snippet":"max-snippet:-1","max-image-preview":"max-image-preview:large","max-video-preview":"max-video-preview:-1"},"canonical":"https:\/\/group.voltalis.com\/fr\/type-de-contenu\/communiques-de-presse\/la-ville-de-dordives-se-mobilise-en-faveur-de-la-transition-ecologique-et-soutient-le-deploiement-de-la-solution-deconomies-denergie-innovante-de-voltalis-5737","og_locale":"fr_FR","og_type":"article","og_title":"Dordives, 1\u00e8re commune du Loiret \u00e0 soutenir la solution Voltalis","og_description":"La ville de Dordives agit en faveur des \u00e9conomies d'\u00e9nergie avec le d\u00e9ploiement du dispositif \u00e9co-citoyen de Voltalis sur son territoire","og_url":"https:\/\/group.voltalis.com\/fr\/type-de-contenu\/communiques-de-presse\/la-ville-de-dordives-se-mobilise-en-faveur-de-la-transition-ecologique-et-soutient-le-deploiement-de-la-solution-deconomies-denergie-innovante-de-voltalis-5737","og_site_name":"Groupe Voltalis","article_publisher":"https:\/\/www.facebook.com\/pages\/category\/Product-Service\/Voltalis-178720392179068\/","article_published_time":"2021-10-19T12:10:23+00:00","article_modified_time":"2025-09-04T14:59:39+00:00","og_image":[{"width":640,"height":480,"url":"https:\/\/group.voltalis.com\/wp-content\/uploads\/2021\/10\/lake-g7766e18cb_640.jpg","type":"image\/jpeg"}],"author":"admin","twitter_card":"summary_large_image","twitter_image":"https:\/\/group.voltalis.com\/wp-content\/uploads\/2021\/10\/lake-g7766e18cb_640.jpg","twitter_misc":{"\u00c9crit par":"admin","Dur\u00e9e de lecture estim\u00e9e":"2 minutes"},"schema":{"@context":"https:\/\/schema.org","@graph":[{"@type":"Article","@id":"https:\/\/group.voltalis.com\/fr\/type-de-contenu\/communiques-de-presse\/la-ville-de-dordives-se-mobilise-en-faveur-de-la-transition-ecologique-et-soutient-le-deploiement-de-la-solution-deconomies-denergie-innovante-de-voltalis-5737#article","isPartOf":{"@id":"https:\/\/group.voltalis.com\/fr\/type-de-contenu\/communiques-de-presse\/la-ville-de-dordives-se-mobilise-en-faveur-de-la-transition-ecologique-et-soutient-le-deploiement-de-la-solution-deconomies-denergie-innovante-de-voltalis-5737"},"author":{"name":"admin","@id":"https:\/\/group.voltalis.com\/en\/#\/schema\/person\/cd75df70a442080ba333ff81754527b8"},"headline":"La ville de Dordives se mobilise en faveur de la transition \u00e9cologique et soutient le d\u00e9ploiement de la solution d&rsquo;\u00e9conomies d&rsquo;\u00e9nergie innovante de Voltalis","datePublished":"2021-10-19T12:10:23+00:00","dateModified":"2025-09-04T14:59:39+00:00","mainEntityOfPage":{"@id":"https:\/\/group.voltalis.com\/fr\/type-de-contenu\/communiques-de-presse\/la-ville-de-dordives-se-mobilise-en-faveur-de-la-transition-ecologique-et-soutient-le-deploiement-de-la-solution-deconomies-denergie-innovante-de-voltalis-5737"},"wordCount":470,"commentCount":0,"articleSection":["Collectivit\u00e9s","Communiqu\u00e9s"],"inLanguage":"fr-FR"},{"@type":"WebPage","@id":"https:\/\/group.voltalis.com\/fr\/type-de-contenu\/communiques-de-presse\/la-ville-de-dordives-se-mobilise-en-faveur-de-la-transition-ecologique-et-soutient-le-deploiement-de-la-solution-deconomies-denergie-innovante-de-voltalis-5737","url":"https:\/\/group.voltalis.com\/fr\/type-de-contenu\/communiques-de-presse\/la-ville-de-dordives-se-mobilise-en-faveur-de-la-transition-ecologique-et-soutient-le-deploiement-de-la-solution-deconomies-denergie-innovante-de-voltalis-5737","name":"Dordives, 1\u00e8re commune du Loiret \u00e0 soutenir la solution Voltalis","isPartOf":{"@id":"https:\/\/group.voltalis.com\/en\/#website"},"datePublished":"2021-10-19T12:10:23+00:00","dateModified":"2025-09-04T14:59:39+00:00","author":{"@id":"https:\/\/group.voltalis.com\/en\/#\/schema\/person\/cd75df70a442080ba333ff81754527b8"},"description":"La ville de Dordives agit en faveur des \u00e9conomies d'\u00e9nergie avec le d\u00e9ploiement du dispositif \u00e9co-citoyen de Voltalis sur son territoire","breadcrumb":{"@id":"https:\/\/group.voltalis.com\/fr\/type-de-contenu\/communiques-de-presse\/la-ville-de-dordives-se-mobilise-en-faveur-de-la-transition-ecologique-et-soutient-le-deploiement-de-la-solution-deconomies-denergie-innovante-de-voltalis-5737#breadcrumb"},"inLanguage":"fr-FR","potentialAction":[{"@type":"ReadAction","target":["https:\/\/group.voltalis.com\/fr\/type-de-contenu\/communiques-de-presse\/la-ville-de-dordives-se-mobilise-en-faveur-de-la-transition-ecologique-et-soutient-le-deploiement-de-la-solution-deconomies-denergie-innovante-de-voltalis-5737"]}]},{"@type":"BreadcrumbList","@id":"https:\/\/group.voltalis.com\/fr\/type-de-contenu\/communiques-de-presse\/la-ville-de-dordives-se-mobilise-en-faveur-de-la-transition-ecologique-et-soutient-le-deploiement-de-la-solution-deconomies-denergie-innovante-de-voltalis-5737#breadcrumb","itemListElement":[{"@type":"ListItem","position":1,"name":"Home","item":"https:\/\/group.voltalis.com\/fr"},{"@type":"ListItem","position":2,"name":"La ville de Dordives se mobilise en faveur de la transition \u00e9cologique et soutient le d\u00e9ploiement de la solution d&#8217;\u00e9conomies d&#8217;\u00e9nergie innovante de Voltalis"}]},{"@type":"WebSite","@id":"https:\/\/group.voltalis.com\/en\/#website","url":"https:\/\/group.voltalis.com\/en\/","name":"Groupe Voltalis","description":"Bien plus que des \u00e9conomies d&#039;\u00e9nergie","potentialAction":[{"@type":"SearchAction","target":{"@type":"EntryPoint","urlTemplate":"https:\/\/group.voltalis.com\/en\/?s={search_term_string}"},"query-input":{"@type":"PropertyValueSpecification","valueRequired":true,"valueName":"search_term_string"}}],"inLanguage":"fr-FR"},{"@type":"Person","@id":"https:\/\/group.voltalis.com\/en\/#\/schema\/person\/cd75df70a442080ba333ff81754527b8","name":"admin","image":{"@type":"ImageObject","inLanguage":"fr-FR","@id":"https:\/\/secure.gravatar.com\/avatar\/d33819406c6fd656ae073a4bf8663fc5da17ca34c0a8d21882949b205ec67922?s=96&d=mm&r=g","url":"https:\/\/secure.gravatar.com\/avatar\/d33819406c6fd656ae073a4bf8663fc5da17ca34c0a8d21882949b205ec67922?s=96&d=mm&r=g","contentUrl":"https:\/\/secure.gravatar.com\/avatar\/d33819406c6fd656ae073a4bf8663fc5da17ca34c0a8d21882949b205ec67922?s=96&d=mm&r=g","caption":"admin"},"sameAs":["https:\/\/group.voltalis.com"],"url":"https:\/\/group.voltalis.com\/fr\/author\/admin"}]}},"_links":{"self":[{"href":"https:\/\/group.voltalis.com\/fr\/wp-json\/wp\/v2\/posts\/5737","targetHints":{"allow":["GET"]}}],"collection":[{"href":"https:\/\/group.voltalis.com\/fr\/wp-json\/wp\/v2\/posts"}],"about":[{"href":"https:\/\/group.voltalis.com\/fr\/wp-json\/wp\/v2\/types\/post"}],"author":[{"embeddable":true,"href":"https:\/\/group.voltalis.com\/fr\/wp-json\/wp\/v2\/users\/1"}],"replies":[{"embeddable":true,"href":"https:\/\/group.voltalis.com\/fr\/wp-json\/wp\/v2\/comments?post=5737"}],"version-history":[{"count":1,"href":"https:\/\/group.voltalis.com\/fr\/wp-json\/wp\/v2\/posts\/5737\/revisions"}],"predecessor-version":[{"id":10442,"href":"https:\/\/group.voltalis.com\/fr\/wp-json\/wp\/v2\/posts\/5737\/revisions\/10442"}],"wp:attachment":[{"href":"https:\/\/group.voltalis.com\/fr\/wp-json\/wp\/v2\/media?parent=5737"}],"wp:term":[{"taxonomy":"category","embeddable":true,"href":"https:\/\/group.voltalis.com\/fr\/wp-json\/wp\/v2\/categories?post=5737"},{"taxonomy":"post_tag","embeddable":true,"href":"https:\/\/group.voltalis.com\/fr\/wp-json\/wp\/v2\/tags?post=5737"}],"curies":[{"name":"wp","href":"https:\/\/api.w.org\/{rel}","templated":true}]}}