{"id":6029,"date":"2022-04-11T12:02:31","date_gmt":"2022-04-11T10:02:31","guid":{"rendered":"https:\/\/group.voltalis.com\/?p=6029"},"modified":"2025-09-04T15:21:10","modified_gmt":"2025-09-04T13:21:10","slug":"roannais-agglomeration-soutient-la-demarche-de-voltalis","status":"publish","type":"post","link":"https:\/\/group.voltalis.com\/fr\/type-de-contenu\/communiques-de-presse\/roannais-agglomeration-soutient-la-demarche-de-voltalis-6029","title":{"rendered":"Roannais Agglom\u00e9ration se mobilise et soutient la d\u00e9marche de Voltalis en vue d\u2019\u00e9quiper gratuitement les foyers chauff\u00e9s \u00e0 l\u2019\u00e9lectricit\u00e9 avec une solution innovante d\u2019\u00e9conomies d\u2019\u00e9nergie."},"content":{"rendered":"\n<h4 class=\"wp-block-heading\">Roanne, le 11 avril 2022&nbsp;<\/h4>\n\n\n\n<p><strong>La transition \u00e9cologique et \u00e9nerg\u00e9tique ainsi que la protection du pouvoir d\u2019achat de ses habitants font partie des priorit\u00e9s de Roannais Agglom\u00e9ration.<\/strong><\/p>\n\n\n\n<p>Engag\u00e9e dans une politique ambitieuse en faveur du d\u00e9veloppement durable et de la transition \u00e9nerg\u00e9tique,<strong> Roannais Agglom\u00e9ration a \u00e9t\u00e9 lab\u00e9lis\u00e9e \u00ab Territoire \u00e0 Energie Positive \u00bb d\u00e8s 2014. <\/strong>D\u2019ici 2050, l\u2019agglom\u00e9ration a notamment pour objectif de fortement d\u00e9velopper les \u00e9nergies renouvelables afin de produire localement 50% de l\u2019\u00e9nergie qu\u2019elle consomme. Elle met \u00e9galement en \u0153uvre des actions concr\u00e8tes de r\u00e9novation \u00e9nerg\u00e9tique, de r\u00e9duction des consommations et des \u00e9missions de gaz \u00e0 effet de serre sur le territoire.<\/p>\n\n\n\n<p>Dans ce cadre,<strong> Roannais Agglom\u00e9ration souhaite donner encore plus de moyens d\u2019actions \u00e0 ses habitants <\/strong>et soutient la d\u00e9marche de la soci\u00e9t\u00e9 fran\u00e7aise Voltalis&nbsp;:<strong> proposer aux 7 990 foyers du territoire chauff\u00e9s \u00e0 l\u2019\u00e9lectricit\u00e9 d\u2019\u00eatre \u00e9quip\u00e9s gratuitement d\u2019un bo\u00eetier connect\u00e9 de ma\u00eetrise et de r\u00e9duction de leur consommation \u00e9nerg\u00e9tique<\/strong>. Le d\u00e9ploiement d\u00e9butera le 11 avril \u00e0 Villerest, Roanne et Riorges puis sera \u00e9tendu aux autres communes de l\u2019agglom\u00e9ration.<\/p>\n\n\n\n<p><em>Plus que de nombreuses collectivit\u00e9s de son importance, Roannais Agglom\u00e9ration prend \u00e0 bras le corps la question du d\u00e9r\u00e8glement climatique. Depuis six ans, Roanne et sa communaut\u00e9 d\u2019agglom\u00e9ration font de la transition \u00e9nerg\u00e9tique leur priorit\u00e9. Une politique volontaire est men\u00e9e afin de r\u00e9duire les besoins \u00e9nerg\u00e9tiques du territoire roannais. Parce que la meilleure \u00e9nergie, c\u2019est celle que l\u2019on ne consomme pas.<\/em><br><strong>Yves Nicolin, pr\u00e9sident de Roannais Agglom\u00e9ration<\/strong><\/p>\n\n\n\n<p><em>Nous sommes fiers d\u2019accompagner Roannais Agglom\u00e9ration dans sa d\u00e9marche ambitieuse de d\u00e9veloppement durable. Au-del\u00e0 des b\u00e9n\u00e9fices directs pour les consommateurs, la solution Voltalis permet d\u2019agir concr\u00e8tement en faveur de la transition \u00e9nerg\u00e9tique et de la s\u00e9curit\u00e9 de l\u2019alimentation \u00e9lectrique de tous. <\/em><br><strong>Mathieu Bineau, Directeur G\u00e9n\u00e9ral de Voltalis<\/strong><\/p>\n\n\n\n<p><strong>Piloter son chauffage et mieux ma\u00eetriser sa consommation \u00e9lectrique<\/strong><\/p>\n\n\n\n<p>La solution Voltalis est <strong>100% gratuite et sans abonnement<\/strong> et \u00e9quipe d\u00e9j\u00e0 plus de 150&nbsp;000 logements en France et en Europe.<\/p>\n\n\n\n<ul class=\"wp-block-list\"><li>Elle repose sur un <strong>bo\u00eetier connect\u00e9 permettant de piloter intelligemment les radiateurs \u00e9lectriques<\/strong> (= 66 % de la consommation totale du foyer).<\/li><li>Les adh\u00e9rents b\u00e9n\u00e9ficient d\u2019un<strong> espace s\u00e9curis\u00e9 en ligne, \u00e9galement gratuit, pour suivre leur consommation, programmer leur chauffage \u00e9lectrique<\/strong> et ne chauffer que quand c\u2019est n\u00e9cessaire. Accessible sur ordinateur, smartphone et tablette (iOS et Android), cette application leur permet de devenir de v\u00e9ritables \u00ab <strong>consom\u2019acteurs<\/strong> \u00bb bien inform\u00e9s.<\/li><li>Face \u00e0 la hausse des prix de l\u2019\u00e9lectricit\u00e9, ce bo\u00eetier \u00e9cocitoyen permet ainsi de <strong>r\u00e9aliser des \u00e9conomies d\u2019\u00e9nergie,<\/strong> <strong>sans compromis de confort<\/strong> mais \u00e9galement de <strong>r\u00e9duire <\/strong>ses \u00e9missions de CO<sub>2<\/sub>.<\/li><\/ul>\n\n\n\n<p><strong>R\u00e9duire les \u00e9missions de CO<sub>2<\/sub> et participer \u00e0 la s\u00e9curit\u00e9 du r\u00e9seau \u00e9lectrique<\/strong><\/p>\n\n\n\n<p>L\u2019autre int\u00e9r\u00eat de Voltalis est de permettre aux foyers de <strong>participer activement \u00e0 la s\u00e9curit\u00e9 de l\u2019alimentation \u00e9lectrique de tous, <\/strong>dans le cadre d\u2019une d\u00e9marche solidaire.<\/p>\n\n\n\n<ul class=\"wp-block-list\"><li>En effet, lors des pics de consommations ou des baisses de production des \u00e9nergies renouvelables, <strong>le syst\u00e8me \u00e9lectrique risque un d\u00e9s\u00e9quilibre<\/strong>&nbsp;: pour compenser, il augmente la production \u00e9lectrique en faisant g\u00e9n\u00e9ralement <strong>appel \u00e0 des centrales d\u2019appoint, <\/strong>au charbon, au fioul ou au gaz.<\/li><li>A l\u2019inverse, Voltalis peut agir aux bons moments et en temps r\u00e9el pour <strong>r\u00e9duire tr\u00e8s bri\u00e8vement la consommation<\/strong> de milliers d\u2019appareils de chauffage, <strong>sans perte de confort pour les occupants<\/strong>.<\/li><li>Cette technologie permet de <strong>soulager le r\u00e9seau aux moments o\u00f9 il en a besoin <\/strong>et de <strong>r\u00e9duire les \u00e9missions de gaz \u00e0 effet de serre <\/strong>en limitant le recours aux centrales thermiques polluantes.<\/li><li>Ce sont ces services rendus au syst\u00e8me \u00e9lectrique et \u00e0 la collectivit\u00e9 qui permettent \u00e0 Voltalis de proposer sa solution gratuitement, \u00e9tant r\u00e9mun\u00e9r\u00e9e pour ces actions.<\/li><\/ul>\n\n\n\n<p><strong>Qui peut b\u00e9n\u00e9ficier de ce dispositif innovant et gratuit&nbsp;?<\/strong><\/p>\n\n\n\n<p><strong>Tous les habitants chauff\u00e9s \u00e0 l\u2019\u00e9lectricit\u00e9 du territoire<\/strong>, locataires comme propri\u00e9taires, peuvent b\u00e9n\u00e9ficier gratuitement de ce bo\u00eetier, install\u00e9 par un technicien professionnel agr\u00e9\u00e9 en 2h30 environ. Pour en profiter, il suffit de contacter Voltalis et convenir d\u2019un rendez-vous d\u2019installation par t\u00e9l\u00e9phone, au <strong>04 51 08 55 21<\/strong> (appel non surtax\u00e9, du lundi au samedi, 9h-18h) ou par courriel \u00e0 l\u2019adresse : <a href=\"mailto:roannaisagglo@voltalis.com\"><strong>roannaisagglo@voltalis.com<\/strong><\/a><strong><u><\/u><\/strong><\/p>\n\n\n\n<p><strong>Contacts presse&nbsp;:<\/strong><\/p>\n\n\n\n<ul class=\"wp-block-list\"><li><strong>Roannais Agglom\u00e9ration : <\/strong>C\u00e9line CHAUDAGNE-MARTINEZ \u2013 Attach\u00e9e de presse &#8211; 04 77 23 47 09<\/li><li><strong>Voltalis&nbsp;: <\/strong>Laura Le Bourdonnec &#8211; <a href=\"mailto:laura@lagencerp.com\">laura@lagencerp.com<\/a> &#8211; 07 63 18 60 15 ou &#8211; Raya Rizk &#8211; <a href=\"mailto:raya@lagencerp.com\">raya@lagencerp.com<\/a> &#8211; 07 85 15 22 40<\/li><\/ul>\n\n\n\n<p><strong><a href=\"https:\/\/group.voltalis.com\/wp-content\/uploads\/2022\/04\/Communique-de-presse-Partenariat-Voltalis-Roannais-Agglo-VF.pdf\" target=\"_blank\" rel=\"noreferrer noopener\">T\u00e9l\u00e9charger le communiqu\u00e9 de presse<\/a><\/strong><\/p>\n","protected":false},"excerpt":{"rendered":"<p>Roanne, le 11 avril 2022&nbsp; La transition \u00e9cologique et \u00e9nerg\u00e9tique ainsi que la protection du pouvoir d\u2019achat de ses habitants font partie des priorit\u00e9s de Roannais Agglom\u00e9ration. Engag\u00e9e dans une politique ambitieuse en faveur du d\u00e9veloppement durable et de la transition \u00e9nerg\u00e9tique, Roannais Agglom\u00e9ration a \u00e9t\u00e9 lab\u00e9lis\u00e9e \u00ab Territoire \u00e0 Energie Positive \u00bb d\u00e8s 2014. [&hellip;]<\/p>\n","protected":false},"author":1,"featured_media":0,"comment_status":"closed","ping_status":"closed","sticky":false,"template":"","format":"standard","meta":{"_acf_changed":false,"inline_featured_image":false,"footnotes":""},"categories":[199,3],"tags":[],"class_list":["post-6029","post","type-post","status-publish","format-standard","hentry","category-collectivites","category-communiques-de-presse"],"acf":[],"yoast_head":"<!-- This site is optimized with the Yoast SEO plugin v27.5 - https:\/\/yoast.com\/product\/yoast-seo-wordpress\/ -->\n<title>Roannais Agglom\u00e9ration soutient la d\u00e9marche de Voltalis<\/title>\n<meta name=\"description\" content=\"Ce partenariat entre Roannais Agglom\u00e9ration et Voltalis vise \u00e0 \u00e9quiper les 8 000 foyers au tout \u00e9lectrique d&#039;un bo\u00eetier d&#039;\u00e9conomies d&#039;\u00e9nergie innovant\" \/>\n<meta name=\"robots\" content=\"index, follow, max-snippet:-1, max-image-preview:large, max-video-preview:-1\" \/>\n<link rel=\"canonical\" href=\"https:\/\/group.voltalis.com\/fr\/type-de-contenu\/communiques-de-presse\/roannais-agglomeration-soutient-la-demarche-de-voltalis-6029\" \/>\n<meta property=\"og:locale\" content=\"fr_FR\" \/>\n<meta property=\"og:type\" content=\"article\" \/>\n<meta property=\"og:title\" content=\"Roannais Agglom\u00e9ration soutient la d\u00e9marche de Voltalis\" \/>\n<meta property=\"og:description\" content=\"Ce partenariat entre Roannais Agglom\u00e9ration et Voltalis vise \u00e0 \u00e9quiper les 8 000 foyers au tout \u00e9lectrique d&#039;un bo\u00eetier d&#039;\u00e9conomies d&#039;\u00e9nergie innovant\" \/>\n<meta property=\"og:url\" content=\"https:\/\/group.voltalis.com\/fr\/type-de-contenu\/communiques-de-presse\/roannais-agglomeration-soutient-la-demarche-de-voltalis-6029\" \/>\n<meta property=\"og:site_name\" content=\"Groupe Voltalis\" \/>\n<meta property=\"article:publisher\" content=\"https:\/\/www.facebook.com\/pages\/category\/Product-Service\/Voltalis-178720392179068\/\" \/>\n<meta property=\"article:published_time\" content=\"2022-04-11T10:02:31+00:00\" \/>\n<meta property=\"article:modified_time\" content=\"2025-09-04T13:21:10+00:00\" \/>\n<meta property=\"og:image\" content=\"https:\/\/group.voltalis.com\/wp-content\/uploads\/2022\/04\/max-zed-KvEF44L8AMo-unsplash-scaled.jpg\" \/>\n\t<meta property=\"og:image:width\" content=\"2560\" \/>\n\t<meta property=\"og:image:height\" content=\"1919\" \/>\n\t<meta property=\"og:image:type\" content=\"image\/jpeg\" \/>\n<meta name=\"author\" content=\"admin\" \/>\n<meta name=\"twitter:card\" content=\"summary_large_image\" \/>\n<meta name=\"twitter:image\" content=\"https:\/\/group.voltalis.com\/wp-content\/uploads\/2022\/04\/max-zed-KvEF44L8AMo-unsplash-scaled.jpg\" \/>\n<meta name=\"twitter:label1\" content=\"\u00c9crit par\" \/>\n\t<meta name=\"twitter:data1\" content=\"admin\" \/>\n\t<meta name=\"twitter:label2\" content=\"Dur\u00e9e de lecture estim\u00e9e\" \/>\n\t<meta name=\"twitter:data2\" content=\"4 minutes\" \/>\n<script type=\"application\/ld+json\" class=\"yoast-schema-graph\">{\"@context\":\"https:\\\/\\\/schema.org\",\"@graph\":[{\"@type\":\"Article\",\"@id\":\"https:\\\/\\\/group.voltalis.com\\\/fr\\\/type-de-contenu\\\/communiques-de-presse\\\/roannais-agglomeration-soutient-la-demarche-de-voltalis-6029#article\",\"isPartOf\":{\"@id\":\"https:\\\/\\\/group.voltalis.com\\\/fr\\\/type-de-contenu\\\/communiques-de-presse\\\/roannais-agglomeration-soutient-la-demarche-de-voltalis-6029\"},\"author\":{\"name\":\"admin\",\"@id\":\"https:\\\/\\\/group.voltalis.com\\\/en\\\/#\\\/schema\\\/person\\\/cd75df70a442080ba333ff81754527b8\"},\"headline\":\"Roannais Agglom\u00e9ration se mobilise et soutient la d\u00e9marche de Voltalis en vue d\u2019\u00e9quiper gratuitement les foyers chauff\u00e9s \u00e0 l\u2019\u00e9lectricit\u00e9 avec une solution innovante d\u2019\u00e9conomies d\u2019\u00e9nergie.\",\"datePublished\":\"2022-04-11T10:02:31+00:00\",\"dateModified\":\"2025-09-04T13:21:10+00:00\",\"mainEntityOfPage\":{\"@id\":\"https:\\\/\\\/group.voltalis.com\\\/fr\\\/type-de-contenu\\\/communiques-de-presse\\\/roannais-agglomeration-soutient-la-demarche-de-voltalis-6029\"},\"wordCount\":823,\"articleSection\":[\"Collectivit\u00e9s\",\"Communiqu\u00e9s\"],\"inLanguage\":\"fr-FR\"},{\"@type\":\"WebPage\",\"@id\":\"https:\\\/\\\/group.voltalis.com\\\/fr\\\/type-de-contenu\\\/communiques-de-presse\\\/roannais-agglomeration-soutient-la-demarche-de-voltalis-6029\",\"url\":\"https:\\\/\\\/group.voltalis.com\\\/fr\\\/type-de-contenu\\\/communiques-de-presse\\\/roannais-agglomeration-soutient-la-demarche-de-voltalis-6029\",\"name\":\"Roannais Agglom\u00e9ration soutient la d\u00e9marche de Voltalis\",\"isPartOf\":{\"@id\":\"https:\\\/\\\/group.voltalis.com\\\/en\\\/#website\"},\"datePublished\":\"2022-04-11T10:02:31+00:00\",\"dateModified\":\"2025-09-04T13:21:10+00:00\",\"author\":{\"@id\":\"https:\\\/\\\/group.voltalis.com\\\/en\\\/#\\\/schema\\\/person\\\/cd75df70a442080ba333ff81754527b8\"},\"description\":\"Ce partenariat entre Roannais Agglom\u00e9ration et Voltalis vise \u00e0 \u00e9quiper les 8 000 foyers au tout \u00e9lectrique d'un bo\u00eetier d'\u00e9conomies d'\u00e9nergie innovant\",\"breadcrumb\":{\"@id\":\"https:\\\/\\\/group.voltalis.com\\\/fr\\\/type-de-contenu\\\/communiques-de-presse\\\/roannais-agglomeration-soutient-la-demarche-de-voltalis-6029#breadcrumb\"},\"inLanguage\":\"fr-FR\",\"potentialAction\":[{\"@type\":\"ReadAction\",\"target\":[\"https:\\\/\\\/group.voltalis.com\\\/fr\\\/type-de-contenu\\\/communiques-de-presse\\\/roannais-agglomeration-soutient-la-demarche-de-voltalis-6029\"]}]},{\"@type\":\"BreadcrumbList\",\"@id\":\"https:\\\/\\\/group.voltalis.com\\\/fr\\\/type-de-contenu\\\/communiques-de-presse\\\/roannais-agglomeration-soutient-la-demarche-de-voltalis-6029#breadcrumb\",\"itemListElement\":[{\"@type\":\"ListItem\",\"position\":1,\"name\":\"Home\",\"item\":\"https:\\\/\\\/group.voltalis.com\\\/fr\"},{\"@type\":\"ListItem\",\"position\":2,\"name\":\"Roannais Agglom\u00e9ration se mobilise et soutient la d\u00e9marche de Voltalis en vue d\u2019\u00e9quiper gratuitement les foyers chauff\u00e9s \u00e0 l\u2019\u00e9lectricit\u00e9 avec une solution innovante d\u2019\u00e9conomies d\u2019\u00e9nergie.\"}]},{\"@type\":\"WebSite\",\"@id\":\"https:\\\/\\\/group.voltalis.com\\\/en\\\/#website\",\"url\":\"https:\\\/\\\/group.voltalis.com\\\/en\\\/\",\"name\":\"Groupe Voltalis\",\"description\":\"Bien plus que des \u00e9conomies d&#039;\u00e9nergie\",\"potentialAction\":[{\"@type\":\"SearchAction\",\"target\":{\"@type\":\"EntryPoint\",\"urlTemplate\":\"https:\\\/\\\/group.voltalis.com\\\/en\\\/?s={search_term_string}\"},\"query-input\":{\"@type\":\"PropertyValueSpecification\",\"valueRequired\":true,\"valueName\":\"search_term_string\"}}],\"inLanguage\":\"fr-FR\"},{\"@type\":\"Person\",\"@id\":\"https:\\\/\\\/group.voltalis.com\\\/en\\\/#\\\/schema\\\/person\\\/cd75df70a442080ba333ff81754527b8\",\"name\":\"admin\",\"image\":{\"@type\":\"ImageObject\",\"inLanguage\":\"fr-FR\",\"@id\":\"https:\\\/\\\/secure.gravatar.com\\\/avatar\\\/d33819406c6fd656ae073a4bf8663fc5da17ca34c0a8d21882949b205ec67922?s=96&d=mm&r=g\",\"url\":\"https:\\\/\\\/secure.gravatar.com\\\/avatar\\\/d33819406c6fd656ae073a4bf8663fc5da17ca34c0a8d21882949b205ec67922?s=96&d=mm&r=g\",\"contentUrl\":\"https:\\\/\\\/secure.gravatar.com\\\/avatar\\\/d33819406c6fd656ae073a4bf8663fc5da17ca34c0a8d21882949b205ec67922?s=96&d=mm&r=g\",\"caption\":\"admin\"},\"sameAs\":[\"https:\\\/\\\/group.voltalis.com\"],\"url\":\"https:\\\/\\\/group.voltalis.com\\\/fr\\\/author\\\/admin\"}]}<\/script>\n<!-- \/ Yoast SEO plugin. -->","yoast_head_json":{"title":"Roannais Agglom\u00e9ration soutient la d\u00e9marche de Voltalis","description":"Ce partenariat entre Roannais Agglom\u00e9ration et Voltalis vise \u00e0 \u00e9quiper les 8 000 foyers au tout \u00e9lectrique d'un bo\u00eetier d'\u00e9conomies d'\u00e9nergie innovant","robots":{"index":"index","follow":"follow","max-snippet":"max-snippet:-1","max-image-preview":"max-image-preview:large","max-video-preview":"max-video-preview:-1"},"canonical":"https:\/\/group.voltalis.com\/fr\/type-de-contenu\/communiques-de-presse\/roannais-agglomeration-soutient-la-demarche-de-voltalis-6029","og_locale":"fr_FR","og_type":"article","og_title":"Roannais Agglom\u00e9ration soutient la d\u00e9marche de Voltalis","og_description":"Ce partenariat entre Roannais Agglom\u00e9ration et Voltalis vise \u00e0 \u00e9quiper les 8 000 foyers au tout \u00e9lectrique d'un bo\u00eetier d'\u00e9conomies d'\u00e9nergie innovant","og_url":"https:\/\/group.voltalis.com\/fr\/type-de-contenu\/communiques-de-presse\/roannais-agglomeration-soutient-la-demarche-de-voltalis-6029","og_site_name":"Groupe Voltalis","article_publisher":"https:\/\/www.facebook.com\/pages\/category\/Product-Service\/Voltalis-178720392179068\/","article_published_time":"2022-04-11T10:02:31+00:00","article_modified_time":"2025-09-04T13:21:10+00:00","og_image":[{"width":2560,"height":1919,"url":"https:\/\/group.voltalis.com\/wp-content\/uploads\/2022\/04\/max-zed-KvEF44L8AMo-unsplash-scaled.jpg","type":"image\/jpeg"}],"author":"admin","twitter_card":"summary_large_image","twitter_image":"https:\/\/group.voltalis.com\/wp-content\/uploads\/2022\/04\/max-zed-KvEF44L8AMo-unsplash-scaled.jpg","twitter_misc":{"\u00c9crit par":"admin","Dur\u00e9e de lecture estim\u00e9e":"4 minutes"},"schema":{"@context":"https:\/\/schema.org","@graph":[{"@type":"Article","@id":"https:\/\/group.voltalis.com\/fr\/type-de-contenu\/communiques-de-presse\/roannais-agglomeration-soutient-la-demarche-de-voltalis-6029#article","isPartOf":{"@id":"https:\/\/group.voltalis.com\/fr\/type-de-contenu\/communiques-de-presse\/roannais-agglomeration-soutient-la-demarche-de-voltalis-6029"},"author":{"name":"admin","@id":"https:\/\/group.voltalis.com\/en\/#\/schema\/person\/cd75df70a442080ba333ff81754527b8"},"headline":"Roannais Agglom\u00e9ration se mobilise et soutient la d\u00e9marche de Voltalis en vue d\u2019\u00e9quiper gratuitement les foyers chauff\u00e9s \u00e0 l\u2019\u00e9lectricit\u00e9 avec une solution innovante d\u2019\u00e9conomies d\u2019\u00e9nergie.","datePublished":"2022-04-11T10:02:31+00:00","dateModified":"2025-09-04T13:21:10+00:00","mainEntityOfPage":{"@id":"https:\/\/group.voltalis.com\/fr\/type-de-contenu\/communiques-de-presse\/roannais-agglomeration-soutient-la-demarche-de-voltalis-6029"},"wordCount":823,"articleSection":["Collectivit\u00e9s","Communiqu\u00e9s"],"inLanguage":"fr-FR"},{"@type":"WebPage","@id":"https:\/\/group.voltalis.com\/fr\/type-de-contenu\/communiques-de-presse\/roannais-agglomeration-soutient-la-demarche-de-voltalis-6029","url":"https:\/\/group.voltalis.com\/fr\/type-de-contenu\/communiques-de-presse\/roannais-agglomeration-soutient-la-demarche-de-voltalis-6029","name":"Roannais Agglom\u00e9ration soutient la d\u00e9marche de Voltalis","isPartOf":{"@id":"https:\/\/group.voltalis.com\/en\/#website"},"datePublished":"2022-04-11T10:02:31+00:00","dateModified":"2025-09-04T13:21:10+00:00","author":{"@id":"https:\/\/group.voltalis.com\/en\/#\/schema\/person\/cd75df70a442080ba333ff81754527b8"},"description":"Ce partenariat entre Roannais Agglom\u00e9ration et Voltalis vise \u00e0 \u00e9quiper les 8 000 foyers au tout \u00e9lectrique d'un bo\u00eetier d'\u00e9conomies d'\u00e9nergie innovant","breadcrumb":{"@id":"https:\/\/group.voltalis.com\/fr\/type-de-contenu\/communiques-de-presse\/roannais-agglomeration-soutient-la-demarche-de-voltalis-6029#breadcrumb"},"inLanguage":"fr-FR","potentialAction":[{"@type":"ReadAction","target":["https:\/\/group.voltalis.com\/fr\/type-de-contenu\/communiques-de-presse\/roannais-agglomeration-soutient-la-demarche-de-voltalis-6029"]}]},{"@type":"BreadcrumbList","@id":"https:\/\/group.voltalis.com\/fr\/type-de-contenu\/communiques-de-presse\/roannais-agglomeration-soutient-la-demarche-de-voltalis-6029#breadcrumb","itemListElement":[{"@type":"ListItem","position":1,"name":"Home","item":"https:\/\/group.voltalis.com\/fr"},{"@type":"ListItem","position":2,"name":"Roannais Agglom\u00e9ration se mobilise et soutient la d\u00e9marche de Voltalis en vue d\u2019\u00e9quiper gratuitement les foyers chauff\u00e9s \u00e0 l\u2019\u00e9lectricit\u00e9 avec une solution innovante d\u2019\u00e9conomies d\u2019\u00e9nergie."}]},{"@type":"WebSite","@id":"https:\/\/group.voltalis.com\/en\/#website","url":"https:\/\/group.voltalis.com\/en\/","name":"Groupe Voltalis","description":"Bien plus que des \u00e9conomies d&#039;\u00e9nergie","potentialAction":[{"@type":"SearchAction","target":{"@type":"EntryPoint","urlTemplate":"https:\/\/group.voltalis.com\/en\/?s={search_term_string}"},"query-input":{"@type":"PropertyValueSpecification","valueRequired":true,"valueName":"search_term_string"}}],"inLanguage":"fr-FR"},{"@type":"Person","@id":"https:\/\/group.voltalis.com\/en\/#\/schema\/person\/cd75df70a442080ba333ff81754527b8","name":"admin","image":{"@type":"ImageObject","inLanguage":"fr-FR","@id":"https:\/\/secure.gravatar.com\/avatar\/d33819406c6fd656ae073a4bf8663fc5da17ca34c0a8d21882949b205ec67922?s=96&d=mm&r=g","url":"https:\/\/secure.gravatar.com\/avatar\/d33819406c6fd656ae073a4bf8663fc5da17ca34c0a8d21882949b205ec67922?s=96&d=mm&r=g","contentUrl":"https:\/\/secure.gravatar.com\/avatar\/d33819406c6fd656ae073a4bf8663fc5da17ca34c0a8d21882949b205ec67922?s=96&d=mm&r=g","caption":"admin"},"sameAs":["https:\/\/group.voltalis.com"],"url":"https:\/\/group.voltalis.com\/fr\/author\/admin"}]}},"_links":{"self":[{"href":"https:\/\/group.voltalis.com\/fr\/wp-json\/wp\/v2\/posts\/6029","targetHints":{"allow":["GET"]}}],"collection":[{"href":"https:\/\/group.voltalis.com\/fr\/wp-json\/wp\/v2\/posts"}],"about":[{"href":"https:\/\/group.voltalis.com\/fr\/wp-json\/wp\/v2\/types\/post"}],"author":[{"embeddable":true,"href":"https:\/\/group.voltalis.com\/fr\/wp-json\/wp\/v2\/users\/1"}],"replies":[{"embeddable":true,"href":"https:\/\/group.voltalis.com\/fr\/wp-json\/wp\/v2\/comments?post=6029"}],"version-history":[{"count":1,"href":"https:\/\/group.voltalis.com\/fr\/wp-json\/wp\/v2\/posts\/6029\/revisions"}],"predecessor-version":[{"id":10380,"href":"https:\/\/group.voltalis.com\/fr\/wp-json\/wp\/v2\/posts\/6029\/revisions\/10380"}],"wp:attachment":[{"href":"https:\/\/group.voltalis.com\/fr\/wp-json\/wp\/v2\/media?parent=6029"}],"wp:term":[{"taxonomy":"category","embeddable":true,"href":"https:\/\/group.voltalis.com\/fr\/wp-json\/wp\/v2\/categories?post=6029"},{"taxonomy":"post_tag","embeddable":true,"href":"https:\/\/group.voltalis.com\/fr\/wp-json\/wp\/v2\/tags?post=6029"}],"curies":[{"name":"wp","href":"https:\/\/api.w.org\/{rel}","templated":true}]}}