{"id":6128,"date":"2022-07-05T10:10:32","date_gmt":"2022-07-05T08:10:32","guid":{"rendered":"https:\/\/group.voltalis.com\/?p=6128"},"modified":"2025-09-04T16:29:33","modified_gmt":"2025-09-04T14:29:33","slug":"bouygues-telecom-et-voltalis-ensemble-pour-la-securite-du-reseau-electrique","status":"publish","type":"post","link":"https:\/\/group.voltalis.com\/fr\/type-de-contenu\/communiques-de-presse\/bouygues-telecom-et-voltalis-ensemble-pour-la-securite-du-reseau-electrique-6128","title":{"rendered":"Bouygues Telecom et Voltalis ensemble pour la s\u00e9curit\u00e9 du r\u00e9seau \u00e9lectrique"},"content":{"rendered":"\n<p><strong>Paris, 5 juillet 2022 \u2013 Bouygues Telecom, \u00e0 travers sa filiale Objenious d\u00e9di\u00e9e \u00e0 l\u2019IoT, accompagne Voltalis, leader europ\u00e9en du pilotage intelligent de la consommation \u00e9lectrique chez les particuliers, dans l\u2019acc\u00e9l\u00e9ration du d\u00e9ploiement de sa solution, qui \u00e9quipera 200 000 logements d\u00e8s l\u2019hiver prochain et contribuera \u00e0 r\u00e9duire les pointes de consommation d\u2019\u00e9lectricit\u00e9. <\/strong><strong><\/strong><\/p>\n\n\n\n<p>Face au risque tr\u00e8s \u00e9lev\u00e9 de manque de production d\u2019\u00e9lectricit\u00e9 d\u00e8s l\u2019hiver prochain, l\u2019\u00c9tat, RTE et les grands \u00e9nerg\u00e9ticiens appellent les Fran\u00e7ais \u00e0 r\u00e9aliser des \u00e9conomies d\u2019\u00e9nergie d\u00e8s maintenant. Voltalis r\u00e9pond directement \u00e0 cet enjeu en \u00e9quipant gratuitement les particuliers chauff\u00e9s \u00e9lectriquement d\u2019un dispositif leur permettant de faire des \u00e9conomies d\u2019\u00e9nergie aux moments les plus utiles au syst\u00e8me \u00e9lectrique, notamment lors des pointes de consommation. Ce dispositif est connect\u00e9 gr\u00e2ce aux cartes Sim Objenious, rendant l\u2019utilisation compl\u00e8tement transparente pour les utilisateurs.<\/p>\n\n\n\n<p>Cette solution a donc un triple int\u00e9r\u00eat : permettre aux particuliers \u00e9quip\u00e9s de ma\u00eetriser leur facture d\u2019\u00e9lectricit\u00e9, participer \u00e0 la s\u00e9curit\u00e9 du syst\u00e8me \u00e9lectrique fran\u00e7ais en lui apportant plus de flexibilit\u00e9, et limiter les \u00e9missions de CO<sub>2<\/sub> en limitant le recours aux centrales thermiques au charbon, au gaz ou au fioul.<\/p>\n\n\n\n<p>Elle est \u00e9galement rapide \u00e0 d\u00e9ployer&nbsp;: aussi, pour r\u00e9pondre \u00e0 l\u2019appel \u00e0 mobilisation des pouvoirs publics et aider \u00e0 s\u00e9curiser le r\u00e9seau \u00e9lectrique qui sera sous forte tension les hivers prochains du fait des crises actuelles, Voltalis, avec l\u2019appui d\u2019Objenious, acc\u00e9l\u00e8re le d\u00e9ploiement de sa solution, que peuvent adopter sans frais, les neuf millions de foyers au chauffage \u00e9lectrique en France.<\/p>\n\n\n\n<p>\u201c<em>Nous sommes<\/em> <em>tr\u00e8s fiers d\u2019avoir \u00e9tabli ce partenariat et soutenu Voltalis d\u00e8s ses d\u00e9buts. Cette collaboration nous permet de participer au<\/em><em>x enjeux du pilotage intelligent de la consommation d\u2019\u00e9nergie. Voltalis incarne parfaitement le futur de l\u2019IoT, qui est en train de devenir un outil d\u2019optimisation dans le monde de l\u2019\u00e9nergie, indispensable dans le contexte actuel notamment pour accompagner les efforts collectifs en mati\u00e8re d&rsquo;optimisation \u00e9nerg\u00e9tique&nbsp;\u00bb <\/em>explique <strong>Bernardo Cabrera, directeur de la BU Objenious<\/strong>.<\/p>\n\n\n\n<p><strong>L\u2019IoT au service des \u00e9conomies d\u2019\u00e9nergies<\/strong><\/p>\n\n\n\n<p>Pour connecter ses boitiers, Voltalis b\u00e9n\u00e9fice des reseaux 4G et LTE-M. Le LTE-M, extension du r\u00e9seau 4G, est un protocole p\u00e9renne caract\u00e9ris\u00e9 par une faible latence, une s\u00e9curit\u00e9 accrue mais surtout par une faible consommation d\u2019\u00e9nergie. Adapt\u00e9 aux applications IoT \u00e0 faible bande passante, il permet aux objets connect\u00e9s de profiter d\u2019une grande autonomie, d\u2019en moyenne dix ans, ce qui facilite le processus de maintenance et de remplacement du mat\u00e9riel.<\/p>\n\n\n\n<p>Objenious a partag\u00e9 son expertise avec Voltalis en proposant ses r\u00e9seaux IoT ainsi que des cartes SIM M2M soud\u00e9es, activ\u00e9es au fil des installations chez les utilisateurs. \u201c<em>En tant qu\u2019acteur IoT, Objenious a pour volont\u00e9 de proposer \u00e0 ses clients des services adapt\u00e9s aux \u00e9volutions technologiques du march\u00e9\u201d<\/em> pr\u00e9cise <strong>Bernardo Cabrera<\/strong>. \u201c<em>Nous avons toujours cherch\u00e9 \u00e0 r\u00e9pondre aux besoins de Voltalis afin de leur apporter la souplesse et les outils n\u00e9cessaire dans leur activit\u00e9.<\/em> \u201d Voltalis, visionnaire du march\u00e9 de l\u2019\u00e9nergie anticipait d\u00e9j\u00e0 en 2006 le tournant \u00e9nerg\u00e9tique. Mathieu Bineau, Directeur G\u00e9n\u00e9ral de Voltalis t\u00e9moigne : \u201c<em>Nous sommes ravis de ce partenariat avec Objenious qui dure depuis plus de 15 ans. Il nous permet d\u2019acc\u00e9l\u00e9rer aujourd\u2019hui le d\u00e9ploiement de notre solution dans les foyers fran\u00e7ais, au profit de la sobri\u00e9t\u00e9 \u00e9nerg\u00e9tique et de la s\u00e9curit\u00e9 de notre approvisionnement \u00e0 tous. <\/em>C<em>\u2019est une relation de confiance de longue date, et l&rsquo;objectif est d\u2019ailleurs de tripler le nombre de cartes SIM d\u2019ici 2 ans&nbsp;\u00bb.<\/em><\/p>\n\n\n\n<p><strong>Contacts Presse<\/strong><\/p>\n\n\n\n<p><strong>Agence LEWIS &#8211; <\/strong>Marion Bosserelle &amp; C\u00e9cile Buchs Chanu \u2013 T\u00e9l.&nbsp;: 07 84 28 98 35 \/ 06 70 12 94 12 &#8211; <a href=\"mailto:objenious@teamlewis.com\">objenious@teamlewis.com<\/a><\/p>\n\n\n\n<p><strong>Pour Voltalis :<\/strong> Raya Rizk et Camille Techer &#8211; T\u00e9l. : 07 63 18 60 15 &#8211; <a href=\"mailto:voltalis@lagencerp.com\" target=\"_blank\" rel=\"noreferrer noopener\">voltalis@lagencerp.com<\/a> &nbsp;<\/p>\n\n\n\n<p><strong><a href=\"https:\/\/group.voltalis.com\/wp-content\/uploads\/2022\/07\/Communique\u0301-Objenious-Voltalis-VF.pdf\">T\u00e9l\u00e9charger le <\/a><a href=\"https:\/\/group.voltalis.com\/wp-content\/uploads\/2022\/07\/Communique\u0301-Objenious-Voltalis-VF.pdf\" target=\"_blank\" rel=\"noreferrer noopener\">communiqu\u00e9 <\/a><a href=\"https:\/\/group.voltalis.com\/wp-content\/uploads\/2022\/07\/Communique\u0301-Objenious-Voltalis-VF.pdf\">de presse<\/a><\/strong><\/p>\n","protected":false},"excerpt":{"rendered":"<p>Paris, 5 juillet 2022 \u2013 Bouygues Telecom, \u00e0 travers sa filiale Objenious d\u00e9di\u00e9e \u00e0 l\u2019IoT, accompagne Voltalis, leader europ\u00e9en du pilotage intelligent de la consommation \u00e9lectrique chez les particuliers, dans l\u2019acc\u00e9l\u00e9ration du d\u00e9ploiement de sa solution, qui \u00e9quipera 200 000 logements d\u00e8s l\u2019hiver prochain et contribuera \u00e0 r\u00e9duire les pointes de consommation d\u2019\u00e9lectricit\u00e9. Face au [&hellip;]<\/p>\n","protected":false},"author":1,"featured_media":0,"comment_status":"open","ping_status":"closed","sticky":false,"template":"","format":"standard","meta":{"_acf_changed":false,"inline_featured_image":false,"footnotes":""},"categories":[200,3],"tags":[],"class_list":["post-6128","post","type-post","status-publish","format-standard","hentry","category-entreprise","category-communiques-de-presse"],"acf":[],"yoast_head":"<!-- This site is optimized with the Yoast SEO plugin v27.5 - https:\/\/yoast.com\/product\/yoast-seo-wordpress\/ -->\n<title>Bouygues Telecom et Voltalis ensemble pour la s\u00e9curit\u00e9 du r\u00e9seau \u00e9lectrique<\/title>\n<meta name=\"description\" content=\"Objenious et Voltalis mettent leurs technologies au service de la s\u00e9curit\u00e9 de l\u2019approvisionnement \u00e9lectrique et de la transition \u00e9cologique.\" \/>\n<meta name=\"robots\" content=\"index, follow, max-snippet:-1, max-image-preview:large, max-video-preview:-1\" \/>\n<link rel=\"canonical\" href=\"https:\/\/group.voltalis.com\/fr\/type-de-contenu\/communiques-de-presse\/bouygues-telecom-et-voltalis-ensemble-pour-la-securite-du-reseau-electrique-6128\" \/>\n<meta property=\"og:locale\" content=\"fr_FR\" \/>\n<meta property=\"og:type\" content=\"article\" \/>\n<meta property=\"og:title\" content=\"Bouygues Telecom et Voltalis ensemble pour la s\u00e9curit\u00e9 du r\u00e9seau \u00e9lectrique\" \/>\n<meta property=\"og:description\" content=\"Objenious et Voltalis mettent leurs technologies au service de la s\u00e9curit\u00e9 de l\u2019approvisionnement \u00e9lectrique et de la transition \u00e9cologique.\" \/>\n<meta property=\"og:url\" content=\"https:\/\/group.voltalis.com\/fr\/type-de-contenu\/communiques-de-presse\/bouygues-telecom-et-voltalis-ensemble-pour-la-securite-du-reseau-electrique-6128\" \/>\n<meta property=\"og:site_name\" content=\"Groupe Voltalis\" \/>\n<meta property=\"article:publisher\" content=\"https:\/\/www.facebook.com\/pages\/category\/Product-Service\/Voltalis-178720392179068\/\" \/>\n<meta property=\"article:published_time\" content=\"2022-07-05T08:10:32+00:00\" \/>\n<meta property=\"article:modified_time\" content=\"2025-09-04T14:29:33+00:00\" \/>\n<meta name=\"author\" content=\"admin\" \/>\n<meta name=\"twitter:card\" content=\"summary_large_image\" \/>\n<meta name=\"twitter:label1\" content=\"\u00c9crit par\" \/>\n\t<meta name=\"twitter:data1\" content=\"admin\" \/>\n\t<meta name=\"twitter:label2\" content=\"Dur\u00e9e de lecture estim\u00e9e\" \/>\n\t<meta name=\"twitter:data2\" content=\"3 minutes\" \/>\n<script type=\"application\/ld+json\" class=\"yoast-schema-graph\">{\"@context\":\"https:\\\/\\\/schema.org\",\"@graph\":[{\"@type\":\"Article\",\"@id\":\"https:\\\/\\\/group.voltalis.com\\\/fr\\\/type-de-contenu\\\/communiques-de-presse\\\/bouygues-telecom-et-voltalis-ensemble-pour-la-securite-du-reseau-electrique-6128#article\",\"isPartOf\":{\"@id\":\"https:\\\/\\\/group.voltalis.com\\\/fr\\\/type-de-contenu\\\/communiques-de-presse\\\/bouygues-telecom-et-voltalis-ensemble-pour-la-securite-du-reseau-electrique-6128\"},\"author\":{\"name\":\"admin\",\"@id\":\"https:\\\/\\\/group.voltalis.com\\\/en\\\/#\\\/schema\\\/person\\\/cd75df70a442080ba333ff81754527b8\"},\"headline\":\"Bouygues Telecom et Voltalis ensemble pour la s\u00e9curit\u00e9 du r\u00e9seau \u00e9lectrique\",\"datePublished\":\"2022-07-05T08:10:32+00:00\",\"dateModified\":\"2025-09-04T14:29:33+00:00\",\"mainEntityOfPage\":{\"@id\":\"https:\\\/\\\/group.voltalis.com\\\/fr\\\/type-de-contenu\\\/communiques-de-presse\\\/bouygues-telecom-et-voltalis-ensemble-pour-la-securite-du-reseau-electrique-6128\"},\"wordCount\":688,\"commentCount\":0,\"articleSection\":[\"Entreprise\",\"Communiqu\u00e9s\"],\"inLanguage\":\"fr-FR\"},{\"@type\":\"WebPage\",\"@id\":\"https:\\\/\\\/group.voltalis.com\\\/fr\\\/type-de-contenu\\\/communiques-de-presse\\\/bouygues-telecom-et-voltalis-ensemble-pour-la-securite-du-reseau-electrique-6128\",\"url\":\"https:\\\/\\\/group.voltalis.com\\\/fr\\\/type-de-contenu\\\/communiques-de-presse\\\/bouygues-telecom-et-voltalis-ensemble-pour-la-securite-du-reseau-electrique-6128\",\"name\":\"Bouygues Telecom et Voltalis ensemble pour la s\u00e9curit\u00e9 du r\u00e9seau \u00e9lectrique\",\"isPartOf\":{\"@id\":\"https:\\\/\\\/group.voltalis.com\\\/en\\\/#website\"},\"datePublished\":\"2022-07-05T08:10:32+00:00\",\"dateModified\":\"2025-09-04T14:29:33+00:00\",\"author\":{\"@id\":\"https:\\\/\\\/group.voltalis.com\\\/en\\\/#\\\/schema\\\/person\\\/cd75df70a442080ba333ff81754527b8\"},\"description\":\"Objenious et Voltalis mettent leurs technologies au service de la s\u00e9curit\u00e9 de l\u2019approvisionnement \u00e9lectrique et de la transition \u00e9cologique.\",\"breadcrumb\":{\"@id\":\"https:\\\/\\\/group.voltalis.com\\\/fr\\\/type-de-contenu\\\/communiques-de-presse\\\/bouygues-telecom-et-voltalis-ensemble-pour-la-securite-du-reseau-electrique-6128#breadcrumb\"},\"inLanguage\":\"fr-FR\",\"potentialAction\":[{\"@type\":\"ReadAction\",\"target\":[\"https:\\\/\\\/group.voltalis.com\\\/fr\\\/type-de-contenu\\\/communiques-de-presse\\\/bouygues-telecom-et-voltalis-ensemble-pour-la-securite-du-reseau-electrique-6128\"]}]},{\"@type\":\"BreadcrumbList\",\"@id\":\"https:\\\/\\\/group.voltalis.com\\\/fr\\\/type-de-contenu\\\/communiques-de-presse\\\/bouygues-telecom-et-voltalis-ensemble-pour-la-securite-du-reseau-electrique-6128#breadcrumb\",\"itemListElement\":[{\"@type\":\"ListItem\",\"position\":1,\"name\":\"Home\",\"item\":\"https:\\\/\\\/group.voltalis.com\\\/fr\"},{\"@type\":\"ListItem\",\"position\":2,\"name\":\"Bouygues Telecom et Voltalis ensemble pour la s\u00e9curit\u00e9 du r\u00e9seau \u00e9lectrique\"}]},{\"@type\":\"WebSite\",\"@id\":\"https:\\\/\\\/group.voltalis.com\\\/en\\\/#website\",\"url\":\"https:\\\/\\\/group.voltalis.com\\\/en\\\/\",\"name\":\"Groupe Voltalis\",\"description\":\"Bien plus que des \u00e9conomies d&#039;\u00e9nergie\",\"potentialAction\":[{\"@type\":\"SearchAction\",\"target\":{\"@type\":\"EntryPoint\",\"urlTemplate\":\"https:\\\/\\\/group.voltalis.com\\\/en\\\/?s={search_term_string}\"},\"query-input\":{\"@type\":\"PropertyValueSpecification\",\"valueRequired\":true,\"valueName\":\"search_term_string\"}}],\"inLanguage\":\"fr-FR\"},{\"@type\":\"Person\",\"@id\":\"https:\\\/\\\/group.voltalis.com\\\/en\\\/#\\\/schema\\\/person\\\/cd75df70a442080ba333ff81754527b8\",\"name\":\"admin\",\"image\":{\"@type\":\"ImageObject\",\"inLanguage\":\"fr-FR\",\"@id\":\"https:\\\/\\\/secure.gravatar.com\\\/avatar\\\/d33819406c6fd656ae073a4bf8663fc5da17ca34c0a8d21882949b205ec67922?s=96&d=mm&r=g\",\"url\":\"https:\\\/\\\/secure.gravatar.com\\\/avatar\\\/d33819406c6fd656ae073a4bf8663fc5da17ca34c0a8d21882949b205ec67922?s=96&d=mm&r=g\",\"contentUrl\":\"https:\\\/\\\/secure.gravatar.com\\\/avatar\\\/d33819406c6fd656ae073a4bf8663fc5da17ca34c0a8d21882949b205ec67922?s=96&d=mm&r=g\",\"caption\":\"admin\"},\"sameAs\":[\"https:\\\/\\\/group.voltalis.com\"],\"url\":\"https:\\\/\\\/group.voltalis.com\\\/fr\\\/author\\\/admin\"}]}<\/script>\n<!-- \/ Yoast SEO plugin. -->","yoast_head_json":{"title":"Bouygues Telecom et Voltalis ensemble pour la s\u00e9curit\u00e9 du r\u00e9seau \u00e9lectrique","description":"Objenious et Voltalis mettent leurs technologies au service de la s\u00e9curit\u00e9 de l\u2019approvisionnement \u00e9lectrique et de la transition \u00e9cologique.","robots":{"index":"index","follow":"follow","max-snippet":"max-snippet:-1","max-image-preview":"max-image-preview:large","max-video-preview":"max-video-preview:-1"},"canonical":"https:\/\/group.voltalis.com\/fr\/type-de-contenu\/communiques-de-presse\/bouygues-telecom-et-voltalis-ensemble-pour-la-securite-du-reseau-electrique-6128","og_locale":"fr_FR","og_type":"article","og_title":"Bouygues Telecom et Voltalis ensemble pour la s\u00e9curit\u00e9 du r\u00e9seau \u00e9lectrique","og_description":"Objenious et Voltalis mettent leurs technologies au service de la s\u00e9curit\u00e9 de l\u2019approvisionnement \u00e9lectrique et de la transition \u00e9cologique.","og_url":"https:\/\/group.voltalis.com\/fr\/type-de-contenu\/communiques-de-presse\/bouygues-telecom-et-voltalis-ensemble-pour-la-securite-du-reseau-electrique-6128","og_site_name":"Groupe Voltalis","article_publisher":"https:\/\/www.facebook.com\/pages\/category\/Product-Service\/Voltalis-178720392179068\/","article_published_time":"2022-07-05T08:10:32+00:00","article_modified_time":"2025-09-04T14:29:33+00:00","author":"admin","twitter_card":"summary_large_image","twitter_misc":{"\u00c9crit par":"admin","Dur\u00e9e de lecture estim\u00e9e":"3 minutes"},"schema":{"@context":"https:\/\/schema.org","@graph":[{"@type":"Article","@id":"https:\/\/group.voltalis.com\/fr\/type-de-contenu\/communiques-de-presse\/bouygues-telecom-et-voltalis-ensemble-pour-la-securite-du-reseau-electrique-6128#article","isPartOf":{"@id":"https:\/\/group.voltalis.com\/fr\/type-de-contenu\/communiques-de-presse\/bouygues-telecom-et-voltalis-ensemble-pour-la-securite-du-reseau-electrique-6128"},"author":{"name":"admin","@id":"https:\/\/group.voltalis.com\/en\/#\/schema\/person\/cd75df70a442080ba333ff81754527b8"},"headline":"Bouygues Telecom et Voltalis ensemble pour la s\u00e9curit\u00e9 du r\u00e9seau \u00e9lectrique","datePublished":"2022-07-05T08:10:32+00:00","dateModified":"2025-09-04T14:29:33+00:00","mainEntityOfPage":{"@id":"https:\/\/group.voltalis.com\/fr\/type-de-contenu\/communiques-de-presse\/bouygues-telecom-et-voltalis-ensemble-pour-la-securite-du-reseau-electrique-6128"},"wordCount":688,"commentCount":0,"articleSection":["Entreprise","Communiqu\u00e9s"],"inLanguage":"fr-FR"},{"@type":"WebPage","@id":"https:\/\/group.voltalis.com\/fr\/type-de-contenu\/communiques-de-presse\/bouygues-telecom-et-voltalis-ensemble-pour-la-securite-du-reseau-electrique-6128","url":"https:\/\/group.voltalis.com\/fr\/type-de-contenu\/communiques-de-presse\/bouygues-telecom-et-voltalis-ensemble-pour-la-securite-du-reseau-electrique-6128","name":"Bouygues Telecom et Voltalis ensemble pour la s\u00e9curit\u00e9 du r\u00e9seau \u00e9lectrique","isPartOf":{"@id":"https:\/\/group.voltalis.com\/en\/#website"},"datePublished":"2022-07-05T08:10:32+00:00","dateModified":"2025-09-04T14:29:33+00:00","author":{"@id":"https:\/\/group.voltalis.com\/en\/#\/schema\/person\/cd75df70a442080ba333ff81754527b8"},"description":"Objenious et Voltalis mettent leurs technologies au service de la s\u00e9curit\u00e9 de l\u2019approvisionnement \u00e9lectrique et de la transition \u00e9cologique.","breadcrumb":{"@id":"https:\/\/group.voltalis.com\/fr\/type-de-contenu\/communiques-de-presse\/bouygues-telecom-et-voltalis-ensemble-pour-la-securite-du-reseau-electrique-6128#breadcrumb"},"inLanguage":"fr-FR","potentialAction":[{"@type":"ReadAction","target":["https:\/\/group.voltalis.com\/fr\/type-de-contenu\/communiques-de-presse\/bouygues-telecom-et-voltalis-ensemble-pour-la-securite-du-reseau-electrique-6128"]}]},{"@type":"BreadcrumbList","@id":"https:\/\/group.voltalis.com\/fr\/type-de-contenu\/communiques-de-presse\/bouygues-telecom-et-voltalis-ensemble-pour-la-securite-du-reseau-electrique-6128#breadcrumb","itemListElement":[{"@type":"ListItem","position":1,"name":"Home","item":"https:\/\/group.voltalis.com\/fr"},{"@type":"ListItem","position":2,"name":"Bouygues Telecom et Voltalis ensemble pour la s\u00e9curit\u00e9 du r\u00e9seau \u00e9lectrique"}]},{"@type":"WebSite","@id":"https:\/\/group.voltalis.com\/en\/#website","url":"https:\/\/group.voltalis.com\/en\/","name":"Groupe Voltalis","description":"Bien plus que des \u00e9conomies d&#039;\u00e9nergie","potentialAction":[{"@type":"SearchAction","target":{"@type":"EntryPoint","urlTemplate":"https:\/\/group.voltalis.com\/en\/?s={search_term_string}"},"query-input":{"@type":"PropertyValueSpecification","valueRequired":true,"valueName":"search_term_string"}}],"inLanguage":"fr-FR"},{"@type":"Person","@id":"https:\/\/group.voltalis.com\/en\/#\/schema\/person\/cd75df70a442080ba333ff81754527b8","name":"admin","image":{"@type":"ImageObject","inLanguage":"fr-FR","@id":"https:\/\/secure.gravatar.com\/avatar\/d33819406c6fd656ae073a4bf8663fc5da17ca34c0a8d21882949b205ec67922?s=96&d=mm&r=g","url":"https:\/\/secure.gravatar.com\/avatar\/d33819406c6fd656ae073a4bf8663fc5da17ca34c0a8d21882949b205ec67922?s=96&d=mm&r=g","contentUrl":"https:\/\/secure.gravatar.com\/avatar\/d33819406c6fd656ae073a4bf8663fc5da17ca34c0a8d21882949b205ec67922?s=96&d=mm&r=g","caption":"admin"},"sameAs":["https:\/\/group.voltalis.com"],"url":"https:\/\/group.voltalis.com\/fr\/author\/admin"}]}},"_links":{"self":[{"href":"https:\/\/group.voltalis.com\/fr\/wp-json\/wp\/v2\/posts\/6128","targetHints":{"allow":["GET"]}}],"collection":[{"href":"https:\/\/group.voltalis.com\/fr\/wp-json\/wp\/v2\/posts"}],"about":[{"href":"https:\/\/group.voltalis.com\/fr\/wp-json\/wp\/v2\/types\/post"}],"author":[{"embeddable":true,"href":"https:\/\/group.voltalis.com\/fr\/wp-json\/wp\/v2\/users\/1"}],"replies":[{"embeddable":true,"href":"https:\/\/group.voltalis.com\/fr\/wp-json\/wp\/v2\/comments?post=6128"}],"version-history":[{"count":1,"href":"https:\/\/group.voltalis.com\/fr\/wp-json\/wp\/v2\/posts\/6128\/revisions"}],"predecessor-version":[{"id":10421,"href":"https:\/\/group.voltalis.com\/fr\/wp-json\/wp\/v2\/posts\/6128\/revisions\/10421"}],"wp:attachment":[{"href":"https:\/\/group.voltalis.com\/fr\/wp-json\/wp\/v2\/media?parent=6128"}],"wp:term":[{"taxonomy":"category","embeddable":true,"href":"https:\/\/group.voltalis.com\/fr\/wp-json\/wp\/v2\/categories?post=6128"},{"taxonomy":"post_tag","embeddable":true,"href":"https:\/\/group.voltalis.com\/fr\/wp-json\/wp\/v2\/tags?post=6128"}],"curies":[{"name":"wp","href":"https:\/\/api.w.org\/{rel}","templated":true}]}}