{"id":6209,"date":"2022-10-14T13:29:55","date_gmt":"2022-10-14T11:29:55","guid":{"rendered":"https:\/\/group.voltalis.com\/?p=6209"},"modified":"2025-09-04T15:55:08","modified_gmt":"2025-09-04T13:55:08","slug":"le-grand-montauban-soutient-le-dispositif-de-sobriete-energetique-voltalis","status":"publish","type":"post","link":"https:\/\/group.voltalis.com\/fr\/type-de-contenu\/communiques-de-presse\/le-grand-montauban-soutient-le-dispositif-de-sobriete-energetique-voltalis-6209","title":{"rendered":"Le Grand Montauban soutient le dispositif de sobri\u00e9t\u00e9 \u00e9nerg\u00e9tique Voltalis"},"content":{"rendered":"\n<p><strong>Le Grand Montauban agit en faveur de la sobri\u00e9t\u00e9<\/strong> <strong>\u00e9nerg\u00e9tique et soutient le d\u00e9ploiement du dispositif<\/strong> <strong>d\u2019\u00e9conomies d\u2019\u00e9nergie Voltalis sur son territoire<\/strong>.<\/p>\n\n\n\n<p>D\u00e8s 2008, <a href=\"https:\/\/www.montauban.com\/ma-ville-mon-agglo\/communaute-dagglomeration\" target=\"_blank\" rel=\"noreferrer noopener nofollow\">Grand Montauban<\/a> s\u2019est engag\u00e9 dans un d\u00e9marche de d\u00e9veloppement durable et de lutte contre les effets du r\u00e9chauffement climatique. \u00c0 travers son Plan Climat Air Energie Territorial (PCAET) \u00e9labor\u00e9 en 2018, la communaut\u00e9 d\u2019agglom\u00e9ration <strong>met en \u0153uvre des actions concr\u00e8tes<\/strong> afin de tendre vers plus de sobri\u00e9t\u00e9 \u00e9nerg\u00e9tique, de r\u00e9duire les \u00e9missions de gaz \u00e0 effet de serre et de favoriser le d\u00e9veloppement des \u00e9nergies renouvelables sur le territoire.<\/p>\n\n\n\n<p>Dans ce cadre, Grand Montauban et ses 11 communes soutiennent la d\u00e9marche de Voltalis, qui consiste \u00e0 <strong>\u00e9quiper gratuitement les 13 300 foyers chauff\u00e9s \u00e9lectriquement avec dispositif connect\u00e9 de ma\u00eetrise et de r\u00e9duction de leur consommation \u00e9lectrique<\/strong>. Un compl\u00e9ment id\u00e9al aux initiatives que le territoire a d\u00e9j\u00e0 engag\u00e9 en mati\u00e8re de sobri\u00e9t\u00e9. La Ville de Montauban s\u2019engage \u00e9galement dans la d\u00e9marche en faisant \u00e9quiper un premier b\u00e2timent communal, l\u2019Ecole de dessin.<\/p>\n\n\n\n<p><strong>Se chauffer mieux et r\u00e9duire sa consommation d\u2019\u00e9lectricit\u00e9, sans se priver<\/strong><\/p>\n\n\n\n<p>Le dispositif Voltalis se pr\u00e9sente sous la forme de petits bo\u00eetiers connect\u00e9s, install\u00e9s discr\u00e8tement sur chaque radiateur du logement par un technicien agr\u00e9\u00e9, g\u00e9n\u00e9ralement local. Il est compatible avec tous les mod\u00e8les de radiateurs \u00e9lectrique et avec tous les fournisseurs d\u2019\u00e9nergie.<\/p>\n\n\n\n<p>V\u00e9ritable thermostat connect\u00e9, il permet de piloter intelligemment leur consommation et de <strong>r\u00e9aliser des <a href=\"https:\/\/www.voltalis.com\/particuliers\/notre-solution\" target=\"_blank\" rel=\"noreferrer noopener\">\u00e9conomies d\u2019\u00e9nergie<\/a><\/strong>. Les foyers \u00e9quip\u00e9s b\u00e9n\u00e9ficient <strong>d\u2019un <a href=\"https:\/\/www.voltalis.com\/myvoltalis-lapplication-de-suivi-de-consommation-electrique\" target=\"_blank\" rel=\"noreferrer noopener\">espace personnel en ligne<\/a><\/strong> (sur ordinateur ou smartphone) qui offre la possibilit\u00e9 de <strong>programmer et de piloter leur chauffage<\/strong> pi\u00e8ce par pi\u00e8ce pour <strong>plus de confort et d\u2019\u00e9conomies<\/strong>. Ils peuvent \u00e9galement <strong>suivre pr\u00e9cis\u00e9ment leurs consommations \u00e9lectriques<\/strong> afin de mieux la comprendre et, au final, r\u00e9duire leurs factures en agissant sur les postes les plus \u00e9nergivores.<\/p>\n\n\n\n<figure class=\"wp-block-image size-full\"><img loading=\"lazy\" decoding=\"async\" width=\"992\" height=\"324\" src=\"https:\/\/group.voltalis.com\/wp-content\/uploads\/2022\/10\/image.png\" alt=\"\" class=\"wp-image-6210\" srcset=\"https:\/\/group.voltalis.com\/wp-content\/uploads\/2022\/10\/image.png 992w, https:\/\/group.voltalis.com\/wp-content\/uploads\/2022\/10\/image-300x98.png 300w, https:\/\/group.voltalis.com\/wp-content\/uploads\/2022\/10\/image-768x251.png 768w\" sizes=\"auto, (max-width: 992px) 100vw, 992px\" \/><figcaption><em>Le dispositif Voltalis Connect et son application de pilotage MyVoltalis<\/em><\/figcaption><\/figure>\n\n\n\n<p>La solution Voltalis permet ainsi <strong>d\u2019\u00e9conomiser jusqu\u2019\u00e0 15% de consommation \u00e9lectrique annuelle<\/strong>, <strong>tout en am\u00e9liorant son confort<\/strong> et de <strong>r\u00e9duire jusqu\u2019\u00e0 70% ses \u00e9missions de CO2<\/strong>.<\/p>\n\n\n\n<p><strong>Des \u00e9conomies d\u2019\u00e9nergie qui participent \u00e0 la s\u00e9curit\u00e9 du r\u00e9seau \u00e9lectrique<\/strong><\/p>\n\n\n\n<p>Dans le contexte \u00e9nerg\u00e9tique extr\u00eamement tendu et de p\u00e9nuries de production \u00e9lectrique que nous connaissons, le risque de d\u00e9lestages et de coupures d\u2019\u00e9lectricit\u00e9 cet hiver est tr\u00e8s \u00e9lev\u00e9. Gr\u00e2ce \u00e0 la technologie de pilotage intelligent de la consommation \u00e9lectrique que Voltalis a invent\u00e9, les logements \u00e9quip\u00e9s contribuent \u00e0 la s\u00e9curit\u00e9 de l\u2019alimentation \u00e9lectrique de tous.<\/p>\n\n\n\n<p>En effet, lors des pics de consommation ou des baisses de production des \u00e9nergies renouvelables, le r\u00e9seau risque un d\u00e9s\u00e9quilibre et <strong>fait alors appel \u00e0 des centrales \u00e9lectriques d\u2019appoint au charbon, au fioul ou au gaz tr\u00e8s polluantes et co\u00fbteuses<\/strong>. A ces moments cl\u00e9s, Voltalis peut r\u00e9duire pendant quelques minutes la consommation \u00e9lectrique des appareils connect\u00e9s partout en France via son bo\u00eetier, tout en pr\u00e9servant le confort des occupants. <strong>Le r\u00e9seau est alors soulag\u00e9<\/strong>, ce qui \u00e9vite le recours \u00e0 des centrales polluantes et r\u00e9duit les risques de coupures.<\/p>\n\n\n\n<p><strong>Un dispositif totalement gratuit pour tous les foyers chauff\u00e9s \u00e0 l\u2019\u00e9lectricit\u00e9<\/strong><\/p>\n\n\n\n<p>Tous les habitants chauff\u00e9s \u00e0 l\u2019\u00e9lectricit\u00e9, qu\u2019ils soient propri\u00e9taires ou locataires, peuvent b\u00e9n\u00e9ficier de ce dispositif de sobri\u00e9t\u00e9 \u00e9nerg\u00e9tique. Pour en faire profiter le plus grand nombre, Voltalis mobilise des conseillers qui viendront \u00e0 la rencontre de la population pour l\u2019informer de la d\u00e9marche et r\u00e9pondre \u00e0 toutes les questions.<\/p>\n\n\n\n<p>Les particuliers peuvent \u00e9galement contacter directement Voltalis et convenir d\u2019un rendez-vous d\u2019installation par t\u00e9l\u00e9phone, au <strong>05 40 25 69 96<\/strong> (appel non surtax\u00e9, du lundi au samedi, 9h-18h) ou par courriel \u00e0 l\u2019adresse : <strong><a href=\"mailto:cagm@voltalis.com\">cagm@voltalis.com<\/a> <\/strong><\/p>\n\n\n\n<p>Le d\u00e9ploiement de ce dispositif d\u2019utilit\u00e9 nationale a d\u00e9but\u00e9 la semaine du <strong>26 septembre 2022<\/strong> par la commune de Lamothe-Capdeville, Villemade, Albefeuille-Lagarde, Montbeton et sera rapidement \u00e9tendu aux autres communes du territoire. Cette op\u00e9ration constitue un investissement important pour Voltalis, qui porte l\u2019int\u00e9gralit\u00e9 des co\u00fbts de fourniture du mat\u00e9riel et des installations.<\/p>\n\n\n\n<p><strong>Contacts presse :<\/strong><\/p>\n\n\n\n<p><strong>Ville de Montauban | Grand Montauban<\/strong> : Service Communication &#8211; <a href=\"mailto:contactpresse@ville-montauban.fr\">contactpresse@ville-montauban.fr<\/a>  05 63 22 12 97 | 05 81 98 20 90<\/p>\n\n\n\n<p><strong>Voltalis <\/strong>: <a href=\"mailto:voltalis@lagencerp.com\">voltalis@lagencerp.com<\/a>&nbsp; Raya Rizk +33 (0)7 63 18 60 15 et Camille Techer +33(0)7 62 15 76 99<\/p>\n\n\n\n<p><\/p>\n\n\n\n<p><a href=\"https:\/\/group.voltalis.com\/wp-content\/uploads\/2022\/10\/CP-Voltalis-Grand-Montauban-VF.pdf\" target=\"_blank\" rel=\"noreferrer noopener\"><strong>T\u00e9l\u00e9charger le communiqpu\u00e9 de presse<\/strong><\/a><\/p>\n","protected":false},"excerpt":{"rendered":"<p>Le Grand Montauban agit en faveur de la sobri\u00e9t\u00e9 \u00e9nerg\u00e9tique et soutient le d\u00e9ploiement du dispositif d\u2019\u00e9conomies d\u2019\u00e9nergie Voltalis sur son territoire. D\u00e8s 2008, Grand Montauban s\u2019est engag\u00e9 dans un d\u00e9marche de d\u00e9veloppement durable et de lutte contre les effets du r\u00e9chauffement climatique. \u00c0 travers son Plan Climat Air Energie Territorial (PCAET) \u00e9labor\u00e9 en 2018, [&hellip;]<\/p>\n","protected":false},"author":1,"featured_media":0,"comment_status":"open","ping_status":"closed","sticky":false,"template":"","format":"standard","meta":{"_acf_changed":false,"inline_featured_image":false,"footnotes":""},"categories":[199,3],"tags":[],"class_list":["post-6209","post","type-post","status-publish","format-standard","hentry","category-collectivites","category-communiques-de-presse"],"acf":[],"yoast_head":"<!-- This site is optimized with the Yoast SEO plugin v27.5 - https:\/\/yoast.com\/product\/yoast-seo-wordpress\/ -->\n<title>Le Grand Montauban soutient le dispositif Voltalis<\/title>\n<meta name=\"description\" content=\"Le Grand Montauban agit en faveur de la sobri\u00e9t\u00e9 \u00e9nerg\u00e9tique et soutient le d\u00e9ploiement du la solution d\u2019\u00e9conomies d\u2019\u00e9nergie Voltalis.\" \/>\n<meta name=\"robots\" content=\"index, follow, max-snippet:-1, max-image-preview:large, max-video-preview:-1\" \/>\n<link rel=\"canonical\" href=\"https:\/\/group.voltalis.com\/fr\/type-de-contenu\/communiques-de-presse\/le-grand-montauban-soutient-le-dispositif-de-sobriete-energetique-voltalis-6209\" \/>\n<meta property=\"og:locale\" content=\"fr_FR\" \/>\n<meta property=\"og:type\" content=\"article\" \/>\n<meta property=\"og:title\" content=\"Le Grand Montauban soutient le dispositif Voltalis\" \/>\n<meta property=\"og:description\" content=\"Le Grand Montauban agit en faveur de la sobri\u00e9t\u00e9 \u00e9nerg\u00e9tique et soutient le d\u00e9ploiement du la solution d\u2019\u00e9conomies d\u2019\u00e9nergie Voltalis.\" \/>\n<meta property=\"og:url\" content=\"https:\/\/group.voltalis.com\/fr\/type-de-contenu\/communiques-de-presse\/le-grand-montauban-soutient-le-dispositif-de-sobriete-energetique-voltalis-6209\" \/>\n<meta property=\"og:site_name\" content=\"Groupe Voltalis\" \/>\n<meta property=\"article:publisher\" content=\"https:\/\/www.facebook.com\/pages\/category\/Product-Service\/Voltalis-178720392179068\/\" \/>\n<meta property=\"article:published_time\" content=\"2022-10-14T11:29:55+00:00\" \/>\n<meta property=\"article:modified_time\" content=\"2025-09-04T13:55:08+00:00\" \/>\n<meta property=\"og:image\" content=\"https:\/\/group.voltalis.com\/wp-content\/uploads\/2022\/10\/image.png\" \/>\n\t<meta property=\"og:image:width\" content=\"992\" \/>\n\t<meta property=\"og:image:height\" content=\"324\" \/>\n\t<meta property=\"og:image:type\" content=\"image\/png\" \/>\n<meta name=\"author\" content=\"admin\" \/>\n<meta name=\"twitter:card\" content=\"summary_large_image\" \/>\n<meta name=\"twitter:label1\" content=\"\u00c9crit par\" \/>\n\t<meta name=\"twitter:data1\" content=\"admin\" \/>\n\t<meta name=\"twitter:label2\" content=\"Dur\u00e9e de lecture estim\u00e9e\" \/>\n\t<meta name=\"twitter:data2\" content=\"4 minutes\" \/>\n<script type=\"application\/ld+json\" class=\"yoast-schema-graph\">{\"@context\":\"https:\\\/\\\/schema.org\",\"@graph\":[{\"@type\":\"Article\",\"@id\":\"https:\\\/\\\/group.voltalis.com\\\/fr\\\/type-de-contenu\\\/communiques-de-presse\\\/le-grand-montauban-soutient-le-dispositif-de-sobriete-energetique-voltalis-6209#article\",\"isPartOf\":{\"@id\":\"https:\\\/\\\/group.voltalis.com\\\/fr\\\/type-de-contenu\\\/communiques-de-presse\\\/le-grand-montauban-soutient-le-dispositif-de-sobriete-energetique-voltalis-6209\"},\"author\":{\"name\":\"admin\",\"@id\":\"https:\\\/\\\/group.voltalis.com\\\/en\\\/#\\\/schema\\\/person\\\/cd75df70a442080ba333ff81754527b8\"},\"headline\":\"Le Grand Montauban soutient le dispositif de sobri\u00e9t\u00e9 \u00e9nerg\u00e9tique Voltalis\",\"datePublished\":\"2022-10-14T11:29:55+00:00\",\"dateModified\":\"2025-09-04T13:55:08+00:00\",\"mainEntityOfPage\":{\"@id\":\"https:\\\/\\\/group.voltalis.com\\\/fr\\\/type-de-contenu\\\/communiques-de-presse\\\/le-grand-montauban-soutient-le-dispositif-de-sobriete-energetique-voltalis-6209\"},\"wordCount\":757,\"commentCount\":0,\"image\":{\"@id\":\"https:\\\/\\\/group.voltalis.com\\\/fr\\\/type-de-contenu\\\/communiques-de-presse\\\/le-grand-montauban-soutient-le-dispositif-de-sobriete-energetique-voltalis-6209#primaryimage\"},\"thumbnailUrl\":\"https:\\\/\\\/group.voltalis.com\\\/wp-content\\\/uploads\\\/2022\\\/10\\\/image.png\",\"articleSection\":[\"Collectivit\u00e9s\",\"Communiqu\u00e9s\"],\"inLanguage\":\"fr-FR\"},{\"@type\":\"WebPage\",\"@id\":\"https:\\\/\\\/group.voltalis.com\\\/fr\\\/type-de-contenu\\\/communiques-de-presse\\\/le-grand-montauban-soutient-le-dispositif-de-sobriete-energetique-voltalis-6209\",\"url\":\"https:\\\/\\\/group.voltalis.com\\\/fr\\\/type-de-contenu\\\/communiques-de-presse\\\/le-grand-montauban-soutient-le-dispositif-de-sobriete-energetique-voltalis-6209\",\"name\":\"Le Grand Montauban soutient le dispositif Voltalis\",\"isPartOf\":{\"@id\":\"https:\\\/\\\/group.voltalis.com\\\/en\\\/#website\"},\"primaryImageOfPage\":{\"@id\":\"https:\\\/\\\/group.voltalis.com\\\/fr\\\/type-de-contenu\\\/communiques-de-presse\\\/le-grand-montauban-soutient-le-dispositif-de-sobriete-energetique-voltalis-6209#primaryimage\"},\"image\":{\"@id\":\"https:\\\/\\\/group.voltalis.com\\\/fr\\\/type-de-contenu\\\/communiques-de-presse\\\/le-grand-montauban-soutient-le-dispositif-de-sobriete-energetique-voltalis-6209#primaryimage\"},\"thumbnailUrl\":\"https:\\\/\\\/group.voltalis.com\\\/wp-content\\\/uploads\\\/2022\\\/10\\\/image.png\",\"datePublished\":\"2022-10-14T11:29:55+00:00\",\"dateModified\":\"2025-09-04T13:55:08+00:00\",\"author\":{\"@id\":\"https:\\\/\\\/group.voltalis.com\\\/en\\\/#\\\/schema\\\/person\\\/cd75df70a442080ba333ff81754527b8\"},\"description\":\"Le Grand Montauban agit en faveur de la sobri\u00e9t\u00e9 \u00e9nerg\u00e9tique et soutient le d\u00e9ploiement du la solution d\u2019\u00e9conomies d\u2019\u00e9nergie Voltalis.\",\"breadcrumb\":{\"@id\":\"https:\\\/\\\/group.voltalis.com\\\/fr\\\/type-de-contenu\\\/communiques-de-presse\\\/le-grand-montauban-soutient-le-dispositif-de-sobriete-energetique-voltalis-6209#breadcrumb\"},\"inLanguage\":\"fr-FR\",\"potentialAction\":[{\"@type\":\"ReadAction\",\"target\":[\"https:\\\/\\\/group.voltalis.com\\\/fr\\\/type-de-contenu\\\/communiques-de-presse\\\/le-grand-montauban-soutient-le-dispositif-de-sobriete-energetique-voltalis-6209\"]}]},{\"@type\":\"ImageObject\",\"inLanguage\":\"fr-FR\",\"@id\":\"https:\\\/\\\/group.voltalis.com\\\/fr\\\/type-de-contenu\\\/communiques-de-presse\\\/le-grand-montauban-soutient-le-dispositif-de-sobriete-energetique-voltalis-6209#primaryimage\",\"url\":\"https:\\\/\\\/group.voltalis.com\\\/wp-content\\\/uploads\\\/2022\\\/10\\\/image.png\",\"contentUrl\":\"https:\\\/\\\/group.voltalis.com\\\/wp-content\\\/uploads\\\/2022\\\/10\\\/image.png\"},{\"@type\":\"BreadcrumbList\",\"@id\":\"https:\\\/\\\/group.voltalis.com\\\/fr\\\/type-de-contenu\\\/communiques-de-presse\\\/le-grand-montauban-soutient-le-dispositif-de-sobriete-energetique-voltalis-6209#breadcrumb\",\"itemListElement\":[{\"@type\":\"ListItem\",\"position\":1,\"name\":\"Home\",\"item\":\"https:\\\/\\\/group.voltalis.com\\\/fr\"},{\"@type\":\"ListItem\",\"position\":2,\"name\":\"Le Grand Montauban soutient le dispositif de sobri\u00e9t\u00e9 \u00e9nerg\u00e9tique Voltalis\"}]},{\"@type\":\"WebSite\",\"@id\":\"https:\\\/\\\/group.voltalis.com\\\/en\\\/#website\",\"url\":\"https:\\\/\\\/group.voltalis.com\\\/en\\\/\",\"name\":\"Groupe Voltalis\",\"description\":\"Bien plus que des \u00e9conomies d&#039;\u00e9nergie\",\"potentialAction\":[{\"@type\":\"SearchAction\",\"target\":{\"@type\":\"EntryPoint\",\"urlTemplate\":\"https:\\\/\\\/group.voltalis.com\\\/en\\\/?s={search_term_string}\"},\"query-input\":{\"@type\":\"PropertyValueSpecification\",\"valueRequired\":true,\"valueName\":\"search_term_string\"}}],\"inLanguage\":\"fr-FR\"},{\"@type\":\"Person\",\"@id\":\"https:\\\/\\\/group.voltalis.com\\\/en\\\/#\\\/schema\\\/person\\\/cd75df70a442080ba333ff81754527b8\",\"name\":\"admin\",\"image\":{\"@type\":\"ImageObject\",\"inLanguage\":\"fr-FR\",\"@id\":\"https:\\\/\\\/secure.gravatar.com\\\/avatar\\\/d33819406c6fd656ae073a4bf8663fc5da17ca34c0a8d21882949b205ec67922?s=96&d=mm&r=g\",\"url\":\"https:\\\/\\\/secure.gravatar.com\\\/avatar\\\/d33819406c6fd656ae073a4bf8663fc5da17ca34c0a8d21882949b205ec67922?s=96&d=mm&r=g\",\"contentUrl\":\"https:\\\/\\\/secure.gravatar.com\\\/avatar\\\/d33819406c6fd656ae073a4bf8663fc5da17ca34c0a8d21882949b205ec67922?s=96&d=mm&r=g\",\"caption\":\"admin\"},\"sameAs\":[\"https:\\\/\\\/group.voltalis.com\"],\"url\":\"https:\\\/\\\/group.voltalis.com\\\/fr\\\/author\\\/admin\"}]}<\/script>\n<!-- \/ Yoast SEO plugin. -->","yoast_head_json":{"title":"Le Grand Montauban soutient le dispositif Voltalis","description":"Le Grand Montauban agit en faveur de la sobri\u00e9t\u00e9 \u00e9nerg\u00e9tique et soutient le d\u00e9ploiement du la solution d\u2019\u00e9conomies d\u2019\u00e9nergie Voltalis.","robots":{"index":"index","follow":"follow","max-snippet":"max-snippet:-1","max-image-preview":"max-image-preview:large","max-video-preview":"max-video-preview:-1"},"canonical":"https:\/\/group.voltalis.com\/fr\/type-de-contenu\/communiques-de-presse\/le-grand-montauban-soutient-le-dispositif-de-sobriete-energetique-voltalis-6209","og_locale":"fr_FR","og_type":"article","og_title":"Le Grand Montauban soutient le dispositif Voltalis","og_description":"Le Grand Montauban agit en faveur de la sobri\u00e9t\u00e9 \u00e9nerg\u00e9tique et soutient le d\u00e9ploiement du la solution d\u2019\u00e9conomies d\u2019\u00e9nergie Voltalis.","og_url":"https:\/\/group.voltalis.com\/fr\/type-de-contenu\/communiques-de-presse\/le-grand-montauban-soutient-le-dispositif-de-sobriete-energetique-voltalis-6209","og_site_name":"Groupe Voltalis","article_publisher":"https:\/\/www.facebook.com\/pages\/category\/Product-Service\/Voltalis-178720392179068\/","article_published_time":"2022-10-14T11:29:55+00:00","article_modified_time":"2025-09-04T13:55:08+00:00","og_image":[{"width":992,"height":324,"url":"https:\/\/group.voltalis.com\/wp-content\/uploads\/2022\/10\/image.png","type":"image\/png"}],"author":"admin","twitter_card":"summary_large_image","twitter_misc":{"\u00c9crit par":"admin","Dur\u00e9e de lecture estim\u00e9e":"4 minutes"},"schema":{"@context":"https:\/\/schema.org","@graph":[{"@type":"Article","@id":"https:\/\/group.voltalis.com\/fr\/type-de-contenu\/communiques-de-presse\/le-grand-montauban-soutient-le-dispositif-de-sobriete-energetique-voltalis-6209#article","isPartOf":{"@id":"https:\/\/group.voltalis.com\/fr\/type-de-contenu\/communiques-de-presse\/le-grand-montauban-soutient-le-dispositif-de-sobriete-energetique-voltalis-6209"},"author":{"name":"admin","@id":"https:\/\/group.voltalis.com\/en\/#\/schema\/person\/cd75df70a442080ba333ff81754527b8"},"headline":"Le Grand Montauban soutient le dispositif de sobri\u00e9t\u00e9 \u00e9nerg\u00e9tique Voltalis","datePublished":"2022-10-14T11:29:55+00:00","dateModified":"2025-09-04T13:55:08+00:00","mainEntityOfPage":{"@id":"https:\/\/group.voltalis.com\/fr\/type-de-contenu\/communiques-de-presse\/le-grand-montauban-soutient-le-dispositif-de-sobriete-energetique-voltalis-6209"},"wordCount":757,"commentCount":0,"image":{"@id":"https:\/\/group.voltalis.com\/fr\/type-de-contenu\/communiques-de-presse\/le-grand-montauban-soutient-le-dispositif-de-sobriete-energetique-voltalis-6209#primaryimage"},"thumbnailUrl":"https:\/\/group.voltalis.com\/wp-content\/uploads\/2022\/10\/image.png","articleSection":["Collectivit\u00e9s","Communiqu\u00e9s"],"inLanguage":"fr-FR"},{"@type":"WebPage","@id":"https:\/\/group.voltalis.com\/fr\/type-de-contenu\/communiques-de-presse\/le-grand-montauban-soutient-le-dispositif-de-sobriete-energetique-voltalis-6209","url":"https:\/\/group.voltalis.com\/fr\/type-de-contenu\/communiques-de-presse\/le-grand-montauban-soutient-le-dispositif-de-sobriete-energetique-voltalis-6209","name":"Le Grand Montauban soutient le dispositif Voltalis","isPartOf":{"@id":"https:\/\/group.voltalis.com\/en\/#website"},"primaryImageOfPage":{"@id":"https:\/\/group.voltalis.com\/fr\/type-de-contenu\/communiques-de-presse\/le-grand-montauban-soutient-le-dispositif-de-sobriete-energetique-voltalis-6209#primaryimage"},"image":{"@id":"https:\/\/group.voltalis.com\/fr\/type-de-contenu\/communiques-de-presse\/le-grand-montauban-soutient-le-dispositif-de-sobriete-energetique-voltalis-6209#primaryimage"},"thumbnailUrl":"https:\/\/group.voltalis.com\/wp-content\/uploads\/2022\/10\/image.png","datePublished":"2022-10-14T11:29:55+00:00","dateModified":"2025-09-04T13:55:08+00:00","author":{"@id":"https:\/\/group.voltalis.com\/en\/#\/schema\/person\/cd75df70a442080ba333ff81754527b8"},"description":"Le Grand Montauban agit en faveur de la sobri\u00e9t\u00e9 \u00e9nerg\u00e9tique et soutient le d\u00e9ploiement du la solution d\u2019\u00e9conomies d\u2019\u00e9nergie Voltalis.","breadcrumb":{"@id":"https:\/\/group.voltalis.com\/fr\/type-de-contenu\/communiques-de-presse\/le-grand-montauban-soutient-le-dispositif-de-sobriete-energetique-voltalis-6209#breadcrumb"},"inLanguage":"fr-FR","potentialAction":[{"@type":"ReadAction","target":["https:\/\/group.voltalis.com\/fr\/type-de-contenu\/communiques-de-presse\/le-grand-montauban-soutient-le-dispositif-de-sobriete-energetique-voltalis-6209"]}]},{"@type":"ImageObject","inLanguage":"fr-FR","@id":"https:\/\/group.voltalis.com\/fr\/type-de-contenu\/communiques-de-presse\/le-grand-montauban-soutient-le-dispositif-de-sobriete-energetique-voltalis-6209#primaryimage","url":"https:\/\/group.voltalis.com\/wp-content\/uploads\/2022\/10\/image.png","contentUrl":"https:\/\/group.voltalis.com\/wp-content\/uploads\/2022\/10\/image.png"},{"@type":"BreadcrumbList","@id":"https:\/\/group.voltalis.com\/fr\/type-de-contenu\/communiques-de-presse\/le-grand-montauban-soutient-le-dispositif-de-sobriete-energetique-voltalis-6209#breadcrumb","itemListElement":[{"@type":"ListItem","position":1,"name":"Home","item":"https:\/\/group.voltalis.com\/fr"},{"@type":"ListItem","position":2,"name":"Le Grand Montauban soutient le dispositif de sobri\u00e9t\u00e9 \u00e9nerg\u00e9tique Voltalis"}]},{"@type":"WebSite","@id":"https:\/\/group.voltalis.com\/en\/#website","url":"https:\/\/group.voltalis.com\/en\/","name":"Groupe Voltalis","description":"Bien plus que des \u00e9conomies d&#039;\u00e9nergie","potentialAction":[{"@type":"SearchAction","target":{"@type":"EntryPoint","urlTemplate":"https:\/\/group.voltalis.com\/en\/?s={search_term_string}"},"query-input":{"@type":"PropertyValueSpecification","valueRequired":true,"valueName":"search_term_string"}}],"inLanguage":"fr-FR"},{"@type":"Person","@id":"https:\/\/group.voltalis.com\/en\/#\/schema\/person\/cd75df70a442080ba333ff81754527b8","name":"admin","image":{"@type":"ImageObject","inLanguage":"fr-FR","@id":"https:\/\/secure.gravatar.com\/avatar\/d33819406c6fd656ae073a4bf8663fc5da17ca34c0a8d21882949b205ec67922?s=96&d=mm&r=g","url":"https:\/\/secure.gravatar.com\/avatar\/d33819406c6fd656ae073a4bf8663fc5da17ca34c0a8d21882949b205ec67922?s=96&d=mm&r=g","contentUrl":"https:\/\/secure.gravatar.com\/avatar\/d33819406c6fd656ae073a4bf8663fc5da17ca34c0a8d21882949b205ec67922?s=96&d=mm&r=g","caption":"admin"},"sameAs":["https:\/\/group.voltalis.com"],"url":"https:\/\/group.voltalis.com\/fr\/author\/admin"}]}},"_links":{"self":[{"href":"https:\/\/group.voltalis.com\/fr\/wp-json\/wp\/v2\/posts\/6209","targetHints":{"allow":["GET"]}}],"collection":[{"href":"https:\/\/group.voltalis.com\/fr\/wp-json\/wp\/v2\/posts"}],"about":[{"href":"https:\/\/group.voltalis.com\/fr\/wp-json\/wp\/v2\/types\/post"}],"author":[{"embeddable":true,"href":"https:\/\/group.voltalis.com\/fr\/wp-json\/wp\/v2\/users\/1"}],"replies":[{"embeddable":true,"href":"https:\/\/group.voltalis.com\/fr\/wp-json\/wp\/v2\/comments?post=6209"}],"version-history":[{"count":1,"href":"https:\/\/group.voltalis.com\/fr\/wp-json\/wp\/v2\/posts\/6209\/revisions"}],"predecessor-version":[{"id":10407,"href":"https:\/\/group.voltalis.com\/fr\/wp-json\/wp\/v2\/posts\/6209\/revisions\/10407"}],"wp:attachment":[{"href":"https:\/\/group.voltalis.com\/fr\/wp-json\/wp\/v2\/media?parent=6209"}],"wp:term":[{"taxonomy":"category","embeddable":true,"href":"https:\/\/group.voltalis.com\/fr\/wp-json\/wp\/v2\/categories?post=6209"},{"taxonomy":"post_tag","embeddable":true,"href":"https:\/\/group.voltalis.com\/fr\/wp-json\/wp\/v2\/tags?post=6209"}],"curies":[{"name":"wp","href":"https:\/\/api.w.org\/{rel}","templated":true}]}}