{"id":6286,"date":"2022-10-19T11:44:56","date_gmt":"2022-10-19T09:44:56","guid":{"rendered":"https:\/\/group.voltalis.com\/?p=6286"},"modified":"2025-09-04T14:37:39","modified_gmt":"2025-09-04T12:37:39","slug":"voltalis-lance-voltalis-pro-sa-solution-dediee-au-tertiaire","status":"publish","type":"post","link":"https:\/\/group.voltalis.com\/fr\/type-de-contenu\/communiques-de-presse\/voltalis-lance-voltalis-pro-sa-solution-dediee-au-tertiaire-6286","title":{"rendered":"Voltalis lance Voltalis PRO, sa solution d\u00e9di\u00e9e au tertiaire"},"content":{"rendered":"\n<p><strong>Plan de sobri\u00e9t\u00e9&nbsp;\u00e9nerg\u00e9tique&nbsp;<\/strong>: <strong>Voltalis enrichit ses solutions avec <a href=\"https:\/\/www.voltalis.com\/entreprises\" target=\"_blank\" rel=\"noreferrer noopener\">Voltalis PRO<\/a>, son offre de pilotage du chauffage \u00e9lectrique totalement gratuite d\u00e9di\u00e9e aux professionnels et aux b\u00e2timents tertiaires leur permettant de contribuer, sans frais, \u00e0 l\u2019effort national de sobri\u00e9t\u00e9.<\/strong><\/p>\n\n\n\n<ul class=\"wp-block-list\">\n<li>Une solution de pilotage du chauffage \u00e9lectrique permettant <strong>de r\u00e9duire de 15% sa consommation sur ce poste,<\/strong> sans avoir \u00e0 changer son syst\u00e8me,<\/li>\n\n\n\n<li>Une installation <strong>totalement<\/strong> <strong>gratuite et sans abonnement<\/strong>,permettant d\u2019att\u00e9nuer l\u2019impact de l\u2019augmentation des tarifs de l\u2019\u00e9lectricit\u00e9,<\/li>\n\n\n\n<li>Un dispositif d\u2019int\u00e9r\u00eat national qui <strong>contribue directement \u00e0 la s\u00e9curit\u00e9 du syst\u00e8me \u00e9lectrique fran\u00e7ais<\/strong> en r\u00e9duisant automatiquement les consommations aux moments les plus utiles pour le r\u00e9seau, sans impact sur le confort des occupants.<\/li>\n\n\n\n<li>Une offre <strong>disponible imm\u00e9diatement<\/strong> et qui r\u00e9pond directement aux appels des pouvoirs publics de baisse de 10% des consommations \u00e9nerg\u00e9tiques d\u00e8s cet hiver.<\/li>\n<\/ul>\n\n\n\n<figure class=\"wp-block-image size-large\"><img loading=\"lazy\" decoding=\"async\" width=\"1024\" height=\"218\" src=\"https:\/\/group.voltalis.com\/wp-content\/uploads\/2022\/10\/bandeau-voltalis-pro-1024x218.jpg\" alt=\"Voltalis PRO : solutions pour tous les professionnels et b\u00e2timents tertiaires chauff\u00e9s \u00e0 l'\u00e9lectricit\u00e9\" class=\"wp-image-6287\" srcset=\"https:\/\/group.voltalis.com\/wp-content\/uploads\/2022\/10\/bandeau-voltalis-pro-1024x218.jpg 1024w, https:\/\/group.voltalis.com\/wp-content\/uploads\/2022\/10\/bandeau-voltalis-pro-300x64.jpg 300w, https:\/\/group.voltalis.com\/wp-content\/uploads\/2022\/10\/bandeau-voltalis-pro-768x164.jpg 768w, https:\/\/group.voltalis.com\/wp-content\/uploads\/2022\/10\/bandeau-voltalis-pro-1536x328.jpg 1536w, https:\/\/group.voltalis.com\/wp-content\/uploads\/2022\/10\/bandeau-voltalis-pro-2048x437.jpg 2048w\" sizes=\"auto, (max-width: 1024px) 100vw, 1024px\" \/><figcaption class=\"wp-element-caption\">Voltalis PRO pour tous les professionnels et b\u00e2timents tertiaires chauff\u00e9s \u00e0 l&rsquo;\u00e9lectricit\u00e9<\/figcaption><\/figure>\n\n\n\n<p>Voltalis, leader du pilotage intelligent de la consommation \u00e9lectrique innove encore et annonce aujourd\u2019hui le lancement d\u2019une <strong><a href=\"https:\/\/www.voltalis.com\/entreprises\" target=\"_blank\" rel=\"noreferrer noopener\">offre d\u00e9di\u00e9e aux professionnels et au tertiaire<\/a><\/strong> pour les accompagner dans la mise en place du plan de sobri\u00e9t\u00e9 et r\u00e9duire leurs factures d\u2019\u00e9lectricit\u00e9.<\/p>\n\n\n\n<h2 class=\"wp-block-heading\"><strong>Un contexte \u00e9nerg\u00e9tique extr\u00eamement tendu et des d\u00e9fis \u00e0 relever<\/strong><\/h2>\n\n\n\n<p>Les enjeux conjugu\u00e9s du changement climatique, de la crise \u00e9nerg\u00e9tique et des risques pesant sur l\u2019approvisionnement \u00e9lectrique de la France cet hiver demandent des r\u00e9ponses imm\u00e9diates.<\/p>\n\n\n\n<p>La hausse des prix de l\u2019\u00e9lectricit\u00e9 impacte durement les professionnels, exclus du bouclier tarifaire, et dont les factures peuvent \u00eatre multipli\u00e9es par 3 ou 4.<\/p>\n\n\n\n<p>Par ailleurs, le plan de sobri\u00e9t\u00e9 du Gouvernement implique une r\u00e9duction rapide de 10% des consommations \u00e9nerg\u00e9tiques des entreprises, cet effort collectif devant permettre d\u2019\u00e9viter les situations de black-out au vu de la crise \u00e9nerg\u00e9tique actuelle.<\/p>\n\n\n\n<p>\u00c0 cet objectif court-terme, s\u2019ajoutent les obligations r\u00e9glementaires du \u00ab&nbsp;d\u00e9cret tertiaire&nbsp;\u00bb (\u00ab&nbsp;Dispositif \u00c9co \u00c9nergie Tertiaire \u00bb &#8211; DEET) qui imposent une r\u00e9duction de 40 % de la consommation d\u2019\u00e9nergie totale en 2030 pour les \u00e9tablissements d\u2019activit\u00e9s tertiaires.<\/p>\n\n\n\n<h2 class=\"wp-block-heading\"><strong>Voltalis PRO, une solution au service du confort et des \u00e9conomies des professionnels<\/strong><\/h2>\n\n\n\n<p>Aujourd\u2019hui, les solutions Voltalis PRO apportent aux professionnels et aux gestionnaires de locaux commerciaux ou de b\u00e2timents des leviers d\u2019actions et de pilotage intelligent de leurs consommations, ainsi que l\u2019acc\u00e8s \u00e0 une information claire et fiable.<\/p>\n\n\n\n<p>Le <a href=\"https:\/\/www.voltalis.com\/entreprises\" target=\"_blank\" rel=\"noreferrer noopener\">dispositif Voltalis PRO<\/a> r\u00e9pond ainsi concr\u00e8tement aux besoins des propri\u00e9taires et locataires recherchant une solution simple et ergonomique pour piloter facilement leur chauffage, en fonction de l\u2019occupation des locaux et de l\u2019activit\u00e9 \u00e9conomique.<\/p>\n\n\n\n<ul class=\"wp-block-list\">\n<li><strong>Jusqu\u2019\u00e0 15% d\u2019\u00e9conomie sur sa consommation<\/strong> de chauffage \u00e9lectrique<\/li>\n\n\n\n<li><strong>Contr\u00f4le \u00e0 distance des appareils de chauffage et programmation fine <\/strong>pour ne chauffer que quand les locaux sont occup\u00e9s et limiter les gaspillages,<\/li>\n\n\n\n<li><strong>Suivi de consommation avanc\u00e9 <\/strong>pour savoir o\u00f9 et quand l\u2019\u00e9lectricit\u00e9 est d\u00e9pens\u00e9e<\/li>\n\n\n\n<li><strong>Rapports et alertes automatis\u00e9s<\/strong><\/li>\n\n\n\n<li><strong>Pr\u00e9vision de d\u00e9pense mensuelle sur le poste \u00ab&nbsp;chauffage&nbsp;\u00bb<\/strong><\/li>\n\n\n\n<li><strong>Jusqu\u2019\u00e0 75% de r\u00e9duction des \u00e9missions de CO<sub>2 <\/sub>du site<\/strong><\/li>\n\n\n\n<li><strong>100% gratuit et sans abonnement<\/strong><\/li>\n<\/ul>\n\n\n\n<p>Contrairement aux autres solutions professionnelles du march\u00e9, <strong>la solution Voltalis PRO<\/strong> <strong>est en effet totalement gratuite <\/strong>car le dispositif participe directement au lissage des pointes de consommation \u00e9lectriques et \u00e0 la transition \u00e9nerg\u00e9tique du pays.<\/p>\n\n\n\n<blockquote class=\"wp-block-quote is-layout-flow wp-block-quote-is-layout-flow\">\n<p><em>Les propri\u00e9taires et locataires de locaux commerciaux et de b\u00e2timents tertiaires font face \u00e0 un d\u00e9fi de taille : limiter leur consommation \u00e9nerg\u00e9tique pour \u00e9viter des d\u00e9penses d\u2019\u00e9lectricit\u00e9 excessives. Voltalis PRO constitue la seule solution totalement gratuite du march\u00e9 qui va leur permettre de garder le contr\u00f4le de leur facture de chauffage, tout en contribuant \u00e0 la s\u00e9curit\u00e9 du r\u00e9seau et \u00e0 la transition \u00e9cologique.<\/em><\/p>\n\n\n\n<p><em>La solution Voltalis PRO r\u00e9pond aux objectifs de contribution des professionnels au plan de sobri\u00e9t\u00e9 \u00e9nerg\u00e9tique et participe \u00e0 la s\u00e9curisation de l\u2019activit\u00e9 \u00e9conomique en limitant les risques de coupures cet hiver.<\/em><\/p>\n\n\n\n<p><em>Nous sommes heureux de mettre notre savoir-faire, acquis depuis plus de dix au travers du pilotage d\u2019un million de radiateurs dans le r\u00e9sidentiel, au service du secteur tertiaire.<\/em><\/p>\n<cite><strong>Mathieu Bineau, Directeur G\u00e9n\u00e9ral de Voltalis<\/strong><\/cite><\/blockquote>\n\n\n\n<h2 class=\"wp-block-heading\"><strong>Voltalis PRO : des \u00e9conomies d\u2019\u00e9nergie au service de la s\u00e9curit\u00e9 de notre syst\u00e8me \u00e9lectrique<\/strong><\/h2>\n\n\n\n<p>Le contexte de tension sur l\u2019approvisionnement en gaz, le retard pris dans la maintenance des centrales nucl\u00e9aires et le d\u00e9veloppement des \u00e9nergies renouvelables intermittentes impose au syst\u00e8me \u00e9lectrique fran\u00e7ais de trouver tr\u00e8s rapidement de nouvelles sources de flexibilit\u00e9, habituellement apport\u00e9es par les centrales thermiques (\u00e0 gaz ou au charbon).<\/p>\n\n\n\n<p>Le chauffage \u00e9lectrique des b\u00e2timents repr\u00e9sente plus de 40% de la consommation de pointe en France. Il s\u2019agit donc d\u2019une source de flexibilit\u00e9 essentielle pour le r\u00e9seau mais \u00e9galement un fort enjeu d\u2019\u00e9conomies pour les consommateurs professionnels.<\/p>\n\n\n\n<p>\u00c9quip\u00e9s du dispositif Voltalis, les bureaux, locaux commerciaux et sites tertiaire peuvent aujourd\u2019hui contribuer \u00e0 l\u2019effort national de r\u00e9duction de la pointe \u00e9lectrique. Aux moments o\u00f9 le syst\u00e8me \u00e9lectrique en a besoin (pics de demande ou baisses de production des \u00e9nergies renouvelables), la technologie de pilotage intelligent de la consommation de Voltalis peut agir sur la demande de millions d\u2019\u00e9quipements de chauffage. Ce pilotage intelligent permet de soulager le r\u00e9seau et contribue directement \u00e0 sa stabilit\u00e9, tout en limitant le recours aux centrales thermiques d\u2019appoint co\u00fbteuses et polluantes. Voltalis PRO permet de r\u00e9pondre concr\u00e8tement aux engagements de sobri\u00e9t\u00e9 que de nombreuses entreprises ont d\u00e9j\u00e0 pris envers RTE au travers de la <a href=\"https:\/\/www.rte-france.com\/actualites\/ecowatt-100-entreprises-engagent-reduire-consommation-electrique\"><strong>charte EcoWatt<\/strong><\/a><strong>,<\/strong> et pr\u00e9pare \u00e9galement l\u2019application du <a href=\"https:\/\/www.legifrance.gouv.fr\/jorf\/id\/JORFTEXT000042128488\/\"><strong>d\u00e9cret BACS<\/strong><\/a><strong> (Building Automation &amp; Control Systems)<\/strong>, une norme qui entrera en vigueur en 2025 et dont le seuil de puissance nominale des \u00e9quipements de chauffage vient d\u2019\u00eatre abaiss\u00e9 aux sites de 70 kW.<\/p>\n\n\n\n<p>Pour en savoir plus sur la solution Voltalis PRO : <a href=\"https:\/\/www.voltalis.com\/entreprises\"><strong>https:\/\/www.voltalis.com\/pro<\/strong><\/a>&nbsp;<\/p>\n\n\n\n<p><strong>Contact presse&nbsp;: <\/strong><a href=\"mailto:voltalis@lagencerp.com\">voltalis@lagencerp.com<\/a> &#8211; Raya Rizk 07 63 18 60 15 et Camille Techer 07 62 15 76 99<\/p>\n\n\n\n<p><strong><a href=\"https:\/\/group.voltalis.com\/wp-content\/uploads\/2022\/10\/Voltalis-Communique-de-presse-Voltalis-PRO.pdf\" target=\"_blank\" rel=\"noreferrer noopener\">T\u00e9l\u00e9charger le communiqu\u00e9 de presse<\/a><\/strong><\/p>\n\n\n\n<p><\/p>\n","protected":false},"excerpt":{"rendered":"<p>Plan de sobri\u00e9t\u00e9&nbsp;\u00e9nerg\u00e9tique&nbsp;: Voltalis enrichit ses solutions avec Voltalis PRO, son offre de pilotage du chauffage \u00e9lectrique totalement gratuite d\u00e9di\u00e9e aux professionnels et aux b\u00e2timents tertiaires leur permettant de contribuer, sans frais, \u00e0 l\u2019effort national de sobri\u00e9t\u00e9. Voltalis, leader du pilotage intelligent de la consommation \u00e9lectrique innove encore et annonce aujourd\u2019hui le lancement d\u2019une offre [&hellip;]<\/p>\n","protected":false},"author":1,"featured_media":0,"comment_status":"open","ping_status":"closed","sticky":false,"template":"","format":"standard","meta":{"_acf_changed":false,"inline_featured_image":false,"footnotes":""},"categories":[200,3],"tags":[],"class_list":["post-6286","post","type-post","status-publish","format-standard","hentry","category-entreprise","category-communiques-de-presse"],"acf":[],"yoast_head":"<!-- This site is optimized with the Yoast SEO plugin v27.5 - https:\/\/yoast.com\/product\/yoast-seo-wordpress\/ -->\n<title>Voltalis lance Voltalis Pro sa solution d\u00e9di\u00e9e aux pros et au tertiaire<\/title>\n<meta name=\"description\" content=\"Voltalis PRO est la seule offre totalement gratuite de pilotage du chauffage \u00e9lectrique d\u00e9di\u00e9e aux professionnels et aux b\u00e2timents tertiaires\" \/>\n<meta name=\"robots\" content=\"index, follow, max-snippet:-1, max-image-preview:large, max-video-preview:-1\" \/>\n<link rel=\"canonical\" href=\"https:\/\/group.voltalis.com\/fr\/type-de-contenu\/communiques-de-presse\/voltalis-lance-voltalis-pro-sa-solution-dediee-au-tertiaire-6286\" \/>\n<meta property=\"og:locale\" content=\"fr_FR\" \/>\n<meta property=\"og:type\" content=\"article\" \/>\n<meta property=\"og:title\" content=\"Voltalis lance Voltalis Pro sa solution d\u00e9di\u00e9e aux pros et au tertiaire\" \/>\n<meta property=\"og:description\" content=\"Voltalis PRO est la seule offre totalement gratuite de pilotage du chauffage \u00e9lectrique d\u00e9di\u00e9e aux professionnels et aux b\u00e2timents tertiaires\" \/>\n<meta property=\"og:url\" content=\"https:\/\/group.voltalis.com\/fr\/type-de-contenu\/communiques-de-presse\/voltalis-lance-voltalis-pro-sa-solution-dediee-au-tertiaire-6286\" \/>\n<meta property=\"og:site_name\" content=\"Groupe Voltalis\" \/>\n<meta property=\"article:publisher\" content=\"https:\/\/www.facebook.com\/pages\/category\/Product-Service\/Voltalis-178720392179068\/\" \/>\n<meta property=\"article:published_time\" content=\"2022-10-19T09:44:56+00:00\" \/>\n<meta property=\"article:modified_time\" content=\"2025-09-04T12:37:39+00:00\" \/>\n<meta property=\"og:image\" content=\"https:\/\/group.voltalis.com\/wp-content\/uploads\/2022\/10\/bandeau-voltalis-pro-scaled.jpg\" \/>\n\t<meta property=\"og:image:width\" content=\"2560\" \/>\n\t<meta property=\"og:image:height\" content=\"546\" \/>\n\t<meta property=\"og:image:type\" content=\"image\/jpeg\" \/>\n<meta name=\"author\" content=\"admin\" \/>\n<meta name=\"twitter:card\" content=\"summary_large_image\" \/>\n<meta name=\"twitter:label1\" content=\"\u00c9crit par\" \/>\n\t<meta name=\"twitter:data1\" content=\"admin\" \/>\n\t<meta name=\"twitter:label2\" content=\"Dur\u00e9e de lecture estim\u00e9e\" \/>\n\t<meta name=\"twitter:data2\" content=\"4 minutes\" \/>\n<script type=\"application\/ld+json\" class=\"yoast-schema-graph\">{\"@context\":\"https:\\\/\\\/schema.org\",\"@graph\":[{\"@type\":\"Article\",\"@id\":\"https:\\\/\\\/group.voltalis.com\\\/fr\\\/type-de-contenu\\\/communiques-de-presse\\\/voltalis-lance-voltalis-pro-sa-solution-dediee-au-tertiaire-6286#article\",\"isPartOf\":{\"@id\":\"https:\\\/\\\/group.voltalis.com\\\/fr\\\/type-de-contenu\\\/communiques-de-presse\\\/voltalis-lance-voltalis-pro-sa-solution-dediee-au-tertiaire-6286\"},\"author\":{\"name\":\"admin\",\"@id\":\"https:\\\/\\\/group.voltalis.com\\\/en\\\/#\\\/schema\\\/person\\\/cd75df70a442080ba333ff81754527b8\"},\"headline\":\"Voltalis lance Voltalis PRO, sa solution d\u00e9di\u00e9e au tertiaire\",\"datePublished\":\"2022-10-19T09:44:56+00:00\",\"dateModified\":\"2025-09-04T12:37:39+00:00\",\"mainEntityOfPage\":{\"@id\":\"https:\\\/\\\/group.voltalis.com\\\/fr\\\/type-de-contenu\\\/communiques-de-presse\\\/voltalis-lance-voltalis-pro-sa-solution-dediee-au-tertiaire-6286\"},\"wordCount\":1043,\"commentCount\":0,\"image\":{\"@id\":\"https:\\\/\\\/group.voltalis.com\\\/fr\\\/type-de-contenu\\\/communiques-de-presse\\\/voltalis-lance-voltalis-pro-sa-solution-dediee-au-tertiaire-6286#primaryimage\"},\"thumbnailUrl\":\"https:\\\/\\\/group.voltalis.com\\\/wp-content\\\/uploads\\\/2022\\\/10\\\/bandeau-voltalis-pro-1024x218.jpg\",\"articleSection\":[\"Entreprise\",\"Communiqu\u00e9s\"],\"inLanguage\":\"fr-FR\"},{\"@type\":\"WebPage\",\"@id\":\"https:\\\/\\\/group.voltalis.com\\\/fr\\\/type-de-contenu\\\/communiques-de-presse\\\/voltalis-lance-voltalis-pro-sa-solution-dediee-au-tertiaire-6286\",\"url\":\"https:\\\/\\\/group.voltalis.com\\\/fr\\\/type-de-contenu\\\/communiques-de-presse\\\/voltalis-lance-voltalis-pro-sa-solution-dediee-au-tertiaire-6286\",\"name\":\"Voltalis lance Voltalis Pro sa solution d\u00e9di\u00e9e aux pros et au tertiaire\",\"isPartOf\":{\"@id\":\"https:\\\/\\\/group.voltalis.com\\\/en\\\/#website\"},\"primaryImageOfPage\":{\"@id\":\"https:\\\/\\\/group.voltalis.com\\\/fr\\\/type-de-contenu\\\/communiques-de-presse\\\/voltalis-lance-voltalis-pro-sa-solution-dediee-au-tertiaire-6286#primaryimage\"},\"image\":{\"@id\":\"https:\\\/\\\/group.voltalis.com\\\/fr\\\/type-de-contenu\\\/communiques-de-presse\\\/voltalis-lance-voltalis-pro-sa-solution-dediee-au-tertiaire-6286#primaryimage\"},\"thumbnailUrl\":\"https:\\\/\\\/group.voltalis.com\\\/wp-content\\\/uploads\\\/2022\\\/10\\\/bandeau-voltalis-pro-1024x218.jpg\",\"datePublished\":\"2022-10-19T09:44:56+00:00\",\"dateModified\":\"2025-09-04T12:37:39+00:00\",\"author\":{\"@id\":\"https:\\\/\\\/group.voltalis.com\\\/en\\\/#\\\/schema\\\/person\\\/cd75df70a442080ba333ff81754527b8\"},\"description\":\"Voltalis PRO est la seule offre totalement gratuite de pilotage du chauffage \u00e9lectrique d\u00e9di\u00e9e aux professionnels et aux b\u00e2timents tertiaires\",\"breadcrumb\":{\"@id\":\"https:\\\/\\\/group.voltalis.com\\\/fr\\\/type-de-contenu\\\/communiques-de-presse\\\/voltalis-lance-voltalis-pro-sa-solution-dediee-au-tertiaire-6286#breadcrumb\"},\"inLanguage\":\"fr-FR\",\"potentialAction\":[{\"@type\":\"ReadAction\",\"target\":[\"https:\\\/\\\/group.voltalis.com\\\/fr\\\/type-de-contenu\\\/communiques-de-presse\\\/voltalis-lance-voltalis-pro-sa-solution-dediee-au-tertiaire-6286\"]}]},{\"@type\":\"ImageObject\",\"inLanguage\":\"fr-FR\",\"@id\":\"https:\\\/\\\/group.voltalis.com\\\/fr\\\/type-de-contenu\\\/communiques-de-presse\\\/voltalis-lance-voltalis-pro-sa-solution-dediee-au-tertiaire-6286#primaryimage\",\"url\":\"https:\\\/\\\/group.voltalis.com\\\/wp-content\\\/uploads\\\/2022\\\/10\\\/bandeau-voltalis-pro-1024x218.jpg\",\"contentUrl\":\"https:\\\/\\\/group.voltalis.com\\\/wp-content\\\/uploads\\\/2022\\\/10\\\/bandeau-voltalis-pro-1024x218.jpg\"},{\"@type\":\"BreadcrumbList\",\"@id\":\"https:\\\/\\\/group.voltalis.com\\\/fr\\\/type-de-contenu\\\/communiques-de-presse\\\/voltalis-lance-voltalis-pro-sa-solution-dediee-au-tertiaire-6286#breadcrumb\",\"itemListElement\":[{\"@type\":\"ListItem\",\"position\":1,\"name\":\"Home\",\"item\":\"https:\\\/\\\/group.voltalis.com\\\/fr\"},{\"@type\":\"ListItem\",\"position\":2,\"name\":\"Voltalis lance Voltalis PRO, sa solution d\u00e9di\u00e9e au tertiaire\"}]},{\"@type\":\"WebSite\",\"@id\":\"https:\\\/\\\/group.voltalis.com\\\/en\\\/#website\",\"url\":\"https:\\\/\\\/group.voltalis.com\\\/en\\\/\",\"name\":\"Groupe Voltalis\",\"description\":\"Bien plus que des \u00e9conomies d&#039;\u00e9nergie\",\"potentialAction\":[{\"@type\":\"SearchAction\",\"target\":{\"@type\":\"EntryPoint\",\"urlTemplate\":\"https:\\\/\\\/group.voltalis.com\\\/en\\\/?s={search_term_string}\"},\"query-input\":{\"@type\":\"PropertyValueSpecification\",\"valueRequired\":true,\"valueName\":\"search_term_string\"}}],\"inLanguage\":\"fr-FR\"},{\"@type\":\"Person\",\"@id\":\"https:\\\/\\\/group.voltalis.com\\\/en\\\/#\\\/schema\\\/person\\\/cd75df70a442080ba333ff81754527b8\",\"name\":\"admin\",\"image\":{\"@type\":\"ImageObject\",\"inLanguage\":\"fr-FR\",\"@id\":\"https:\\\/\\\/secure.gravatar.com\\\/avatar\\\/d33819406c6fd656ae073a4bf8663fc5da17ca34c0a8d21882949b205ec67922?s=96&d=mm&r=g\",\"url\":\"https:\\\/\\\/secure.gravatar.com\\\/avatar\\\/d33819406c6fd656ae073a4bf8663fc5da17ca34c0a8d21882949b205ec67922?s=96&d=mm&r=g\",\"contentUrl\":\"https:\\\/\\\/secure.gravatar.com\\\/avatar\\\/d33819406c6fd656ae073a4bf8663fc5da17ca34c0a8d21882949b205ec67922?s=96&d=mm&r=g\",\"caption\":\"admin\"},\"sameAs\":[\"https:\\\/\\\/group.voltalis.com\"],\"url\":\"https:\\\/\\\/group.voltalis.com\\\/fr\\\/author\\\/admin\"}]}<\/script>\n<!-- \/ Yoast SEO plugin. -->","yoast_head_json":{"title":"Voltalis lance Voltalis Pro sa solution d\u00e9di\u00e9e aux pros et au tertiaire","description":"Voltalis PRO est la seule offre totalement gratuite de pilotage du chauffage \u00e9lectrique d\u00e9di\u00e9e aux professionnels et aux b\u00e2timents tertiaires","robots":{"index":"index","follow":"follow","max-snippet":"max-snippet:-1","max-image-preview":"max-image-preview:large","max-video-preview":"max-video-preview:-1"},"canonical":"https:\/\/group.voltalis.com\/fr\/type-de-contenu\/communiques-de-presse\/voltalis-lance-voltalis-pro-sa-solution-dediee-au-tertiaire-6286","og_locale":"fr_FR","og_type":"article","og_title":"Voltalis lance Voltalis Pro sa solution d\u00e9di\u00e9e aux pros et au tertiaire","og_description":"Voltalis PRO est la seule offre totalement gratuite de pilotage du chauffage \u00e9lectrique d\u00e9di\u00e9e aux professionnels et aux b\u00e2timents tertiaires","og_url":"https:\/\/group.voltalis.com\/fr\/type-de-contenu\/communiques-de-presse\/voltalis-lance-voltalis-pro-sa-solution-dediee-au-tertiaire-6286","og_site_name":"Groupe Voltalis","article_publisher":"https:\/\/www.facebook.com\/pages\/category\/Product-Service\/Voltalis-178720392179068\/","article_published_time":"2022-10-19T09:44:56+00:00","article_modified_time":"2025-09-04T12:37:39+00:00","og_image":[{"width":2560,"height":546,"url":"https:\/\/group.voltalis.com\/wp-content\/uploads\/2022\/10\/bandeau-voltalis-pro-scaled.jpg","type":"image\/jpeg"}],"author":"admin","twitter_card":"summary_large_image","twitter_misc":{"\u00c9crit par":"admin","Dur\u00e9e de lecture estim\u00e9e":"4 minutes"},"schema":{"@context":"https:\/\/schema.org","@graph":[{"@type":"Article","@id":"https:\/\/group.voltalis.com\/fr\/type-de-contenu\/communiques-de-presse\/voltalis-lance-voltalis-pro-sa-solution-dediee-au-tertiaire-6286#article","isPartOf":{"@id":"https:\/\/group.voltalis.com\/fr\/type-de-contenu\/communiques-de-presse\/voltalis-lance-voltalis-pro-sa-solution-dediee-au-tertiaire-6286"},"author":{"name":"admin","@id":"https:\/\/group.voltalis.com\/en\/#\/schema\/person\/cd75df70a442080ba333ff81754527b8"},"headline":"Voltalis lance Voltalis PRO, sa solution d\u00e9di\u00e9e au tertiaire","datePublished":"2022-10-19T09:44:56+00:00","dateModified":"2025-09-04T12:37:39+00:00","mainEntityOfPage":{"@id":"https:\/\/group.voltalis.com\/fr\/type-de-contenu\/communiques-de-presse\/voltalis-lance-voltalis-pro-sa-solution-dediee-au-tertiaire-6286"},"wordCount":1043,"commentCount":0,"image":{"@id":"https:\/\/group.voltalis.com\/fr\/type-de-contenu\/communiques-de-presse\/voltalis-lance-voltalis-pro-sa-solution-dediee-au-tertiaire-6286#primaryimage"},"thumbnailUrl":"https:\/\/group.voltalis.com\/wp-content\/uploads\/2022\/10\/bandeau-voltalis-pro-1024x218.jpg","articleSection":["Entreprise","Communiqu\u00e9s"],"inLanguage":"fr-FR"},{"@type":"WebPage","@id":"https:\/\/group.voltalis.com\/fr\/type-de-contenu\/communiques-de-presse\/voltalis-lance-voltalis-pro-sa-solution-dediee-au-tertiaire-6286","url":"https:\/\/group.voltalis.com\/fr\/type-de-contenu\/communiques-de-presse\/voltalis-lance-voltalis-pro-sa-solution-dediee-au-tertiaire-6286","name":"Voltalis lance Voltalis Pro sa solution d\u00e9di\u00e9e aux pros et au tertiaire","isPartOf":{"@id":"https:\/\/group.voltalis.com\/en\/#website"},"primaryImageOfPage":{"@id":"https:\/\/group.voltalis.com\/fr\/type-de-contenu\/communiques-de-presse\/voltalis-lance-voltalis-pro-sa-solution-dediee-au-tertiaire-6286#primaryimage"},"image":{"@id":"https:\/\/group.voltalis.com\/fr\/type-de-contenu\/communiques-de-presse\/voltalis-lance-voltalis-pro-sa-solution-dediee-au-tertiaire-6286#primaryimage"},"thumbnailUrl":"https:\/\/group.voltalis.com\/wp-content\/uploads\/2022\/10\/bandeau-voltalis-pro-1024x218.jpg","datePublished":"2022-10-19T09:44:56+00:00","dateModified":"2025-09-04T12:37:39+00:00","author":{"@id":"https:\/\/group.voltalis.com\/en\/#\/schema\/person\/cd75df70a442080ba333ff81754527b8"},"description":"Voltalis PRO est la seule offre totalement gratuite de pilotage du chauffage \u00e9lectrique d\u00e9di\u00e9e aux professionnels et aux b\u00e2timents tertiaires","breadcrumb":{"@id":"https:\/\/group.voltalis.com\/fr\/type-de-contenu\/communiques-de-presse\/voltalis-lance-voltalis-pro-sa-solution-dediee-au-tertiaire-6286#breadcrumb"},"inLanguage":"fr-FR","potentialAction":[{"@type":"ReadAction","target":["https:\/\/group.voltalis.com\/fr\/type-de-contenu\/communiques-de-presse\/voltalis-lance-voltalis-pro-sa-solution-dediee-au-tertiaire-6286"]}]},{"@type":"ImageObject","inLanguage":"fr-FR","@id":"https:\/\/group.voltalis.com\/fr\/type-de-contenu\/communiques-de-presse\/voltalis-lance-voltalis-pro-sa-solution-dediee-au-tertiaire-6286#primaryimage","url":"https:\/\/group.voltalis.com\/wp-content\/uploads\/2022\/10\/bandeau-voltalis-pro-1024x218.jpg","contentUrl":"https:\/\/group.voltalis.com\/wp-content\/uploads\/2022\/10\/bandeau-voltalis-pro-1024x218.jpg"},{"@type":"BreadcrumbList","@id":"https:\/\/group.voltalis.com\/fr\/type-de-contenu\/communiques-de-presse\/voltalis-lance-voltalis-pro-sa-solution-dediee-au-tertiaire-6286#breadcrumb","itemListElement":[{"@type":"ListItem","position":1,"name":"Home","item":"https:\/\/group.voltalis.com\/fr"},{"@type":"ListItem","position":2,"name":"Voltalis lance Voltalis PRO, sa solution d\u00e9di\u00e9e au tertiaire"}]},{"@type":"WebSite","@id":"https:\/\/group.voltalis.com\/en\/#website","url":"https:\/\/group.voltalis.com\/en\/","name":"Groupe Voltalis","description":"Bien plus que des \u00e9conomies d&#039;\u00e9nergie","potentialAction":[{"@type":"SearchAction","target":{"@type":"EntryPoint","urlTemplate":"https:\/\/group.voltalis.com\/en\/?s={search_term_string}"},"query-input":{"@type":"PropertyValueSpecification","valueRequired":true,"valueName":"search_term_string"}}],"inLanguage":"fr-FR"},{"@type":"Person","@id":"https:\/\/group.voltalis.com\/en\/#\/schema\/person\/cd75df70a442080ba333ff81754527b8","name":"admin","image":{"@type":"ImageObject","inLanguage":"fr-FR","@id":"https:\/\/secure.gravatar.com\/avatar\/d33819406c6fd656ae073a4bf8663fc5da17ca34c0a8d21882949b205ec67922?s=96&d=mm&r=g","url":"https:\/\/secure.gravatar.com\/avatar\/d33819406c6fd656ae073a4bf8663fc5da17ca34c0a8d21882949b205ec67922?s=96&d=mm&r=g","contentUrl":"https:\/\/secure.gravatar.com\/avatar\/d33819406c6fd656ae073a4bf8663fc5da17ca34c0a8d21882949b205ec67922?s=96&d=mm&r=g","caption":"admin"},"sameAs":["https:\/\/group.voltalis.com"],"url":"https:\/\/group.voltalis.com\/fr\/author\/admin"}]}},"_links":{"self":[{"href":"https:\/\/group.voltalis.com\/fr\/wp-json\/wp\/v2\/posts\/6286","targetHints":{"allow":["GET"]}}],"collection":[{"href":"https:\/\/group.voltalis.com\/fr\/wp-json\/wp\/v2\/posts"}],"about":[{"href":"https:\/\/group.voltalis.com\/fr\/wp-json\/wp\/v2\/types\/post"}],"author":[{"embeddable":true,"href":"https:\/\/group.voltalis.com\/fr\/wp-json\/wp\/v2\/users\/1"}],"replies":[{"embeddable":true,"href":"https:\/\/group.voltalis.com\/fr\/wp-json\/wp\/v2\/comments?post=6286"}],"version-history":[{"count":1,"href":"https:\/\/group.voltalis.com\/fr\/wp-json\/wp\/v2\/posts\/6286\/revisions"}],"predecessor-version":[{"id":10340,"href":"https:\/\/group.voltalis.com\/fr\/wp-json\/wp\/v2\/posts\/6286\/revisions\/10340"}],"wp:attachment":[{"href":"https:\/\/group.voltalis.com\/fr\/wp-json\/wp\/v2\/media?parent=6286"}],"wp:term":[{"taxonomy":"category","embeddable":true,"href":"https:\/\/group.voltalis.com\/fr\/wp-json\/wp\/v2\/categories?post=6286"},{"taxonomy":"post_tag","embeddable":true,"href":"https:\/\/group.voltalis.com\/fr\/wp-json\/wp\/v2\/tags?post=6286"}],"curies":[{"name":"wp","href":"https:\/\/api.w.org\/{rel}","templated":true}]}}