{"id":6332,"date":"2022-11-25T08:57:00","date_gmt":"2022-11-25T07:57:00","guid":{"rendered":"https:\/\/group.voltalis.com\/?p=6332"},"modified":"2025-09-04T15:12:24","modified_gmt":"2025-09-04T13:12:24","slug":"niort-agglo-soutient-le-dispositif-voltalis","status":"publish","type":"post","link":"https:\/\/group.voltalis.com\/fr\/type-de-contenu\/communiques-de-presse\/niort-agglo-soutient-le-dispositif-voltalis-6332","title":{"rendered":"Sobri\u00e9t\u00e9 \u00e9nerg\u00e9tique : Niort Agglo agit en faveur de la sobri\u00e9t\u00e9 \u00e9nerg\u00e9tique et de la s\u00e9curit\u00e9 de l\u2019approvisionnement \u00e9lectrique cet hiver en soutenant le d\u00e9ploiement du dispositif Voltalis"},"content":{"rendered":"\n<p>La hausse des prix de l\u2019\u00e9nergie et les risques de coupures d\u2019\u00e9lectricit\u00e9 cet hiver conduisent la communaut\u00e9 d&rsquo;agglom\u00e9ration du Niortais \u00e0 se mobiliser pour soutenir ses habitants et les aider \u00e0 r\u00e9duire leur consommation tout en contribuant \u00e0 la s\u00e9curit\u00e9 du r\u00e9seau. La collectivit\u00e9 r\u00e9pond ainsi \u00e0 l\u2019appel \u00e0 la mobilisation g\u00e9n\u00e9rale des pouvoirs publics en faveur de la sobri\u00e9t\u00e9 \u00e9nerg\u00e9tique.<\/p>\n\n\n\n<p><a href=\"https:\/\/www.niortagglo.fr\/\" target=\"_blank\" rel=\"noreferrer noopener nofollow\">Niort Agglo<\/a> met actuellement en \u0153uvre son Plan Climat Air Energie Territorial (PCAET), autour de 40 actions r\u00e9parties sur 4 axes strat\u00e9giques (mobilit\u00e9, r\u00e9novation \u00e9nerg\u00e9tique, production d\u2019\u00e9nergies renouvelables, actions agricoles). Ainsi, c\u2019est l\u2019ensemble du territoire qui est aujourd\u2019hui engag\u00e9 dans une trajectoire bas carbone, en visant la neutralit\u00e9 carbone en 2050, avec une \u00e9tape interm\u00e9diaire de -30% d\u2019\u00e9mission de gaz \u00e0 effet de serre en 2030, par rapport \u00e0 2015.<\/p>\n\n\n\n<p>Depuis le 28 novembre, Niort Agglo a mis en \u0153uvre une nouvelle action concr\u00e8te dans le cadre de son PCAET : un partenariat avec la soci\u00e9t\u00e9 Voltalis a \u00e9t\u00e9 sign\u00e9 pour permettre <strong>aux 19 500 logements chauff\u00e9s au tout \u00e9lectrique<\/strong> sur le territoire <strong>de b\u00e9n\u00e9ficier gratuitement d\u2019un dispositif d\u2019\u00e9conomies d\u2019\u00e9nergies innovant<\/strong>. Toujours avec un temps d\u2019avance, Niort Agglo est la premi\u00e8re collectivit\u00e9 des Deux-S\u00e8vres \u00e0 s\u2019associer \u00e0 cette d\u00e9marche \u00e9cocitoyenne.<\/p>\n\n\n\n<h3 class=\"wp-block-heading\"><strong>Voltalis : le dispositif gratuit et sans abonnement pour piloter son chauffage \u00e9lectrique sur le territoire de Niort Agglo<\/strong><\/h3>\n\n\n\n<p>Afin d\u2019offrir aux foyers la possibilit\u00e9 de piloter leur chauffage et de tendre vers plus de sobri\u00e9t\u00e9, la soci\u00e9t\u00e9 Voltalis installe gratuitement un petit boitier connect\u00e9 sur chaque radiateur \u00e9lectrique du logement. Cette installation ne n\u00e9cessite pas de gros travaux, ni de changer ses radiateurs ou de fournisseur d\u2019\u00e9nergie.<\/p>\n\n\n\n<p>Ce dispositif innovant permet de suivre sa consommation \u00e9lectrique et piloter intelligemment son chauffage pour ne chauffer que lorsque c\u2019est n\u00e9cessaire et r\u00e9duire les gaspillages, quand on est absent par exemple. Les foyers \u00e9quip\u00e9s peuvent ainsi r\u00e9aliser jusqu\u2019\u00e0 <strong>15% d\u2019\u00e9conomies sur la consommation annuelle de leur logement,<\/strong> <strong>tout en am\u00e9liorant leur confort au quotidien<\/strong>.<\/p>\n\n\n\n<p>Pour ma\u00eetriser leurs d\u00e9penses, les foyers \u00e9quip\u00e9s disposent \u00e9galement de <a href=\"https:\/\/www.voltalis.com\/myvoltalis-lapplication-de-suivi-de-consommation-electrique\" target=\"_blank\" rel=\"noreferrer noopener\">MyVoltalis<\/a>, leur espace personnel qui leur permet de&nbsp;:<\/p>\n\n\n\n<ul class=\"wp-block-list\">\n<li><strong>programmer en toute simplicit\u00e9 leur chauffage \u00e9lectrique<\/strong> pour plus de confort et d\u2019\u00e9conomies,<\/li>\n\n\n\n<li><strong>suivre<\/strong> <strong>leurs consommations \u00e9lectriques<\/strong> pour agir sur les postes cl\u00e9s,<\/li>\n\n\n\n<li>b\u00e9n\u00e9ficier <strong>d\u2019alertes en cas de surconsommation<\/strong> ainsi que de <strong>conseils<\/strong> <strong>utiles<\/strong> pour d\u00e9penser moins.<\/li>\n<\/ul>\n\n\n\n<figure class=\"wp-block-image size-full\"><img loading=\"lazy\" decoding=\"async\" width=\"992\" height=\"324\" src=\"https:\/\/group.voltalis.com\/wp-content\/uploads\/2022\/09\/image.png\" alt=\"Le thermostat connect\u00e9 Voltalis et son application de suivi et de pilotage\" class=\"wp-image-6178\" srcset=\"https:\/\/group.voltalis.com\/wp-content\/uploads\/2022\/09\/image.png 992w, https:\/\/group.voltalis.com\/wp-content\/uploads\/2022\/09\/image-300x98.png 300w, https:\/\/group.voltalis.com\/wp-content\/uploads\/2022\/09\/image-768x251.png 768w\" sizes=\"auto, (max-width: 992px) 100vw, 992px\" \/><figcaption class=\"wp-element-caption\">Le thermostat connect\u00e9 Voltalis et son application de suivi et de pilotage<\/figcaption><\/figure>\n\n\n\n<h3 class=\"wp-block-heading\"><strong>Avec Voltalis, Niort Agglo se dote d&rsquo;un dispositif \u00e9cocitoyen et solidaire au service de la s\u00e9curit\u00e9 du r\u00e9seau \u00e9lectrique<\/strong><\/h3>\n\n\n\n<p>Au-del\u00e0 des services mis \u00e0 disposition pour ma\u00eetriser leurs d\u00e9penses, <strong>les logements \u00e9quip\u00e9s participent<\/strong> <strong>activement \u00e0 la s\u00e9curit\u00e9 de l\u2019approvisionnement \u00e9lectrique de tous.<\/strong><\/p>\n\n\n\n<p>En raison de la faibles de la production, les risques de p\u00e9nurie d\u2019\u00e9lectricit\u00e9 cet hiver sont r\u00e9els. \u00c0 tel point qu\u2019en cas de pic de consommation hivernal, RTE envisage des d\u00e9lestages locaux. &nbsp;<\/p>\n\n\n\n<p>\u00e0 ces moments critiques, Voltalis peut agir en r\u00e9duisant bri\u00e8vement la consommation de milliers d\u2019appareils connect\u00e9s \u00e0 ses bo\u00eetiers, <strong>sans impacter le confort des occupants<\/strong>. Le r\u00e9seau \u00e9lectrique est alors soulag\u00e9, ce qui limite les risques de coupures et <strong>\u00e9vite le recours syst\u00e9matiques \u00e0 des centrales thermiques au gaz ou au fioul<\/strong> pour soutenir la production.<\/p>\n\n\n\n<p><strong>Tous les occupants de logements chauff\u00e9s \u00e0 l\u2019\u00e9lectricit\u00e9<\/strong> sur le territoire du pays Niortais, <strong>propri\u00e9taires comme locataires<\/strong>, peuvent b\u00e9n\u00e9ficier gratuitement de ce dispositif, install\u00e9 en 2 heures 30 environ par un technicien agr\u00e9\u00e9. Pour en profiter, il suffit de contacter Voltalis et convenir d\u2019un rendez-vous d\u2019installation par t\u00e9l\u00e9phone, au <strong>05 40 25 69 96 <\/strong>(lundi au samedi, 9h-18h) ou par courriel \u00e0 l\u2019adresse suivante : <strong><a href=\"mailto:contact@voltalis.com\">contact@voltalis.com<\/a> <\/strong>&nbsp;&nbsp;<\/p>\n\n\n\n<p><strong>Contacts presse&nbsp;:<\/strong><\/p>\n\n\n\n<ul class=\"wp-block-list\">\n<li><strong>Pour Niort Agglo : <\/strong>Vincent ROUVREAU \u2013 Directeur communication \u2013 <a href=\"mailto:vincent.rouvreau@agglo-niort.fr\">vincent.rouvreau@agglo-niort.fr<\/a><strong><\/strong><\/li>\n<\/ul>\n\n\n\n<ul class=\"wp-block-list\">\n<li><strong>Pour Voltalis&nbsp;: <\/strong><a href=\"mailto:voltalis@lagencerp.com\">voltalis@lagencerp.com<\/a>&nbsp; &#8211; Raya Rizk +33 (0)7 63 18 60 15 et Camille Techer +33(0)7 62 15 76 99<\/li>\n<\/ul>\n\n\n\n<p><a href=\"https:\/\/group.voltalis.com\/wp-content\/uploads\/2022\/11\/Communique-de-presse-l-Partenariat-Voltalis-Niort-VF.pdf\" target=\"_blank\" rel=\"noreferrer noopener\">T\u00e9l\u00e9charger le communiqu\u00e9 de presse<\/a><\/p>\n","protected":false},"excerpt":{"rendered":"<p>La hausse des prix de l\u2019\u00e9nergie et les risques de coupures d\u2019\u00e9lectricit\u00e9 cet hiver conduisent la communaut\u00e9 d&rsquo;agglom\u00e9ration du Niortais \u00e0 se mobiliser pour soutenir ses habitants et les aider \u00e0 r\u00e9duire leur consommation tout en contribuant \u00e0 la s\u00e9curit\u00e9 du r\u00e9seau. La collectivit\u00e9 r\u00e9pond ainsi \u00e0 l\u2019appel \u00e0 la mobilisation g\u00e9n\u00e9rale des pouvoirs publics [&hellip;]<\/p>\n","protected":false},"author":1,"featured_media":0,"comment_status":"open","ping_status":"closed","sticky":false,"template":"","format":"standard","meta":{"_acf_changed":false,"inline_featured_image":false,"footnotes":""},"categories":[199,3],"tags":[],"class_list":["post-6332","post","type-post","status-publish","format-standard","hentry","category-collectivites","category-communiques-de-presse"],"acf":[],"yoast_head":"<!-- This site is optimized with the Yoast SEO plugin v27.5 - https:\/\/yoast.com\/product\/yoast-seo-wordpress\/ -->\n<title>Niort Agglo aide ses habitants \u00e0 r\u00e9aliser des \u00e9conomies<\/title>\n<meta name=\"description\" content=\"Sobri\u00e9t\u00e9 \u00e9nerg\u00e9tique\u00a0: Niort Agglo d\u00e9ploie le dispositif d&#039;\u00e9conomies d&#039;\u00e9nergie Voltalis et agit en faveur du pouvoir d&#039;achat de ses concitoyens\" \/>\n<meta name=\"robots\" content=\"index, follow, max-snippet:-1, max-image-preview:large, max-video-preview:-1\" \/>\n<link rel=\"canonical\" href=\"https:\/\/group.voltalis.com\/fr\/type-de-contenu\/communiques-de-presse\/niort-agglo-soutient-le-dispositif-voltalis-6332\" \/>\n<meta property=\"og:locale\" content=\"fr_FR\" \/>\n<meta property=\"og:type\" content=\"article\" \/>\n<meta property=\"og:title\" content=\"Niort Agglo aide ses habitants \u00e0 r\u00e9aliser des \u00e9conomies\" \/>\n<meta property=\"og:description\" content=\"Sobri\u00e9t\u00e9 \u00e9nerg\u00e9tique\u00a0: Niort Agglo d\u00e9ploie le dispositif d&#039;\u00e9conomies d&#039;\u00e9nergie Voltalis et agit en faveur du pouvoir d&#039;achat de ses concitoyens\" \/>\n<meta property=\"og:url\" content=\"https:\/\/group.voltalis.com\/fr\/type-de-contenu\/communiques-de-presse\/niort-agglo-soutient-le-dispositif-voltalis-6332\" \/>\n<meta property=\"og:site_name\" content=\"Groupe Voltalis\" \/>\n<meta property=\"article:publisher\" content=\"https:\/\/www.facebook.com\/pages\/category\/Product-Service\/Voltalis-178720392179068\/\" \/>\n<meta property=\"article:published_time\" content=\"2022-11-25T07:57:00+00:00\" \/>\n<meta property=\"article:modified_time\" content=\"2025-09-04T13:12:24+00:00\" \/>\n<meta property=\"og:image\" content=\"https:\/\/group.voltalis.com\/wp-content\/uploads\/2022\/09\/image.png\" \/>\n\t<meta property=\"og:image:width\" content=\"992\" \/>\n\t<meta property=\"og:image:height\" content=\"324\" \/>\n\t<meta property=\"og:image:type\" content=\"image\/png\" \/>\n<meta name=\"author\" content=\"admin\" \/>\n<meta name=\"twitter:card\" content=\"summary_large_image\" \/>\n<meta name=\"twitter:label1\" content=\"\u00c9crit par\" \/>\n\t<meta name=\"twitter:data1\" content=\"admin\" \/>\n\t<meta name=\"twitter:label2\" content=\"Dur\u00e9e de lecture estim\u00e9e\" \/>\n\t<meta name=\"twitter:data2\" content=\"3 minutes\" \/>\n<script type=\"application\/ld+json\" class=\"yoast-schema-graph\">{\"@context\":\"https:\\\/\\\/schema.org\",\"@graph\":[{\"@type\":\"Article\",\"@id\":\"https:\\\/\\\/group.voltalis.com\\\/fr\\\/type-de-contenu\\\/communiques-de-presse\\\/niort-agglo-soutient-le-dispositif-voltalis-6332#article\",\"isPartOf\":{\"@id\":\"https:\\\/\\\/group.voltalis.com\\\/fr\\\/type-de-contenu\\\/communiques-de-presse\\\/niort-agglo-soutient-le-dispositif-voltalis-6332\"},\"author\":{\"name\":\"admin\",\"@id\":\"https:\\\/\\\/group.voltalis.com\\\/en\\\/#\\\/schema\\\/person\\\/cd75df70a442080ba333ff81754527b8\"},\"headline\":\"Sobri\u00e9t\u00e9 \u00e9nerg\u00e9tique : Niort Agglo agit en faveur de la sobri\u00e9t\u00e9 \u00e9nerg\u00e9tique et de la s\u00e9curit\u00e9 de l\u2019approvisionnement \u00e9lectrique cet hiver en soutenant le d\u00e9ploiement du dispositif Voltalis\",\"datePublished\":\"2022-11-25T07:57:00+00:00\",\"dateModified\":\"2025-09-04T13:12:24+00:00\",\"mainEntityOfPage\":{\"@id\":\"https:\\\/\\\/group.voltalis.com\\\/fr\\\/type-de-contenu\\\/communiques-de-presse\\\/niort-agglo-soutient-le-dispositif-voltalis-6332\"},\"wordCount\":710,\"commentCount\":0,\"image\":{\"@id\":\"https:\\\/\\\/group.voltalis.com\\\/fr\\\/type-de-contenu\\\/communiques-de-presse\\\/niort-agglo-soutient-le-dispositif-voltalis-6332#primaryimage\"},\"thumbnailUrl\":\"https:\\\/\\\/group.voltalis.com\\\/wp-content\\\/uploads\\\/2022\\\/09\\\/image.png\",\"articleSection\":[\"Collectivit\u00e9s\",\"Communiqu\u00e9s\"],\"inLanguage\":\"fr-FR\"},{\"@type\":\"WebPage\",\"@id\":\"https:\\\/\\\/group.voltalis.com\\\/fr\\\/type-de-contenu\\\/communiques-de-presse\\\/niort-agglo-soutient-le-dispositif-voltalis-6332\",\"url\":\"https:\\\/\\\/group.voltalis.com\\\/fr\\\/type-de-contenu\\\/communiques-de-presse\\\/niort-agglo-soutient-le-dispositif-voltalis-6332\",\"name\":\"Niort Agglo aide ses habitants \u00e0 r\u00e9aliser des \u00e9conomies\",\"isPartOf\":{\"@id\":\"https:\\\/\\\/group.voltalis.com\\\/en\\\/#website\"},\"primaryImageOfPage\":{\"@id\":\"https:\\\/\\\/group.voltalis.com\\\/fr\\\/type-de-contenu\\\/communiques-de-presse\\\/niort-agglo-soutient-le-dispositif-voltalis-6332#primaryimage\"},\"image\":{\"@id\":\"https:\\\/\\\/group.voltalis.com\\\/fr\\\/type-de-contenu\\\/communiques-de-presse\\\/niort-agglo-soutient-le-dispositif-voltalis-6332#primaryimage\"},\"thumbnailUrl\":\"https:\\\/\\\/group.voltalis.com\\\/wp-content\\\/uploads\\\/2022\\\/09\\\/image.png\",\"datePublished\":\"2022-11-25T07:57:00+00:00\",\"dateModified\":\"2025-09-04T13:12:24+00:00\",\"author\":{\"@id\":\"https:\\\/\\\/group.voltalis.com\\\/en\\\/#\\\/schema\\\/person\\\/cd75df70a442080ba333ff81754527b8\"},\"description\":\"Sobri\u00e9t\u00e9 \u00e9nerg\u00e9tique\u00a0: Niort Agglo d\u00e9ploie le dispositif d'\u00e9conomies d'\u00e9nergie Voltalis et agit en faveur du pouvoir d'achat de ses concitoyens\",\"breadcrumb\":{\"@id\":\"https:\\\/\\\/group.voltalis.com\\\/fr\\\/type-de-contenu\\\/communiques-de-presse\\\/niort-agglo-soutient-le-dispositif-voltalis-6332#breadcrumb\"},\"inLanguage\":\"fr-FR\",\"potentialAction\":[{\"@type\":\"ReadAction\",\"target\":[\"https:\\\/\\\/group.voltalis.com\\\/fr\\\/type-de-contenu\\\/communiques-de-presse\\\/niort-agglo-soutient-le-dispositif-voltalis-6332\"]}]},{\"@type\":\"ImageObject\",\"inLanguage\":\"fr-FR\",\"@id\":\"https:\\\/\\\/group.voltalis.com\\\/fr\\\/type-de-contenu\\\/communiques-de-presse\\\/niort-agglo-soutient-le-dispositif-voltalis-6332#primaryimage\",\"url\":\"https:\\\/\\\/group.voltalis.com\\\/wp-content\\\/uploads\\\/2022\\\/09\\\/image.png\",\"contentUrl\":\"https:\\\/\\\/group.voltalis.com\\\/wp-content\\\/uploads\\\/2022\\\/09\\\/image.png\"},{\"@type\":\"BreadcrumbList\",\"@id\":\"https:\\\/\\\/group.voltalis.com\\\/fr\\\/type-de-contenu\\\/communiques-de-presse\\\/niort-agglo-soutient-le-dispositif-voltalis-6332#breadcrumb\",\"itemListElement\":[{\"@type\":\"ListItem\",\"position\":1,\"name\":\"Home\",\"item\":\"https:\\\/\\\/group.voltalis.com\\\/fr\"},{\"@type\":\"ListItem\",\"position\":2,\"name\":\"Sobri\u00e9t\u00e9 \u00e9nerg\u00e9tique : Niort Agglo agit en faveur de la sobri\u00e9t\u00e9 \u00e9nerg\u00e9tique et de la s\u00e9curit\u00e9 de l\u2019approvisionnement \u00e9lectrique cet hiver en soutenant le d\u00e9ploiement du dispositif Voltalis\"}]},{\"@type\":\"WebSite\",\"@id\":\"https:\\\/\\\/group.voltalis.com\\\/en\\\/#website\",\"url\":\"https:\\\/\\\/group.voltalis.com\\\/en\\\/\",\"name\":\"Groupe Voltalis\",\"description\":\"Bien plus que des \u00e9conomies d&#039;\u00e9nergie\",\"potentialAction\":[{\"@type\":\"SearchAction\",\"target\":{\"@type\":\"EntryPoint\",\"urlTemplate\":\"https:\\\/\\\/group.voltalis.com\\\/en\\\/?s={search_term_string}\"},\"query-input\":{\"@type\":\"PropertyValueSpecification\",\"valueRequired\":true,\"valueName\":\"search_term_string\"}}],\"inLanguage\":\"fr-FR\"},{\"@type\":\"Person\",\"@id\":\"https:\\\/\\\/group.voltalis.com\\\/en\\\/#\\\/schema\\\/person\\\/cd75df70a442080ba333ff81754527b8\",\"name\":\"admin\",\"image\":{\"@type\":\"ImageObject\",\"inLanguage\":\"fr-FR\",\"@id\":\"https:\\\/\\\/secure.gravatar.com\\\/avatar\\\/d33819406c6fd656ae073a4bf8663fc5da17ca34c0a8d21882949b205ec67922?s=96&d=mm&r=g\",\"url\":\"https:\\\/\\\/secure.gravatar.com\\\/avatar\\\/d33819406c6fd656ae073a4bf8663fc5da17ca34c0a8d21882949b205ec67922?s=96&d=mm&r=g\",\"contentUrl\":\"https:\\\/\\\/secure.gravatar.com\\\/avatar\\\/d33819406c6fd656ae073a4bf8663fc5da17ca34c0a8d21882949b205ec67922?s=96&d=mm&r=g\",\"caption\":\"admin\"},\"sameAs\":[\"https:\\\/\\\/group.voltalis.com\"],\"url\":\"https:\\\/\\\/group.voltalis.com\\\/fr\\\/author\\\/admin\"}]}<\/script>\n<!-- \/ Yoast SEO plugin. -->","yoast_head_json":{"title":"Niort Agglo aide ses habitants \u00e0 r\u00e9aliser des \u00e9conomies","description":"Sobri\u00e9t\u00e9 \u00e9nerg\u00e9tique\u00a0: Niort Agglo d\u00e9ploie le dispositif d'\u00e9conomies d'\u00e9nergie Voltalis et agit en faveur du pouvoir d'achat de ses concitoyens","robots":{"index":"index","follow":"follow","max-snippet":"max-snippet:-1","max-image-preview":"max-image-preview:large","max-video-preview":"max-video-preview:-1"},"canonical":"https:\/\/group.voltalis.com\/fr\/type-de-contenu\/communiques-de-presse\/niort-agglo-soutient-le-dispositif-voltalis-6332","og_locale":"fr_FR","og_type":"article","og_title":"Niort Agglo aide ses habitants \u00e0 r\u00e9aliser des \u00e9conomies","og_description":"Sobri\u00e9t\u00e9 \u00e9nerg\u00e9tique\u00a0: Niort Agglo d\u00e9ploie le dispositif d'\u00e9conomies d'\u00e9nergie Voltalis et agit en faveur du pouvoir d'achat de ses concitoyens","og_url":"https:\/\/group.voltalis.com\/fr\/type-de-contenu\/communiques-de-presse\/niort-agglo-soutient-le-dispositif-voltalis-6332","og_site_name":"Groupe Voltalis","article_publisher":"https:\/\/www.facebook.com\/pages\/category\/Product-Service\/Voltalis-178720392179068\/","article_published_time":"2022-11-25T07:57:00+00:00","article_modified_time":"2025-09-04T13:12:24+00:00","og_image":[{"width":992,"height":324,"url":"https:\/\/group.voltalis.com\/wp-content\/uploads\/2022\/09\/image.png","type":"image\/png"}],"author":"admin","twitter_card":"summary_large_image","twitter_misc":{"\u00c9crit par":"admin","Dur\u00e9e de lecture estim\u00e9e":"3 minutes"},"schema":{"@context":"https:\/\/schema.org","@graph":[{"@type":"Article","@id":"https:\/\/group.voltalis.com\/fr\/type-de-contenu\/communiques-de-presse\/niort-agglo-soutient-le-dispositif-voltalis-6332#article","isPartOf":{"@id":"https:\/\/group.voltalis.com\/fr\/type-de-contenu\/communiques-de-presse\/niort-agglo-soutient-le-dispositif-voltalis-6332"},"author":{"name":"admin","@id":"https:\/\/group.voltalis.com\/en\/#\/schema\/person\/cd75df70a442080ba333ff81754527b8"},"headline":"Sobri\u00e9t\u00e9 \u00e9nerg\u00e9tique : Niort Agglo agit en faveur de la sobri\u00e9t\u00e9 \u00e9nerg\u00e9tique et de la s\u00e9curit\u00e9 de l\u2019approvisionnement \u00e9lectrique cet hiver en soutenant le d\u00e9ploiement du dispositif Voltalis","datePublished":"2022-11-25T07:57:00+00:00","dateModified":"2025-09-04T13:12:24+00:00","mainEntityOfPage":{"@id":"https:\/\/group.voltalis.com\/fr\/type-de-contenu\/communiques-de-presse\/niort-agglo-soutient-le-dispositif-voltalis-6332"},"wordCount":710,"commentCount":0,"image":{"@id":"https:\/\/group.voltalis.com\/fr\/type-de-contenu\/communiques-de-presse\/niort-agglo-soutient-le-dispositif-voltalis-6332#primaryimage"},"thumbnailUrl":"https:\/\/group.voltalis.com\/wp-content\/uploads\/2022\/09\/image.png","articleSection":["Collectivit\u00e9s","Communiqu\u00e9s"],"inLanguage":"fr-FR"},{"@type":"WebPage","@id":"https:\/\/group.voltalis.com\/fr\/type-de-contenu\/communiques-de-presse\/niort-agglo-soutient-le-dispositif-voltalis-6332","url":"https:\/\/group.voltalis.com\/fr\/type-de-contenu\/communiques-de-presse\/niort-agglo-soutient-le-dispositif-voltalis-6332","name":"Niort Agglo aide ses habitants \u00e0 r\u00e9aliser des \u00e9conomies","isPartOf":{"@id":"https:\/\/group.voltalis.com\/en\/#website"},"primaryImageOfPage":{"@id":"https:\/\/group.voltalis.com\/fr\/type-de-contenu\/communiques-de-presse\/niort-agglo-soutient-le-dispositif-voltalis-6332#primaryimage"},"image":{"@id":"https:\/\/group.voltalis.com\/fr\/type-de-contenu\/communiques-de-presse\/niort-agglo-soutient-le-dispositif-voltalis-6332#primaryimage"},"thumbnailUrl":"https:\/\/group.voltalis.com\/wp-content\/uploads\/2022\/09\/image.png","datePublished":"2022-11-25T07:57:00+00:00","dateModified":"2025-09-04T13:12:24+00:00","author":{"@id":"https:\/\/group.voltalis.com\/en\/#\/schema\/person\/cd75df70a442080ba333ff81754527b8"},"description":"Sobri\u00e9t\u00e9 \u00e9nerg\u00e9tique\u00a0: Niort Agglo d\u00e9ploie le dispositif d'\u00e9conomies d'\u00e9nergie Voltalis et agit en faveur du pouvoir d'achat de ses concitoyens","breadcrumb":{"@id":"https:\/\/group.voltalis.com\/fr\/type-de-contenu\/communiques-de-presse\/niort-agglo-soutient-le-dispositif-voltalis-6332#breadcrumb"},"inLanguage":"fr-FR","potentialAction":[{"@type":"ReadAction","target":["https:\/\/group.voltalis.com\/fr\/type-de-contenu\/communiques-de-presse\/niort-agglo-soutient-le-dispositif-voltalis-6332"]}]},{"@type":"ImageObject","inLanguage":"fr-FR","@id":"https:\/\/group.voltalis.com\/fr\/type-de-contenu\/communiques-de-presse\/niort-agglo-soutient-le-dispositif-voltalis-6332#primaryimage","url":"https:\/\/group.voltalis.com\/wp-content\/uploads\/2022\/09\/image.png","contentUrl":"https:\/\/group.voltalis.com\/wp-content\/uploads\/2022\/09\/image.png"},{"@type":"BreadcrumbList","@id":"https:\/\/group.voltalis.com\/fr\/type-de-contenu\/communiques-de-presse\/niort-agglo-soutient-le-dispositif-voltalis-6332#breadcrumb","itemListElement":[{"@type":"ListItem","position":1,"name":"Home","item":"https:\/\/group.voltalis.com\/fr"},{"@type":"ListItem","position":2,"name":"Sobri\u00e9t\u00e9 \u00e9nerg\u00e9tique : Niort Agglo agit en faveur de la sobri\u00e9t\u00e9 \u00e9nerg\u00e9tique et de la s\u00e9curit\u00e9 de l\u2019approvisionnement \u00e9lectrique cet hiver en soutenant le d\u00e9ploiement du dispositif Voltalis"}]},{"@type":"WebSite","@id":"https:\/\/group.voltalis.com\/en\/#website","url":"https:\/\/group.voltalis.com\/en\/","name":"Groupe Voltalis","description":"Bien plus que des \u00e9conomies d&#039;\u00e9nergie","potentialAction":[{"@type":"SearchAction","target":{"@type":"EntryPoint","urlTemplate":"https:\/\/group.voltalis.com\/en\/?s={search_term_string}"},"query-input":{"@type":"PropertyValueSpecification","valueRequired":true,"valueName":"search_term_string"}}],"inLanguage":"fr-FR"},{"@type":"Person","@id":"https:\/\/group.voltalis.com\/en\/#\/schema\/person\/cd75df70a442080ba333ff81754527b8","name":"admin","image":{"@type":"ImageObject","inLanguage":"fr-FR","@id":"https:\/\/secure.gravatar.com\/avatar\/d33819406c6fd656ae073a4bf8663fc5da17ca34c0a8d21882949b205ec67922?s=96&d=mm&r=g","url":"https:\/\/secure.gravatar.com\/avatar\/d33819406c6fd656ae073a4bf8663fc5da17ca34c0a8d21882949b205ec67922?s=96&d=mm&r=g","contentUrl":"https:\/\/secure.gravatar.com\/avatar\/d33819406c6fd656ae073a4bf8663fc5da17ca34c0a8d21882949b205ec67922?s=96&d=mm&r=g","caption":"admin"},"sameAs":["https:\/\/group.voltalis.com"],"url":"https:\/\/group.voltalis.com\/fr\/author\/admin"}]}},"_links":{"self":[{"href":"https:\/\/group.voltalis.com\/fr\/wp-json\/wp\/v2\/posts\/6332","targetHints":{"allow":["GET"]}}],"collection":[{"href":"https:\/\/group.voltalis.com\/fr\/wp-json\/wp\/v2\/posts"}],"about":[{"href":"https:\/\/group.voltalis.com\/fr\/wp-json\/wp\/v2\/types\/post"}],"author":[{"embeddable":true,"href":"https:\/\/group.voltalis.com\/fr\/wp-json\/wp\/v2\/users\/1"}],"replies":[{"embeddable":true,"href":"https:\/\/group.voltalis.com\/fr\/wp-json\/wp\/v2\/comments?post=6332"}],"version-history":[{"count":1,"href":"https:\/\/group.voltalis.com\/fr\/wp-json\/wp\/v2\/posts\/6332\/revisions"}],"predecessor-version":[{"id":10372,"href":"https:\/\/group.voltalis.com\/fr\/wp-json\/wp\/v2\/posts\/6332\/revisions\/10372"}],"wp:attachment":[{"href":"https:\/\/group.voltalis.com\/fr\/wp-json\/wp\/v2\/media?parent=6332"}],"wp:term":[{"taxonomy":"category","embeddable":true,"href":"https:\/\/group.voltalis.com\/fr\/wp-json\/wp\/v2\/categories?post=6332"},{"taxonomy":"post_tag","embeddable":true,"href":"https:\/\/group.voltalis.com\/fr\/wp-json\/wp\/v2\/tags?post=6332"}],"curies":[{"name":"wp","href":"https:\/\/api.w.org\/{rel}","templated":true}]}}