{"id":6352,"date":"2022-12-13T16:05:02","date_gmt":"2022-12-13T15:05:02","guid":{"rendered":"https:\/\/group.voltalis.com\/?p=6352"},"modified":"2025-09-04T15:31:23","modified_gmt":"2025-09-04T13:31:23","slug":"partenariat-pau-bearn-pyrenees-voltalis","status":"publish","type":"post","link":"https:\/\/group.voltalis.com\/fr\/type-de-contenu\/communiques-de-presse\/partenariat-pau-bearn-pyrenees-voltalis-6352","title":{"rendered":"Pau B\u00e9arn Pyr\u00e9n\u00e9es et Voltalis s\u2019engagent pour d\u00e9ployer une solution d\u2019\u00e9conomies d\u2019\u00e9nergie gratuite et soutenir l\u2019effort de sobri\u00e9t\u00e9 \u00e9nerg\u00e9tique national d\u00e8s cet hiver."},"content":{"rendered":"\n<p>D\u00e9j\u00e0 lab\u00e9lis\u00e9e Cit\u2019Ergie depuis 2015, la Communaut\u00e9 d\u2019Agglom\u00e9ration Pau B\u00e9arn Pyr\u00e9n\u00e9es poursuit sa mobilisation et son engagement en faveur de la transition \u00e9nerg\u00e9tique et de la lutte contre le d\u00e9r\u00e8glement climatique. \u00c0 travers son PCAET, la Communaut\u00e9 d\u2019Agglom\u00e9ration a fix\u00e9 des objectifs ambitieux de 27% de r\u00e9ductions d\u2019\u00e9missions de gaz \u00e0 effet de serre sur le territoire, mais \u00e9galement 20% d\u2019\u00e9conomies d\u2019\u00e9nergie et le doublement de la production d\u2019\u00e9nergie renouvelable. Aujourd\u2019hui, Pau B\u00e9arn Pyr\u00e9n\u00e9es lance une initiative concr\u00e8te qui vient en compl\u00e9ment de ce Plan action Climat. \u00a0Le partenariat nou\u00e9 avec la soci\u00e9t\u00e9 Voltalis va ainsi permettre <strong>aux 21 550 logements chauff\u00e9s au tout \u00e9lectrique du territoire de <a href=\"https:\/\/www.pau.fr\/article\/des-economies-delectricite-solidaires-et-responsables-avec-le-boitier-voltalis\" target=\"_blank\" rel=\"noreferrer noopener\">b\u00e9n\u00e9ficier gratuitement d\u2019un boitier d\u2019\u00e9conomies d\u2019\u00e9nergie innovant<\/a><\/strong>. Cette d\u00e9marche s\u2019inscrit dans la plan de sobri\u00e9t\u00e9 \u00e9nerg\u00e9tique national dont l\u2019objectif est de faire face \u00e0 une triple crise\u00a0: \u00e9nerg\u00e9tique, climatique et du pouvoir d\u2019achat.<\/p>\n\n\n\n<h2 class=\"wp-block-heading\"><strong>Voltalis : la solution totalement gratuite de pilotage du chauffage \u00e9lectrique pour Pau B\u00e9arn Pyr\u00e9n\u00e9es <\/strong><\/h2>\n\n\n\n<p>Le dispositif Voltalis permet de piloter facilement et intelligemment le chauffage \u00e9lectrique &#8211; qui repr\u00e9sente 66% de la consommation totale d\u2019un logement selon l\u2019ADEME.<\/p>\n\n\n\n<p>Il se mat\u00e9rialise par des petits bo\u00eetiers connect\u00e9s \u00e0 chaque radiateur, alli\u00e9s \u00e0 <a href=\"https:\/\/www.voltalis.com\/myvoltalis-lapplication-de-suivi-de-consommation-electrique\" target=\"_blank\" rel=\"noreferrer noopener\">MyVoltalis<\/a>, leur espace personnel de suivi et de pilotage accessible gratuitement en ligne sur tous les supports.<\/p>\n\n\n\n<p>Les adh\u00e9rents Voltalis peuvent ainsi <strong>programmer en toute simplicit\u00e9 leur chauffage \u00e9lectrique<\/strong> <strong>pour plus de confort et d\u2019\u00e9conomies,<\/strong> mais \u00e9galement <strong>suivre et mieux comprendre<\/strong> <strong>leurs consommations <\/strong>\u00e9lectriques pour agir sur les postes cl\u00e9s.<\/p>\n\n\n\n<figure class=\"wp-block-image size-full\"><img loading=\"lazy\" decoding=\"async\" width=\"992\" height=\"324\" src=\"https:\/\/group.voltalis.com\/wp-content\/uploads\/2022\/09\/image.png\" alt=\"Le dispositif de pilotage du chauffage \u00e9lectrique Voltalis\" class=\"wp-image-6178\" srcset=\"https:\/\/group.voltalis.com\/wp-content\/uploads\/2022\/09\/image.png 992w, https:\/\/group.voltalis.com\/wp-content\/uploads\/2022\/09\/image-300x98.png 300w, https:\/\/group.voltalis.com\/wp-content\/uploads\/2022\/09\/image-768x251.png 768w\" sizes=\"auto, (max-width: 992px) 100vw, 992px\" \/><figcaption class=\"wp-element-caption\">Le dispositif de pilotage du chauffage \u00e9lectrique Voltalis<\/figcaption><\/figure>\n\n\n\n<p>Le dispositif Voltalis permet aux foyers \u00e9quip\u00e9s de <strong>r\u00e9aliser jusqu\u2019\u00e0 15% d\u2019\u00e9conomies sur leur consommation \u00e9lectrique<\/strong>*, sans avoir \u00e0 changer ses appareils de chauffage, ni rien n\u2019avoir \u00e0 payer, ni changer de fournisseur d\u2019\u00e9nergie.<\/p>\n\n\n\n<blockquote class=\"wp-block-quote is-layout-flow wp-block-quote-is-layout-flow\">\n<p><em>Ce partenariat avec Pau B\u00e9arn Pyr\u00e9n\u00e9es contribue \u00e0 aider les particuliers, les professionnels et les petites entreprises du territoire \u00e0 tendre vers une sobri\u00e9t\u00e9 \u00e9nerg\u00e9tique non subie. Notre solution leur permet de r\u00e9aliser des \u00e9conomies substantielles, sans se priver et en participant \u00e0 la s\u00e9curit\u00e9 de l\u2019alimentation \u00e9lectrique de tous les Fran\u00e7ais d\u00e8s cet hiver.<\/em><\/p>\n<cite><strong>Mathieu Bineau, Directeur G\u00e9n\u00e9ral de Voltalis<\/strong><\/cite><\/blockquote>\n\n\n\n<h2 class=\"wp-block-heading\"><strong>Un geste \u00e9cocitoyen en faveur de la s\u00e9curit\u00e9 de notre alimentation \u00e9lectrique \u00e0 tous<\/strong><\/h2>\n\n\n\n<p>Au-del\u00e0 des \u00e9conomies d\u2019\u00e9nergie r\u00e9alis\u00e9es en pilotant leur chauffage, <strong>les adh\u00e9rents Voltalis contribuent<\/strong> <strong>activement \u00e0 la <a href=\"https:\/\/www.voltalis.com\/particuliers\/notre-solution\" target=\"_blank\" rel=\"noreferrer noopener\">s\u00e9curit\u00e9 de l\u2019approvisionnement \u00e9lectrique de tous<\/a> et \u00e0 la baisse des \u00e9missions de CO<sub>2<\/sub>.<\/strong><\/p>\n\n\n\n<p>En effet, lors des pics de consommation ou des baisses de production des \u00e9nergies renouvelables, le syst\u00e8me \u00e9lectrique risque un d\u00e9s\u00e9quilibre et fait g\u00e9n\u00e9ralement appel \u00e0 des centrales thermiques \u00e0 gaz pour compenser. A ces moments critiques, Voltalis peut agir en modulant tr\u00e8s bri\u00e8vement la puissance de dizaines de milliers d\u2019appareils de chauffage connect\u00e9s \u00e0 son dispositif, <strong>sans jamais impacter le confort des occupants<\/strong>.<\/p>\n\n\n\n<p>Gr\u00e2ce \u00e0 ses actions, <strong>le r\u00e9seau est soulag\u00e9<\/strong> <strong>aux moments o\u00f9 il en a besoin<\/strong>, ce qui limite les \u00e9missions de CO<sub>2<\/sub> des centrales thermiques et r\u00e9duit les risques de d\u00e9lestages.<\/p>\n\n\n\n<h2 class=\"wp-block-heading\"><strong>Comment b\u00e9n\u00e9ficier du dispositif Voltalis sur le territoire de Pau B\u00e9arn Pyr\u00e9n\u00e9es ?<\/strong><\/h2>\n\n\n\n<p><strong>Locataires ou propri\u00e9taires, tous les foyers et professionnels chauff\u00e9s \u00e0 l\u2019aide de radiateurs \u00e9lectriques <\/strong>peuvent b\u00e9n\u00e9ficier gratuitement de ce dispositif, install\u00e9 en 2 heures 30 environ, par un technicien agr\u00e9\u00e9. Des conseillers Voltalis \u0153uvrent sur le terrain pour aller \u00e0 la rencontre des habitants du territoire, leur pr\u00e9senter la solution et proposer un rendez-vous d\u2019installation. Pour en profiter sans attendre, les habitants de l\u2019agglom\u00e9ration peuvent contacter Voltalis et convenir d\u2019un rendez-vous d\u2019installation par t\u00e9l\u00e9phone, au <strong>05 40 25 69 96<\/strong> (du lundi au samedi de 9h &#8211; 18h, appel non surtax\u00e9) ou par courriel \u00e0 l\u2019adresse : <strong><a href=\"mailto:capbp@voltalis.com\" target=\"_blank\" rel=\"noreferrer noopener\">capbp@voltalis.com<\/a> <\/strong><\/p>\n\n\n\n<p><strong>Contacts presse&nbsp;:<\/strong><\/p>\n\n\n\n<ul class=\"wp-block-list\">\n<li><strong>Pour la communaut\u00e9 d\u2019agglom\u00e9ration Pau B\u00e9arn Pyr\u00e9n\u00e9es &nbsp;: <\/strong>Isabelle DELUGA \u2013 Directrice de la communication \u2013 05 59 27 85 80 &#8211; &nbsp;<a href=\"mailto:i.deluga@agglo-pau.fr\">i.deluga@agglo-pau.fr<\/a><\/li>\n<\/ul>\n\n\n\n<ul class=\"wp-block-list\">\n<li><strong>Pour Voltalis&nbsp;:<\/strong> <a href=\"mailto:voltalis@lagencerp.com\">voltalis@lagencerp.com<\/a>&nbsp; &#8211; St\u00e9phy D\u00e9ka &#8211; <a href=\"mailto:stephy@lagencerp.com\">stephy@lagencerp.com<\/a>&nbsp; \u2013 07&nbsp;63&nbsp;18 60 15 et Raya Rizk &#8211; <a href=\"mailto:raya@lagencerp.com\">raya@lagencerp.com<\/a>&nbsp;&nbsp; &#8211; 07 85 15 22 40<\/li>\n<\/ul>\n\n\n\n<p><\/p>\n\n\n\n<p><strong><a href=\"https:\/\/group.voltalis.com\/wp-content\/uploads\/2022\/12\/Communique-de-presse-l-Partenariat-Voltalis-Pau-Bearn-Pyrenees-VF-1.pdf\" target=\"_blank\" rel=\"noreferrer noopener\">T\u00e9l\u00e9charger le communiqu\u00e9 de presse de Pau B\u00e9arn Pyr\u00e9n\u00e9es<\/a><\/strong><\/p>\n\n\n\n<p><\/p>\n","protected":false},"excerpt":{"rendered":"<p>D\u00e9j\u00e0 lab\u00e9lis\u00e9e Cit\u2019Ergie depuis 2015, la Communaut\u00e9 d\u2019Agglom\u00e9ration Pau B\u00e9arn Pyr\u00e9n\u00e9es poursuit sa mobilisation et son engagement en faveur de la transition \u00e9nerg\u00e9tique et de la lutte contre le d\u00e9r\u00e8glement climatique. \u00c0 travers son PCAET, la Communaut\u00e9 d\u2019Agglom\u00e9ration a fix\u00e9 des objectifs ambitieux de 27% de r\u00e9ductions d\u2019\u00e9missions de gaz \u00e0 effet de serre sur [&hellip;]<\/p>\n","protected":false},"author":1,"featured_media":0,"comment_status":"open","ping_status":"closed","sticky":false,"template":"","format":"standard","meta":{"_acf_changed":false,"inline_featured_image":false,"footnotes":""},"categories":[199,3],"tags":[],"class_list":["post-6352","post","type-post","status-publish","format-standard","hentry","category-collectivites","category-communiques-de-presse"],"acf":[],"yoast_head":"<!-- This site is optimized with the Yoast SEO plugin v27.5 - https:\/\/yoast.com\/product\/yoast-seo-wordpress\/ -->\n<title>Pau B\u00e9arn Pyr\u00e9n\u00e9es d\u00e9ploie la solution de sobri\u00e9t\u00e9 Voltalis<\/title>\n<meta name=\"description\" content=\"Ce partenariat permet aux foyers et professionnels chauff\u00e9s au tout \u00e9lectrique de b\u00e9n\u00e9ficier gratuitement du dispositif d\u2019\u00e9conomies d\u2019\u00e9nergie Voltalis.\" \/>\n<meta name=\"robots\" content=\"index, follow, max-snippet:-1, max-image-preview:large, max-video-preview:-1\" \/>\n<link rel=\"canonical\" href=\"https:\/\/group.voltalis.com\/fr\/type-de-contenu\/communiques-de-presse\/partenariat-pau-bearn-pyrenees-voltalis-6352\" \/>\n<meta property=\"og:locale\" content=\"fr_FR\" \/>\n<meta property=\"og:type\" content=\"article\" \/>\n<meta property=\"og:title\" content=\"Pau B\u00e9arn Pyr\u00e9n\u00e9es d\u00e9ploie la solution de sobri\u00e9t\u00e9 Voltalis\" \/>\n<meta property=\"og:description\" content=\"Ce partenariat permet aux foyers et professionnels chauff\u00e9s au tout \u00e9lectrique de b\u00e9n\u00e9ficier gratuitement du dispositif d\u2019\u00e9conomies d\u2019\u00e9nergie Voltalis.\" \/>\n<meta property=\"og:url\" content=\"https:\/\/group.voltalis.com\/fr\/type-de-contenu\/communiques-de-presse\/partenariat-pau-bearn-pyrenees-voltalis-6352\" \/>\n<meta property=\"og:site_name\" content=\"Groupe Voltalis\" \/>\n<meta property=\"article:publisher\" content=\"https:\/\/www.facebook.com\/pages\/category\/Product-Service\/Voltalis-178720392179068\/\" \/>\n<meta property=\"article:published_time\" content=\"2022-12-13T15:05:02+00:00\" \/>\n<meta property=\"article:modified_time\" content=\"2025-09-04T13:31:23+00:00\" \/>\n<meta property=\"og:image\" content=\"https:\/\/group.voltalis.com\/wp-content\/uploads\/2022\/09\/image.png\" \/>\n\t<meta property=\"og:image:width\" content=\"992\" \/>\n\t<meta property=\"og:image:height\" content=\"324\" \/>\n\t<meta property=\"og:image:type\" content=\"image\/png\" \/>\n<meta name=\"author\" content=\"admin\" \/>\n<meta name=\"twitter:card\" content=\"summary_large_image\" \/>\n<meta name=\"twitter:label1\" content=\"\u00c9crit par\" \/>\n\t<meta name=\"twitter:data1\" content=\"admin\" \/>\n\t<meta name=\"twitter:label2\" content=\"Dur\u00e9e de lecture estim\u00e9e\" \/>\n\t<meta name=\"twitter:data2\" content=\"3 minutes\" \/>\n<script type=\"application\/ld+json\" class=\"yoast-schema-graph\">{\"@context\":\"https:\\\/\\\/schema.org\",\"@graph\":[{\"@type\":\"Article\",\"@id\":\"https:\\\/\\\/group.voltalis.com\\\/fr\\\/type-de-contenu\\\/communiques-de-presse\\\/partenariat-pau-bearn-pyrenees-voltalis-6352#article\",\"isPartOf\":{\"@id\":\"https:\\\/\\\/group.voltalis.com\\\/fr\\\/type-de-contenu\\\/communiques-de-presse\\\/partenariat-pau-bearn-pyrenees-voltalis-6352\"},\"author\":{\"name\":\"admin\",\"@id\":\"https:\\\/\\\/group.voltalis.com\\\/en\\\/#\\\/schema\\\/person\\\/cd75df70a442080ba333ff81754527b8\"},\"headline\":\"Pau B\u00e9arn Pyr\u00e9n\u00e9es et Voltalis s\u2019engagent pour d\u00e9ployer une solution d\u2019\u00e9conomies d\u2019\u00e9nergie gratuite et soutenir l\u2019effort de sobri\u00e9t\u00e9 \u00e9nerg\u00e9tique national d\u00e8s cet hiver.\",\"datePublished\":\"2022-12-13T15:05:02+00:00\",\"dateModified\":\"2025-09-04T13:31:23+00:00\",\"mainEntityOfPage\":{\"@id\":\"https:\\\/\\\/group.voltalis.com\\\/fr\\\/type-de-contenu\\\/communiques-de-presse\\\/partenariat-pau-bearn-pyrenees-voltalis-6352\"},\"wordCount\":774,\"commentCount\":0,\"image\":{\"@id\":\"https:\\\/\\\/group.voltalis.com\\\/fr\\\/type-de-contenu\\\/communiques-de-presse\\\/partenariat-pau-bearn-pyrenees-voltalis-6352#primaryimage\"},\"thumbnailUrl\":\"https:\\\/\\\/group.voltalis.com\\\/wp-content\\\/uploads\\\/2022\\\/09\\\/image.png\",\"articleSection\":[\"Collectivit\u00e9s\",\"Communiqu\u00e9s\"],\"inLanguage\":\"fr-FR\"},{\"@type\":\"WebPage\",\"@id\":\"https:\\\/\\\/group.voltalis.com\\\/fr\\\/type-de-contenu\\\/communiques-de-presse\\\/partenariat-pau-bearn-pyrenees-voltalis-6352\",\"url\":\"https:\\\/\\\/group.voltalis.com\\\/fr\\\/type-de-contenu\\\/communiques-de-presse\\\/partenariat-pau-bearn-pyrenees-voltalis-6352\",\"name\":\"Pau B\u00e9arn Pyr\u00e9n\u00e9es d\u00e9ploie la solution de sobri\u00e9t\u00e9 Voltalis\",\"isPartOf\":{\"@id\":\"https:\\\/\\\/group.voltalis.com\\\/en\\\/#website\"},\"primaryImageOfPage\":{\"@id\":\"https:\\\/\\\/group.voltalis.com\\\/fr\\\/type-de-contenu\\\/communiques-de-presse\\\/partenariat-pau-bearn-pyrenees-voltalis-6352#primaryimage\"},\"image\":{\"@id\":\"https:\\\/\\\/group.voltalis.com\\\/fr\\\/type-de-contenu\\\/communiques-de-presse\\\/partenariat-pau-bearn-pyrenees-voltalis-6352#primaryimage\"},\"thumbnailUrl\":\"https:\\\/\\\/group.voltalis.com\\\/wp-content\\\/uploads\\\/2022\\\/09\\\/image.png\",\"datePublished\":\"2022-12-13T15:05:02+00:00\",\"dateModified\":\"2025-09-04T13:31:23+00:00\",\"author\":{\"@id\":\"https:\\\/\\\/group.voltalis.com\\\/en\\\/#\\\/schema\\\/person\\\/cd75df70a442080ba333ff81754527b8\"},\"description\":\"Ce partenariat permet aux foyers et professionnels chauff\u00e9s au tout \u00e9lectrique de b\u00e9n\u00e9ficier gratuitement du dispositif d\u2019\u00e9conomies d\u2019\u00e9nergie Voltalis.\",\"breadcrumb\":{\"@id\":\"https:\\\/\\\/group.voltalis.com\\\/fr\\\/type-de-contenu\\\/communiques-de-presse\\\/partenariat-pau-bearn-pyrenees-voltalis-6352#breadcrumb\"},\"inLanguage\":\"fr-FR\",\"potentialAction\":[{\"@type\":\"ReadAction\",\"target\":[\"https:\\\/\\\/group.voltalis.com\\\/fr\\\/type-de-contenu\\\/communiques-de-presse\\\/partenariat-pau-bearn-pyrenees-voltalis-6352\"]}]},{\"@type\":\"ImageObject\",\"inLanguage\":\"fr-FR\",\"@id\":\"https:\\\/\\\/group.voltalis.com\\\/fr\\\/type-de-contenu\\\/communiques-de-presse\\\/partenariat-pau-bearn-pyrenees-voltalis-6352#primaryimage\",\"url\":\"https:\\\/\\\/group.voltalis.com\\\/wp-content\\\/uploads\\\/2022\\\/09\\\/image.png\",\"contentUrl\":\"https:\\\/\\\/group.voltalis.com\\\/wp-content\\\/uploads\\\/2022\\\/09\\\/image.png\"},{\"@type\":\"BreadcrumbList\",\"@id\":\"https:\\\/\\\/group.voltalis.com\\\/fr\\\/type-de-contenu\\\/communiques-de-presse\\\/partenariat-pau-bearn-pyrenees-voltalis-6352#breadcrumb\",\"itemListElement\":[{\"@type\":\"ListItem\",\"position\":1,\"name\":\"Home\",\"item\":\"https:\\\/\\\/group.voltalis.com\\\/fr\"},{\"@type\":\"ListItem\",\"position\":2,\"name\":\"Pau B\u00e9arn Pyr\u00e9n\u00e9es et Voltalis s\u2019engagent pour d\u00e9ployer une solution d\u2019\u00e9conomies d\u2019\u00e9nergie gratuite et soutenir l\u2019effort de sobri\u00e9t\u00e9 \u00e9nerg\u00e9tique national d\u00e8s cet hiver.\"}]},{\"@type\":\"WebSite\",\"@id\":\"https:\\\/\\\/group.voltalis.com\\\/en\\\/#website\",\"url\":\"https:\\\/\\\/group.voltalis.com\\\/en\\\/\",\"name\":\"Groupe Voltalis\",\"description\":\"Bien plus que des \u00e9conomies d&#039;\u00e9nergie\",\"potentialAction\":[{\"@type\":\"SearchAction\",\"target\":{\"@type\":\"EntryPoint\",\"urlTemplate\":\"https:\\\/\\\/group.voltalis.com\\\/en\\\/?s={search_term_string}\"},\"query-input\":{\"@type\":\"PropertyValueSpecification\",\"valueRequired\":true,\"valueName\":\"search_term_string\"}}],\"inLanguage\":\"fr-FR\"},{\"@type\":\"Person\",\"@id\":\"https:\\\/\\\/group.voltalis.com\\\/en\\\/#\\\/schema\\\/person\\\/cd75df70a442080ba333ff81754527b8\",\"name\":\"admin\",\"image\":{\"@type\":\"ImageObject\",\"inLanguage\":\"fr-FR\",\"@id\":\"https:\\\/\\\/secure.gravatar.com\\\/avatar\\\/d33819406c6fd656ae073a4bf8663fc5da17ca34c0a8d21882949b205ec67922?s=96&d=mm&r=g\",\"url\":\"https:\\\/\\\/secure.gravatar.com\\\/avatar\\\/d33819406c6fd656ae073a4bf8663fc5da17ca34c0a8d21882949b205ec67922?s=96&d=mm&r=g\",\"contentUrl\":\"https:\\\/\\\/secure.gravatar.com\\\/avatar\\\/d33819406c6fd656ae073a4bf8663fc5da17ca34c0a8d21882949b205ec67922?s=96&d=mm&r=g\",\"caption\":\"admin\"},\"sameAs\":[\"https:\\\/\\\/group.voltalis.com\"],\"url\":\"https:\\\/\\\/group.voltalis.com\\\/fr\\\/author\\\/admin\"}]}<\/script>\n<!-- \/ Yoast SEO plugin. -->","yoast_head_json":{"title":"Pau B\u00e9arn Pyr\u00e9n\u00e9es d\u00e9ploie la solution de sobri\u00e9t\u00e9 Voltalis","description":"Ce partenariat permet aux foyers et professionnels chauff\u00e9s au tout \u00e9lectrique de b\u00e9n\u00e9ficier gratuitement du dispositif d\u2019\u00e9conomies d\u2019\u00e9nergie Voltalis.","robots":{"index":"index","follow":"follow","max-snippet":"max-snippet:-1","max-image-preview":"max-image-preview:large","max-video-preview":"max-video-preview:-1"},"canonical":"https:\/\/group.voltalis.com\/fr\/type-de-contenu\/communiques-de-presse\/partenariat-pau-bearn-pyrenees-voltalis-6352","og_locale":"fr_FR","og_type":"article","og_title":"Pau B\u00e9arn Pyr\u00e9n\u00e9es d\u00e9ploie la solution de sobri\u00e9t\u00e9 Voltalis","og_description":"Ce partenariat permet aux foyers et professionnels chauff\u00e9s au tout \u00e9lectrique de b\u00e9n\u00e9ficier gratuitement du dispositif d\u2019\u00e9conomies d\u2019\u00e9nergie Voltalis.","og_url":"https:\/\/group.voltalis.com\/fr\/type-de-contenu\/communiques-de-presse\/partenariat-pau-bearn-pyrenees-voltalis-6352","og_site_name":"Groupe Voltalis","article_publisher":"https:\/\/www.facebook.com\/pages\/category\/Product-Service\/Voltalis-178720392179068\/","article_published_time":"2022-12-13T15:05:02+00:00","article_modified_time":"2025-09-04T13:31:23+00:00","og_image":[{"width":992,"height":324,"url":"https:\/\/group.voltalis.com\/wp-content\/uploads\/2022\/09\/image.png","type":"image\/png"}],"author":"admin","twitter_card":"summary_large_image","twitter_misc":{"\u00c9crit par":"admin","Dur\u00e9e de lecture estim\u00e9e":"3 minutes"},"schema":{"@context":"https:\/\/schema.org","@graph":[{"@type":"Article","@id":"https:\/\/group.voltalis.com\/fr\/type-de-contenu\/communiques-de-presse\/partenariat-pau-bearn-pyrenees-voltalis-6352#article","isPartOf":{"@id":"https:\/\/group.voltalis.com\/fr\/type-de-contenu\/communiques-de-presse\/partenariat-pau-bearn-pyrenees-voltalis-6352"},"author":{"name":"admin","@id":"https:\/\/group.voltalis.com\/en\/#\/schema\/person\/cd75df70a442080ba333ff81754527b8"},"headline":"Pau B\u00e9arn Pyr\u00e9n\u00e9es et Voltalis s\u2019engagent pour d\u00e9ployer une solution d\u2019\u00e9conomies d\u2019\u00e9nergie gratuite et soutenir l\u2019effort de sobri\u00e9t\u00e9 \u00e9nerg\u00e9tique national d\u00e8s cet hiver.","datePublished":"2022-12-13T15:05:02+00:00","dateModified":"2025-09-04T13:31:23+00:00","mainEntityOfPage":{"@id":"https:\/\/group.voltalis.com\/fr\/type-de-contenu\/communiques-de-presse\/partenariat-pau-bearn-pyrenees-voltalis-6352"},"wordCount":774,"commentCount":0,"image":{"@id":"https:\/\/group.voltalis.com\/fr\/type-de-contenu\/communiques-de-presse\/partenariat-pau-bearn-pyrenees-voltalis-6352#primaryimage"},"thumbnailUrl":"https:\/\/group.voltalis.com\/wp-content\/uploads\/2022\/09\/image.png","articleSection":["Collectivit\u00e9s","Communiqu\u00e9s"],"inLanguage":"fr-FR"},{"@type":"WebPage","@id":"https:\/\/group.voltalis.com\/fr\/type-de-contenu\/communiques-de-presse\/partenariat-pau-bearn-pyrenees-voltalis-6352","url":"https:\/\/group.voltalis.com\/fr\/type-de-contenu\/communiques-de-presse\/partenariat-pau-bearn-pyrenees-voltalis-6352","name":"Pau B\u00e9arn Pyr\u00e9n\u00e9es d\u00e9ploie la solution de sobri\u00e9t\u00e9 Voltalis","isPartOf":{"@id":"https:\/\/group.voltalis.com\/en\/#website"},"primaryImageOfPage":{"@id":"https:\/\/group.voltalis.com\/fr\/type-de-contenu\/communiques-de-presse\/partenariat-pau-bearn-pyrenees-voltalis-6352#primaryimage"},"image":{"@id":"https:\/\/group.voltalis.com\/fr\/type-de-contenu\/communiques-de-presse\/partenariat-pau-bearn-pyrenees-voltalis-6352#primaryimage"},"thumbnailUrl":"https:\/\/group.voltalis.com\/wp-content\/uploads\/2022\/09\/image.png","datePublished":"2022-12-13T15:05:02+00:00","dateModified":"2025-09-04T13:31:23+00:00","author":{"@id":"https:\/\/group.voltalis.com\/en\/#\/schema\/person\/cd75df70a442080ba333ff81754527b8"},"description":"Ce partenariat permet aux foyers et professionnels chauff\u00e9s au tout \u00e9lectrique de b\u00e9n\u00e9ficier gratuitement du dispositif d\u2019\u00e9conomies d\u2019\u00e9nergie Voltalis.","breadcrumb":{"@id":"https:\/\/group.voltalis.com\/fr\/type-de-contenu\/communiques-de-presse\/partenariat-pau-bearn-pyrenees-voltalis-6352#breadcrumb"},"inLanguage":"fr-FR","potentialAction":[{"@type":"ReadAction","target":["https:\/\/group.voltalis.com\/fr\/type-de-contenu\/communiques-de-presse\/partenariat-pau-bearn-pyrenees-voltalis-6352"]}]},{"@type":"ImageObject","inLanguage":"fr-FR","@id":"https:\/\/group.voltalis.com\/fr\/type-de-contenu\/communiques-de-presse\/partenariat-pau-bearn-pyrenees-voltalis-6352#primaryimage","url":"https:\/\/group.voltalis.com\/wp-content\/uploads\/2022\/09\/image.png","contentUrl":"https:\/\/group.voltalis.com\/wp-content\/uploads\/2022\/09\/image.png"},{"@type":"BreadcrumbList","@id":"https:\/\/group.voltalis.com\/fr\/type-de-contenu\/communiques-de-presse\/partenariat-pau-bearn-pyrenees-voltalis-6352#breadcrumb","itemListElement":[{"@type":"ListItem","position":1,"name":"Home","item":"https:\/\/group.voltalis.com\/fr"},{"@type":"ListItem","position":2,"name":"Pau B\u00e9arn Pyr\u00e9n\u00e9es et Voltalis s\u2019engagent pour d\u00e9ployer une solution d\u2019\u00e9conomies d\u2019\u00e9nergie gratuite et soutenir l\u2019effort de sobri\u00e9t\u00e9 \u00e9nerg\u00e9tique national d\u00e8s cet hiver."}]},{"@type":"WebSite","@id":"https:\/\/group.voltalis.com\/en\/#website","url":"https:\/\/group.voltalis.com\/en\/","name":"Groupe Voltalis","description":"Bien plus que des \u00e9conomies d&#039;\u00e9nergie","potentialAction":[{"@type":"SearchAction","target":{"@type":"EntryPoint","urlTemplate":"https:\/\/group.voltalis.com\/en\/?s={search_term_string}"},"query-input":{"@type":"PropertyValueSpecification","valueRequired":true,"valueName":"search_term_string"}}],"inLanguage":"fr-FR"},{"@type":"Person","@id":"https:\/\/group.voltalis.com\/en\/#\/schema\/person\/cd75df70a442080ba333ff81754527b8","name":"admin","image":{"@type":"ImageObject","inLanguage":"fr-FR","@id":"https:\/\/secure.gravatar.com\/avatar\/d33819406c6fd656ae073a4bf8663fc5da17ca34c0a8d21882949b205ec67922?s=96&d=mm&r=g","url":"https:\/\/secure.gravatar.com\/avatar\/d33819406c6fd656ae073a4bf8663fc5da17ca34c0a8d21882949b205ec67922?s=96&d=mm&r=g","contentUrl":"https:\/\/secure.gravatar.com\/avatar\/d33819406c6fd656ae073a4bf8663fc5da17ca34c0a8d21882949b205ec67922?s=96&d=mm&r=g","caption":"admin"},"sameAs":["https:\/\/group.voltalis.com"],"url":"https:\/\/group.voltalis.com\/fr\/author\/admin"}]}},"_links":{"self":[{"href":"https:\/\/group.voltalis.com\/fr\/wp-json\/wp\/v2\/posts\/6352","targetHints":{"allow":["GET"]}}],"collection":[{"href":"https:\/\/group.voltalis.com\/fr\/wp-json\/wp\/v2\/posts"}],"about":[{"href":"https:\/\/group.voltalis.com\/fr\/wp-json\/wp\/v2\/types\/post"}],"author":[{"embeddable":true,"href":"https:\/\/group.voltalis.com\/fr\/wp-json\/wp\/v2\/users\/1"}],"replies":[{"embeddable":true,"href":"https:\/\/group.voltalis.com\/fr\/wp-json\/wp\/v2\/comments?post=6352"}],"version-history":[{"count":1,"href":"https:\/\/group.voltalis.com\/fr\/wp-json\/wp\/v2\/posts\/6352\/revisions"}],"predecessor-version":[{"id":10392,"href":"https:\/\/group.voltalis.com\/fr\/wp-json\/wp\/v2\/posts\/6352\/revisions\/10392"}],"wp:attachment":[{"href":"https:\/\/group.voltalis.com\/fr\/wp-json\/wp\/v2\/media?parent=6352"}],"wp:term":[{"taxonomy":"category","embeddable":true,"href":"https:\/\/group.voltalis.com\/fr\/wp-json\/wp\/v2\/categories?post=6352"},{"taxonomy":"post_tag","embeddable":true,"href":"https:\/\/group.voltalis.com\/fr\/wp-json\/wp\/v2\/tags?post=6352"}],"curies":[{"name":"wp","href":"https:\/\/api.w.org\/{rel}","templated":true}]}}