{"id":6385,"date":"2022-12-19T10:28:35","date_gmt":"2022-12-19T09:28:35","guid":{"rendered":"https:\/\/group.voltalis.com\/?p=6385"},"modified":"2025-09-04T14:34:12","modified_gmt":"2025-09-04T12:34:12","slug":"forez-est-agit-en-faveur-de-la-sobriete-energetique-avec-voltalis","status":"publish","type":"post","link":"https:\/\/group.voltalis.com\/fr\/type-de-contenu\/communiques-de-presse\/forez-est-agit-en-faveur-de-la-sobriete-energetique-avec-voltalis-6385","title":{"rendered":"Avec le d\u00e9ploiement de la solution d\u2019\u00e9conomies d\u2019\u00e9nergie Voltalis, la Communaut\u00e9 de Communes de Forez-Est agit en faveur de la sobri\u00e9t\u00e9 \u00e9nerg\u00e9tique et du pouvoir d\u2019achat de ses habitants."},"content":{"rendered":"\n<p>Engag\u00e9e depuis de nombreuses ann\u00e9es dans une d\u00e9marche de d\u00e9veloppement durable, la Communaut\u00e9 de Communes de Forez-Est a mis en place un Plan Climat Energie Territorial (PCAET) ambitieux. Il a notamment pour objectifs de r\u00e9duire et d\u2019optimiser les consommations \u00e9nerg\u00e9tiques notamment via des aides \u00e0 la r\u00e9novation des logements et des b\u00e2timents, de diviser par 4 les \u00e9missions de gaz \u00e0 effet et de d\u00e9velopper les \u00e9nergies renouvelables.<\/p>\n\n\n\n<p>Aujourd\u2019hui,<strong> <\/strong>face aux risques majeurs qui p\u00e8sent sur l\u2019alimentation \u00e9lectrique et le pouvoir d\u2019achat des Fran\u00e7ais, la <a href=\"https:\/\/www.forez-est.fr\/\" target=\"_blank\" rel=\"noreferrer noopener nofollow\">Communaut\u00e9 de Communes de Forez-Est<\/a> signe un partenariat innovant avec Voltalis. L\u2019objectif est de permettre \u00e0 <strong>chacun des 6 650 foyers chauff\u00e9s \u00e0 l\u2019\u00e9lectricit\u00e9 du territoire d\u2019\u00eatre \u00e9quip\u00e9 gratuitement d\u2019un dispositif connect\u00e9 d\u2019<a href=\"https:\/\/www.voltalis.com\/economies-energie\/reduire-sa-facture-delectricite-7-idees-recues-a-combattre-absolument-3970\" target=\"_blank\" rel=\"noreferrer noopener\">\u00e9conomies d\u2019\u00e9nergie<\/a> <\/strong>permettant de mieux ma\u00eetriser sa consommation \u00e9lectrique.<\/p>\n\n\n\n<h2 class=\"wp-block-heading\"><strong>Piloter facilement son chauffage \u00e9lectrique pour mieux ma\u00eetriser sa consommation<\/strong><\/h2>\n\n\n\n<p>Le dispositif Voltalis se mat\u00e9rialise par des petits <strong>bo\u00eetiers install\u00e9s tr\u00e8s discr\u00e8tement aux c\u00f4t\u00e9s de chacun des radiateurs \u00e9lectriques du logement. <\/strong>Il est totalement gratuit pour les particuliers comme les professionnels<strong> et ne n\u00e9cessite pas de changer ses radiateurs<\/strong> <strong>ou de fournisseur d\u2019\u00e9nergie<\/strong>.<\/p>\n\n\n\n<p>Ces bo\u00eetiers connect\u00e9s permettent de piloter facilement le chauffage qui, selon l\u2019ADEME, repr\u00e9sente 66 % de la consommation totale d\u2019un foyer chauff\u00e9 au tout \u00e9lectrique.<\/p>\n\n\n\n<p>Les foyers \u00e9quip\u00e9s b\u00e9n\u00e9ficient \u00e9galement de <a href=\"https:\/\/www.voltalis.com\/myvoltalis-lapplication-de-suivi-de-consommation-electrique\" target=\"_blank\" rel=\"noreferrer noopener\">MyVoltalis<\/a>, leur espace personnel dans lequel ils peuvent<strong> \u00e9galement suivre la consommation \u00e9lectrique de leur logement<\/strong> et profiter de conseils personnalis\u00e9s. MyVoltalis leur permet surtout de<strong> programmer finement leur chauffage et de le piloter \u00e0 distance <\/strong>pourne chauffer que quand c\u2019est n\u00e9cessaireet<strong> limiter les gaspillage.<\/strong> Il est accessible sur tous les ordinateurs, smartphones et tablettes.<\/p>\n\n\n<div class=\"wp-block-image\">\n<figure class=\"aligncenter size-full is-resized\"><img loading=\"lazy\" decoding=\"async\" src=\"https:\/\/group.voltalis.com\/wp-content\/uploads\/2022\/10\/image.png\" alt=\"Le dispoitif Voltalis et son application de pilotage du chauffage\" class=\"wp-image-6211\" width=\"496\" height=\"162\" srcset=\"https:\/\/group.voltalis.com\/wp-content\/uploads\/2022\/10\/image.png 992w, https:\/\/group.voltalis.com\/wp-content\/uploads\/2022\/10\/image-300x98.png 300w, https:\/\/group.voltalis.com\/wp-content\/uploads\/2022\/10\/image-768x251.png 768w\" sizes=\"auto, (max-width: 496px) 100vw, 496px\" \/><figcaption class=\"wp-element-caption\">Le dispoitif Voltalis et son application de pilotage du chauffage<\/figcaption><\/figure>\n<\/div>\n\n\n<p>Ce dispositif \u00e9cocitoyen permet de <strong>r\u00e9aliser jusqu\u2019\u00e0 15% d\u2019\u00e9conomies d\u2019\u00e9lectricit\u00e9,<\/strong> <strong>sans compromis de confort<\/strong> tout en <strong>limitant les \u00e9missions de CO<sub>2 <\/sub>de son logement<\/strong>.<\/p>\n\n\n\n<h2 class=\"wp-block-heading\"><strong>Contribuer \u00e0 la s\u00e9curit\u00e9 du r\u00e9seau \u00e9lectrique cet hiver et r\u00e9duire ses \u00e9missions de CO<sub>2<\/sub><\/strong><\/h2>\n\n\n\n<p>La production nucl\u00e9aire historiquement basse et les tensions sur l\u2019approvisionnement en gaz font peser des risques \u00e9lev\u00e9s de coupures ou de d\u00e9lestages sur le r\u00e9seau \u00e9lectrique cet hiver. Gr\u00e2ce \u00e0 sa technologie innovante, Voltalis offre la possibilit\u00e9 aux foyers de la Communaut\u00e9 de Communes de Forez-Est de <strong>contribuer activement \u00e0 pr\u00e9server le r\u00e9seau \u00e9lectrique et \u00e0 la transition \u00e9nerg\u00e9tique.<\/strong><\/p>\n\n\n\n<p>En effet,<strong> le syst\u00e8me \u00e9lectrique doit maintenir un \u00e9quilibre permanent entre la production et la consommation. L<\/strong>ors des pics de consommation hivernaux ou des baisses de production des \u00e9nergies renouvelables, <strong>le r\u00e9seau risque justement un d\u00e9s\u00e9quilibre<\/strong>&nbsp;: pour compenser, il augmente la production, g\u00e9n\u00e9ralement en faisant <strong>appel \u00e0 des centrales thermiques, <\/strong>au charbon, au fioul ou au gaz.<\/p>\n\n\n\n<p>A ces moments critiques, Voltalis peut agir en r\u00e9duisant tr\u00e8s bri\u00e8vement la puissance de dizaines de milliers d\u2019appareils de chauffage connect\u00e9s \u00e0 son dispositif, <strong>tout en pr\u00e9servant le confort des occupants<\/strong>. Cette baisse de la demande \u00e9lectrique fait que le r\u00e9seau est soulag\u00e9 aux bons moments, ce qui \u00e9vite le recours \u00e0 des centrales polluantes et r\u00e9duit les risques de coupures.<\/p>\n\n\n\n<p>Voltalis est r\u00e9mun\u00e9r\u00e9e pour ces services rendus au syst\u00e8me \u00e9lectrique et \u00e0 la collectivit\u00e9, ce qui lui permet de proposer gratuitement sa solution au plus grand nombre.<\/p>\n\n\n\n<h2 class=\"wp-block-heading\"><strong>B\u00e9n\u00e9ficier du dispositif d\u2019\u00e9conomies d\u2019\u00e9nergie Voltalis sur le territoire de Forez-Est<\/strong><\/h2>\n\n\n\n<p><strong>Tous les particuliers et professionnels chauff\u00e9s \u00e0 l\u2019\u00e9lectricit\u00e9 de la Communaut\u00e9 de Communes de Forez-Est, locataires comme propri\u00e9taires,<\/strong> peuvent profiter gratuitement de ce dispositif innovant. Il est install\u00e9 par un technicien professionnel agr\u00e9\u00e9 en 2h30 environ.<\/p>\n\n\n\n<p>Des <strong>conseillers Voltalis sillonneront le territoire <\/strong>pourpr\u00e9senter le service aux habitants, r\u00e9pondre \u00e0 leurs questions et proposer un rendez-vous d\u2019installation. &nbsp;<\/p>\n\n\n\n<p>Les habitants peuvent \u00e9galement contacter Voltalis et convenir d\u2019un rendez-vous d\u2019installation par t\u00e9l\u00e9phone, au <strong>04 56 60 87 47<\/strong> (appel non surtax\u00e9, du lundi au samedi, 9h-18h) ou par courriel \u00e0 l\u2019adresse&nbsp;:<strong> <\/strong><a href=\"mailto:xxxxxxxxxxxxxx@voltalis.com\"><strong>forez-est@voltalis.com<\/strong><\/a><\/p>\n\n\n\n<p><strong>Contacts presse&nbsp;:<\/strong><\/p>\n\n\n\n<ul class=\"wp-block-list\">\n<li><strong>Pour la Communaut\u00e9 de Communes de Forez-Est : <\/strong>Lucie Tisserand &#8211; <a href=\"mailto:l.tisserand@forez-est.fr\">l.tisserand@forez-est.fr<\/a> &nbsp;\u2013 04 77 27 11 70<\/li>\n<\/ul>\n\n\n\n<ul class=\"wp-block-list\">\n<li><strong>Pour Voltalis&nbsp;:<\/strong> <a href=\"mailto:voltalis@lagencerp.com\">voltalis@lagencerp.com<\/a> &#8211; St\u00e9phy D\u00e9ka &#8211; <a href=\"mailto:stephy@lagencerp.com\">stephy@lagencerp.com<\/a>&nbsp; \u2013 07&nbsp;63&nbsp;18&nbsp;60&nbsp;15 et Raya Rizk &#8211; <a href=\"mailto:raya@lagencerp.com\">raya@lagencerp.com<\/a>&nbsp; &#8211; 07 85 15 22 40<\/li>\n<\/ul>\n\n\n\n<p><a href=\"https:\/\/group.voltalis.com\/wp-content\/uploads\/2022\/12\/Communique_de_presse_Partenariat_Voltalis_CC_Forez.pdf\" target=\"_blank\" rel=\"noreferrer noopener\"><strong>T\u00e9l\u00e9charger le communiqu\u00e9 de presse de la CC Forez-Est<\/strong><\/a><\/p>\n","protected":false},"excerpt":{"rendered":"<p>Engag\u00e9e depuis de nombreuses ann\u00e9es dans une d\u00e9marche de d\u00e9veloppement durable, la Communaut\u00e9 de Communes de Forez-Est a mis en place un Plan Climat Energie Territorial (PCAET) ambitieux. Il a notamment pour objectifs de r\u00e9duire et d\u2019optimiser les consommations \u00e9nerg\u00e9tiques notamment via des aides \u00e0 la r\u00e9novation des logements et des b\u00e2timents, de diviser par [&hellip;]<\/p>\n","protected":false},"author":1,"featured_media":0,"comment_status":"open","ping_status":"closed","sticky":false,"template":"","format":"standard","meta":{"_acf_changed":false,"inline_featured_image":false,"footnotes":""},"categories":[199,3],"tags":[],"class_list":["post-6385","post","type-post","status-publish","format-standard","hentry","category-collectivites","category-communiques-de-presse"],"acf":[],"yoast_head":"<!-- This site is optimized with the Yoast SEO plugin v27.5 - https:\/\/yoast.com\/product\/yoast-seo-wordpress\/ -->\n<title>Avec Voltalis, Forez-Est agit en faveur de la sobri\u00e9t\u00e9 \u00e9nerg\u00e9tique<\/title>\n<meta name=\"description\" content=\"La CC Forez-Est \u00e0 sign\u00e9 un partenariat avec Voltalis et permet \u00e0 6 650 foyers de profiter gratuitement du dispositif d&#039;\u00e9conomies d&#039;\u00e9nergie Voltalis\" \/>\n<meta name=\"robots\" content=\"index, follow, max-snippet:-1, max-image-preview:large, max-video-preview:-1\" \/>\n<link rel=\"canonical\" href=\"https:\/\/group.voltalis.com\/fr\/type-de-contenu\/communiques-de-presse\/forez-est-agit-en-faveur-de-la-sobriete-energetique-avec-voltalis-6385\" \/>\n<meta property=\"og:locale\" content=\"fr_FR\" \/>\n<meta property=\"og:type\" content=\"article\" \/>\n<meta property=\"og:title\" content=\"Avec Voltalis, Forez-Est agit en faveur de la sobri\u00e9t\u00e9 \u00e9nerg\u00e9tique\" \/>\n<meta property=\"og:description\" content=\"La CC Forez-Est \u00e0 sign\u00e9 un partenariat avec Voltalis et permet \u00e0 6 650 foyers de profiter gratuitement du dispositif d&#039;\u00e9conomies d&#039;\u00e9nergie Voltalis\" \/>\n<meta property=\"og:url\" content=\"https:\/\/group.voltalis.com\/fr\/type-de-contenu\/communiques-de-presse\/forez-est-agit-en-faveur-de-la-sobriete-energetique-avec-voltalis-6385\" \/>\n<meta property=\"og:site_name\" content=\"Groupe Voltalis\" \/>\n<meta property=\"article:publisher\" content=\"https:\/\/www.facebook.com\/pages\/category\/Product-Service\/Voltalis-178720392179068\/\" \/>\n<meta property=\"article:published_time\" content=\"2022-12-19T09:28:35+00:00\" \/>\n<meta property=\"article:modified_time\" content=\"2025-09-04T12:34:12+00:00\" \/>\n<meta property=\"og:image\" content=\"https:\/\/group.voltalis.com\/wp-content\/uploads\/2022\/10\/image.png\" \/>\n\t<meta property=\"og:image:width\" content=\"992\" \/>\n\t<meta property=\"og:image:height\" content=\"324\" \/>\n\t<meta property=\"og:image:type\" content=\"image\/png\" \/>\n<meta name=\"author\" content=\"admin\" \/>\n<meta name=\"twitter:card\" content=\"summary_large_image\" \/>\n<meta name=\"twitter:label1\" content=\"\u00c9crit par\" \/>\n\t<meta name=\"twitter:data1\" content=\"admin\" \/>\n\t<meta name=\"twitter:label2\" content=\"Dur\u00e9e de lecture estim\u00e9e\" \/>\n\t<meta name=\"twitter:data2\" content=\"4 minutes\" \/>\n<script type=\"application\/ld+json\" class=\"yoast-schema-graph\">{\"@context\":\"https:\\\/\\\/schema.org\",\"@graph\":[{\"@type\":\"Article\",\"@id\":\"https:\\\/\\\/group.voltalis.com\\\/fr\\\/type-de-contenu\\\/communiques-de-presse\\\/forez-est-agit-en-faveur-de-la-sobriete-energetique-avec-voltalis-6385#article\",\"isPartOf\":{\"@id\":\"https:\\\/\\\/group.voltalis.com\\\/fr\\\/type-de-contenu\\\/communiques-de-presse\\\/forez-est-agit-en-faveur-de-la-sobriete-energetique-avec-voltalis-6385\"},\"author\":{\"name\":\"admin\",\"@id\":\"https:\\\/\\\/group.voltalis.com\\\/en\\\/#\\\/schema\\\/person\\\/cd75df70a442080ba333ff81754527b8\"},\"headline\":\"Avec le d\u00e9ploiement de la solution d\u2019\u00e9conomies d\u2019\u00e9nergie Voltalis, la Communaut\u00e9 de Communes de Forez-Est agit en faveur de la sobri\u00e9t\u00e9 \u00e9nerg\u00e9tique et du pouvoir d\u2019achat de ses habitants.\",\"datePublished\":\"2022-12-19T09:28:35+00:00\",\"dateModified\":\"2025-09-04T12:34:12+00:00\",\"mainEntityOfPage\":{\"@id\":\"https:\\\/\\\/group.voltalis.com\\\/fr\\\/type-de-contenu\\\/communiques-de-presse\\\/forez-est-agit-en-faveur-de-la-sobriete-energetique-avec-voltalis-6385\"},\"wordCount\":782,\"commentCount\":0,\"image\":{\"@id\":\"https:\\\/\\\/group.voltalis.com\\\/fr\\\/type-de-contenu\\\/communiques-de-presse\\\/forez-est-agit-en-faveur-de-la-sobriete-energetique-avec-voltalis-6385#primaryimage\"},\"thumbnailUrl\":\"https:\\\/\\\/group.voltalis.com\\\/wp-content\\\/uploads\\\/2022\\\/10\\\/image.png\",\"articleSection\":[\"Collectivit\u00e9s\",\"Communiqu\u00e9s\"],\"inLanguage\":\"fr-FR\"},{\"@type\":\"WebPage\",\"@id\":\"https:\\\/\\\/group.voltalis.com\\\/fr\\\/type-de-contenu\\\/communiques-de-presse\\\/forez-est-agit-en-faveur-de-la-sobriete-energetique-avec-voltalis-6385\",\"url\":\"https:\\\/\\\/group.voltalis.com\\\/fr\\\/type-de-contenu\\\/communiques-de-presse\\\/forez-est-agit-en-faveur-de-la-sobriete-energetique-avec-voltalis-6385\",\"name\":\"Avec Voltalis, Forez-Est agit en faveur de la sobri\u00e9t\u00e9 \u00e9nerg\u00e9tique\",\"isPartOf\":{\"@id\":\"https:\\\/\\\/group.voltalis.com\\\/en\\\/#website\"},\"primaryImageOfPage\":{\"@id\":\"https:\\\/\\\/group.voltalis.com\\\/fr\\\/type-de-contenu\\\/communiques-de-presse\\\/forez-est-agit-en-faveur-de-la-sobriete-energetique-avec-voltalis-6385#primaryimage\"},\"image\":{\"@id\":\"https:\\\/\\\/group.voltalis.com\\\/fr\\\/type-de-contenu\\\/communiques-de-presse\\\/forez-est-agit-en-faveur-de-la-sobriete-energetique-avec-voltalis-6385#primaryimage\"},\"thumbnailUrl\":\"https:\\\/\\\/group.voltalis.com\\\/wp-content\\\/uploads\\\/2022\\\/10\\\/image.png\",\"datePublished\":\"2022-12-19T09:28:35+00:00\",\"dateModified\":\"2025-09-04T12:34:12+00:00\",\"author\":{\"@id\":\"https:\\\/\\\/group.voltalis.com\\\/en\\\/#\\\/schema\\\/person\\\/cd75df70a442080ba333ff81754527b8\"},\"description\":\"La CC Forez-Est \u00e0 sign\u00e9 un partenariat avec Voltalis et permet \u00e0 6 650 foyers de profiter gratuitement du dispositif d'\u00e9conomies d'\u00e9nergie Voltalis\",\"breadcrumb\":{\"@id\":\"https:\\\/\\\/group.voltalis.com\\\/fr\\\/type-de-contenu\\\/communiques-de-presse\\\/forez-est-agit-en-faveur-de-la-sobriete-energetique-avec-voltalis-6385#breadcrumb\"},\"inLanguage\":\"fr-FR\",\"potentialAction\":[{\"@type\":\"ReadAction\",\"target\":[\"https:\\\/\\\/group.voltalis.com\\\/fr\\\/type-de-contenu\\\/communiques-de-presse\\\/forez-est-agit-en-faveur-de-la-sobriete-energetique-avec-voltalis-6385\"]}]},{\"@type\":\"ImageObject\",\"inLanguage\":\"fr-FR\",\"@id\":\"https:\\\/\\\/group.voltalis.com\\\/fr\\\/type-de-contenu\\\/communiques-de-presse\\\/forez-est-agit-en-faveur-de-la-sobriete-energetique-avec-voltalis-6385#primaryimage\",\"url\":\"https:\\\/\\\/group.voltalis.com\\\/wp-content\\\/uploads\\\/2022\\\/10\\\/image.png\",\"contentUrl\":\"https:\\\/\\\/group.voltalis.com\\\/wp-content\\\/uploads\\\/2022\\\/10\\\/image.png\"},{\"@type\":\"BreadcrumbList\",\"@id\":\"https:\\\/\\\/group.voltalis.com\\\/fr\\\/type-de-contenu\\\/communiques-de-presse\\\/forez-est-agit-en-faveur-de-la-sobriete-energetique-avec-voltalis-6385#breadcrumb\",\"itemListElement\":[{\"@type\":\"ListItem\",\"position\":1,\"name\":\"Home\",\"item\":\"https:\\\/\\\/group.voltalis.com\\\/fr\"},{\"@type\":\"ListItem\",\"position\":2,\"name\":\"Avec le d\u00e9ploiement de la solution d\u2019\u00e9conomies d\u2019\u00e9nergie Voltalis, la Communaut\u00e9 de Communes de Forez-Est agit en faveur de la sobri\u00e9t\u00e9 \u00e9nerg\u00e9tique et du pouvoir d\u2019achat de ses habitants.\"}]},{\"@type\":\"WebSite\",\"@id\":\"https:\\\/\\\/group.voltalis.com\\\/en\\\/#website\",\"url\":\"https:\\\/\\\/group.voltalis.com\\\/en\\\/\",\"name\":\"Groupe Voltalis\",\"description\":\"Bien plus que des \u00e9conomies d&#039;\u00e9nergie\",\"potentialAction\":[{\"@type\":\"SearchAction\",\"target\":{\"@type\":\"EntryPoint\",\"urlTemplate\":\"https:\\\/\\\/group.voltalis.com\\\/en\\\/?s={search_term_string}\"},\"query-input\":{\"@type\":\"PropertyValueSpecification\",\"valueRequired\":true,\"valueName\":\"search_term_string\"}}],\"inLanguage\":\"fr-FR\"},{\"@type\":\"Person\",\"@id\":\"https:\\\/\\\/group.voltalis.com\\\/en\\\/#\\\/schema\\\/person\\\/cd75df70a442080ba333ff81754527b8\",\"name\":\"admin\",\"image\":{\"@type\":\"ImageObject\",\"inLanguage\":\"fr-FR\",\"@id\":\"https:\\\/\\\/secure.gravatar.com\\\/avatar\\\/d33819406c6fd656ae073a4bf8663fc5da17ca34c0a8d21882949b205ec67922?s=96&d=mm&r=g\",\"url\":\"https:\\\/\\\/secure.gravatar.com\\\/avatar\\\/d33819406c6fd656ae073a4bf8663fc5da17ca34c0a8d21882949b205ec67922?s=96&d=mm&r=g\",\"contentUrl\":\"https:\\\/\\\/secure.gravatar.com\\\/avatar\\\/d33819406c6fd656ae073a4bf8663fc5da17ca34c0a8d21882949b205ec67922?s=96&d=mm&r=g\",\"caption\":\"admin\"},\"sameAs\":[\"https:\\\/\\\/group.voltalis.com\"],\"url\":\"https:\\\/\\\/group.voltalis.com\\\/fr\\\/author\\\/admin\"}]}<\/script>\n<!-- \/ Yoast SEO plugin. -->","yoast_head_json":{"title":"Avec Voltalis, Forez-Est agit en faveur de la sobri\u00e9t\u00e9 \u00e9nerg\u00e9tique","description":"La CC Forez-Est \u00e0 sign\u00e9 un partenariat avec Voltalis et permet \u00e0 6 650 foyers de profiter gratuitement du dispositif d'\u00e9conomies d'\u00e9nergie Voltalis","robots":{"index":"index","follow":"follow","max-snippet":"max-snippet:-1","max-image-preview":"max-image-preview:large","max-video-preview":"max-video-preview:-1"},"canonical":"https:\/\/group.voltalis.com\/fr\/type-de-contenu\/communiques-de-presse\/forez-est-agit-en-faveur-de-la-sobriete-energetique-avec-voltalis-6385","og_locale":"fr_FR","og_type":"article","og_title":"Avec Voltalis, Forez-Est agit en faveur de la sobri\u00e9t\u00e9 \u00e9nerg\u00e9tique","og_description":"La CC Forez-Est \u00e0 sign\u00e9 un partenariat avec Voltalis et permet \u00e0 6 650 foyers de profiter gratuitement du dispositif d'\u00e9conomies d'\u00e9nergie Voltalis","og_url":"https:\/\/group.voltalis.com\/fr\/type-de-contenu\/communiques-de-presse\/forez-est-agit-en-faveur-de-la-sobriete-energetique-avec-voltalis-6385","og_site_name":"Groupe Voltalis","article_publisher":"https:\/\/www.facebook.com\/pages\/category\/Product-Service\/Voltalis-178720392179068\/","article_published_time":"2022-12-19T09:28:35+00:00","article_modified_time":"2025-09-04T12:34:12+00:00","og_image":[{"width":992,"height":324,"url":"https:\/\/group.voltalis.com\/wp-content\/uploads\/2022\/10\/image.png","type":"image\/png"}],"author":"admin","twitter_card":"summary_large_image","twitter_misc":{"\u00c9crit par":"admin","Dur\u00e9e de lecture estim\u00e9e":"4 minutes"},"schema":{"@context":"https:\/\/schema.org","@graph":[{"@type":"Article","@id":"https:\/\/group.voltalis.com\/fr\/type-de-contenu\/communiques-de-presse\/forez-est-agit-en-faveur-de-la-sobriete-energetique-avec-voltalis-6385#article","isPartOf":{"@id":"https:\/\/group.voltalis.com\/fr\/type-de-contenu\/communiques-de-presse\/forez-est-agit-en-faveur-de-la-sobriete-energetique-avec-voltalis-6385"},"author":{"name":"admin","@id":"https:\/\/group.voltalis.com\/en\/#\/schema\/person\/cd75df70a442080ba333ff81754527b8"},"headline":"Avec le d\u00e9ploiement de la solution d\u2019\u00e9conomies d\u2019\u00e9nergie Voltalis, la Communaut\u00e9 de Communes de Forez-Est agit en faveur de la sobri\u00e9t\u00e9 \u00e9nerg\u00e9tique et du pouvoir d\u2019achat de ses habitants.","datePublished":"2022-12-19T09:28:35+00:00","dateModified":"2025-09-04T12:34:12+00:00","mainEntityOfPage":{"@id":"https:\/\/group.voltalis.com\/fr\/type-de-contenu\/communiques-de-presse\/forez-est-agit-en-faveur-de-la-sobriete-energetique-avec-voltalis-6385"},"wordCount":782,"commentCount":0,"image":{"@id":"https:\/\/group.voltalis.com\/fr\/type-de-contenu\/communiques-de-presse\/forez-est-agit-en-faveur-de-la-sobriete-energetique-avec-voltalis-6385#primaryimage"},"thumbnailUrl":"https:\/\/group.voltalis.com\/wp-content\/uploads\/2022\/10\/image.png","articleSection":["Collectivit\u00e9s","Communiqu\u00e9s"],"inLanguage":"fr-FR"},{"@type":"WebPage","@id":"https:\/\/group.voltalis.com\/fr\/type-de-contenu\/communiques-de-presse\/forez-est-agit-en-faveur-de-la-sobriete-energetique-avec-voltalis-6385","url":"https:\/\/group.voltalis.com\/fr\/type-de-contenu\/communiques-de-presse\/forez-est-agit-en-faveur-de-la-sobriete-energetique-avec-voltalis-6385","name":"Avec Voltalis, Forez-Est agit en faveur de la sobri\u00e9t\u00e9 \u00e9nerg\u00e9tique","isPartOf":{"@id":"https:\/\/group.voltalis.com\/en\/#website"},"primaryImageOfPage":{"@id":"https:\/\/group.voltalis.com\/fr\/type-de-contenu\/communiques-de-presse\/forez-est-agit-en-faveur-de-la-sobriete-energetique-avec-voltalis-6385#primaryimage"},"image":{"@id":"https:\/\/group.voltalis.com\/fr\/type-de-contenu\/communiques-de-presse\/forez-est-agit-en-faveur-de-la-sobriete-energetique-avec-voltalis-6385#primaryimage"},"thumbnailUrl":"https:\/\/group.voltalis.com\/wp-content\/uploads\/2022\/10\/image.png","datePublished":"2022-12-19T09:28:35+00:00","dateModified":"2025-09-04T12:34:12+00:00","author":{"@id":"https:\/\/group.voltalis.com\/en\/#\/schema\/person\/cd75df70a442080ba333ff81754527b8"},"description":"La CC Forez-Est \u00e0 sign\u00e9 un partenariat avec Voltalis et permet \u00e0 6 650 foyers de profiter gratuitement du dispositif d'\u00e9conomies d'\u00e9nergie Voltalis","breadcrumb":{"@id":"https:\/\/group.voltalis.com\/fr\/type-de-contenu\/communiques-de-presse\/forez-est-agit-en-faveur-de-la-sobriete-energetique-avec-voltalis-6385#breadcrumb"},"inLanguage":"fr-FR","potentialAction":[{"@type":"ReadAction","target":["https:\/\/group.voltalis.com\/fr\/type-de-contenu\/communiques-de-presse\/forez-est-agit-en-faveur-de-la-sobriete-energetique-avec-voltalis-6385"]}]},{"@type":"ImageObject","inLanguage":"fr-FR","@id":"https:\/\/group.voltalis.com\/fr\/type-de-contenu\/communiques-de-presse\/forez-est-agit-en-faveur-de-la-sobriete-energetique-avec-voltalis-6385#primaryimage","url":"https:\/\/group.voltalis.com\/wp-content\/uploads\/2022\/10\/image.png","contentUrl":"https:\/\/group.voltalis.com\/wp-content\/uploads\/2022\/10\/image.png"},{"@type":"BreadcrumbList","@id":"https:\/\/group.voltalis.com\/fr\/type-de-contenu\/communiques-de-presse\/forez-est-agit-en-faveur-de-la-sobriete-energetique-avec-voltalis-6385#breadcrumb","itemListElement":[{"@type":"ListItem","position":1,"name":"Home","item":"https:\/\/group.voltalis.com\/fr"},{"@type":"ListItem","position":2,"name":"Avec le d\u00e9ploiement de la solution d\u2019\u00e9conomies d\u2019\u00e9nergie Voltalis, la Communaut\u00e9 de Communes de Forez-Est agit en faveur de la sobri\u00e9t\u00e9 \u00e9nerg\u00e9tique et du pouvoir d\u2019achat de ses habitants."}]},{"@type":"WebSite","@id":"https:\/\/group.voltalis.com\/en\/#website","url":"https:\/\/group.voltalis.com\/en\/","name":"Groupe Voltalis","description":"Bien plus que des \u00e9conomies d&#039;\u00e9nergie","potentialAction":[{"@type":"SearchAction","target":{"@type":"EntryPoint","urlTemplate":"https:\/\/group.voltalis.com\/en\/?s={search_term_string}"},"query-input":{"@type":"PropertyValueSpecification","valueRequired":true,"valueName":"search_term_string"}}],"inLanguage":"fr-FR"},{"@type":"Person","@id":"https:\/\/group.voltalis.com\/en\/#\/schema\/person\/cd75df70a442080ba333ff81754527b8","name":"admin","image":{"@type":"ImageObject","inLanguage":"fr-FR","@id":"https:\/\/secure.gravatar.com\/avatar\/d33819406c6fd656ae073a4bf8663fc5da17ca34c0a8d21882949b205ec67922?s=96&d=mm&r=g","url":"https:\/\/secure.gravatar.com\/avatar\/d33819406c6fd656ae073a4bf8663fc5da17ca34c0a8d21882949b205ec67922?s=96&d=mm&r=g","contentUrl":"https:\/\/secure.gravatar.com\/avatar\/d33819406c6fd656ae073a4bf8663fc5da17ca34c0a8d21882949b205ec67922?s=96&d=mm&r=g","caption":"admin"},"sameAs":["https:\/\/group.voltalis.com"],"url":"https:\/\/group.voltalis.com\/fr\/author\/admin"}]}},"_links":{"self":[{"href":"https:\/\/group.voltalis.com\/fr\/wp-json\/wp\/v2\/posts\/6385","targetHints":{"allow":["GET"]}}],"collection":[{"href":"https:\/\/group.voltalis.com\/fr\/wp-json\/wp\/v2\/posts"}],"about":[{"href":"https:\/\/group.voltalis.com\/fr\/wp-json\/wp\/v2\/types\/post"}],"author":[{"embeddable":true,"href":"https:\/\/group.voltalis.com\/fr\/wp-json\/wp\/v2\/users\/1"}],"replies":[{"embeddable":true,"href":"https:\/\/group.voltalis.com\/fr\/wp-json\/wp\/v2\/comments?post=6385"}],"version-history":[{"count":1,"href":"https:\/\/group.voltalis.com\/fr\/wp-json\/wp\/v2\/posts\/6385\/revisions"}],"predecessor-version":[{"id":10335,"href":"https:\/\/group.voltalis.com\/fr\/wp-json\/wp\/v2\/posts\/6385\/revisions\/10335"}],"wp:attachment":[{"href":"https:\/\/group.voltalis.com\/fr\/wp-json\/wp\/v2\/media?parent=6385"}],"wp:term":[{"taxonomy":"category","embeddable":true,"href":"https:\/\/group.voltalis.com\/fr\/wp-json\/wp\/v2\/categories?post=6385"},{"taxonomy":"post_tag","embeddable":true,"href":"https:\/\/group.voltalis.com\/fr\/wp-json\/wp\/v2\/tags?post=6385"}],"curies":[{"name":"wp","href":"https:\/\/api.w.org\/{rel}","templated":true}]}}