{"id":6467,"date":"2023-01-23T11:27:29","date_gmt":"2023-01-23T10:27:29","guid":{"rendered":"https:\/\/group.voltalis.com\/?p=6467"},"modified":"2025-09-05T10:14:29","modified_gmt":"2025-09-05T08:14:29","slug":"partenariat-herault-mediterranee-voltalis","status":"publish","type":"post","link":"https:\/\/group.voltalis.com\/fr\/type-de-contenu\/communiques-de-presse\/partenariat-herault-mediterranee-voltalis-6467","title":{"rendered":"La Communaut\u00e9 d&rsquo;Agglom\u00e9ration H\u00e9rault M\u00e9diterran\u00e9e soutient l\u2019effort national de sobri\u00e9t\u00e9 \u00e9nerg\u00e9tique en proposant la solution Voltalis \u00e0 plus de 25 000 foyers \u00e9ligibles"},"content":{"rendered":"\n<p>Territoire lab\u00e9lis\u00e9 Energie Positive pour la Croissance Verte et engag\u00e9e dans le d\u00e9ploiement du Plan Climat Air Energie Territorial, l\u2019Agglo H\u00e9rault M\u00e9diterran\u00e9e agit pour accompagner et faciliter la transition \u00e9nerg\u00e9tique de son territoire.<br>Dans un contexte de crise \u00e9nerg\u00e9tique, l\u2019agglom\u00e9ration donne \u00e9galement la priorit\u00e9 au pouvoir d\u2019achat de ses habitants. En signant un partenariat avec Voltalis, l\u2019Agglo H\u00e9rault M\u00e9diterran\u00e9e propose une solution concr\u00e8te de sobri\u00e9t\u00e9 \u00e9nerg\u00e9tique aux 25 000 logements et locaux professionnels chauff\u00e9s \u00e0 l\u2019\u00e9lectricit\u00e9 : <strong>\u00e9quiper leurs radiateurs d\u2019un dispositif connect\u00e9 permettant de mieux ma\u00eetriser leur consommation \u00e9lectrique et de r\u00e9aliser des \u00e9conomies d\u2019\u00e9nergie utiles au r\u00e9seau<\/strong>.<\/p>\n\n\n\n<h2 class=\"wp-block-heading\">Un dispositif gratuit pour piloter son chauffage \u00e9lectrique et r\u00e9duire jusqu\u2019\u00e0 70 % des \u00e9mission de CO2<\/h2>\n\n\n\n<p>Via un boitier connect\u00e9 install\u00e9 discr\u00e8tement aux c\u00f4t\u00e9s de chaque radiateur, la solution Voltalis permet \u00e0 l\u2019adh\u00e9rent, qu\u2019il soit commer\u00e7ant, professionnel ou particulier, de programmer et piloter \u00e0 distance son chauffage afin de ma\u00eetriser au mieux sa consommation, sans avoir besoin de changer ses radiateurs ou de fournisseur d\u2019\u00e9nergie. <a href=\"https:\/\/www.voltalis.com\/myvoltalis-lapplication-de-suivi-de-consommation-electrique\" target=\"_blank\" rel=\"noreferrer noopener\">L\u2019application MyVoltalis et les services<\/a> offerts permettent \u00e9galement de suivre sa consommation \u00e9lectrique (en euros et en kWh) et son \u00e9volution, en b\u00e9n\u00e9ficiant de conseils personnalis\u00e9s. Les adh\u00e9rents peuvent <strong>r\u00e9aliser jusqu\u2019\u00e0 15 % d\u2019\u00e9conomies d\u2019\u00e9nergie par an,<\/strong> ce qui permet de limiter voire d\u2019annuler les augmentations des tarifs d\u2019\u00e9lectricit\u00e9.<\/p>\n\n\n<div class=\"wp-block-image\">\n<figure class=\"aligncenter size-full is-resized\"><img loading=\"lazy\" decoding=\"async\" src=\"https:\/\/group.voltalis.com\/wp-content\/uploads\/2022\/10\/image.png\" alt=\"Le dispositif d'\u00e9conomies d'\u00e9nergie Voltalis et son application de gestion du chauffage \u00e9lectrique\" class=\"wp-image-6211\" width=\"744\" height=\"243\" srcset=\"https:\/\/group.voltalis.com\/wp-content\/uploads\/2022\/10\/image.png 992w, https:\/\/group.voltalis.com\/wp-content\/uploads\/2022\/10\/image-300x98.png 300w, https:\/\/group.voltalis.com\/wp-content\/uploads\/2022\/10\/image-768x251.png 768w\" sizes=\"auto, (max-width: 744px) 100vw, 744px\" \/><figcaption class=\"wp-element-caption\">Le dispositif d&rsquo;\u00e9conomies d&rsquo;\u00e9nergie Voltalis et son application de gestion du chauffage \u00e9lectrique<\/figcaption><\/figure>\n<\/div>\n\n\n<h2 class=\"wp-block-heading\">Une action d\u2019\u00e9co-sobri\u00e9t\u00e9 qui contribue \u00e0 la s\u00e9curit\u00e9 du r\u00e9seau \u00e9lectrique fran\u00e7ais<\/h2>\n\n\n\n<p>Guerre en Ukraine, retards de maintenance sur les centrales nucl\u00e9aires dues \u00e0 la pand\u00e9mie, corrosion affectant les r\u00e9acteurs nucl\u00e9aires\u2026 autant de menaces qui p\u00e8sent sur l\u2019approvisionnement \u00e9lectrique des Fran\u00e7ais. En soutenant le d\u00e9ploiement du dispositif Voltalis sur son territoire, l<a href=\"https:\/\/www.agglo-heraultmediterranee.net\/\" target=\"_blank\" rel=\"noreferrer noopener nofollow\">\u2019Agglo H\u00e9rault M\u00e9diterran\u00e9e<\/a> agit concr\u00e8tement aujourd\u2019hui pour aider \u00e0 pr\u00e9server le r\u00e9seau \u00e9lectrique, particuli\u00e8rement en tension.<\/p>\n\n\n\n<h2 class=\"wp-block-heading\">Comment \u00e7a marche ?<\/h2>\n\n\n\n<p>En cas de pics de consommation ou d\u2019al\u00e9as de production des \u00e9nergies renouvelables, l\u2019\u00e9quilibre entre la production et la consommation n\u2019est plus assur\u00e9. Plut\u00f4t que d\u2019augmenter la production en faisant appel \u00e0 des centrales thermiques polluantes, Voltalis propose une solution vertueuse pour intervenir \u00e0 ces moments critiques : r\u00e9duire la consommation nationale d\u2019\u00e9lectricit\u00e9 en modulant bri\u00e8vement la puissance de dizaines de milliers d\u2019appareils de chauffage connect\u00e9s \u00e0 son dispositif, tout en pr\u00e9servant le confort des occupants. En apportant cette aide d\u00e9cisive au service de l\u2019\u00e9quilibre du r\u00e9seau \u00e9lectrique, Voltalis est r\u00e9mun\u00e9r\u00e9e, d\u2019o\u00f9 la gratuit\u00e9 de son offre pour les particuliers et les professionnels.<\/p>\n\n\n\n<h2 class=\"wp-block-heading\">A qui s\u2019adresser pour b\u00e9n\u00e9ficier du dispositif Voltalis sur le territoire d&rsquo;H\u00e9rault M\u00e9diterran\u00e9e ?<\/h2>\n\n\n\n<p>Tous les particuliers et professionnels chauff\u00e9s \u00e0 l\u2019\u00e9lectricit\u00e9 peuvent en b\u00e9n\u00e9ficier. Le dispositif est install\u00e9 par un technicien agr\u00e9\u00e9 en 2h30 environ, selon le nombre de radiateurs \u00e0 \u00e9quiper.<br>Des conseillers Voltalis viendront \u00e0 la rencontre des habitants de la Communaut\u00e9 d&rsquo;Agglom\u00e9ration H\u00e9rault M\u00e9diterran\u00e9e pour pr\u00e9senter le service, r\u00e9pondre \u00e0 leurs questions et leur proposer un rendez-vous d\u2019installation. Il est \u00e9galement possible de contacter Voltalis et convenir d\u2019un rendez-vous soit par t\u00e9l\u00e9phone, au <strong>05 40 25 69 96 (appel non surtax\u00e9, du lundi au samedi, 9h-18h)<\/strong> soit par courriel \u00e0 l\u2019adresse : <a href=\"mailto:agglohm@voltalis.com\"><strong>agglohm@voltalis.com<\/strong><\/a><\/p>\n\n\n\n<p><strong>Contacts presse :<br><\/strong>\u2022 Pour la Communaut\u00e9 d&rsquo;Agglom\u00e9ration H\u00e9rault M\u00e9diterran\u00e9e : C\u00e9line KLEIN, Directrice communication &#8211; <a href=\"mailto:c.klein@agglohm.net\">c.klein@agglohm.net<\/a><br>\u2022 Pour Voltalis : <a href=\"mailto:voltalis@lagencerp.com\">voltalis@lagencerp.com<\/a> &#8211; Raya RIZK &#8211; raya@lagencerp.com &#8211; 07 85 15 22 40<\/p>\n\n\n\n<p><strong><a href=\"https:\/\/group.voltalis.com\/wp-content\/uploads\/2023\/01\/Communique_de_presse_Partenariat_Voltalis_CA_Herault_Mediterranee_VF.pdf\" target=\"_blank\" rel=\"noreferrer noopener\">T\u00e9l\u00e9charger le communiqu\u00e9 de presse H\u00e9rault M\u00e9diterran\u00e9e<\/a><\/strong><\/p>\n\n\n\n<p><\/p>\n","protected":false},"excerpt":{"rendered":"<p>Territoire lab\u00e9lis\u00e9 Energie Positive pour la Croissance Verte et engag\u00e9e dans le d\u00e9ploiement du Plan Climat Air Energie Territorial, l\u2019Agglo H\u00e9rault M\u00e9diterran\u00e9e agit pour accompagner et faciliter la transition \u00e9nerg\u00e9tique de son territoire.Dans un contexte de crise \u00e9nerg\u00e9tique, l\u2019agglom\u00e9ration donne \u00e9galement la priorit\u00e9 au pouvoir d\u2019achat de ses habitants. En signant un partenariat avec Voltalis, [&hellip;]<\/p>\n","protected":false},"author":1,"featured_media":0,"comment_status":"open","ping_status":"closed","sticky":false,"template":"","format":"standard","meta":{"_acf_changed":false,"inline_featured_image":false,"footnotes":""},"categories":[199,3],"tags":[],"class_list":["post-6467","post","type-post","status-publish","format-standard","hentry","category-collectivites","category-communiques-de-presse"],"acf":[],"yoast_head":"<!-- This site is optimized with the Yoast SEO plugin v27.5 - https:\/\/yoast.com\/product\/yoast-seo-wordpress\/ -->\n<title>H\u00e9rault M\u00e9diterran\u00e9e soutient le d\u00e9ploiement de la solution Voltalis<\/title>\n<meta name=\"description\" content=\"H\u00e9rault M\u00e9diterran\u00e9e soutient le pouvoir d&#039;achat et propose \u00e0 ses habitants de b\u00e9n\u00e9ficier gratuitement du dispositif d&#039;\u00e9conomies d&#039;\u00e9nergie Voltalis\" \/>\n<meta name=\"robots\" content=\"index, follow, max-snippet:-1, max-image-preview:large, max-video-preview:-1\" \/>\n<link rel=\"canonical\" href=\"https:\/\/group.voltalis.com\/fr\/type-de-contenu\/communiques-de-presse\/partenariat-herault-mediterranee-voltalis-6467\" \/>\n<meta property=\"og:locale\" content=\"fr_FR\" \/>\n<meta property=\"og:type\" content=\"article\" \/>\n<meta property=\"og:title\" content=\"H\u00e9rault M\u00e9diterran\u00e9e soutient le d\u00e9ploiement de la solution Voltalis\" \/>\n<meta property=\"og:description\" content=\"H\u00e9rault M\u00e9diterran\u00e9e soutient le pouvoir d&#039;achat et propose \u00e0 ses habitants de b\u00e9n\u00e9ficier gratuitement du dispositif d&#039;\u00e9conomies d&#039;\u00e9nergie Voltalis\" \/>\n<meta property=\"og:url\" content=\"https:\/\/group.voltalis.com\/fr\/type-de-contenu\/communiques-de-presse\/partenariat-herault-mediterranee-voltalis-6467\" \/>\n<meta property=\"og:site_name\" content=\"Groupe Voltalis\" \/>\n<meta property=\"article:publisher\" content=\"https:\/\/www.facebook.com\/pages\/category\/Product-Service\/Voltalis-178720392179068\/\" \/>\n<meta property=\"article:published_time\" content=\"2023-01-23T10:27:29+00:00\" \/>\n<meta property=\"article:modified_time\" content=\"2025-09-05T08:14:29+00:00\" \/>\n<meta property=\"og:image\" content=\"https:\/\/group.voltalis.com\/wp-content\/uploads\/2022\/10\/image.png\" \/>\n\t<meta property=\"og:image:width\" content=\"992\" \/>\n\t<meta property=\"og:image:height\" content=\"324\" \/>\n\t<meta property=\"og:image:type\" content=\"image\/png\" \/>\n<meta name=\"author\" content=\"admin\" \/>\n<meta name=\"twitter:card\" content=\"summary_large_image\" \/>\n<meta name=\"twitter:label1\" content=\"\u00c9crit par\" \/>\n\t<meta name=\"twitter:data1\" content=\"admin\" \/>\n\t<meta name=\"twitter:label2\" content=\"Dur\u00e9e de lecture estim\u00e9e\" \/>\n\t<meta name=\"twitter:data2\" content=\"3 minutes\" \/>\n<script type=\"application\/ld+json\" class=\"yoast-schema-graph\">{\"@context\":\"https:\\\/\\\/schema.org\",\"@graph\":[{\"@type\":\"Article\",\"@id\":\"https:\\\/\\\/group.voltalis.com\\\/fr\\\/type-de-contenu\\\/communiques-de-presse\\\/partenariat-herault-mediterranee-voltalis-6467#article\",\"isPartOf\":{\"@id\":\"https:\\\/\\\/group.voltalis.com\\\/fr\\\/type-de-contenu\\\/communiques-de-presse\\\/partenariat-herault-mediterranee-voltalis-6467\"},\"author\":{\"name\":\"admin\",\"@id\":\"https:\\\/\\\/group.voltalis.com\\\/en\\\/#\\\/schema\\\/person\\\/cd75df70a442080ba333ff81754527b8\"},\"headline\":\"La Communaut\u00e9 d&rsquo;Agglom\u00e9ration H\u00e9rault M\u00e9diterran\u00e9e soutient l\u2019effort national de sobri\u00e9t\u00e9 \u00e9nerg\u00e9tique en proposant la solution Voltalis \u00e0 plus de 25 000 foyers \u00e9ligibles\",\"datePublished\":\"2023-01-23T10:27:29+00:00\",\"dateModified\":\"2025-09-05T08:14:29+00:00\",\"mainEntityOfPage\":{\"@id\":\"https:\\\/\\\/group.voltalis.com\\\/fr\\\/type-de-contenu\\\/communiques-de-presse\\\/partenariat-herault-mediterranee-voltalis-6467\"},\"wordCount\":665,\"commentCount\":0,\"image\":{\"@id\":\"https:\\\/\\\/group.voltalis.com\\\/fr\\\/type-de-contenu\\\/communiques-de-presse\\\/partenariat-herault-mediterranee-voltalis-6467#primaryimage\"},\"thumbnailUrl\":\"https:\\\/\\\/group.voltalis.com\\\/wp-content\\\/uploads\\\/2022\\\/10\\\/image.png\",\"articleSection\":[\"Collectivit\u00e9s\",\"Communiqu\u00e9s\"],\"inLanguage\":\"fr-FR\"},{\"@type\":\"WebPage\",\"@id\":\"https:\\\/\\\/group.voltalis.com\\\/fr\\\/type-de-contenu\\\/communiques-de-presse\\\/partenariat-herault-mediterranee-voltalis-6467\",\"url\":\"https:\\\/\\\/group.voltalis.com\\\/fr\\\/type-de-contenu\\\/communiques-de-presse\\\/partenariat-herault-mediterranee-voltalis-6467\",\"name\":\"H\u00e9rault M\u00e9diterran\u00e9e soutient le d\u00e9ploiement de la solution Voltalis\",\"isPartOf\":{\"@id\":\"https:\\\/\\\/group.voltalis.com\\\/en\\\/#website\"},\"primaryImageOfPage\":{\"@id\":\"https:\\\/\\\/group.voltalis.com\\\/fr\\\/type-de-contenu\\\/communiques-de-presse\\\/partenariat-herault-mediterranee-voltalis-6467#primaryimage\"},\"image\":{\"@id\":\"https:\\\/\\\/group.voltalis.com\\\/fr\\\/type-de-contenu\\\/communiques-de-presse\\\/partenariat-herault-mediterranee-voltalis-6467#primaryimage\"},\"thumbnailUrl\":\"https:\\\/\\\/group.voltalis.com\\\/wp-content\\\/uploads\\\/2022\\\/10\\\/image.png\",\"datePublished\":\"2023-01-23T10:27:29+00:00\",\"dateModified\":\"2025-09-05T08:14:29+00:00\",\"author\":{\"@id\":\"https:\\\/\\\/group.voltalis.com\\\/en\\\/#\\\/schema\\\/person\\\/cd75df70a442080ba333ff81754527b8\"},\"description\":\"H\u00e9rault M\u00e9diterran\u00e9e soutient le pouvoir d'achat et propose \u00e0 ses habitants de b\u00e9n\u00e9ficier gratuitement du dispositif d'\u00e9conomies d'\u00e9nergie Voltalis\",\"breadcrumb\":{\"@id\":\"https:\\\/\\\/group.voltalis.com\\\/fr\\\/type-de-contenu\\\/communiques-de-presse\\\/partenariat-herault-mediterranee-voltalis-6467#breadcrumb\"},\"inLanguage\":\"fr-FR\",\"potentialAction\":[{\"@type\":\"ReadAction\",\"target\":[\"https:\\\/\\\/group.voltalis.com\\\/fr\\\/type-de-contenu\\\/communiques-de-presse\\\/partenariat-herault-mediterranee-voltalis-6467\"]}]},{\"@type\":\"ImageObject\",\"inLanguage\":\"fr-FR\",\"@id\":\"https:\\\/\\\/group.voltalis.com\\\/fr\\\/type-de-contenu\\\/communiques-de-presse\\\/partenariat-herault-mediterranee-voltalis-6467#primaryimage\",\"url\":\"https:\\\/\\\/group.voltalis.com\\\/wp-content\\\/uploads\\\/2022\\\/10\\\/image.png\",\"contentUrl\":\"https:\\\/\\\/group.voltalis.com\\\/wp-content\\\/uploads\\\/2022\\\/10\\\/image.png\"},{\"@type\":\"BreadcrumbList\",\"@id\":\"https:\\\/\\\/group.voltalis.com\\\/fr\\\/type-de-contenu\\\/communiques-de-presse\\\/partenariat-herault-mediterranee-voltalis-6467#breadcrumb\",\"itemListElement\":[{\"@type\":\"ListItem\",\"position\":1,\"name\":\"Home\",\"item\":\"https:\\\/\\\/group.voltalis.com\\\/fr\"},{\"@type\":\"ListItem\",\"position\":2,\"name\":\"La Communaut\u00e9 d&#8217;Agglom\u00e9ration H\u00e9rault M\u00e9diterran\u00e9e soutient l\u2019effort national de sobri\u00e9t\u00e9 \u00e9nerg\u00e9tique en proposant la solution Voltalis \u00e0 plus de 25 000 foyers \u00e9ligibles\"}]},{\"@type\":\"WebSite\",\"@id\":\"https:\\\/\\\/group.voltalis.com\\\/en\\\/#website\",\"url\":\"https:\\\/\\\/group.voltalis.com\\\/en\\\/\",\"name\":\"Groupe Voltalis\",\"description\":\"Bien plus que des \u00e9conomies d&#039;\u00e9nergie\",\"potentialAction\":[{\"@type\":\"SearchAction\",\"target\":{\"@type\":\"EntryPoint\",\"urlTemplate\":\"https:\\\/\\\/group.voltalis.com\\\/en\\\/?s={search_term_string}\"},\"query-input\":{\"@type\":\"PropertyValueSpecification\",\"valueRequired\":true,\"valueName\":\"search_term_string\"}}],\"inLanguage\":\"fr-FR\"},{\"@type\":\"Person\",\"@id\":\"https:\\\/\\\/group.voltalis.com\\\/en\\\/#\\\/schema\\\/person\\\/cd75df70a442080ba333ff81754527b8\",\"name\":\"admin\",\"image\":{\"@type\":\"ImageObject\",\"inLanguage\":\"fr-FR\",\"@id\":\"https:\\\/\\\/secure.gravatar.com\\\/avatar\\\/d33819406c6fd656ae073a4bf8663fc5da17ca34c0a8d21882949b205ec67922?s=96&d=mm&r=g\",\"url\":\"https:\\\/\\\/secure.gravatar.com\\\/avatar\\\/d33819406c6fd656ae073a4bf8663fc5da17ca34c0a8d21882949b205ec67922?s=96&d=mm&r=g\",\"contentUrl\":\"https:\\\/\\\/secure.gravatar.com\\\/avatar\\\/d33819406c6fd656ae073a4bf8663fc5da17ca34c0a8d21882949b205ec67922?s=96&d=mm&r=g\",\"caption\":\"admin\"},\"sameAs\":[\"https:\\\/\\\/group.voltalis.com\"],\"url\":\"https:\\\/\\\/group.voltalis.com\\\/fr\\\/author\\\/admin\"}]}<\/script>\n<!-- \/ Yoast SEO plugin. -->","yoast_head_json":{"title":"H\u00e9rault M\u00e9diterran\u00e9e soutient le d\u00e9ploiement de la solution Voltalis","description":"H\u00e9rault M\u00e9diterran\u00e9e soutient le pouvoir d'achat et propose \u00e0 ses habitants de b\u00e9n\u00e9ficier gratuitement du dispositif d'\u00e9conomies d'\u00e9nergie Voltalis","robots":{"index":"index","follow":"follow","max-snippet":"max-snippet:-1","max-image-preview":"max-image-preview:large","max-video-preview":"max-video-preview:-1"},"canonical":"https:\/\/group.voltalis.com\/fr\/type-de-contenu\/communiques-de-presse\/partenariat-herault-mediterranee-voltalis-6467","og_locale":"fr_FR","og_type":"article","og_title":"H\u00e9rault M\u00e9diterran\u00e9e soutient le d\u00e9ploiement de la solution Voltalis","og_description":"H\u00e9rault M\u00e9diterran\u00e9e soutient le pouvoir d'achat et propose \u00e0 ses habitants de b\u00e9n\u00e9ficier gratuitement du dispositif d'\u00e9conomies d'\u00e9nergie Voltalis","og_url":"https:\/\/group.voltalis.com\/fr\/type-de-contenu\/communiques-de-presse\/partenariat-herault-mediterranee-voltalis-6467","og_site_name":"Groupe Voltalis","article_publisher":"https:\/\/www.facebook.com\/pages\/category\/Product-Service\/Voltalis-178720392179068\/","article_published_time":"2023-01-23T10:27:29+00:00","article_modified_time":"2025-09-05T08:14:29+00:00","og_image":[{"width":992,"height":324,"url":"https:\/\/group.voltalis.com\/wp-content\/uploads\/2022\/10\/image.png","type":"image\/png"}],"author":"admin","twitter_card":"summary_large_image","twitter_misc":{"\u00c9crit par":"admin","Dur\u00e9e de lecture estim\u00e9e":"3 minutes"},"schema":{"@context":"https:\/\/schema.org","@graph":[{"@type":"Article","@id":"https:\/\/group.voltalis.com\/fr\/type-de-contenu\/communiques-de-presse\/partenariat-herault-mediterranee-voltalis-6467#article","isPartOf":{"@id":"https:\/\/group.voltalis.com\/fr\/type-de-contenu\/communiques-de-presse\/partenariat-herault-mediterranee-voltalis-6467"},"author":{"name":"admin","@id":"https:\/\/group.voltalis.com\/en\/#\/schema\/person\/cd75df70a442080ba333ff81754527b8"},"headline":"La Communaut\u00e9 d&rsquo;Agglom\u00e9ration H\u00e9rault M\u00e9diterran\u00e9e soutient l\u2019effort national de sobri\u00e9t\u00e9 \u00e9nerg\u00e9tique en proposant la solution Voltalis \u00e0 plus de 25 000 foyers \u00e9ligibles","datePublished":"2023-01-23T10:27:29+00:00","dateModified":"2025-09-05T08:14:29+00:00","mainEntityOfPage":{"@id":"https:\/\/group.voltalis.com\/fr\/type-de-contenu\/communiques-de-presse\/partenariat-herault-mediterranee-voltalis-6467"},"wordCount":665,"commentCount":0,"image":{"@id":"https:\/\/group.voltalis.com\/fr\/type-de-contenu\/communiques-de-presse\/partenariat-herault-mediterranee-voltalis-6467#primaryimage"},"thumbnailUrl":"https:\/\/group.voltalis.com\/wp-content\/uploads\/2022\/10\/image.png","articleSection":["Collectivit\u00e9s","Communiqu\u00e9s"],"inLanguage":"fr-FR"},{"@type":"WebPage","@id":"https:\/\/group.voltalis.com\/fr\/type-de-contenu\/communiques-de-presse\/partenariat-herault-mediterranee-voltalis-6467","url":"https:\/\/group.voltalis.com\/fr\/type-de-contenu\/communiques-de-presse\/partenariat-herault-mediterranee-voltalis-6467","name":"H\u00e9rault M\u00e9diterran\u00e9e soutient le d\u00e9ploiement de la solution Voltalis","isPartOf":{"@id":"https:\/\/group.voltalis.com\/en\/#website"},"primaryImageOfPage":{"@id":"https:\/\/group.voltalis.com\/fr\/type-de-contenu\/communiques-de-presse\/partenariat-herault-mediterranee-voltalis-6467#primaryimage"},"image":{"@id":"https:\/\/group.voltalis.com\/fr\/type-de-contenu\/communiques-de-presse\/partenariat-herault-mediterranee-voltalis-6467#primaryimage"},"thumbnailUrl":"https:\/\/group.voltalis.com\/wp-content\/uploads\/2022\/10\/image.png","datePublished":"2023-01-23T10:27:29+00:00","dateModified":"2025-09-05T08:14:29+00:00","author":{"@id":"https:\/\/group.voltalis.com\/en\/#\/schema\/person\/cd75df70a442080ba333ff81754527b8"},"description":"H\u00e9rault M\u00e9diterran\u00e9e soutient le pouvoir d'achat et propose \u00e0 ses habitants de b\u00e9n\u00e9ficier gratuitement du dispositif d'\u00e9conomies d'\u00e9nergie Voltalis","breadcrumb":{"@id":"https:\/\/group.voltalis.com\/fr\/type-de-contenu\/communiques-de-presse\/partenariat-herault-mediterranee-voltalis-6467#breadcrumb"},"inLanguage":"fr-FR","potentialAction":[{"@type":"ReadAction","target":["https:\/\/group.voltalis.com\/fr\/type-de-contenu\/communiques-de-presse\/partenariat-herault-mediterranee-voltalis-6467"]}]},{"@type":"ImageObject","inLanguage":"fr-FR","@id":"https:\/\/group.voltalis.com\/fr\/type-de-contenu\/communiques-de-presse\/partenariat-herault-mediterranee-voltalis-6467#primaryimage","url":"https:\/\/group.voltalis.com\/wp-content\/uploads\/2022\/10\/image.png","contentUrl":"https:\/\/group.voltalis.com\/wp-content\/uploads\/2022\/10\/image.png"},{"@type":"BreadcrumbList","@id":"https:\/\/group.voltalis.com\/fr\/type-de-contenu\/communiques-de-presse\/partenariat-herault-mediterranee-voltalis-6467#breadcrumb","itemListElement":[{"@type":"ListItem","position":1,"name":"Home","item":"https:\/\/group.voltalis.com\/fr"},{"@type":"ListItem","position":2,"name":"La Communaut\u00e9 d&#8217;Agglom\u00e9ration H\u00e9rault M\u00e9diterran\u00e9e soutient l\u2019effort national de sobri\u00e9t\u00e9 \u00e9nerg\u00e9tique en proposant la solution Voltalis \u00e0 plus de 25 000 foyers \u00e9ligibles"}]},{"@type":"WebSite","@id":"https:\/\/group.voltalis.com\/en\/#website","url":"https:\/\/group.voltalis.com\/en\/","name":"Groupe Voltalis","description":"Bien plus que des \u00e9conomies d&#039;\u00e9nergie","potentialAction":[{"@type":"SearchAction","target":{"@type":"EntryPoint","urlTemplate":"https:\/\/group.voltalis.com\/en\/?s={search_term_string}"},"query-input":{"@type":"PropertyValueSpecification","valueRequired":true,"valueName":"search_term_string"}}],"inLanguage":"fr-FR"},{"@type":"Person","@id":"https:\/\/group.voltalis.com\/en\/#\/schema\/person\/cd75df70a442080ba333ff81754527b8","name":"admin","image":{"@type":"ImageObject","inLanguage":"fr-FR","@id":"https:\/\/secure.gravatar.com\/avatar\/d33819406c6fd656ae073a4bf8663fc5da17ca34c0a8d21882949b205ec67922?s=96&d=mm&r=g","url":"https:\/\/secure.gravatar.com\/avatar\/d33819406c6fd656ae073a4bf8663fc5da17ca34c0a8d21882949b205ec67922?s=96&d=mm&r=g","contentUrl":"https:\/\/secure.gravatar.com\/avatar\/d33819406c6fd656ae073a4bf8663fc5da17ca34c0a8d21882949b205ec67922?s=96&d=mm&r=g","caption":"admin"},"sameAs":["https:\/\/group.voltalis.com"],"url":"https:\/\/group.voltalis.com\/fr\/author\/admin"}]}},"_links":{"self":[{"href":"https:\/\/group.voltalis.com\/fr\/wp-json\/wp\/v2\/posts\/6467","targetHints":{"allow":["GET"]}}],"collection":[{"href":"https:\/\/group.voltalis.com\/fr\/wp-json\/wp\/v2\/posts"}],"about":[{"href":"https:\/\/group.voltalis.com\/fr\/wp-json\/wp\/v2\/types\/post"}],"author":[{"embeddable":true,"href":"https:\/\/group.voltalis.com\/fr\/wp-json\/wp\/v2\/users\/1"}],"replies":[{"embeddable":true,"href":"https:\/\/group.voltalis.com\/fr\/wp-json\/wp\/v2\/comments?post=6467"}],"version-history":[{"count":1,"href":"https:\/\/group.voltalis.com\/fr\/wp-json\/wp\/v2\/posts\/6467\/revisions"}],"predecessor-version":[{"id":10503,"href":"https:\/\/group.voltalis.com\/fr\/wp-json\/wp\/v2\/posts\/6467\/revisions\/10503"}],"wp:attachment":[{"href":"https:\/\/group.voltalis.com\/fr\/wp-json\/wp\/v2\/media?parent=6467"}],"wp:term":[{"taxonomy":"category","embeddable":true,"href":"https:\/\/group.voltalis.com\/fr\/wp-json\/wp\/v2\/categories?post=6467"},{"taxonomy":"post_tag","embeddable":true,"href":"https:\/\/group.voltalis.com\/fr\/wp-json\/wp\/v2\/tags?post=6467"}],"curies":[{"name":"wp","href":"https:\/\/api.w.org\/{rel}","templated":true}]}}