{"id":6545,"date":"2023-01-24T11:01:47","date_gmt":"2023-01-24T10:01:47","guid":{"rendered":"https:\/\/group.voltalis.com\/?p=6545"},"modified":"2025-09-04T16:24:14","modified_gmt":"2025-09-04T14:24:14","slug":"partenariat-chateauroux-metropole-voltalis","status":"publish","type":"post","link":"https:\/\/group.voltalis.com\/fr\/type-de-contenu\/communiques-de-presse\/partenariat-chateauroux-metropole-voltalis-6545","title":{"rendered":"Ch\u00e2teauroux M\u00e9tropole : un partenariat avec Voltalis pour r\u00e9aliser des \u00e9conomies d\u2019\u00e9nergie"},"content":{"rendered":"\n<p class=\"has-text-align-center\"><strong>Ch\u00e2teauroux M\u00e9tropole agit concr\u00e8tement en faveur du pouvoir d\u2019achat et de la pr\u00e9servation du syst\u00e8me \u00e9lectrique cet hiver en d\u00e9ployant la solution d\u2019\u00e9conomies d\u2019\u00e9nergie Voltalis.<\/strong><\/p>\n\n\n\n<p>La Communaut\u00e9 d\u2019agglom\u00e9ration Ch\u00e2teauroux M\u00e9tropole agit au quotidien pour un territoire durable et plus sobre \u00e9nerg\u00e9tiquement. Au travers de son PCAET 2020-2025 et ses 9 objectifs prioritaires, l\u2019agglom\u00e9ration ambitionne notamment de limiter de 25% les \u00e9missions de gaz \u00e0 effet de serre et les consommations d\u2019\u00e9nergie finale d\u2019ici 2030 en aidant les citoyens \u00e0 mieux les ma\u00eetriser.<\/p>\n\n\n\n<p>Dans ce cadre, la <a href=\"https:\/\/www.chateauroux-metropole.fr\/\" target=\"_blank\" rel=\"noreferrer noopener nofollow\">Communaut\u00e9 d\u2019agglom\u00e9ration Ch\u00e2teauroux M\u00e9tropole<\/a> et Voltalis ont sign\u00e9 un partenariat, auquel s\u2019est associ\u00e9 l\u2019Adil de l\u2019Indre, qui doit permettre \u00e0 plus de 7 200 logements chauff\u00e9s au tout \u00e9lectrique de b\u00e9n\u00e9ficier gratuitement d\u2019un dispositif innovant de pilotage et de r\u00e9duction de leur consommation \u00e9lectrique.<\/p>\n\n\n\n<p>Ch\u00e2teauroux M\u00e9tropole est la premi\u00e8re collectivit\u00e9 de l\u2019Indre \u00e0 s\u2019engager dans cette d\u00e9marche compl\u00e9mentaire des actions d\u00e9j\u00e0 entreprises \u00e0 travers le PCAET. Avec le soutien de l\u2019ADIL 36 et son Espace Conseil France R\u00e9nov\u2019, le d\u00e9ploiement de cette solution innovante a d\u00e9but\u00e9 le 9 janvier 2023 par les communes de Diors, Montierchaume, Coings et M\u00e2ron puis sera \u00e9tendu rapidement aux autres communes du territoire.<\/p>\n\n\n\n<h2 class=\"wp-block-heading\"><strong>Un dispositif d\u2019\u00e9cosobri\u00e9t\u00e9 qui contribue \u00e0 pr\u00e9server le r\u00e9seau \u00e9lectrique<\/strong><\/h2>\n\n\n\n<p>La France fait face \u00e0 une p\u00e9nurie de production \u00e9lectrique historique, due notamment \u00e0 l\u2019indisponibilit\u00e9 d\u2019une partie du parc nucl\u00e9aire. Les risques de d\u00e9lestages (coupures) sont tr\u00e8s \u00e9lev\u00e9s et RTE alerte r\u00e9guli\u00e8rement. Il est indispensable d&rsquo;agir en faveur des <a href=\"https:\/\/www.voltalis.com\/economies-energie\/sobriete-energetique-economiser-electricite-8679\" target=\"_blank\" rel=\"noreferrer noopener\">\u00e9conomies d&rsquo;\u00e9nergie et de la sobri\u00e9t\u00e9<\/a> : les sites \u00e9quip\u00e9s du dispositif Voltalis contribuent solidairement \u00e0 la s\u00e9curit\u00e9 et la stabilit\u00e9 de notre approvisionnement \u00e9lectrique \u00e0 tous.<\/p>\n\n\n\n<p>En effet, \u00e0 travers son dispositif connect\u00e9 \u00e9quipant les chauffages \u00e9lectriques, la technologie Voltalis de pilotage intelligent de la consommation consiste \u00e0 r\u00e9duire tr\u00e8s bri\u00e8vement la puissance de chauffage de dizaine de milliers d\u2019appareils aux moments o\u00f9 le r\u00e9seau \u00e9lectrique en a besoin, en particulier lors des pics de consommation hivernaux ou des baisses de production des \u00e9nergies renouvelables. Ces actions g\u00e9n\u00e8rent des \u00e9conomies d\u2019\u00e9nergie chez les adh\u00e9rents, sans impact sur leur confort et le r\u00e9seau est soulag\u00e9 aux bons moments, ce qui permet de limiter le recours \u00e0 des centrales thermiques polluantes au charbon, au fioul ou au gaz.<\/p>\n\n\n\n<h2 class=\"wp-block-heading\"><strong>Une solution d\u00e9di\u00e9e au chauffage \u00e9lectrique, gratuite et sans abonnement<\/strong><\/h2>\n\n\n\n<p>Le chauffage est le premier poste de d\u00e9pense du b\u00e2timent : il repr\u00e9sente 66&nbsp;% de la consommation \u00e9lectrique totale d\u2019un foyer (source Ademe). Avec l\u2019explosion des tarifs de l\u2019\u00e9nergie, il repr\u00e9sente une lourde charge pour les particuliers et les professionnels.<\/p>\n\n\n\n<p>La soci\u00e9t\u00e9 fran\u00e7aise Voltalis propose d\u2019\u00e9quiper gratuitement les logements et locaux \u00e9ligibles avec un thermostat connect\u00e9 nouvelle g\u00e9n\u00e9ration. Ce dispositif se mat\u00e9rialise par des petits bo\u00eetiers install\u00e9s discr\u00e8tement aux c\u00f4t\u00e9s de chaque radiateur \u00e9lectrique. Ils permettent notamment de piloter intelligemment ses radiateurs et de suivre ses consommations \u00e9lectriques, sans avoir \u00e0 changer les radiateurs, ni de fournisseur d\u2019\u00e9nergie.<\/p>\n\n\n\n<ul class=\"wp-block-list\">\n<li>piloter et programmer en toute simplicit\u00e9 son chauffage \u00e9lectrique, pi\u00e8ce par pi\u00e8ce pour plus<br>de confort et d\u2019\u00e9conomies,<\/li>\n\n\n\n<li>suivre et comprendre ses consommations pour agir sur les postes cl\u00e9s,<\/li>\n\n\n\n<li>profiter de bilans et d\u2019alertes en cas de d\u00e9passement d\u2019objectif de consommation ainsi que conseils et \u00e9cogestes pour aller plus loin.&nbsp;<\/li>\n<\/ul>\n\n\n\n<p>Une fois \u00e9quip\u00e9, les adh\u00e9rents Voltalis peuvent r\u00e9aliser jusqu\u2019\u00e0 15% d\u2019\u00e9conomies sur leur \u00e9lectrique consommation annuelle et r\u00e9duire jusqu\u2019\u00e0 70&nbsp;% leurs \u00e9missions de CO2 tout en am\u00e9liorant leur confort au quotidien.<\/p>\n\n\n<div class=\"wp-block-image\">\n<figure class=\"aligncenter size-large is-resized\"><img loading=\"lazy\" decoding=\"async\" src=\"https:\/\/group.voltalis.com\/wp-content\/uploads\/2022\/10\/My-Voltalis-Ma-ConsoProgrammation-LR-4-1024x683.png\" alt=\"Le site et l'application MyVoltalis permettant de piloter son chauffage \u00e9lectrique\" class=\"wp-image-6242\" width=\"512\" height=\"342\" srcset=\"https:\/\/group.voltalis.com\/wp-content\/uploads\/2022\/10\/My-Voltalis-Ma-ConsoProgrammation-LR-4-1024x683.png 1024w, https:\/\/group.voltalis.com\/wp-content\/uploads\/2022\/10\/My-Voltalis-Ma-ConsoProgrammation-LR-4-300x200.png 300w, https:\/\/group.voltalis.com\/wp-content\/uploads\/2022\/10\/My-Voltalis-Ma-ConsoProgrammation-LR-4-768x512.png 768w, https:\/\/group.voltalis.com\/wp-content\/uploads\/2022\/10\/My-Voltalis-Ma-ConsoProgrammation-LR-4.png 1500w\" sizes=\"auto, (max-width: 512px) 100vw, 512px\" \/><figcaption class=\"wp-element-caption\">Le site et l&rsquo;application MyVoltalis permettant de piloter son chauffage \u00e9lectrique<\/figcaption><\/figure>\n<\/div>\n\n\n<h2 class=\"wp-block-heading\"><strong>Comment b\u00e9n\u00e9ficier de ce dispositif totalement gratuit sur le territoire de <strong>Ch\u00e2teauroux M\u00e9tropole<\/strong><\/strong> <strong>?<\/strong><\/h2>\n\n\n\n<p>Tous les particuliers et professionnels chauff\u00e9s \u00e0 l\u2019aide de radiateurs \u00e9lectriques, locataires comme propri\u00e9taires peuvent b\u00e9n\u00e9ficier gratuitement de ce dispositif innovant, install\u00e9 en 2h30 environ par un technicien professionnel agr\u00e9\u00e9.<\/p>\n\n\n\n<p>Dans les semaines qui viennent, des conseillers Voltalis iront \u00e0 la rencontre des habitants du territoire pour leur pr\u00e9senter le service, r\u00e9pondre aux questions et proposer un rendez-vous d\u2019installation.&nbsp;<\/p>\n\n\n\n<p>Chacun peut \u00e9galement contacter directement Voltalis pour en savoir plus et convenir d\u2019un rendez-vous d\u2019installation par t\u00e9l\u00e9phone, au <strong>02 22 96 95 50 <\/strong>(appel non surtax\u00e9, du lundi au samedi, 9h-18h) ou par courriel \u00e0 l\u2019adresse <a href=\"mailto:chateaurouxmetropole@voltalis.com\"><strong>chateaurouxmetropole@voltalis.com<\/strong><\/a><\/p>\n\n\n\n<p><strong>Contacts :<\/strong><\/p>\n\n\n\n<ul class=\"wp-block-list\">\n<li><strong>Pour Ch\u00e2teauroux M\u00e9tropole : <\/strong>Guillaume Raymond &#8211; 02 54 08 34 56<\/li>\n\n\n\n<li><strong>Pour Voltalis :<\/strong> <a href=\"mailto:voltalis@lagencerp.com\">voltalis@lagencerp.com<\/a> &#8211; St\u00e9phy D\u00e9ka stephy@lagencerp.com &#8211; 07 63 18 60 15 et Raya Rizk &#8211; raya@lagencerp.com &#8211; 07 85 15 22 40<\/li>\n<\/ul>\n\n\n\n<p><strong><a href=\"https:\/\/group.voltalis.com\/wp-content\/uploads\/2023\/01\/CP-Voltalis-Chateauroux-Metropole-VF.pdf\" target=\"_blank\" rel=\"noreferrer noopener\">T\u00e9l\u00e9charger le communiqu\u00e9 de presse Ch\u00e2teauroux M\u00e9tropole<\/a><\/strong><\/p>\n\n\n\n<p><strong>\u00c0 propos de Ch\u00e2teauroux M\u00e9tropole<\/strong><\/p>\n\n\n\n<p>Une premi\u00e8re campagne avec Voltalis a \u00e9t\u00e9 men\u00e9e sur l\u2019agglom\u00e9ration en 2013. 213 administr\u00e9s s\u2019\u00e9taient engag\u00e9s dans la d\u00e9marche gratuite de l\u2019effacement de consommation et neuf b\u00e2timents communaux avaient \u00e9t\u00e9 \u00e9quip\u00e9s.<\/p>\n\n\n\n<p>Ces installations ont permis d\u2019\u00e9conomiser 1,04 GWh d\u2019\u00e9lectricit\u00e9 et ont \u00e9vit\u00e9 l\u2019\u00e9mission de 229,03 Tonnes de CO2, l\u2019\u00e9quivalent sur la m\u00eame p\u00e9riode de ce qu\u2019auraient \u00e9mis pr\u00e8s de 68 aller-retours Paris\/New York ou ce qu\u2019auraient capt\u00e9 54,3 hectares de for\u00eat fran\u00e7aise soit la surface de 77,5 terrains de football.<\/p>\n\n\n\n<p><strong>\u00c0 propos de Voltalis<\/strong><\/p>\n\n\n\n<p>L\u2019\u00e9lectricit\u00e9 renouvelable est le futur de l\u2019\u00e9nergie. Son intermittence impose \u00e0 tous une consommation plus intelligente. Depuis 2006, Voltalis est le leader europ\u00e9en du pilotage intelligent de la consommation \u00e9lectrique r\u00e9sidentielle et tertiaire. Notre technologie innovante permet d\u00e9j\u00e0 \u00e0 plus de 150 000 foyers europ\u00e9ens de mieux ma\u00eetriser leur consommation et r\u00e9pond aux besoins croissants de flexibilit\u00e9 du syst\u00e8me \u00e9lectrique, \u00e9l\u00e9ment essentiel de la transition \u00e9cologique.  <\/p>\n\n\n\n<p>D\u00e9velopp\u00e9e en France et d\u00e9ploy\u00e9e notamment avec le soutien de collectivit\u00e9s territoriales et d\u2019acteurs majeurs du logement, notre solution apporte des r\u00e9ponses concr\u00e8tes aux enjeux de pouvoir d\u2019achat des particuliers, de r\u00e9duction des \u00e9missions de CO2 et de s\u00e9curit\u00e9 des r\u00e9seaux \u00e9lectriques. <\/p>\n\n\n\n<p>Forts de plus de 15 ans d\u2019exp\u00e9rience, nous continuons \u00e0 innover pour pr\u00e9parer le pilotage des nouveaux usages, tels que la charge des v\u00e9hicules \u00e9lectriques, le stockage ou l\u2019autoconsommation. B\u00e9n\u00e9ficiant du soutien et des synergies cr\u00e9\u00e9es avec son actionnaire majoritaire Meridiam, soci\u00e9t\u00e9 \u00e0 mission engag\u00e9e dans le financement, le d\u00e9veloppement et la gestion \u00e0 long terme d&rsquo;infrastructures durables, Voltalis acc\u00e9l\u00e8re aujourd\u2019hui le d\u00e9ploiement de ses solutions \u00e0 tr\u00e8s grande \u00e9chelle, en France comme \u00e0 l\u2019international. En savoir plus sur www.voltalis.com<\/p>\n","protected":false},"excerpt":{"rendered":"<p>Ch\u00e2teauroux M\u00e9tropole agit concr\u00e8tement en faveur du pouvoir d\u2019achat et de la pr\u00e9servation du syst\u00e8me \u00e9lectrique cet hiver en d\u00e9ployant la solution d\u2019\u00e9conomies d\u2019\u00e9nergie Voltalis. La Communaut\u00e9 d\u2019agglom\u00e9ration Ch\u00e2teauroux M\u00e9tropole agit au quotidien pour un territoire durable et plus sobre \u00e9nerg\u00e9tiquement. Au travers de son PCAET 2020-2025 et ses 9 objectifs prioritaires, l\u2019agglom\u00e9ration ambitionne notamment [&hellip;]<\/p>\n","protected":false},"author":1,"featured_media":0,"comment_status":"open","ping_status":"closed","sticky":false,"template":"","format":"standard","meta":{"_acf_changed":false,"inline_featured_image":false,"footnotes":""},"categories":[199,3],"tags":[],"class_list":["post-6545","post","type-post","status-publish","format-standard","hentry","category-collectivites","category-communiques-de-presse"],"acf":[],"yoast_head":"<!-- This site is optimized with the Yoast SEO plugin v27.5 - https:\/\/yoast.com\/product\/yoast-seo-wordpress\/ -->\n<title>Ch\u00e2teauroux M\u00e9tropole signe un partenariat avec Voltalis<\/title>\n<meta name=\"description\" content=\"Avec le dispositif d&#039;\u00e9conomies d&#039;\u00e9nergie de Voltalis, Ch\u00e2teauroux M\u00e9tropole agit pour le pouvoir d&#039;achat de ses habiatnts chauff\u00e9s au tout \u00e9lectrique.\" \/>\n<meta name=\"robots\" content=\"index, follow, max-snippet:-1, max-image-preview:large, max-video-preview:-1\" \/>\n<link rel=\"canonical\" href=\"https:\/\/group.voltalis.com\/fr\/type-de-contenu\/communiques-de-presse\/partenariat-chateauroux-metropole-voltalis-6545\" \/>\n<meta property=\"og:locale\" content=\"fr_FR\" \/>\n<meta property=\"og:type\" content=\"article\" \/>\n<meta property=\"og:title\" content=\"Ch\u00e2teauroux M\u00e9tropole signe un partenariat avec Voltalis\" \/>\n<meta property=\"og:description\" content=\"Avec le dispositif d&#039;\u00e9conomies d&#039;\u00e9nergie de Voltalis, Ch\u00e2teauroux M\u00e9tropole agit pour le pouvoir d&#039;achat de ses habiatnts chauff\u00e9s au tout \u00e9lectrique.\" \/>\n<meta property=\"og:url\" content=\"https:\/\/group.voltalis.com\/fr\/type-de-contenu\/communiques-de-presse\/partenariat-chateauroux-metropole-voltalis-6545\" \/>\n<meta property=\"og:site_name\" content=\"Groupe Voltalis\" \/>\n<meta property=\"article:publisher\" content=\"https:\/\/www.facebook.com\/pages\/category\/Product-Service\/Voltalis-178720392179068\/\" \/>\n<meta property=\"article:published_time\" content=\"2023-01-24T10:01:47+00:00\" \/>\n<meta property=\"article:modified_time\" content=\"2025-09-04T14:24:14+00:00\" \/>\n<meta property=\"og:image\" content=\"https:\/\/group.voltalis.com\/wp-content\/uploads\/2022\/10\/My-Voltalis-Ma-ConsoProgrammation-LR-4.png\" \/>\n\t<meta property=\"og:image:width\" content=\"1500\" \/>\n\t<meta property=\"og:image:height\" content=\"1000\" \/>\n\t<meta property=\"og:image:type\" content=\"image\/png\" \/>\n<meta name=\"author\" content=\"admin\" \/>\n<meta name=\"twitter:card\" content=\"summary_large_image\" \/>\n<meta name=\"twitter:label1\" content=\"\u00c9crit par\" \/>\n\t<meta name=\"twitter:data1\" content=\"admin\" \/>\n\t<meta name=\"twitter:label2\" content=\"Dur\u00e9e de lecture estim\u00e9e\" \/>\n\t<meta name=\"twitter:data2\" content=\"5 minutes\" \/>\n<script type=\"application\/ld+json\" class=\"yoast-schema-graph\">{\"@context\":\"https:\\\/\\\/schema.org\",\"@graph\":[{\"@type\":\"Article\",\"@id\":\"https:\\\/\\\/group.voltalis.com\\\/fr\\\/type-de-contenu\\\/communiques-de-presse\\\/partenariat-chateauroux-metropole-voltalis-6545#article\",\"isPartOf\":{\"@id\":\"https:\\\/\\\/group.voltalis.com\\\/fr\\\/type-de-contenu\\\/communiques-de-presse\\\/partenariat-chateauroux-metropole-voltalis-6545\"},\"author\":{\"name\":\"admin\",\"@id\":\"https:\\\/\\\/group.voltalis.com\\\/en\\\/#\\\/schema\\\/person\\\/cd75df70a442080ba333ff81754527b8\"},\"headline\":\"Ch\u00e2teauroux M\u00e9tropole : un partenariat avec Voltalis pour r\u00e9aliser des \u00e9conomies d\u2019\u00e9nergie\",\"datePublished\":\"2023-01-24T10:01:47+00:00\",\"dateModified\":\"2025-09-04T14:24:14+00:00\",\"mainEntityOfPage\":{\"@id\":\"https:\\\/\\\/group.voltalis.com\\\/fr\\\/type-de-contenu\\\/communiques-de-presse\\\/partenariat-chateauroux-metropole-voltalis-6545\"},\"wordCount\":1151,\"commentCount\":0,\"image\":{\"@id\":\"https:\\\/\\\/group.voltalis.com\\\/fr\\\/type-de-contenu\\\/communiques-de-presse\\\/partenariat-chateauroux-metropole-voltalis-6545#primaryimage\"},\"thumbnailUrl\":\"https:\\\/\\\/group.voltalis.com\\\/wp-content\\\/uploads\\\/2022\\\/10\\\/My-Voltalis-Ma-ConsoProgrammation-LR-4-1024x683.png\",\"articleSection\":[\"Collectivit\u00e9s\",\"Communiqu\u00e9s\"],\"inLanguage\":\"fr-FR\"},{\"@type\":\"WebPage\",\"@id\":\"https:\\\/\\\/group.voltalis.com\\\/fr\\\/type-de-contenu\\\/communiques-de-presse\\\/partenariat-chateauroux-metropole-voltalis-6545\",\"url\":\"https:\\\/\\\/group.voltalis.com\\\/fr\\\/type-de-contenu\\\/communiques-de-presse\\\/partenariat-chateauroux-metropole-voltalis-6545\",\"name\":\"Ch\u00e2teauroux M\u00e9tropole signe un partenariat avec Voltalis\",\"isPartOf\":{\"@id\":\"https:\\\/\\\/group.voltalis.com\\\/en\\\/#website\"},\"primaryImageOfPage\":{\"@id\":\"https:\\\/\\\/group.voltalis.com\\\/fr\\\/type-de-contenu\\\/communiques-de-presse\\\/partenariat-chateauroux-metropole-voltalis-6545#primaryimage\"},\"image\":{\"@id\":\"https:\\\/\\\/group.voltalis.com\\\/fr\\\/type-de-contenu\\\/communiques-de-presse\\\/partenariat-chateauroux-metropole-voltalis-6545#primaryimage\"},\"thumbnailUrl\":\"https:\\\/\\\/group.voltalis.com\\\/wp-content\\\/uploads\\\/2022\\\/10\\\/My-Voltalis-Ma-ConsoProgrammation-LR-4-1024x683.png\",\"datePublished\":\"2023-01-24T10:01:47+00:00\",\"dateModified\":\"2025-09-04T14:24:14+00:00\",\"author\":{\"@id\":\"https:\\\/\\\/group.voltalis.com\\\/en\\\/#\\\/schema\\\/person\\\/cd75df70a442080ba333ff81754527b8\"},\"description\":\"Avec le dispositif d'\u00e9conomies d'\u00e9nergie de Voltalis, Ch\u00e2teauroux M\u00e9tropole agit pour le pouvoir d'achat de ses habiatnts chauff\u00e9s au tout \u00e9lectrique.\",\"breadcrumb\":{\"@id\":\"https:\\\/\\\/group.voltalis.com\\\/fr\\\/type-de-contenu\\\/communiques-de-presse\\\/partenariat-chateauroux-metropole-voltalis-6545#breadcrumb\"},\"inLanguage\":\"fr-FR\",\"potentialAction\":[{\"@type\":\"ReadAction\",\"target\":[\"https:\\\/\\\/group.voltalis.com\\\/fr\\\/type-de-contenu\\\/communiques-de-presse\\\/partenariat-chateauroux-metropole-voltalis-6545\"]}]},{\"@type\":\"ImageObject\",\"inLanguage\":\"fr-FR\",\"@id\":\"https:\\\/\\\/group.voltalis.com\\\/fr\\\/type-de-contenu\\\/communiques-de-presse\\\/partenariat-chateauroux-metropole-voltalis-6545#primaryimage\",\"url\":\"https:\\\/\\\/group.voltalis.com\\\/wp-content\\\/uploads\\\/2022\\\/10\\\/My-Voltalis-Ma-ConsoProgrammation-LR-4-1024x683.png\",\"contentUrl\":\"https:\\\/\\\/group.voltalis.com\\\/wp-content\\\/uploads\\\/2022\\\/10\\\/My-Voltalis-Ma-ConsoProgrammation-LR-4-1024x683.png\"},{\"@type\":\"BreadcrumbList\",\"@id\":\"https:\\\/\\\/group.voltalis.com\\\/fr\\\/type-de-contenu\\\/communiques-de-presse\\\/partenariat-chateauroux-metropole-voltalis-6545#breadcrumb\",\"itemListElement\":[{\"@type\":\"ListItem\",\"position\":1,\"name\":\"Home\",\"item\":\"https:\\\/\\\/group.voltalis.com\\\/fr\"},{\"@type\":\"ListItem\",\"position\":2,\"name\":\"Ch\u00e2teauroux M\u00e9tropole : un partenariat avec Voltalis pour r\u00e9aliser des \u00e9conomies d\u2019\u00e9nergie\"}]},{\"@type\":\"WebSite\",\"@id\":\"https:\\\/\\\/group.voltalis.com\\\/en\\\/#website\",\"url\":\"https:\\\/\\\/group.voltalis.com\\\/en\\\/\",\"name\":\"Groupe Voltalis\",\"description\":\"Bien plus que des \u00e9conomies d&#039;\u00e9nergie\",\"potentialAction\":[{\"@type\":\"SearchAction\",\"target\":{\"@type\":\"EntryPoint\",\"urlTemplate\":\"https:\\\/\\\/group.voltalis.com\\\/en\\\/?s={search_term_string}\"},\"query-input\":{\"@type\":\"PropertyValueSpecification\",\"valueRequired\":true,\"valueName\":\"search_term_string\"}}],\"inLanguage\":\"fr-FR\"},{\"@type\":\"Person\",\"@id\":\"https:\\\/\\\/group.voltalis.com\\\/en\\\/#\\\/schema\\\/person\\\/cd75df70a442080ba333ff81754527b8\",\"name\":\"admin\",\"image\":{\"@type\":\"ImageObject\",\"inLanguage\":\"fr-FR\",\"@id\":\"https:\\\/\\\/secure.gravatar.com\\\/avatar\\\/d33819406c6fd656ae073a4bf8663fc5da17ca34c0a8d21882949b205ec67922?s=96&d=mm&r=g\",\"url\":\"https:\\\/\\\/secure.gravatar.com\\\/avatar\\\/d33819406c6fd656ae073a4bf8663fc5da17ca34c0a8d21882949b205ec67922?s=96&d=mm&r=g\",\"contentUrl\":\"https:\\\/\\\/secure.gravatar.com\\\/avatar\\\/d33819406c6fd656ae073a4bf8663fc5da17ca34c0a8d21882949b205ec67922?s=96&d=mm&r=g\",\"caption\":\"admin\"},\"sameAs\":[\"https:\\\/\\\/group.voltalis.com\"],\"url\":\"https:\\\/\\\/group.voltalis.com\\\/fr\\\/author\\\/admin\"}]}<\/script>\n<!-- \/ Yoast SEO plugin. -->","yoast_head_json":{"title":"Ch\u00e2teauroux M\u00e9tropole signe un partenariat avec Voltalis","description":"Avec le dispositif d'\u00e9conomies d'\u00e9nergie de Voltalis, Ch\u00e2teauroux M\u00e9tropole agit pour le pouvoir d'achat de ses habiatnts chauff\u00e9s au tout \u00e9lectrique.","robots":{"index":"index","follow":"follow","max-snippet":"max-snippet:-1","max-image-preview":"max-image-preview:large","max-video-preview":"max-video-preview:-1"},"canonical":"https:\/\/group.voltalis.com\/fr\/type-de-contenu\/communiques-de-presse\/partenariat-chateauroux-metropole-voltalis-6545","og_locale":"fr_FR","og_type":"article","og_title":"Ch\u00e2teauroux M\u00e9tropole signe un partenariat avec Voltalis","og_description":"Avec le dispositif d'\u00e9conomies d'\u00e9nergie de Voltalis, Ch\u00e2teauroux M\u00e9tropole agit pour le pouvoir d'achat de ses habiatnts chauff\u00e9s au tout \u00e9lectrique.","og_url":"https:\/\/group.voltalis.com\/fr\/type-de-contenu\/communiques-de-presse\/partenariat-chateauroux-metropole-voltalis-6545","og_site_name":"Groupe Voltalis","article_publisher":"https:\/\/www.facebook.com\/pages\/category\/Product-Service\/Voltalis-178720392179068\/","article_published_time":"2023-01-24T10:01:47+00:00","article_modified_time":"2025-09-04T14:24:14+00:00","og_image":[{"width":1500,"height":1000,"url":"https:\/\/group.voltalis.com\/wp-content\/uploads\/2022\/10\/My-Voltalis-Ma-ConsoProgrammation-LR-4.png","type":"image\/png"}],"author":"admin","twitter_card":"summary_large_image","twitter_misc":{"\u00c9crit par":"admin","Dur\u00e9e de lecture estim\u00e9e":"5 minutes"},"schema":{"@context":"https:\/\/schema.org","@graph":[{"@type":"Article","@id":"https:\/\/group.voltalis.com\/fr\/type-de-contenu\/communiques-de-presse\/partenariat-chateauroux-metropole-voltalis-6545#article","isPartOf":{"@id":"https:\/\/group.voltalis.com\/fr\/type-de-contenu\/communiques-de-presse\/partenariat-chateauroux-metropole-voltalis-6545"},"author":{"name":"admin","@id":"https:\/\/group.voltalis.com\/en\/#\/schema\/person\/cd75df70a442080ba333ff81754527b8"},"headline":"Ch\u00e2teauroux M\u00e9tropole : un partenariat avec Voltalis pour r\u00e9aliser des \u00e9conomies d\u2019\u00e9nergie","datePublished":"2023-01-24T10:01:47+00:00","dateModified":"2025-09-04T14:24:14+00:00","mainEntityOfPage":{"@id":"https:\/\/group.voltalis.com\/fr\/type-de-contenu\/communiques-de-presse\/partenariat-chateauroux-metropole-voltalis-6545"},"wordCount":1151,"commentCount":0,"image":{"@id":"https:\/\/group.voltalis.com\/fr\/type-de-contenu\/communiques-de-presse\/partenariat-chateauroux-metropole-voltalis-6545#primaryimage"},"thumbnailUrl":"https:\/\/group.voltalis.com\/wp-content\/uploads\/2022\/10\/My-Voltalis-Ma-ConsoProgrammation-LR-4-1024x683.png","articleSection":["Collectivit\u00e9s","Communiqu\u00e9s"],"inLanguage":"fr-FR"},{"@type":"WebPage","@id":"https:\/\/group.voltalis.com\/fr\/type-de-contenu\/communiques-de-presse\/partenariat-chateauroux-metropole-voltalis-6545","url":"https:\/\/group.voltalis.com\/fr\/type-de-contenu\/communiques-de-presse\/partenariat-chateauroux-metropole-voltalis-6545","name":"Ch\u00e2teauroux M\u00e9tropole signe un partenariat avec Voltalis","isPartOf":{"@id":"https:\/\/group.voltalis.com\/en\/#website"},"primaryImageOfPage":{"@id":"https:\/\/group.voltalis.com\/fr\/type-de-contenu\/communiques-de-presse\/partenariat-chateauroux-metropole-voltalis-6545#primaryimage"},"image":{"@id":"https:\/\/group.voltalis.com\/fr\/type-de-contenu\/communiques-de-presse\/partenariat-chateauroux-metropole-voltalis-6545#primaryimage"},"thumbnailUrl":"https:\/\/group.voltalis.com\/wp-content\/uploads\/2022\/10\/My-Voltalis-Ma-ConsoProgrammation-LR-4-1024x683.png","datePublished":"2023-01-24T10:01:47+00:00","dateModified":"2025-09-04T14:24:14+00:00","author":{"@id":"https:\/\/group.voltalis.com\/en\/#\/schema\/person\/cd75df70a442080ba333ff81754527b8"},"description":"Avec le dispositif d'\u00e9conomies d'\u00e9nergie de Voltalis, Ch\u00e2teauroux M\u00e9tropole agit pour le pouvoir d'achat de ses habiatnts chauff\u00e9s au tout \u00e9lectrique.","breadcrumb":{"@id":"https:\/\/group.voltalis.com\/fr\/type-de-contenu\/communiques-de-presse\/partenariat-chateauroux-metropole-voltalis-6545#breadcrumb"},"inLanguage":"fr-FR","potentialAction":[{"@type":"ReadAction","target":["https:\/\/group.voltalis.com\/fr\/type-de-contenu\/communiques-de-presse\/partenariat-chateauroux-metropole-voltalis-6545"]}]},{"@type":"ImageObject","inLanguage":"fr-FR","@id":"https:\/\/group.voltalis.com\/fr\/type-de-contenu\/communiques-de-presse\/partenariat-chateauroux-metropole-voltalis-6545#primaryimage","url":"https:\/\/group.voltalis.com\/wp-content\/uploads\/2022\/10\/My-Voltalis-Ma-ConsoProgrammation-LR-4-1024x683.png","contentUrl":"https:\/\/group.voltalis.com\/wp-content\/uploads\/2022\/10\/My-Voltalis-Ma-ConsoProgrammation-LR-4-1024x683.png"},{"@type":"BreadcrumbList","@id":"https:\/\/group.voltalis.com\/fr\/type-de-contenu\/communiques-de-presse\/partenariat-chateauroux-metropole-voltalis-6545#breadcrumb","itemListElement":[{"@type":"ListItem","position":1,"name":"Home","item":"https:\/\/group.voltalis.com\/fr"},{"@type":"ListItem","position":2,"name":"Ch\u00e2teauroux M\u00e9tropole : un partenariat avec Voltalis pour r\u00e9aliser des \u00e9conomies d\u2019\u00e9nergie"}]},{"@type":"WebSite","@id":"https:\/\/group.voltalis.com\/en\/#website","url":"https:\/\/group.voltalis.com\/en\/","name":"Groupe Voltalis","description":"Bien plus que des \u00e9conomies d&#039;\u00e9nergie","potentialAction":[{"@type":"SearchAction","target":{"@type":"EntryPoint","urlTemplate":"https:\/\/group.voltalis.com\/en\/?s={search_term_string}"},"query-input":{"@type":"PropertyValueSpecification","valueRequired":true,"valueName":"search_term_string"}}],"inLanguage":"fr-FR"},{"@type":"Person","@id":"https:\/\/group.voltalis.com\/en\/#\/schema\/person\/cd75df70a442080ba333ff81754527b8","name":"admin","image":{"@type":"ImageObject","inLanguage":"fr-FR","@id":"https:\/\/secure.gravatar.com\/avatar\/d33819406c6fd656ae073a4bf8663fc5da17ca34c0a8d21882949b205ec67922?s=96&d=mm&r=g","url":"https:\/\/secure.gravatar.com\/avatar\/d33819406c6fd656ae073a4bf8663fc5da17ca34c0a8d21882949b205ec67922?s=96&d=mm&r=g","contentUrl":"https:\/\/secure.gravatar.com\/avatar\/d33819406c6fd656ae073a4bf8663fc5da17ca34c0a8d21882949b205ec67922?s=96&d=mm&r=g","caption":"admin"},"sameAs":["https:\/\/group.voltalis.com"],"url":"https:\/\/group.voltalis.com\/fr\/author\/admin"}]}},"_links":{"self":[{"href":"https:\/\/group.voltalis.com\/fr\/wp-json\/wp\/v2\/posts\/6545","targetHints":{"allow":["GET"]}}],"collection":[{"href":"https:\/\/group.voltalis.com\/fr\/wp-json\/wp\/v2\/posts"}],"about":[{"href":"https:\/\/group.voltalis.com\/fr\/wp-json\/wp\/v2\/types\/post"}],"author":[{"embeddable":true,"href":"https:\/\/group.voltalis.com\/fr\/wp-json\/wp\/v2\/users\/1"}],"replies":[{"embeddable":true,"href":"https:\/\/group.voltalis.com\/fr\/wp-json\/wp\/v2\/comments?post=6545"}],"version-history":[{"count":1,"href":"https:\/\/group.voltalis.com\/fr\/wp-json\/wp\/v2\/posts\/6545\/revisions"}],"predecessor-version":[{"id":10415,"href":"https:\/\/group.voltalis.com\/fr\/wp-json\/wp\/v2\/posts\/6545\/revisions\/10415"}],"wp:attachment":[{"href":"https:\/\/group.voltalis.com\/fr\/wp-json\/wp\/v2\/media?parent=6545"}],"wp:term":[{"taxonomy":"category","embeddable":true,"href":"https:\/\/group.voltalis.com\/fr\/wp-json\/wp\/v2\/categories?post=6545"},{"taxonomy":"post_tag","embeddable":true,"href":"https:\/\/group.voltalis.com\/fr\/wp-json\/wp\/v2\/tags?post=6545"}],"curies":[{"name":"wp","href":"https:\/\/api.w.org\/{rel}","templated":true}]}}