{"id":6803,"date":"2023-01-30T17:14:04","date_gmt":"2023-01-30T16:14:04","guid":{"rendered":"https:\/\/group.voltalis.com\/?p=6803"},"modified":"2025-09-04T15:43:13","modified_gmt":"2025-09-04T13:43:13","slug":"partenariat-nimes-metropole-voltalis","status":"publish","type":"post","link":"https:\/\/group.voltalis.com\/fr\/type-de-contenu\/communiques-de-presse\/partenariat-nimes-metropole-voltalis-6803","title":{"rendered":"N\u00eemes M\u00e9tropole se mobilise pour \u00e9quiper 51\u00a0248 foyers avec le dispositif de sobri\u00e9t\u00e9 \u00e9nerg\u00e9tique Voltalis"},"content":{"rendered":"\n<p>Engag\u00e9e depuis longtemps en faveur de la transition \u00e9nerg\u00e9tique du territoire, N\u00eemes M\u00e9tropole, en partenariat avec l\u2019ensemble des acteurs locaux, a ainsi \u00e9labor\u00e9 son Plan Climat Energie Territorial (PCAET). Ce Plan Climat ambitieux propose des objectifs qui se d\u00e9clinent en 10 axes, dont notamment l\u2019accompagnement sp\u00e9cifique pour la sobri\u00e9t\u00e9 \u00e9nerg\u00e9tique dans l\u2019habitat r\u00e9sidentiel et tertiaire et le d\u00e9veloppement d\u2019une production \u00e9nerg\u00e9tique locale respectueuse de l\u2019environnement.<\/p>\n\n\n\n<p>Aujourd\u2019hui,<strong> <\/strong><a href=\"https:\/\/www.nimes-metropole.fr\/\" target=\"_blank\" rel=\"noreferrer noopener nofollow\">N\u00eemes M\u00e9tropole<\/a> signe un partenariat avec Voltalis pour lancer une action concr\u00e8te et compl\u00e9mentaire du PCAET&nbsp;: <strong>chacun des 51 248 foyers du territoire chauff\u00e9s \u00e0 l\u2019\u00e9lectricit\u00e9 pourra \u00eatre \u00e9quip\u00e9 gratuitement d\u2019un dispositif connect\u00e9 de ma\u00eetrise et de r\u00e9duction de sa consommation \u00e9lectrique<\/strong>. L\u2019objectif est de redonner du pouvoir d\u2019achat aux m\u00e9nages en r\u00e9alisant des \u00e9conomies tout en agissant en faveur de la transition \u00e9nerg\u00e9tique. Ce dispositif contribue \u00e9galement \u00e0 limiter les risques de coupures \u00e9lectriques cet hiver.<\/p>\n\n\n\n<p>N\u00eemes M\u00e9tropole est la premi\u00e8re collectivit\u00e9 du Gard (30) \u00e0 s\u2019engager dans cette d\u00e9marche \u00e9cocitoyenne, dont les effets pourront \u00eatre visibles d\u00e8s cet hiver.<\/p>\n\n\n\n<blockquote class=\"wp-block-quote is-layout-flow wp-block-quote-is-layout-flow\">\n<p><em>Alors que la guerre en Ukraine se poursuit et que s\u2019est tenue la conf\u00e9rence internationale sur les changements climatiques (COP 27), \u00e0 Charm el-Cheikh (Egypte), il est primordial de rappeler l\u2019importance des actions de proximit\u00e9, pragmatiques et concr\u00e8tes,<strong> <\/strong><\/em><strong>rappelle<\/strong> <strong>Franck Proust, pr\u00e9sident de N\u00eemes M\u00e9tropole<\/strong>.<em> Ici, sur notre territoire, nous avons pris \u00e0 bras le corps la th\u00e9matique de la sobri\u00e9t\u00e9 \u00e9nerg\u00e9tique, d\u2019\u00e9com\u00e9tropole et au-del\u00e0, de la pr\u00e9servation de notre environnement.&nbsp;<\/em><\/p>\n<\/blockquote>\n\n\n<div class=\"wp-block-image\">\n<figure class=\"aligncenter size-full is-resized\"><img loading=\"lazy\" decoding=\"async\" src=\"https:\/\/group.voltalis.com\/wp-content\/uploads\/2022\/10\/image.png\" alt=\"Le dispositif Voltalis pos\u00e9 sur un radiateur \u00e9lectrique et son application de pilotage du chauffage\" class=\"wp-image-6211\" width=\"744\" height=\"243\" srcset=\"https:\/\/group.voltalis.com\/wp-content\/uploads\/2022\/10\/image.png 992w, https:\/\/group.voltalis.com\/wp-content\/uploads\/2022\/10\/image-300x98.png 300w, https:\/\/group.voltalis.com\/wp-content\/uploads\/2022\/10\/image-768x251.png 768w\" sizes=\"auto, (max-width: 744px) 100vw, 744px\" \/><figcaption class=\"wp-element-caption\">Le dispositif Voltalis pos\u00e9 sur un radiateur \u00e9lectrique et son application de pilotage du chauffage<\/figcaption><\/figure>\n<\/div>\n\n\n<h2 class=\"wp-block-heading\"><strong>Une solution innovante pour programmer facilement son chauffage \u00e9lectrique et r\u00e9duire sa consommation<\/strong><\/h2>\n\n\n\n<p>Le dispositif Voltalis permet d\u2019agir sur le chauffage, c\u2019est-\u00e0-dire le poste principal de d\u00e9penses d\u2019un foyer chauff\u00e9 \u00e0 l\u2019\u00e9lectrique (66 % de la consommation totale du logement selon l\u2019ADEME) et de le r\u00e9duire, sans avoir \u00e0 changer ses radiateurs ou son fournisseur d\u2019\u00e9nergie.<\/p>\n\n\n\n<p>Concr\u00e8tement, le dispositif Voltalis se pilote <strong>intelligemment<\/strong> gr\u00e2ce \u00e0 de <strong>petits bo\u00eetiers tr\u00e8s discrets accroch\u00e9s aux radiateurs \u00e9lectriques<\/strong>.<\/p>\n\n\n\n<p>Les foyers \u00e9quip\u00e9s b\u00e9n\u00e9ficient de leur <a href=\"https:\/\/www.voltalis.com\/myvoltalis-lapplication-de-suivi-de-consommation-electrique\" target=\"_blank\" rel=\"noreferrer noopener\">espace personnel MyVoltalis<\/a>, \u00e0 partir duquel ils peuvent<strong> suivre leurs consommations \u00e9lectriques, affiner la programmation de leur chauffage <\/strong>pourne chauffer que lorsque cela est n\u00e9cessaire<strong> et ainsi limiter le gaspillage.<\/strong><\/p>\n\n\n\n<p>Ce dispositif limite les effets de la hausse des prix de l\u2019\u00e9lectricit\u00e9 en permettant de <strong>r\u00e9aliser jusqu\u2019\u00e0 15% d\u2019\u00e9conomies d\u2019\u00e9lectricit\u00e9,<\/strong> <strong>tout en am\u00e9liorant son confort au quotidien.<\/strong><\/p>\n\n\n\n<p><strong>Les foyers demandeurs du dispositif sont \u00e9quip\u00e9s gratuitement et sans abonnement puisque la technologie <\/strong>Voltalis est r\u00e9mun\u00e9r\u00e9e par ailleurs pour le b\u00e9n\u00e9fice qu\u2019elle apporte au r\u00e9seau \u00e9lectrique, notamment lors des pics de consommations.<\/p>\n\n\n\n<h2 class=\"wp-block-heading\"><strong>Un dispositif \u00e9cocitoyen qui contribue \u00e0 la s\u00e9curit\u00e9 du r\u00e9seau \u00e9lectrique cet hiver<\/strong><\/h2>\n\n\n\n<p>La production nucl\u00e9aire fran\u00e7aise historiquement basse et la crise internationale augmentent consid\u00e9rablement les risques de d\u00e9lestages et de coupures \u00e9lectriques durant cet hiver.<\/p>\n\n\n\n<p>Avec Voltalis, les foyers \u00e9quip\u00e9s <strong>participent directement \u00e0 la s\u00e9curit\u00e9 de notre alimentation \u00e9lectrique \u00e0 tous et \u00e0 la transition \u00e9nerg\u00e9tique.<\/strong><\/p>\n\n\n\n<p>En effet,<strong> le syst\u00e8me \u00e9lectrique doit maintenir en permanence l\u2019\u00e9quilibre entre la production et la consommation<\/strong>. Lors des pics de consommation hivernaux ou des baisses de production des \u00e9nergies renouvelables, le r\u00e9seau risque un d\u00e9s\u00e9quilibre : pour compenser, <strong>la production est augment\u00e9e, en faisant<\/strong> <strong>appel aux centrales thermiques <\/strong>fonctionnant au gaz, charbon ou fioul.<\/p>\n\n\n\n<p>C\u2019est lors de ces d\u00e9s\u00e9quilibres que le dispositif rentre en jeu en r\u00e9duisant tr\u00e8s bri\u00e8vement la puissance de dizaines de milliers d\u2019appareils de chauffage partout en France, <strong>sans jamais impacter le confort des occupants<\/strong>. Le r\u00e9seau est alors soulag\u00e9 (baisse temporaire de la consommation nationale), ce qui limite le recours \u00e0 des centrales thermiques polluantes tout en r\u00e9duisant le risque de coupures.<\/p>\n\n\n\n<h2 class=\"wp-block-heading\"><strong>Qui peut b\u00e9n\u00e9ficier de ce dispositif innovant sur le territoire de N\u00eemes M\u00e9tropole ?<\/strong><\/h2>\n\n\n\n<p><strong>Tous les habitants de N\u00eemes M\u00e9tropole chauff\u00e9s \u00e0 l\u2019\u00e9lectrique, propri\u00e9taires ou locataires,<\/strong> peuvent b\u00e9n\u00e9ficier gratuitement de ce dispositif innovant. Il est <a href=\"https:\/\/www.voltalis.com\/faq\/comment-se-deroule-linstallation-du-dispositif-voltalis-a-mon-domicile\" target=\"_blank\" rel=\"noreferrer noopener\">install\u00e9 en 2h30 environ par un technicien<\/a> professionnel agr\u00e9\u00e9 et ne n\u00e9cessite pas de travaux.<\/p>\n\n\n\n<p>Des <strong>conseillers Voltalis viendront \u00e0 la rencontre des habitants du territoire<\/strong> afin de leur pr\u00e9senter le service, r\u00e9pondre \u00e0 leurs questions et proposer un rendez-vous d\u2019installation. &nbsp;<\/p>\n\n\n\n<p>Pour en profiter imm\u00e9diatement, il suffit de contacter Voltalis et de convenir d\u2019un rendez-vous d\u2019installation par t\u00e9l\u00e9phone, au <strong>05 40 25 69 96 <\/strong>(appel non surtax\u00e9, du lundi au samedi, 9h-18h) ou par courriel \u00e0 l\u2019adresse&nbsp;:<strong> <\/strong><a href=\"mailto:nimesmetropole@voltalis.com\"><strong>nimesmetropole@voltalis.com<\/strong><\/a> .<\/p>\n\n\n\n<p><strong>Contacts presse&nbsp;:<\/strong><\/p>\n\n\n\n<ul class=\"wp-block-list\">\n<li><strong>Pour N\u00eemes M\u00e9tropole : <\/strong>Sabine Torres &#8211; Directrice de la Communication &#8211; <a href=\"mailto:sabine.torres@nimes-metropole.fr\">sabine.torres@nimes-metropole.fr<\/a><\/li>\n<\/ul>\n\n\n\n<ul class=\"wp-block-list\">\n<li><strong>Pour Voltalis&nbsp;:<\/strong> <a href=\"mailto:voltalis@lagencerp.com\">voltalis@lagencerp.com<\/a> &#8211; St\u00e9phy D\u00e9ka &#8211; <a href=\"mailto:stephy@lagencerp.com\">stephy@lagencerp.com<\/a>&nbsp; \u2013 07&nbsp;63&nbsp;18&nbsp;60&nbsp;15 et Raya Rizk &#8211; <a href=\"mailto:raya@lagencerp.com\">raya@lagencerp.com<\/a>&nbsp; &#8211; 07 85 15 22 40<\/li>\n<\/ul>\n\n\n\n<p><strong><a href=\"https:\/\/group.voltalis.com\/wp-content\/uploads\/2023\/01\/Communique-de-presse-Partenariat-Voltalis-Nimes-Metropole-VF.pdf\" target=\"_blank\" rel=\"noreferrer noopener\">T\u00e9l\u00e9charger le communiqu\u00e9 de presse<\/a><\/strong><\/p>\n","protected":false},"excerpt":{"rendered":"<p>Engag\u00e9e depuis longtemps en faveur de la transition \u00e9nerg\u00e9tique du territoire, N\u00eemes M\u00e9tropole, en partenariat avec l\u2019ensemble des acteurs locaux, a ainsi \u00e9labor\u00e9 son Plan Climat Energie Territorial (PCAET). Ce Plan Climat ambitieux propose des objectifs qui se d\u00e9clinent en 10 axes, dont notamment l\u2019accompagnement sp\u00e9cifique pour la sobri\u00e9t\u00e9 \u00e9nerg\u00e9tique dans l\u2019habitat r\u00e9sidentiel et tertiaire [&hellip;]<\/p>\n","protected":false},"author":1,"featured_media":0,"comment_status":"closed","ping_status":"closed","sticky":false,"template":"","format":"standard","meta":{"_acf_changed":false,"inline_featured_image":false,"footnotes":""},"categories":[199,3],"tags":[],"class_list":["post-6803","post","type-post","status-publish","format-standard","hentry","category-collectivites","category-communiques-de-presse"],"acf":[],"yoast_head":"<!-- This site is optimized with the Yoast SEO plugin v27.5 - https:\/\/yoast.com\/product\/yoast-seo-wordpress\/ -->\n<title>N\u00eemes M\u00e9tropole et Voltalis vous font faire des \u00e9conomies<\/title>\n<meta name=\"description\" content=\"N\u00eemes M\u00e9tropole agit pour les \u00e9conomies d&#039;\u00e9nergie et propose \u00e0 tous les foyers chauff\u00e9s \u00e0 l&#039;\u00e9lectricit\u00e9 d&#039;\u00eatre \u00e9quip\u00e9s du dispositif de sobri\u00e9t\u00e9 Voltalis\" \/>\n<meta name=\"robots\" content=\"index, follow, max-snippet:-1, max-image-preview:large, max-video-preview:-1\" \/>\n<link rel=\"canonical\" href=\"https:\/\/group.voltalis.com\/fr\/type-de-contenu\/communiques-de-presse\/partenariat-nimes-metropole-voltalis-6803\" \/>\n<meta property=\"og:locale\" content=\"fr_FR\" \/>\n<meta property=\"og:type\" content=\"article\" \/>\n<meta property=\"og:title\" content=\"N\u00eemes M\u00e9tropole et Voltalis vous font faire des \u00e9conomies\" \/>\n<meta property=\"og:description\" content=\"N\u00eemes M\u00e9tropole agit pour les \u00e9conomies d&#039;\u00e9nergie et propose \u00e0 tous les foyers chauff\u00e9s \u00e0 l&#039;\u00e9lectricit\u00e9 d&#039;\u00eatre \u00e9quip\u00e9s du dispositif de sobri\u00e9t\u00e9 Voltalis\" \/>\n<meta property=\"og:url\" content=\"https:\/\/group.voltalis.com\/fr\/type-de-contenu\/communiques-de-presse\/partenariat-nimes-metropole-voltalis-6803\" \/>\n<meta property=\"og:site_name\" content=\"Groupe Voltalis\" \/>\n<meta property=\"article:publisher\" content=\"https:\/\/www.facebook.com\/pages\/category\/Product-Service\/Voltalis-178720392179068\/\" \/>\n<meta property=\"article:published_time\" content=\"2023-01-30T16:14:04+00:00\" \/>\n<meta property=\"article:modified_time\" content=\"2025-09-04T13:43:13+00:00\" \/>\n<meta property=\"og:image\" content=\"https:\/\/group.voltalis.com\/wp-content\/uploads\/2022\/10\/image.png\" \/>\n\t<meta property=\"og:image:width\" content=\"992\" \/>\n\t<meta property=\"og:image:height\" content=\"324\" \/>\n\t<meta property=\"og:image:type\" content=\"image\/png\" \/>\n<meta name=\"author\" content=\"admin\" \/>\n<meta name=\"twitter:card\" content=\"summary_large_image\" \/>\n<meta name=\"twitter:label1\" content=\"\u00c9crit par\" \/>\n\t<meta name=\"twitter:data1\" content=\"admin\" \/>\n\t<meta name=\"twitter:label2\" content=\"Dur\u00e9e de lecture estim\u00e9e\" \/>\n\t<meta name=\"twitter:data2\" content=\"4 minutes\" \/>\n<script type=\"application\/ld+json\" class=\"yoast-schema-graph\">{\"@context\":\"https:\\\/\\\/schema.org\",\"@graph\":[{\"@type\":\"Article\",\"@id\":\"https:\\\/\\\/group.voltalis.com\\\/fr\\\/type-de-contenu\\\/communiques-de-presse\\\/partenariat-nimes-metropole-voltalis-6803#article\",\"isPartOf\":{\"@id\":\"https:\\\/\\\/group.voltalis.com\\\/fr\\\/type-de-contenu\\\/communiques-de-presse\\\/partenariat-nimes-metropole-voltalis-6803\"},\"author\":{\"name\":\"admin\",\"@id\":\"https:\\\/\\\/group.voltalis.com\\\/en\\\/#\\\/schema\\\/person\\\/cd75df70a442080ba333ff81754527b8\"},\"headline\":\"N\u00eemes M\u00e9tropole se mobilise pour \u00e9quiper 51\u00a0248 foyers avec le dispositif de sobri\u00e9t\u00e9 \u00e9nerg\u00e9tique Voltalis\",\"datePublished\":\"2023-01-30T16:14:04+00:00\",\"dateModified\":\"2025-09-04T13:43:13+00:00\",\"mainEntityOfPage\":{\"@id\":\"https:\\\/\\\/group.voltalis.com\\\/fr\\\/type-de-contenu\\\/communiques-de-presse\\\/partenariat-nimes-metropole-voltalis-6803\"},\"wordCount\":884,\"image\":{\"@id\":\"https:\\\/\\\/group.voltalis.com\\\/fr\\\/type-de-contenu\\\/communiques-de-presse\\\/partenariat-nimes-metropole-voltalis-6803#primaryimage\"},\"thumbnailUrl\":\"https:\\\/\\\/group.voltalis.com\\\/wp-content\\\/uploads\\\/2022\\\/10\\\/image.png\",\"articleSection\":[\"Collectivit\u00e9s\",\"Communiqu\u00e9s\"],\"inLanguage\":\"fr-FR\"},{\"@type\":\"WebPage\",\"@id\":\"https:\\\/\\\/group.voltalis.com\\\/fr\\\/type-de-contenu\\\/communiques-de-presse\\\/partenariat-nimes-metropole-voltalis-6803\",\"url\":\"https:\\\/\\\/group.voltalis.com\\\/fr\\\/type-de-contenu\\\/communiques-de-presse\\\/partenariat-nimes-metropole-voltalis-6803\",\"name\":\"N\u00eemes M\u00e9tropole et Voltalis vous font faire des \u00e9conomies\",\"isPartOf\":{\"@id\":\"https:\\\/\\\/group.voltalis.com\\\/en\\\/#website\"},\"primaryImageOfPage\":{\"@id\":\"https:\\\/\\\/group.voltalis.com\\\/fr\\\/type-de-contenu\\\/communiques-de-presse\\\/partenariat-nimes-metropole-voltalis-6803#primaryimage\"},\"image\":{\"@id\":\"https:\\\/\\\/group.voltalis.com\\\/fr\\\/type-de-contenu\\\/communiques-de-presse\\\/partenariat-nimes-metropole-voltalis-6803#primaryimage\"},\"thumbnailUrl\":\"https:\\\/\\\/group.voltalis.com\\\/wp-content\\\/uploads\\\/2022\\\/10\\\/image.png\",\"datePublished\":\"2023-01-30T16:14:04+00:00\",\"dateModified\":\"2025-09-04T13:43:13+00:00\",\"author\":{\"@id\":\"https:\\\/\\\/group.voltalis.com\\\/en\\\/#\\\/schema\\\/person\\\/cd75df70a442080ba333ff81754527b8\"},\"description\":\"N\u00eemes M\u00e9tropole agit pour les \u00e9conomies d'\u00e9nergie et propose \u00e0 tous les foyers chauff\u00e9s \u00e0 l'\u00e9lectricit\u00e9 d'\u00eatre \u00e9quip\u00e9s du dispositif de sobri\u00e9t\u00e9 Voltalis\",\"breadcrumb\":{\"@id\":\"https:\\\/\\\/group.voltalis.com\\\/fr\\\/type-de-contenu\\\/communiques-de-presse\\\/partenariat-nimes-metropole-voltalis-6803#breadcrumb\"},\"inLanguage\":\"fr-FR\",\"potentialAction\":[{\"@type\":\"ReadAction\",\"target\":[\"https:\\\/\\\/group.voltalis.com\\\/fr\\\/type-de-contenu\\\/communiques-de-presse\\\/partenariat-nimes-metropole-voltalis-6803\"]}]},{\"@type\":\"ImageObject\",\"inLanguage\":\"fr-FR\",\"@id\":\"https:\\\/\\\/group.voltalis.com\\\/fr\\\/type-de-contenu\\\/communiques-de-presse\\\/partenariat-nimes-metropole-voltalis-6803#primaryimage\",\"url\":\"https:\\\/\\\/group.voltalis.com\\\/wp-content\\\/uploads\\\/2022\\\/10\\\/image.png\",\"contentUrl\":\"https:\\\/\\\/group.voltalis.com\\\/wp-content\\\/uploads\\\/2022\\\/10\\\/image.png\"},{\"@type\":\"BreadcrumbList\",\"@id\":\"https:\\\/\\\/group.voltalis.com\\\/fr\\\/type-de-contenu\\\/communiques-de-presse\\\/partenariat-nimes-metropole-voltalis-6803#breadcrumb\",\"itemListElement\":[{\"@type\":\"ListItem\",\"position\":1,\"name\":\"Home\",\"item\":\"https:\\\/\\\/group.voltalis.com\\\/fr\"},{\"@type\":\"ListItem\",\"position\":2,\"name\":\"N\u00eemes M\u00e9tropole se mobilise pour \u00e9quiper 51\u00a0248 foyers avec le dispositif de sobri\u00e9t\u00e9 \u00e9nerg\u00e9tique Voltalis\"}]},{\"@type\":\"WebSite\",\"@id\":\"https:\\\/\\\/group.voltalis.com\\\/en\\\/#website\",\"url\":\"https:\\\/\\\/group.voltalis.com\\\/en\\\/\",\"name\":\"Groupe Voltalis\",\"description\":\"Bien plus que des \u00e9conomies d&#039;\u00e9nergie\",\"potentialAction\":[{\"@type\":\"SearchAction\",\"target\":{\"@type\":\"EntryPoint\",\"urlTemplate\":\"https:\\\/\\\/group.voltalis.com\\\/en\\\/?s={search_term_string}\"},\"query-input\":{\"@type\":\"PropertyValueSpecification\",\"valueRequired\":true,\"valueName\":\"search_term_string\"}}],\"inLanguage\":\"fr-FR\"},{\"@type\":\"Person\",\"@id\":\"https:\\\/\\\/group.voltalis.com\\\/en\\\/#\\\/schema\\\/person\\\/cd75df70a442080ba333ff81754527b8\",\"name\":\"admin\",\"image\":{\"@type\":\"ImageObject\",\"inLanguage\":\"fr-FR\",\"@id\":\"https:\\\/\\\/secure.gravatar.com\\\/avatar\\\/d33819406c6fd656ae073a4bf8663fc5da17ca34c0a8d21882949b205ec67922?s=96&d=mm&r=g\",\"url\":\"https:\\\/\\\/secure.gravatar.com\\\/avatar\\\/d33819406c6fd656ae073a4bf8663fc5da17ca34c0a8d21882949b205ec67922?s=96&d=mm&r=g\",\"contentUrl\":\"https:\\\/\\\/secure.gravatar.com\\\/avatar\\\/d33819406c6fd656ae073a4bf8663fc5da17ca34c0a8d21882949b205ec67922?s=96&d=mm&r=g\",\"caption\":\"admin\"},\"sameAs\":[\"https:\\\/\\\/group.voltalis.com\"],\"url\":\"https:\\\/\\\/group.voltalis.com\\\/fr\\\/author\\\/admin\"}]}<\/script>\n<!-- \/ Yoast SEO plugin. -->","yoast_head_json":{"title":"N\u00eemes M\u00e9tropole et Voltalis vous font faire des \u00e9conomies","description":"N\u00eemes M\u00e9tropole agit pour les \u00e9conomies d'\u00e9nergie et propose \u00e0 tous les foyers chauff\u00e9s \u00e0 l'\u00e9lectricit\u00e9 d'\u00eatre \u00e9quip\u00e9s du dispositif de sobri\u00e9t\u00e9 Voltalis","robots":{"index":"index","follow":"follow","max-snippet":"max-snippet:-1","max-image-preview":"max-image-preview:large","max-video-preview":"max-video-preview:-1"},"canonical":"https:\/\/group.voltalis.com\/fr\/type-de-contenu\/communiques-de-presse\/partenariat-nimes-metropole-voltalis-6803","og_locale":"fr_FR","og_type":"article","og_title":"N\u00eemes M\u00e9tropole et Voltalis vous font faire des \u00e9conomies","og_description":"N\u00eemes M\u00e9tropole agit pour les \u00e9conomies d'\u00e9nergie et propose \u00e0 tous les foyers chauff\u00e9s \u00e0 l'\u00e9lectricit\u00e9 d'\u00eatre \u00e9quip\u00e9s du dispositif de sobri\u00e9t\u00e9 Voltalis","og_url":"https:\/\/group.voltalis.com\/fr\/type-de-contenu\/communiques-de-presse\/partenariat-nimes-metropole-voltalis-6803","og_site_name":"Groupe Voltalis","article_publisher":"https:\/\/www.facebook.com\/pages\/category\/Product-Service\/Voltalis-178720392179068\/","article_published_time":"2023-01-30T16:14:04+00:00","article_modified_time":"2025-09-04T13:43:13+00:00","og_image":[{"width":992,"height":324,"url":"https:\/\/group.voltalis.com\/wp-content\/uploads\/2022\/10\/image.png","type":"image\/png"}],"author":"admin","twitter_card":"summary_large_image","twitter_misc":{"\u00c9crit par":"admin","Dur\u00e9e de lecture estim\u00e9e":"4 minutes"},"schema":{"@context":"https:\/\/schema.org","@graph":[{"@type":"Article","@id":"https:\/\/group.voltalis.com\/fr\/type-de-contenu\/communiques-de-presse\/partenariat-nimes-metropole-voltalis-6803#article","isPartOf":{"@id":"https:\/\/group.voltalis.com\/fr\/type-de-contenu\/communiques-de-presse\/partenariat-nimes-metropole-voltalis-6803"},"author":{"name":"admin","@id":"https:\/\/group.voltalis.com\/en\/#\/schema\/person\/cd75df70a442080ba333ff81754527b8"},"headline":"N\u00eemes M\u00e9tropole se mobilise pour \u00e9quiper 51\u00a0248 foyers avec le dispositif de sobri\u00e9t\u00e9 \u00e9nerg\u00e9tique Voltalis","datePublished":"2023-01-30T16:14:04+00:00","dateModified":"2025-09-04T13:43:13+00:00","mainEntityOfPage":{"@id":"https:\/\/group.voltalis.com\/fr\/type-de-contenu\/communiques-de-presse\/partenariat-nimes-metropole-voltalis-6803"},"wordCount":884,"image":{"@id":"https:\/\/group.voltalis.com\/fr\/type-de-contenu\/communiques-de-presse\/partenariat-nimes-metropole-voltalis-6803#primaryimage"},"thumbnailUrl":"https:\/\/group.voltalis.com\/wp-content\/uploads\/2022\/10\/image.png","articleSection":["Collectivit\u00e9s","Communiqu\u00e9s"],"inLanguage":"fr-FR"},{"@type":"WebPage","@id":"https:\/\/group.voltalis.com\/fr\/type-de-contenu\/communiques-de-presse\/partenariat-nimes-metropole-voltalis-6803","url":"https:\/\/group.voltalis.com\/fr\/type-de-contenu\/communiques-de-presse\/partenariat-nimes-metropole-voltalis-6803","name":"N\u00eemes M\u00e9tropole et Voltalis vous font faire des \u00e9conomies","isPartOf":{"@id":"https:\/\/group.voltalis.com\/en\/#website"},"primaryImageOfPage":{"@id":"https:\/\/group.voltalis.com\/fr\/type-de-contenu\/communiques-de-presse\/partenariat-nimes-metropole-voltalis-6803#primaryimage"},"image":{"@id":"https:\/\/group.voltalis.com\/fr\/type-de-contenu\/communiques-de-presse\/partenariat-nimes-metropole-voltalis-6803#primaryimage"},"thumbnailUrl":"https:\/\/group.voltalis.com\/wp-content\/uploads\/2022\/10\/image.png","datePublished":"2023-01-30T16:14:04+00:00","dateModified":"2025-09-04T13:43:13+00:00","author":{"@id":"https:\/\/group.voltalis.com\/en\/#\/schema\/person\/cd75df70a442080ba333ff81754527b8"},"description":"N\u00eemes M\u00e9tropole agit pour les \u00e9conomies d'\u00e9nergie et propose \u00e0 tous les foyers chauff\u00e9s \u00e0 l'\u00e9lectricit\u00e9 d'\u00eatre \u00e9quip\u00e9s du dispositif de sobri\u00e9t\u00e9 Voltalis","breadcrumb":{"@id":"https:\/\/group.voltalis.com\/fr\/type-de-contenu\/communiques-de-presse\/partenariat-nimes-metropole-voltalis-6803#breadcrumb"},"inLanguage":"fr-FR","potentialAction":[{"@type":"ReadAction","target":["https:\/\/group.voltalis.com\/fr\/type-de-contenu\/communiques-de-presse\/partenariat-nimes-metropole-voltalis-6803"]}]},{"@type":"ImageObject","inLanguage":"fr-FR","@id":"https:\/\/group.voltalis.com\/fr\/type-de-contenu\/communiques-de-presse\/partenariat-nimes-metropole-voltalis-6803#primaryimage","url":"https:\/\/group.voltalis.com\/wp-content\/uploads\/2022\/10\/image.png","contentUrl":"https:\/\/group.voltalis.com\/wp-content\/uploads\/2022\/10\/image.png"},{"@type":"BreadcrumbList","@id":"https:\/\/group.voltalis.com\/fr\/type-de-contenu\/communiques-de-presse\/partenariat-nimes-metropole-voltalis-6803#breadcrumb","itemListElement":[{"@type":"ListItem","position":1,"name":"Home","item":"https:\/\/group.voltalis.com\/fr"},{"@type":"ListItem","position":2,"name":"N\u00eemes M\u00e9tropole se mobilise pour \u00e9quiper 51\u00a0248 foyers avec le dispositif de sobri\u00e9t\u00e9 \u00e9nerg\u00e9tique Voltalis"}]},{"@type":"WebSite","@id":"https:\/\/group.voltalis.com\/en\/#website","url":"https:\/\/group.voltalis.com\/en\/","name":"Groupe Voltalis","description":"Bien plus que des \u00e9conomies d&#039;\u00e9nergie","potentialAction":[{"@type":"SearchAction","target":{"@type":"EntryPoint","urlTemplate":"https:\/\/group.voltalis.com\/en\/?s={search_term_string}"},"query-input":{"@type":"PropertyValueSpecification","valueRequired":true,"valueName":"search_term_string"}}],"inLanguage":"fr-FR"},{"@type":"Person","@id":"https:\/\/group.voltalis.com\/en\/#\/schema\/person\/cd75df70a442080ba333ff81754527b8","name":"admin","image":{"@type":"ImageObject","inLanguage":"fr-FR","@id":"https:\/\/secure.gravatar.com\/avatar\/d33819406c6fd656ae073a4bf8663fc5da17ca34c0a8d21882949b205ec67922?s=96&d=mm&r=g","url":"https:\/\/secure.gravatar.com\/avatar\/d33819406c6fd656ae073a4bf8663fc5da17ca34c0a8d21882949b205ec67922?s=96&d=mm&r=g","contentUrl":"https:\/\/secure.gravatar.com\/avatar\/d33819406c6fd656ae073a4bf8663fc5da17ca34c0a8d21882949b205ec67922?s=96&d=mm&r=g","caption":"admin"},"sameAs":["https:\/\/group.voltalis.com"],"url":"https:\/\/group.voltalis.com\/fr\/author\/admin"}]}},"_links":{"self":[{"href":"https:\/\/group.voltalis.com\/fr\/wp-json\/wp\/v2\/posts\/6803","targetHints":{"allow":["GET"]}}],"collection":[{"href":"https:\/\/group.voltalis.com\/fr\/wp-json\/wp\/v2\/posts"}],"about":[{"href":"https:\/\/group.voltalis.com\/fr\/wp-json\/wp\/v2\/types\/post"}],"author":[{"embeddable":true,"href":"https:\/\/group.voltalis.com\/fr\/wp-json\/wp\/v2\/users\/1"}],"replies":[{"embeddable":true,"href":"https:\/\/group.voltalis.com\/fr\/wp-json\/wp\/v2\/comments?post=6803"}],"version-history":[{"count":1,"href":"https:\/\/group.voltalis.com\/fr\/wp-json\/wp\/v2\/posts\/6803\/revisions"}],"predecessor-version":[{"id":10395,"href":"https:\/\/group.voltalis.com\/fr\/wp-json\/wp\/v2\/posts\/6803\/revisions\/10395"}],"wp:attachment":[{"href":"https:\/\/group.voltalis.com\/fr\/wp-json\/wp\/v2\/media?parent=6803"}],"wp:term":[{"taxonomy":"category","embeddable":true,"href":"https:\/\/group.voltalis.com\/fr\/wp-json\/wp\/v2\/categories?post=6803"},{"taxonomy":"post_tag","embeddable":true,"href":"https:\/\/group.voltalis.com\/fr\/wp-json\/wp\/v2\/tags?post=6803"}],"curies":[{"name":"wp","href":"https:\/\/api.w.org\/{rel}","templated":true}]}}