{"id":6818,"date":"2023-03-09T10:15:00","date_gmt":"2023-03-09T09:15:00","guid":{"rendered":"https:\/\/group.voltalis.com\/?p=6818"},"modified":"2025-09-04T15:30:16","modified_gmt":"2025-09-04T13:30:16","slug":"pont-audemer-economies-denergie-voltalis","status":"publish","type":"post","link":"https:\/\/group.voltalis.com\/fr\/type-de-contenu\/communiques-de-presse\/pont-audemer-economies-denergie-voltalis-6818","title":{"rendered":"Pont-Audemer : des \u00e9conomies d&rsquo;\u00e9nergie solidaires et responsables avec le bo\u00eetier Voltalis"},"content":{"rendered":"\n<p>Engag\u00e9e dans une d\u00e9marche de r\u00e9duction des consommations \u00e9lectriques et consciente de son impact environnemental, <a href=\"https:\/\/www.ville-pont-audemer.fr\/votre-territoire\/communaute-de-communes\/\" target=\"_blank\" rel=\"noreferrer noopener nofollow\">Pont-Audemer Val de Risle<\/a> m\u00e8ne des actions concr\u00e8tes en faveur de la ma\u00eetrise de l\u2019\u00e9nergie et de la transition \u00e9cologique. Pont-Audemer Val de Risle, en partenariat avec la soci\u00e9t\u00e9 fran\u00e7aise Voltalis, propose ainsi \u00e0 tous les habitants de son territoire chauff\u00e9s \u00e9lectriquement une solution pour consommer moins et mieux !<\/p>\n\n\n\n<h2 class=\"wp-block-heading\"><strong>Des petits bo\u00eetiers intelligents d\u00e9di\u00e9s au chauffage \u00e9lectrique des habitants de Pont-Audemer<\/strong><\/h2>\n\n\n\n<p><strong>Totalement gratuit et sans abonnement<\/strong>, ce dispositif se mat\u00e9rialise par des <a href=\"https:\/\/www.voltalis.com\/particuliers\/notre-solution\">petits bo\u00eetiers connect\u00e9s<\/a> alli\u00e9s \u00e0 une application mobile offrant des services utiles et innovants. Raccord\u00e9s aux appareils les plus \u00e9nergivores, comme les radiateurs, ce bo\u00eetier permet de piloter leur consommation et de la r\u00e9duire tr\u00e8s bri\u00e8vement, sans que cela n\u2019impacte le confort des occupants.<\/p>\n\n\n\n<h2 class=\"wp-block-heading\"><strong>Des outils innovants pour aller plus loin dans les \u00e9conomies d\u2019\u00e9nergie<\/strong><\/h2>\n\n\n\n<p>Chaque particulier \u00e9quip\u00e9 b\u00e9n\u00e9ficie d\u2019un <strong><a href=\"https:\/\/www.voltalis.com\/myvoltalis-lapplication-de-suivi-de-consommation-electrique\" target=\"_blank\" rel=\"noreferrer noopener\">espace personnel gratuit disponible<\/a><\/strong> sur PC, smartphones et tablettes. Cet espace permet de suivre sa consommation d\u2019\u00e9lectricit\u00e9 en temps r\u00e9el, de piloter son chauffage et m\u00eame de le programmer en toute simplicit\u00e9 selon ses habitudes de vie. Il est accessible par l\u2019adh\u00e9rent d\u00e8s finalisation de l\u2019installation du dispositif dans son logement.<\/p>\n\n\n<div class=\"wp-block-image\">\n<figure class=\"aligncenter size-large is-resized\"><img loading=\"lazy\" decoding=\"async\" src=\"https:\/\/group.voltalis.com\/wp-content\/uploads\/2022\/10\/My-Voltalis-Ma-ConsoProgrammation-LR-3-1024x683.png\" alt=\"L'espace personnel MyVoltalis permettant de piloter ses radiateurs \u00e9lectriques et suivre sa consommation\" class=\"wp-image-6230\" width=\"512\" height=\"342\" srcset=\"https:\/\/group.voltalis.com\/wp-content\/uploads\/2022\/10\/My-Voltalis-Ma-ConsoProgrammation-LR-3-1024x683.png 1024w, https:\/\/group.voltalis.com\/wp-content\/uploads\/2022\/10\/My-Voltalis-Ma-ConsoProgrammation-LR-3-300x200.png 300w, https:\/\/group.voltalis.com\/wp-content\/uploads\/2022\/10\/My-Voltalis-Ma-ConsoProgrammation-LR-3-768x512.png 768w, https:\/\/group.voltalis.com\/wp-content\/uploads\/2022\/10\/My-Voltalis-Ma-ConsoProgrammation-LR-3.png 1500w\" sizes=\"auto, (max-width: 512px) 100vw, 512px\" \/><figcaption class=\"wp-element-caption\">L&rsquo;espace personnel MyVoltalis permettant de piloter ses radiateurs \u00e9lectriques et suivre sa consommation<\/figcaption><\/figure>\n<\/div>\n\n\n<h2 class=\"wp-block-heading\"><strong>Un geste utile au syst\u00e8me \u00e9lectrique et \u00e0 l\u2019environnement<\/strong><\/h2>\n\n\n\n<p>Cette technologie permet \u00e9galement de soulager le syst\u00e8me \u00e9lectrique lorsque celui-ci en a le plus besoin, comme lors des pics de consommation hivernaux ou d\u2019une baisse de production des \u00e9nergie renouvelables. Au lieu de faire appel \u00e0 des centrales polluantes pour produire plus, le syst\u00e8me \u00e9lectrique fait appel \u00e0 Voltalis pour r\u00e9duire la demande. R\u00e9sultats : moins d\u2019\u00e9missions de CO2 et des \u00e9conomies pour les foyers \u00e9quip\u00e9s.<\/p>\n\n\n\n<p>En totale ad\u00e9quation avec les objectifs de Pont-Audemer Val de Risle, dont les mesures visent \u00e0 mieux maitriser les consommations \u00e9nerg\u00e9tiques, d\u00e9velopper les \u00e9nergies renouvelables et diminuer les \u00e9missions de CO2, le territoire souhaite proposer le dispositif Voltalis au plus grand nombre.<br>Dans ce cadre, les conseillers Voltalis seront pr\u00e9sents sur nos communes prochainement afin de r\u00e9pondre aux questions des habitants \u00e9ligibles et leur proposer un rendez-vous d\u2019installation gratuite.<\/p>\n\n\n\n<p>Pour plus de renseignements, notre partenaire Voltalis est \u00e9galement joignable au <strong>01 86 52 59 55<\/strong> et \u00e0 <a href=\"mailto:ccpavr@voltalis.com\">ccpavr@voltalis.com<\/a> , ou visitez <a href=\"http:\/\/www.voltalis.com\">www.voltalis.com<\/a> <\/p>\n\n\n\n<p><\/p>\n\n\n\n<p><strong>Contact presse Pont-Audemer Val de Risle : <\/strong>Service environnement &#8211; 02 32 41 50 40 ou Service communication &#8211; 02 32 41 81 48 &#8211; communication@pontaudemer.fr<br><strong>Contact presse<\/strong> <strong>Voltalis <\/strong>: <strong>presse@voltalis.com<\/strong> &#8211; Emma CORSON &#8211; Responsable Presse &#8211; 07 60 89 81 89<\/p>\n\n\n\n<p><strong><a href=\"https:\/\/group.voltalis.com\/wp-content\/uploads\/2023\/03\/CP-Pont-Audemer-Voltalis.pdf\" target=\"_blank\" rel=\"noreferrer noopener\">T\u00e9l\u00e9charger le communiqu\u00e9 de presse<\/a><\/strong><\/p>\n\n\n\n<p><\/p>\n","protected":false},"excerpt":{"rendered":"<p>Engag\u00e9e dans une d\u00e9marche de r\u00e9duction des consommations \u00e9lectriques et consciente de son impact environnemental, Pont-Audemer Val de Risle m\u00e8ne des actions concr\u00e8tes en faveur de la ma\u00eetrise de l\u2019\u00e9nergie et de la transition \u00e9cologique. Pont-Audemer Val de Risle, en partenariat avec la soci\u00e9t\u00e9 fran\u00e7aise Voltalis, propose ainsi \u00e0 tous les habitants de son territoire [&hellip;]<\/p>\n","protected":false},"author":1,"featured_media":0,"comment_status":"open","ping_status":"closed","sticky":false,"template":"","format":"standard","meta":{"_acf_changed":false,"inline_featured_image":false,"footnotes":""},"categories":[199,3],"tags":[],"class_list":["post-6818","post","type-post","status-publish","format-standard","hentry","category-collectivites","category-communiques-de-presse"],"acf":[],"yoast_head":"<!-- This site is optimized with the Yoast SEO plugin v27.5 - https:\/\/yoast.com\/product\/yoast-seo-wordpress\/ -->\n<title>Pont-Audemer : des \u00e9conomies d&#039;\u00e9nergie solidaires avec Voltalis<\/title>\n<meta name=\"description\" content=\"Pont-Audemer Val de Risle signe un partenariat avec Voltalis pour proposer un dispositif d&#039;\u00e9conomies d&#039;\u00e9nergie totalement gratuit \u00e0 ses habitants.\" \/>\n<meta name=\"robots\" content=\"index, follow, max-snippet:-1, max-image-preview:large, max-video-preview:-1\" \/>\n<link rel=\"canonical\" href=\"https:\/\/group.voltalis.com\/fr\/type-de-contenu\/communiques-de-presse\/pont-audemer-economies-denergie-voltalis-6818\" \/>\n<meta property=\"og:locale\" content=\"fr_FR\" \/>\n<meta property=\"og:type\" content=\"article\" \/>\n<meta property=\"og:title\" content=\"Pont-Audemer : des \u00e9conomies d&#039;\u00e9nergie solidaires avec Voltalis\" \/>\n<meta property=\"og:description\" content=\"Pont-Audemer Val de Risle signe un partenariat avec Voltalis pour proposer un dispositif d&#039;\u00e9conomies d&#039;\u00e9nergie totalement gratuit \u00e0 ses habitants.\" \/>\n<meta property=\"og:url\" content=\"https:\/\/group.voltalis.com\/fr\/type-de-contenu\/communiques-de-presse\/pont-audemer-economies-denergie-voltalis-6818\" \/>\n<meta property=\"og:site_name\" content=\"Groupe Voltalis\" \/>\n<meta property=\"article:publisher\" content=\"https:\/\/www.facebook.com\/pages\/category\/Product-Service\/Voltalis-178720392179068\/\" \/>\n<meta property=\"article:published_time\" content=\"2023-03-09T09:15:00+00:00\" \/>\n<meta property=\"article:modified_time\" content=\"2025-09-04T13:30:16+00:00\" \/>\n<meta property=\"og:image\" content=\"https:\/\/group.voltalis.com\/wp-content\/uploads\/2022\/10\/My-Voltalis-Ma-ConsoProgrammation-LR-3.png\" \/>\n\t<meta property=\"og:image:width\" content=\"1500\" \/>\n\t<meta property=\"og:image:height\" content=\"1000\" \/>\n\t<meta property=\"og:image:type\" content=\"image\/png\" \/>\n<meta name=\"author\" content=\"admin\" \/>\n<meta name=\"twitter:card\" content=\"summary_large_image\" \/>\n<meta name=\"twitter:label1\" content=\"\u00c9crit par\" \/>\n\t<meta name=\"twitter:data1\" content=\"admin\" \/>\n\t<meta name=\"twitter:label2\" content=\"Dur\u00e9e de lecture estim\u00e9e\" \/>\n\t<meta name=\"twitter:data2\" content=\"3 minutes\" \/>\n<script type=\"application\/ld+json\" class=\"yoast-schema-graph\">{\"@context\":\"https:\\\/\\\/schema.org\",\"@graph\":[{\"@type\":\"Article\",\"@id\":\"https:\\\/\\\/group.voltalis.com\\\/fr\\\/type-de-contenu\\\/communiques-de-presse\\\/pont-audemer-economies-denergie-voltalis-6818#article\",\"isPartOf\":{\"@id\":\"https:\\\/\\\/group.voltalis.com\\\/fr\\\/type-de-contenu\\\/communiques-de-presse\\\/pont-audemer-economies-denergie-voltalis-6818\"},\"author\":{\"name\":\"admin\",\"@id\":\"https:\\\/\\\/group.voltalis.com\\\/en\\\/#\\\/schema\\\/person\\\/cd75df70a442080ba333ff81754527b8\"},\"headline\":\"Pont-Audemer : des \u00e9conomies d&rsquo;\u00e9nergie solidaires et responsables avec le bo\u00eetier Voltalis\",\"datePublished\":\"2023-03-09T09:15:00+00:00\",\"dateModified\":\"2025-09-04T13:30:16+00:00\",\"mainEntityOfPage\":{\"@id\":\"https:\\\/\\\/group.voltalis.com\\\/fr\\\/type-de-contenu\\\/communiques-de-presse\\\/pont-audemer-economies-denergie-voltalis-6818\"},\"wordCount\":468,\"commentCount\":0,\"image\":{\"@id\":\"https:\\\/\\\/group.voltalis.com\\\/fr\\\/type-de-contenu\\\/communiques-de-presse\\\/pont-audemer-economies-denergie-voltalis-6818#primaryimage\"},\"thumbnailUrl\":\"https:\\\/\\\/group.voltalis.com\\\/wp-content\\\/uploads\\\/2022\\\/10\\\/My-Voltalis-Ma-ConsoProgrammation-LR-3-1024x683.png\",\"articleSection\":[\"Collectivit\u00e9s\",\"Communiqu\u00e9s\"],\"inLanguage\":\"fr-FR\"},{\"@type\":\"WebPage\",\"@id\":\"https:\\\/\\\/group.voltalis.com\\\/fr\\\/type-de-contenu\\\/communiques-de-presse\\\/pont-audemer-economies-denergie-voltalis-6818\",\"url\":\"https:\\\/\\\/group.voltalis.com\\\/fr\\\/type-de-contenu\\\/communiques-de-presse\\\/pont-audemer-economies-denergie-voltalis-6818\",\"name\":\"Pont-Audemer : des \u00e9conomies d'\u00e9nergie solidaires avec Voltalis\",\"isPartOf\":{\"@id\":\"https:\\\/\\\/group.voltalis.com\\\/en\\\/#website\"},\"primaryImageOfPage\":{\"@id\":\"https:\\\/\\\/group.voltalis.com\\\/fr\\\/type-de-contenu\\\/communiques-de-presse\\\/pont-audemer-economies-denergie-voltalis-6818#primaryimage\"},\"image\":{\"@id\":\"https:\\\/\\\/group.voltalis.com\\\/fr\\\/type-de-contenu\\\/communiques-de-presse\\\/pont-audemer-economies-denergie-voltalis-6818#primaryimage\"},\"thumbnailUrl\":\"https:\\\/\\\/group.voltalis.com\\\/wp-content\\\/uploads\\\/2022\\\/10\\\/My-Voltalis-Ma-ConsoProgrammation-LR-3-1024x683.png\",\"datePublished\":\"2023-03-09T09:15:00+00:00\",\"dateModified\":\"2025-09-04T13:30:16+00:00\",\"author\":{\"@id\":\"https:\\\/\\\/group.voltalis.com\\\/en\\\/#\\\/schema\\\/person\\\/cd75df70a442080ba333ff81754527b8\"},\"description\":\"Pont-Audemer Val de Risle signe un partenariat avec Voltalis pour proposer un dispositif d'\u00e9conomies d'\u00e9nergie totalement gratuit \u00e0 ses habitants.\",\"breadcrumb\":{\"@id\":\"https:\\\/\\\/group.voltalis.com\\\/fr\\\/type-de-contenu\\\/communiques-de-presse\\\/pont-audemer-economies-denergie-voltalis-6818#breadcrumb\"},\"inLanguage\":\"fr-FR\",\"potentialAction\":[{\"@type\":\"ReadAction\",\"target\":[\"https:\\\/\\\/group.voltalis.com\\\/fr\\\/type-de-contenu\\\/communiques-de-presse\\\/pont-audemer-economies-denergie-voltalis-6818\"]}]},{\"@type\":\"ImageObject\",\"inLanguage\":\"fr-FR\",\"@id\":\"https:\\\/\\\/group.voltalis.com\\\/fr\\\/type-de-contenu\\\/communiques-de-presse\\\/pont-audemer-economies-denergie-voltalis-6818#primaryimage\",\"url\":\"https:\\\/\\\/group.voltalis.com\\\/wp-content\\\/uploads\\\/2022\\\/10\\\/My-Voltalis-Ma-ConsoProgrammation-LR-3-1024x683.png\",\"contentUrl\":\"https:\\\/\\\/group.voltalis.com\\\/wp-content\\\/uploads\\\/2022\\\/10\\\/My-Voltalis-Ma-ConsoProgrammation-LR-3-1024x683.png\"},{\"@type\":\"BreadcrumbList\",\"@id\":\"https:\\\/\\\/group.voltalis.com\\\/fr\\\/type-de-contenu\\\/communiques-de-presse\\\/pont-audemer-economies-denergie-voltalis-6818#breadcrumb\",\"itemListElement\":[{\"@type\":\"ListItem\",\"position\":1,\"name\":\"Home\",\"item\":\"https:\\\/\\\/group.voltalis.com\\\/fr\"},{\"@type\":\"ListItem\",\"position\":2,\"name\":\"Pont-Audemer : des \u00e9conomies d&#8217;\u00e9nergie solidaires et responsables avec le bo\u00eetier Voltalis\"}]},{\"@type\":\"WebSite\",\"@id\":\"https:\\\/\\\/group.voltalis.com\\\/en\\\/#website\",\"url\":\"https:\\\/\\\/group.voltalis.com\\\/en\\\/\",\"name\":\"Groupe Voltalis\",\"description\":\"Bien plus que des \u00e9conomies d&#039;\u00e9nergie\",\"potentialAction\":[{\"@type\":\"SearchAction\",\"target\":{\"@type\":\"EntryPoint\",\"urlTemplate\":\"https:\\\/\\\/group.voltalis.com\\\/en\\\/?s={search_term_string}\"},\"query-input\":{\"@type\":\"PropertyValueSpecification\",\"valueRequired\":true,\"valueName\":\"search_term_string\"}}],\"inLanguage\":\"fr-FR\"},{\"@type\":\"Person\",\"@id\":\"https:\\\/\\\/group.voltalis.com\\\/en\\\/#\\\/schema\\\/person\\\/cd75df70a442080ba333ff81754527b8\",\"name\":\"admin\",\"image\":{\"@type\":\"ImageObject\",\"inLanguage\":\"fr-FR\",\"@id\":\"https:\\\/\\\/secure.gravatar.com\\\/avatar\\\/d33819406c6fd656ae073a4bf8663fc5da17ca34c0a8d21882949b205ec67922?s=96&d=mm&r=g\",\"url\":\"https:\\\/\\\/secure.gravatar.com\\\/avatar\\\/d33819406c6fd656ae073a4bf8663fc5da17ca34c0a8d21882949b205ec67922?s=96&d=mm&r=g\",\"contentUrl\":\"https:\\\/\\\/secure.gravatar.com\\\/avatar\\\/d33819406c6fd656ae073a4bf8663fc5da17ca34c0a8d21882949b205ec67922?s=96&d=mm&r=g\",\"caption\":\"admin\"},\"sameAs\":[\"https:\\\/\\\/group.voltalis.com\"],\"url\":\"https:\\\/\\\/group.voltalis.com\\\/fr\\\/author\\\/admin\"}]}<\/script>\n<!-- \/ Yoast SEO plugin. -->","yoast_head_json":{"title":"Pont-Audemer : des \u00e9conomies d'\u00e9nergie solidaires avec Voltalis","description":"Pont-Audemer Val de Risle signe un partenariat avec Voltalis pour proposer un dispositif d'\u00e9conomies d'\u00e9nergie totalement gratuit \u00e0 ses habitants.","robots":{"index":"index","follow":"follow","max-snippet":"max-snippet:-1","max-image-preview":"max-image-preview:large","max-video-preview":"max-video-preview:-1"},"canonical":"https:\/\/group.voltalis.com\/fr\/type-de-contenu\/communiques-de-presse\/pont-audemer-economies-denergie-voltalis-6818","og_locale":"fr_FR","og_type":"article","og_title":"Pont-Audemer : des \u00e9conomies d'\u00e9nergie solidaires avec Voltalis","og_description":"Pont-Audemer Val de Risle signe un partenariat avec Voltalis pour proposer un dispositif d'\u00e9conomies d'\u00e9nergie totalement gratuit \u00e0 ses habitants.","og_url":"https:\/\/group.voltalis.com\/fr\/type-de-contenu\/communiques-de-presse\/pont-audemer-economies-denergie-voltalis-6818","og_site_name":"Groupe Voltalis","article_publisher":"https:\/\/www.facebook.com\/pages\/category\/Product-Service\/Voltalis-178720392179068\/","article_published_time":"2023-03-09T09:15:00+00:00","article_modified_time":"2025-09-04T13:30:16+00:00","og_image":[{"width":1500,"height":1000,"url":"https:\/\/group.voltalis.com\/wp-content\/uploads\/2022\/10\/My-Voltalis-Ma-ConsoProgrammation-LR-3.png","type":"image\/png"}],"author":"admin","twitter_card":"summary_large_image","twitter_misc":{"\u00c9crit par":"admin","Dur\u00e9e de lecture estim\u00e9e":"3 minutes"},"schema":{"@context":"https:\/\/schema.org","@graph":[{"@type":"Article","@id":"https:\/\/group.voltalis.com\/fr\/type-de-contenu\/communiques-de-presse\/pont-audemer-economies-denergie-voltalis-6818#article","isPartOf":{"@id":"https:\/\/group.voltalis.com\/fr\/type-de-contenu\/communiques-de-presse\/pont-audemer-economies-denergie-voltalis-6818"},"author":{"name":"admin","@id":"https:\/\/group.voltalis.com\/en\/#\/schema\/person\/cd75df70a442080ba333ff81754527b8"},"headline":"Pont-Audemer : des \u00e9conomies d&rsquo;\u00e9nergie solidaires et responsables avec le bo\u00eetier Voltalis","datePublished":"2023-03-09T09:15:00+00:00","dateModified":"2025-09-04T13:30:16+00:00","mainEntityOfPage":{"@id":"https:\/\/group.voltalis.com\/fr\/type-de-contenu\/communiques-de-presse\/pont-audemer-economies-denergie-voltalis-6818"},"wordCount":468,"commentCount":0,"image":{"@id":"https:\/\/group.voltalis.com\/fr\/type-de-contenu\/communiques-de-presse\/pont-audemer-economies-denergie-voltalis-6818#primaryimage"},"thumbnailUrl":"https:\/\/group.voltalis.com\/wp-content\/uploads\/2022\/10\/My-Voltalis-Ma-ConsoProgrammation-LR-3-1024x683.png","articleSection":["Collectivit\u00e9s","Communiqu\u00e9s"],"inLanguage":"fr-FR"},{"@type":"WebPage","@id":"https:\/\/group.voltalis.com\/fr\/type-de-contenu\/communiques-de-presse\/pont-audemer-economies-denergie-voltalis-6818","url":"https:\/\/group.voltalis.com\/fr\/type-de-contenu\/communiques-de-presse\/pont-audemer-economies-denergie-voltalis-6818","name":"Pont-Audemer : des \u00e9conomies d'\u00e9nergie solidaires avec Voltalis","isPartOf":{"@id":"https:\/\/group.voltalis.com\/en\/#website"},"primaryImageOfPage":{"@id":"https:\/\/group.voltalis.com\/fr\/type-de-contenu\/communiques-de-presse\/pont-audemer-economies-denergie-voltalis-6818#primaryimage"},"image":{"@id":"https:\/\/group.voltalis.com\/fr\/type-de-contenu\/communiques-de-presse\/pont-audemer-economies-denergie-voltalis-6818#primaryimage"},"thumbnailUrl":"https:\/\/group.voltalis.com\/wp-content\/uploads\/2022\/10\/My-Voltalis-Ma-ConsoProgrammation-LR-3-1024x683.png","datePublished":"2023-03-09T09:15:00+00:00","dateModified":"2025-09-04T13:30:16+00:00","author":{"@id":"https:\/\/group.voltalis.com\/en\/#\/schema\/person\/cd75df70a442080ba333ff81754527b8"},"description":"Pont-Audemer Val de Risle signe un partenariat avec Voltalis pour proposer un dispositif d'\u00e9conomies d'\u00e9nergie totalement gratuit \u00e0 ses habitants.","breadcrumb":{"@id":"https:\/\/group.voltalis.com\/fr\/type-de-contenu\/communiques-de-presse\/pont-audemer-economies-denergie-voltalis-6818#breadcrumb"},"inLanguage":"fr-FR","potentialAction":[{"@type":"ReadAction","target":["https:\/\/group.voltalis.com\/fr\/type-de-contenu\/communiques-de-presse\/pont-audemer-economies-denergie-voltalis-6818"]}]},{"@type":"ImageObject","inLanguage":"fr-FR","@id":"https:\/\/group.voltalis.com\/fr\/type-de-contenu\/communiques-de-presse\/pont-audemer-economies-denergie-voltalis-6818#primaryimage","url":"https:\/\/group.voltalis.com\/wp-content\/uploads\/2022\/10\/My-Voltalis-Ma-ConsoProgrammation-LR-3-1024x683.png","contentUrl":"https:\/\/group.voltalis.com\/wp-content\/uploads\/2022\/10\/My-Voltalis-Ma-ConsoProgrammation-LR-3-1024x683.png"},{"@type":"BreadcrumbList","@id":"https:\/\/group.voltalis.com\/fr\/type-de-contenu\/communiques-de-presse\/pont-audemer-economies-denergie-voltalis-6818#breadcrumb","itemListElement":[{"@type":"ListItem","position":1,"name":"Home","item":"https:\/\/group.voltalis.com\/fr"},{"@type":"ListItem","position":2,"name":"Pont-Audemer : des \u00e9conomies d&#8217;\u00e9nergie solidaires et responsables avec le bo\u00eetier Voltalis"}]},{"@type":"WebSite","@id":"https:\/\/group.voltalis.com\/en\/#website","url":"https:\/\/group.voltalis.com\/en\/","name":"Groupe Voltalis","description":"Bien plus que des \u00e9conomies d&#039;\u00e9nergie","potentialAction":[{"@type":"SearchAction","target":{"@type":"EntryPoint","urlTemplate":"https:\/\/group.voltalis.com\/en\/?s={search_term_string}"},"query-input":{"@type":"PropertyValueSpecification","valueRequired":true,"valueName":"search_term_string"}}],"inLanguage":"fr-FR"},{"@type":"Person","@id":"https:\/\/group.voltalis.com\/en\/#\/schema\/person\/cd75df70a442080ba333ff81754527b8","name":"admin","image":{"@type":"ImageObject","inLanguage":"fr-FR","@id":"https:\/\/secure.gravatar.com\/avatar\/d33819406c6fd656ae073a4bf8663fc5da17ca34c0a8d21882949b205ec67922?s=96&d=mm&r=g","url":"https:\/\/secure.gravatar.com\/avatar\/d33819406c6fd656ae073a4bf8663fc5da17ca34c0a8d21882949b205ec67922?s=96&d=mm&r=g","contentUrl":"https:\/\/secure.gravatar.com\/avatar\/d33819406c6fd656ae073a4bf8663fc5da17ca34c0a8d21882949b205ec67922?s=96&d=mm&r=g","caption":"admin"},"sameAs":["https:\/\/group.voltalis.com"],"url":"https:\/\/group.voltalis.com\/fr\/author\/admin"}]}},"_links":{"self":[{"href":"https:\/\/group.voltalis.com\/fr\/wp-json\/wp\/v2\/posts\/6818","targetHints":{"allow":["GET"]}}],"collection":[{"href":"https:\/\/group.voltalis.com\/fr\/wp-json\/wp\/v2\/posts"}],"about":[{"href":"https:\/\/group.voltalis.com\/fr\/wp-json\/wp\/v2\/types\/post"}],"author":[{"embeddable":true,"href":"https:\/\/group.voltalis.com\/fr\/wp-json\/wp\/v2\/users\/1"}],"replies":[{"embeddable":true,"href":"https:\/\/group.voltalis.com\/fr\/wp-json\/wp\/v2\/comments?post=6818"}],"version-history":[{"count":1,"href":"https:\/\/group.voltalis.com\/fr\/wp-json\/wp\/v2\/posts\/6818\/revisions"}],"predecessor-version":[{"id":10389,"href":"https:\/\/group.voltalis.com\/fr\/wp-json\/wp\/v2\/posts\/6818\/revisions\/10389"}],"wp:attachment":[{"href":"https:\/\/group.voltalis.com\/fr\/wp-json\/wp\/v2\/media?parent=6818"}],"wp:term":[{"taxonomy":"category","embeddable":true,"href":"https:\/\/group.voltalis.com\/fr\/wp-json\/wp\/v2\/categories?post=6818"},{"taxonomy":"post_tag","embeddable":true,"href":"https:\/\/group.voltalis.com\/fr\/wp-json\/wp\/v2\/tags?post=6818"}],"curies":[{"name":"wp","href":"https:\/\/api.w.org\/{rel}","templated":true}]}}