{"id":6824,"date":"2023-02-15T10:26:13","date_gmt":"2023-02-15T09:26:13","guid":{"rendered":"https:\/\/group.voltalis.com\/?p=6824"},"modified":"2025-09-05T10:14:03","modified_gmt":"2025-09-05T08:14:03","slug":"evreux-deploie-le-dispositif-voltalis","status":"publish","type":"post","link":"https:\/\/group.voltalis.com\/fr\/type-de-contenu\/communiques-de-presse\/evreux-deploie-le-dispositif-voltalis-6824","title":{"rendered":"L\u2019Agglom\u00e9ration \u00c9vreux Portes De Normandie propose gratuitement le thermostat connect\u00e9 Voltalis \u00e0 tous ses habitants chauff\u00e9s \u00e0 l\u2019\u00e9lectricit\u00e9"},"content":{"rendered":"\n<p>Crise \u00e9nerg\u00e9tique, crise du pouvoir d\u2019achat, crise climatique\u2026 l\u2019ann\u00e9e 2023 n\u2019\u00e9pargne pas les Fran\u00e7ais et les tarifs de l\u2019\u00e9lectricit\u00e9 ont augment\u00e9 de 15 % le 1<sup>er<\/sup> f\u00e9vrier. En partenariat avec la soci\u00e9t\u00e9 fran\u00e7aise Voltalis, l\u2019agglom\u00e9ration \u00e9bro\u00efcienne se mobilise en faveur des \u00e9conomies d\u2019\u00e9nergie notamment aupr\u00e8s de ses habitants en leur proposant d\u2019\u00eatre \u00e9quip\u00e9s gratuitement d\u2019un dispositif de ma\u00eetrise de leur consommation \u00e9lectrique. Il concerne tous les locaux chauff\u00e9s \u00e0 l\u2019\u00e9lectricit\u00e9 \u00e0 usage r\u00e9sidentiel <em>(logements, h\u00e9bergement<\/em>) comme professionnel (<em>bureaux, commerces, \u2026<\/em>).<\/p>\n\n\n\n<blockquote class=\"wp-block-quote is-layout-flow wp-block-quote-is-layout-flow\">\n<p><em><a href=\"https:\/\/evreuxportesdenormandie.fr\/\" target=\"_blank\" rel=\"noreferrer noopener nofollow\">\u00c9vreux Portes de Normandie<\/a> est engag\u00e9 dans la mise en \u0153uvre d&rsquo;actions concr\u00e8tes de ma\u00eetrise des consommations \u00e9nerg\u00e9tiques, de d\u00e9veloppement des \u00e9nergies renouvelables et de r\u00e9duction des \u00e9missions de gaz \u00e0 effet de serre sur le territoire. D\u00e9ploy\u00e9es au travers de son Plan Climat Air Energie Territorial (PCAET), ces actions ont pour objectif de r\u00e9duire de 38 % les consommations \u00e9nerg\u00e9tiques et de 46% les \u00e9missions GES \u00e0 l&rsquo;horizon 2050. Ainsi ce partenariat avec Voltalis a \u00e9t\u00e9 approuv\u00e9 en d\u00e9cembre 2022 par les conseillers communautaires pour un d\u00e9ploiement d\u00e8s la p\u00e9riode d\u2019hiver 2022-2023.<\/em><\/p>\n<cite><strong>Monsieur Xavier HUBERT Vice-Pr\u00e9sident \u00e0 l\u2019Am\u00e9nagement du Territoire, au Climat et \u00e0 l\u2019Energie<\/strong><\/cite><\/blockquote>\n\n\n\n<h2 class=\"wp-block-heading\"><strong>Une action de sobri\u00e9t\u00e9 concr\u00e8te pour r\u00e9aliser jusqu\u2019\u00e0 15 % d\u2019\u00e9conomies d\u2019\u00e9nergie <\/strong><strong><\/strong><\/h2>\n\n\n\n<p>L\u2019Agglom\u00e9ration d&rsquo;\u00c9vreux a choisi la solution Voltalis pour accompagner ses habitants et professionnels dans leurs efforts de sobri\u00e9t\u00e9 \u00e9nerg\u00e9tique. Ces derniers peuvent r\u00e9aliser jusqu\u2019\u00e0 <strong>15 % d\u2019<a href=\"https:\/\/www.voltalis.com\/lenergie-et-vous\" target=\"_blank\" rel=\"noreferrer noopener\">\u00e9conomies d\u2019\u00e9nergie<\/a><\/strong>, r\u00e9duire leur impact environnemental et participer \u00e0 la s\u00e9curisation de l\u2019approvisionnement \u00e9lectrique du territoire et de tous les Fran\u00e7ais.<\/p>\n\n\n\n<p>Voltalis installe gratuitement un petit bo\u00eetier connect\u00e9 sur chaque radiateur du logement ou du local. L\u2019utilisateur dispose d\u2019un espace personnel en ligne (MyVoltalis) lui permettant de suivre sa consommation, de piloter \u00e0 distance ses radiateurs et de programmer son chauffage au quotidien. Un v\u00e9ritable thermostat connect\u00e9&nbsp;pour mieux ma\u00eetriser ses d\u00e9penses.&nbsp;<\/p>\n\n\n<div class=\"wp-block-image\">\n<figure class=\"aligncenter size-full is-resized\"><img loading=\"lazy\" decoding=\"async\" src=\"https:\/\/group.voltalis.com\/wp-content\/uploads\/2022\/10\/image.png\" alt=\"Le thermostat connect\u00e9 Voltalis et son application innovante de gestion du chauffage\" class=\"wp-image-6211\" width=\"496\" height=\"162\" srcset=\"https:\/\/group.voltalis.com\/wp-content\/uploads\/2022\/10\/image.png 992w, https:\/\/group.voltalis.com\/wp-content\/uploads\/2022\/10\/image-300x98.png 300w, https:\/\/group.voltalis.com\/wp-content\/uploads\/2022\/10\/image-768x251.png 768w\" sizes=\"auto, (max-width: 496px) 100vw, 496px\" \/><figcaption class=\"wp-element-caption\">Le thermostat connect\u00e9 Voltalis et son application innovante de gestion du chauffage<\/figcaption><\/figure>\n<\/div>\n\n\n<p>Par ailleurs, lorsque le syst\u00e8me \u00e9lectrique en a besoin, notamment lors des pics de consommation hivernaux, le dispositif Voltalis peut moduler la consommation des appareils de chauffage \u00e9quip\u00e9s, tout en pr\u00e9servant le confort des occupants. Ces actions, coordonn\u00e9es avec le gestionnaire du <a href=\"https:\/\/www.rte-france.com\/\" target=\"_blank\" rel=\"noreferrer noopener nofollow\">R\u00e9seau de Transport d&rsquo;\u00c9lectricit\u00e9<\/a> fran\u00e7ais (RTE), permettent de pr\u00e9server l\u2019\u00e9quilibre du syst\u00e8me \u00e9lectrique, de limiter le recours \u00e0 des centrales thermiques polluantes et donc de r\u00e9duire les \u00e9missions de CO<sub>2<\/sub> li\u00e9es \u00e0 cette production \u00e9lectrique.<\/p>\n\n\n\n<blockquote class=\"wp-block-quote is-layout-flow wp-block-quote-is-layout-flow\">\n<p><em>Avec l\u2019augmentation des tarifs d\u2019\u00e9lectricit\u00e9 de 15 % ce 1<sup>er<\/sup> f\u00e9vrier, le d\u00e9ploiement de cette solution soutenue par l\u2019Agglom\u00e9ration \u00c9vreux Porte de Normandie va permettre \u00e0 13\u00a0000 foyers \u00e9ligibles de gagner en pouvoir d\u2019achat en pilotant leur chauffage \u00e9lectrique, tout en contribuant \u00e0 limiter les risques de d\u00e9lestages cet hiver et les prochains.<\/em><\/p>\n<cite><strong>Mathieu Bineau, Directeur G\u00e9n\u00e9ral de Voltalis<\/strong><\/cite><\/blockquote>\n\n\n\n<h2 class=\"wp-block-heading\"><strong>Comment les habitants d&rsquo;\u00c9vreux Portes de Normandie peuvent b\u00e9n\u00e9ficier&nbsp;du dispositif Voltalis ?<\/strong><\/h2>\n\n\n\n<p>Des conseillers Voltalis viendront&nbsp;\u00e0 la rencontre des habitants pour expliquer les b\u00e9n\u00e9fices du dispositif, r\u00e9pondre \u00e0 leurs questions et fixer un rendez-vous d&rsquo;installation pour ceux qui le souhaitent. Dans un deuxi\u00e8me temps, un technicien agr\u00e9\u00e9 intervient pour <a href=\"https:\/\/www.voltalis.com\/faq\/comment-se-deroule-linstallation-du-dispositif-voltalis-a-mon-domicile\" target=\"_blank\" rel=\"noreferrer noopener\">installer le dispositif Voltalis<\/a>, g\u00e9n\u00e9ralement en 2h30 (selon le nombre de radiateurs \u00e0 \u00e9quiper).<\/p>\n\n\n\n<p>Tous les habitants, qu&rsquo;ils soient propri\u00e9taires ou locataires, peuvent solliciter l&rsquo;installation de ce dispositif. Ils peuvent \u00e9galement directement contacter le <strong>01 86 52 59 55<\/strong> ou \u00e9crire \u00e0 <a href=\"mailto:epn@voltalis.com\"><strong>epn@voltalis.com<\/strong><\/a> &nbsp;<\/p>\n\n\n\n<p><strong>Contacts presse&nbsp;:<\/strong><\/p>\n\n\n\n<ul class=\"wp-block-list\">\n<li><strong>Pour l\u2019Agglom\u00e9ration Evreux Portes de Normandie :<\/strong> Richard Mesnildrey &#8211; <a href=\"mailto:rmesnildrey@epn-agglo.fr\">rmesnildrey@epn-agglo.fr<\/a> &nbsp;&#8211; 06 24 72 79 37<\/li>\n<\/ul>\n\n\n\n<ul class=\"wp-block-list\">\n<li><strong>Pour Voltalis&nbsp;:<\/strong> <a href=\"mailto:voltalis@lagencerp.com\">voltalis@lagencerp.com<\/a> \u2013 Raya RIZK &#8211; <a href=\"mailto:raya@lagencerp.com\">raya@lagencerp.com<\/a>&nbsp; &#8211; 07 85 15 22 40 &#8211; Camille TECHER \u2013 camille@lagencerp.com &#8211; <a href=\"tel:+33+7+62+15+76+99\" target=\"_blank\" rel=\"noreferrer noopener\">07 62 15 76 99<\/a><\/li>\n<\/ul>\n\n\n\n<p><strong><a href=\"https:\/\/group.voltalis.com\/wp-content\/uploads\/2023\/02\/06-02-23__CP-EPN-Voltalis_VF.pdf\" target=\"_blank\" rel=\"noreferrer noopener\">T\u00e9l\u00e9charger le communiqu\u00e9 de presse \u00c9vreux Portes de Normandie &#8211; Voltalis<\/a><\/strong><\/p>\n","protected":false},"excerpt":{"rendered":"<p>Crise \u00e9nerg\u00e9tique, crise du pouvoir d\u2019achat, crise climatique\u2026 l\u2019ann\u00e9e 2023 n\u2019\u00e9pargne pas les Fran\u00e7ais et les tarifs de l\u2019\u00e9lectricit\u00e9 ont augment\u00e9 de 15 % le 1er f\u00e9vrier. En partenariat avec la soci\u00e9t\u00e9 fran\u00e7aise Voltalis, l\u2019agglom\u00e9ration \u00e9bro\u00efcienne se mobilise en faveur des \u00e9conomies d\u2019\u00e9nergie notamment aupr\u00e8s de ses habitants en leur proposant d\u2019\u00eatre \u00e9quip\u00e9s gratuitement d\u2019un [&hellip;]<\/p>\n","protected":false},"author":1,"featured_media":0,"comment_status":"closed","ping_status":"closed","sticky":false,"template":"","format":"standard","meta":{"_acf_changed":false,"inline_featured_image":false,"footnotes":""},"categories":[199,3],"tags":[],"class_list":["post-6824","post","type-post","status-publish","format-standard","hentry","category-collectivites","category-communiques-de-presse"],"acf":[],"yoast_head":"<!-- This site is optimized with the Yoast SEO plugin v27.5 - https:\/\/yoast.com\/product\/yoast-seo-wordpress\/ -->\n<title>Avec Voltalis, \u00c9vreux propose gratuitement un thermostat connect\u00e9<\/title>\n<meta name=\"description\" content=\"Sobri\u00e9t\u00e9 \u00e9nerg\u00e9tique : \u00c9vreux Portes De Normandie soutient le d\u00e9ploiement du dispositif d&#039;\u00e9conomies d&#039;\u00e9lectricit\u00e9 et de pilotage du chauffage Voltalis.\" \/>\n<meta name=\"robots\" content=\"index, follow, max-snippet:-1, max-image-preview:large, max-video-preview:-1\" \/>\n<link rel=\"canonical\" href=\"https:\/\/group.voltalis.com\/fr\/type-de-contenu\/communiques-de-presse\/evreux-deploie-le-dispositif-voltalis-6824\" \/>\n<meta property=\"og:locale\" content=\"fr_FR\" \/>\n<meta property=\"og:type\" content=\"article\" \/>\n<meta property=\"og:title\" content=\"Avec Voltalis, \u00c9vreux propose gratuitement un thermostat connect\u00e9\" \/>\n<meta property=\"og:description\" content=\"Sobri\u00e9t\u00e9 \u00e9nerg\u00e9tique : \u00c9vreux Portes De Normandie soutient le d\u00e9ploiement du dispositif d&#039;\u00e9conomies d&#039;\u00e9lectricit\u00e9 et de pilotage du chauffage Voltalis.\" \/>\n<meta property=\"og:url\" content=\"https:\/\/group.voltalis.com\/fr\/type-de-contenu\/communiques-de-presse\/evreux-deploie-le-dispositif-voltalis-6824\" \/>\n<meta property=\"og:site_name\" content=\"Groupe Voltalis\" \/>\n<meta property=\"article:publisher\" content=\"https:\/\/www.facebook.com\/pages\/category\/Product-Service\/Voltalis-178720392179068\/\" \/>\n<meta property=\"article:published_time\" content=\"2023-02-15T09:26:13+00:00\" \/>\n<meta property=\"article:modified_time\" content=\"2025-09-05T08:14:03+00:00\" \/>\n<meta property=\"og:image\" content=\"https:\/\/group.voltalis.com\/wp-content\/uploads\/2022\/10\/image.png\" \/>\n\t<meta property=\"og:image:width\" content=\"992\" \/>\n\t<meta property=\"og:image:height\" content=\"324\" \/>\n\t<meta property=\"og:image:type\" content=\"image\/png\" \/>\n<meta name=\"author\" content=\"admin\" \/>\n<meta name=\"twitter:card\" content=\"summary_large_image\" \/>\n<meta name=\"twitter:label1\" content=\"\u00c9crit par\" \/>\n\t<meta name=\"twitter:data1\" content=\"admin\" \/>\n\t<meta name=\"twitter:label2\" content=\"Dur\u00e9e de lecture estim\u00e9e\" \/>\n\t<meta name=\"twitter:data2\" content=\"3 minutes\" \/>\n<script type=\"application\/ld+json\" class=\"yoast-schema-graph\">{\"@context\":\"https:\\\/\\\/schema.org\",\"@graph\":[{\"@type\":\"Article\",\"@id\":\"https:\\\/\\\/group.voltalis.com\\\/fr\\\/type-de-contenu\\\/communiques-de-presse\\\/evreux-deploie-le-dispositif-voltalis-6824#article\",\"isPartOf\":{\"@id\":\"https:\\\/\\\/group.voltalis.com\\\/fr\\\/type-de-contenu\\\/communiques-de-presse\\\/evreux-deploie-le-dispositif-voltalis-6824\"},\"author\":{\"name\":\"admin\",\"@id\":\"https:\\\/\\\/group.voltalis.com\\\/en\\\/#\\\/schema\\\/person\\\/cd75df70a442080ba333ff81754527b8\"},\"headline\":\"L\u2019Agglom\u00e9ration \u00c9vreux Portes De Normandie propose gratuitement le thermostat connect\u00e9 Voltalis \u00e0 tous ses habitants chauff\u00e9s \u00e0 l\u2019\u00e9lectricit\u00e9\",\"datePublished\":\"2023-02-15T09:26:13+00:00\",\"dateModified\":\"2025-09-05T08:14:03+00:00\",\"mainEntityOfPage\":{\"@id\":\"https:\\\/\\\/group.voltalis.com\\\/fr\\\/type-de-contenu\\\/communiques-de-presse\\\/evreux-deploie-le-dispositif-voltalis-6824\"},\"wordCount\":676,\"image\":{\"@id\":\"https:\\\/\\\/group.voltalis.com\\\/fr\\\/type-de-contenu\\\/communiques-de-presse\\\/evreux-deploie-le-dispositif-voltalis-6824#primaryimage\"},\"thumbnailUrl\":\"https:\\\/\\\/group.voltalis.com\\\/wp-content\\\/uploads\\\/2022\\\/10\\\/image.png\",\"articleSection\":[\"Collectivit\u00e9s\",\"Communiqu\u00e9s\"],\"inLanguage\":\"fr-FR\"},{\"@type\":\"WebPage\",\"@id\":\"https:\\\/\\\/group.voltalis.com\\\/fr\\\/type-de-contenu\\\/communiques-de-presse\\\/evreux-deploie-le-dispositif-voltalis-6824\",\"url\":\"https:\\\/\\\/group.voltalis.com\\\/fr\\\/type-de-contenu\\\/communiques-de-presse\\\/evreux-deploie-le-dispositif-voltalis-6824\",\"name\":\"Avec Voltalis, \u00c9vreux propose gratuitement un thermostat connect\u00e9\",\"isPartOf\":{\"@id\":\"https:\\\/\\\/group.voltalis.com\\\/en\\\/#website\"},\"primaryImageOfPage\":{\"@id\":\"https:\\\/\\\/group.voltalis.com\\\/fr\\\/type-de-contenu\\\/communiques-de-presse\\\/evreux-deploie-le-dispositif-voltalis-6824#primaryimage\"},\"image\":{\"@id\":\"https:\\\/\\\/group.voltalis.com\\\/fr\\\/type-de-contenu\\\/communiques-de-presse\\\/evreux-deploie-le-dispositif-voltalis-6824#primaryimage\"},\"thumbnailUrl\":\"https:\\\/\\\/group.voltalis.com\\\/wp-content\\\/uploads\\\/2022\\\/10\\\/image.png\",\"datePublished\":\"2023-02-15T09:26:13+00:00\",\"dateModified\":\"2025-09-05T08:14:03+00:00\",\"author\":{\"@id\":\"https:\\\/\\\/group.voltalis.com\\\/en\\\/#\\\/schema\\\/person\\\/cd75df70a442080ba333ff81754527b8\"},\"description\":\"Sobri\u00e9t\u00e9 \u00e9nerg\u00e9tique : \u00c9vreux Portes De Normandie soutient le d\u00e9ploiement du dispositif d'\u00e9conomies d'\u00e9lectricit\u00e9 et de pilotage du chauffage Voltalis.\",\"breadcrumb\":{\"@id\":\"https:\\\/\\\/group.voltalis.com\\\/fr\\\/type-de-contenu\\\/communiques-de-presse\\\/evreux-deploie-le-dispositif-voltalis-6824#breadcrumb\"},\"inLanguage\":\"fr-FR\",\"potentialAction\":[{\"@type\":\"ReadAction\",\"target\":[\"https:\\\/\\\/group.voltalis.com\\\/fr\\\/type-de-contenu\\\/communiques-de-presse\\\/evreux-deploie-le-dispositif-voltalis-6824\"]}]},{\"@type\":\"ImageObject\",\"inLanguage\":\"fr-FR\",\"@id\":\"https:\\\/\\\/group.voltalis.com\\\/fr\\\/type-de-contenu\\\/communiques-de-presse\\\/evreux-deploie-le-dispositif-voltalis-6824#primaryimage\",\"url\":\"https:\\\/\\\/group.voltalis.com\\\/wp-content\\\/uploads\\\/2022\\\/10\\\/image.png\",\"contentUrl\":\"https:\\\/\\\/group.voltalis.com\\\/wp-content\\\/uploads\\\/2022\\\/10\\\/image.png\"},{\"@type\":\"BreadcrumbList\",\"@id\":\"https:\\\/\\\/group.voltalis.com\\\/fr\\\/type-de-contenu\\\/communiques-de-presse\\\/evreux-deploie-le-dispositif-voltalis-6824#breadcrumb\",\"itemListElement\":[{\"@type\":\"ListItem\",\"position\":1,\"name\":\"Home\",\"item\":\"https:\\\/\\\/group.voltalis.com\\\/fr\"},{\"@type\":\"ListItem\",\"position\":2,\"name\":\"L\u2019Agglom\u00e9ration \u00c9vreux Portes De Normandie propose gratuitement le thermostat connect\u00e9 Voltalis \u00e0 tous ses habitants chauff\u00e9s \u00e0 l\u2019\u00e9lectricit\u00e9\"}]},{\"@type\":\"WebSite\",\"@id\":\"https:\\\/\\\/group.voltalis.com\\\/en\\\/#website\",\"url\":\"https:\\\/\\\/group.voltalis.com\\\/en\\\/\",\"name\":\"Groupe Voltalis\",\"description\":\"Bien plus que des \u00e9conomies d&#039;\u00e9nergie\",\"potentialAction\":[{\"@type\":\"SearchAction\",\"target\":{\"@type\":\"EntryPoint\",\"urlTemplate\":\"https:\\\/\\\/group.voltalis.com\\\/en\\\/?s={search_term_string}\"},\"query-input\":{\"@type\":\"PropertyValueSpecification\",\"valueRequired\":true,\"valueName\":\"search_term_string\"}}],\"inLanguage\":\"fr-FR\"},{\"@type\":\"Person\",\"@id\":\"https:\\\/\\\/group.voltalis.com\\\/en\\\/#\\\/schema\\\/person\\\/cd75df70a442080ba333ff81754527b8\",\"name\":\"admin\",\"image\":{\"@type\":\"ImageObject\",\"inLanguage\":\"fr-FR\",\"@id\":\"https:\\\/\\\/secure.gravatar.com\\\/avatar\\\/d33819406c6fd656ae073a4bf8663fc5da17ca34c0a8d21882949b205ec67922?s=96&d=mm&r=g\",\"url\":\"https:\\\/\\\/secure.gravatar.com\\\/avatar\\\/d33819406c6fd656ae073a4bf8663fc5da17ca34c0a8d21882949b205ec67922?s=96&d=mm&r=g\",\"contentUrl\":\"https:\\\/\\\/secure.gravatar.com\\\/avatar\\\/d33819406c6fd656ae073a4bf8663fc5da17ca34c0a8d21882949b205ec67922?s=96&d=mm&r=g\",\"caption\":\"admin\"},\"sameAs\":[\"https:\\\/\\\/group.voltalis.com\"],\"url\":\"https:\\\/\\\/group.voltalis.com\\\/fr\\\/author\\\/admin\"}]}<\/script>\n<!-- \/ Yoast SEO plugin. -->","yoast_head_json":{"title":"Avec Voltalis, \u00c9vreux propose gratuitement un thermostat connect\u00e9","description":"Sobri\u00e9t\u00e9 \u00e9nerg\u00e9tique : \u00c9vreux Portes De Normandie soutient le d\u00e9ploiement du dispositif d'\u00e9conomies d'\u00e9lectricit\u00e9 et de pilotage du chauffage Voltalis.","robots":{"index":"index","follow":"follow","max-snippet":"max-snippet:-1","max-image-preview":"max-image-preview:large","max-video-preview":"max-video-preview:-1"},"canonical":"https:\/\/group.voltalis.com\/fr\/type-de-contenu\/communiques-de-presse\/evreux-deploie-le-dispositif-voltalis-6824","og_locale":"fr_FR","og_type":"article","og_title":"Avec Voltalis, \u00c9vreux propose gratuitement un thermostat connect\u00e9","og_description":"Sobri\u00e9t\u00e9 \u00e9nerg\u00e9tique : \u00c9vreux Portes De Normandie soutient le d\u00e9ploiement du dispositif d'\u00e9conomies d'\u00e9lectricit\u00e9 et de pilotage du chauffage Voltalis.","og_url":"https:\/\/group.voltalis.com\/fr\/type-de-contenu\/communiques-de-presse\/evreux-deploie-le-dispositif-voltalis-6824","og_site_name":"Groupe Voltalis","article_publisher":"https:\/\/www.facebook.com\/pages\/category\/Product-Service\/Voltalis-178720392179068\/","article_published_time":"2023-02-15T09:26:13+00:00","article_modified_time":"2025-09-05T08:14:03+00:00","og_image":[{"width":992,"height":324,"url":"https:\/\/group.voltalis.com\/wp-content\/uploads\/2022\/10\/image.png","type":"image\/png"}],"author":"admin","twitter_card":"summary_large_image","twitter_misc":{"\u00c9crit par":"admin","Dur\u00e9e de lecture estim\u00e9e":"3 minutes"},"schema":{"@context":"https:\/\/schema.org","@graph":[{"@type":"Article","@id":"https:\/\/group.voltalis.com\/fr\/type-de-contenu\/communiques-de-presse\/evreux-deploie-le-dispositif-voltalis-6824#article","isPartOf":{"@id":"https:\/\/group.voltalis.com\/fr\/type-de-contenu\/communiques-de-presse\/evreux-deploie-le-dispositif-voltalis-6824"},"author":{"name":"admin","@id":"https:\/\/group.voltalis.com\/en\/#\/schema\/person\/cd75df70a442080ba333ff81754527b8"},"headline":"L\u2019Agglom\u00e9ration \u00c9vreux Portes De Normandie propose gratuitement le thermostat connect\u00e9 Voltalis \u00e0 tous ses habitants chauff\u00e9s \u00e0 l\u2019\u00e9lectricit\u00e9","datePublished":"2023-02-15T09:26:13+00:00","dateModified":"2025-09-05T08:14:03+00:00","mainEntityOfPage":{"@id":"https:\/\/group.voltalis.com\/fr\/type-de-contenu\/communiques-de-presse\/evreux-deploie-le-dispositif-voltalis-6824"},"wordCount":676,"image":{"@id":"https:\/\/group.voltalis.com\/fr\/type-de-contenu\/communiques-de-presse\/evreux-deploie-le-dispositif-voltalis-6824#primaryimage"},"thumbnailUrl":"https:\/\/group.voltalis.com\/wp-content\/uploads\/2022\/10\/image.png","articleSection":["Collectivit\u00e9s","Communiqu\u00e9s"],"inLanguage":"fr-FR"},{"@type":"WebPage","@id":"https:\/\/group.voltalis.com\/fr\/type-de-contenu\/communiques-de-presse\/evreux-deploie-le-dispositif-voltalis-6824","url":"https:\/\/group.voltalis.com\/fr\/type-de-contenu\/communiques-de-presse\/evreux-deploie-le-dispositif-voltalis-6824","name":"Avec Voltalis, \u00c9vreux propose gratuitement un thermostat connect\u00e9","isPartOf":{"@id":"https:\/\/group.voltalis.com\/en\/#website"},"primaryImageOfPage":{"@id":"https:\/\/group.voltalis.com\/fr\/type-de-contenu\/communiques-de-presse\/evreux-deploie-le-dispositif-voltalis-6824#primaryimage"},"image":{"@id":"https:\/\/group.voltalis.com\/fr\/type-de-contenu\/communiques-de-presse\/evreux-deploie-le-dispositif-voltalis-6824#primaryimage"},"thumbnailUrl":"https:\/\/group.voltalis.com\/wp-content\/uploads\/2022\/10\/image.png","datePublished":"2023-02-15T09:26:13+00:00","dateModified":"2025-09-05T08:14:03+00:00","author":{"@id":"https:\/\/group.voltalis.com\/en\/#\/schema\/person\/cd75df70a442080ba333ff81754527b8"},"description":"Sobri\u00e9t\u00e9 \u00e9nerg\u00e9tique : \u00c9vreux Portes De Normandie soutient le d\u00e9ploiement du dispositif d'\u00e9conomies d'\u00e9lectricit\u00e9 et de pilotage du chauffage Voltalis.","breadcrumb":{"@id":"https:\/\/group.voltalis.com\/fr\/type-de-contenu\/communiques-de-presse\/evreux-deploie-le-dispositif-voltalis-6824#breadcrumb"},"inLanguage":"fr-FR","potentialAction":[{"@type":"ReadAction","target":["https:\/\/group.voltalis.com\/fr\/type-de-contenu\/communiques-de-presse\/evreux-deploie-le-dispositif-voltalis-6824"]}]},{"@type":"ImageObject","inLanguage":"fr-FR","@id":"https:\/\/group.voltalis.com\/fr\/type-de-contenu\/communiques-de-presse\/evreux-deploie-le-dispositif-voltalis-6824#primaryimage","url":"https:\/\/group.voltalis.com\/wp-content\/uploads\/2022\/10\/image.png","contentUrl":"https:\/\/group.voltalis.com\/wp-content\/uploads\/2022\/10\/image.png"},{"@type":"BreadcrumbList","@id":"https:\/\/group.voltalis.com\/fr\/type-de-contenu\/communiques-de-presse\/evreux-deploie-le-dispositif-voltalis-6824#breadcrumb","itemListElement":[{"@type":"ListItem","position":1,"name":"Home","item":"https:\/\/group.voltalis.com\/fr"},{"@type":"ListItem","position":2,"name":"L\u2019Agglom\u00e9ration \u00c9vreux Portes De Normandie propose gratuitement le thermostat connect\u00e9 Voltalis \u00e0 tous ses habitants chauff\u00e9s \u00e0 l\u2019\u00e9lectricit\u00e9"}]},{"@type":"WebSite","@id":"https:\/\/group.voltalis.com\/en\/#website","url":"https:\/\/group.voltalis.com\/en\/","name":"Groupe Voltalis","description":"Bien plus que des \u00e9conomies d&#039;\u00e9nergie","potentialAction":[{"@type":"SearchAction","target":{"@type":"EntryPoint","urlTemplate":"https:\/\/group.voltalis.com\/en\/?s={search_term_string}"},"query-input":{"@type":"PropertyValueSpecification","valueRequired":true,"valueName":"search_term_string"}}],"inLanguage":"fr-FR"},{"@type":"Person","@id":"https:\/\/group.voltalis.com\/en\/#\/schema\/person\/cd75df70a442080ba333ff81754527b8","name":"admin","image":{"@type":"ImageObject","inLanguage":"fr-FR","@id":"https:\/\/secure.gravatar.com\/avatar\/d33819406c6fd656ae073a4bf8663fc5da17ca34c0a8d21882949b205ec67922?s=96&d=mm&r=g","url":"https:\/\/secure.gravatar.com\/avatar\/d33819406c6fd656ae073a4bf8663fc5da17ca34c0a8d21882949b205ec67922?s=96&d=mm&r=g","contentUrl":"https:\/\/secure.gravatar.com\/avatar\/d33819406c6fd656ae073a4bf8663fc5da17ca34c0a8d21882949b205ec67922?s=96&d=mm&r=g","caption":"admin"},"sameAs":["https:\/\/group.voltalis.com"],"url":"https:\/\/group.voltalis.com\/fr\/author\/admin"}]}},"_links":{"self":[{"href":"https:\/\/group.voltalis.com\/fr\/wp-json\/wp\/v2\/posts\/6824","targetHints":{"allow":["GET"]}}],"collection":[{"href":"https:\/\/group.voltalis.com\/fr\/wp-json\/wp\/v2\/posts"}],"about":[{"href":"https:\/\/group.voltalis.com\/fr\/wp-json\/wp\/v2\/types\/post"}],"author":[{"embeddable":true,"href":"https:\/\/group.voltalis.com\/fr\/wp-json\/wp\/v2\/users\/1"}],"replies":[{"embeddable":true,"href":"https:\/\/group.voltalis.com\/fr\/wp-json\/wp\/v2\/comments?post=6824"}],"version-history":[{"count":1,"href":"https:\/\/group.voltalis.com\/fr\/wp-json\/wp\/v2\/posts\/6824\/revisions"}],"predecessor-version":[{"id":10502,"href":"https:\/\/group.voltalis.com\/fr\/wp-json\/wp\/v2\/posts\/6824\/revisions\/10502"}],"wp:attachment":[{"href":"https:\/\/group.voltalis.com\/fr\/wp-json\/wp\/v2\/media?parent=6824"}],"wp:term":[{"taxonomy":"category","embeddable":true,"href":"https:\/\/group.voltalis.com\/fr\/wp-json\/wp\/v2\/categories?post=6824"},{"taxonomy":"post_tag","embeddable":true,"href":"https:\/\/group.voltalis.com\/fr\/wp-json\/wp\/v2\/tags?post=6824"}],"curies":[{"name":"wp","href":"https:\/\/api.w.org\/{rel}","templated":true}]}}