{"id":6844,"date":"2023-02-22T11:20:55","date_gmt":"2023-02-22T10:20:55","guid":{"rendered":"https:\/\/group.voltalis.com\/?p=6844"},"modified":"2025-09-04T15:53:49","modified_gmt":"2025-09-04T13:53:49","slug":"nord-bassin-darcachon-partenariat-voltalis","status":"publish","type":"post","link":"https:\/\/group.voltalis.com\/fr\/type-de-contenu\/communiques-de-presse\/nord-bassin-darcachon-partenariat-voltalis-6844","title":{"rendered":"Le Nord Bassin d&rsquo;Arcachon, territoire \u00e0 \u00e9nergie positive\u00a0avec Voltalis !"},"content":{"rendered":"\n<p>Avec Voltalis, la Communaut\u00e9 d&rsquo;Agglom\u00e9ration du Bassin d&rsquo;Arcachon Nord souhaite poursuivre ses efforts pour acc\u00e9l\u00e9rer la transition \u00e9nerg\u00e9tique&nbsp;sur son territoire et r\u00e9duire ses \u00e9missions de CO<sub>2<\/sub> en&nbsp;proposant aux 14 800 foyers et locaux professionnels chauff\u00e9s au tout \u00e9lectrique une solution pour mieux ma\u00eetriser leur consommation \u00e9nerg\u00e9tique.<\/p>\n\n\n\n<h2 class=\"wp-block-heading\"><strong>Des \u00e9conomies d\u2019\u00e9nergie pour les citoyens, une d\u00e9marche solidaire pour le territoire&nbsp;de la COBAN !<\/strong><\/h2>\n\n\n\n<p>Engag\u00e9e dans une d\u00e9marche de r\u00e9duction des consommations \u00e9lectriques et consciente de son impact environnemental, la<strong> <a href=\"https:\/\/coban-atlantique.fr\/\" target=\"_blank\" rel=\"noreferrer noopener nofollow\">COBAN<\/a><\/strong>, au travers de son dispositif gratuit <a href=\"https:\/\/www.ecoban.fr\/\" target=\"_blank\" rel=\"noreferrer noopener nofollow\"><strong>\u00c9CO\u2019BAN<\/strong><\/a>, m\u00e8ne des actions concr\u00e8tes en faveur de la ma\u00eetrise de l\u2019\u00e9nergie et de la transition \u00e9cologique.<\/p>\n\n\n\n<p>En partenariat avec <strong>Voltalis<\/strong>, soci\u00e9t\u00e9 fran\u00e7aise experte dans le pilotage intelligent de la consommation r\u00e9sidentielle, l\u2019agglom\u00e9ration du Nord Bassin d&rsquo;Arcachon <strong>propose ainsi \u00e0 tous ses habitants chauff\u00e9s \u00e9lectriquement une solution pour consommer moins et mieux<\/strong>&nbsp;!<\/p>\n\n\n\n<h2 class=\"wp-block-heading\"><strong>Un bo\u00eetier intelligent d\u00e9di\u00e9 au chauffage \u00e9lectrique<\/strong><\/h2>\n\n\n\n<p>Totalement gratuit et sans abonnement, ce dispositif se mat\u00e9rialise par des petits bo\u00eetiers connect\u00e9s alli\u00e9s \u00e0 une application mobile, offrant des services utiles et innovants.<\/p>\n\n\n\n<p>Raccord\u00e9s aux radiateurs, appareils les plus \u00e9nergivores du foyer, ces bo\u00eetiers permettent de piloter leur consommation et de la r\u00e9duire tr\u00e8s bri\u00e8vement, sans que cela n\u2019impacte le confort des occupants.<\/p>\n\n\n\n<h2 class=\"wp-block-heading\"><strong>Voltalis : des outils innovants pour aller plus loin dans les \u00e9conomies d\u2019\u00e9nergie sur le Nord Bassin d&rsquo;Arcachon<\/strong><\/h2>\n\n\n\n<p>Chaque particulier \u00e9quip\u00e9 b\u00e9n\u00e9ficie aussi d\u2019un espace personnel gratuit, <a href=\"https:\/\/www.voltalis.com\/myvoltalis-lapplication-de-suivi-de-consommation-electrique\" target=\"_blank\" rel=\"noreferrer noopener\">MyVoltalis<\/a>, disponible sur ordinateur, smartphone ou tablette.<\/p>\n\n\n\n<p>Cet espace permet de suivre sa consommation d\u2019\u00e9lectricit\u00e9 en temps r\u00e9el, de piloter son chauffage et m\u00eame de le programmer en toute simplicit\u00e9 selon ses habitudes de vie.<\/p>\n\n\n\n<p>Il est accessible par l\u2019adh\u00e9rent d\u00e8s finalisation de l\u2019installation du dispositif dans son logement.<\/p>\n\n\n\n<p>Sans impact sur votre confort, la solution <strong>Voltalis<\/strong> permet ainsi de r\u00e9aliser jusqu\u2019\u00e0 15 % d\u2019\u00e9conomies sur votre consommation \u00e9lectrique annuelle, tout en contribuant activement \u00e0 la transition \u00e9cologique.<\/p>\n\n\n<div class=\"wp-block-image\">\n<figure class=\"aligncenter size-full is-resized\"><img loading=\"lazy\" decoding=\"async\" src=\"https:\/\/group.voltalis.com\/wp-content\/uploads\/2022\/10\/image.png\" alt=\"Le dispositif Voltalis et son application de suivi et de pilotage du chauffage\" class=\"wp-image-6211\" width=\"496\" height=\"162\" srcset=\"https:\/\/group.voltalis.com\/wp-content\/uploads\/2022\/10\/image.png 992w, https:\/\/group.voltalis.com\/wp-content\/uploads\/2022\/10\/image-300x98.png 300w, https:\/\/group.voltalis.com\/wp-content\/uploads\/2022\/10\/image-768x251.png 768w\" sizes=\"auto, (max-width: 496px) 100vw, 496px\" \/><figcaption class=\"wp-element-caption\">Le dispositif Voltalis et son application de suivi et de pilotage du chauffage<\/figcaption><\/figure>\n<\/div>\n\n\n<h2 class=\"wp-block-heading\"><strong>La d\u00e9marche Voltalis : un geste utile au syst\u00e8me \u00e9lectrique et \u00e0 l\u2019environnement<\/strong> <strong>du bassin d&rsquo;Arcachon<\/strong><\/h2>\n\n\n\n<p>Cette technologie permet \u00e9galement de soulager le syst\u00e8me \u00e9lectrique lorsque celui-ci en a le plus besoin, comme lors des pics de consommation hivernaux ou d\u2019une baisse de production des \u00e9nergie renouvelables.<\/p>\n\n\n\n<p>Au lieu de faire appel \u00e0 des centrales polluantes pour produire plus, le syst\u00e8me \u00e9lectrique fait appel \u00e0 <strong>Voltalis<\/strong> pour r\u00e9duire la demande.<\/p>\n\n\n\n<p><strong><u>R\u00e9sultats<\/u>&nbsp;: moins d\u2019\u00e9missions de CO<sub>2<\/sub> et des \u00e9conomies pour les foyers de la COBAN \u00e9quip\u00e9s.<\/strong><\/p>\n\n\n\n<p>Cette initiative s\u2019int\u00e8gre \u00e0 l\u2019ambition de la <strong>COBAN<\/strong> de faire du Nord Bassin un territoire \u00e0 \u00e9nergie positive et vient compl\u00e9ter l\u2019offre de services <a href=\"https:\/\/www.ecoban.fr\/\" target=\"_blank\" rel=\"noreferrer noopener nofollow\"><strong>\u00c9CO\u2019BAN<\/strong><\/a><strong>.<\/strong><\/p>\n\n\n\n<p>Ce nouveau dispositif vise \u00e0&nbsp;:<\/p>\n\n\n\n<ul class=\"wp-block-list\">\n<li>mieux ma\u00eetriser les consommations \u00e9nerg\u00e9tiques,<\/li>\n\n\n\n<li>d\u00e9velopper les \u00e9nergies renouvelables,<\/li>\n\n\n\n<li>diminuer les \u00e9missions de CO<sub>2<\/sub>.<\/li>\n<\/ul>\n\n\n\n<p>C\u2019est pourquoi la Communaut\u00e9 d&rsquo;Agglom\u00e9ration du Bassin d&rsquo;Arcachon Nord souhaite pouvoir proposer le dispositif <strong>Voltalis<\/strong> au plus grand nombre.<\/p>\n\n\n\n<p>Dans ce cadre, les conseillers <strong>Voltalis<\/strong> sont d\u00e8s maintenant pr\u00e9sents sur le territoire de la COBAN, afin de r\u00e9pondre aux questions des habitants \u00e9ligibles et leur proposer un rendez-vous d\u2019installation gratuit.<\/p>\n\n\n\n<p>Pour plus de renseignements, notre partenaire <strong>Voltalis<\/strong> est \u00e9galement joignable&nbsp;:<\/p>\n\n\n\n<ul class=\"wp-block-list\">\n<li>par t\u00e9l\u00e9phone au <strong>05 40 25 69 96<\/strong>,<\/li>\n\n\n\n<li>par email \u00e0 <a href=\"file:\/\/\/C:\/Users\/tht\/AppData\/Local\/Microsoft\/Windows\/INetCache\/Content.Outlook\/APHM0HS5\/coban@voltalis.com\"><strong>coban@voltalis.com<\/strong><\/a><\/li>\n\n\n\n<li>ou visitez le site internet <a href=\"http:\/\/www.voltalis.com\"><strong>www.voltalis.com<\/strong><\/a> <\/li>\n<\/ul>\n\n\n\n<p><\/p>\n\n\n\n<p><strong>Contacts presse&nbsp;:<\/strong><\/p>\n\n\n\n<ul class=\"wp-block-list\">\n<li>COBAN&nbsp;: <strong>Anne-Sophie MOULINIER<\/strong> &#8211; Directrice de la Communication &#8211; <a href=\"mailto:annesophiemoulinier@coban-atlantique.fr\">annesophiemoulinier@coban-atlantique.fr<\/a> &#8211; 06 21 05 50 68<\/li>\n<\/ul>\n\n\n\n<ul class=\"wp-block-list\">\n<li><strong>Voltalis&nbsp;:<\/strong> <a href=\"mailto:voltalis@lagencerp.com\">voltalis@lagencerp.com<\/a> &#8211; Raya RIZK &#8211; <a href=\"mailto:raya@lagencerp.com\">raya@lagencerp.com<\/a>&nbsp; &#8211; 07 85 15 22 40 &#8211; Camille TECHER \u2013 camille@lagencerp.com &#8211; 07 62 15 76 99<\/li>\n<\/ul>\n\n\n\n<p><\/p>\n\n\n\n<p><strong><a href=\"https:\/\/group.voltalis.com\/wp-content\/uploads\/2023\/02\/Communique-de-presse_COBAN_Voltalis_VF.pdf\" target=\"_blank\" rel=\"noreferrer noopener\">T\u00e9l\u00e9charger le communiqu\u00e9 de presse COBAN &#8211; Voltalis<\/a><\/strong><\/p>\n","protected":false},"excerpt":{"rendered":"<p>Avec Voltalis, la Communaut\u00e9 d&rsquo;Agglom\u00e9ration du Bassin d&rsquo;Arcachon Nord souhaite poursuivre ses efforts pour acc\u00e9l\u00e9rer la transition \u00e9nerg\u00e9tique&nbsp;sur son territoire et r\u00e9duire ses \u00e9missions de CO2 en&nbsp;proposant aux 14 800 foyers et locaux professionnels chauff\u00e9s au tout \u00e9lectrique une solution pour mieux ma\u00eetriser leur consommation \u00e9nerg\u00e9tique. Des \u00e9conomies d\u2019\u00e9nergie pour les citoyens, une d\u00e9marche solidaire [&hellip;]<\/p>\n","protected":false},"author":1,"featured_media":0,"comment_status":"open","ping_status":"closed","sticky":false,"template":"","format":"standard","meta":{"_acf_changed":false,"inline_featured_image":false,"footnotes":""},"categories":[199,3],"tags":[],"class_list":["post-6844","post","type-post","status-publish","format-standard","hentry","category-collectivites","category-communiques-de-presse"],"acf":[],"yoast_head":"<!-- This site is optimized with the Yoast SEO plugin v27.5 - https:\/\/yoast.com\/product\/yoast-seo-wordpress\/ -->\n<title>Nord Bassin d&#039;Arcachon avec Voltalis : territoire \u00e0 \u00e9nergie positive\u00a0!<\/title>\n<meta name=\"description\" content=\"La Communaut\u00e9 d&#039;Agglom\u00e9ration du Bassin d&#039;Arcachon Nord soutient le d\u00e9ploiement de la solution d&#039;\u00e9conomies d&#039;\u00e9nergie Voltalis sur son territoire.\" \/>\n<meta name=\"robots\" content=\"index, follow, max-snippet:-1, max-image-preview:large, max-video-preview:-1\" \/>\n<link rel=\"canonical\" href=\"https:\/\/group.voltalis.com\/fr\/type-de-contenu\/communiques-de-presse\/nord-bassin-darcachon-partenariat-voltalis-6844\" \/>\n<meta property=\"og:locale\" content=\"fr_FR\" \/>\n<meta property=\"og:type\" content=\"article\" \/>\n<meta property=\"og:title\" content=\"Nord Bassin d&#039;Arcachon avec Voltalis : territoire \u00e0 \u00e9nergie positive\u00a0!\" \/>\n<meta property=\"og:description\" content=\"La Communaut\u00e9 d&#039;Agglom\u00e9ration du Bassin d&#039;Arcachon Nord soutient le d\u00e9ploiement de la solution d&#039;\u00e9conomies d&#039;\u00e9nergie Voltalis sur son territoire.\" \/>\n<meta property=\"og:url\" content=\"https:\/\/group.voltalis.com\/fr\/type-de-contenu\/communiques-de-presse\/nord-bassin-darcachon-partenariat-voltalis-6844\" \/>\n<meta property=\"og:site_name\" content=\"Groupe Voltalis\" \/>\n<meta property=\"article:publisher\" content=\"https:\/\/www.facebook.com\/pages\/category\/Product-Service\/Voltalis-178720392179068\/\" \/>\n<meta property=\"article:published_time\" content=\"2023-02-22T10:20:55+00:00\" \/>\n<meta property=\"article:modified_time\" content=\"2025-09-04T13:53:49+00:00\" \/>\n<meta property=\"og:image\" content=\"https:\/\/group.voltalis.com\/wp-content\/uploads\/2022\/10\/image.png\" \/>\n\t<meta property=\"og:image:width\" content=\"992\" \/>\n\t<meta property=\"og:image:height\" content=\"324\" \/>\n\t<meta property=\"og:image:type\" content=\"image\/png\" \/>\n<meta name=\"author\" content=\"admin\" \/>\n<meta name=\"twitter:card\" content=\"summary_large_image\" \/>\n<meta name=\"twitter:label1\" content=\"\u00c9crit par\" \/>\n\t<meta name=\"twitter:data1\" content=\"admin\" \/>\n\t<meta name=\"twitter:label2\" content=\"Dur\u00e9e de lecture estim\u00e9e\" \/>\n\t<meta name=\"twitter:data2\" content=\"3 minutes\" \/>\n<script type=\"application\/ld+json\" class=\"yoast-schema-graph\">{\"@context\":\"https:\\\/\\\/schema.org\",\"@graph\":[{\"@type\":\"Article\",\"@id\":\"https:\\\/\\\/group.voltalis.com\\\/fr\\\/type-de-contenu\\\/communiques-de-presse\\\/nord-bassin-darcachon-partenariat-voltalis-6844#article\",\"isPartOf\":{\"@id\":\"https:\\\/\\\/group.voltalis.com\\\/fr\\\/type-de-contenu\\\/communiques-de-presse\\\/nord-bassin-darcachon-partenariat-voltalis-6844\"},\"author\":{\"name\":\"admin\",\"@id\":\"https:\\\/\\\/group.voltalis.com\\\/en\\\/#\\\/schema\\\/person\\\/cd75df70a442080ba333ff81754527b8\"},\"headline\":\"Le Nord Bassin d&rsquo;Arcachon, territoire \u00e0 \u00e9nergie positive\u00a0avec Voltalis !\",\"datePublished\":\"2023-02-22T10:20:55+00:00\",\"dateModified\":\"2025-09-04T13:53:49+00:00\",\"mainEntityOfPage\":{\"@id\":\"https:\\\/\\\/group.voltalis.com\\\/fr\\\/type-de-contenu\\\/communiques-de-presse\\\/nord-bassin-darcachon-partenariat-voltalis-6844\"},\"wordCount\":648,\"commentCount\":0,\"image\":{\"@id\":\"https:\\\/\\\/group.voltalis.com\\\/fr\\\/type-de-contenu\\\/communiques-de-presse\\\/nord-bassin-darcachon-partenariat-voltalis-6844#primaryimage\"},\"thumbnailUrl\":\"https:\\\/\\\/group.voltalis.com\\\/wp-content\\\/uploads\\\/2022\\\/10\\\/image.png\",\"articleSection\":[\"Collectivit\u00e9s\",\"Communiqu\u00e9s\"],\"inLanguage\":\"fr-FR\"},{\"@type\":\"WebPage\",\"@id\":\"https:\\\/\\\/group.voltalis.com\\\/fr\\\/type-de-contenu\\\/communiques-de-presse\\\/nord-bassin-darcachon-partenariat-voltalis-6844\",\"url\":\"https:\\\/\\\/group.voltalis.com\\\/fr\\\/type-de-contenu\\\/communiques-de-presse\\\/nord-bassin-darcachon-partenariat-voltalis-6844\",\"name\":\"Nord Bassin d'Arcachon avec Voltalis : territoire \u00e0 \u00e9nergie positive\u00a0!\",\"isPartOf\":{\"@id\":\"https:\\\/\\\/group.voltalis.com\\\/en\\\/#website\"},\"primaryImageOfPage\":{\"@id\":\"https:\\\/\\\/group.voltalis.com\\\/fr\\\/type-de-contenu\\\/communiques-de-presse\\\/nord-bassin-darcachon-partenariat-voltalis-6844#primaryimage\"},\"image\":{\"@id\":\"https:\\\/\\\/group.voltalis.com\\\/fr\\\/type-de-contenu\\\/communiques-de-presse\\\/nord-bassin-darcachon-partenariat-voltalis-6844#primaryimage\"},\"thumbnailUrl\":\"https:\\\/\\\/group.voltalis.com\\\/wp-content\\\/uploads\\\/2022\\\/10\\\/image.png\",\"datePublished\":\"2023-02-22T10:20:55+00:00\",\"dateModified\":\"2025-09-04T13:53:49+00:00\",\"author\":{\"@id\":\"https:\\\/\\\/group.voltalis.com\\\/en\\\/#\\\/schema\\\/person\\\/cd75df70a442080ba333ff81754527b8\"},\"description\":\"La Communaut\u00e9 d'Agglom\u00e9ration du Bassin d'Arcachon Nord soutient le d\u00e9ploiement de la solution d'\u00e9conomies d'\u00e9nergie Voltalis sur son territoire.\",\"breadcrumb\":{\"@id\":\"https:\\\/\\\/group.voltalis.com\\\/fr\\\/type-de-contenu\\\/communiques-de-presse\\\/nord-bassin-darcachon-partenariat-voltalis-6844#breadcrumb\"},\"inLanguage\":\"fr-FR\",\"potentialAction\":[{\"@type\":\"ReadAction\",\"target\":[\"https:\\\/\\\/group.voltalis.com\\\/fr\\\/type-de-contenu\\\/communiques-de-presse\\\/nord-bassin-darcachon-partenariat-voltalis-6844\"]}]},{\"@type\":\"ImageObject\",\"inLanguage\":\"fr-FR\",\"@id\":\"https:\\\/\\\/group.voltalis.com\\\/fr\\\/type-de-contenu\\\/communiques-de-presse\\\/nord-bassin-darcachon-partenariat-voltalis-6844#primaryimage\",\"url\":\"https:\\\/\\\/group.voltalis.com\\\/wp-content\\\/uploads\\\/2022\\\/10\\\/image.png\",\"contentUrl\":\"https:\\\/\\\/group.voltalis.com\\\/wp-content\\\/uploads\\\/2022\\\/10\\\/image.png\"},{\"@type\":\"BreadcrumbList\",\"@id\":\"https:\\\/\\\/group.voltalis.com\\\/fr\\\/type-de-contenu\\\/communiques-de-presse\\\/nord-bassin-darcachon-partenariat-voltalis-6844#breadcrumb\",\"itemListElement\":[{\"@type\":\"ListItem\",\"position\":1,\"name\":\"Home\",\"item\":\"https:\\\/\\\/group.voltalis.com\\\/fr\"},{\"@type\":\"ListItem\",\"position\":2,\"name\":\"Le Nord Bassin d&#8217;Arcachon, territoire \u00e0 \u00e9nergie positive\u00a0avec Voltalis !\"}]},{\"@type\":\"WebSite\",\"@id\":\"https:\\\/\\\/group.voltalis.com\\\/en\\\/#website\",\"url\":\"https:\\\/\\\/group.voltalis.com\\\/en\\\/\",\"name\":\"Groupe Voltalis\",\"description\":\"Bien plus que des \u00e9conomies d&#039;\u00e9nergie\",\"potentialAction\":[{\"@type\":\"SearchAction\",\"target\":{\"@type\":\"EntryPoint\",\"urlTemplate\":\"https:\\\/\\\/group.voltalis.com\\\/en\\\/?s={search_term_string}\"},\"query-input\":{\"@type\":\"PropertyValueSpecification\",\"valueRequired\":true,\"valueName\":\"search_term_string\"}}],\"inLanguage\":\"fr-FR\"},{\"@type\":\"Person\",\"@id\":\"https:\\\/\\\/group.voltalis.com\\\/en\\\/#\\\/schema\\\/person\\\/cd75df70a442080ba333ff81754527b8\",\"name\":\"admin\",\"image\":{\"@type\":\"ImageObject\",\"inLanguage\":\"fr-FR\",\"@id\":\"https:\\\/\\\/secure.gravatar.com\\\/avatar\\\/d33819406c6fd656ae073a4bf8663fc5da17ca34c0a8d21882949b205ec67922?s=96&d=mm&r=g\",\"url\":\"https:\\\/\\\/secure.gravatar.com\\\/avatar\\\/d33819406c6fd656ae073a4bf8663fc5da17ca34c0a8d21882949b205ec67922?s=96&d=mm&r=g\",\"contentUrl\":\"https:\\\/\\\/secure.gravatar.com\\\/avatar\\\/d33819406c6fd656ae073a4bf8663fc5da17ca34c0a8d21882949b205ec67922?s=96&d=mm&r=g\",\"caption\":\"admin\"},\"sameAs\":[\"https:\\\/\\\/group.voltalis.com\"],\"url\":\"https:\\\/\\\/group.voltalis.com\\\/fr\\\/author\\\/admin\"}]}<\/script>\n<!-- \/ Yoast SEO plugin. -->","yoast_head_json":{"title":"Nord Bassin d'Arcachon avec Voltalis : territoire \u00e0 \u00e9nergie positive\u00a0!","description":"La Communaut\u00e9 d'Agglom\u00e9ration du Bassin d'Arcachon Nord soutient le d\u00e9ploiement de la solution d'\u00e9conomies d'\u00e9nergie Voltalis sur son territoire.","robots":{"index":"index","follow":"follow","max-snippet":"max-snippet:-1","max-image-preview":"max-image-preview:large","max-video-preview":"max-video-preview:-1"},"canonical":"https:\/\/group.voltalis.com\/fr\/type-de-contenu\/communiques-de-presse\/nord-bassin-darcachon-partenariat-voltalis-6844","og_locale":"fr_FR","og_type":"article","og_title":"Nord Bassin d'Arcachon avec Voltalis : territoire \u00e0 \u00e9nergie positive\u00a0!","og_description":"La Communaut\u00e9 d'Agglom\u00e9ration du Bassin d'Arcachon Nord soutient le d\u00e9ploiement de la solution d'\u00e9conomies d'\u00e9nergie Voltalis sur son territoire.","og_url":"https:\/\/group.voltalis.com\/fr\/type-de-contenu\/communiques-de-presse\/nord-bassin-darcachon-partenariat-voltalis-6844","og_site_name":"Groupe Voltalis","article_publisher":"https:\/\/www.facebook.com\/pages\/category\/Product-Service\/Voltalis-178720392179068\/","article_published_time":"2023-02-22T10:20:55+00:00","article_modified_time":"2025-09-04T13:53:49+00:00","og_image":[{"width":992,"height":324,"url":"https:\/\/group.voltalis.com\/wp-content\/uploads\/2022\/10\/image.png","type":"image\/png"}],"author":"admin","twitter_card":"summary_large_image","twitter_misc":{"\u00c9crit par":"admin","Dur\u00e9e de lecture estim\u00e9e":"3 minutes"},"schema":{"@context":"https:\/\/schema.org","@graph":[{"@type":"Article","@id":"https:\/\/group.voltalis.com\/fr\/type-de-contenu\/communiques-de-presse\/nord-bassin-darcachon-partenariat-voltalis-6844#article","isPartOf":{"@id":"https:\/\/group.voltalis.com\/fr\/type-de-contenu\/communiques-de-presse\/nord-bassin-darcachon-partenariat-voltalis-6844"},"author":{"name":"admin","@id":"https:\/\/group.voltalis.com\/en\/#\/schema\/person\/cd75df70a442080ba333ff81754527b8"},"headline":"Le Nord Bassin d&rsquo;Arcachon, territoire \u00e0 \u00e9nergie positive\u00a0avec Voltalis !","datePublished":"2023-02-22T10:20:55+00:00","dateModified":"2025-09-04T13:53:49+00:00","mainEntityOfPage":{"@id":"https:\/\/group.voltalis.com\/fr\/type-de-contenu\/communiques-de-presse\/nord-bassin-darcachon-partenariat-voltalis-6844"},"wordCount":648,"commentCount":0,"image":{"@id":"https:\/\/group.voltalis.com\/fr\/type-de-contenu\/communiques-de-presse\/nord-bassin-darcachon-partenariat-voltalis-6844#primaryimage"},"thumbnailUrl":"https:\/\/group.voltalis.com\/wp-content\/uploads\/2022\/10\/image.png","articleSection":["Collectivit\u00e9s","Communiqu\u00e9s"],"inLanguage":"fr-FR"},{"@type":"WebPage","@id":"https:\/\/group.voltalis.com\/fr\/type-de-contenu\/communiques-de-presse\/nord-bassin-darcachon-partenariat-voltalis-6844","url":"https:\/\/group.voltalis.com\/fr\/type-de-contenu\/communiques-de-presse\/nord-bassin-darcachon-partenariat-voltalis-6844","name":"Nord Bassin d'Arcachon avec Voltalis : territoire \u00e0 \u00e9nergie positive\u00a0!","isPartOf":{"@id":"https:\/\/group.voltalis.com\/en\/#website"},"primaryImageOfPage":{"@id":"https:\/\/group.voltalis.com\/fr\/type-de-contenu\/communiques-de-presse\/nord-bassin-darcachon-partenariat-voltalis-6844#primaryimage"},"image":{"@id":"https:\/\/group.voltalis.com\/fr\/type-de-contenu\/communiques-de-presse\/nord-bassin-darcachon-partenariat-voltalis-6844#primaryimage"},"thumbnailUrl":"https:\/\/group.voltalis.com\/wp-content\/uploads\/2022\/10\/image.png","datePublished":"2023-02-22T10:20:55+00:00","dateModified":"2025-09-04T13:53:49+00:00","author":{"@id":"https:\/\/group.voltalis.com\/en\/#\/schema\/person\/cd75df70a442080ba333ff81754527b8"},"description":"La Communaut\u00e9 d'Agglom\u00e9ration du Bassin d'Arcachon Nord soutient le d\u00e9ploiement de la solution d'\u00e9conomies d'\u00e9nergie Voltalis sur son territoire.","breadcrumb":{"@id":"https:\/\/group.voltalis.com\/fr\/type-de-contenu\/communiques-de-presse\/nord-bassin-darcachon-partenariat-voltalis-6844#breadcrumb"},"inLanguage":"fr-FR","potentialAction":[{"@type":"ReadAction","target":["https:\/\/group.voltalis.com\/fr\/type-de-contenu\/communiques-de-presse\/nord-bassin-darcachon-partenariat-voltalis-6844"]}]},{"@type":"ImageObject","inLanguage":"fr-FR","@id":"https:\/\/group.voltalis.com\/fr\/type-de-contenu\/communiques-de-presse\/nord-bassin-darcachon-partenariat-voltalis-6844#primaryimage","url":"https:\/\/group.voltalis.com\/wp-content\/uploads\/2022\/10\/image.png","contentUrl":"https:\/\/group.voltalis.com\/wp-content\/uploads\/2022\/10\/image.png"},{"@type":"BreadcrumbList","@id":"https:\/\/group.voltalis.com\/fr\/type-de-contenu\/communiques-de-presse\/nord-bassin-darcachon-partenariat-voltalis-6844#breadcrumb","itemListElement":[{"@type":"ListItem","position":1,"name":"Home","item":"https:\/\/group.voltalis.com\/fr"},{"@type":"ListItem","position":2,"name":"Le Nord Bassin d&#8217;Arcachon, territoire \u00e0 \u00e9nergie positive\u00a0avec Voltalis !"}]},{"@type":"WebSite","@id":"https:\/\/group.voltalis.com\/en\/#website","url":"https:\/\/group.voltalis.com\/en\/","name":"Groupe Voltalis","description":"Bien plus que des \u00e9conomies d&#039;\u00e9nergie","potentialAction":[{"@type":"SearchAction","target":{"@type":"EntryPoint","urlTemplate":"https:\/\/group.voltalis.com\/en\/?s={search_term_string}"},"query-input":{"@type":"PropertyValueSpecification","valueRequired":true,"valueName":"search_term_string"}}],"inLanguage":"fr-FR"},{"@type":"Person","@id":"https:\/\/group.voltalis.com\/en\/#\/schema\/person\/cd75df70a442080ba333ff81754527b8","name":"admin","image":{"@type":"ImageObject","inLanguage":"fr-FR","@id":"https:\/\/secure.gravatar.com\/avatar\/d33819406c6fd656ae073a4bf8663fc5da17ca34c0a8d21882949b205ec67922?s=96&d=mm&r=g","url":"https:\/\/secure.gravatar.com\/avatar\/d33819406c6fd656ae073a4bf8663fc5da17ca34c0a8d21882949b205ec67922?s=96&d=mm&r=g","contentUrl":"https:\/\/secure.gravatar.com\/avatar\/d33819406c6fd656ae073a4bf8663fc5da17ca34c0a8d21882949b205ec67922?s=96&d=mm&r=g","caption":"admin"},"sameAs":["https:\/\/group.voltalis.com"],"url":"https:\/\/group.voltalis.com\/fr\/author\/admin"}]}},"_links":{"self":[{"href":"https:\/\/group.voltalis.com\/fr\/wp-json\/wp\/v2\/posts\/6844","targetHints":{"allow":["GET"]}}],"collection":[{"href":"https:\/\/group.voltalis.com\/fr\/wp-json\/wp\/v2\/posts"}],"about":[{"href":"https:\/\/group.voltalis.com\/fr\/wp-json\/wp\/v2\/types\/post"}],"author":[{"embeddable":true,"href":"https:\/\/group.voltalis.com\/fr\/wp-json\/wp\/v2\/users\/1"}],"replies":[{"embeddable":true,"href":"https:\/\/group.voltalis.com\/fr\/wp-json\/wp\/v2\/comments?post=6844"}],"version-history":[{"count":1,"href":"https:\/\/group.voltalis.com\/fr\/wp-json\/wp\/v2\/posts\/6844\/revisions"}],"predecessor-version":[{"id":10405,"href":"https:\/\/group.voltalis.com\/fr\/wp-json\/wp\/v2\/posts\/6844\/revisions\/10405"}],"wp:attachment":[{"href":"https:\/\/group.voltalis.com\/fr\/wp-json\/wp\/v2\/media?parent=6844"}],"wp:term":[{"taxonomy":"category","embeddable":true,"href":"https:\/\/group.voltalis.com\/fr\/wp-json\/wp\/v2\/categories?post=6844"},{"taxonomy":"post_tag","embeddable":true,"href":"https:\/\/group.voltalis.com\/fr\/wp-json\/wp\/v2\/tags?post=6844"}],"curies":[{"name":"wp","href":"https:\/\/api.w.org\/{rel}","templated":true}]}}