{"id":6874,"date":"2023-03-20T11:32:22","date_gmt":"2023-03-20T10:32:22","guid":{"rendered":"https:\/\/group.voltalis.com\/?p=6874"},"modified":"2025-09-04T17:17:51","modified_gmt":"2025-09-04T15:17:51","slug":"partenariat-sud-gironde-voltalis","status":"publish","type":"post","link":"https:\/\/group.voltalis.com\/fr\/type-de-contenu\/communiques-de-presse\/partenariat-sud-gironde-voltalis-6874","title":{"rendered":"En partenariat avec Voltalis, le P\u00f4le Territorial Sud Gironde d\u00e9ploie une solution de sobri\u00e9t\u00e9 \u00e9nerg\u00e9tique 100 % gratuite aupr\u00e8s de ses habitants"},"content":{"rendered":"\n<p>Le <a href=\"https:\/\/www.polesudgironde.fr\/\" target=\"_blank\" rel=\"noreferrer noopener nofollow\">P\u00f4le Territorial Sud Gironde<\/a> s\u2019engage fortement dans la r\u00e9duction des \u00e9missions de gaz \u00e0 effet de serre et des consommations d\u2019\u00e9nergie du territoire, priorit\u00e9s \u00e9tablies dans son Plan Climat Air Energie Territorial. Cette d\u00e9marche collective est construite conjointement entre les collectivit\u00e9s territoriales et les acteurs du territoire, tels que les associations, les entreprises et les citoyens.<\/p>\n\n\n\n<p>Dans ce contexte, le P\u00f4le Territorial Sud Gironde a choisi de prescrire la solution de Voltalis et de la proposer aux 20000 foyers du territoire chauff\u00e9s \u00e0 l\u2019\u00e9lectricit\u00e9. Le d\u00e9ploiement a d\u00e9but\u00e9 le 13 mars dernier dans la Communaut\u00e9 de Communes du Sud Gironde et se poursuivra dans les mois \u00e0 venir dans les 4 autres Communaut\u00e9s de Communes du territoire&nbsp;: Bazadais, R\u00e9olais en Sud Gironde, Rurales de l\u2019Entre-Deux-Mers et Convergence Garonne.<\/p>\n\n\n\n<blockquote class=\"wp-block-quote is-layout-flow wp-block-quote-is-layout-flow\">\n<p><em>Donner \u00e0 chacun des habitants des 186 communes du P\u00f4le Territorial Sud Gironde les moyens concrets d\u2019agir \u00e0 leur \u00e9chelle pour la transition \u00e9nerg\u00e9tique de leur territoire est essentiel. Les solutions gratuites comme celles de Voltalis sont n\u00e9cessaires et s\u2019inscrivent dans notre politique volontaire de d\u00e9veloppement durable. &nbsp;<\/em><\/p>\n<cite><strong>Bruno Marty, pr\u00e9sident du P\u00f4le Territorial Sud Gironde<\/strong><\/cite><\/blockquote>\n\n\n\n<h2 class=\"wp-block-heading\">Piloter son chauffage et mieux ma\u00eetriser sa consommation \u00e9lectrique<\/h2>\n\n\n\n<p>La solution Voltalis est&nbsp;100% gratuite et \u00e9quipe d\u00e9j\u00e0 plus de 150&nbsp;000 logements en France et en Europe. Elle se mat\u00e9rialise par un&nbsp;bo\u00eetier connect\u00e9 permettant de piloter intelligemment les radiateurs \u00e9lectriques, qui repr\u00e9sentent 66 % de la consommation totale du foyer selon l\u2019<a href=\"https:\/\/www.ademe.fr\/\" target=\"_blank\" rel=\"noreferrer noopener nofollow\">ADEME<\/a>.<\/p>\n\n\n\n<p>Les adh\u00e9rents b\u00e9n\u00e9ficient d\u2019un&nbsp;espace s\u00e9curis\u00e9 en ligne pour <a href=\"https:\/\/www.voltalis.com\/myvoltalis-lapplication-de-suivi-de-consommation-electrique\" target=\"_blank\" rel=\"noreferrer noopener\">suivre leur consommation et programmer leurs radiateurs<\/a> \u00e0 distance. Accessible sur ordinateur, smartphone et tablette, cette application leur permet de devenir de v\u00e9ritables \u00ab&nbsp;consom\u2019acteurs&nbsp;\u00bb bien inform\u00e9s.<\/p>\n\n\n\n<p>Face \u00e0 la hausse des prix de l\u2019\u00e9lectricit\u00e9, ce bo\u00eetier \u00e9cocitoyen permet ainsi de&nbsp;r\u00e9aliser des \u00e9conomies d\u2019\u00e9nergie (jusqu\u2019\u00e0 15%),&nbsp;sans compromis de confort.<\/p>\n\n\n<div class=\"wp-block-image\">\n<figure class=\"aligncenter size-full is-resized\"><img loading=\"lazy\" decoding=\"async\" src=\"https:\/\/group.voltalis.com\/wp-content\/uploads\/2022\/10\/image.png\" alt=\"Le dispositif Voltalis et son application de suivi et de pilotage du chauffage \" class=\"wp-image-6211\" width=\"496\" height=\"162\" srcset=\"https:\/\/group.voltalis.com\/wp-content\/uploads\/2022\/10\/image.png 992w, https:\/\/group.voltalis.com\/wp-content\/uploads\/2022\/10\/image-300x98.png 300w, https:\/\/group.voltalis.com\/wp-content\/uploads\/2022\/10\/image-768x251.png 768w\" sizes=\"auto, (max-width: 496px) 100vw, 496px\" \/><figcaption class=\"wp-element-caption\">La solution Voltalis et son application de pilotage du chauffage \u00e9lectrique pour les habitants de Sud Gironde<\/figcaption><\/figure>\n<\/div>\n\n\n<h2 class=\"wp-block-heading\">R\u00e9duire les \u00e9missions de CO<sub>2<\/sub>&nbsp;et participer \u00e0 la s\u00e9curit\u00e9 du r\u00e9seau \u00e9lectrique<\/h2>\n\n\n\n<p>En parall\u00e8le, Voltalis permet aux foyers de Sud Gironde de&nbsp;participer activement \u00e0 la s\u00e9curit\u00e9 de l\u2019alimentation \u00e9lectrique de tous,&nbsp;dans le cadre d\u2019une d\u00e9marche solidaire. En effet, la technologie d\u00e9velopp\u00e9e permet de piloter intelligemment et en temps r\u00e9el des centaines de milliers d\u2019appareils de chauffage.<\/p>\n\n\n\n<p>En cas de pics de consommation hivernaux ou de baisses de production des \u00e9nergies renouvelables, Voltalis peut r\u00e9duire pendant quelques minutes la consommations des radiateurs connect\u00e9s, tout en pr\u00e9servant le confort des occupants. Cette action pr\u00e9serve le r\u00e9seau \u00e9lectrique, qui risque un d\u00e9s\u00e9quilibre pouvant conduire \u00e0 des d\u00e9lestages. Elle limite \u00e9galement le recours \u00e0 des centrales thermiques polluantes au gaz, au charbon ou au fioul qui permettent habituellement de compenser. Il s\u2019agit r\u00e9ellement d\u2019une solution vertueuse pour la plan\u00e8te car elle permet de r\u00e9duire jusqu\u2019\u00e0 70 % des \u00e9missions de CO<sub>2<\/sub>.<\/p>\n\n\n\n<h2 class=\"wp-block-heading\">Qui peut b\u00e9n\u00e9ficier de ce dispositif innovant et gratuit&nbsp;sur le territoire de Sud Gironde ? <\/h2>\n\n\n\n<p>Tous les habitants chauff\u00e9s \u00e0 l\u2019\u00e9lectricit\u00e9 du territoire, locataires comme propri\u00e9taires, mais \u00e9galement les commerces, bureaux et b\u00e2timents publics sont \u00e9ligibles \u00e0 cette solution concr\u00e8te. Les \u00e9quipes de Voltalis sont d\u00e9ploy\u00e9es aupr\u00e8s des habitants pour les informer sur les avantages de ce service et proposer un rendez-vous d\u2019installation avec un technicien agr\u00e9\u00e9. Il est \u00e9galement possible de contacter directement Voltalis au<strong>&nbsp;05 40 25 69 96 <\/strong>ou par courriel : <strong><a href=\"mailto:sgpt@voltalis.com\">sgpt@voltalis.com<\/a><\/strong><\/p>\n\n\n\n<p><strong>Contacts presse&nbsp;:<\/strong><\/p>\n\n\n\n<ul class=\"wp-block-list\">\n<li><strong>Pour le P\u00f4le Territorial Sud Gironde :<\/strong> Marie Dumond &#8211; <a href=\"mailto:marie.dumond@polesudgironde.fr\">marie.dumond@polesudgironde.fr<\/a> \u2013 06 49 44 05 09<\/li>\n<\/ul>\n\n\n\n<ul class=\"wp-block-list\">\n<li><strong>Pour Voltalis\u00a0:<\/strong> <strong>presse@voltalis.com<\/strong> &#8211;  Emma CORSON &#8211; Responsable des Relations Presse &#8211; 07 60 89 81 89<\/li>\n<\/ul>\n\n\n\n<p><\/p>\n\n\n\n<p><strong><a href=\"https:\/\/group.voltalis.com\/wp-content\/uploads\/2023\/03\/Communique-de-presse-Sud-Gironde-Voltalis-20032023.pdf\" target=\"_blank\" rel=\"noreferrer noopener\">T\u00e9l\u00e9charger le communiqu\u00e9 de presse Sud-Gironde<\/a><\/strong><\/p>\n\n\n\n<p><\/p>\n","protected":false},"excerpt":{"rendered":"<p>Le P\u00f4le Territorial Sud Gironde s\u2019engage fortement dans la r\u00e9duction des \u00e9missions de gaz \u00e0 effet de serre et des consommations d\u2019\u00e9nergie du territoire, priorit\u00e9s \u00e9tablies dans son Plan Climat Air Energie Territorial. Cette d\u00e9marche collective est construite conjointement entre les collectivit\u00e9s territoriales et les acteurs du territoire, tels que les associations, les entreprises et [&hellip;]<\/p>\n","protected":false},"author":1,"featured_media":0,"comment_status":"open","ping_status":"closed","sticky":false,"template":"","format":"standard","meta":{"_acf_changed":false,"inline_featured_image":false,"footnotes":""},"categories":[199,3],"tags":[],"class_list":["post-6874","post","type-post","status-publish","format-standard","hentry","category-collectivites","category-communiques-de-presse"],"acf":[],"yoast_head":"<!-- This site is optimized with the Yoast SEO plugin v27.5 - https:\/\/yoast.com\/product\/yoast-seo-wordpress\/ -->\n<title>Le P\u00f4le Territorial Sud Gironde d\u00e9ploie la solution Voltalis<\/title>\n<meta name=\"description\" content=\"Le P\u00f4le Territorial Sud Gironde propose \u00e0 ses habitants d&#039;\u00eatre \u00e9quip\u00e9s gratuitement de la solution d&#039;\u00e9conomies d&#039;\u00e9nergie de Voltalis.\" \/>\n<meta name=\"robots\" content=\"index, follow, max-snippet:-1, max-image-preview:large, max-video-preview:-1\" \/>\n<link rel=\"canonical\" href=\"https:\/\/group.voltalis.com\/fr\/type-de-contenu\/communiques-de-presse\/partenariat-sud-gironde-voltalis-6874\" \/>\n<meta property=\"og:locale\" content=\"fr_FR\" \/>\n<meta property=\"og:type\" content=\"article\" \/>\n<meta property=\"og:title\" content=\"Le P\u00f4le Territorial Sud Gironde d\u00e9ploie la solution Voltalis\" \/>\n<meta property=\"og:description\" content=\"Le P\u00f4le Territorial Sud Gironde propose \u00e0 ses habitants d&#039;\u00eatre \u00e9quip\u00e9s gratuitement de la solution d&#039;\u00e9conomies d&#039;\u00e9nergie de Voltalis.\" \/>\n<meta property=\"og:url\" content=\"https:\/\/group.voltalis.com\/fr\/type-de-contenu\/communiques-de-presse\/partenariat-sud-gironde-voltalis-6874\" \/>\n<meta property=\"og:site_name\" content=\"Groupe Voltalis\" \/>\n<meta property=\"article:publisher\" content=\"https:\/\/www.facebook.com\/pages\/category\/Product-Service\/Voltalis-178720392179068\/\" \/>\n<meta property=\"article:published_time\" content=\"2023-03-20T10:32:22+00:00\" \/>\n<meta property=\"article:modified_time\" content=\"2025-09-04T15:17:51+00:00\" \/>\n<meta property=\"og:image\" content=\"https:\/\/group.voltalis.com\/wp-content\/uploads\/2022\/10\/image.png\" \/>\n\t<meta property=\"og:image:width\" content=\"992\" \/>\n\t<meta property=\"og:image:height\" content=\"324\" \/>\n\t<meta property=\"og:image:type\" content=\"image\/png\" \/>\n<meta name=\"author\" content=\"admin\" \/>\n<meta name=\"twitter:card\" content=\"summary_large_image\" \/>\n<meta name=\"twitter:label1\" content=\"\u00c9crit par\" \/>\n\t<meta name=\"twitter:data1\" content=\"admin\" \/>\n\t<meta name=\"twitter:label2\" content=\"Dur\u00e9e de lecture estim\u00e9e\" \/>\n\t<meta name=\"twitter:data2\" content=\"3 minutes\" \/>\n<script type=\"application\/ld+json\" class=\"yoast-schema-graph\">{\"@context\":\"https:\\\/\\\/schema.org\",\"@graph\":[{\"@type\":\"Article\",\"@id\":\"https:\\\/\\\/group.voltalis.com\\\/fr\\\/type-de-contenu\\\/communiques-de-presse\\\/partenariat-sud-gironde-voltalis-6874#article\",\"isPartOf\":{\"@id\":\"https:\\\/\\\/group.voltalis.com\\\/fr\\\/type-de-contenu\\\/communiques-de-presse\\\/partenariat-sud-gironde-voltalis-6874\"},\"author\":{\"name\":\"admin\",\"@id\":\"https:\\\/\\\/group.voltalis.com\\\/en\\\/#\\\/schema\\\/person\\\/cd75df70a442080ba333ff81754527b8\"},\"headline\":\"En partenariat avec Voltalis, le P\u00f4le Territorial Sud Gironde d\u00e9ploie une solution de sobri\u00e9t\u00e9 \u00e9nerg\u00e9tique 100 % gratuite aupr\u00e8s de ses habitants\",\"datePublished\":\"2023-03-20T10:32:22+00:00\",\"dateModified\":\"2025-09-04T15:17:51+00:00\",\"mainEntityOfPage\":{\"@id\":\"https:\\\/\\\/group.voltalis.com\\\/fr\\\/type-de-contenu\\\/communiques-de-presse\\\/partenariat-sud-gironde-voltalis-6874\"},\"wordCount\":677,\"commentCount\":0,\"image\":{\"@id\":\"https:\\\/\\\/group.voltalis.com\\\/fr\\\/type-de-contenu\\\/communiques-de-presse\\\/partenariat-sud-gironde-voltalis-6874#primaryimage\"},\"thumbnailUrl\":\"https:\\\/\\\/group.voltalis.com\\\/wp-content\\\/uploads\\\/2022\\\/10\\\/image.png\",\"articleSection\":[\"Collectivit\u00e9s\",\"Communiqu\u00e9s\"],\"inLanguage\":\"fr-FR\"},{\"@type\":\"WebPage\",\"@id\":\"https:\\\/\\\/group.voltalis.com\\\/fr\\\/type-de-contenu\\\/communiques-de-presse\\\/partenariat-sud-gironde-voltalis-6874\",\"url\":\"https:\\\/\\\/group.voltalis.com\\\/fr\\\/type-de-contenu\\\/communiques-de-presse\\\/partenariat-sud-gironde-voltalis-6874\",\"name\":\"Le P\u00f4le Territorial Sud Gironde d\u00e9ploie la solution Voltalis\",\"isPartOf\":{\"@id\":\"https:\\\/\\\/group.voltalis.com\\\/en\\\/#website\"},\"primaryImageOfPage\":{\"@id\":\"https:\\\/\\\/group.voltalis.com\\\/fr\\\/type-de-contenu\\\/communiques-de-presse\\\/partenariat-sud-gironde-voltalis-6874#primaryimage\"},\"image\":{\"@id\":\"https:\\\/\\\/group.voltalis.com\\\/fr\\\/type-de-contenu\\\/communiques-de-presse\\\/partenariat-sud-gironde-voltalis-6874#primaryimage\"},\"thumbnailUrl\":\"https:\\\/\\\/group.voltalis.com\\\/wp-content\\\/uploads\\\/2022\\\/10\\\/image.png\",\"datePublished\":\"2023-03-20T10:32:22+00:00\",\"dateModified\":\"2025-09-04T15:17:51+00:00\",\"author\":{\"@id\":\"https:\\\/\\\/group.voltalis.com\\\/en\\\/#\\\/schema\\\/person\\\/cd75df70a442080ba333ff81754527b8\"},\"description\":\"Le P\u00f4le Territorial Sud Gironde propose \u00e0 ses habitants d'\u00eatre \u00e9quip\u00e9s gratuitement de la solution d'\u00e9conomies d'\u00e9nergie de Voltalis.\",\"breadcrumb\":{\"@id\":\"https:\\\/\\\/group.voltalis.com\\\/fr\\\/type-de-contenu\\\/communiques-de-presse\\\/partenariat-sud-gironde-voltalis-6874#breadcrumb\"},\"inLanguage\":\"fr-FR\",\"potentialAction\":[{\"@type\":\"ReadAction\",\"target\":[\"https:\\\/\\\/group.voltalis.com\\\/fr\\\/type-de-contenu\\\/communiques-de-presse\\\/partenariat-sud-gironde-voltalis-6874\"]}]},{\"@type\":\"ImageObject\",\"inLanguage\":\"fr-FR\",\"@id\":\"https:\\\/\\\/group.voltalis.com\\\/fr\\\/type-de-contenu\\\/communiques-de-presse\\\/partenariat-sud-gironde-voltalis-6874#primaryimage\",\"url\":\"https:\\\/\\\/group.voltalis.com\\\/wp-content\\\/uploads\\\/2022\\\/10\\\/image.png\",\"contentUrl\":\"https:\\\/\\\/group.voltalis.com\\\/wp-content\\\/uploads\\\/2022\\\/10\\\/image.png\"},{\"@type\":\"BreadcrumbList\",\"@id\":\"https:\\\/\\\/group.voltalis.com\\\/fr\\\/type-de-contenu\\\/communiques-de-presse\\\/partenariat-sud-gironde-voltalis-6874#breadcrumb\",\"itemListElement\":[{\"@type\":\"ListItem\",\"position\":1,\"name\":\"Home\",\"item\":\"https:\\\/\\\/group.voltalis.com\\\/fr\"},{\"@type\":\"ListItem\",\"position\":2,\"name\":\"En partenariat avec Voltalis, le P\u00f4le Territorial Sud Gironde d\u00e9ploie une solution de sobri\u00e9t\u00e9 \u00e9nerg\u00e9tique 100 % gratuite aupr\u00e8s de ses habitants\"}]},{\"@type\":\"WebSite\",\"@id\":\"https:\\\/\\\/group.voltalis.com\\\/en\\\/#website\",\"url\":\"https:\\\/\\\/group.voltalis.com\\\/en\\\/\",\"name\":\"Groupe Voltalis\",\"description\":\"Bien plus que des \u00e9conomies d&#039;\u00e9nergie\",\"potentialAction\":[{\"@type\":\"SearchAction\",\"target\":{\"@type\":\"EntryPoint\",\"urlTemplate\":\"https:\\\/\\\/group.voltalis.com\\\/en\\\/?s={search_term_string}\"},\"query-input\":{\"@type\":\"PropertyValueSpecification\",\"valueRequired\":true,\"valueName\":\"search_term_string\"}}],\"inLanguage\":\"fr-FR\"},{\"@type\":\"Person\",\"@id\":\"https:\\\/\\\/group.voltalis.com\\\/en\\\/#\\\/schema\\\/person\\\/cd75df70a442080ba333ff81754527b8\",\"name\":\"admin\",\"image\":{\"@type\":\"ImageObject\",\"inLanguage\":\"fr-FR\",\"@id\":\"https:\\\/\\\/secure.gravatar.com\\\/avatar\\\/d33819406c6fd656ae073a4bf8663fc5da17ca34c0a8d21882949b205ec67922?s=96&d=mm&r=g\",\"url\":\"https:\\\/\\\/secure.gravatar.com\\\/avatar\\\/d33819406c6fd656ae073a4bf8663fc5da17ca34c0a8d21882949b205ec67922?s=96&d=mm&r=g\",\"contentUrl\":\"https:\\\/\\\/secure.gravatar.com\\\/avatar\\\/d33819406c6fd656ae073a4bf8663fc5da17ca34c0a8d21882949b205ec67922?s=96&d=mm&r=g\",\"caption\":\"admin\"},\"sameAs\":[\"https:\\\/\\\/group.voltalis.com\"],\"url\":\"https:\\\/\\\/group.voltalis.com\\\/fr\\\/author\\\/admin\"}]}<\/script>\n<!-- \/ Yoast SEO plugin. -->","yoast_head_json":{"title":"Le P\u00f4le Territorial Sud Gironde d\u00e9ploie la solution Voltalis","description":"Le P\u00f4le Territorial Sud Gironde propose \u00e0 ses habitants d'\u00eatre \u00e9quip\u00e9s gratuitement de la solution d'\u00e9conomies d'\u00e9nergie de Voltalis.","robots":{"index":"index","follow":"follow","max-snippet":"max-snippet:-1","max-image-preview":"max-image-preview:large","max-video-preview":"max-video-preview:-1"},"canonical":"https:\/\/group.voltalis.com\/fr\/type-de-contenu\/communiques-de-presse\/partenariat-sud-gironde-voltalis-6874","og_locale":"fr_FR","og_type":"article","og_title":"Le P\u00f4le Territorial Sud Gironde d\u00e9ploie la solution Voltalis","og_description":"Le P\u00f4le Territorial Sud Gironde propose \u00e0 ses habitants d'\u00eatre \u00e9quip\u00e9s gratuitement de la solution d'\u00e9conomies d'\u00e9nergie de Voltalis.","og_url":"https:\/\/group.voltalis.com\/fr\/type-de-contenu\/communiques-de-presse\/partenariat-sud-gironde-voltalis-6874","og_site_name":"Groupe Voltalis","article_publisher":"https:\/\/www.facebook.com\/pages\/category\/Product-Service\/Voltalis-178720392179068\/","article_published_time":"2023-03-20T10:32:22+00:00","article_modified_time":"2025-09-04T15:17:51+00:00","og_image":[{"width":992,"height":324,"url":"https:\/\/group.voltalis.com\/wp-content\/uploads\/2022\/10\/image.png","type":"image\/png"}],"author":"admin","twitter_card":"summary_large_image","twitter_misc":{"\u00c9crit par":"admin","Dur\u00e9e de lecture estim\u00e9e":"3 minutes"},"schema":{"@context":"https:\/\/schema.org","@graph":[{"@type":"Article","@id":"https:\/\/group.voltalis.com\/fr\/type-de-contenu\/communiques-de-presse\/partenariat-sud-gironde-voltalis-6874#article","isPartOf":{"@id":"https:\/\/group.voltalis.com\/fr\/type-de-contenu\/communiques-de-presse\/partenariat-sud-gironde-voltalis-6874"},"author":{"name":"admin","@id":"https:\/\/group.voltalis.com\/en\/#\/schema\/person\/cd75df70a442080ba333ff81754527b8"},"headline":"En partenariat avec Voltalis, le P\u00f4le Territorial Sud Gironde d\u00e9ploie une solution de sobri\u00e9t\u00e9 \u00e9nerg\u00e9tique 100 % gratuite aupr\u00e8s de ses habitants","datePublished":"2023-03-20T10:32:22+00:00","dateModified":"2025-09-04T15:17:51+00:00","mainEntityOfPage":{"@id":"https:\/\/group.voltalis.com\/fr\/type-de-contenu\/communiques-de-presse\/partenariat-sud-gironde-voltalis-6874"},"wordCount":677,"commentCount":0,"image":{"@id":"https:\/\/group.voltalis.com\/fr\/type-de-contenu\/communiques-de-presse\/partenariat-sud-gironde-voltalis-6874#primaryimage"},"thumbnailUrl":"https:\/\/group.voltalis.com\/wp-content\/uploads\/2022\/10\/image.png","articleSection":["Collectivit\u00e9s","Communiqu\u00e9s"],"inLanguage":"fr-FR"},{"@type":"WebPage","@id":"https:\/\/group.voltalis.com\/fr\/type-de-contenu\/communiques-de-presse\/partenariat-sud-gironde-voltalis-6874","url":"https:\/\/group.voltalis.com\/fr\/type-de-contenu\/communiques-de-presse\/partenariat-sud-gironde-voltalis-6874","name":"Le P\u00f4le Territorial Sud Gironde d\u00e9ploie la solution Voltalis","isPartOf":{"@id":"https:\/\/group.voltalis.com\/en\/#website"},"primaryImageOfPage":{"@id":"https:\/\/group.voltalis.com\/fr\/type-de-contenu\/communiques-de-presse\/partenariat-sud-gironde-voltalis-6874#primaryimage"},"image":{"@id":"https:\/\/group.voltalis.com\/fr\/type-de-contenu\/communiques-de-presse\/partenariat-sud-gironde-voltalis-6874#primaryimage"},"thumbnailUrl":"https:\/\/group.voltalis.com\/wp-content\/uploads\/2022\/10\/image.png","datePublished":"2023-03-20T10:32:22+00:00","dateModified":"2025-09-04T15:17:51+00:00","author":{"@id":"https:\/\/group.voltalis.com\/en\/#\/schema\/person\/cd75df70a442080ba333ff81754527b8"},"description":"Le P\u00f4le Territorial Sud Gironde propose \u00e0 ses habitants d'\u00eatre \u00e9quip\u00e9s gratuitement de la solution d'\u00e9conomies d'\u00e9nergie de Voltalis.","breadcrumb":{"@id":"https:\/\/group.voltalis.com\/fr\/type-de-contenu\/communiques-de-presse\/partenariat-sud-gironde-voltalis-6874#breadcrumb"},"inLanguage":"fr-FR","potentialAction":[{"@type":"ReadAction","target":["https:\/\/group.voltalis.com\/fr\/type-de-contenu\/communiques-de-presse\/partenariat-sud-gironde-voltalis-6874"]}]},{"@type":"ImageObject","inLanguage":"fr-FR","@id":"https:\/\/group.voltalis.com\/fr\/type-de-contenu\/communiques-de-presse\/partenariat-sud-gironde-voltalis-6874#primaryimage","url":"https:\/\/group.voltalis.com\/wp-content\/uploads\/2022\/10\/image.png","contentUrl":"https:\/\/group.voltalis.com\/wp-content\/uploads\/2022\/10\/image.png"},{"@type":"BreadcrumbList","@id":"https:\/\/group.voltalis.com\/fr\/type-de-contenu\/communiques-de-presse\/partenariat-sud-gironde-voltalis-6874#breadcrumb","itemListElement":[{"@type":"ListItem","position":1,"name":"Home","item":"https:\/\/group.voltalis.com\/fr"},{"@type":"ListItem","position":2,"name":"En partenariat avec Voltalis, le P\u00f4le Territorial Sud Gironde d\u00e9ploie une solution de sobri\u00e9t\u00e9 \u00e9nerg\u00e9tique 100 % gratuite aupr\u00e8s de ses habitants"}]},{"@type":"WebSite","@id":"https:\/\/group.voltalis.com\/en\/#website","url":"https:\/\/group.voltalis.com\/en\/","name":"Groupe Voltalis","description":"Bien plus que des \u00e9conomies d&#039;\u00e9nergie","potentialAction":[{"@type":"SearchAction","target":{"@type":"EntryPoint","urlTemplate":"https:\/\/group.voltalis.com\/en\/?s={search_term_string}"},"query-input":{"@type":"PropertyValueSpecification","valueRequired":true,"valueName":"search_term_string"}}],"inLanguage":"fr-FR"},{"@type":"Person","@id":"https:\/\/group.voltalis.com\/en\/#\/schema\/person\/cd75df70a442080ba333ff81754527b8","name":"admin","image":{"@type":"ImageObject","inLanguage":"fr-FR","@id":"https:\/\/secure.gravatar.com\/avatar\/d33819406c6fd656ae073a4bf8663fc5da17ca34c0a8d21882949b205ec67922?s=96&d=mm&r=g","url":"https:\/\/secure.gravatar.com\/avatar\/d33819406c6fd656ae073a4bf8663fc5da17ca34c0a8d21882949b205ec67922?s=96&d=mm&r=g","contentUrl":"https:\/\/secure.gravatar.com\/avatar\/d33819406c6fd656ae073a4bf8663fc5da17ca34c0a8d21882949b205ec67922?s=96&d=mm&r=g","caption":"admin"},"sameAs":["https:\/\/group.voltalis.com"],"url":"https:\/\/group.voltalis.com\/fr\/author\/admin"}]}},"_links":{"self":[{"href":"https:\/\/group.voltalis.com\/fr\/wp-json\/wp\/v2\/posts\/6874","targetHints":{"allow":["GET"]}}],"collection":[{"href":"https:\/\/group.voltalis.com\/fr\/wp-json\/wp\/v2\/posts"}],"about":[{"href":"https:\/\/group.voltalis.com\/fr\/wp-json\/wp\/v2\/types\/post"}],"author":[{"embeddable":true,"href":"https:\/\/group.voltalis.com\/fr\/wp-json\/wp\/v2\/users\/1"}],"replies":[{"embeddable":true,"href":"https:\/\/group.voltalis.com\/fr\/wp-json\/wp\/v2\/comments?post=6874"}],"version-history":[{"count":1,"href":"https:\/\/group.voltalis.com\/fr\/wp-json\/wp\/v2\/posts\/6874\/revisions"}],"predecessor-version":[{"id":10465,"href":"https:\/\/group.voltalis.com\/fr\/wp-json\/wp\/v2\/posts\/6874\/revisions\/10465"}],"wp:attachment":[{"href":"https:\/\/group.voltalis.com\/fr\/wp-json\/wp\/v2\/media?parent=6874"}],"wp:term":[{"taxonomy":"category","embeddable":true,"href":"https:\/\/group.voltalis.com\/fr\/wp-json\/wp\/v2\/categories?post=6874"},{"taxonomy":"post_tag","embeddable":true,"href":"https:\/\/group.voltalis.com\/fr\/wp-json\/wp\/v2\/tags?post=6874"}],"curies":[{"name":"wp","href":"https:\/\/api.w.org\/{rel}","templated":true}]}}