{"id":6886,"date":"2023-03-16T14:49:36","date_gmt":"2023-03-16T13:49:36","guid":{"rendered":"https:\/\/group.voltalis.com\/?p=6886"},"modified":"2025-09-05T10:09:53","modified_gmt":"2025-09-05T08:09:53","slug":"partenariat-cluses-voltalis","status":"publish","type":"post","link":"https:\/\/group.voltalis.com\/fr\/type-de-contenu\/communiques-de-presse\/partenariat-cluses-voltalis-6886","title":{"rendered":"La communaut\u00e9 de communes de Cluses Arve et montagnes agit pour la sobri\u00e9t\u00e9 \u00e9nerg\u00e9tique et soutient le d\u00e9ploiement de la solution de pilotage du chauffage \u00e9lectrique de Voltalis"},"content":{"rendered":"\n<p>Terre industrielle d\u2019innovations avec notamment la fili\u00e8re du d\u00e9colletage et foyer de la domotique \u00e0 la fran\u00e7aise, la communaut\u00e9 de communes de Cluses Arve et montagnes (2CCAM) est particuli\u00e8rement sensibilis\u00e9e \u00e0 la qualit\u00e9 de l\u2019air et \u00e0 la lutte contre les effets du d\u00e9r\u00e8glement climatique.<\/p>\n\n\n\n<p>Dans ce cadre, la communaut\u00e9 de communes se mobilise et agit \u00e0 travers son <a href=\"https:\/\/www.ecologie.gouv.fr\/action-des-territoires-transition-energetique#e0\" target=\"_blank\" rel=\"noreferrer noopener nofollow\">PCAET<\/a> qui a pour principaux objectifs de r\u00e9duire de 75% les \u00e9missions de gaz \u00e0 effet de serre et de 50% les consommations \u00e9nerg\u00e9tiques du territoire d\u2019ici 2050.<\/p>\n\n\n\n<p>Afin de renforcer cette dynamique, la communaut\u00e9 de communes de <a href=\"https:\/\/www.2ccam.fr\/fr\/\" target=\"_blank\" rel=\"noreferrer noopener nofollow\">Cluses Arve et montagnes<\/a><strong> <\/strong>signe un partenariat avec la soci\u00e9t\u00e9 Voltalis, leader des solutions de pilotage du chauffage \u00e9lectrique. &nbsp;<\/p>\n\n\n\n<p>L\u2019objectif est de <strong>permettre aux 4<\/strong><strong>&nbsp;<\/strong><strong>800 logements du territoire chauff\u00e9s au tout \u00e9lectrique de b\u00e9n\u00e9ficier gratuitement d\u2019un dispositif d\u2019\u00e9conomie d\u2019\u00e9nergie innovant<\/strong>. Dans le contexte de hausse durable des prix de l\u2019\u00e9nergie et de risque de p\u00e9nurie d\u2019\u00e9lectricit\u00e9 cet hiver, cette d\u00e9marche a pour objectif de favoriser la sobri\u00e9t\u00e9 \u00e9nerg\u00e9tique, tout en soutenant le pouvoir d\u2019achat des m\u00e9nages.<\/p>\n\n\n\n<h2 class=\"wp-block-heading\"><strong>Un dispositif de pilotage du chauffage \u00e9lectrique, gratuit et sans abonnement<\/strong><\/h2>\n\n\n\n<p>Le dispositif Voltalis est un v\u00e9ritable <strong>thermostat connect\u00e9<\/strong> <strong>d\u00e9di\u00e9 au chauffage \u00e9lectrique<\/strong><strong>, <\/strong>qui repr\u00e9sente 66% de la consommation totale d\u2019un logement selon l\u2019ADEME. Il permet <strong>de piloter ses radiateurs<\/strong> et de suivre et de ma\u00eetriser ses d\u00e9penses, <strong>sans rien n\u2019avoir \u00e0 payer, ni changer de fournisseur<\/strong>.<\/p>\n\n\n\n<p>Les foyers \u00e9quip\u00e9s peuvent ainsi <strong>programmer en toute simplicit\u00e9 leur chauffage \u00e9lectrique<\/strong> <strong>pour plus de confort et d\u2019\u00e9conomies<\/strong> en les pilotant \u00e0 distance, par exemple s\u2019ils rentrent plus t\u00f4t que pr\u00e9vu \u00e0 la maison.<\/p>\n\n\n\n<p>Au final, les foyers peuvent <strong>r\u00e9aliser jusqu\u2019\u00e0 15% d\u2019\u00e9conomie sur leur consommation \u00e9lectrique annuelle<\/strong>, une action concr\u00e8te en faveur du pouvoir d\u2019achat.<\/p>\n\n\n<div class=\"wp-block-image\">\n<figure class=\"aligncenter size-large is-resized\"><img loading=\"lazy\" decoding=\"async\" src=\"https:\/\/group.voltalis.com\/wp-content\/uploads\/2022\/10\/My-Voltalis-Ma-ConsoProgrammation-LR-3-1024x683.png\" alt=\"\" class=\"wp-image-6230\" width=\"512\" height=\"342\" srcset=\"https:\/\/group.voltalis.com\/wp-content\/uploads\/2022\/10\/My-Voltalis-Ma-ConsoProgrammation-LR-3-1024x683.png 1024w, https:\/\/group.voltalis.com\/wp-content\/uploads\/2022\/10\/My-Voltalis-Ma-ConsoProgrammation-LR-3-300x200.png 300w, https:\/\/group.voltalis.com\/wp-content\/uploads\/2022\/10\/My-Voltalis-Ma-ConsoProgrammation-LR-3-768x512.png 768w, https:\/\/group.voltalis.com\/wp-content\/uploads\/2022\/10\/My-Voltalis-Ma-ConsoProgrammation-LR-3.png 1500w\" sizes=\"auto, (max-width: 512px) 100vw, 512px\" \/><figcaption class=\"wp-element-caption\">L&rsquo;application MyVoltalis de pilotage pour tous les radiateurs \u00e9lectriques<\/figcaption><\/figure>\n<\/div>\n\n\n<h2 class=\"wp-block-heading\"><strong>Une solution \u00e9cocitoyenne en faveur de la s\u00e9curit\u00e9 du r\u00e9seau \u00e9lectrique cet hiver<\/strong><\/h2>\n\n\n\n<p>Au-del\u00e0 des \u00e9conomies d\u2019\u00e9nergie r\u00e9alis\u00e9es en pilotant leur chauffage, <strong>les adh\u00e9rents Voltalis participent<\/strong> <strong>activement \u00e0 la s\u00e9curit\u00e9 de l\u2019approvisionnement \u00e9lectrique de tous et \u00e0 la baisse des \u00e9missions de CO<sub>2<\/sub>.<\/strong><\/p>\n\n\n\n<p>La crise \u00e9nerg\u00e9tique et le manque de production du parc nucl\u00e9aire fran\u00e7ais mettent \u00e0 mal notre syst\u00e8me \u00e9lectrique, avec le risque d\u2019avoir recours \u00e0 des d\u00e9lestages cibl\u00e9s notamment lors des pics de consommation hivernaux. \u00e0 ces moments critiques, Voltalis peut agir en modulant tr\u00e8s bri\u00e8vement la puissance de milliers d\u2019appareils de chauffage connect\u00e9s \u00e0 son dispositif, <strong>sans jamais impacter le confort des occupants<\/strong>.<\/p>\n\n\n\n<p>Gr\u00e2ce \u00e0 ses actions, <strong>le r\u00e9seau est soulag\u00e9 aux moments o\u00f9 il en a besoin<\/strong>, ce qui a un triple int\u00e9r\u00eat&nbsp;:<\/p>\n\n\n\n<ul class=\"wp-block-list\">\n<li>\u00c9viter le recours syst\u00e9matique \u00e0 des centrales thermiques polluantes&nbsp;;<\/li>\n\n\n\n<li>R\u00e9duire les \u00e9missions de CO<sub>2<\/sub><sub>&nbsp;<\/sub>;<\/li>\n\n\n\n<li>Limiter les risques de d\u00e9lestage et de coupure d\u2019alimentation.<\/li>\n<\/ul>\n\n\n\n<h2 class=\"wp-block-heading\"><strong>Comment les habitants de Cluses peuvent b\u00e9n\u00e9ficier du dispositif innovant de Voltalis ?<\/strong><\/h2>\n\n\n\n<p><strong>Propri\u00e9taires comme locataires, tous les foyers chauff\u00e9s \u00e0 l\u2019\u00e9lectricit\u00e9<\/strong> de Cluses Arve et montagnes, peuvent profiter gratuitement du dispositif Voltalis, install\u00e9 en 2 heures 30 environ, par un technicien agr\u00e9\u00e9.<\/p>\n\n\n\n<p>Des conseillers Voltalis viendront directement \u00e0 la rencontre des habitants du territoire pour leur pr\u00e9senter le service, r\u00e9pondre \u00e0 leurs questions et proposer un rendez-vous d\u2019installation.<\/p>\n\n\n\n<p>Pour en b\u00e9n\u00e9ficier sans attendre, les habitants du territoire de Cluses peuvent contacter Voltalis et convenir d\u2019un rendez-vous d\u2019installation par t\u00e9l\u00e9phone, au <strong>04&nbsp;56&nbsp;60&nbsp;87&nbsp;47<\/strong> (lundi au vendredi 9&nbsp;h-18&nbsp;h et samedi, 10&nbsp;h-18&nbsp;h, service bas\u00e9 en France, appel non surtax\u00e9) ou par courriel \u00e0 l\u2019adresse&nbsp;: <strong><a href=\"mailto:2ccam@voltalis.com\">2ccam@voltalis.com<\/a><\/strong><\/p>\n\n\n\n<p><strong>Contacts presse&nbsp;:<\/strong><\/p>\n\n\n\n<ul class=\"wp-block-list\">\n<li><strong>Pour la communaut\u00e9 de communes de Cluses Arve et montagnes&nbsp;:<\/strong> Jennifer ZACCOLETTI &#8211; jzaccoletti@2ccam.fr<\/li>\n<\/ul>\n\n\n\n<ul class=\"wp-block-list\">\n<li><strong>Pour Voltalis :&nbsp;presse@voltalis.com<\/strong> &#8211; Emma CORSON &#8211; Responsable Presse &#8211; 07 60 89 81 89<\/li>\n<\/ul>\n","protected":false},"excerpt":{"rendered":"<p>Terre industrielle d\u2019innovations avec notamment la fili\u00e8re du d\u00e9colletage et foyer de la domotique \u00e0 la fran\u00e7aise, la communaut\u00e9 de communes de Cluses Arve et montagnes (2CCAM) est particuli\u00e8rement sensibilis\u00e9e \u00e0 la qualit\u00e9 de l\u2019air et \u00e0 la lutte contre les effets du d\u00e9r\u00e8glement climatique. Dans ce cadre, la communaut\u00e9 de communes se mobilise et [&hellip;]<\/p>\n","protected":false},"author":1,"featured_media":0,"comment_status":"open","ping_status":"closed","sticky":false,"template":"","format":"standard","meta":{"_acf_changed":false,"inline_featured_image":false,"footnotes":""},"categories":[199,3],"tags":[],"class_list":["post-6886","post","type-post","status-publish","format-standard","hentry","category-collectivites","category-communiques-de-presse"],"acf":[],"yoast_head":"<!-- This site is optimized with the Yoast SEO plugin v27.5 - https:\/\/yoast.com\/product\/yoast-seo-wordpress\/ -->\n<title>Cluses Arve et montagnes agit pour la sobri\u00e9t\u00e9 avec Voltalis<\/title>\n<meta name=\"description\" content=\"Cluses Arve et montagnes permet \u00e0 ses habitants de b\u00e9n\u00e9ficier gratuitement de la solution de pilotage du chauffage \u00e9lectrique de Voltalis\" \/>\n<meta name=\"robots\" content=\"index, follow, max-snippet:-1, max-image-preview:large, max-video-preview:-1\" \/>\n<link rel=\"canonical\" href=\"https:\/\/group.voltalis.com\/fr\/type-de-contenu\/communiques-de-presse\/partenariat-cluses-voltalis-6886\" \/>\n<meta property=\"og:locale\" content=\"fr_FR\" \/>\n<meta property=\"og:type\" content=\"article\" \/>\n<meta property=\"og:title\" content=\"Cluses Arve et montagnes agit pour la sobri\u00e9t\u00e9 avec Voltalis\" \/>\n<meta property=\"og:description\" content=\"Cluses Arve et montagnes permet \u00e0 ses habitants de b\u00e9n\u00e9ficier gratuitement de la solution de pilotage du chauffage \u00e9lectrique de Voltalis\" \/>\n<meta property=\"og:url\" content=\"https:\/\/group.voltalis.com\/fr\/type-de-contenu\/communiques-de-presse\/partenariat-cluses-voltalis-6886\" \/>\n<meta property=\"og:site_name\" content=\"Groupe Voltalis\" \/>\n<meta property=\"article:publisher\" content=\"https:\/\/www.facebook.com\/pages\/category\/Product-Service\/Voltalis-178720392179068\/\" \/>\n<meta property=\"article:published_time\" content=\"2023-03-16T13:49:36+00:00\" \/>\n<meta property=\"article:modified_time\" content=\"2025-09-05T08:09:53+00:00\" \/>\n<meta property=\"og:image\" content=\"https:\/\/group.voltalis.com\/wp-content\/uploads\/2022\/10\/My-Voltalis-Ma-ConsoProgrammation-LR-3.png\" \/>\n\t<meta property=\"og:image:width\" content=\"1500\" \/>\n\t<meta property=\"og:image:height\" content=\"1000\" \/>\n\t<meta property=\"og:image:type\" content=\"image\/png\" \/>\n<meta name=\"author\" content=\"admin\" \/>\n<meta name=\"twitter:card\" content=\"summary_large_image\" \/>\n<meta name=\"twitter:label1\" content=\"\u00c9crit par\" \/>\n\t<meta name=\"twitter:data1\" content=\"admin\" \/>\n\t<meta name=\"twitter:label2\" content=\"Dur\u00e9e de lecture estim\u00e9e\" \/>\n\t<meta name=\"twitter:data2\" content=\"3 minutes\" \/>\n<script type=\"application\/ld+json\" class=\"yoast-schema-graph\">{\"@context\":\"https:\\\/\\\/schema.org\",\"@graph\":[{\"@type\":\"Article\",\"@id\":\"https:\\\/\\\/group.voltalis.com\\\/fr\\\/type-de-contenu\\\/communiques-de-presse\\\/partenariat-cluses-voltalis-6886#article\",\"isPartOf\":{\"@id\":\"https:\\\/\\\/group.voltalis.com\\\/fr\\\/type-de-contenu\\\/communiques-de-presse\\\/partenariat-cluses-voltalis-6886\"},\"author\":{\"name\":\"admin\",\"@id\":\"https:\\\/\\\/group.voltalis.com\\\/en\\\/#\\\/schema\\\/person\\\/cd75df70a442080ba333ff81754527b8\"},\"headline\":\"La communaut\u00e9 de communes de Cluses Arve et montagnes agit pour la sobri\u00e9t\u00e9 \u00e9nerg\u00e9tique et soutient le d\u00e9ploiement de la solution de pilotage du chauffage \u00e9lectrique de Voltalis\",\"datePublished\":\"2023-03-16T13:49:36+00:00\",\"dateModified\":\"2025-09-05T08:09:53+00:00\",\"mainEntityOfPage\":{\"@id\":\"https:\\\/\\\/group.voltalis.com\\\/fr\\\/type-de-contenu\\\/communiques-de-presse\\\/partenariat-cluses-voltalis-6886\"},\"wordCount\":696,\"commentCount\":0,\"image\":{\"@id\":\"https:\\\/\\\/group.voltalis.com\\\/fr\\\/type-de-contenu\\\/communiques-de-presse\\\/partenariat-cluses-voltalis-6886#primaryimage\"},\"thumbnailUrl\":\"https:\\\/\\\/group.voltalis.com\\\/wp-content\\\/uploads\\\/2022\\\/10\\\/My-Voltalis-Ma-ConsoProgrammation-LR-3-1024x683.png\",\"articleSection\":[\"Collectivit\u00e9s\",\"Communiqu\u00e9s\"],\"inLanguage\":\"fr-FR\"},{\"@type\":\"WebPage\",\"@id\":\"https:\\\/\\\/group.voltalis.com\\\/fr\\\/type-de-contenu\\\/communiques-de-presse\\\/partenariat-cluses-voltalis-6886\",\"url\":\"https:\\\/\\\/group.voltalis.com\\\/fr\\\/type-de-contenu\\\/communiques-de-presse\\\/partenariat-cluses-voltalis-6886\",\"name\":\"Cluses Arve et montagnes agit pour la sobri\u00e9t\u00e9 avec Voltalis\",\"isPartOf\":{\"@id\":\"https:\\\/\\\/group.voltalis.com\\\/en\\\/#website\"},\"primaryImageOfPage\":{\"@id\":\"https:\\\/\\\/group.voltalis.com\\\/fr\\\/type-de-contenu\\\/communiques-de-presse\\\/partenariat-cluses-voltalis-6886#primaryimage\"},\"image\":{\"@id\":\"https:\\\/\\\/group.voltalis.com\\\/fr\\\/type-de-contenu\\\/communiques-de-presse\\\/partenariat-cluses-voltalis-6886#primaryimage\"},\"thumbnailUrl\":\"https:\\\/\\\/group.voltalis.com\\\/wp-content\\\/uploads\\\/2022\\\/10\\\/My-Voltalis-Ma-ConsoProgrammation-LR-3-1024x683.png\",\"datePublished\":\"2023-03-16T13:49:36+00:00\",\"dateModified\":\"2025-09-05T08:09:53+00:00\",\"author\":{\"@id\":\"https:\\\/\\\/group.voltalis.com\\\/en\\\/#\\\/schema\\\/person\\\/cd75df70a442080ba333ff81754527b8\"},\"description\":\"Cluses Arve et montagnes permet \u00e0 ses habitants de b\u00e9n\u00e9ficier gratuitement de la solution de pilotage du chauffage \u00e9lectrique de Voltalis\",\"breadcrumb\":{\"@id\":\"https:\\\/\\\/group.voltalis.com\\\/fr\\\/type-de-contenu\\\/communiques-de-presse\\\/partenariat-cluses-voltalis-6886#breadcrumb\"},\"inLanguage\":\"fr-FR\",\"potentialAction\":[{\"@type\":\"ReadAction\",\"target\":[\"https:\\\/\\\/group.voltalis.com\\\/fr\\\/type-de-contenu\\\/communiques-de-presse\\\/partenariat-cluses-voltalis-6886\"]}]},{\"@type\":\"ImageObject\",\"inLanguage\":\"fr-FR\",\"@id\":\"https:\\\/\\\/group.voltalis.com\\\/fr\\\/type-de-contenu\\\/communiques-de-presse\\\/partenariat-cluses-voltalis-6886#primaryimage\",\"url\":\"https:\\\/\\\/group.voltalis.com\\\/wp-content\\\/uploads\\\/2022\\\/10\\\/My-Voltalis-Ma-ConsoProgrammation-LR-3-1024x683.png\",\"contentUrl\":\"https:\\\/\\\/group.voltalis.com\\\/wp-content\\\/uploads\\\/2022\\\/10\\\/My-Voltalis-Ma-ConsoProgrammation-LR-3-1024x683.png\"},{\"@type\":\"BreadcrumbList\",\"@id\":\"https:\\\/\\\/group.voltalis.com\\\/fr\\\/type-de-contenu\\\/communiques-de-presse\\\/partenariat-cluses-voltalis-6886#breadcrumb\",\"itemListElement\":[{\"@type\":\"ListItem\",\"position\":1,\"name\":\"Home\",\"item\":\"https:\\\/\\\/group.voltalis.com\\\/fr\"},{\"@type\":\"ListItem\",\"position\":2,\"name\":\"La communaut\u00e9 de communes de Cluses Arve et montagnes agit pour la sobri\u00e9t\u00e9 \u00e9nerg\u00e9tique et soutient le d\u00e9ploiement de la solution de pilotage du chauffage \u00e9lectrique de Voltalis\"}]},{\"@type\":\"WebSite\",\"@id\":\"https:\\\/\\\/group.voltalis.com\\\/en\\\/#website\",\"url\":\"https:\\\/\\\/group.voltalis.com\\\/en\\\/\",\"name\":\"Groupe Voltalis\",\"description\":\"Bien plus que des \u00e9conomies d&#039;\u00e9nergie\",\"potentialAction\":[{\"@type\":\"SearchAction\",\"target\":{\"@type\":\"EntryPoint\",\"urlTemplate\":\"https:\\\/\\\/group.voltalis.com\\\/en\\\/?s={search_term_string}\"},\"query-input\":{\"@type\":\"PropertyValueSpecification\",\"valueRequired\":true,\"valueName\":\"search_term_string\"}}],\"inLanguage\":\"fr-FR\"},{\"@type\":\"Person\",\"@id\":\"https:\\\/\\\/group.voltalis.com\\\/en\\\/#\\\/schema\\\/person\\\/cd75df70a442080ba333ff81754527b8\",\"name\":\"admin\",\"image\":{\"@type\":\"ImageObject\",\"inLanguage\":\"fr-FR\",\"@id\":\"https:\\\/\\\/secure.gravatar.com\\\/avatar\\\/d33819406c6fd656ae073a4bf8663fc5da17ca34c0a8d21882949b205ec67922?s=96&d=mm&r=g\",\"url\":\"https:\\\/\\\/secure.gravatar.com\\\/avatar\\\/d33819406c6fd656ae073a4bf8663fc5da17ca34c0a8d21882949b205ec67922?s=96&d=mm&r=g\",\"contentUrl\":\"https:\\\/\\\/secure.gravatar.com\\\/avatar\\\/d33819406c6fd656ae073a4bf8663fc5da17ca34c0a8d21882949b205ec67922?s=96&d=mm&r=g\",\"caption\":\"admin\"},\"sameAs\":[\"https:\\\/\\\/group.voltalis.com\"],\"url\":\"https:\\\/\\\/group.voltalis.com\\\/fr\\\/author\\\/admin\"}]}<\/script>\n<!-- \/ Yoast SEO plugin. -->","yoast_head_json":{"title":"Cluses Arve et montagnes agit pour la sobri\u00e9t\u00e9 avec Voltalis","description":"Cluses Arve et montagnes permet \u00e0 ses habitants de b\u00e9n\u00e9ficier gratuitement de la solution de pilotage du chauffage \u00e9lectrique de Voltalis","robots":{"index":"index","follow":"follow","max-snippet":"max-snippet:-1","max-image-preview":"max-image-preview:large","max-video-preview":"max-video-preview:-1"},"canonical":"https:\/\/group.voltalis.com\/fr\/type-de-contenu\/communiques-de-presse\/partenariat-cluses-voltalis-6886","og_locale":"fr_FR","og_type":"article","og_title":"Cluses Arve et montagnes agit pour la sobri\u00e9t\u00e9 avec Voltalis","og_description":"Cluses Arve et montagnes permet \u00e0 ses habitants de b\u00e9n\u00e9ficier gratuitement de la solution de pilotage du chauffage \u00e9lectrique de Voltalis","og_url":"https:\/\/group.voltalis.com\/fr\/type-de-contenu\/communiques-de-presse\/partenariat-cluses-voltalis-6886","og_site_name":"Groupe Voltalis","article_publisher":"https:\/\/www.facebook.com\/pages\/category\/Product-Service\/Voltalis-178720392179068\/","article_published_time":"2023-03-16T13:49:36+00:00","article_modified_time":"2025-09-05T08:09:53+00:00","og_image":[{"width":1500,"height":1000,"url":"https:\/\/group.voltalis.com\/wp-content\/uploads\/2022\/10\/My-Voltalis-Ma-ConsoProgrammation-LR-3.png","type":"image\/png"}],"author":"admin","twitter_card":"summary_large_image","twitter_misc":{"\u00c9crit par":"admin","Dur\u00e9e de lecture estim\u00e9e":"3 minutes"},"schema":{"@context":"https:\/\/schema.org","@graph":[{"@type":"Article","@id":"https:\/\/group.voltalis.com\/fr\/type-de-contenu\/communiques-de-presse\/partenariat-cluses-voltalis-6886#article","isPartOf":{"@id":"https:\/\/group.voltalis.com\/fr\/type-de-contenu\/communiques-de-presse\/partenariat-cluses-voltalis-6886"},"author":{"name":"admin","@id":"https:\/\/group.voltalis.com\/en\/#\/schema\/person\/cd75df70a442080ba333ff81754527b8"},"headline":"La communaut\u00e9 de communes de Cluses Arve et montagnes agit pour la sobri\u00e9t\u00e9 \u00e9nerg\u00e9tique et soutient le d\u00e9ploiement de la solution de pilotage du chauffage \u00e9lectrique de Voltalis","datePublished":"2023-03-16T13:49:36+00:00","dateModified":"2025-09-05T08:09:53+00:00","mainEntityOfPage":{"@id":"https:\/\/group.voltalis.com\/fr\/type-de-contenu\/communiques-de-presse\/partenariat-cluses-voltalis-6886"},"wordCount":696,"commentCount":0,"image":{"@id":"https:\/\/group.voltalis.com\/fr\/type-de-contenu\/communiques-de-presse\/partenariat-cluses-voltalis-6886#primaryimage"},"thumbnailUrl":"https:\/\/group.voltalis.com\/wp-content\/uploads\/2022\/10\/My-Voltalis-Ma-ConsoProgrammation-LR-3-1024x683.png","articleSection":["Collectivit\u00e9s","Communiqu\u00e9s"],"inLanguage":"fr-FR"},{"@type":"WebPage","@id":"https:\/\/group.voltalis.com\/fr\/type-de-contenu\/communiques-de-presse\/partenariat-cluses-voltalis-6886","url":"https:\/\/group.voltalis.com\/fr\/type-de-contenu\/communiques-de-presse\/partenariat-cluses-voltalis-6886","name":"Cluses Arve et montagnes agit pour la sobri\u00e9t\u00e9 avec Voltalis","isPartOf":{"@id":"https:\/\/group.voltalis.com\/en\/#website"},"primaryImageOfPage":{"@id":"https:\/\/group.voltalis.com\/fr\/type-de-contenu\/communiques-de-presse\/partenariat-cluses-voltalis-6886#primaryimage"},"image":{"@id":"https:\/\/group.voltalis.com\/fr\/type-de-contenu\/communiques-de-presse\/partenariat-cluses-voltalis-6886#primaryimage"},"thumbnailUrl":"https:\/\/group.voltalis.com\/wp-content\/uploads\/2022\/10\/My-Voltalis-Ma-ConsoProgrammation-LR-3-1024x683.png","datePublished":"2023-03-16T13:49:36+00:00","dateModified":"2025-09-05T08:09:53+00:00","author":{"@id":"https:\/\/group.voltalis.com\/en\/#\/schema\/person\/cd75df70a442080ba333ff81754527b8"},"description":"Cluses Arve et montagnes permet \u00e0 ses habitants de b\u00e9n\u00e9ficier gratuitement de la solution de pilotage du chauffage \u00e9lectrique de Voltalis","breadcrumb":{"@id":"https:\/\/group.voltalis.com\/fr\/type-de-contenu\/communiques-de-presse\/partenariat-cluses-voltalis-6886#breadcrumb"},"inLanguage":"fr-FR","potentialAction":[{"@type":"ReadAction","target":["https:\/\/group.voltalis.com\/fr\/type-de-contenu\/communiques-de-presse\/partenariat-cluses-voltalis-6886"]}]},{"@type":"ImageObject","inLanguage":"fr-FR","@id":"https:\/\/group.voltalis.com\/fr\/type-de-contenu\/communiques-de-presse\/partenariat-cluses-voltalis-6886#primaryimage","url":"https:\/\/group.voltalis.com\/wp-content\/uploads\/2022\/10\/My-Voltalis-Ma-ConsoProgrammation-LR-3-1024x683.png","contentUrl":"https:\/\/group.voltalis.com\/wp-content\/uploads\/2022\/10\/My-Voltalis-Ma-ConsoProgrammation-LR-3-1024x683.png"},{"@type":"BreadcrumbList","@id":"https:\/\/group.voltalis.com\/fr\/type-de-contenu\/communiques-de-presse\/partenariat-cluses-voltalis-6886#breadcrumb","itemListElement":[{"@type":"ListItem","position":1,"name":"Home","item":"https:\/\/group.voltalis.com\/fr"},{"@type":"ListItem","position":2,"name":"La communaut\u00e9 de communes de Cluses Arve et montagnes agit pour la sobri\u00e9t\u00e9 \u00e9nerg\u00e9tique et soutient le d\u00e9ploiement de la solution de pilotage du chauffage \u00e9lectrique de Voltalis"}]},{"@type":"WebSite","@id":"https:\/\/group.voltalis.com\/en\/#website","url":"https:\/\/group.voltalis.com\/en\/","name":"Groupe Voltalis","description":"Bien plus que des \u00e9conomies d&#039;\u00e9nergie","potentialAction":[{"@type":"SearchAction","target":{"@type":"EntryPoint","urlTemplate":"https:\/\/group.voltalis.com\/en\/?s={search_term_string}"},"query-input":{"@type":"PropertyValueSpecification","valueRequired":true,"valueName":"search_term_string"}}],"inLanguage":"fr-FR"},{"@type":"Person","@id":"https:\/\/group.voltalis.com\/en\/#\/schema\/person\/cd75df70a442080ba333ff81754527b8","name":"admin","image":{"@type":"ImageObject","inLanguage":"fr-FR","@id":"https:\/\/secure.gravatar.com\/avatar\/d33819406c6fd656ae073a4bf8663fc5da17ca34c0a8d21882949b205ec67922?s=96&d=mm&r=g","url":"https:\/\/secure.gravatar.com\/avatar\/d33819406c6fd656ae073a4bf8663fc5da17ca34c0a8d21882949b205ec67922?s=96&d=mm&r=g","contentUrl":"https:\/\/secure.gravatar.com\/avatar\/d33819406c6fd656ae073a4bf8663fc5da17ca34c0a8d21882949b205ec67922?s=96&d=mm&r=g","caption":"admin"},"sameAs":["https:\/\/group.voltalis.com"],"url":"https:\/\/group.voltalis.com\/fr\/author\/admin"}]}},"_links":{"self":[{"href":"https:\/\/group.voltalis.com\/fr\/wp-json\/wp\/v2\/posts\/6886","targetHints":{"allow":["GET"]}}],"collection":[{"href":"https:\/\/group.voltalis.com\/fr\/wp-json\/wp\/v2\/posts"}],"about":[{"href":"https:\/\/group.voltalis.com\/fr\/wp-json\/wp\/v2\/types\/post"}],"author":[{"embeddable":true,"href":"https:\/\/group.voltalis.com\/fr\/wp-json\/wp\/v2\/users\/1"}],"replies":[{"embeddable":true,"href":"https:\/\/group.voltalis.com\/fr\/wp-json\/wp\/v2\/comments?post=6886"}],"version-history":[{"count":1,"href":"https:\/\/group.voltalis.com\/fr\/wp-json\/wp\/v2\/posts\/6886\/revisions"}],"predecessor-version":[{"id":10499,"href":"https:\/\/group.voltalis.com\/fr\/wp-json\/wp\/v2\/posts\/6886\/revisions\/10499"}],"wp:attachment":[{"href":"https:\/\/group.voltalis.com\/fr\/wp-json\/wp\/v2\/media?parent=6886"}],"wp:term":[{"taxonomy":"category","embeddable":true,"href":"https:\/\/group.voltalis.com\/fr\/wp-json\/wp\/v2\/categories?post=6886"},{"taxonomy":"post_tag","embeddable":true,"href":"https:\/\/group.voltalis.com\/fr\/wp-json\/wp\/v2\/tags?post=6886"}],"curies":[{"name":"wp","href":"https:\/\/api.w.org\/{rel}","templated":true}]}}