{"id":6890,"date":"2023-03-14T15:11:46","date_gmt":"2023-03-14T14:11:46","guid":{"rendered":"https:\/\/group.voltalis.com\/?p=6890"},"modified":"2025-09-05T10:12:40","modified_gmt":"2025-09-05T08:12:40","slug":"partenariat-grands-lacs-voltalis","status":"publish","type":"post","link":"https:\/\/group.voltalis.com\/fr\/type-de-contenu\/communiques-de-presse\/partenariat-grands-lacs-voltalis-6890","title":{"rendered":"La Communaut\u00e9 de communes des Grands Lacs propose le thermostat connect\u00e9 Voltalis pour \u00e9quiper gratuitement ses habitants chauff\u00e9s \u00e0 l\u2019\u00e9lectrique"},"content":{"rendered":"\n<p class=\"has-text-align-center\"><strong>Une solution vertueuse pour l\u2019environnement et le pouvoir d\u2019achat<\/strong><\/p>\n\n\n\n<p>Dans le cadre de sa d\u00e9marche de d\u00e9veloppement durable et \u00e0 travers un Plan climat air \u00e9nergie territorial ambitieux, la <a href=\"https:\/\/www.ccgrandslacs.fr\/\" target=\"_blank\" rel=\"noreferrer noopener nofollow\">Communaut\u00e9 de communes des Grands Lacs<\/a> s\u2019est fix\u00e9 des objectifs clairs&nbsp;: r\u00e9duire de 37 % les consommations d\u2019\u00e9nergie et de 35 % ses \u00e9missions de gaz \u00e0 effet de serre d\u2019ici 2030. Des enjeux d\u2019autant plus importants que les prix de l\u2019\u00e9nergie s\u2019envolent depuis plusieurs mois et impactent fortement le pouvoir d\u2019achat des foyers. Fin 2022, la Communaut\u00e9 de Communes des Grands Lacs a sign\u00e9 avec la soci\u00e9t\u00e9 Voltalis une convention de partenariat pour le d\u00e9veloppement de capacit\u00e9s de pilotage de la consommation \u00e9lectrique au profit de la transition \u00e9cologique. Le d\u00e9ploiement de la solution Voltalis n&rsquo;entra\u00eene aucun co\u00fbt pour notre territoire car il est financ\u00e9 par les op\u00e9rateurs du syst\u00e8me \u00e9lectrique, dont RTE, filiale d&rsquo;EDF en charge du transport d&rsquo;\u00e9lectricit\u00e9. Voltalis \u00e9tant le seul acteur qualifi\u00e9 \u00e0 ce titre par RTE. Par cette convention, Voltalis assure la prise en charge du co\u00fbt de ces installations et la mise \u00e0 disposition sans frais de ses bo\u00eetiers.<\/p>\n\n\n\n<h2 class=\"wp-block-heading\">Une solution gratuite et \u00e9cocitoyenne pour ma\u00eetriser sa consommation \u00e9lectrique<\/h2>\n\n\n\n<p>Concr\u00e8tement, Voltalis installe un petit bo\u00eetier connect\u00e9 sur chacun des radiateurs du logement ou du local professionnel. Via son espace personnel en ligne (<a href=\"https:\/\/www.voltalis.com\/myvoltalis-lapplication-de-suivi-de-consommation-electrique\" target=\"_blank\" rel=\"noreferrer noopener\">MyVoltalis<\/a>), l&rsquo;utilisateur peut suivre sa consommation au quotidien pour mieux la ma\u00eetriser, piloter \u00e0 distance ses radiateurs pi\u00e8ce par pi\u00e8ce et b\u00e9n\u00e9ficier de conseils pour d\u00e9penser moins (bilan de consommation, alerte en cas de d\u00e9passement des objectifs fix\u00e9s\u2026).<\/p>\n\n\n\n<p>Parall\u00e8lement, la technologie Voltalis contribue \u00e0 soulager le r\u00e9seau \u00e9lectrique aux moments o\u00f9 il est en tension, notamment en hiver. En r\u00e9duisant la consommation de dizaines de milliers de radiateurs \u00e0 ces moments, la solution Voltalis contribue \u00e0 faire baisser la demande \u00e9lectrique nationale et permet d\u2019\u00e9quilibrer en temps r\u00e9el la production et la consommation. Ce m\u00e9canisme limite le recours \u00e0 des centrales thermiques d\u2019appoint au fioul, au gaz ou au charbon, tr\u00e8s polluantes.<\/p>\n\n\n\n<p>Cette solution permet \u00e0 6 600 logements et locaux professionnels du territoire de b\u00e9n\u00e9ficier gratuitement de ce dispositif. Ils peuvent ainsi r\u00e9aliser jusqu\u2019\u00e0 15 % d\u2019\u00e9conomies d\u2019\u00e9nergie annuelle, contribuer \u00e0 la <a href=\"https:\/\/www.voltalis.com\/transition-energetique\/quest-ce-que-la-transition-energetique-3535\" target=\"_blank\" rel=\"noreferrer noopener\">transition \u00e9cologique<\/a> du territoire et participer \u00e0 la s\u00e9curisation de l\u2019approvisionnement \u00e9lectrique des Fran\u00e7ais.<\/p>\n\n\n\n<p>Ce dispositif est totalement gratuit et sans abonnement, en contrepartie des services rendus au r\u00e9seau dans les moments critiques. Il est financ\u00e9 par les op\u00e9rateurs du syst\u00e8me \u00e9lectrique, dont <a href=\"https:\/\/www.rte-france.com\/\" target=\"_blank\" rel=\"noreferrer noopener nofollow\">RTE<\/a>, filiale d&rsquo;EDF en charge du transport d&rsquo;\u00e9lectricit\u00e9. A ce titre, Voltalis est le seul acteur qualifi\u00e9 par RTE depuis 2008.<\/p>\n\n\n\n<h2 class=\"wp-block-heading\">Comment b\u00e9n\u00e9ficier&nbsp;du dispositif d\u2019\u00e9co-sobri\u00e9t\u00e9 Voltalis sur le territoire de Grand Lacs ?<\/h2>\n\n\n\n<p>Des conseillers Voltalis viendront&nbsp;\u00e0 la rencontre des particuliers et des professionnels du territoire pour leur pr\u00e9senter la solution, r\u00e9pondre \u00e0 leurs questions et proposer la prise un rendez-vous d&rsquo;installation. Un technicien agr\u00e9\u00e9 intervient ensuite pour installer le dispositif, en 2h30 en moyenne selon le nombre de radiateurs \u00e0 \u00e9quiper. &nbsp;<\/p>\n\n\n\n<p>Tous les habitants, qu&rsquo;ils soient propri\u00e9taires ou locataires peuvent solliciter l&rsquo;installation de ce dispositif. Ils peuvent \u00e9galement directement contacter le <strong>05 40 25 69 96 <\/strong>ou par mail&nbsp;:<strong> <a href=\"mailto:ccgrandslacs@voltalis.com\">ccgrandslacs@voltalis.com<\/a><\/strong><\/p>\n\n\n\n<p><strong>Contacts presse&nbsp;:<\/strong><\/p>\n\n\n\n<ul class=\"wp-block-list\">\n<li><strong>Pour la Communaut\u00e9 de communes des Grands Lacs :<\/strong> Julien FERR\u00c8RE-TASTET &#8211; <a href=\"mailto:j.ferrere@ccgrandslacs.fr\">j.ferrere@ccgrandslacs.fr<\/a> &#8211; 05 58 78 54 63<\/li>\n<\/ul>\n\n\n\n<ul class=\"wp-block-list\">\n<li><strong>Pour Voltalis\u00a0:<\/strong> <strong>presse@voltalis.com<\/strong> &#8211; Emma CORSON &#8211; Responsable Presse &#8211; 07 60 89 81 89<\/li>\n<\/ul>\n","protected":false},"excerpt":{"rendered":"<p>Une solution vertueuse pour l\u2019environnement et le pouvoir d\u2019achat Dans le cadre de sa d\u00e9marche de d\u00e9veloppement durable et \u00e0 travers un Plan climat air \u00e9nergie territorial ambitieux, la Communaut\u00e9 de communes des Grands Lacs s\u2019est fix\u00e9 des objectifs clairs&nbsp;: r\u00e9duire de 37 % les consommations d\u2019\u00e9nergie et de 35 % ses \u00e9missions de gaz [&hellip;]<\/p>\n","protected":false},"author":1,"featured_media":0,"comment_status":"open","ping_status":"closed","sticky":false,"template":"","format":"standard","meta":{"_acf_changed":false,"inline_featured_image":false,"footnotes":""},"categories":[199,3],"tags":[],"class_list":["post-6890","post","type-post","status-publish","format-standard","hentry","category-collectivites","category-communiques-de-presse"],"acf":[],"yoast_head":"<!-- This site is optimized with the Yoast SEO plugin v27.5 - https:\/\/yoast.com\/product\/yoast-seo-wordpress\/ -->\n<title>La CC Grands Lacs propose le thermostat connect\u00e9 Voltalis<\/title>\n<meta name=\"description\" content=\"La Communaut\u00e9 de communes des Grands Lacs propose aux habitants du territoire d&#039;\u00eatre \u00e9quip\u00e9s gratuitement du thermostat connect\u00e9 Voltalis.\" \/>\n<meta name=\"robots\" content=\"index, follow, max-snippet:-1, max-image-preview:large, max-video-preview:-1\" \/>\n<link rel=\"canonical\" href=\"https:\/\/group.voltalis.com\/fr\/type-de-contenu\/communiques-de-presse\/partenariat-grands-lacs-voltalis-6890\" \/>\n<meta property=\"og:locale\" content=\"fr_FR\" \/>\n<meta property=\"og:type\" content=\"article\" \/>\n<meta property=\"og:title\" content=\"La CC Grands Lacs propose le thermostat connect\u00e9 Voltalis\" \/>\n<meta property=\"og:description\" content=\"La Communaut\u00e9 de communes des Grands Lacs propose aux habitants du territoire d&#039;\u00eatre \u00e9quip\u00e9s gratuitement du thermostat connect\u00e9 Voltalis.\" \/>\n<meta property=\"og:url\" content=\"https:\/\/group.voltalis.com\/fr\/type-de-contenu\/communiques-de-presse\/partenariat-grands-lacs-voltalis-6890\" \/>\n<meta property=\"og:site_name\" content=\"Groupe Voltalis\" \/>\n<meta property=\"article:publisher\" content=\"https:\/\/www.facebook.com\/pages\/category\/Product-Service\/Voltalis-178720392179068\/\" \/>\n<meta property=\"article:published_time\" content=\"2023-03-14T14:11:46+00:00\" \/>\n<meta property=\"article:modified_time\" content=\"2025-09-05T08:12:40+00:00\" \/>\n<meta name=\"author\" content=\"admin\" \/>\n<meta name=\"twitter:card\" content=\"summary_large_image\" \/>\n<meta name=\"twitter:label1\" content=\"\u00c9crit par\" \/>\n\t<meta name=\"twitter:data1\" content=\"admin\" \/>\n\t<meta name=\"twitter:label2\" content=\"Dur\u00e9e de lecture estim\u00e9e\" \/>\n\t<meta name=\"twitter:data2\" content=\"3 minutes\" \/>\n<script type=\"application\/ld+json\" class=\"yoast-schema-graph\">{\"@context\":\"https:\\\/\\\/schema.org\",\"@graph\":[{\"@type\":\"Article\",\"@id\":\"https:\\\/\\\/group.voltalis.com\\\/fr\\\/type-de-contenu\\\/communiques-de-presse\\\/partenariat-grands-lacs-voltalis-6890#article\",\"isPartOf\":{\"@id\":\"https:\\\/\\\/group.voltalis.com\\\/fr\\\/type-de-contenu\\\/communiques-de-presse\\\/partenariat-grands-lacs-voltalis-6890\"},\"author\":{\"name\":\"admin\",\"@id\":\"https:\\\/\\\/group.voltalis.com\\\/en\\\/#\\\/schema\\\/person\\\/cd75df70a442080ba333ff81754527b8\"},\"headline\":\"La Communaut\u00e9 de communes des Grands Lacs propose le thermostat connect\u00e9 Voltalis pour \u00e9quiper gratuitement ses habitants chauff\u00e9s \u00e0 l\u2019\u00e9lectrique\",\"datePublished\":\"2023-03-14T14:11:46+00:00\",\"dateModified\":\"2025-09-05T08:12:40+00:00\",\"mainEntityOfPage\":{\"@id\":\"https:\\\/\\\/group.voltalis.com\\\/fr\\\/type-de-contenu\\\/communiques-de-presse\\\/partenariat-grands-lacs-voltalis-6890\"},\"wordCount\":606,\"commentCount\":0,\"articleSection\":[\"Collectivit\u00e9s\",\"Communiqu\u00e9s\"],\"inLanguage\":\"fr-FR\"},{\"@type\":\"WebPage\",\"@id\":\"https:\\\/\\\/group.voltalis.com\\\/fr\\\/type-de-contenu\\\/communiques-de-presse\\\/partenariat-grands-lacs-voltalis-6890\",\"url\":\"https:\\\/\\\/group.voltalis.com\\\/fr\\\/type-de-contenu\\\/communiques-de-presse\\\/partenariat-grands-lacs-voltalis-6890\",\"name\":\"La CC Grands Lacs propose le thermostat connect\u00e9 Voltalis\",\"isPartOf\":{\"@id\":\"https:\\\/\\\/group.voltalis.com\\\/en\\\/#website\"},\"datePublished\":\"2023-03-14T14:11:46+00:00\",\"dateModified\":\"2025-09-05T08:12:40+00:00\",\"author\":{\"@id\":\"https:\\\/\\\/group.voltalis.com\\\/en\\\/#\\\/schema\\\/person\\\/cd75df70a442080ba333ff81754527b8\"},\"description\":\"La Communaut\u00e9 de communes des Grands Lacs propose aux habitants du territoire d'\u00eatre \u00e9quip\u00e9s gratuitement du thermostat connect\u00e9 Voltalis.\",\"breadcrumb\":{\"@id\":\"https:\\\/\\\/group.voltalis.com\\\/fr\\\/type-de-contenu\\\/communiques-de-presse\\\/partenariat-grands-lacs-voltalis-6890#breadcrumb\"},\"inLanguage\":\"fr-FR\",\"potentialAction\":[{\"@type\":\"ReadAction\",\"target\":[\"https:\\\/\\\/group.voltalis.com\\\/fr\\\/type-de-contenu\\\/communiques-de-presse\\\/partenariat-grands-lacs-voltalis-6890\"]}]},{\"@type\":\"BreadcrumbList\",\"@id\":\"https:\\\/\\\/group.voltalis.com\\\/fr\\\/type-de-contenu\\\/communiques-de-presse\\\/partenariat-grands-lacs-voltalis-6890#breadcrumb\",\"itemListElement\":[{\"@type\":\"ListItem\",\"position\":1,\"name\":\"Home\",\"item\":\"https:\\\/\\\/group.voltalis.com\\\/fr\"},{\"@type\":\"ListItem\",\"position\":2,\"name\":\"La Communaut\u00e9 de communes des Grands Lacs propose le thermostat connect\u00e9 Voltalis pour \u00e9quiper gratuitement ses habitants chauff\u00e9s \u00e0 l\u2019\u00e9lectrique\"}]},{\"@type\":\"WebSite\",\"@id\":\"https:\\\/\\\/group.voltalis.com\\\/en\\\/#website\",\"url\":\"https:\\\/\\\/group.voltalis.com\\\/en\\\/\",\"name\":\"Groupe Voltalis\",\"description\":\"Bien plus que des \u00e9conomies d&#039;\u00e9nergie\",\"potentialAction\":[{\"@type\":\"SearchAction\",\"target\":{\"@type\":\"EntryPoint\",\"urlTemplate\":\"https:\\\/\\\/group.voltalis.com\\\/en\\\/?s={search_term_string}\"},\"query-input\":{\"@type\":\"PropertyValueSpecification\",\"valueRequired\":true,\"valueName\":\"search_term_string\"}}],\"inLanguage\":\"fr-FR\"},{\"@type\":\"Person\",\"@id\":\"https:\\\/\\\/group.voltalis.com\\\/en\\\/#\\\/schema\\\/person\\\/cd75df70a442080ba333ff81754527b8\",\"name\":\"admin\",\"image\":{\"@type\":\"ImageObject\",\"inLanguage\":\"fr-FR\",\"@id\":\"https:\\\/\\\/secure.gravatar.com\\\/avatar\\\/d33819406c6fd656ae073a4bf8663fc5da17ca34c0a8d21882949b205ec67922?s=96&d=mm&r=g\",\"url\":\"https:\\\/\\\/secure.gravatar.com\\\/avatar\\\/d33819406c6fd656ae073a4bf8663fc5da17ca34c0a8d21882949b205ec67922?s=96&d=mm&r=g\",\"contentUrl\":\"https:\\\/\\\/secure.gravatar.com\\\/avatar\\\/d33819406c6fd656ae073a4bf8663fc5da17ca34c0a8d21882949b205ec67922?s=96&d=mm&r=g\",\"caption\":\"admin\"},\"sameAs\":[\"https:\\\/\\\/group.voltalis.com\"],\"url\":\"https:\\\/\\\/group.voltalis.com\\\/fr\\\/author\\\/admin\"}]}<\/script>\n<!-- \/ Yoast SEO plugin. -->","yoast_head_json":{"title":"La CC Grands Lacs propose le thermostat connect\u00e9 Voltalis","description":"La Communaut\u00e9 de communes des Grands Lacs propose aux habitants du territoire d'\u00eatre \u00e9quip\u00e9s gratuitement du thermostat connect\u00e9 Voltalis.","robots":{"index":"index","follow":"follow","max-snippet":"max-snippet:-1","max-image-preview":"max-image-preview:large","max-video-preview":"max-video-preview:-1"},"canonical":"https:\/\/group.voltalis.com\/fr\/type-de-contenu\/communiques-de-presse\/partenariat-grands-lacs-voltalis-6890","og_locale":"fr_FR","og_type":"article","og_title":"La CC Grands Lacs propose le thermostat connect\u00e9 Voltalis","og_description":"La Communaut\u00e9 de communes des Grands Lacs propose aux habitants du territoire d'\u00eatre \u00e9quip\u00e9s gratuitement du thermostat connect\u00e9 Voltalis.","og_url":"https:\/\/group.voltalis.com\/fr\/type-de-contenu\/communiques-de-presse\/partenariat-grands-lacs-voltalis-6890","og_site_name":"Groupe Voltalis","article_publisher":"https:\/\/www.facebook.com\/pages\/category\/Product-Service\/Voltalis-178720392179068\/","article_published_time":"2023-03-14T14:11:46+00:00","article_modified_time":"2025-09-05T08:12:40+00:00","author":"admin","twitter_card":"summary_large_image","twitter_misc":{"\u00c9crit par":"admin","Dur\u00e9e de lecture estim\u00e9e":"3 minutes"},"schema":{"@context":"https:\/\/schema.org","@graph":[{"@type":"Article","@id":"https:\/\/group.voltalis.com\/fr\/type-de-contenu\/communiques-de-presse\/partenariat-grands-lacs-voltalis-6890#article","isPartOf":{"@id":"https:\/\/group.voltalis.com\/fr\/type-de-contenu\/communiques-de-presse\/partenariat-grands-lacs-voltalis-6890"},"author":{"name":"admin","@id":"https:\/\/group.voltalis.com\/en\/#\/schema\/person\/cd75df70a442080ba333ff81754527b8"},"headline":"La Communaut\u00e9 de communes des Grands Lacs propose le thermostat connect\u00e9 Voltalis pour \u00e9quiper gratuitement ses habitants chauff\u00e9s \u00e0 l\u2019\u00e9lectrique","datePublished":"2023-03-14T14:11:46+00:00","dateModified":"2025-09-05T08:12:40+00:00","mainEntityOfPage":{"@id":"https:\/\/group.voltalis.com\/fr\/type-de-contenu\/communiques-de-presse\/partenariat-grands-lacs-voltalis-6890"},"wordCount":606,"commentCount":0,"articleSection":["Collectivit\u00e9s","Communiqu\u00e9s"],"inLanguage":"fr-FR"},{"@type":"WebPage","@id":"https:\/\/group.voltalis.com\/fr\/type-de-contenu\/communiques-de-presse\/partenariat-grands-lacs-voltalis-6890","url":"https:\/\/group.voltalis.com\/fr\/type-de-contenu\/communiques-de-presse\/partenariat-grands-lacs-voltalis-6890","name":"La CC Grands Lacs propose le thermostat connect\u00e9 Voltalis","isPartOf":{"@id":"https:\/\/group.voltalis.com\/en\/#website"},"datePublished":"2023-03-14T14:11:46+00:00","dateModified":"2025-09-05T08:12:40+00:00","author":{"@id":"https:\/\/group.voltalis.com\/en\/#\/schema\/person\/cd75df70a442080ba333ff81754527b8"},"description":"La Communaut\u00e9 de communes des Grands Lacs propose aux habitants du territoire d'\u00eatre \u00e9quip\u00e9s gratuitement du thermostat connect\u00e9 Voltalis.","breadcrumb":{"@id":"https:\/\/group.voltalis.com\/fr\/type-de-contenu\/communiques-de-presse\/partenariat-grands-lacs-voltalis-6890#breadcrumb"},"inLanguage":"fr-FR","potentialAction":[{"@type":"ReadAction","target":["https:\/\/group.voltalis.com\/fr\/type-de-contenu\/communiques-de-presse\/partenariat-grands-lacs-voltalis-6890"]}]},{"@type":"BreadcrumbList","@id":"https:\/\/group.voltalis.com\/fr\/type-de-contenu\/communiques-de-presse\/partenariat-grands-lacs-voltalis-6890#breadcrumb","itemListElement":[{"@type":"ListItem","position":1,"name":"Home","item":"https:\/\/group.voltalis.com\/fr"},{"@type":"ListItem","position":2,"name":"La Communaut\u00e9 de communes des Grands Lacs propose le thermostat connect\u00e9 Voltalis pour \u00e9quiper gratuitement ses habitants chauff\u00e9s \u00e0 l\u2019\u00e9lectrique"}]},{"@type":"WebSite","@id":"https:\/\/group.voltalis.com\/en\/#website","url":"https:\/\/group.voltalis.com\/en\/","name":"Groupe Voltalis","description":"Bien plus que des \u00e9conomies d&#039;\u00e9nergie","potentialAction":[{"@type":"SearchAction","target":{"@type":"EntryPoint","urlTemplate":"https:\/\/group.voltalis.com\/en\/?s={search_term_string}"},"query-input":{"@type":"PropertyValueSpecification","valueRequired":true,"valueName":"search_term_string"}}],"inLanguage":"fr-FR"},{"@type":"Person","@id":"https:\/\/group.voltalis.com\/en\/#\/schema\/person\/cd75df70a442080ba333ff81754527b8","name":"admin","image":{"@type":"ImageObject","inLanguage":"fr-FR","@id":"https:\/\/secure.gravatar.com\/avatar\/d33819406c6fd656ae073a4bf8663fc5da17ca34c0a8d21882949b205ec67922?s=96&d=mm&r=g","url":"https:\/\/secure.gravatar.com\/avatar\/d33819406c6fd656ae073a4bf8663fc5da17ca34c0a8d21882949b205ec67922?s=96&d=mm&r=g","contentUrl":"https:\/\/secure.gravatar.com\/avatar\/d33819406c6fd656ae073a4bf8663fc5da17ca34c0a8d21882949b205ec67922?s=96&d=mm&r=g","caption":"admin"},"sameAs":["https:\/\/group.voltalis.com"],"url":"https:\/\/group.voltalis.com\/fr\/author\/admin"}]}},"_links":{"self":[{"href":"https:\/\/group.voltalis.com\/fr\/wp-json\/wp\/v2\/posts\/6890","targetHints":{"allow":["GET"]}}],"collection":[{"href":"https:\/\/group.voltalis.com\/fr\/wp-json\/wp\/v2\/posts"}],"about":[{"href":"https:\/\/group.voltalis.com\/fr\/wp-json\/wp\/v2\/types\/post"}],"author":[{"embeddable":true,"href":"https:\/\/group.voltalis.com\/fr\/wp-json\/wp\/v2\/users\/1"}],"replies":[{"embeddable":true,"href":"https:\/\/group.voltalis.com\/fr\/wp-json\/wp\/v2\/comments?post=6890"}],"version-history":[{"count":1,"href":"https:\/\/group.voltalis.com\/fr\/wp-json\/wp\/v2\/posts\/6890\/revisions"}],"predecessor-version":[{"id":10500,"href":"https:\/\/group.voltalis.com\/fr\/wp-json\/wp\/v2\/posts\/6890\/revisions\/10500"}],"wp:attachment":[{"href":"https:\/\/group.voltalis.com\/fr\/wp-json\/wp\/v2\/media?parent=6890"}],"wp:term":[{"taxonomy":"category","embeddable":true,"href":"https:\/\/group.voltalis.com\/fr\/wp-json\/wp\/v2\/categories?post=6890"},{"taxonomy":"post_tag","embeddable":true,"href":"https:\/\/group.voltalis.com\/fr\/wp-json\/wp\/v2\/tags?post=6890"}],"curies":[{"name":"wp","href":"https:\/\/api.w.org\/{rel}","templated":true}]}}