{"id":6897,"date":"2023-04-03T11:06:29","date_gmt":"2023-04-03T09:06:29","guid":{"rendered":"https:\/\/group.voltalis.com\/?p=6897"},"modified":"2025-09-05T10:09:07","modified_gmt":"2025-09-05T08:09:07","slug":"la-lysed-choisit-la-solution-gratuite-de-voltalis","status":"publish","type":"post","link":"https:\/\/group.voltalis.com\/fr\/type-de-contenu\/communiques-de-presse\/la-lysed-choisit-la-solution-gratuite-de-voltalis-6897","title":{"rendered":"La Communaut\u00e9 de Communes Lyon Saint-Exup\u00e9ry en Dauphin\u00e9 &#8211; Lysed &#8211;\u00a0choisit la solution gratuite de sobri\u00e9t\u00e9 \u00e9nerg\u00e9tique de Voltalis pour ses habitants"},"content":{"rendered":"\n<p class=\"has-text-align-center\"><strong><em>Une solution vertueuse pour l\u2019environnement et le pouvoir d\u2019achat des foyers chauff\u00e9s \u00e0 l\u2019\u00e9lectricit\u00e9<\/em><\/strong><\/p>\n\n\n\n<p>En signant un partenariat avec la soci\u00e9t\u00e9 Voltalis, la Lysed ou <a href=\"https:\/\/www.lysed.fr\/\" target=\"_blank\" rel=\"noreferrer noopener nofollow\">Communaut\u00e9 de Communes Lyon Saint-Exup\u00e9ry<\/a> r\u00e9pond concr\u00e8tement aux enjeux de son plan climat air \u00e9nergie territorial, adopt\u00e9 le 17 janvier dernier. Ce plan vise \u00e0 att\u00e9nuer le changement climatique et adapter le territoire \u00e0 ses effets en identifiant des moyens d\u2019actions concrets pour ses habitants.<\/p>\n\n\n\n<h2 class=\"wp-block-heading\"><strong>Voltalis, la solution gratuite d\u2019\u00e9conomies d\u2019\u00e9nergie pour tous les habitants de la Lysed<\/strong><\/h2>\n\n\n\n<p>Le <a href=\"https:\/\/www.voltalis.com\/particuliers\/notre-solution\" target=\"_blank\" rel=\"noreferrer noopener\">thermostat intelligent et connect\u00e9<\/a> de Voltalis se pr\u00e9sente sous la forme de bo\u00eetiers install\u00e9s sur chaque radiateur et \u00e9quipe d\u00e9j\u00e0 plus de 150 000 particuliers et professionnels en France. Les adh\u00e9rents b\u00e9n\u00e9ficient d\u2019un&nbsp;espace s\u00e9curis\u00e9 en ligne pour piloter et programmer leur chauffage \u00e9lectrique \u00e0 distance, suivre leur consommation et profiter de conseils pratiques pour mieux ma\u00eetriser leurs d\u00e9penses.<\/p>\n\n\n\n<p>En parall\u00e8le, ce dispositif innovant participe \u00e0 la s\u00e9curit\u00e9 du syst\u00e8me \u00e9lectrique en r\u00e9duisant automatiquement la consommation lorsque le r\u00e9seau est en tension, lors des pics de consommation hivernaux ou des al\u00e9as de production des \u00e9nergies renouvelables. Des moments critiques pendant lesquels le syst\u00e8me fait habituellement appel \u00e0 des centrales thermiques polluantes pour compenser le d\u00e9s\u00e9quilibre.<\/p>\n\n\n\n<p>Ces actions permettent de r\u00e9aliser jusqu\u2019\u00e0 15 % d\u2019\u00e9conomies d\u2019\u00e9nergies pour un foyer moyen.<\/p>\n\n\n<div class=\"wp-block-image\">\n<figure class=\"aligncenter size-full is-resized\"><img loading=\"lazy\" decoding=\"async\" src=\"https:\/\/group.voltalis.com\/wp-content\/uploads\/2022\/10\/image.png\" alt=\"Le thermostat connect\u00e9 Voltalis et son application de suivi et de pilotage du chauffage\" class=\"wp-image-6211\" width=\"744\" height=\"243\" srcset=\"https:\/\/group.voltalis.com\/wp-content\/uploads\/2022\/10\/image.png 992w, https:\/\/group.voltalis.com\/wp-content\/uploads\/2022\/10\/image-300x98.png 300w, https:\/\/group.voltalis.com\/wp-content\/uploads\/2022\/10\/image-768x251.png 768w\" sizes=\"auto, (max-width: 744px) 100vw, 744px\" \/><figcaption class=\"wp-element-caption\">Le thermostat connect\u00e9 Voltalis et son application de pilotage du chauffage \u00e9lectrique<\/figcaption><\/figure>\n<\/div>\n\n\n<h2 class=\"wp-block-heading\"><strong>Comment b\u00e9n\u00e9ficier de ce dispositif d\u2019\u00e9co-sobri\u00e9t\u00e9 gratuit sur le territoire de la Lysed ?<\/strong><\/h2>\n\n\n\n<p>3 500 foyers (propri\u00e9taires ou locataires), commerces, bureaux et b\u00e2timents publics chauff\u00e9s au tout \u00e9lectrique sur le territoire de Lysed sont \u00e9ligibles \u00e0 cette solution. Des conseillers Voltalis viendront \u00e0 la rencontre des habitants du territoire \u00e0 partir du 11 avril 2023 pour leur pr\u00e9senter la solution, r\u00e9pondre \u00e0 leurs questions et proposer la prise d\u2019un rendez-vous d&rsquo;installation. Un technicien agr\u00e9\u00e9 intervient ensuite en 2h30 en moyenne, selon le nombre de radiateurs \u00e0 \u00e9quiper. Il est \u00e9galement possible de contacter Voltalis directement au <strong>04 56 60 87 47 <\/strong>ou par mail :<strong> <a href=\"mailto:lysed@voltalis.com\" target=\"_blank\" rel=\"noreferrer noopener\">lysed@voltalis.com<\/a>.<\/strong><\/p>\n\n\n\n<p><strong>Contacts presse<\/strong> :<\/p>\n\n\n\n<ul class=\"wp-block-list\">\n<li><strong>Pour la Lysed <\/strong> : Maud Allagnat &#8211; pcaet@lysed.fr<\/li>\n<\/ul>\n\n\n\n<ul class=\"wp-block-list\">\n<li><strong>Pour Voltalis :<\/strong> <strong>presse@voltalis.com<\/strong> &#8211;  Emma CORSON &#8211; Responsable des Relations Presse &#8211; 07 60 89 81 89<\/li>\n<\/ul>\n\n\n\n<p><strong><a href=\"https:\/\/group.voltalis.com\/wp-content\/uploads\/2023\/04\/Communique-presse-LYSED-Voltalis.pdf\" target=\"_blank\" rel=\"noreferrer noopener\">T\u00e9l\u00e9charger le communiqu\u00e9 de presse Voltalis x Lyser <\/a><\/strong><\/p>\n\n\n\n<p><\/p>\n","protected":false},"excerpt":{"rendered":"<p>Une solution vertueuse pour l\u2019environnement et le pouvoir d\u2019achat des foyers chauff\u00e9s \u00e0 l\u2019\u00e9lectricit\u00e9 En signant un partenariat avec la soci\u00e9t\u00e9 Voltalis, la Lysed ou Communaut\u00e9 de Communes Lyon Saint-Exup\u00e9ry r\u00e9pond concr\u00e8tement aux enjeux de son plan climat air \u00e9nergie territorial, adopt\u00e9 le 17 janvier dernier. Ce plan vise \u00e0 att\u00e9nuer le changement climatique et [&hellip;]<\/p>\n","protected":false},"author":1,"featured_media":0,"comment_status":"open","ping_status":"closed","sticky":false,"template":"","format":"standard","meta":{"_acf_changed":false,"inline_featured_image":false,"footnotes":""},"categories":[199,3],"tags":[],"class_list":["post-6897","post","type-post","status-publish","format-standard","hentry","category-collectivites","category-communiques-de-presse"],"acf":[],"yoast_head":"<!-- This site is optimized with the Yoast SEO plugin v27.5 - https:\/\/yoast.com\/product\/yoast-seo-wordpress\/ -->\n<title>La Lysed choisit la solution gratuite de Voltalis<\/title>\n<meta name=\"description\" content=\"La Lysed propose \u00e0 tous ses habitants chauff\u00e9s \u00e0 l&#039;\u00e9lectricit\u00e9 d&#039;\u00eatre \u00e9quip\u00e9s gratuitement de la solution d&#039;\u00e9conomie d&#039;\u00e9nergie Voltalis.\" \/>\n<meta name=\"robots\" content=\"index, follow, max-snippet:-1, max-image-preview:large, max-video-preview:-1\" \/>\n<link rel=\"canonical\" href=\"https:\/\/group.voltalis.com\/fr\/type-de-contenu\/communiques-de-presse\/la-lysed-choisit-la-solution-gratuite-de-voltalis-6897\" \/>\n<meta property=\"og:locale\" content=\"fr_FR\" \/>\n<meta property=\"og:type\" content=\"article\" \/>\n<meta property=\"og:title\" content=\"La Lysed choisit la solution gratuite de Voltalis\" \/>\n<meta property=\"og:description\" content=\"La Lysed propose \u00e0 tous ses habitants chauff\u00e9s \u00e0 l&#039;\u00e9lectricit\u00e9 d&#039;\u00eatre \u00e9quip\u00e9s gratuitement de la solution d&#039;\u00e9conomie d&#039;\u00e9nergie Voltalis.\" \/>\n<meta property=\"og:url\" content=\"https:\/\/group.voltalis.com\/fr\/type-de-contenu\/communiques-de-presse\/la-lysed-choisit-la-solution-gratuite-de-voltalis-6897\" \/>\n<meta property=\"og:site_name\" content=\"Groupe Voltalis\" \/>\n<meta property=\"article:publisher\" content=\"https:\/\/www.facebook.com\/pages\/category\/Product-Service\/Voltalis-178720392179068\/\" \/>\n<meta property=\"article:published_time\" content=\"2023-04-03T09:06:29+00:00\" \/>\n<meta property=\"article:modified_time\" content=\"2025-09-05T08:09:07+00:00\" \/>\n<meta property=\"og:image\" content=\"https:\/\/group.voltalis.com\/wp-content\/uploads\/2022\/10\/image.png\" \/>\n\t<meta property=\"og:image:width\" content=\"992\" \/>\n\t<meta property=\"og:image:height\" content=\"324\" \/>\n\t<meta property=\"og:image:type\" content=\"image\/png\" \/>\n<meta name=\"author\" content=\"admin\" \/>\n<meta name=\"twitter:card\" content=\"summary_large_image\" \/>\n<meta name=\"twitter:label1\" content=\"\u00c9crit par\" \/>\n\t<meta name=\"twitter:data1\" content=\"admin\" \/>\n\t<meta name=\"twitter:label2\" content=\"Dur\u00e9e de lecture estim\u00e9e\" \/>\n\t<meta name=\"twitter:data2\" content=\"2 minutes\" \/>\n<script type=\"application\/ld+json\" class=\"yoast-schema-graph\">{\"@context\":\"https:\\\/\\\/schema.org\",\"@graph\":[{\"@type\":\"Article\",\"@id\":\"https:\\\/\\\/group.voltalis.com\\\/fr\\\/type-de-contenu\\\/communiques-de-presse\\\/la-lysed-choisit-la-solution-gratuite-de-voltalis-6897#article\",\"isPartOf\":{\"@id\":\"https:\\\/\\\/group.voltalis.com\\\/fr\\\/type-de-contenu\\\/communiques-de-presse\\\/la-lysed-choisit-la-solution-gratuite-de-voltalis-6897\"},\"author\":{\"name\":\"admin\",\"@id\":\"https:\\\/\\\/group.voltalis.com\\\/en\\\/#\\\/schema\\\/person\\\/cd75df70a442080ba333ff81754527b8\"},\"headline\":\"La Communaut\u00e9 de Communes Lyon Saint-Exup\u00e9ry en Dauphin\u00e9 &#8211; Lysed &#8211;\u00a0choisit la solution gratuite de sobri\u00e9t\u00e9 \u00e9nerg\u00e9tique de Voltalis pour ses habitants\",\"datePublished\":\"2023-04-03T09:06:29+00:00\",\"dateModified\":\"2025-09-05T08:09:07+00:00\",\"mainEntityOfPage\":{\"@id\":\"https:\\\/\\\/group.voltalis.com\\\/fr\\\/type-de-contenu\\\/communiques-de-presse\\\/la-lysed-choisit-la-solution-gratuite-de-voltalis-6897\"},\"wordCount\":414,\"commentCount\":0,\"image\":{\"@id\":\"https:\\\/\\\/group.voltalis.com\\\/fr\\\/type-de-contenu\\\/communiques-de-presse\\\/la-lysed-choisit-la-solution-gratuite-de-voltalis-6897#primaryimage\"},\"thumbnailUrl\":\"https:\\\/\\\/group.voltalis.com\\\/wp-content\\\/uploads\\\/2022\\\/10\\\/image.png\",\"articleSection\":[\"Collectivit\u00e9s\",\"Communiqu\u00e9s\"],\"inLanguage\":\"fr-FR\"},{\"@type\":\"WebPage\",\"@id\":\"https:\\\/\\\/group.voltalis.com\\\/fr\\\/type-de-contenu\\\/communiques-de-presse\\\/la-lysed-choisit-la-solution-gratuite-de-voltalis-6897\",\"url\":\"https:\\\/\\\/group.voltalis.com\\\/fr\\\/type-de-contenu\\\/communiques-de-presse\\\/la-lysed-choisit-la-solution-gratuite-de-voltalis-6897\",\"name\":\"La Lysed choisit la solution gratuite de Voltalis\",\"isPartOf\":{\"@id\":\"https:\\\/\\\/group.voltalis.com\\\/en\\\/#website\"},\"primaryImageOfPage\":{\"@id\":\"https:\\\/\\\/group.voltalis.com\\\/fr\\\/type-de-contenu\\\/communiques-de-presse\\\/la-lysed-choisit-la-solution-gratuite-de-voltalis-6897#primaryimage\"},\"image\":{\"@id\":\"https:\\\/\\\/group.voltalis.com\\\/fr\\\/type-de-contenu\\\/communiques-de-presse\\\/la-lysed-choisit-la-solution-gratuite-de-voltalis-6897#primaryimage\"},\"thumbnailUrl\":\"https:\\\/\\\/group.voltalis.com\\\/wp-content\\\/uploads\\\/2022\\\/10\\\/image.png\",\"datePublished\":\"2023-04-03T09:06:29+00:00\",\"dateModified\":\"2025-09-05T08:09:07+00:00\",\"author\":{\"@id\":\"https:\\\/\\\/group.voltalis.com\\\/en\\\/#\\\/schema\\\/person\\\/cd75df70a442080ba333ff81754527b8\"},\"description\":\"La Lysed propose \u00e0 tous ses habitants chauff\u00e9s \u00e0 l'\u00e9lectricit\u00e9 d'\u00eatre \u00e9quip\u00e9s gratuitement de la solution d'\u00e9conomie d'\u00e9nergie Voltalis.\",\"breadcrumb\":{\"@id\":\"https:\\\/\\\/group.voltalis.com\\\/fr\\\/type-de-contenu\\\/communiques-de-presse\\\/la-lysed-choisit-la-solution-gratuite-de-voltalis-6897#breadcrumb\"},\"inLanguage\":\"fr-FR\",\"potentialAction\":[{\"@type\":\"ReadAction\",\"target\":[\"https:\\\/\\\/group.voltalis.com\\\/fr\\\/type-de-contenu\\\/communiques-de-presse\\\/la-lysed-choisit-la-solution-gratuite-de-voltalis-6897\"]}]},{\"@type\":\"ImageObject\",\"inLanguage\":\"fr-FR\",\"@id\":\"https:\\\/\\\/group.voltalis.com\\\/fr\\\/type-de-contenu\\\/communiques-de-presse\\\/la-lysed-choisit-la-solution-gratuite-de-voltalis-6897#primaryimage\",\"url\":\"https:\\\/\\\/group.voltalis.com\\\/wp-content\\\/uploads\\\/2022\\\/10\\\/image.png\",\"contentUrl\":\"https:\\\/\\\/group.voltalis.com\\\/wp-content\\\/uploads\\\/2022\\\/10\\\/image.png\"},{\"@type\":\"BreadcrumbList\",\"@id\":\"https:\\\/\\\/group.voltalis.com\\\/fr\\\/type-de-contenu\\\/communiques-de-presse\\\/la-lysed-choisit-la-solution-gratuite-de-voltalis-6897#breadcrumb\",\"itemListElement\":[{\"@type\":\"ListItem\",\"position\":1,\"name\":\"Home\",\"item\":\"https:\\\/\\\/group.voltalis.com\\\/fr\"},{\"@type\":\"ListItem\",\"position\":2,\"name\":\"La Communaut\u00e9 de Communes Lyon Saint-Exup\u00e9ry en Dauphin\u00e9 &#8211; Lysed &#8211;\u00a0choisit la solution gratuite de sobri\u00e9t\u00e9 \u00e9nerg\u00e9tique de Voltalis pour ses habitants\"}]},{\"@type\":\"WebSite\",\"@id\":\"https:\\\/\\\/group.voltalis.com\\\/en\\\/#website\",\"url\":\"https:\\\/\\\/group.voltalis.com\\\/en\\\/\",\"name\":\"Groupe Voltalis\",\"description\":\"Bien plus que des \u00e9conomies d&#039;\u00e9nergie\",\"potentialAction\":[{\"@type\":\"SearchAction\",\"target\":{\"@type\":\"EntryPoint\",\"urlTemplate\":\"https:\\\/\\\/group.voltalis.com\\\/en\\\/?s={search_term_string}\"},\"query-input\":{\"@type\":\"PropertyValueSpecification\",\"valueRequired\":true,\"valueName\":\"search_term_string\"}}],\"inLanguage\":\"fr-FR\"},{\"@type\":\"Person\",\"@id\":\"https:\\\/\\\/group.voltalis.com\\\/en\\\/#\\\/schema\\\/person\\\/cd75df70a442080ba333ff81754527b8\",\"name\":\"admin\",\"image\":{\"@type\":\"ImageObject\",\"inLanguage\":\"fr-FR\",\"@id\":\"https:\\\/\\\/secure.gravatar.com\\\/avatar\\\/d33819406c6fd656ae073a4bf8663fc5da17ca34c0a8d21882949b205ec67922?s=96&d=mm&r=g\",\"url\":\"https:\\\/\\\/secure.gravatar.com\\\/avatar\\\/d33819406c6fd656ae073a4bf8663fc5da17ca34c0a8d21882949b205ec67922?s=96&d=mm&r=g\",\"contentUrl\":\"https:\\\/\\\/secure.gravatar.com\\\/avatar\\\/d33819406c6fd656ae073a4bf8663fc5da17ca34c0a8d21882949b205ec67922?s=96&d=mm&r=g\",\"caption\":\"admin\"},\"sameAs\":[\"https:\\\/\\\/group.voltalis.com\"],\"url\":\"https:\\\/\\\/group.voltalis.com\\\/fr\\\/author\\\/admin\"}]}<\/script>\n<!-- \/ Yoast SEO plugin. -->","yoast_head_json":{"title":"La Lysed choisit la solution gratuite de Voltalis","description":"La Lysed propose \u00e0 tous ses habitants chauff\u00e9s \u00e0 l'\u00e9lectricit\u00e9 d'\u00eatre \u00e9quip\u00e9s gratuitement de la solution d'\u00e9conomie d'\u00e9nergie Voltalis.","robots":{"index":"index","follow":"follow","max-snippet":"max-snippet:-1","max-image-preview":"max-image-preview:large","max-video-preview":"max-video-preview:-1"},"canonical":"https:\/\/group.voltalis.com\/fr\/type-de-contenu\/communiques-de-presse\/la-lysed-choisit-la-solution-gratuite-de-voltalis-6897","og_locale":"fr_FR","og_type":"article","og_title":"La Lysed choisit la solution gratuite de Voltalis","og_description":"La Lysed propose \u00e0 tous ses habitants chauff\u00e9s \u00e0 l'\u00e9lectricit\u00e9 d'\u00eatre \u00e9quip\u00e9s gratuitement de la solution d'\u00e9conomie d'\u00e9nergie Voltalis.","og_url":"https:\/\/group.voltalis.com\/fr\/type-de-contenu\/communiques-de-presse\/la-lysed-choisit-la-solution-gratuite-de-voltalis-6897","og_site_name":"Groupe Voltalis","article_publisher":"https:\/\/www.facebook.com\/pages\/category\/Product-Service\/Voltalis-178720392179068\/","article_published_time":"2023-04-03T09:06:29+00:00","article_modified_time":"2025-09-05T08:09:07+00:00","og_image":[{"width":992,"height":324,"url":"https:\/\/group.voltalis.com\/wp-content\/uploads\/2022\/10\/image.png","type":"image\/png"}],"author":"admin","twitter_card":"summary_large_image","twitter_misc":{"\u00c9crit par":"admin","Dur\u00e9e de lecture estim\u00e9e":"2 minutes"},"schema":{"@context":"https:\/\/schema.org","@graph":[{"@type":"Article","@id":"https:\/\/group.voltalis.com\/fr\/type-de-contenu\/communiques-de-presse\/la-lysed-choisit-la-solution-gratuite-de-voltalis-6897#article","isPartOf":{"@id":"https:\/\/group.voltalis.com\/fr\/type-de-contenu\/communiques-de-presse\/la-lysed-choisit-la-solution-gratuite-de-voltalis-6897"},"author":{"name":"admin","@id":"https:\/\/group.voltalis.com\/en\/#\/schema\/person\/cd75df70a442080ba333ff81754527b8"},"headline":"La Communaut\u00e9 de Communes Lyon Saint-Exup\u00e9ry en Dauphin\u00e9 &#8211; Lysed &#8211;\u00a0choisit la solution gratuite de sobri\u00e9t\u00e9 \u00e9nerg\u00e9tique de Voltalis pour ses habitants","datePublished":"2023-04-03T09:06:29+00:00","dateModified":"2025-09-05T08:09:07+00:00","mainEntityOfPage":{"@id":"https:\/\/group.voltalis.com\/fr\/type-de-contenu\/communiques-de-presse\/la-lysed-choisit-la-solution-gratuite-de-voltalis-6897"},"wordCount":414,"commentCount":0,"image":{"@id":"https:\/\/group.voltalis.com\/fr\/type-de-contenu\/communiques-de-presse\/la-lysed-choisit-la-solution-gratuite-de-voltalis-6897#primaryimage"},"thumbnailUrl":"https:\/\/group.voltalis.com\/wp-content\/uploads\/2022\/10\/image.png","articleSection":["Collectivit\u00e9s","Communiqu\u00e9s"],"inLanguage":"fr-FR"},{"@type":"WebPage","@id":"https:\/\/group.voltalis.com\/fr\/type-de-contenu\/communiques-de-presse\/la-lysed-choisit-la-solution-gratuite-de-voltalis-6897","url":"https:\/\/group.voltalis.com\/fr\/type-de-contenu\/communiques-de-presse\/la-lysed-choisit-la-solution-gratuite-de-voltalis-6897","name":"La Lysed choisit la solution gratuite de Voltalis","isPartOf":{"@id":"https:\/\/group.voltalis.com\/en\/#website"},"primaryImageOfPage":{"@id":"https:\/\/group.voltalis.com\/fr\/type-de-contenu\/communiques-de-presse\/la-lysed-choisit-la-solution-gratuite-de-voltalis-6897#primaryimage"},"image":{"@id":"https:\/\/group.voltalis.com\/fr\/type-de-contenu\/communiques-de-presse\/la-lysed-choisit-la-solution-gratuite-de-voltalis-6897#primaryimage"},"thumbnailUrl":"https:\/\/group.voltalis.com\/wp-content\/uploads\/2022\/10\/image.png","datePublished":"2023-04-03T09:06:29+00:00","dateModified":"2025-09-05T08:09:07+00:00","author":{"@id":"https:\/\/group.voltalis.com\/en\/#\/schema\/person\/cd75df70a442080ba333ff81754527b8"},"description":"La Lysed propose \u00e0 tous ses habitants chauff\u00e9s \u00e0 l'\u00e9lectricit\u00e9 d'\u00eatre \u00e9quip\u00e9s gratuitement de la solution d'\u00e9conomie d'\u00e9nergie Voltalis.","breadcrumb":{"@id":"https:\/\/group.voltalis.com\/fr\/type-de-contenu\/communiques-de-presse\/la-lysed-choisit-la-solution-gratuite-de-voltalis-6897#breadcrumb"},"inLanguage":"fr-FR","potentialAction":[{"@type":"ReadAction","target":["https:\/\/group.voltalis.com\/fr\/type-de-contenu\/communiques-de-presse\/la-lysed-choisit-la-solution-gratuite-de-voltalis-6897"]}]},{"@type":"ImageObject","inLanguage":"fr-FR","@id":"https:\/\/group.voltalis.com\/fr\/type-de-contenu\/communiques-de-presse\/la-lysed-choisit-la-solution-gratuite-de-voltalis-6897#primaryimage","url":"https:\/\/group.voltalis.com\/wp-content\/uploads\/2022\/10\/image.png","contentUrl":"https:\/\/group.voltalis.com\/wp-content\/uploads\/2022\/10\/image.png"},{"@type":"BreadcrumbList","@id":"https:\/\/group.voltalis.com\/fr\/type-de-contenu\/communiques-de-presse\/la-lysed-choisit-la-solution-gratuite-de-voltalis-6897#breadcrumb","itemListElement":[{"@type":"ListItem","position":1,"name":"Home","item":"https:\/\/group.voltalis.com\/fr"},{"@type":"ListItem","position":2,"name":"La Communaut\u00e9 de Communes Lyon Saint-Exup\u00e9ry en Dauphin\u00e9 &#8211; Lysed &#8211;\u00a0choisit la solution gratuite de sobri\u00e9t\u00e9 \u00e9nerg\u00e9tique de Voltalis pour ses habitants"}]},{"@type":"WebSite","@id":"https:\/\/group.voltalis.com\/en\/#website","url":"https:\/\/group.voltalis.com\/en\/","name":"Groupe Voltalis","description":"Bien plus que des \u00e9conomies d&#039;\u00e9nergie","potentialAction":[{"@type":"SearchAction","target":{"@type":"EntryPoint","urlTemplate":"https:\/\/group.voltalis.com\/en\/?s={search_term_string}"},"query-input":{"@type":"PropertyValueSpecification","valueRequired":true,"valueName":"search_term_string"}}],"inLanguage":"fr-FR"},{"@type":"Person","@id":"https:\/\/group.voltalis.com\/en\/#\/schema\/person\/cd75df70a442080ba333ff81754527b8","name":"admin","image":{"@type":"ImageObject","inLanguage":"fr-FR","@id":"https:\/\/secure.gravatar.com\/avatar\/d33819406c6fd656ae073a4bf8663fc5da17ca34c0a8d21882949b205ec67922?s=96&d=mm&r=g","url":"https:\/\/secure.gravatar.com\/avatar\/d33819406c6fd656ae073a4bf8663fc5da17ca34c0a8d21882949b205ec67922?s=96&d=mm&r=g","contentUrl":"https:\/\/secure.gravatar.com\/avatar\/d33819406c6fd656ae073a4bf8663fc5da17ca34c0a8d21882949b205ec67922?s=96&d=mm&r=g","caption":"admin"},"sameAs":["https:\/\/group.voltalis.com"],"url":"https:\/\/group.voltalis.com\/fr\/author\/admin"}]}},"_links":{"self":[{"href":"https:\/\/group.voltalis.com\/fr\/wp-json\/wp\/v2\/posts\/6897","targetHints":{"allow":["GET"]}}],"collection":[{"href":"https:\/\/group.voltalis.com\/fr\/wp-json\/wp\/v2\/posts"}],"about":[{"href":"https:\/\/group.voltalis.com\/fr\/wp-json\/wp\/v2\/types\/post"}],"author":[{"embeddable":true,"href":"https:\/\/group.voltalis.com\/fr\/wp-json\/wp\/v2\/users\/1"}],"replies":[{"embeddable":true,"href":"https:\/\/group.voltalis.com\/fr\/wp-json\/wp\/v2\/comments?post=6897"}],"version-history":[{"count":1,"href":"https:\/\/group.voltalis.com\/fr\/wp-json\/wp\/v2\/posts\/6897\/revisions"}],"predecessor-version":[{"id":10498,"href":"https:\/\/group.voltalis.com\/fr\/wp-json\/wp\/v2\/posts\/6897\/revisions\/10498"}],"wp:attachment":[{"href":"https:\/\/group.voltalis.com\/fr\/wp-json\/wp\/v2\/media?parent=6897"}],"wp:term":[{"taxonomy":"category","embeddable":true,"href":"https:\/\/group.voltalis.com\/fr\/wp-json\/wp\/v2\/categories?post=6897"},{"taxonomy":"post_tag","embeddable":true,"href":"https:\/\/group.voltalis.com\/fr\/wp-json\/wp\/v2\/tags?post=6897"}],"curies":[{"name":"wp","href":"https:\/\/api.w.org\/{rel}","templated":true}]}}