{"id":6904,"date":"2023-03-31T09:10:53","date_gmt":"2023-03-31T07:10:53","guid":{"rendered":"https:\/\/group.voltalis.com\/?p=6904"},"modified":"2025-09-04T16:33:14","modified_gmt":"2025-09-04T14:33:14","slug":"pays-du-mans-partenariat-voltalis","status":"publish","type":"post","link":"https:\/\/group.voltalis.com\/fr\/type-de-contenu\/communiques-de-presse\/pays-du-mans-partenariat-voltalis-6904","title":{"rendered":"Avec Voltalis, le Pays du Mans s\u2019engage pour \u00ab\u00a0une croissance s\u00fbre\u00a0\u00bb et en faveur de l\u2019innovation \u00e9nerg\u00e9tique de son territoire"},"content":{"rendered":"\n<p><em><strong>Le Pays du Mans propose \u00e0 ses habitants la solution de sobri\u00e9t\u00e9 \u00e9nerg\u00e9tique gratuite de Voltalis<\/strong><\/em>.<\/p>\n\n\n\n<p>Le Pays du Mans s\u2019est engag\u00e9 via son Plan Climat Air Energie Territorial \u00e0 mettre en \u0153uvre des actions concr\u00e8tes et innovantes de ma\u00eetrise des consommations \u00e9nerg\u00e9tiques, de d\u00e9veloppement des \u00e9nergies renouvelables et de r\u00e9duction des \u00e9missions de CO2.<\/p>\n\n\n\n<p>Dans ce cadre, le <a href=\"https:\/\/www.paysdumans.fr\/\" target=\"_blank\" rel=\"noreferrer noopener nofollow\">Pays du Mans<\/a> soutient l\u2019initiative de la soci\u00e9t\u00e9 fran\u00e7aise Voltalis permettant aux foyers du territoire chauff\u00e9s \u00e0 l\u2019\u00e9lectricit\u00e9 de b\u00e9n\u00e9ficier gratuitement d\u2019un bo\u00eetier de ma\u00eetrise et de r\u00e9duction de leur consommation d\u2019\u00e9nergie.<\/p>\n\n\n\n<p>Le d\u00e9ploiement de ce dispositif innovant a d\u00e9but\u00e9 le 20 mars 2023 par la commune du Mans puis sera progressivement \u00e9tendu aux autres communes volontaires du territoire.<\/p>\n\n\n\n<blockquote class=\"wp-block-quote is-layout-flow wp-block-quote-is-layout-flow\">\n<p><strong>St\u00e9phane Le Foll, Pr\u00e9sident Pays du Mans,&nbsp;Ancien Ministre :<\/strong> <em>\u00ab&nbsp;Le Pays du Mans a choisi Voltalis pour sa capacit\u00e9 d\u2019innovation au service de notre territoire et de leurs habitants pour faire face \u00e0 un triple enjeu&nbsp;: l\u2019urgence climatique, la baisse du pouvoir d\u2019achat et la crise \u00e9nerg\u00e9tique. Nous croyons \u00e0&nbsp;une croissance s\u00fbre&nbsp;pour notre r\u00e9gion, que ne se fera pas&nbsp;sans imagination ni innovation&nbsp;et c\u2019est l\u00e0 toute la valeur ajout\u00e9e de notre partenaire Voltalis \u00bb.&nbsp;<\/em><\/p>\n<\/blockquote>\n\n\n\n<blockquote class=\"wp-block-quote is-layout-flow wp-block-quote-is-layout-flow\">\n<p><strong>Mathieu Bineau, Directeur G\u00e9n\u00e9ral de Voltalis<\/strong>&nbsp;: <em>\u00ab&nbsp;Nous sommes ravis aujourd\u2019hui de nous positionner en partenaire d\u2019innovation du territoire du Mans. Voltalis accompagne les acteurs r\u00e9gionaux dans leur transition \u00e9nerg\u00e9tique depuis de nombreuses ann\u00e9es. Par leur ancrage local, nous sommes convaincus que les collectivit\u00e9s jouent un r\u00f4le essentiel pour&nbsp;aider les habitants \u00e0 contribuer activement \u00e0 la transition \u00e9nerg\u00e9tique de leur territoire, sans impacter leur confort.&nbsp;\u00bb<\/em><\/p>\n<\/blockquote>\n\n\n\n<h2 class=\"wp-block-heading\"><strong>Un bo\u00eetier connect\u00e9 pour mieux ma\u00eetriser sa consommation d\u2019\u00e9lectricit\u00e9<\/strong><\/h2>\n\n\n\n<p>Voltalis a d\u00e9velopp\u00e9 une technologie d\u2019efficacit\u00e9 \u00e9nerg\u00e9tique pour les logements chauff\u00e9s au tout \u00e9lectrique qui repose sur un bo\u00eetier connect\u00e9 install\u00e9 gratuitement en moins de 2 heures par un professionnel agr\u00e9\u00e9. Gr\u00e2ce \u00e0 un <a href=\"https:\/\/www.voltalis.com\/faq\/quest-ce-leffacement-de-consommation\" target=\"_blank\" rel=\"noreferrer noopener\">pilotage intelligent de la consommation<\/a> des radiateurs \u00e9lectriques, ce bo\u00eetier innovant permet de r\u00e9aliser des \u00e9conomies d\u2019\u00e9nergie tout en soulageant le r\u00e9seau \u00e9lectrique aux moments o\u00f9 il en a le plus besoin.<\/p>\n\n\n\n<p>Avec ce dispositif, les adh\u00e9rents b\u00e9n\u00e9ficient d\u2019une application permettant de programmer et de piloter leur chauffage pi\u00e8ce par pi\u00e8ce mais \u00e9galement de suivre leur consommation, afin de mieux la ma\u00eetriser et d\u2019\u00e9viter les gaspillages. Accessible sur PC, smartphones et tablettes (iOS et Android), cet espace s\u00e9curis\u00e9 permet de devenir de v\u00e9ritables \u00ab consom\u2019acteurs \u00bb, bien inform\u00e9s et actifs.<\/p>\n\n\n<div class=\"wp-block-image\">\n<figure class=\"aligncenter size-full is-resized\"><img loading=\"lazy\" decoding=\"async\" src=\"https:\/\/group.voltalis.com\/wp-content\/uploads\/2022\/10\/image.png\" alt=\"Le dispositif Voltalis et son application de suivi et de pilotage du chauffage\" class=\"wp-image-6211\" width=\"744\" height=\"243\" srcset=\"https:\/\/group.voltalis.com\/wp-content\/uploads\/2022\/10\/image.png 992w, https:\/\/group.voltalis.com\/wp-content\/uploads\/2022\/10\/image-300x98.png 300w, https:\/\/group.voltalis.com\/wp-content\/uploads\/2022\/10\/image-768x251.png 768w\" sizes=\"auto, (max-width: 744px) 100vw, 744px\" \/><figcaption class=\"wp-element-caption\">La solution Voltalis et son application de pilotage du chauffage \u00e9lectrique<\/figcaption><\/figure>\n<\/div>\n\n\n<p>La solution offre ainsi un double avantage pour les foyers : r\u00e9aliser des \u00e9conomies d\u2019\u00e9nergie, sans compromis de confort et limiter leurs \u00e9missions de CO<sub>2<\/sub>.<\/p>\n\n\n\n<h2 class=\"wp-block-heading\"><strong>Une solution pour r\u00e9duire les \u00e9missions de CO<sub>2<\/sub> et s\u00e9curiser le r\u00e9seau \u00e9lectrique<\/strong><\/h2>\n\n\n\n<p>Au-del\u00e0 des \u00e9conomies d\u2019\u00e9nergies et des services de ma\u00eetrise de la consommation dont b\u00e9n\u00e9ficient les m\u00e9nages \u00e9quip\u00e9s, l\u2019int\u00e9r\u00eat du dispositif Voltalis est de leur permettre de participer activement \u00e0 la transition \u00e9cologique, dans le cadre d\u2019une d\u00e9marche solidaire. En effet, lors des pics de consommations ou des baisses de production des \u00e9nergies renouvelables, le r\u00e9seau risque un d\u00e9s\u00e9quilibre. Voltalis agit alors en temps r\u00e9el pour r\u00e9duire simultan\u00e9ment la consommation de milliers d\u2019appareils connect\u00e9s sur de tr\u00e8s courtes dur\u00e9es, de l\u2019ordre d\u2019une dizaine de minutes, sans perte de confort pour les occupants.<\/p>\n\n\n\n<p>Cette solution, appel\u00e9e pilotage intelligent de la consommation \u00e9lectrique, permet donc de soulager le r\u00e9seau aux moments o\u00f9 il en a besoin et de r\u00e9duire les \u00e9missions de gaz \u00e0 effet de serre en limitant le recours \u00e0 des centrales d\u2019appoint fonctionnant au charbon, au fioul ou au gaz.<\/p>\n\n\n\n<p>Voltalis peut proposer gratuitement son dispositif aux foyers du Pays du Mans qui en feront la demande et supporte l\u2019ensemble de l\u2019investissement de cette op\u00e9ration car la soci\u00e9t\u00e9 est r\u00e9mun\u00e9r\u00e9e pour les services rendus au syst\u00e8me \u00e9lectrique, notamment la participation \u00e0 son \u00e9quilibre et sa s\u00e9curit\u00e9.<\/p>\n\n\n\n<p><strong>Contact :<\/strong> <strong>presse@voltalis.com<\/strong> &#8211;  Emma CORSON &#8211; Responsable des Relations Presse &#8211; 07 60 89 81 89<\/p>\n","protected":false},"excerpt":{"rendered":"<p>Le Pays du Mans propose \u00e0 ses habitants la solution de sobri\u00e9t\u00e9 \u00e9nerg\u00e9tique gratuite de Voltalis. Le Pays du Mans s\u2019est engag\u00e9 via son Plan Climat Air Energie Territorial \u00e0 mettre en \u0153uvre des actions concr\u00e8tes et innovantes de ma\u00eetrise des consommations \u00e9nerg\u00e9tiques, de d\u00e9veloppement des \u00e9nergies renouvelables et de r\u00e9duction des \u00e9missions de CO2. [&hellip;]<\/p>\n","protected":false},"author":1,"featured_media":0,"comment_status":"open","ping_status":"closed","sticky":false,"template":"","format":"standard","meta":{"_acf_changed":false,"inline_featured_image":false,"footnotes":""},"categories":[199,3],"tags":[],"class_list":["post-6904","post","type-post","status-publish","format-standard","hentry","category-collectivites","category-communiques-de-presse"],"acf":[],"yoast_head":"<!-- This site is optimized with the Yoast SEO plugin v27.5 - https:\/\/yoast.com\/product\/yoast-seo-wordpress\/ -->\n<title>Le Pays du Mans choisit Voltalis pour les \u00e9conomies d&#039;\u00e9nergie<\/title>\n<meta name=\"description\" content=\"Le Pays du Mans propose \u00e0 ses habitants d&#039;\u00eatre \u00e9quip\u00e9 gratuitement de la solution de sobri\u00e9t\u00e9 \u00e9nerg\u00e9tique gratuite et innovante de Voltalis.\" \/>\n<meta name=\"robots\" content=\"index, follow, max-snippet:-1, max-image-preview:large, max-video-preview:-1\" \/>\n<link rel=\"canonical\" href=\"https:\/\/group.voltalis.com\/fr\/type-de-contenu\/communiques-de-presse\/pays-du-mans-partenariat-voltalis-6904\" \/>\n<meta property=\"og:locale\" content=\"fr_FR\" \/>\n<meta property=\"og:type\" content=\"article\" \/>\n<meta property=\"og:title\" content=\"Le Pays du Mans choisit Voltalis pour les \u00e9conomies d&#039;\u00e9nergie\" \/>\n<meta property=\"og:description\" content=\"Le Pays du Mans propose \u00e0 ses habitants d&#039;\u00eatre \u00e9quip\u00e9 gratuitement de la solution de sobri\u00e9t\u00e9 \u00e9nerg\u00e9tique gratuite et innovante de Voltalis.\" \/>\n<meta property=\"og:url\" content=\"https:\/\/group.voltalis.com\/fr\/type-de-contenu\/communiques-de-presse\/pays-du-mans-partenariat-voltalis-6904\" \/>\n<meta property=\"og:site_name\" content=\"Groupe Voltalis\" \/>\n<meta property=\"article:publisher\" content=\"https:\/\/www.facebook.com\/pages\/category\/Product-Service\/Voltalis-178720392179068\/\" \/>\n<meta property=\"article:published_time\" content=\"2023-03-31T07:10:53+00:00\" \/>\n<meta property=\"article:modified_time\" content=\"2025-09-04T14:33:14+00:00\" \/>\n<meta property=\"og:image\" content=\"https:\/\/group.voltalis.com\/wp-content\/uploads\/2022\/10\/image.png\" \/>\n\t<meta property=\"og:image:width\" content=\"992\" \/>\n\t<meta property=\"og:image:height\" content=\"324\" \/>\n\t<meta property=\"og:image:type\" content=\"image\/png\" \/>\n<meta name=\"author\" content=\"admin\" \/>\n<meta name=\"twitter:card\" content=\"summary_large_image\" \/>\n<meta name=\"twitter:label1\" content=\"\u00c9crit par\" \/>\n\t<meta name=\"twitter:data1\" content=\"admin\" \/>\n\t<meta name=\"twitter:label2\" content=\"Dur\u00e9e de lecture estim\u00e9e\" \/>\n\t<meta name=\"twitter:data2\" content=\"3 minutes\" \/>\n<script type=\"application\/ld+json\" class=\"yoast-schema-graph\">{\"@context\":\"https:\\\/\\\/schema.org\",\"@graph\":[{\"@type\":\"Article\",\"@id\":\"https:\\\/\\\/group.voltalis.com\\\/fr\\\/type-de-contenu\\\/communiques-de-presse\\\/pays-du-mans-partenariat-voltalis-6904#article\",\"isPartOf\":{\"@id\":\"https:\\\/\\\/group.voltalis.com\\\/fr\\\/type-de-contenu\\\/communiques-de-presse\\\/pays-du-mans-partenariat-voltalis-6904\"},\"author\":{\"name\":\"admin\",\"@id\":\"https:\\\/\\\/group.voltalis.com\\\/en\\\/#\\\/schema\\\/person\\\/cd75df70a442080ba333ff81754527b8\"},\"headline\":\"Avec Voltalis, le Pays du Mans s\u2019engage pour \u00ab\u00a0une croissance s\u00fbre\u00a0\u00bb et en faveur de l\u2019innovation \u00e9nerg\u00e9tique de son territoire\",\"datePublished\":\"2023-03-31T07:10:53+00:00\",\"dateModified\":\"2025-09-04T14:33:14+00:00\",\"mainEntityOfPage\":{\"@id\":\"https:\\\/\\\/group.voltalis.com\\\/fr\\\/type-de-contenu\\\/communiques-de-presse\\\/pays-du-mans-partenariat-voltalis-6904\"},\"wordCount\":766,\"commentCount\":0,\"image\":{\"@id\":\"https:\\\/\\\/group.voltalis.com\\\/fr\\\/type-de-contenu\\\/communiques-de-presse\\\/pays-du-mans-partenariat-voltalis-6904#primaryimage\"},\"thumbnailUrl\":\"https:\\\/\\\/group.voltalis.com\\\/wp-content\\\/uploads\\\/2022\\\/10\\\/image.png\",\"articleSection\":[\"Collectivit\u00e9s\",\"Communiqu\u00e9s\"],\"inLanguage\":\"fr-FR\"},{\"@type\":\"WebPage\",\"@id\":\"https:\\\/\\\/group.voltalis.com\\\/fr\\\/type-de-contenu\\\/communiques-de-presse\\\/pays-du-mans-partenariat-voltalis-6904\",\"url\":\"https:\\\/\\\/group.voltalis.com\\\/fr\\\/type-de-contenu\\\/communiques-de-presse\\\/pays-du-mans-partenariat-voltalis-6904\",\"name\":\"Le Pays du Mans choisit Voltalis pour les \u00e9conomies d'\u00e9nergie\",\"isPartOf\":{\"@id\":\"https:\\\/\\\/group.voltalis.com\\\/en\\\/#website\"},\"primaryImageOfPage\":{\"@id\":\"https:\\\/\\\/group.voltalis.com\\\/fr\\\/type-de-contenu\\\/communiques-de-presse\\\/pays-du-mans-partenariat-voltalis-6904#primaryimage\"},\"image\":{\"@id\":\"https:\\\/\\\/group.voltalis.com\\\/fr\\\/type-de-contenu\\\/communiques-de-presse\\\/pays-du-mans-partenariat-voltalis-6904#primaryimage\"},\"thumbnailUrl\":\"https:\\\/\\\/group.voltalis.com\\\/wp-content\\\/uploads\\\/2022\\\/10\\\/image.png\",\"datePublished\":\"2023-03-31T07:10:53+00:00\",\"dateModified\":\"2025-09-04T14:33:14+00:00\",\"author\":{\"@id\":\"https:\\\/\\\/group.voltalis.com\\\/en\\\/#\\\/schema\\\/person\\\/cd75df70a442080ba333ff81754527b8\"},\"description\":\"Le Pays du Mans propose \u00e0 ses habitants d'\u00eatre \u00e9quip\u00e9 gratuitement de la solution de sobri\u00e9t\u00e9 \u00e9nerg\u00e9tique gratuite et innovante de Voltalis.\",\"breadcrumb\":{\"@id\":\"https:\\\/\\\/group.voltalis.com\\\/fr\\\/type-de-contenu\\\/communiques-de-presse\\\/pays-du-mans-partenariat-voltalis-6904#breadcrumb\"},\"inLanguage\":\"fr-FR\",\"potentialAction\":[{\"@type\":\"ReadAction\",\"target\":[\"https:\\\/\\\/group.voltalis.com\\\/fr\\\/type-de-contenu\\\/communiques-de-presse\\\/pays-du-mans-partenariat-voltalis-6904\"]}]},{\"@type\":\"ImageObject\",\"inLanguage\":\"fr-FR\",\"@id\":\"https:\\\/\\\/group.voltalis.com\\\/fr\\\/type-de-contenu\\\/communiques-de-presse\\\/pays-du-mans-partenariat-voltalis-6904#primaryimage\",\"url\":\"https:\\\/\\\/group.voltalis.com\\\/wp-content\\\/uploads\\\/2022\\\/10\\\/image.png\",\"contentUrl\":\"https:\\\/\\\/group.voltalis.com\\\/wp-content\\\/uploads\\\/2022\\\/10\\\/image.png\"},{\"@type\":\"BreadcrumbList\",\"@id\":\"https:\\\/\\\/group.voltalis.com\\\/fr\\\/type-de-contenu\\\/communiques-de-presse\\\/pays-du-mans-partenariat-voltalis-6904#breadcrumb\",\"itemListElement\":[{\"@type\":\"ListItem\",\"position\":1,\"name\":\"Home\",\"item\":\"https:\\\/\\\/group.voltalis.com\\\/fr\"},{\"@type\":\"ListItem\",\"position\":2,\"name\":\"Avec Voltalis, le Pays du Mans s\u2019engage pour \u00ab\u00a0une croissance s\u00fbre\u00a0\u00bb et en faveur de l\u2019innovation \u00e9nerg\u00e9tique de son territoire\"}]},{\"@type\":\"WebSite\",\"@id\":\"https:\\\/\\\/group.voltalis.com\\\/en\\\/#website\",\"url\":\"https:\\\/\\\/group.voltalis.com\\\/en\\\/\",\"name\":\"Groupe Voltalis\",\"description\":\"Bien plus que des \u00e9conomies d&#039;\u00e9nergie\",\"potentialAction\":[{\"@type\":\"SearchAction\",\"target\":{\"@type\":\"EntryPoint\",\"urlTemplate\":\"https:\\\/\\\/group.voltalis.com\\\/en\\\/?s={search_term_string}\"},\"query-input\":{\"@type\":\"PropertyValueSpecification\",\"valueRequired\":true,\"valueName\":\"search_term_string\"}}],\"inLanguage\":\"fr-FR\"},{\"@type\":\"Person\",\"@id\":\"https:\\\/\\\/group.voltalis.com\\\/en\\\/#\\\/schema\\\/person\\\/cd75df70a442080ba333ff81754527b8\",\"name\":\"admin\",\"image\":{\"@type\":\"ImageObject\",\"inLanguage\":\"fr-FR\",\"@id\":\"https:\\\/\\\/secure.gravatar.com\\\/avatar\\\/d33819406c6fd656ae073a4bf8663fc5da17ca34c0a8d21882949b205ec67922?s=96&d=mm&r=g\",\"url\":\"https:\\\/\\\/secure.gravatar.com\\\/avatar\\\/d33819406c6fd656ae073a4bf8663fc5da17ca34c0a8d21882949b205ec67922?s=96&d=mm&r=g\",\"contentUrl\":\"https:\\\/\\\/secure.gravatar.com\\\/avatar\\\/d33819406c6fd656ae073a4bf8663fc5da17ca34c0a8d21882949b205ec67922?s=96&d=mm&r=g\",\"caption\":\"admin\"},\"sameAs\":[\"https:\\\/\\\/group.voltalis.com\"],\"url\":\"https:\\\/\\\/group.voltalis.com\\\/fr\\\/author\\\/admin\"}]}<\/script>\n<!-- \/ Yoast SEO plugin. -->","yoast_head_json":{"title":"Le Pays du Mans choisit Voltalis pour les \u00e9conomies d'\u00e9nergie","description":"Le Pays du Mans propose \u00e0 ses habitants d'\u00eatre \u00e9quip\u00e9 gratuitement de la solution de sobri\u00e9t\u00e9 \u00e9nerg\u00e9tique gratuite et innovante de Voltalis.","robots":{"index":"index","follow":"follow","max-snippet":"max-snippet:-1","max-image-preview":"max-image-preview:large","max-video-preview":"max-video-preview:-1"},"canonical":"https:\/\/group.voltalis.com\/fr\/type-de-contenu\/communiques-de-presse\/pays-du-mans-partenariat-voltalis-6904","og_locale":"fr_FR","og_type":"article","og_title":"Le Pays du Mans choisit Voltalis pour les \u00e9conomies d'\u00e9nergie","og_description":"Le Pays du Mans propose \u00e0 ses habitants d'\u00eatre \u00e9quip\u00e9 gratuitement de la solution de sobri\u00e9t\u00e9 \u00e9nerg\u00e9tique gratuite et innovante de Voltalis.","og_url":"https:\/\/group.voltalis.com\/fr\/type-de-contenu\/communiques-de-presse\/pays-du-mans-partenariat-voltalis-6904","og_site_name":"Groupe Voltalis","article_publisher":"https:\/\/www.facebook.com\/pages\/category\/Product-Service\/Voltalis-178720392179068\/","article_published_time":"2023-03-31T07:10:53+00:00","article_modified_time":"2025-09-04T14:33:14+00:00","og_image":[{"width":992,"height":324,"url":"https:\/\/group.voltalis.com\/wp-content\/uploads\/2022\/10\/image.png","type":"image\/png"}],"author":"admin","twitter_card":"summary_large_image","twitter_misc":{"\u00c9crit par":"admin","Dur\u00e9e de lecture estim\u00e9e":"3 minutes"},"schema":{"@context":"https:\/\/schema.org","@graph":[{"@type":"Article","@id":"https:\/\/group.voltalis.com\/fr\/type-de-contenu\/communiques-de-presse\/pays-du-mans-partenariat-voltalis-6904#article","isPartOf":{"@id":"https:\/\/group.voltalis.com\/fr\/type-de-contenu\/communiques-de-presse\/pays-du-mans-partenariat-voltalis-6904"},"author":{"name":"admin","@id":"https:\/\/group.voltalis.com\/en\/#\/schema\/person\/cd75df70a442080ba333ff81754527b8"},"headline":"Avec Voltalis, le Pays du Mans s\u2019engage pour \u00ab\u00a0une croissance s\u00fbre\u00a0\u00bb et en faveur de l\u2019innovation \u00e9nerg\u00e9tique de son territoire","datePublished":"2023-03-31T07:10:53+00:00","dateModified":"2025-09-04T14:33:14+00:00","mainEntityOfPage":{"@id":"https:\/\/group.voltalis.com\/fr\/type-de-contenu\/communiques-de-presse\/pays-du-mans-partenariat-voltalis-6904"},"wordCount":766,"commentCount":0,"image":{"@id":"https:\/\/group.voltalis.com\/fr\/type-de-contenu\/communiques-de-presse\/pays-du-mans-partenariat-voltalis-6904#primaryimage"},"thumbnailUrl":"https:\/\/group.voltalis.com\/wp-content\/uploads\/2022\/10\/image.png","articleSection":["Collectivit\u00e9s","Communiqu\u00e9s"],"inLanguage":"fr-FR"},{"@type":"WebPage","@id":"https:\/\/group.voltalis.com\/fr\/type-de-contenu\/communiques-de-presse\/pays-du-mans-partenariat-voltalis-6904","url":"https:\/\/group.voltalis.com\/fr\/type-de-contenu\/communiques-de-presse\/pays-du-mans-partenariat-voltalis-6904","name":"Le Pays du Mans choisit Voltalis pour les \u00e9conomies d'\u00e9nergie","isPartOf":{"@id":"https:\/\/group.voltalis.com\/en\/#website"},"primaryImageOfPage":{"@id":"https:\/\/group.voltalis.com\/fr\/type-de-contenu\/communiques-de-presse\/pays-du-mans-partenariat-voltalis-6904#primaryimage"},"image":{"@id":"https:\/\/group.voltalis.com\/fr\/type-de-contenu\/communiques-de-presse\/pays-du-mans-partenariat-voltalis-6904#primaryimage"},"thumbnailUrl":"https:\/\/group.voltalis.com\/wp-content\/uploads\/2022\/10\/image.png","datePublished":"2023-03-31T07:10:53+00:00","dateModified":"2025-09-04T14:33:14+00:00","author":{"@id":"https:\/\/group.voltalis.com\/en\/#\/schema\/person\/cd75df70a442080ba333ff81754527b8"},"description":"Le Pays du Mans propose \u00e0 ses habitants d'\u00eatre \u00e9quip\u00e9 gratuitement de la solution de sobri\u00e9t\u00e9 \u00e9nerg\u00e9tique gratuite et innovante de Voltalis.","breadcrumb":{"@id":"https:\/\/group.voltalis.com\/fr\/type-de-contenu\/communiques-de-presse\/pays-du-mans-partenariat-voltalis-6904#breadcrumb"},"inLanguage":"fr-FR","potentialAction":[{"@type":"ReadAction","target":["https:\/\/group.voltalis.com\/fr\/type-de-contenu\/communiques-de-presse\/pays-du-mans-partenariat-voltalis-6904"]}]},{"@type":"ImageObject","inLanguage":"fr-FR","@id":"https:\/\/group.voltalis.com\/fr\/type-de-contenu\/communiques-de-presse\/pays-du-mans-partenariat-voltalis-6904#primaryimage","url":"https:\/\/group.voltalis.com\/wp-content\/uploads\/2022\/10\/image.png","contentUrl":"https:\/\/group.voltalis.com\/wp-content\/uploads\/2022\/10\/image.png"},{"@type":"BreadcrumbList","@id":"https:\/\/group.voltalis.com\/fr\/type-de-contenu\/communiques-de-presse\/pays-du-mans-partenariat-voltalis-6904#breadcrumb","itemListElement":[{"@type":"ListItem","position":1,"name":"Home","item":"https:\/\/group.voltalis.com\/fr"},{"@type":"ListItem","position":2,"name":"Avec Voltalis, le Pays du Mans s\u2019engage pour \u00ab\u00a0une croissance s\u00fbre\u00a0\u00bb et en faveur de l\u2019innovation \u00e9nerg\u00e9tique de son territoire"}]},{"@type":"WebSite","@id":"https:\/\/group.voltalis.com\/en\/#website","url":"https:\/\/group.voltalis.com\/en\/","name":"Groupe Voltalis","description":"Bien plus que des \u00e9conomies d&#039;\u00e9nergie","potentialAction":[{"@type":"SearchAction","target":{"@type":"EntryPoint","urlTemplate":"https:\/\/group.voltalis.com\/en\/?s={search_term_string}"},"query-input":{"@type":"PropertyValueSpecification","valueRequired":true,"valueName":"search_term_string"}}],"inLanguage":"fr-FR"},{"@type":"Person","@id":"https:\/\/group.voltalis.com\/en\/#\/schema\/person\/cd75df70a442080ba333ff81754527b8","name":"admin","image":{"@type":"ImageObject","inLanguage":"fr-FR","@id":"https:\/\/secure.gravatar.com\/avatar\/d33819406c6fd656ae073a4bf8663fc5da17ca34c0a8d21882949b205ec67922?s=96&d=mm&r=g","url":"https:\/\/secure.gravatar.com\/avatar\/d33819406c6fd656ae073a4bf8663fc5da17ca34c0a8d21882949b205ec67922?s=96&d=mm&r=g","contentUrl":"https:\/\/secure.gravatar.com\/avatar\/d33819406c6fd656ae073a4bf8663fc5da17ca34c0a8d21882949b205ec67922?s=96&d=mm&r=g","caption":"admin"},"sameAs":["https:\/\/group.voltalis.com"],"url":"https:\/\/group.voltalis.com\/fr\/author\/admin"}]}},"_links":{"self":[{"href":"https:\/\/group.voltalis.com\/fr\/wp-json\/wp\/v2\/posts\/6904","targetHints":{"allow":["GET"]}}],"collection":[{"href":"https:\/\/group.voltalis.com\/fr\/wp-json\/wp\/v2\/posts"}],"about":[{"href":"https:\/\/group.voltalis.com\/fr\/wp-json\/wp\/v2\/types\/post"}],"author":[{"embeddable":true,"href":"https:\/\/group.voltalis.com\/fr\/wp-json\/wp\/v2\/users\/1"}],"replies":[{"embeddable":true,"href":"https:\/\/group.voltalis.com\/fr\/wp-json\/wp\/v2\/comments?post=6904"}],"version-history":[{"count":1,"href":"https:\/\/group.voltalis.com\/fr\/wp-json\/wp\/v2\/posts\/6904\/revisions"}],"predecessor-version":[{"id":10427,"href":"https:\/\/group.voltalis.com\/fr\/wp-json\/wp\/v2\/posts\/6904\/revisions\/10427"}],"wp:attachment":[{"href":"https:\/\/group.voltalis.com\/fr\/wp-json\/wp\/v2\/media?parent=6904"}],"wp:term":[{"taxonomy":"category","embeddable":true,"href":"https:\/\/group.voltalis.com\/fr\/wp-json\/wp\/v2\/categories?post=6904"},{"taxonomy":"post_tag","embeddable":true,"href":"https:\/\/group.voltalis.com\/fr\/wp-json\/wp\/v2\/tags?post=6904"}],"curies":[{"name":"wp","href":"https:\/\/api.w.org\/{rel}","templated":true}]}}