{"id":6910,"date":"2023-04-24T12:11:47","date_gmt":"2023-04-24T10:11:47","guid":{"rendered":"https:\/\/group.voltalis.com\/?p=6910"},"modified":"2025-09-04T15:56:40","modified_gmt":"2025-09-04T13:56:40","slug":"tarn-et-garonne-habitat-voltalis","status":"publish","type":"post","link":"https:\/\/group.voltalis.com\/fr\/type-de-contenu\/communiques-de-presse\/tarn-et-garonne-habitat-voltalis-6910","title":{"rendered":"Le bailleur Tarn et Garonne Habitat propose la solution gratuite d\u2019\u00e9conomies d\u2019\u00e9nergie Voltalis \u00e0 ses locataires"},"content":{"rendered":"\n<p>Face \u00e0 l\u2019envol\u00e9e des prix de l\u2019\u00e9nergie et \u00e0 l\u2019urgence climatique, les acteurs locaux de Tarn et Garonne se mobilisent pour leurs habitants. Parmi eux, <a href=\"https:\/\/www.tgh82.org\/\" target=\"_blank\" rel=\"noreferrer noopener nofollow\">Tarn et Garonne Habitat<\/a>, engag\u00e9 au service de l&rsquo;habitat pour tous depuis 90 ans, a choisi la solution propos\u00e9e par Voltalis pour donner \u00e0 ses locataires un moyen d\u2019action concret dans la ma\u00eetrise de leurs d\u00e9penses \u00e9nerg\u00e9tiques.<\/p>\n\n\n\n<p>Depuis le mois dernier, l\u2019ensemble des 1 183 foyers locataires chauff\u00e9s \u00e0 l\u2019\u00e9lectrique peuvent solliciter l\u2019installation de cette solution gratuite. Des \u00e9quipes de conseillers sont actuellement sur place pour expliquer les avantages du dispositif, r\u00e9pondre \u00e0 leurs questions et fixer un rendez-vous d\u2019installation pour ceux qui le souhaitent.<\/p>\n\n\n\n<p>En 2h30 en moyenne, un technicien installe un petit bo\u00eetier connect\u00e9 sur chacun des radiateurs \u00e9lectriques. Gr\u00e2ce \u00e0 un <a href=\"https:\/\/www.voltalis.com\/myvoltalis-lapplication-de-suivi-de-consommation-electrique\" target=\"_blank\" rel=\"noreferrer noopener\">espace personnel en ligne<\/a>, ce thermostat intelligent permet de programmer et de piloter son chauffage \u00e0 distance et de suivre finement la consommation \u00e9lectrique de son logement pour r\u00e9aliser des \u00e9conomies.<\/p>\n\n\n<div class=\"wp-block-image\">\n<figure class=\"aligncenter size-full is-resized\"><img loading=\"lazy\" decoding=\"async\" src=\"https:\/\/group.voltalis.com\/wp-content\/uploads\/2022\/10\/image.png\" alt=\"Le dispositif Voltalis et son application de suivi et de pilotage du chauffage\" class=\"wp-image-6211\" width=\"744\" height=\"243\" srcset=\"https:\/\/group.voltalis.com\/wp-content\/uploads\/2022\/10\/image.png 992w, https:\/\/group.voltalis.com\/wp-content\/uploads\/2022\/10\/image-300x98.png 300w, https:\/\/group.voltalis.com\/wp-content\/uploads\/2022\/10\/image-768x251.png 768w\" sizes=\"auto, (max-width: 744px) 100vw, 744px\" \/><figcaption class=\"wp-element-caption\"><em>La solution Voltalis et son application de pilotage du chauffage \u00e9lectrique<\/em><\/figcaption><\/figure>\n<\/div>\n\n\n<p>En parall\u00e8le, l\u2019action de Voltalis est solidaire avec le r\u00e9seau \u00e9lectrique et participe \u00e0 sa pr\u00e9servation. La technologie d\u00e9velopp\u00e9e permet de coordonner de courtes r\u00e9ductions de consommation sur l\u2019ensemble des appareils de chauffage connect\u00e9s au moment o\u00f9 le r\u00e9seau est sur-sollicit\u00e9 (quand il fait froid par exemple). Ce geste est doublement vertueux puisqu\u2019il limite la consommation des foyers au plus pr\u00e8s sans impacter leur confort et \u00e9vite de faire appel \u00e0 des centrales thermiques polluantes habituellement mise en marche lors des pics de consommation.<\/p>\n\n\n\n<p><strong>Qui contacter pour en b\u00e9n\u00e9ficier&nbsp;?<\/strong><\/p>\n\n\n\n<p>Les locataires de Tarn et Garonne Habitat chauff\u00e9s au tout \u00e9lectrique peuvent joindre les \u00e9quipes de Voltalis d\u00e9di\u00e9es \u00e0 l\u2019op\u00e9ration par t\u00e9l\u00e9phone au <strong>05 40 25 69 97<\/strong> ou par email&nbsp;: <a href=\"mailto:tgh82@voltalis.com\"><strong>tgh82@voltalis.com<\/strong><\/a><\/p>\n\n\n\n<p><strong>Contacts presse :<\/strong><\/p>\n\n\n\n<figure class=\"wp-block-table alignleft\"><table><tbody><tr><td><strong>Tarn et Garonne Habitat<\/strong> Sandrine CONSTANS &#8211; Directrice gestion client\u00e8le sconstans@tgh82.org \u2013 05 63 91 70 05 &nbsp;<\/td><td><strong>Voltalis\u00a0<\/strong> : <strong>presse@voltalis.com<\/strong> &#8211; Emma CORSON &#8211; Responsable Presse &#8211; 07 60 89 81 89<\/td><\/tr><\/tbody><\/table><\/figure>\n","protected":false},"excerpt":{"rendered":"<p>Face \u00e0 l\u2019envol\u00e9e des prix de l\u2019\u00e9nergie et \u00e0 l\u2019urgence climatique, les acteurs locaux de Tarn et Garonne se mobilisent pour leurs habitants. Parmi eux, Tarn et Garonne Habitat, engag\u00e9 au service de l&rsquo;habitat pour tous depuis 90 ans, a choisi la solution propos\u00e9e par Voltalis pour donner \u00e0 ses locataires un moyen d\u2019action concret [&hellip;]<\/p>\n","protected":false},"author":1,"featured_media":0,"comment_status":"open","ping_status":"closed","sticky":false,"template":"","format":"standard","meta":{"_acf_changed":false,"inline_featured_image":false,"footnotes":""},"categories":[202,3],"tags":[],"class_list":["post-6910","post","type-post","status-publish","format-standard","hentry","category-bailleurs","category-communiques-de-presse"],"acf":[],"yoast_head":"<!-- This site is optimized with the Yoast SEO plugin v27.5 - https:\/\/yoast.com\/product\/yoast-seo-wordpress\/ -->\n<title>Tarn et Garonne Habitat propose la solution Voltalis<\/title>\n<meta name=\"description\" content=\"Face \u00e0 l\u2019envol\u00e9e des prix de l\u2019\u00e9nergie et \u00e0 l\u2019urgence climatique, Tarn et Garonne Habitat propose \u00e0 ses locataires la solution gratuite d&#039;\u00e9conomies d&#039;\u00e9nergie Voltalis.\" \/>\n<meta name=\"robots\" content=\"index, follow, max-snippet:-1, max-image-preview:large, max-video-preview:-1\" \/>\n<link rel=\"canonical\" href=\"https:\/\/group.voltalis.com\/fr\/type-de-contenu\/communiques-de-presse\/tarn-et-garonne-habitat-voltalis-6910\" \/>\n<meta property=\"og:locale\" content=\"fr_FR\" \/>\n<meta property=\"og:type\" content=\"article\" \/>\n<meta property=\"og:title\" content=\"Tarn et Garonne Habitat propose la solution Voltalis\" \/>\n<meta property=\"og:description\" content=\"Face \u00e0 l\u2019envol\u00e9e des prix de l\u2019\u00e9nergie et \u00e0 l\u2019urgence climatique, Tarn et Garonne Habitat propose \u00e0 ses locataires la solution gratuite d&#039;\u00e9conomies d&#039;\u00e9nergie Voltalis.\" \/>\n<meta property=\"og:url\" content=\"https:\/\/group.voltalis.com\/fr\/type-de-contenu\/communiques-de-presse\/tarn-et-garonne-habitat-voltalis-6910\" \/>\n<meta property=\"og:site_name\" content=\"Groupe Voltalis\" \/>\n<meta property=\"article:publisher\" content=\"https:\/\/www.facebook.com\/pages\/category\/Product-Service\/Voltalis-178720392179068\/\" \/>\n<meta property=\"article:published_time\" content=\"2023-04-24T10:11:47+00:00\" \/>\n<meta property=\"article:modified_time\" content=\"2025-09-04T13:56:40+00:00\" \/>\n<meta property=\"og:image\" content=\"https:\/\/group.voltalis.com\/wp-content\/uploads\/2022\/10\/image.png\" \/>\n\t<meta property=\"og:image:width\" content=\"992\" \/>\n\t<meta property=\"og:image:height\" content=\"324\" \/>\n\t<meta property=\"og:image:type\" content=\"image\/png\" \/>\n<meta name=\"author\" content=\"admin\" \/>\n<meta name=\"twitter:card\" content=\"summary_large_image\" \/>\n<meta name=\"twitter:label1\" content=\"\u00c9crit par\" \/>\n\t<meta name=\"twitter:data1\" content=\"admin\" \/>\n\t<meta name=\"twitter:label2\" content=\"Dur\u00e9e de lecture estim\u00e9e\" \/>\n\t<meta name=\"twitter:data2\" content=\"2 minutes\" \/>\n<script type=\"application\/ld+json\" class=\"yoast-schema-graph\">{\"@context\":\"https:\\\/\\\/schema.org\",\"@graph\":[{\"@type\":\"Article\",\"@id\":\"https:\\\/\\\/group.voltalis.com\\\/fr\\\/type-de-contenu\\\/communiques-de-presse\\\/tarn-et-garonne-habitat-voltalis-6910#article\",\"isPartOf\":{\"@id\":\"https:\\\/\\\/group.voltalis.com\\\/fr\\\/type-de-contenu\\\/communiques-de-presse\\\/tarn-et-garonne-habitat-voltalis-6910\"},\"author\":{\"name\":\"admin\",\"@id\":\"https:\\\/\\\/group.voltalis.com\\\/en\\\/#\\\/schema\\\/person\\\/cd75df70a442080ba333ff81754527b8\"},\"headline\":\"Le bailleur Tarn et Garonne Habitat propose la solution gratuite d\u2019\u00e9conomies d\u2019\u00e9nergie Voltalis \u00e0 ses locataires\",\"datePublished\":\"2023-04-24T10:11:47+00:00\",\"dateModified\":\"2025-09-04T13:56:40+00:00\",\"mainEntityOfPage\":{\"@id\":\"https:\\\/\\\/group.voltalis.com\\\/fr\\\/type-de-contenu\\\/communiques-de-presse\\\/tarn-et-garonne-habitat-voltalis-6910\"},\"wordCount\":362,\"commentCount\":0,\"image\":{\"@id\":\"https:\\\/\\\/group.voltalis.com\\\/fr\\\/type-de-contenu\\\/communiques-de-presse\\\/tarn-et-garonne-habitat-voltalis-6910#primaryimage\"},\"thumbnailUrl\":\"https:\\\/\\\/group.voltalis.com\\\/wp-content\\\/uploads\\\/2022\\\/10\\\/image.png\",\"articleSection\":[\"Bailleurs\",\"Communiqu\u00e9s\"],\"inLanguage\":\"fr-FR\"},{\"@type\":\"WebPage\",\"@id\":\"https:\\\/\\\/group.voltalis.com\\\/fr\\\/type-de-contenu\\\/communiques-de-presse\\\/tarn-et-garonne-habitat-voltalis-6910\",\"url\":\"https:\\\/\\\/group.voltalis.com\\\/fr\\\/type-de-contenu\\\/communiques-de-presse\\\/tarn-et-garonne-habitat-voltalis-6910\",\"name\":\"Tarn et Garonne Habitat propose la solution Voltalis\",\"isPartOf\":{\"@id\":\"https:\\\/\\\/group.voltalis.com\\\/en\\\/#website\"},\"primaryImageOfPage\":{\"@id\":\"https:\\\/\\\/group.voltalis.com\\\/fr\\\/type-de-contenu\\\/communiques-de-presse\\\/tarn-et-garonne-habitat-voltalis-6910#primaryimage\"},\"image\":{\"@id\":\"https:\\\/\\\/group.voltalis.com\\\/fr\\\/type-de-contenu\\\/communiques-de-presse\\\/tarn-et-garonne-habitat-voltalis-6910#primaryimage\"},\"thumbnailUrl\":\"https:\\\/\\\/group.voltalis.com\\\/wp-content\\\/uploads\\\/2022\\\/10\\\/image.png\",\"datePublished\":\"2023-04-24T10:11:47+00:00\",\"dateModified\":\"2025-09-04T13:56:40+00:00\",\"author\":{\"@id\":\"https:\\\/\\\/group.voltalis.com\\\/en\\\/#\\\/schema\\\/person\\\/cd75df70a442080ba333ff81754527b8\"},\"description\":\"Face \u00e0 l\u2019envol\u00e9e des prix de l\u2019\u00e9nergie et \u00e0 l\u2019urgence climatique, Tarn et Garonne Habitat propose \u00e0 ses locataires la solution gratuite d'\u00e9conomies d'\u00e9nergie Voltalis.\",\"breadcrumb\":{\"@id\":\"https:\\\/\\\/group.voltalis.com\\\/fr\\\/type-de-contenu\\\/communiques-de-presse\\\/tarn-et-garonne-habitat-voltalis-6910#breadcrumb\"},\"inLanguage\":\"fr-FR\",\"potentialAction\":[{\"@type\":\"ReadAction\",\"target\":[\"https:\\\/\\\/group.voltalis.com\\\/fr\\\/type-de-contenu\\\/communiques-de-presse\\\/tarn-et-garonne-habitat-voltalis-6910\"]}]},{\"@type\":\"ImageObject\",\"inLanguage\":\"fr-FR\",\"@id\":\"https:\\\/\\\/group.voltalis.com\\\/fr\\\/type-de-contenu\\\/communiques-de-presse\\\/tarn-et-garonne-habitat-voltalis-6910#primaryimage\",\"url\":\"https:\\\/\\\/group.voltalis.com\\\/wp-content\\\/uploads\\\/2022\\\/10\\\/image.png\",\"contentUrl\":\"https:\\\/\\\/group.voltalis.com\\\/wp-content\\\/uploads\\\/2022\\\/10\\\/image.png\"},{\"@type\":\"BreadcrumbList\",\"@id\":\"https:\\\/\\\/group.voltalis.com\\\/fr\\\/type-de-contenu\\\/communiques-de-presse\\\/tarn-et-garonne-habitat-voltalis-6910#breadcrumb\",\"itemListElement\":[{\"@type\":\"ListItem\",\"position\":1,\"name\":\"Home\",\"item\":\"https:\\\/\\\/group.voltalis.com\\\/fr\"},{\"@type\":\"ListItem\",\"position\":2,\"name\":\"Le bailleur Tarn et Garonne Habitat propose la solution gratuite d\u2019\u00e9conomies d\u2019\u00e9nergie Voltalis \u00e0 ses locataires\"}]},{\"@type\":\"WebSite\",\"@id\":\"https:\\\/\\\/group.voltalis.com\\\/en\\\/#website\",\"url\":\"https:\\\/\\\/group.voltalis.com\\\/en\\\/\",\"name\":\"Groupe Voltalis\",\"description\":\"Bien plus que des \u00e9conomies d&#039;\u00e9nergie\",\"potentialAction\":[{\"@type\":\"SearchAction\",\"target\":{\"@type\":\"EntryPoint\",\"urlTemplate\":\"https:\\\/\\\/group.voltalis.com\\\/en\\\/?s={search_term_string}\"},\"query-input\":{\"@type\":\"PropertyValueSpecification\",\"valueRequired\":true,\"valueName\":\"search_term_string\"}}],\"inLanguage\":\"fr-FR\"},{\"@type\":\"Person\",\"@id\":\"https:\\\/\\\/group.voltalis.com\\\/en\\\/#\\\/schema\\\/person\\\/cd75df70a442080ba333ff81754527b8\",\"name\":\"admin\",\"image\":{\"@type\":\"ImageObject\",\"inLanguage\":\"fr-FR\",\"@id\":\"https:\\\/\\\/secure.gravatar.com\\\/avatar\\\/d33819406c6fd656ae073a4bf8663fc5da17ca34c0a8d21882949b205ec67922?s=96&d=mm&r=g\",\"url\":\"https:\\\/\\\/secure.gravatar.com\\\/avatar\\\/d33819406c6fd656ae073a4bf8663fc5da17ca34c0a8d21882949b205ec67922?s=96&d=mm&r=g\",\"contentUrl\":\"https:\\\/\\\/secure.gravatar.com\\\/avatar\\\/d33819406c6fd656ae073a4bf8663fc5da17ca34c0a8d21882949b205ec67922?s=96&d=mm&r=g\",\"caption\":\"admin\"},\"sameAs\":[\"https:\\\/\\\/group.voltalis.com\"],\"url\":\"https:\\\/\\\/group.voltalis.com\\\/fr\\\/author\\\/admin\"}]}<\/script>\n<!-- \/ Yoast SEO plugin. -->","yoast_head_json":{"title":"Tarn et Garonne Habitat propose la solution Voltalis","description":"Face \u00e0 l\u2019envol\u00e9e des prix de l\u2019\u00e9nergie et \u00e0 l\u2019urgence climatique, Tarn et Garonne Habitat propose \u00e0 ses locataires la solution gratuite d'\u00e9conomies d'\u00e9nergie Voltalis.","robots":{"index":"index","follow":"follow","max-snippet":"max-snippet:-1","max-image-preview":"max-image-preview:large","max-video-preview":"max-video-preview:-1"},"canonical":"https:\/\/group.voltalis.com\/fr\/type-de-contenu\/communiques-de-presse\/tarn-et-garonne-habitat-voltalis-6910","og_locale":"fr_FR","og_type":"article","og_title":"Tarn et Garonne Habitat propose la solution Voltalis","og_description":"Face \u00e0 l\u2019envol\u00e9e des prix de l\u2019\u00e9nergie et \u00e0 l\u2019urgence climatique, Tarn et Garonne Habitat propose \u00e0 ses locataires la solution gratuite d'\u00e9conomies d'\u00e9nergie Voltalis.","og_url":"https:\/\/group.voltalis.com\/fr\/type-de-contenu\/communiques-de-presse\/tarn-et-garonne-habitat-voltalis-6910","og_site_name":"Groupe Voltalis","article_publisher":"https:\/\/www.facebook.com\/pages\/category\/Product-Service\/Voltalis-178720392179068\/","article_published_time":"2023-04-24T10:11:47+00:00","article_modified_time":"2025-09-04T13:56:40+00:00","og_image":[{"width":992,"height":324,"url":"https:\/\/group.voltalis.com\/wp-content\/uploads\/2022\/10\/image.png","type":"image\/png"}],"author":"admin","twitter_card":"summary_large_image","twitter_misc":{"\u00c9crit par":"admin","Dur\u00e9e de lecture estim\u00e9e":"2 minutes"},"schema":{"@context":"https:\/\/schema.org","@graph":[{"@type":"Article","@id":"https:\/\/group.voltalis.com\/fr\/type-de-contenu\/communiques-de-presse\/tarn-et-garonne-habitat-voltalis-6910#article","isPartOf":{"@id":"https:\/\/group.voltalis.com\/fr\/type-de-contenu\/communiques-de-presse\/tarn-et-garonne-habitat-voltalis-6910"},"author":{"name":"admin","@id":"https:\/\/group.voltalis.com\/en\/#\/schema\/person\/cd75df70a442080ba333ff81754527b8"},"headline":"Le bailleur Tarn et Garonne Habitat propose la solution gratuite d\u2019\u00e9conomies d\u2019\u00e9nergie Voltalis \u00e0 ses locataires","datePublished":"2023-04-24T10:11:47+00:00","dateModified":"2025-09-04T13:56:40+00:00","mainEntityOfPage":{"@id":"https:\/\/group.voltalis.com\/fr\/type-de-contenu\/communiques-de-presse\/tarn-et-garonne-habitat-voltalis-6910"},"wordCount":362,"commentCount":0,"image":{"@id":"https:\/\/group.voltalis.com\/fr\/type-de-contenu\/communiques-de-presse\/tarn-et-garonne-habitat-voltalis-6910#primaryimage"},"thumbnailUrl":"https:\/\/group.voltalis.com\/wp-content\/uploads\/2022\/10\/image.png","articleSection":["Bailleurs","Communiqu\u00e9s"],"inLanguage":"fr-FR"},{"@type":"WebPage","@id":"https:\/\/group.voltalis.com\/fr\/type-de-contenu\/communiques-de-presse\/tarn-et-garonne-habitat-voltalis-6910","url":"https:\/\/group.voltalis.com\/fr\/type-de-contenu\/communiques-de-presse\/tarn-et-garonne-habitat-voltalis-6910","name":"Tarn et Garonne Habitat propose la solution Voltalis","isPartOf":{"@id":"https:\/\/group.voltalis.com\/en\/#website"},"primaryImageOfPage":{"@id":"https:\/\/group.voltalis.com\/fr\/type-de-contenu\/communiques-de-presse\/tarn-et-garonne-habitat-voltalis-6910#primaryimage"},"image":{"@id":"https:\/\/group.voltalis.com\/fr\/type-de-contenu\/communiques-de-presse\/tarn-et-garonne-habitat-voltalis-6910#primaryimage"},"thumbnailUrl":"https:\/\/group.voltalis.com\/wp-content\/uploads\/2022\/10\/image.png","datePublished":"2023-04-24T10:11:47+00:00","dateModified":"2025-09-04T13:56:40+00:00","author":{"@id":"https:\/\/group.voltalis.com\/en\/#\/schema\/person\/cd75df70a442080ba333ff81754527b8"},"description":"Face \u00e0 l\u2019envol\u00e9e des prix de l\u2019\u00e9nergie et \u00e0 l\u2019urgence climatique, Tarn et Garonne Habitat propose \u00e0 ses locataires la solution gratuite d'\u00e9conomies d'\u00e9nergie Voltalis.","breadcrumb":{"@id":"https:\/\/group.voltalis.com\/fr\/type-de-contenu\/communiques-de-presse\/tarn-et-garonne-habitat-voltalis-6910#breadcrumb"},"inLanguage":"fr-FR","potentialAction":[{"@type":"ReadAction","target":["https:\/\/group.voltalis.com\/fr\/type-de-contenu\/communiques-de-presse\/tarn-et-garonne-habitat-voltalis-6910"]}]},{"@type":"ImageObject","inLanguage":"fr-FR","@id":"https:\/\/group.voltalis.com\/fr\/type-de-contenu\/communiques-de-presse\/tarn-et-garonne-habitat-voltalis-6910#primaryimage","url":"https:\/\/group.voltalis.com\/wp-content\/uploads\/2022\/10\/image.png","contentUrl":"https:\/\/group.voltalis.com\/wp-content\/uploads\/2022\/10\/image.png"},{"@type":"BreadcrumbList","@id":"https:\/\/group.voltalis.com\/fr\/type-de-contenu\/communiques-de-presse\/tarn-et-garonne-habitat-voltalis-6910#breadcrumb","itemListElement":[{"@type":"ListItem","position":1,"name":"Home","item":"https:\/\/group.voltalis.com\/fr"},{"@type":"ListItem","position":2,"name":"Le bailleur Tarn et Garonne Habitat propose la solution gratuite d\u2019\u00e9conomies d\u2019\u00e9nergie Voltalis \u00e0 ses locataires"}]},{"@type":"WebSite","@id":"https:\/\/group.voltalis.com\/en\/#website","url":"https:\/\/group.voltalis.com\/en\/","name":"Groupe Voltalis","description":"Bien plus que des \u00e9conomies d&#039;\u00e9nergie","potentialAction":[{"@type":"SearchAction","target":{"@type":"EntryPoint","urlTemplate":"https:\/\/group.voltalis.com\/en\/?s={search_term_string}"},"query-input":{"@type":"PropertyValueSpecification","valueRequired":true,"valueName":"search_term_string"}}],"inLanguage":"fr-FR"},{"@type":"Person","@id":"https:\/\/group.voltalis.com\/en\/#\/schema\/person\/cd75df70a442080ba333ff81754527b8","name":"admin","image":{"@type":"ImageObject","inLanguage":"fr-FR","@id":"https:\/\/secure.gravatar.com\/avatar\/d33819406c6fd656ae073a4bf8663fc5da17ca34c0a8d21882949b205ec67922?s=96&d=mm&r=g","url":"https:\/\/secure.gravatar.com\/avatar\/d33819406c6fd656ae073a4bf8663fc5da17ca34c0a8d21882949b205ec67922?s=96&d=mm&r=g","contentUrl":"https:\/\/secure.gravatar.com\/avatar\/d33819406c6fd656ae073a4bf8663fc5da17ca34c0a8d21882949b205ec67922?s=96&d=mm&r=g","caption":"admin"},"sameAs":["https:\/\/group.voltalis.com"],"url":"https:\/\/group.voltalis.com\/fr\/author\/admin"}]}},"_links":{"self":[{"href":"https:\/\/group.voltalis.com\/fr\/wp-json\/wp\/v2\/posts\/6910","targetHints":{"allow":["GET"]}}],"collection":[{"href":"https:\/\/group.voltalis.com\/fr\/wp-json\/wp\/v2\/posts"}],"about":[{"href":"https:\/\/group.voltalis.com\/fr\/wp-json\/wp\/v2\/types\/post"}],"author":[{"embeddable":true,"href":"https:\/\/group.voltalis.com\/fr\/wp-json\/wp\/v2\/users\/1"}],"replies":[{"embeddable":true,"href":"https:\/\/group.voltalis.com\/fr\/wp-json\/wp\/v2\/comments?post=6910"}],"version-history":[{"count":1,"href":"https:\/\/group.voltalis.com\/fr\/wp-json\/wp\/v2\/posts\/6910\/revisions"}],"predecessor-version":[{"id":10410,"href":"https:\/\/group.voltalis.com\/fr\/wp-json\/wp\/v2\/posts\/6910\/revisions\/10410"}],"wp:attachment":[{"href":"https:\/\/group.voltalis.com\/fr\/wp-json\/wp\/v2\/media?parent=6910"}],"wp:term":[{"taxonomy":"category","embeddable":true,"href":"https:\/\/group.voltalis.com\/fr\/wp-json\/wp\/v2\/categories?post=6910"},{"taxonomy":"post_tag","embeddable":true,"href":"https:\/\/group.voltalis.com\/fr\/wp-json\/wp\/v2\/tags?post=6910"}],"curies":[{"name":"wp","href":"https:\/\/api.w.org\/{rel}","templated":true}]}}