{"id":6912,"date":"2023-04-26T09:40:57","date_gmt":"2023-04-26T07:40:57","guid":{"rendered":"https:\/\/group.voltalis.com\/?p=6912"},"modified":"2025-09-04T17:16:07","modified_gmt":"2025-09-04T15:16:07","slug":"partenariat-roannais-agglomeration-voltalis","status":"publish","type":"post","link":"https:\/\/group.voltalis.com\/fr\/type-de-contenu\/communiques-de-presse\/partenariat-roannais-agglomeration-voltalis-6912","title":{"rendered":"En partenariat avec Roannais Agglom\u00e9ration, plus de 600 foyers ont d\u00e9j\u00e0 profit\u00e9 de l\u2019installation du dispositif d\u2019\u00e9conomies d\u2019\u00e9nergie Voltalis"},"content":{"rendered":"\n<p>Une d\u00e9marche pour agir concr\u00e8tement et directement en faveur de la transition \u00e9nerg\u00e9tique au quotidien !<\/p>\n\n\n\n<p><br>En avril 2022, <a href=\"https:\/\/www.aggloroanne.fr\/site-officiel-roannais-agglomeration-et-ville-de-roanne-3.html\" target=\"_blank\" rel=\"noreferrer noopener nofollow\">Roannais Agglom\u00e9ration<\/a> se mobilisait et soutenait l\u2019initiative de Voltalis en vue d\u2019\u00e9quiper gratuitement les foyers du territoire chauff\u00e9s \u00e0 l\u2019\u00e9lectricit\u00e9 avec une solution innovante d\u2019\u00e9conomies d\u2019\u00e9nergie. Aujourd\u2019hui, ce partenariat a d\u00e9j\u00e0 permis \u00e0 plus de 600 logements de b\u00e9n\u00e9ficier gratuitement d\u2019un dispositif connect\u00e9 de ma\u00eetrise et de r\u00e9duction de leur consommation \u00e9nerg\u00e9tique, <strong>pouvant leur permettre de r\u00e9aliser jusqu\u2019\u00e0 15 % d\u2019\u00e9conomies<\/strong> en pilotant les appareils \u00e9lectriques les plus \u00e9nergivores.<br><\/p>\n\n\n\n<p>Il s\u2019inscrit directement dans la politique volontaire de l\u2019agglom\u00e9ration, labellis\u00e9e Territoire \u00e0 \u00e9nergie positive depuis 2014, d\u2019agir en faveur du climat en ma\u00eetrisant les d\u00e9penses \u00e9nerg\u00e9tiques.<br>153 tonnes \u00e9quivalent CO2 \u00e9vit\u00e9es gr\u00e2ce au thermostat connect\u00e9, gratuit et \u00e9cocitoyen<br>Un premier bilan fait \u00e9tat aujourd\u2019hui d\u2019une \u00e9conomie r\u00e9alis\u00e9e de <strong>344 MWh et d\u2019une r\u00e9duction des \u00e9missions de 153 tCO2e<\/strong> (tonnes d\u2019\u00e9quivalent CO2) pour le territoire. Soit l\u2019\u00e9quivalent de 1,3 millions de km non parcourus par des v\u00e9hicules diesel r\u00e9cents. Cela repr\u00e9sente aussi 153 allers-retours Paris-New York en avion \u00e9vit\u00e9s ou la production de plus de 9 000 smartphones !<\/p>\n\n\n\n<p><br><a href=\"https:\/\/group.voltalis.com\/fr\/communiques-de-presse\/roannais-agglomeration-soutient-la-demarche-de-voltalis-6029\" target=\"_blank\" rel=\"noreferrer noopener\">8 000 foyers du Roannais <\/a>chauff\u00e9s \u00e0 l\u2019\u00e9lectricit\u00e9 sont \u00e9ligibles \u00e0 cette<strong> solution \u00e9co-solidaire, gratuite et sans abonnement<\/strong>, qu\u2019ils soient particuliers (propri\u00e9taires ou locataires) ou petits professionnels. <\/p>\n\n\n\n<p>Pour en b\u00e9n\u00e9ficier, il suffit d\u2019en faire la demande aupr\u00e8s de Voltalis et de fixer un rendez-vous d\u2019installation avec un technicien agr\u00e9\u00e9. En 2h30 (en moyenne), ce dernier installe un boitier connect\u00e9 sur chacun des radiateurs \u00e9lectriques des foyers. Ce thermostat intelligent permet de piloter et programmer son chauffage \u00e9lectrique \u00e0 distance et de <a href=\"https:\/\/www.voltalis.com\/myvoltalis-lapplication-de-suivi-de-consommation-electrique\" target=\"_blank\" rel=\"noreferrer noopener\">suivre la consommation de son logement<\/a>.<\/p>\n\n\n<div class=\"wp-block-image\">\n<figure class=\"aligncenter size-full is-resized\"><img loading=\"lazy\" decoding=\"async\" src=\"https:\/\/group.voltalis.com\/wp-content\/uploads\/2022\/10\/image.png\" alt=\"Le dispositif Voltalis et son application de suivi et de pilotage du chauffage \u00e9lectrique\" class=\"wp-image-6211\" width=\"744\" height=\"243\" srcset=\"https:\/\/group.voltalis.com\/wp-content\/uploads\/2022\/10\/image.png 992w, https:\/\/group.voltalis.com\/wp-content\/uploads\/2022\/10\/image-300x98.png 300w, https:\/\/group.voltalis.com\/wp-content\/uploads\/2022\/10\/image-768x251.png 768w\" sizes=\"auto, (max-width: 744px) 100vw, 744px\" \/><figcaption class=\"wp-element-caption\"><em>Le dispositif Voltalis et son application de pilotage du chauffage \u00e9lectrique<\/em><\/figcaption><\/figure>\n<\/div>\n\n\n<p>En parall\u00e8le, la technologie Voltalis permet de piloter intelligemment et en temps r\u00e9el des centaines de milliers d\u2019appareils de chauffage. En cas de pics de consommation hivernaux ou de baisses de production des \u00e9nergies renouvelables, Voltalis peut r\u00e9duire pendant quelques minutes la consommation des radiateurs connect\u00e9s, tout en pr\u00e9servant le confort des occupants. Cette action soulage le r\u00e9seau \u00e9lectrique, qui risque un d\u00e9s\u00e9quilibre pouvant conduire \u00e0 des d\u00e9lestages et limite le recours \u00e0 des centrales thermiques polluantes au gaz, au charbon ou au fioul qui permettent habituellement de compenser. Il s\u2019agit r\u00e9ellement d\u2019une solution vertueuse pour la plan\u00e8te car elle permet de r\u00e9duire jusqu\u2019\u00e0 70% des \u00e9missions de CO2.<\/p>\n\n\n\n<p>Pour en savoir plus ou adh\u00e9rer, contacter Voltalis par t\u00e9l\u00e9phone au <strong>04 51 08 55 21<\/strong> ou par email : <a href=\"mailto:roannaisagglo@voltalis.com\" target=\"_blank\" rel=\"noreferrer noopener\">roannaisagglo@voltalis.com<\/a>. Plus d&rsquo;infos sur : <a href=\"https:\/\/www.voltalis.com\/particuliers\/adherer\" target=\"_blank\" rel=\"noreferrer noopener\">www.voltalis.com<\/a><\/p>\n\n\n\n<p><\/p>\n\n\n\n<p><strong>Contacts presse :<\/strong><\/p>\n\n\n\n<ul class=\"wp-block-list\">\n<li>Roannais Agglom\u00e9ration : Yannick VERNAY \u2013 <a href=\"mailto:yvernay@roannais-agglomeration.fr\" target=\"_blank\" rel=\"noreferrer noopener\">yvernay@roannais-agglomeration.fr<\/a> &#8211; 04 77 23 20 37<\/li>\n\n\n\n<li>Voltalis : <strong>presse@voltalis.com<\/strong> &#8211;  Emma CORSON &#8211; Responsable des Relations Presse &#8211; 07 60 89 81 89<\/li>\n<\/ul>\n\n\n\n<p><strong><a href=\"https:\/\/group.voltalis.com\/wp-content\/uploads\/2023\/04\/VOLTALIS_COMMUNIQUE-DE-PRESSE_AVRIL_2023.pdf\" target=\"_blank\" rel=\"noreferrer noopener\">T\u00e9l\u00e9charger le communiqu\u00e9 de presse de Roannais Agglom\u00e9ration <\/a><\/strong><\/p>\n","protected":false},"excerpt":{"rendered":"<p>Une d\u00e9marche pour agir concr\u00e8tement et directement en faveur de la transition \u00e9nerg\u00e9tique au quotidien ! En avril 2022, Roannais Agglom\u00e9ration se mobilisait et soutenait l\u2019initiative de Voltalis en vue d\u2019\u00e9quiper gratuitement les foyers du territoire chauff\u00e9s \u00e0 l\u2019\u00e9lectricit\u00e9 avec une solution innovante d\u2019\u00e9conomies d\u2019\u00e9nergie. Aujourd\u2019hui, ce partenariat a d\u00e9j\u00e0 permis \u00e0 plus de 600 [&hellip;]<\/p>\n","protected":false},"author":1,"featured_media":0,"comment_status":"open","ping_status":"closed","sticky":false,"template":"","format":"standard","meta":{"_acf_changed":false,"inline_featured_image":false,"footnotes":""},"categories":[199,3],"tags":[],"class_list":["post-6912","post","type-post","status-publish","format-standard","hentry","category-collectivites","category-communiques-de-presse"],"acf":[],"yoast_head":"<!-- This site is optimized with the Yoast SEO plugin v27.5 - https:\/\/yoast.com\/product\/yoast-seo-wordpress\/ -->\n<title>Roannais Agglom\u00e9ration : toujours plus de foyers \u00e9quip\u00e9s Voltalis !<\/title>\n<meta name=\"description\" content=\"Le d\u00e9ploiement de la solution d&#039;\u00e9conomies d&#039;\u00e9nergie 100% gratuite de Voltalis se poursuit sur le territoire de Roannais Agglom\u00e9ration.\" \/>\n<meta name=\"robots\" content=\"index, follow, max-snippet:-1, max-image-preview:large, max-video-preview:-1\" \/>\n<link rel=\"canonical\" href=\"https:\/\/group.voltalis.com\/fr\/type-de-contenu\/communiques-de-presse\/partenariat-roannais-agglomeration-voltalis-6912\" \/>\n<meta property=\"og:locale\" content=\"fr_FR\" \/>\n<meta property=\"og:type\" content=\"article\" \/>\n<meta property=\"og:title\" content=\"Roannais Agglom\u00e9ration : toujours plus de foyers \u00e9quip\u00e9s Voltalis !\" \/>\n<meta property=\"og:description\" content=\"Le d\u00e9ploiement de la solution d&#039;\u00e9conomies d&#039;\u00e9nergie 100% gratuite de Voltalis se poursuit sur le territoire de Roannais Agglom\u00e9ration.\" \/>\n<meta property=\"og:url\" content=\"https:\/\/group.voltalis.com\/fr\/type-de-contenu\/communiques-de-presse\/partenariat-roannais-agglomeration-voltalis-6912\" \/>\n<meta property=\"og:site_name\" content=\"Groupe Voltalis\" \/>\n<meta property=\"article:publisher\" content=\"https:\/\/www.facebook.com\/pages\/category\/Product-Service\/Voltalis-178720392179068\/\" \/>\n<meta property=\"article:published_time\" content=\"2023-04-26T07:40:57+00:00\" \/>\n<meta property=\"article:modified_time\" content=\"2025-09-04T15:16:07+00:00\" \/>\n<meta property=\"og:image\" content=\"https:\/\/group.voltalis.com\/wp-content\/uploads\/2022\/10\/image.png\" \/>\n\t<meta property=\"og:image:width\" content=\"992\" \/>\n\t<meta property=\"og:image:height\" content=\"324\" \/>\n\t<meta property=\"og:image:type\" content=\"image\/png\" \/>\n<meta name=\"author\" content=\"admin\" \/>\n<meta name=\"twitter:card\" content=\"summary_large_image\" \/>\n<meta name=\"twitter:label1\" content=\"\u00c9crit par\" \/>\n\t<meta name=\"twitter:data1\" content=\"admin\" \/>\n\t<meta name=\"twitter:label2\" content=\"Dur\u00e9e de lecture estim\u00e9e\" \/>\n\t<meta name=\"twitter:data2\" content=\"3 minutes\" \/>\n<script type=\"application\/ld+json\" class=\"yoast-schema-graph\">{\"@context\":\"https:\\\/\\\/schema.org\",\"@graph\":[{\"@type\":\"Article\",\"@id\":\"https:\\\/\\\/group.voltalis.com\\\/fr\\\/type-de-contenu\\\/communiques-de-presse\\\/partenariat-roannais-agglomeration-voltalis-6912#article\",\"isPartOf\":{\"@id\":\"https:\\\/\\\/group.voltalis.com\\\/fr\\\/type-de-contenu\\\/communiques-de-presse\\\/partenariat-roannais-agglomeration-voltalis-6912\"},\"author\":{\"name\":\"admin\",\"@id\":\"https:\\\/\\\/group.voltalis.com\\\/en\\\/#\\\/schema\\\/person\\\/cd75df70a442080ba333ff81754527b8\"},\"headline\":\"En partenariat avec Roannais Agglom\u00e9ration, plus de 600 foyers ont d\u00e9j\u00e0 profit\u00e9 de l\u2019installation du dispositif d\u2019\u00e9conomies d\u2019\u00e9nergie Voltalis\",\"datePublished\":\"2023-04-26T07:40:57+00:00\",\"dateModified\":\"2025-09-04T15:16:07+00:00\",\"mainEntityOfPage\":{\"@id\":\"https:\\\/\\\/group.voltalis.com\\\/fr\\\/type-de-contenu\\\/communiques-de-presse\\\/partenariat-roannais-agglomeration-voltalis-6912\"},\"wordCount\":518,\"commentCount\":0,\"image\":{\"@id\":\"https:\\\/\\\/group.voltalis.com\\\/fr\\\/type-de-contenu\\\/communiques-de-presse\\\/partenariat-roannais-agglomeration-voltalis-6912#primaryimage\"},\"thumbnailUrl\":\"https:\\\/\\\/group.voltalis.com\\\/wp-content\\\/uploads\\\/2022\\\/10\\\/image.png\",\"articleSection\":[\"Collectivit\u00e9s\",\"Communiqu\u00e9s\"],\"inLanguage\":\"fr-FR\"},{\"@type\":\"WebPage\",\"@id\":\"https:\\\/\\\/group.voltalis.com\\\/fr\\\/type-de-contenu\\\/communiques-de-presse\\\/partenariat-roannais-agglomeration-voltalis-6912\",\"url\":\"https:\\\/\\\/group.voltalis.com\\\/fr\\\/type-de-contenu\\\/communiques-de-presse\\\/partenariat-roannais-agglomeration-voltalis-6912\",\"name\":\"Roannais Agglom\u00e9ration : toujours plus de foyers \u00e9quip\u00e9s Voltalis !\",\"isPartOf\":{\"@id\":\"https:\\\/\\\/group.voltalis.com\\\/en\\\/#website\"},\"primaryImageOfPage\":{\"@id\":\"https:\\\/\\\/group.voltalis.com\\\/fr\\\/type-de-contenu\\\/communiques-de-presse\\\/partenariat-roannais-agglomeration-voltalis-6912#primaryimage\"},\"image\":{\"@id\":\"https:\\\/\\\/group.voltalis.com\\\/fr\\\/type-de-contenu\\\/communiques-de-presse\\\/partenariat-roannais-agglomeration-voltalis-6912#primaryimage\"},\"thumbnailUrl\":\"https:\\\/\\\/group.voltalis.com\\\/wp-content\\\/uploads\\\/2022\\\/10\\\/image.png\",\"datePublished\":\"2023-04-26T07:40:57+00:00\",\"dateModified\":\"2025-09-04T15:16:07+00:00\",\"author\":{\"@id\":\"https:\\\/\\\/group.voltalis.com\\\/en\\\/#\\\/schema\\\/person\\\/cd75df70a442080ba333ff81754527b8\"},\"description\":\"Le d\u00e9ploiement de la solution d'\u00e9conomies d'\u00e9nergie 100% gratuite de Voltalis se poursuit sur le territoire de Roannais Agglom\u00e9ration.\",\"breadcrumb\":{\"@id\":\"https:\\\/\\\/group.voltalis.com\\\/fr\\\/type-de-contenu\\\/communiques-de-presse\\\/partenariat-roannais-agglomeration-voltalis-6912#breadcrumb\"},\"inLanguage\":\"fr-FR\",\"potentialAction\":[{\"@type\":\"ReadAction\",\"target\":[\"https:\\\/\\\/group.voltalis.com\\\/fr\\\/type-de-contenu\\\/communiques-de-presse\\\/partenariat-roannais-agglomeration-voltalis-6912\"]}]},{\"@type\":\"ImageObject\",\"inLanguage\":\"fr-FR\",\"@id\":\"https:\\\/\\\/group.voltalis.com\\\/fr\\\/type-de-contenu\\\/communiques-de-presse\\\/partenariat-roannais-agglomeration-voltalis-6912#primaryimage\",\"url\":\"https:\\\/\\\/group.voltalis.com\\\/wp-content\\\/uploads\\\/2022\\\/10\\\/image.png\",\"contentUrl\":\"https:\\\/\\\/group.voltalis.com\\\/wp-content\\\/uploads\\\/2022\\\/10\\\/image.png\"},{\"@type\":\"BreadcrumbList\",\"@id\":\"https:\\\/\\\/group.voltalis.com\\\/fr\\\/type-de-contenu\\\/communiques-de-presse\\\/partenariat-roannais-agglomeration-voltalis-6912#breadcrumb\",\"itemListElement\":[{\"@type\":\"ListItem\",\"position\":1,\"name\":\"Home\",\"item\":\"https:\\\/\\\/group.voltalis.com\\\/fr\"},{\"@type\":\"ListItem\",\"position\":2,\"name\":\"En partenariat avec Roannais Agglom\u00e9ration, plus de 600 foyers ont d\u00e9j\u00e0 profit\u00e9 de l\u2019installation du dispositif d\u2019\u00e9conomies d\u2019\u00e9nergie Voltalis\"}]},{\"@type\":\"WebSite\",\"@id\":\"https:\\\/\\\/group.voltalis.com\\\/en\\\/#website\",\"url\":\"https:\\\/\\\/group.voltalis.com\\\/en\\\/\",\"name\":\"Groupe Voltalis\",\"description\":\"Bien plus que des \u00e9conomies d&#039;\u00e9nergie\",\"potentialAction\":[{\"@type\":\"SearchAction\",\"target\":{\"@type\":\"EntryPoint\",\"urlTemplate\":\"https:\\\/\\\/group.voltalis.com\\\/en\\\/?s={search_term_string}\"},\"query-input\":{\"@type\":\"PropertyValueSpecification\",\"valueRequired\":true,\"valueName\":\"search_term_string\"}}],\"inLanguage\":\"fr-FR\"},{\"@type\":\"Person\",\"@id\":\"https:\\\/\\\/group.voltalis.com\\\/en\\\/#\\\/schema\\\/person\\\/cd75df70a442080ba333ff81754527b8\",\"name\":\"admin\",\"image\":{\"@type\":\"ImageObject\",\"inLanguage\":\"fr-FR\",\"@id\":\"https:\\\/\\\/secure.gravatar.com\\\/avatar\\\/d33819406c6fd656ae073a4bf8663fc5da17ca34c0a8d21882949b205ec67922?s=96&d=mm&r=g\",\"url\":\"https:\\\/\\\/secure.gravatar.com\\\/avatar\\\/d33819406c6fd656ae073a4bf8663fc5da17ca34c0a8d21882949b205ec67922?s=96&d=mm&r=g\",\"contentUrl\":\"https:\\\/\\\/secure.gravatar.com\\\/avatar\\\/d33819406c6fd656ae073a4bf8663fc5da17ca34c0a8d21882949b205ec67922?s=96&d=mm&r=g\",\"caption\":\"admin\"},\"sameAs\":[\"https:\\\/\\\/group.voltalis.com\"],\"url\":\"https:\\\/\\\/group.voltalis.com\\\/fr\\\/author\\\/admin\"}]}<\/script>\n<!-- \/ Yoast SEO plugin. -->","yoast_head_json":{"title":"Roannais Agglom\u00e9ration : toujours plus de foyers \u00e9quip\u00e9s Voltalis !","description":"Le d\u00e9ploiement de la solution d'\u00e9conomies d'\u00e9nergie 100% gratuite de Voltalis se poursuit sur le territoire de Roannais Agglom\u00e9ration.","robots":{"index":"index","follow":"follow","max-snippet":"max-snippet:-1","max-image-preview":"max-image-preview:large","max-video-preview":"max-video-preview:-1"},"canonical":"https:\/\/group.voltalis.com\/fr\/type-de-contenu\/communiques-de-presse\/partenariat-roannais-agglomeration-voltalis-6912","og_locale":"fr_FR","og_type":"article","og_title":"Roannais Agglom\u00e9ration : toujours plus de foyers \u00e9quip\u00e9s Voltalis !","og_description":"Le d\u00e9ploiement de la solution d'\u00e9conomies d'\u00e9nergie 100% gratuite de Voltalis se poursuit sur le territoire de Roannais Agglom\u00e9ration.","og_url":"https:\/\/group.voltalis.com\/fr\/type-de-contenu\/communiques-de-presse\/partenariat-roannais-agglomeration-voltalis-6912","og_site_name":"Groupe Voltalis","article_publisher":"https:\/\/www.facebook.com\/pages\/category\/Product-Service\/Voltalis-178720392179068\/","article_published_time":"2023-04-26T07:40:57+00:00","article_modified_time":"2025-09-04T15:16:07+00:00","og_image":[{"width":992,"height":324,"url":"https:\/\/group.voltalis.com\/wp-content\/uploads\/2022\/10\/image.png","type":"image\/png"}],"author":"admin","twitter_card":"summary_large_image","twitter_misc":{"\u00c9crit par":"admin","Dur\u00e9e de lecture estim\u00e9e":"3 minutes"},"schema":{"@context":"https:\/\/schema.org","@graph":[{"@type":"Article","@id":"https:\/\/group.voltalis.com\/fr\/type-de-contenu\/communiques-de-presse\/partenariat-roannais-agglomeration-voltalis-6912#article","isPartOf":{"@id":"https:\/\/group.voltalis.com\/fr\/type-de-contenu\/communiques-de-presse\/partenariat-roannais-agglomeration-voltalis-6912"},"author":{"name":"admin","@id":"https:\/\/group.voltalis.com\/en\/#\/schema\/person\/cd75df70a442080ba333ff81754527b8"},"headline":"En partenariat avec Roannais Agglom\u00e9ration, plus de 600 foyers ont d\u00e9j\u00e0 profit\u00e9 de l\u2019installation du dispositif d\u2019\u00e9conomies d\u2019\u00e9nergie Voltalis","datePublished":"2023-04-26T07:40:57+00:00","dateModified":"2025-09-04T15:16:07+00:00","mainEntityOfPage":{"@id":"https:\/\/group.voltalis.com\/fr\/type-de-contenu\/communiques-de-presse\/partenariat-roannais-agglomeration-voltalis-6912"},"wordCount":518,"commentCount":0,"image":{"@id":"https:\/\/group.voltalis.com\/fr\/type-de-contenu\/communiques-de-presse\/partenariat-roannais-agglomeration-voltalis-6912#primaryimage"},"thumbnailUrl":"https:\/\/group.voltalis.com\/wp-content\/uploads\/2022\/10\/image.png","articleSection":["Collectivit\u00e9s","Communiqu\u00e9s"],"inLanguage":"fr-FR"},{"@type":"WebPage","@id":"https:\/\/group.voltalis.com\/fr\/type-de-contenu\/communiques-de-presse\/partenariat-roannais-agglomeration-voltalis-6912","url":"https:\/\/group.voltalis.com\/fr\/type-de-contenu\/communiques-de-presse\/partenariat-roannais-agglomeration-voltalis-6912","name":"Roannais Agglom\u00e9ration : toujours plus de foyers \u00e9quip\u00e9s Voltalis !","isPartOf":{"@id":"https:\/\/group.voltalis.com\/en\/#website"},"primaryImageOfPage":{"@id":"https:\/\/group.voltalis.com\/fr\/type-de-contenu\/communiques-de-presse\/partenariat-roannais-agglomeration-voltalis-6912#primaryimage"},"image":{"@id":"https:\/\/group.voltalis.com\/fr\/type-de-contenu\/communiques-de-presse\/partenariat-roannais-agglomeration-voltalis-6912#primaryimage"},"thumbnailUrl":"https:\/\/group.voltalis.com\/wp-content\/uploads\/2022\/10\/image.png","datePublished":"2023-04-26T07:40:57+00:00","dateModified":"2025-09-04T15:16:07+00:00","author":{"@id":"https:\/\/group.voltalis.com\/en\/#\/schema\/person\/cd75df70a442080ba333ff81754527b8"},"description":"Le d\u00e9ploiement de la solution d'\u00e9conomies d'\u00e9nergie 100% gratuite de Voltalis se poursuit sur le territoire de Roannais Agglom\u00e9ration.","breadcrumb":{"@id":"https:\/\/group.voltalis.com\/fr\/type-de-contenu\/communiques-de-presse\/partenariat-roannais-agglomeration-voltalis-6912#breadcrumb"},"inLanguage":"fr-FR","potentialAction":[{"@type":"ReadAction","target":["https:\/\/group.voltalis.com\/fr\/type-de-contenu\/communiques-de-presse\/partenariat-roannais-agglomeration-voltalis-6912"]}]},{"@type":"ImageObject","inLanguage":"fr-FR","@id":"https:\/\/group.voltalis.com\/fr\/type-de-contenu\/communiques-de-presse\/partenariat-roannais-agglomeration-voltalis-6912#primaryimage","url":"https:\/\/group.voltalis.com\/wp-content\/uploads\/2022\/10\/image.png","contentUrl":"https:\/\/group.voltalis.com\/wp-content\/uploads\/2022\/10\/image.png"},{"@type":"BreadcrumbList","@id":"https:\/\/group.voltalis.com\/fr\/type-de-contenu\/communiques-de-presse\/partenariat-roannais-agglomeration-voltalis-6912#breadcrumb","itemListElement":[{"@type":"ListItem","position":1,"name":"Home","item":"https:\/\/group.voltalis.com\/fr"},{"@type":"ListItem","position":2,"name":"En partenariat avec Roannais Agglom\u00e9ration, plus de 600 foyers ont d\u00e9j\u00e0 profit\u00e9 de l\u2019installation du dispositif d\u2019\u00e9conomies d\u2019\u00e9nergie Voltalis"}]},{"@type":"WebSite","@id":"https:\/\/group.voltalis.com\/en\/#website","url":"https:\/\/group.voltalis.com\/en\/","name":"Groupe Voltalis","description":"Bien plus que des \u00e9conomies d&#039;\u00e9nergie","potentialAction":[{"@type":"SearchAction","target":{"@type":"EntryPoint","urlTemplate":"https:\/\/group.voltalis.com\/en\/?s={search_term_string}"},"query-input":{"@type":"PropertyValueSpecification","valueRequired":true,"valueName":"search_term_string"}}],"inLanguage":"fr-FR"},{"@type":"Person","@id":"https:\/\/group.voltalis.com\/en\/#\/schema\/person\/cd75df70a442080ba333ff81754527b8","name":"admin","image":{"@type":"ImageObject","inLanguage":"fr-FR","@id":"https:\/\/secure.gravatar.com\/avatar\/d33819406c6fd656ae073a4bf8663fc5da17ca34c0a8d21882949b205ec67922?s=96&d=mm&r=g","url":"https:\/\/secure.gravatar.com\/avatar\/d33819406c6fd656ae073a4bf8663fc5da17ca34c0a8d21882949b205ec67922?s=96&d=mm&r=g","contentUrl":"https:\/\/secure.gravatar.com\/avatar\/d33819406c6fd656ae073a4bf8663fc5da17ca34c0a8d21882949b205ec67922?s=96&d=mm&r=g","caption":"admin"},"sameAs":["https:\/\/group.voltalis.com"],"url":"https:\/\/group.voltalis.com\/fr\/author\/admin"}]}},"_links":{"self":[{"href":"https:\/\/group.voltalis.com\/fr\/wp-json\/wp\/v2\/posts\/6912","targetHints":{"allow":["GET"]}}],"collection":[{"href":"https:\/\/group.voltalis.com\/fr\/wp-json\/wp\/v2\/posts"}],"about":[{"href":"https:\/\/group.voltalis.com\/fr\/wp-json\/wp\/v2\/types\/post"}],"author":[{"embeddable":true,"href":"https:\/\/group.voltalis.com\/fr\/wp-json\/wp\/v2\/users\/1"}],"replies":[{"embeddable":true,"href":"https:\/\/group.voltalis.com\/fr\/wp-json\/wp\/v2\/comments?post=6912"}],"version-history":[{"count":1,"href":"https:\/\/group.voltalis.com\/fr\/wp-json\/wp\/v2\/posts\/6912\/revisions"}],"predecessor-version":[{"id":10461,"href":"https:\/\/group.voltalis.com\/fr\/wp-json\/wp\/v2\/posts\/6912\/revisions\/10461"}],"wp:attachment":[{"href":"https:\/\/group.voltalis.com\/fr\/wp-json\/wp\/v2\/media?parent=6912"}],"wp:term":[{"taxonomy":"category","embeddable":true,"href":"https:\/\/group.voltalis.com\/fr\/wp-json\/wp\/v2\/categories?post=6912"},{"taxonomy":"post_tag","embeddable":true,"href":"https:\/\/group.voltalis.com\/fr\/wp-json\/wp\/v2\/tags?post=6912"}],"curies":[{"name":"wp","href":"https:\/\/api.w.org\/{rel}","templated":true}]}}