{"id":6929,"date":"2023-06-05T21:03:31","date_gmt":"2023-06-05T19:03:31","guid":{"rendered":"https:\/\/group.voltalis.com\/?p=6929"},"modified":"2025-09-04T17:17:19","modified_gmt":"2025-09-04T15:17:19","slug":"partenariat-voltalis-dore-et-allier","status":"publish","type":"post","link":"https:\/\/group.voltalis.com\/fr\/type-de-contenu\/communiques-de-presse\/partenariat-voltalis-dore-et-allier-6929","title":{"rendered":"En partenariat avec Voltalis, la Communaut\u00e9 de communes entre Dore et Allier d\u00e9ploie une solution de sobri\u00e9t\u00e9 \u00e9nerg\u00e9tique 100 % gratuite aupr\u00e8s de ses habitants"},"content":{"rendered":"\n<p>Engag\u00e9e depuis fin 2021 dans l\u2019\u00e9laboration d\u2019un Plan Climat Air Energie Territorial (PCAET), <a href=\"http:\/\/www.ccdoreallier.fr\/\" target=\"_blank\" rel=\"noreferrer noopener nofollow\">la Communaut\u00e9 de communes entre Dore et Allier<\/a> (CCEDA) souhaite aujourd\u2019hui acc\u00e9l\u00e9rer la transition \u00e9nerg\u00e9tique du territoire, r\u00e9duire ses \u00e9missions de CO<sub>2<\/sub>, tout en permettant \u00e0 ses habitants de mieux ma\u00eetriser leur consommation d\u2019\u00e9nergie.<\/p>\n\n\n\n<p>Ainsi, la CCEDA soutient une initiative concr\u00e8te&nbsp;: permettre aux particuliers et professionnels du territoire chauff\u00e9s \u00e0 l\u2019\u00e9lectricit\u00e9 de b\u00e9n\u00e9ficier gratuitement du dispositif innovant de ma\u00eetrise et de r\u00e9duction de leur consommation d\u2019\u00e9lectricit\u00e9 de Voltalis.<\/p>\n\n\n\n<p>2 500 foyers et professionnels chauff\u00e9s \u00e0 l&rsquo;\u00e9lectricit\u00e9 et r\u00e9partis sur les 14 communes sont \u00e9ligibles \u00e0 la solution.<\/p>\n\n\n\n<h2 class=\"wp-block-heading\"><strong>Piloter son chauffage et mieux ma\u00eetriser sa consommation \u00e9lectrique<\/strong><\/h2>\n\n\n\n<p>La solution Voltalis est&nbsp;100% gratuite et \u00e9quipe d\u00e9j\u00e0 plus de 150&nbsp;000 logements en France et en Europe. Elle se mat\u00e9rialise par un petit&nbsp;bo\u00eetier connect\u00e9 install\u00e9 sur chacun des radiateurs \u00e9lectriques du logement et permettant de piloter intelligemment. Il est rappel\u00e9 que le chauffage repr\u00e9sente 66 % de la consommation totale du foyer selon l\u2019<a href=\"https:\/\/www.ademe.fr\/\" target=\"_blank\" rel=\"noreferrer noopener nofollow\">ADEME<\/a>.<\/p>\n\n\n\n<p>Les adh\u00e9rents b\u00e9n\u00e9ficient d\u2019un&nbsp;espace s\u00e9curis\u00e9 en ligne pour <a href=\"https:\/\/www.voltalis.com\/myvoltalis-lapplication-de-suivi-de-consommation-electrique\" target=\"_blank\" rel=\"noreferrer noopener\">suivre leur consommation, programmer leurs radiateurs et les commander \u00e0 distance<\/a>. Accessible sur ordinateur, smartphone et tablette, cette application leur permet de devenir de v\u00e9ritables \u00ab&nbsp;consom\u2019acteurs&nbsp;\u00bb bien inform\u00e9s.<\/p>\n\n\n<div class=\"wp-block-image\">\n<figure class=\"aligncenter size-large is-resized\"><img loading=\"lazy\" decoding=\"async\" src=\"https:\/\/group.voltalis.com\/wp-content\/uploads\/2022\/10\/My-Voltalis-Ma-ConsoProgrammation-LR-1-1024x683.png\" alt=\"L'application de pilotage du chauffage et de suivi de consommation Voltalis\" class=\"wp-image-6221\" width=\"512\" height=\"342\" srcset=\"https:\/\/group.voltalis.com\/wp-content\/uploads\/2022\/10\/My-Voltalis-Ma-ConsoProgrammation-LR-1-1024x683.png 1024w, https:\/\/group.voltalis.com\/wp-content\/uploads\/2022\/10\/My-Voltalis-Ma-ConsoProgrammation-LR-1-300x200.png 300w, https:\/\/group.voltalis.com\/wp-content\/uploads\/2022\/10\/My-Voltalis-Ma-ConsoProgrammation-LR-1-768x512.png 768w, https:\/\/group.voltalis.com\/wp-content\/uploads\/2022\/10\/My-Voltalis-Ma-ConsoProgrammation-LR-1.png 1500w\" sizes=\"auto, (max-width: 512px) 100vw, 512px\" \/><figcaption class=\"wp-element-caption\">L&rsquo;application de pilotage du chauffage et de suivi de consommation Voltalis<\/figcaption><\/figure>\n<\/div>\n\n\n<p>Face \u00e0 la hausse des prix de l\u2019\u00e9lectricit\u00e9, ce dispositif \u00e9cocitoyen permet ainsi de&nbsp;r\u00e9aliser jusqu\u2019\u00e0 15% d\u2019\u00e9conomies d\u2019\u00e9nergie sans compromis de confort.<\/p>\n\n\n\n<h2 class=\"wp-block-heading\"><strong>R\u00e9duire les \u00e9missions de CO<\/strong><strong><sub>2<\/sub><\/strong><strong>&nbsp;et participer \u00e0 la s\u00e9curit\u00e9 du r\u00e9seau \u00e9lectrique<\/strong><\/h2>\n\n\n\n<p>En parall\u00e8le, Voltalis permet aux citoyens de la CC Entre dore et Allier de&nbsp;participer activement \u00e0 la s\u00e9curit\u00e9 de l\u2019alimentation \u00e9lectrique de tous,&nbsp;dans le cadre d\u2019une d\u00e9marche solidaire. La technologie d\u00e9velopp\u00e9e permet en effet de piloter intelligemment &#8211; et en temps r\u00e9el- des centaines de milliers d\u2019appareils de chauffage, au service de la stabilit\u00e9 du syst\u00e8me \u00e9lectrique. &nbsp;<\/p>\n\n\n\n<p>En cas de pics de consommation hivernaux ou de baisses de production des \u00e9nergies renouvelables, Voltalis peut r\u00e9duire pendant quelques minutes la consommation des appareils connect\u00e9s, tout en pr\u00e9servant le confort des occupants. Ces actions pr\u00e9servent le r\u00e9seau \u00e9lectrique et aident \u00e0 r\u00e9duire les risques de d\u00e9lestages. Elle limite \u00e9galement le recours \u00e0 des centrales thermiques polluantes au gaz, au charbon ou au fioul qui permettent habituellement de compenser les baisses de production \u00e9lectrique.<\/p>\n\n\n\n<h2 class=\"wp-block-heading\"><strong>Comment b\u00e9n\u00e9ficier du dispositif gratuit Voltalis sur le territoire entre Dore et Allier ?<\/strong><\/h2>\n\n\n\n<p>Tous les habitants chauff\u00e9s \u00e0 l\u2019\u00e9lectricit\u00e9 du territoire de<strong> <\/strong>la CC entre Dore et Allier, locataires comme propri\u00e9taires, mais \u00e9galement les commerces, bureaux et b\u00e2timents publics sont \u00e9ligibles au dispositif Voltalis. A partir du 5 juin et durant l\u2019\u00e9t\u00e9, les conseillers Voltalis viendront \u00e0 la rencontre des populations afin de les informer sur les avantages de ce service et leur proposer un rendez-vous d\u2019installation avec un technicien agr\u00e9\u00e9. Il est \u00e9galement possible de contacter directement Voltalis au&nbsp;<strong>04 56 60 87 47<\/strong> ou par courriel:&nbsp; <a href=\"mailto:cceda@voltalis.com\">cceda@voltalis.com<\/a><\/p>\n\n\n\n<p><strong>Contacts presse&nbsp;:<\/strong><\/p>\n\n\n\n<ul class=\"wp-block-list\">\n<li><strong>Pour la Communaut\u00e9 de communes entre Dore et Allier<\/strong> : Lydie COUTURIER, charg\u00e9e de communication &#8211; <a href=\"mailto:communication@ccdoreallier.fr\" target=\"_blank\" rel=\"noreferrer noopener\">communication@ccdoreallier.fr<\/a> \u2013 04 73 73 21 78 ou 07 57 42 45 54 &#8211; Orane BOUCHER, charg\u00e9e de mission Environnement\/Mobilit\u00e9 &#8211; <a href=\"mailto:environnement@ccdoreallier.fr\">environnement@ccdoreallier.fr<\/a> &#8211; 04 73 73 24 03&nbsp; ou&nbsp; 07 56 38 53 77&nbsp;<\/li>\n<\/ul>\n\n\n\n<ul class=\"wp-block-list\">\n<li><strong>Pour Voltalis&nbsp;:<\/strong> <a href=\"mailto:presse@voltalis.com\" target=\"_blank\" rel=\"noreferrer noopener\">presse@voltalis.com<\/a> &#8211; Raya RIZK &#8211; <a href=\"mailto:raya@lagencerp.com\">raya@lagencerp.com<\/a>&nbsp; &#8211; 07 85 15 22 40 &#8211; Camille TECHER \u2013 camille@lagencerp.com &#8211; 07 62 15 76 99<\/li>\n<\/ul>\n\n\n\n<p><\/p>\n","protected":false},"excerpt":{"rendered":"<p>Engag\u00e9e depuis fin 2021 dans l\u2019\u00e9laboration d\u2019un Plan Climat Air Energie Territorial (PCAET), la Communaut\u00e9 de communes entre Dore et Allier (CCEDA) souhaite aujourd\u2019hui acc\u00e9l\u00e9rer la transition \u00e9nerg\u00e9tique du territoire, r\u00e9duire ses \u00e9missions de CO2, tout en permettant \u00e0 ses habitants de mieux ma\u00eetriser leur consommation d\u2019\u00e9nergie. Ainsi, la CCEDA soutient une initiative concr\u00e8te&nbsp;: permettre [&hellip;]<\/p>\n","protected":false},"author":1,"featured_media":0,"comment_status":"open","ping_status":"closed","sticky":false,"template":"","format":"standard","meta":{"_acf_changed":false,"inline_featured_image":false,"footnotes":""},"categories":[199,3],"tags":[],"class_list":["post-6929","post","type-post","status-publish","format-standard","hentry","category-collectivites","category-communiques-de-presse"],"acf":[],"yoast_head":"<!-- This site is optimized with the Yoast SEO plugin v27.5 - https:\/\/yoast.com\/product\/yoast-seo-wordpress\/ -->\n<title>La CC Dore et Allier choisit Voltalis pour les \u00e9conomies d&#039;\u00e9nergie<\/title>\n<meta name=\"description\" content=\"La Communaut\u00e9 de communes entre Dore et Allier (CCEDA) d\u00e9ploie la solution 100 % gratuite de sobri\u00e9t\u00e9 \u00e9nerg\u00e9tique de Voltalis.\" \/>\n<meta name=\"robots\" content=\"index, follow, max-snippet:-1, max-image-preview:large, max-video-preview:-1\" \/>\n<link rel=\"canonical\" href=\"https:\/\/group.voltalis.com\/fr\/type-de-contenu\/communiques-de-presse\/partenariat-voltalis-dore-et-allier-6929\" \/>\n<meta property=\"og:locale\" content=\"fr_FR\" \/>\n<meta property=\"og:type\" content=\"article\" \/>\n<meta property=\"og:title\" content=\"La CC Dore et Allier choisit Voltalis pour les \u00e9conomies d&#039;\u00e9nergie\" \/>\n<meta property=\"og:description\" content=\"La Communaut\u00e9 de communes entre Dore et Allier (CCEDA) d\u00e9ploie la solution 100 % gratuite de sobri\u00e9t\u00e9 \u00e9nerg\u00e9tique de Voltalis.\" \/>\n<meta property=\"og:url\" content=\"https:\/\/group.voltalis.com\/fr\/type-de-contenu\/communiques-de-presse\/partenariat-voltalis-dore-et-allier-6929\" \/>\n<meta property=\"og:site_name\" content=\"Groupe Voltalis\" \/>\n<meta property=\"article:publisher\" content=\"https:\/\/www.facebook.com\/pages\/category\/Product-Service\/Voltalis-178720392179068\/\" \/>\n<meta property=\"article:published_time\" content=\"2023-06-05T19:03:31+00:00\" \/>\n<meta property=\"article:modified_time\" content=\"2025-09-04T15:17:19+00:00\" \/>\n<meta property=\"og:image\" content=\"https:\/\/group.voltalis.com\/wp-content\/uploads\/2022\/10\/My-Voltalis-Ma-ConsoProgrammation-LR-1.png\" \/>\n\t<meta property=\"og:image:width\" content=\"1500\" \/>\n\t<meta property=\"og:image:height\" content=\"1000\" \/>\n\t<meta property=\"og:image:type\" content=\"image\/png\" \/>\n<meta name=\"author\" content=\"admin\" \/>\n<meta name=\"twitter:card\" content=\"summary_large_image\" \/>\n<meta name=\"twitter:label1\" content=\"\u00c9crit par\" \/>\n\t<meta name=\"twitter:data1\" content=\"admin\" \/>\n\t<meta name=\"twitter:label2\" content=\"Dur\u00e9e de lecture estim\u00e9e\" \/>\n\t<meta name=\"twitter:data2\" content=\"3 minutes\" \/>\n<script type=\"application\/ld+json\" class=\"yoast-schema-graph\">{\"@context\":\"https:\\\/\\\/schema.org\",\"@graph\":[{\"@type\":\"Article\",\"@id\":\"https:\\\/\\\/group.voltalis.com\\\/fr\\\/type-de-contenu\\\/communiques-de-presse\\\/partenariat-voltalis-dore-et-allier-6929#article\",\"isPartOf\":{\"@id\":\"https:\\\/\\\/group.voltalis.com\\\/fr\\\/type-de-contenu\\\/communiques-de-presse\\\/partenariat-voltalis-dore-et-allier-6929\"},\"author\":{\"name\":\"admin\",\"@id\":\"https:\\\/\\\/group.voltalis.com\\\/en\\\/#\\\/schema\\\/person\\\/cd75df70a442080ba333ff81754527b8\"},\"headline\":\"En partenariat avec Voltalis, la Communaut\u00e9 de communes entre Dore et Allier d\u00e9ploie une solution de sobri\u00e9t\u00e9 \u00e9nerg\u00e9tique 100 % gratuite aupr\u00e8s de ses habitants\",\"datePublished\":\"2023-06-05T19:03:31+00:00\",\"dateModified\":\"2025-09-04T15:17:19+00:00\",\"mainEntityOfPage\":{\"@id\":\"https:\\\/\\\/group.voltalis.com\\\/fr\\\/type-de-contenu\\\/communiques-de-presse\\\/partenariat-voltalis-dore-et-allier-6929\"},\"wordCount\":627,\"commentCount\":0,\"image\":{\"@id\":\"https:\\\/\\\/group.voltalis.com\\\/fr\\\/type-de-contenu\\\/communiques-de-presse\\\/partenariat-voltalis-dore-et-allier-6929#primaryimage\"},\"thumbnailUrl\":\"https:\\\/\\\/group.voltalis.com\\\/wp-content\\\/uploads\\\/2022\\\/10\\\/My-Voltalis-Ma-ConsoProgrammation-LR-1-1024x683.png\",\"articleSection\":[\"Collectivit\u00e9s\",\"Communiqu\u00e9s\"],\"inLanguage\":\"fr-FR\"},{\"@type\":\"WebPage\",\"@id\":\"https:\\\/\\\/group.voltalis.com\\\/fr\\\/type-de-contenu\\\/communiques-de-presse\\\/partenariat-voltalis-dore-et-allier-6929\",\"url\":\"https:\\\/\\\/group.voltalis.com\\\/fr\\\/type-de-contenu\\\/communiques-de-presse\\\/partenariat-voltalis-dore-et-allier-6929\",\"name\":\"La CC Dore et Allier choisit Voltalis pour les \u00e9conomies d'\u00e9nergie\",\"isPartOf\":{\"@id\":\"https:\\\/\\\/group.voltalis.com\\\/en\\\/#website\"},\"primaryImageOfPage\":{\"@id\":\"https:\\\/\\\/group.voltalis.com\\\/fr\\\/type-de-contenu\\\/communiques-de-presse\\\/partenariat-voltalis-dore-et-allier-6929#primaryimage\"},\"image\":{\"@id\":\"https:\\\/\\\/group.voltalis.com\\\/fr\\\/type-de-contenu\\\/communiques-de-presse\\\/partenariat-voltalis-dore-et-allier-6929#primaryimage\"},\"thumbnailUrl\":\"https:\\\/\\\/group.voltalis.com\\\/wp-content\\\/uploads\\\/2022\\\/10\\\/My-Voltalis-Ma-ConsoProgrammation-LR-1-1024x683.png\",\"datePublished\":\"2023-06-05T19:03:31+00:00\",\"dateModified\":\"2025-09-04T15:17:19+00:00\",\"author\":{\"@id\":\"https:\\\/\\\/group.voltalis.com\\\/en\\\/#\\\/schema\\\/person\\\/cd75df70a442080ba333ff81754527b8\"},\"description\":\"La Communaut\u00e9 de communes entre Dore et Allier (CCEDA) d\u00e9ploie la solution 100 % gratuite de sobri\u00e9t\u00e9 \u00e9nerg\u00e9tique de Voltalis.\",\"breadcrumb\":{\"@id\":\"https:\\\/\\\/group.voltalis.com\\\/fr\\\/type-de-contenu\\\/communiques-de-presse\\\/partenariat-voltalis-dore-et-allier-6929#breadcrumb\"},\"inLanguage\":\"fr-FR\",\"potentialAction\":[{\"@type\":\"ReadAction\",\"target\":[\"https:\\\/\\\/group.voltalis.com\\\/fr\\\/type-de-contenu\\\/communiques-de-presse\\\/partenariat-voltalis-dore-et-allier-6929\"]}]},{\"@type\":\"ImageObject\",\"inLanguage\":\"fr-FR\",\"@id\":\"https:\\\/\\\/group.voltalis.com\\\/fr\\\/type-de-contenu\\\/communiques-de-presse\\\/partenariat-voltalis-dore-et-allier-6929#primaryimage\",\"url\":\"https:\\\/\\\/group.voltalis.com\\\/wp-content\\\/uploads\\\/2022\\\/10\\\/My-Voltalis-Ma-ConsoProgrammation-LR-1-1024x683.png\",\"contentUrl\":\"https:\\\/\\\/group.voltalis.com\\\/wp-content\\\/uploads\\\/2022\\\/10\\\/My-Voltalis-Ma-ConsoProgrammation-LR-1-1024x683.png\"},{\"@type\":\"BreadcrumbList\",\"@id\":\"https:\\\/\\\/group.voltalis.com\\\/fr\\\/type-de-contenu\\\/communiques-de-presse\\\/partenariat-voltalis-dore-et-allier-6929#breadcrumb\",\"itemListElement\":[{\"@type\":\"ListItem\",\"position\":1,\"name\":\"Home\",\"item\":\"https:\\\/\\\/group.voltalis.com\\\/fr\"},{\"@type\":\"ListItem\",\"position\":2,\"name\":\"En partenariat avec Voltalis, la Communaut\u00e9 de communes entre Dore et Allier d\u00e9ploie une solution de sobri\u00e9t\u00e9 \u00e9nerg\u00e9tique 100 % gratuite aupr\u00e8s de ses habitants\"}]},{\"@type\":\"WebSite\",\"@id\":\"https:\\\/\\\/group.voltalis.com\\\/en\\\/#website\",\"url\":\"https:\\\/\\\/group.voltalis.com\\\/en\\\/\",\"name\":\"Groupe Voltalis\",\"description\":\"Bien plus que des \u00e9conomies d&#039;\u00e9nergie\",\"potentialAction\":[{\"@type\":\"SearchAction\",\"target\":{\"@type\":\"EntryPoint\",\"urlTemplate\":\"https:\\\/\\\/group.voltalis.com\\\/en\\\/?s={search_term_string}\"},\"query-input\":{\"@type\":\"PropertyValueSpecification\",\"valueRequired\":true,\"valueName\":\"search_term_string\"}}],\"inLanguage\":\"fr-FR\"},{\"@type\":\"Person\",\"@id\":\"https:\\\/\\\/group.voltalis.com\\\/en\\\/#\\\/schema\\\/person\\\/cd75df70a442080ba333ff81754527b8\",\"name\":\"admin\",\"image\":{\"@type\":\"ImageObject\",\"inLanguage\":\"fr-FR\",\"@id\":\"https:\\\/\\\/secure.gravatar.com\\\/avatar\\\/d33819406c6fd656ae073a4bf8663fc5da17ca34c0a8d21882949b205ec67922?s=96&d=mm&r=g\",\"url\":\"https:\\\/\\\/secure.gravatar.com\\\/avatar\\\/d33819406c6fd656ae073a4bf8663fc5da17ca34c0a8d21882949b205ec67922?s=96&d=mm&r=g\",\"contentUrl\":\"https:\\\/\\\/secure.gravatar.com\\\/avatar\\\/d33819406c6fd656ae073a4bf8663fc5da17ca34c0a8d21882949b205ec67922?s=96&d=mm&r=g\",\"caption\":\"admin\"},\"sameAs\":[\"https:\\\/\\\/group.voltalis.com\"],\"url\":\"https:\\\/\\\/group.voltalis.com\\\/fr\\\/author\\\/admin\"}]}<\/script>\n<!-- \/ Yoast SEO plugin. -->","yoast_head_json":{"title":"La CC Dore et Allier choisit Voltalis pour les \u00e9conomies d'\u00e9nergie","description":"La Communaut\u00e9 de communes entre Dore et Allier (CCEDA) d\u00e9ploie la solution 100 % gratuite de sobri\u00e9t\u00e9 \u00e9nerg\u00e9tique de Voltalis.","robots":{"index":"index","follow":"follow","max-snippet":"max-snippet:-1","max-image-preview":"max-image-preview:large","max-video-preview":"max-video-preview:-1"},"canonical":"https:\/\/group.voltalis.com\/fr\/type-de-contenu\/communiques-de-presse\/partenariat-voltalis-dore-et-allier-6929","og_locale":"fr_FR","og_type":"article","og_title":"La CC Dore et Allier choisit Voltalis pour les \u00e9conomies d'\u00e9nergie","og_description":"La Communaut\u00e9 de communes entre Dore et Allier (CCEDA) d\u00e9ploie la solution 100 % gratuite de sobri\u00e9t\u00e9 \u00e9nerg\u00e9tique de Voltalis.","og_url":"https:\/\/group.voltalis.com\/fr\/type-de-contenu\/communiques-de-presse\/partenariat-voltalis-dore-et-allier-6929","og_site_name":"Groupe Voltalis","article_publisher":"https:\/\/www.facebook.com\/pages\/category\/Product-Service\/Voltalis-178720392179068\/","article_published_time":"2023-06-05T19:03:31+00:00","article_modified_time":"2025-09-04T15:17:19+00:00","og_image":[{"width":1500,"height":1000,"url":"https:\/\/group.voltalis.com\/wp-content\/uploads\/2022\/10\/My-Voltalis-Ma-ConsoProgrammation-LR-1.png","type":"image\/png"}],"author":"admin","twitter_card":"summary_large_image","twitter_misc":{"\u00c9crit par":"admin","Dur\u00e9e de lecture estim\u00e9e":"3 minutes"},"schema":{"@context":"https:\/\/schema.org","@graph":[{"@type":"Article","@id":"https:\/\/group.voltalis.com\/fr\/type-de-contenu\/communiques-de-presse\/partenariat-voltalis-dore-et-allier-6929#article","isPartOf":{"@id":"https:\/\/group.voltalis.com\/fr\/type-de-contenu\/communiques-de-presse\/partenariat-voltalis-dore-et-allier-6929"},"author":{"name":"admin","@id":"https:\/\/group.voltalis.com\/en\/#\/schema\/person\/cd75df70a442080ba333ff81754527b8"},"headline":"En partenariat avec Voltalis, la Communaut\u00e9 de communes entre Dore et Allier d\u00e9ploie une solution de sobri\u00e9t\u00e9 \u00e9nerg\u00e9tique 100 % gratuite aupr\u00e8s de ses habitants","datePublished":"2023-06-05T19:03:31+00:00","dateModified":"2025-09-04T15:17:19+00:00","mainEntityOfPage":{"@id":"https:\/\/group.voltalis.com\/fr\/type-de-contenu\/communiques-de-presse\/partenariat-voltalis-dore-et-allier-6929"},"wordCount":627,"commentCount":0,"image":{"@id":"https:\/\/group.voltalis.com\/fr\/type-de-contenu\/communiques-de-presse\/partenariat-voltalis-dore-et-allier-6929#primaryimage"},"thumbnailUrl":"https:\/\/group.voltalis.com\/wp-content\/uploads\/2022\/10\/My-Voltalis-Ma-ConsoProgrammation-LR-1-1024x683.png","articleSection":["Collectivit\u00e9s","Communiqu\u00e9s"],"inLanguage":"fr-FR"},{"@type":"WebPage","@id":"https:\/\/group.voltalis.com\/fr\/type-de-contenu\/communiques-de-presse\/partenariat-voltalis-dore-et-allier-6929","url":"https:\/\/group.voltalis.com\/fr\/type-de-contenu\/communiques-de-presse\/partenariat-voltalis-dore-et-allier-6929","name":"La CC Dore et Allier choisit Voltalis pour les \u00e9conomies d'\u00e9nergie","isPartOf":{"@id":"https:\/\/group.voltalis.com\/en\/#website"},"primaryImageOfPage":{"@id":"https:\/\/group.voltalis.com\/fr\/type-de-contenu\/communiques-de-presse\/partenariat-voltalis-dore-et-allier-6929#primaryimage"},"image":{"@id":"https:\/\/group.voltalis.com\/fr\/type-de-contenu\/communiques-de-presse\/partenariat-voltalis-dore-et-allier-6929#primaryimage"},"thumbnailUrl":"https:\/\/group.voltalis.com\/wp-content\/uploads\/2022\/10\/My-Voltalis-Ma-ConsoProgrammation-LR-1-1024x683.png","datePublished":"2023-06-05T19:03:31+00:00","dateModified":"2025-09-04T15:17:19+00:00","author":{"@id":"https:\/\/group.voltalis.com\/en\/#\/schema\/person\/cd75df70a442080ba333ff81754527b8"},"description":"La Communaut\u00e9 de communes entre Dore et Allier (CCEDA) d\u00e9ploie la solution 100 % gratuite de sobri\u00e9t\u00e9 \u00e9nerg\u00e9tique de Voltalis.","breadcrumb":{"@id":"https:\/\/group.voltalis.com\/fr\/type-de-contenu\/communiques-de-presse\/partenariat-voltalis-dore-et-allier-6929#breadcrumb"},"inLanguage":"fr-FR","potentialAction":[{"@type":"ReadAction","target":["https:\/\/group.voltalis.com\/fr\/type-de-contenu\/communiques-de-presse\/partenariat-voltalis-dore-et-allier-6929"]}]},{"@type":"ImageObject","inLanguage":"fr-FR","@id":"https:\/\/group.voltalis.com\/fr\/type-de-contenu\/communiques-de-presse\/partenariat-voltalis-dore-et-allier-6929#primaryimage","url":"https:\/\/group.voltalis.com\/wp-content\/uploads\/2022\/10\/My-Voltalis-Ma-ConsoProgrammation-LR-1-1024x683.png","contentUrl":"https:\/\/group.voltalis.com\/wp-content\/uploads\/2022\/10\/My-Voltalis-Ma-ConsoProgrammation-LR-1-1024x683.png"},{"@type":"BreadcrumbList","@id":"https:\/\/group.voltalis.com\/fr\/type-de-contenu\/communiques-de-presse\/partenariat-voltalis-dore-et-allier-6929#breadcrumb","itemListElement":[{"@type":"ListItem","position":1,"name":"Home","item":"https:\/\/group.voltalis.com\/fr"},{"@type":"ListItem","position":2,"name":"En partenariat avec Voltalis, la Communaut\u00e9 de communes entre Dore et Allier d\u00e9ploie une solution de sobri\u00e9t\u00e9 \u00e9nerg\u00e9tique 100 % gratuite aupr\u00e8s de ses habitants"}]},{"@type":"WebSite","@id":"https:\/\/group.voltalis.com\/en\/#website","url":"https:\/\/group.voltalis.com\/en\/","name":"Groupe Voltalis","description":"Bien plus que des \u00e9conomies d&#039;\u00e9nergie","potentialAction":[{"@type":"SearchAction","target":{"@type":"EntryPoint","urlTemplate":"https:\/\/group.voltalis.com\/en\/?s={search_term_string}"},"query-input":{"@type":"PropertyValueSpecification","valueRequired":true,"valueName":"search_term_string"}}],"inLanguage":"fr-FR"},{"@type":"Person","@id":"https:\/\/group.voltalis.com\/en\/#\/schema\/person\/cd75df70a442080ba333ff81754527b8","name":"admin","image":{"@type":"ImageObject","inLanguage":"fr-FR","@id":"https:\/\/secure.gravatar.com\/avatar\/d33819406c6fd656ae073a4bf8663fc5da17ca34c0a8d21882949b205ec67922?s=96&d=mm&r=g","url":"https:\/\/secure.gravatar.com\/avatar\/d33819406c6fd656ae073a4bf8663fc5da17ca34c0a8d21882949b205ec67922?s=96&d=mm&r=g","contentUrl":"https:\/\/secure.gravatar.com\/avatar\/d33819406c6fd656ae073a4bf8663fc5da17ca34c0a8d21882949b205ec67922?s=96&d=mm&r=g","caption":"admin"},"sameAs":["https:\/\/group.voltalis.com"],"url":"https:\/\/group.voltalis.com\/fr\/author\/admin"}]}},"_links":{"self":[{"href":"https:\/\/group.voltalis.com\/fr\/wp-json\/wp\/v2\/posts\/6929","targetHints":{"allow":["GET"]}}],"collection":[{"href":"https:\/\/group.voltalis.com\/fr\/wp-json\/wp\/v2\/posts"}],"about":[{"href":"https:\/\/group.voltalis.com\/fr\/wp-json\/wp\/v2\/types\/post"}],"author":[{"embeddable":true,"href":"https:\/\/group.voltalis.com\/fr\/wp-json\/wp\/v2\/users\/1"}],"replies":[{"embeddable":true,"href":"https:\/\/group.voltalis.com\/fr\/wp-json\/wp\/v2\/comments?post=6929"}],"version-history":[{"count":1,"href":"https:\/\/group.voltalis.com\/fr\/wp-json\/wp\/v2\/posts\/6929\/revisions"}],"predecessor-version":[{"id":10464,"href":"https:\/\/group.voltalis.com\/fr\/wp-json\/wp\/v2\/posts\/6929\/revisions\/10464"}],"wp:attachment":[{"href":"https:\/\/group.voltalis.com\/fr\/wp-json\/wp\/v2\/media?parent=6929"}],"wp:term":[{"taxonomy":"category","embeddable":true,"href":"https:\/\/group.voltalis.com\/fr\/wp-json\/wp\/v2\/categories?post=6929"},{"taxonomy":"post_tag","embeddable":true,"href":"https:\/\/group.voltalis.com\/fr\/wp-json\/wp\/v2\/tags?post=6929"}],"curies":[{"name":"wp","href":"https:\/\/api.w.org\/{rel}","templated":true}]}}