{"id":6933,"date":"2023-05-16T15:49:55","date_gmt":"2023-05-16T13:49:55","guid":{"rendered":"https:\/\/group.voltalis.com\/?p=6933"},"modified":"2025-09-05T09:36:13","modified_gmt":"2025-09-05T07:36:13","slug":"voltalis-deploie-a-ploermel","status":"publish","type":"post","link":"https:\/\/group.voltalis.com\/fr\/type-de-contenu\/communiques-de-presse\/voltalis-deploie-a-ploermel-6933","title":{"rendered":"Voltalis propose gratuitement sa solution d\u2019\u00e9conomies d\u2019\u00e9nergie aux 7000 habitants de Plo\u00ebrmel Communaut\u00e9 chauff\u00e9s \u00e0 l\u2019\u00e9lectrique"},"content":{"rendered":"\n<p class=\"has-text-align-center\"><strong><em>Un dispositif qui \u00e9quipe d\u00e9j\u00e0 plus de 10 000 logements dans le Morbihan et participe \u00e0 la s\u00e9curit\u00e9 \u00e9lectrique de tous les bretons<\/em><\/strong><\/p>\n\n\n\n<p>Voltalis, sp\u00e9cialiste du pilotage intelligent de la consommation \u00e9lectrique, d\u00e9ploie son dispositif d\u2019\u00e9conomies d\u2019\u00e9nergie sur le territoire de Plo\u00ebrmel Communaut\u00e9. Elle propose \u00e0 tous les foyers et professionnels chauff\u00e9s \u00e0 l\u2019\u00e9lectricit\u00e9 <strong>d\u2019\u00eatre \u00e9quip\u00e9 gratuitement d\u2019un <a href=\"https:\/\/www.voltalis.com\/particuliers\/notre-solution\" target=\"_blank\" rel=\"noreferrer noopener\">thermostat connect\u00e9<\/a> \u00e9cocitoyen pour mieux ma\u00eetriser leurs d\u00e9penses de chauffage<\/strong>. Cette solution b\u00e9n\u00e9ficie d\u00e9j\u00e0 du soutien de grandes collectivit\u00e9s comme <a href=\"https:\/\/www.golfedumorbihan-vannesagglomeration.bzh\/voltalis\" target=\"_blank\" rel=\"noreferrer noopener\">Vannes Agglom\u00e9ration<\/a>, <a href=\"https:\/\/www.lorient-agglo.bzh\/actualites\/toutes-les-actualites\/actualite\/news\/economies-delectricite-et-reduction-des-emissions-de-co2-lorient-agglomeration-sengage-et-soutie\/\" target=\"_blank\" rel=\"noreferrer noopener\">Lorient Agglom\u00e9ration<\/a> ou encore Rennes m\u00e9tropole.<\/p>\n\n\n\n<p>Les \u00e9quipes de Voltalis viennent en ce moment m\u00eame \u00e0 la rencontre des habitants afin de leur pr\u00e9senter la solution, r\u00e9pondre \u00e0 leurs questions et fixer un rendez-vous d\u2019installation pour ceux qui le souhaitent.<\/p>\n\n\n\n<h2 class=\"wp-block-heading\"><strong>A Plo\u00ebrmel, un dispositif pour piloter son chauffage et mieux ma\u00eetriser sa consommation \u00e9lectrique<\/strong><\/h2>\n\n\n\n<p>La solution Voltalis est&nbsp;100% gratuite et \u00e9quipe d\u00e9j\u00e0 plus de 150&nbsp;000 logements en France et en Europe. Elle se mat\u00e9rialise par un&nbsp;petit bo\u00eetier install\u00e9 discr\u00e8tement sur chaque radiateur permettant de les rendre connect\u00e9s et intelligents, sans avoir \u00e0 les changer.<\/p>\n\n\n\n<p>Les adh\u00e9rents b\u00e9n\u00e9ficient d\u2019un&nbsp;espace s\u00e9curis\u00e9 en ligne pour suivre leur consommation \u00e9lectrique, programmer leur chauffage pi\u00e8ce par pi\u00e8ce et commander chaque radiateur \u00e0 distance. Accessible sur ordinateur, smartphone et tablette, cette application leur permet de devenir de v\u00e9ritables \u00ab&nbsp;consom\u2019acteurs&nbsp;\u00bb bien inform\u00e9s.<\/p>\n\n\n<div class=\"wp-block-image\">\n<figure class=\"aligncenter size-large is-resized\"><img loading=\"lazy\" decoding=\"async\" src=\"https:\/\/group.voltalis.com\/wp-content\/uploads\/2022\/10\/My-Voltalis-Ma-ConsoProgrammation-LR-4-1024x683.png\" alt=\"L'application MyVoltalis sur PC et mobile\" class=\"wp-image-6242\" width=\"512\" height=\"342\" srcset=\"https:\/\/group.voltalis.com\/wp-content\/uploads\/2022\/10\/My-Voltalis-Ma-ConsoProgrammation-LR-4-1024x683.png 1024w, https:\/\/group.voltalis.com\/wp-content\/uploads\/2022\/10\/My-Voltalis-Ma-ConsoProgrammation-LR-4-300x200.png 300w, https:\/\/group.voltalis.com\/wp-content\/uploads\/2022\/10\/My-Voltalis-Ma-ConsoProgrammation-LR-4-768x512.png 768w, https:\/\/group.voltalis.com\/wp-content\/uploads\/2022\/10\/My-Voltalis-Ma-ConsoProgrammation-LR-4.png 1500w\" sizes=\"auto, (max-width: 512px) 100vw, 512px\" \/><figcaption class=\"wp-element-caption\"><em>L&rsquo;application de programmtion du chauffage MyVoltalis sur PC et mobile<\/em><\/figcaption><\/figure>\n<\/div>\n\n\n<p>Face \u00e0 la hausse des prix de l\u2019\u00e9lectricit\u00e9, ce dispositif \u00e9cocitoyen permet de&nbsp;r\u00e9aliser jusqu\u2019\u00e0 15%&nbsp;d\u2019<a href=\"https:\/\/www.voltalis.com\/economies-energie\/7-astuces-pour-reduire-sa-consommation-de-chauffage-10598\" target=\"_blank\" rel=\"noreferrer noopener\">\u00e9conomies d\u2019\u00e9nergie<\/a> tout en am\u00e9liorant son confort.<\/p>\n\n\n\n<h2 class=\"wp-block-heading\"><strong>R\u00e9duire les \u00e9missions de CO<sub>2<\/sub>&nbsp;et participer \u00e0 la s\u00e9curit\u00e9 du r\u00e9seau \u00e9lectrique<\/strong> <strong>breton<\/strong><\/h2>\n\n\n\n<p>En parall\u00e8le, la solution Voltalis permet aux foyers de&nbsp;participer activement \u00e0 la s\u00e9curit\u00e9 de l\u2019alimentation \u00e9lectrique de tous,&nbsp;dans le cadre d\u2019une d\u00e9marche solidaire. En effet, la technologie d\u00e9velopp\u00e9e permet de piloter intelligemment et en temps r\u00e9el des centaines de milliers d\u2019appareils de chauffage, au service du r\u00e9seau \u00e9lectrique.<\/p>\n\n\n\n<p>Lors des pics de consommation hivernaux ou des baisses de production des \u00e9nergies renouvelables, le r\u00e9seau \u00e9lectrique risque un d\u00e9s\u00e9quilibre pouvant conduire \u00e0 des d\u00e9lestages. A ces moments, Voltalis peut r\u00e9duire pendant quelques minutes la consommation des radiateurs connect\u00e9s, tout en pr\u00e9servant le confort des occupants. Cette action soulage le r\u00e9seau \u00e9lectrique et limite \u00e9galement le recours \u00e0 des centrales thermiques polluantes au gaz, au charbon ou au fioul. Il s\u2019agit r\u00e9ellement d\u2019une solution vertueuse pour la plan\u00e8te car elle permet de r\u00e9duire jusqu\u2019\u00e0 70 % les \u00e9missions de CO<sub>2<\/sub> des logements \u00e9quip\u00e9s.<\/p>\n\n\n\n<p><strong>Franck Guyomard, responsable de la r\u00e9gion Bretagne chez Voltalis<\/strong>, explique&nbsp;: \u00ab&nbsp;<em>S\u2019\u00e9quiper aujourd\u2019hui permet de mieux s\u2019armer pour l\u2019hiver prochain en adoptant un moyen d\u2019action concret et d\u2019anticiper au mieux sa consommation de chauffage qui repr\u00e9sente les 2\/3 de la consommation totale d\u2019un logement.&nbsp;\u00bb<\/em><\/p>\n\n\n\n<h2 class=\"wp-block-heading\"><strong>Qui peut b\u00e9n\u00e9ficier de la solution d&rsquo;\u00e9conomies d&rsquo;\u00e9nergie Voltalis \u00e0 Plo\u00ebrmel<\/strong> <strong>?<\/strong><\/h2>\n\n\n\n<p>Tous les habitants chauff\u00e9s \u00e0 l\u2019\u00e9lectricit\u00e9 dela r\u00e9gion de Plo\u00ebrmel, locataires comme propri\u00e9taires, mais \u00e9galement les commerces, bureaux et b\u00e2timents publics sont \u00e9ligibles \u00e0 cette solution \u00e9cocitoyenne. L\u2019installation est r\u00e9alis\u00e9e par un technicien agr\u00e9\u00e9, en 2h30 en moyenne pour 5 radiateurs \u00e0 \u00e9quiper.<\/p>\n\n\n\n<p>Chaque habitant du territoire peut \u00e9galement contacter directement Voltalis au<strong>&nbsp;02 44 19 84 62<\/strong> ou par courriel :&nbsp; <strong><a href=\"mailto:contact@votlalis.com\">contact@votlalis.com<\/a><\/strong> <\/p>\n\n\n\n<p><strong>Contacts presse\u00a0: presse@voltalis.com<\/strong> &#8211;  Emma CORSON &#8211; Responsable des Relations Presse &#8211; 07 60 89 81 89<\/p>\n\n\n\n<p><\/p>\n\n\n\n<p><a href=\"https:\/\/group.voltalis.com\/wp-content\/uploads\/2023\/05\/CP-Ploermel-Voltalis-16052023.pdf\" target=\"_blank\" rel=\"noreferrer noopener\"><strong>T\u00e9l\u00e9charger le communiqu\u00e9 de presse<\/strong><\/a><\/p>\n","protected":false},"excerpt":{"rendered":"<p>Un dispositif qui \u00e9quipe d\u00e9j\u00e0 plus de 10 000 logements dans le Morbihan et participe \u00e0 la s\u00e9curit\u00e9 \u00e9lectrique de tous les bretons Voltalis, sp\u00e9cialiste du pilotage intelligent de la consommation \u00e9lectrique, d\u00e9ploie son dispositif d\u2019\u00e9conomies d\u2019\u00e9nergie sur le territoire de Plo\u00ebrmel Communaut\u00e9. Elle propose \u00e0 tous les foyers et professionnels chauff\u00e9s \u00e0 l\u2019\u00e9lectricit\u00e9 d\u2019\u00eatre [&hellip;]<\/p>\n","protected":false},"author":1,"featured_media":0,"comment_status":"open","ping_status":"closed","sticky":false,"template":"","format":"standard","meta":{"_acf_changed":false,"inline_featured_image":false,"footnotes":""},"categories":[199,3],"tags":[],"class_list":["post-6933","post","type-post","status-publish","format-standard","hentry","category-collectivites","category-communiques-de-presse"],"acf":[],"yoast_head":"<!-- This site is optimized with the Yoast SEO plugin v27.5 - https:\/\/yoast.com\/product\/yoast-seo-wordpress\/ -->\n<title>La solution gratuite d\u2019\u00e9conomies d\u2019\u00e9nergie Voltalis arrive \u00e0 Plo\u00ebrmel<\/title>\n<meta name=\"description\" content=\"Les habitants chauff\u00e9s \u00e0 l\u2019\u00e9lectrique de Plo\u00ebrmel et ses environs peuvent b\u00e9n\u00e9ficier gratuitement de la solution d\u2019\u00e9conomies d\u2019\u00e9nergie Voltalis !\" \/>\n<meta name=\"robots\" content=\"index, follow, max-snippet:-1, max-image-preview:large, max-video-preview:-1\" \/>\n<link rel=\"canonical\" href=\"https:\/\/group.voltalis.com\/fr\/type-de-contenu\/communiques-de-presse\/voltalis-deploie-a-ploermel-6933\" \/>\n<meta property=\"og:locale\" content=\"fr_FR\" \/>\n<meta property=\"og:type\" content=\"article\" \/>\n<meta property=\"og:title\" content=\"La solution gratuite d\u2019\u00e9conomies d\u2019\u00e9nergie Voltalis arrive \u00e0 Plo\u00ebrmel\" \/>\n<meta property=\"og:description\" content=\"Les habitants chauff\u00e9s \u00e0 l\u2019\u00e9lectrique de Plo\u00ebrmel et ses environs peuvent b\u00e9n\u00e9ficier gratuitement de la solution d\u2019\u00e9conomies d\u2019\u00e9nergie Voltalis !\" \/>\n<meta property=\"og:url\" content=\"https:\/\/group.voltalis.com\/fr\/type-de-contenu\/communiques-de-presse\/voltalis-deploie-a-ploermel-6933\" \/>\n<meta property=\"og:site_name\" content=\"Groupe Voltalis\" \/>\n<meta property=\"article:publisher\" content=\"https:\/\/www.facebook.com\/pages\/category\/Product-Service\/Voltalis-178720392179068\/\" \/>\n<meta property=\"article:published_time\" content=\"2023-05-16T13:49:55+00:00\" \/>\n<meta property=\"article:modified_time\" content=\"2025-09-05T07:36:13+00:00\" \/>\n<meta property=\"og:image\" content=\"https:\/\/group.voltalis.com\/wp-content\/uploads\/2022\/10\/My-Voltalis-Ma-ConsoProgrammation-LR-4.png\" \/>\n\t<meta property=\"og:image:width\" content=\"1500\" \/>\n\t<meta property=\"og:image:height\" content=\"1000\" \/>\n\t<meta property=\"og:image:type\" content=\"image\/png\" \/>\n<meta name=\"author\" content=\"admin\" \/>\n<meta name=\"twitter:card\" content=\"summary_large_image\" \/>\n<meta name=\"twitter:label1\" content=\"\u00c9crit par\" \/>\n\t<meta name=\"twitter:data1\" content=\"admin\" \/>\n\t<meta name=\"twitter:label2\" content=\"Dur\u00e9e de lecture estim\u00e9e\" \/>\n\t<meta name=\"twitter:data2\" content=\"3 minutes\" \/>\n<script type=\"application\/ld+json\" class=\"yoast-schema-graph\">{\"@context\":\"https:\\\/\\\/schema.org\",\"@graph\":[{\"@type\":\"Article\",\"@id\":\"https:\\\/\\\/group.voltalis.com\\\/fr\\\/type-de-contenu\\\/communiques-de-presse\\\/voltalis-deploie-a-ploermel-6933#article\",\"isPartOf\":{\"@id\":\"https:\\\/\\\/group.voltalis.com\\\/fr\\\/type-de-contenu\\\/communiques-de-presse\\\/voltalis-deploie-a-ploermel-6933\"},\"author\":{\"name\":\"admin\",\"@id\":\"https:\\\/\\\/group.voltalis.com\\\/en\\\/#\\\/schema\\\/person\\\/cd75df70a442080ba333ff81754527b8\"},\"headline\":\"Voltalis propose gratuitement sa solution d\u2019\u00e9conomies d\u2019\u00e9nergie aux 7000 habitants de Plo\u00ebrmel Communaut\u00e9 chauff\u00e9s \u00e0 l\u2019\u00e9lectrique\",\"datePublished\":\"2023-05-16T13:49:55+00:00\",\"dateModified\":\"2025-09-05T07:36:13+00:00\",\"mainEntityOfPage\":{\"@id\":\"https:\\\/\\\/group.voltalis.com\\\/fr\\\/type-de-contenu\\\/communiques-de-presse\\\/voltalis-deploie-a-ploermel-6933\"},\"wordCount\":648,\"commentCount\":0,\"image\":{\"@id\":\"https:\\\/\\\/group.voltalis.com\\\/fr\\\/type-de-contenu\\\/communiques-de-presse\\\/voltalis-deploie-a-ploermel-6933#primaryimage\"},\"thumbnailUrl\":\"https:\\\/\\\/group.voltalis.com\\\/wp-content\\\/uploads\\\/2022\\\/10\\\/My-Voltalis-Ma-ConsoProgrammation-LR-4-1024x683.png\",\"articleSection\":[\"Collectivit\u00e9s\",\"Communiqu\u00e9s\"],\"inLanguage\":\"fr-FR\"},{\"@type\":\"WebPage\",\"@id\":\"https:\\\/\\\/group.voltalis.com\\\/fr\\\/type-de-contenu\\\/communiques-de-presse\\\/voltalis-deploie-a-ploermel-6933\",\"url\":\"https:\\\/\\\/group.voltalis.com\\\/fr\\\/type-de-contenu\\\/communiques-de-presse\\\/voltalis-deploie-a-ploermel-6933\",\"name\":\"La solution gratuite d\u2019\u00e9conomies d\u2019\u00e9nergie Voltalis arrive \u00e0 Plo\u00ebrmel\",\"isPartOf\":{\"@id\":\"https:\\\/\\\/group.voltalis.com\\\/en\\\/#website\"},\"primaryImageOfPage\":{\"@id\":\"https:\\\/\\\/group.voltalis.com\\\/fr\\\/type-de-contenu\\\/communiques-de-presse\\\/voltalis-deploie-a-ploermel-6933#primaryimage\"},\"image\":{\"@id\":\"https:\\\/\\\/group.voltalis.com\\\/fr\\\/type-de-contenu\\\/communiques-de-presse\\\/voltalis-deploie-a-ploermel-6933#primaryimage\"},\"thumbnailUrl\":\"https:\\\/\\\/group.voltalis.com\\\/wp-content\\\/uploads\\\/2022\\\/10\\\/My-Voltalis-Ma-ConsoProgrammation-LR-4-1024x683.png\",\"datePublished\":\"2023-05-16T13:49:55+00:00\",\"dateModified\":\"2025-09-05T07:36:13+00:00\",\"author\":{\"@id\":\"https:\\\/\\\/group.voltalis.com\\\/en\\\/#\\\/schema\\\/person\\\/cd75df70a442080ba333ff81754527b8\"},\"description\":\"Les habitants chauff\u00e9s \u00e0 l\u2019\u00e9lectrique de Plo\u00ebrmel et ses environs peuvent b\u00e9n\u00e9ficier gratuitement de la solution d\u2019\u00e9conomies d\u2019\u00e9nergie Voltalis !\",\"breadcrumb\":{\"@id\":\"https:\\\/\\\/group.voltalis.com\\\/fr\\\/type-de-contenu\\\/communiques-de-presse\\\/voltalis-deploie-a-ploermel-6933#breadcrumb\"},\"inLanguage\":\"fr-FR\",\"potentialAction\":[{\"@type\":\"ReadAction\",\"target\":[\"https:\\\/\\\/group.voltalis.com\\\/fr\\\/type-de-contenu\\\/communiques-de-presse\\\/voltalis-deploie-a-ploermel-6933\"]}]},{\"@type\":\"ImageObject\",\"inLanguage\":\"fr-FR\",\"@id\":\"https:\\\/\\\/group.voltalis.com\\\/fr\\\/type-de-contenu\\\/communiques-de-presse\\\/voltalis-deploie-a-ploermel-6933#primaryimage\",\"url\":\"https:\\\/\\\/group.voltalis.com\\\/wp-content\\\/uploads\\\/2022\\\/10\\\/My-Voltalis-Ma-ConsoProgrammation-LR-4-1024x683.png\",\"contentUrl\":\"https:\\\/\\\/group.voltalis.com\\\/wp-content\\\/uploads\\\/2022\\\/10\\\/My-Voltalis-Ma-ConsoProgrammation-LR-4-1024x683.png\"},{\"@type\":\"BreadcrumbList\",\"@id\":\"https:\\\/\\\/group.voltalis.com\\\/fr\\\/type-de-contenu\\\/communiques-de-presse\\\/voltalis-deploie-a-ploermel-6933#breadcrumb\",\"itemListElement\":[{\"@type\":\"ListItem\",\"position\":1,\"name\":\"Home\",\"item\":\"https:\\\/\\\/group.voltalis.com\\\/fr\"},{\"@type\":\"ListItem\",\"position\":2,\"name\":\"Voltalis propose gratuitement sa solution d\u2019\u00e9conomies d\u2019\u00e9nergie aux 7000 habitants de Plo\u00ebrmel Communaut\u00e9 chauff\u00e9s \u00e0 l\u2019\u00e9lectrique\"}]},{\"@type\":\"WebSite\",\"@id\":\"https:\\\/\\\/group.voltalis.com\\\/en\\\/#website\",\"url\":\"https:\\\/\\\/group.voltalis.com\\\/en\\\/\",\"name\":\"Groupe Voltalis\",\"description\":\"Bien plus que des \u00e9conomies d&#039;\u00e9nergie\",\"potentialAction\":[{\"@type\":\"SearchAction\",\"target\":{\"@type\":\"EntryPoint\",\"urlTemplate\":\"https:\\\/\\\/group.voltalis.com\\\/en\\\/?s={search_term_string}\"},\"query-input\":{\"@type\":\"PropertyValueSpecification\",\"valueRequired\":true,\"valueName\":\"search_term_string\"}}],\"inLanguage\":\"fr-FR\"},{\"@type\":\"Person\",\"@id\":\"https:\\\/\\\/group.voltalis.com\\\/en\\\/#\\\/schema\\\/person\\\/cd75df70a442080ba333ff81754527b8\",\"name\":\"admin\",\"image\":{\"@type\":\"ImageObject\",\"inLanguage\":\"fr-FR\",\"@id\":\"https:\\\/\\\/secure.gravatar.com\\\/avatar\\\/d33819406c6fd656ae073a4bf8663fc5da17ca34c0a8d21882949b205ec67922?s=96&d=mm&r=g\",\"url\":\"https:\\\/\\\/secure.gravatar.com\\\/avatar\\\/d33819406c6fd656ae073a4bf8663fc5da17ca34c0a8d21882949b205ec67922?s=96&d=mm&r=g\",\"contentUrl\":\"https:\\\/\\\/secure.gravatar.com\\\/avatar\\\/d33819406c6fd656ae073a4bf8663fc5da17ca34c0a8d21882949b205ec67922?s=96&d=mm&r=g\",\"caption\":\"admin\"},\"sameAs\":[\"https:\\\/\\\/group.voltalis.com\"],\"url\":\"https:\\\/\\\/group.voltalis.com\\\/fr\\\/author\\\/admin\"}]}<\/script>\n<!-- \/ Yoast SEO plugin. -->","yoast_head_json":{"title":"La solution gratuite d\u2019\u00e9conomies d\u2019\u00e9nergie Voltalis arrive \u00e0 Plo\u00ebrmel","description":"Les habitants chauff\u00e9s \u00e0 l\u2019\u00e9lectrique de Plo\u00ebrmel et ses environs peuvent b\u00e9n\u00e9ficier gratuitement de la solution d\u2019\u00e9conomies d\u2019\u00e9nergie Voltalis !","robots":{"index":"index","follow":"follow","max-snippet":"max-snippet:-1","max-image-preview":"max-image-preview:large","max-video-preview":"max-video-preview:-1"},"canonical":"https:\/\/group.voltalis.com\/fr\/type-de-contenu\/communiques-de-presse\/voltalis-deploie-a-ploermel-6933","og_locale":"fr_FR","og_type":"article","og_title":"La solution gratuite d\u2019\u00e9conomies d\u2019\u00e9nergie Voltalis arrive \u00e0 Plo\u00ebrmel","og_description":"Les habitants chauff\u00e9s \u00e0 l\u2019\u00e9lectrique de Plo\u00ebrmel et ses environs peuvent b\u00e9n\u00e9ficier gratuitement de la solution d\u2019\u00e9conomies d\u2019\u00e9nergie Voltalis !","og_url":"https:\/\/group.voltalis.com\/fr\/type-de-contenu\/communiques-de-presse\/voltalis-deploie-a-ploermel-6933","og_site_name":"Groupe Voltalis","article_publisher":"https:\/\/www.facebook.com\/pages\/category\/Product-Service\/Voltalis-178720392179068\/","article_published_time":"2023-05-16T13:49:55+00:00","article_modified_time":"2025-09-05T07:36:13+00:00","og_image":[{"width":1500,"height":1000,"url":"https:\/\/group.voltalis.com\/wp-content\/uploads\/2022\/10\/My-Voltalis-Ma-ConsoProgrammation-LR-4.png","type":"image\/png"}],"author":"admin","twitter_card":"summary_large_image","twitter_misc":{"\u00c9crit par":"admin","Dur\u00e9e de lecture estim\u00e9e":"3 minutes"},"schema":{"@context":"https:\/\/schema.org","@graph":[{"@type":"Article","@id":"https:\/\/group.voltalis.com\/fr\/type-de-contenu\/communiques-de-presse\/voltalis-deploie-a-ploermel-6933#article","isPartOf":{"@id":"https:\/\/group.voltalis.com\/fr\/type-de-contenu\/communiques-de-presse\/voltalis-deploie-a-ploermel-6933"},"author":{"name":"admin","@id":"https:\/\/group.voltalis.com\/en\/#\/schema\/person\/cd75df70a442080ba333ff81754527b8"},"headline":"Voltalis propose gratuitement sa solution d\u2019\u00e9conomies d\u2019\u00e9nergie aux 7000 habitants de Plo\u00ebrmel Communaut\u00e9 chauff\u00e9s \u00e0 l\u2019\u00e9lectrique","datePublished":"2023-05-16T13:49:55+00:00","dateModified":"2025-09-05T07:36:13+00:00","mainEntityOfPage":{"@id":"https:\/\/group.voltalis.com\/fr\/type-de-contenu\/communiques-de-presse\/voltalis-deploie-a-ploermel-6933"},"wordCount":648,"commentCount":0,"image":{"@id":"https:\/\/group.voltalis.com\/fr\/type-de-contenu\/communiques-de-presse\/voltalis-deploie-a-ploermel-6933#primaryimage"},"thumbnailUrl":"https:\/\/group.voltalis.com\/wp-content\/uploads\/2022\/10\/My-Voltalis-Ma-ConsoProgrammation-LR-4-1024x683.png","articleSection":["Collectivit\u00e9s","Communiqu\u00e9s"],"inLanguage":"fr-FR"},{"@type":"WebPage","@id":"https:\/\/group.voltalis.com\/fr\/type-de-contenu\/communiques-de-presse\/voltalis-deploie-a-ploermel-6933","url":"https:\/\/group.voltalis.com\/fr\/type-de-contenu\/communiques-de-presse\/voltalis-deploie-a-ploermel-6933","name":"La solution gratuite d\u2019\u00e9conomies d\u2019\u00e9nergie Voltalis arrive \u00e0 Plo\u00ebrmel","isPartOf":{"@id":"https:\/\/group.voltalis.com\/en\/#website"},"primaryImageOfPage":{"@id":"https:\/\/group.voltalis.com\/fr\/type-de-contenu\/communiques-de-presse\/voltalis-deploie-a-ploermel-6933#primaryimage"},"image":{"@id":"https:\/\/group.voltalis.com\/fr\/type-de-contenu\/communiques-de-presse\/voltalis-deploie-a-ploermel-6933#primaryimage"},"thumbnailUrl":"https:\/\/group.voltalis.com\/wp-content\/uploads\/2022\/10\/My-Voltalis-Ma-ConsoProgrammation-LR-4-1024x683.png","datePublished":"2023-05-16T13:49:55+00:00","dateModified":"2025-09-05T07:36:13+00:00","author":{"@id":"https:\/\/group.voltalis.com\/en\/#\/schema\/person\/cd75df70a442080ba333ff81754527b8"},"description":"Les habitants chauff\u00e9s \u00e0 l\u2019\u00e9lectrique de Plo\u00ebrmel et ses environs peuvent b\u00e9n\u00e9ficier gratuitement de la solution d\u2019\u00e9conomies d\u2019\u00e9nergie Voltalis !","breadcrumb":{"@id":"https:\/\/group.voltalis.com\/fr\/type-de-contenu\/communiques-de-presse\/voltalis-deploie-a-ploermel-6933#breadcrumb"},"inLanguage":"fr-FR","potentialAction":[{"@type":"ReadAction","target":["https:\/\/group.voltalis.com\/fr\/type-de-contenu\/communiques-de-presse\/voltalis-deploie-a-ploermel-6933"]}]},{"@type":"ImageObject","inLanguage":"fr-FR","@id":"https:\/\/group.voltalis.com\/fr\/type-de-contenu\/communiques-de-presse\/voltalis-deploie-a-ploermel-6933#primaryimage","url":"https:\/\/group.voltalis.com\/wp-content\/uploads\/2022\/10\/My-Voltalis-Ma-ConsoProgrammation-LR-4-1024x683.png","contentUrl":"https:\/\/group.voltalis.com\/wp-content\/uploads\/2022\/10\/My-Voltalis-Ma-ConsoProgrammation-LR-4-1024x683.png"},{"@type":"BreadcrumbList","@id":"https:\/\/group.voltalis.com\/fr\/type-de-contenu\/communiques-de-presse\/voltalis-deploie-a-ploermel-6933#breadcrumb","itemListElement":[{"@type":"ListItem","position":1,"name":"Home","item":"https:\/\/group.voltalis.com\/fr"},{"@type":"ListItem","position":2,"name":"Voltalis propose gratuitement sa solution d\u2019\u00e9conomies d\u2019\u00e9nergie aux 7000 habitants de Plo\u00ebrmel Communaut\u00e9 chauff\u00e9s \u00e0 l\u2019\u00e9lectrique"}]},{"@type":"WebSite","@id":"https:\/\/group.voltalis.com\/en\/#website","url":"https:\/\/group.voltalis.com\/en\/","name":"Groupe Voltalis","description":"Bien plus que des \u00e9conomies d&#039;\u00e9nergie","potentialAction":[{"@type":"SearchAction","target":{"@type":"EntryPoint","urlTemplate":"https:\/\/group.voltalis.com\/en\/?s={search_term_string}"},"query-input":{"@type":"PropertyValueSpecification","valueRequired":true,"valueName":"search_term_string"}}],"inLanguage":"fr-FR"},{"@type":"Person","@id":"https:\/\/group.voltalis.com\/en\/#\/schema\/person\/cd75df70a442080ba333ff81754527b8","name":"admin","image":{"@type":"ImageObject","inLanguage":"fr-FR","@id":"https:\/\/secure.gravatar.com\/avatar\/d33819406c6fd656ae073a4bf8663fc5da17ca34c0a8d21882949b205ec67922?s=96&d=mm&r=g","url":"https:\/\/secure.gravatar.com\/avatar\/d33819406c6fd656ae073a4bf8663fc5da17ca34c0a8d21882949b205ec67922?s=96&d=mm&r=g","contentUrl":"https:\/\/secure.gravatar.com\/avatar\/d33819406c6fd656ae073a4bf8663fc5da17ca34c0a8d21882949b205ec67922?s=96&d=mm&r=g","caption":"admin"},"sameAs":["https:\/\/group.voltalis.com"],"url":"https:\/\/group.voltalis.com\/fr\/author\/admin"}]}},"_links":{"self":[{"href":"https:\/\/group.voltalis.com\/fr\/wp-json\/wp\/v2\/posts\/6933","targetHints":{"allow":["GET"]}}],"collection":[{"href":"https:\/\/group.voltalis.com\/fr\/wp-json\/wp\/v2\/posts"}],"about":[{"href":"https:\/\/group.voltalis.com\/fr\/wp-json\/wp\/v2\/types\/post"}],"author":[{"embeddable":true,"href":"https:\/\/group.voltalis.com\/fr\/wp-json\/wp\/v2\/users\/1"}],"replies":[{"embeddable":true,"href":"https:\/\/group.voltalis.com\/fr\/wp-json\/wp\/v2\/comments?post=6933"}],"version-history":[{"count":1,"href":"https:\/\/group.voltalis.com\/fr\/wp-json\/wp\/v2\/posts\/6933\/revisions"}],"predecessor-version":[{"id":10317,"href":"https:\/\/group.voltalis.com\/fr\/wp-json\/wp\/v2\/posts\/6933\/revisions\/10317"}],"wp:attachment":[{"href":"https:\/\/group.voltalis.com\/fr\/wp-json\/wp\/v2\/media?parent=6933"}],"wp:term":[{"taxonomy":"category","embeddable":true,"href":"https:\/\/group.voltalis.com\/fr\/wp-json\/wp\/v2\/categories?post=6933"},{"taxonomy":"post_tag","embeddable":true,"href":"https:\/\/group.voltalis.com\/fr\/wp-json\/wp\/v2\/tags?post=6933"}],"curies":[{"name":"wp","href":"https:\/\/api.w.org\/{rel}","templated":true}]}}