{"id":6997,"date":"2023-06-21T18:27:32","date_gmt":"2023-06-21T16:27:32","guid":{"rendered":"https:\/\/group.voltalis.com\/?p=6997"},"modified":"2025-09-04T17:03:49","modified_gmt":"2025-09-04T15:03:49","slug":"partenariat-erigere-voltalis","status":"publish","type":"post","link":"https:\/\/group.voltalis.com\/fr\/type-de-contenu\/communiques-de-presse\/partenariat-erigere-voltalis-6997","title":{"rendered":"Le bailleur Erigere et Voltalis signent aujourd\u2019hui leur convention de partenariat pour \u00e9quiper gratuitement 3 600 locataires avec une solution d\u2019\u00e9conomies d\u2019\u00e9nergie innovante"},"content":{"rendered":"\n<p><strong>Erigere<\/strong>, filiale du groupe Action Logement implant\u00e9 en Ile-de-France et <strong>Voltalis<\/strong>, leader du pilotage intelligent de la consommation \u00e9lectrique des particuliers, s\u2019associent aujourd\u2019hui pour proposer un thermostat connect\u00e9 gratuit \u00e0 tous les locataires du bailleur social chauff\u00e9s \u00e0 l\u2019\u00e9lectrique.<\/p>\n\n\n\n<p>Soucieux de pr\u00e9server la qualit\u00e9 de vie de ses occupants, <a href=\"https:\/\/www.erigere.fr\/\" target=\"_blank\" rel=\"noreferrer noopener nofollow\">Erigere<\/a> est \u00e9galement mobilis\u00e9 pour limiter les \u00e9missions de gaz \u00e0 effet de serre de son parc r\u00e9sidentiel. Le 3<sup>e<\/sup> bailleur francilien d\u2019Action Logement a s\u00e9lectionn\u00e9 la solution d\u00e9velopp\u00e9e par Voltalis pour agir concr\u00e8tement en faveur de la transition \u00e9nerg\u00e9tique et du pouvoir d\u2019achat de ses locataires.<\/p>\n\n\n\n<p><strong>Stanislas Jobb\u00e9-Duval, directeur g\u00e9n\u00e9ral d\u2019Erigere, d\u00e9clare&nbsp;:&nbsp;<\/strong><em>\u00ab&nbsp;Erigere s\u2019est engag\u00e9 en 2023 dans un plan de sobri\u00e9t\u00e9 \u00e9nerg\u00e9tique au b\u00e9n\u00e9fice des locataires. A ce titre, plusieurs solutions innovantes (r\u00e9pondant \u00e0 divers usages) ont \u00e9t\u00e9 s\u00e9lectionn\u00e9es pour permettre \u00e0 nos locataires de r\u00e9duire leurs consommations d\u2019\u00e9nergie. Concernant les radiateurs \u00e9lectriques, nous avons retenu la solution Voltalis car elle r\u00e9pond au double enjeu d\u2019int\u00e9r\u00eat g\u00e9n\u00e9ral en mati\u00e8re de sobri\u00e9t\u00e9 \u00e9nerg\u00e9tique et d\u2019\u00e9conomies pour le locataire. La solution Voltalis, permettra \u00e0 nos locataires de devenir des acteurs de la sobri\u00e9t\u00e9 \u00e9nerg\u00e9tique.&nbsp;\u00bb<\/em><\/p>\n\n\n\n<p><strong>Mathieu Bineau,<\/strong><em> <\/em><strong>directeur g\u00e9n\u00e9ral de Voltalis, commente&nbsp;: <\/strong><em>\u00ab&nbsp;Partenaires de Voltalis de longue date, les bailleurs sont des acteurs cl\u00e9s de la transition \u00e9nerg\u00e9tique. Erigere est attentive sur ces sujets et ce partenariat va permettre \u00e0 terme aux 3 600 locataires chauff\u00e9s \u00e9lectriquement de contribuer \u00e0 l\u2019effort national &#8211; sans se priver -, tout en maitrisant mieux leurs consommations.&nbsp;\u00bb<\/em><\/p>\n\n\n\n<h2 class=\"wp-block-heading\"><strong>Un dispositif connect\u00e9 cl\u00e9 en main<\/strong> <strong>pour les locataires Erigere<\/strong><\/h2>\n\n\n\n<p>Concr\u00e8tement, Voltalis installe discr\u00e8tement un bo\u00eetier sur chaque radiateur \u00e9lectrique du logement pour permettre de le piloter et r\u00e9duire leur consommation.<\/p>\n\n\n\n<p>Via une <a href=\"https:\/\/www.voltalis.com\/myvoltalis-lapplication-de-suivi-de-consommation-electrique\">application mobile<\/a> personnalis\u00e9e, les adh\u00e9rents Voltalis peuvent commander \u00e0 distance et programmer leur chauffage pour coller au plus pr\u00e8s \u00e0 leurs habitudes de vie et r\u00e9aliser des \u00e9conomies. <\/p>\n\n\n<div class=\"wp-block-image\">\n<figure class=\"aligncenter size-large is-resized\"><img loading=\"lazy\" decoding=\"async\" src=\"https:\/\/group.voltalis.com\/wp-content\/uploads\/2022\/10\/My-Voltalis-Ma-ConsoProgrammation-LR-3-1024x683.png\" alt=\"L'application MyVoltalis de pilotage du chauffage \u00e9lectrique et de suivi de consommation.\" class=\"wp-image-6230\" width=\"514\" height=\"343\" srcset=\"https:\/\/group.voltalis.com\/wp-content\/uploads\/2022\/10\/My-Voltalis-Ma-ConsoProgrammation-LR-3-1024x683.png 1024w, https:\/\/group.voltalis.com\/wp-content\/uploads\/2022\/10\/My-Voltalis-Ma-ConsoProgrammation-LR-3-300x200.png 300w, https:\/\/group.voltalis.com\/wp-content\/uploads\/2022\/10\/My-Voltalis-Ma-ConsoProgrammation-LR-3-768x512.png 768w, https:\/\/group.voltalis.com\/wp-content\/uploads\/2022\/10\/My-Voltalis-Ma-ConsoProgrammation-LR-3.png 1500w\" sizes=\"auto, (max-width: 514px) 100vw, 514px\" \/><figcaption class=\"wp-element-caption\"><em>L&rsquo;application MyVoltalis de pilotage du chauffage \u00e9lectrique<\/em><\/figcaption><\/figure>\n<\/div>\n\n\n<p>Par ailleurs, ce dispositif innovant leur permet de contribuer activement \u00e0 la transition \u00e9nerg\u00e9tique, notamment en aidant \u00e0 limiter le recours aux centrales thermiques polluantes lors des pics de consommation \u00e9lectrique.<\/p>\n\n\n\n<p>En combinant r\u00e9gulation du chauffage (<a href=\"https:\/\/www.voltalis.com\/economies-energie\/7-astuces-pour-reduire-sa-consommation-de-chauffage-10598\" target=\"_blank\" rel=\"noreferrer noopener\">66% de la d\u00e9pense d\u2019un logement<\/a>), des \u00e9cogestes et le pilotage intelligent de la consommation, le foyer peut r\u00e9aliser ainsi jusqu\u2019 \u00e0 15 % d\u2019\u00e9conomies d\u2019\u00e9nergies et r\u00e9duire les \u00e9missions de CO<sub>2<\/sub> du logement de 70 %.<\/p>\n\n\n\n<h2 class=\"wp-block-heading\"><strong>Un accompagnement sur-mesure des locataires Erigere<\/strong><\/h2>\n\n\n\n<p>Les locataires d&rsquo;Erigere sont pr\u00e9alablement pr\u00e9venus par un courrier d\u00e9taillant le partenariat avec Voltalis et l\u2019int\u00e9r\u00eat de la solution. Dans un deuxi\u00e8me temps, des conseillers Voltalis viennent \u00e0 la rencontre des locataires pour leur pr\u00e9senter la solution et, pour les foyers int\u00e9ress\u00e9s, leur proposer un rendez-vous pour \u00eatre install\u00e9. Enfin, un technicien agr\u00e9\u00e9 intervient dans les 3 semaines en moyenne pour \u00e9quiper le logement. <\/p>\n\n\n\n<p>Contacter Voltalis directement est \u00e9galement possible, par t\u00e9l\u00e9phone au <strong>01 87 15 83 55<\/strong> ou par courriel \u00e0 l\u2019adresse : <a href=\"mailto:erigere@voltalis.com\" target=\"_blank\" rel=\"noreferrer noopener\">erigere@voltalis.com<\/a> <\/p>\n\n\n\n<p><\/p>\n\n\n\n<p><strong>Contacts presse<\/strong> :<\/p>\n\n\n\n<p><strong>Erigere<\/strong> : Hager CHARNI \u2013 Directrice de la Communication &#8211; <a href=\"mailto:Hager.charni@erigere.fr\">Hager.charni@erigere.fr<\/a> \u2013 <strong>06 66 34 47 40<\/strong> &nbsp;<\/p>\n\n\n\n<p><strong>Voltalis : <\/strong><a href=\"mailto:presse@voltalis.com\">presse@voltalis.com<\/a> &#8211; Raya RIZK <a href=\"mailto:raya@lagencerp.com\">raya@lagencerp.com<\/a> &#8211; <strong>07 85 15 22 40<\/strong><\/p>\n\n\n\n<p><\/p>\n\n\n\n<p><strong><a href=\"https:\/\/group.voltalis.com\/wp-content\/uploads\/2023\/06\/Communique-de-presse-l-Partenariat-Voltalis-Erigere-21062023-.pdf\" target=\"_blank\" rel=\"noreferrer noopener\">T\u00e9l\u00e9charger le communiqu\u00e9 de presse Erigere &#8211; Voltalis<\/a><\/strong><\/p>\n","protected":false},"excerpt":{"rendered":"<p>Erigere, filiale du groupe Action Logement implant\u00e9 en Ile-de-France et Voltalis, leader du pilotage intelligent de la consommation \u00e9lectrique des particuliers, s\u2019associent aujourd\u2019hui pour proposer un thermostat connect\u00e9 gratuit \u00e0 tous les locataires du bailleur social chauff\u00e9s \u00e0 l\u2019\u00e9lectrique. Soucieux de pr\u00e9server la qualit\u00e9 de vie de ses occupants, Erigere est \u00e9galement mobilis\u00e9 pour limiter [&hellip;]<\/p>\n","protected":false},"author":1,"featured_media":0,"comment_status":"open","ping_status":"closed","sticky":false,"template":"","format":"standard","meta":{"_acf_changed":false,"inline_featured_image":false,"footnotes":""},"categories":[202,3],"tags":[],"class_list":["post-6997","post","type-post","status-publish","format-standard","hentry","category-bailleurs","category-communiques-de-presse"],"acf":[],"yoast_head":"<!-- This site is optimized with the Yoast SEO plugin v27.5 - https:\/\/yoast.com\/product\/yoast-seo-wordpress\/ -->\n<title>Erigere et Voltalis s&#039;engagent en faveur des \u00e9conomies d&#039;\u00e9nergie<\/title>\n<meta name=\"description\" content=\"Erigere va \u00e9quiper gratuitement 3 600 locataires chauff\u00e9s \u00e9lectriquement avec la solution d\u2019\u00e9conomies d\u2019\u00e9nergie innovante de Voltalis.\" \/>\n<meta name=\"robots\" content=\"index, follow, max-snippet:-1, max-image-preview:large, max-video-preview:-1\" \/>\n<link rel=\"canonical\" href=\"https:\/\/group.voltalis.com\/fr\/type-de-contenu\/communiques-de-presse\/partenariat-erigere-voltalis-6997\" \/>\n<meta property=\"og:locale\" content=\"fr_FR\" \/>\n<meta property=\"og:type\" content=\"article\" \/>\n<meta property=\"og:title\" content=\"Erigere et Voltalis s&#039;engagent en faveur des \u00e9conomies d&#039;\u00e9nergie\" \/>\n<meta property=\"og:description\" content=\"Erigere va \u00e9quiper gratuitement 3 600 locataires chauff\u00e9s \u00e9lectriquement avec la solution d\u2019\u00e9conomies d\u2019\u00e9nergie innovante de Voltalis.\" \/>\n<meta property=\"og:url\" content=\"https:\/\/group.voltalis.com\/fr\/type-de-contenu\/communiques-de-presse\/partenariat-erigere-voltalis-6997\" \/>\n<meta property=\"og:site_name\" content=\"Groupe Voltalis\" \/>\n<meta property=\"article:publisher\" content=\"https:\/\/www.facebook.com\/pages\/category\/Product-Service\/Voltalis-178720392179068\/\" \/>\n<meta property=\"article:published_time\" content=\"2023-06-21T16:27:32+00:00\" \/>\n<meta property=\"article:modified_time\" content=\"2025-09-04T15:03:49+00:00\" \/>\n<meta property=\"og:image\" content=\"https:\/\/group.voltalis.com\/wp-content\/uploads\/2022\/10\/My-Voltalis-Ma-ConsoProgrammation-LR-3.png\" \/>\n\t<meta property=\"og:image:width\" content=\"1500\" \/>\n\t<meta property=\"og:image:height\" content=\"1000\" \/>\n\t<meta property=\"og:image:type\" content=\"image\/png\" \/>\n<meta name=\"author\" content=\"admin\" \/>\n<meta name=\"twitter:card\" content=\"summary_large_image\" \/>\n<meta name=\"twitter:label1\" content=\"\u00c9crit par\" \/>\n\t<meta name=\"twitter:data1\" content=\"admin\" \/>\n\t<meta name=\"twitter:label2\" content=\"Dur\u00e9e de lecture estim\u00e9e\" \/>\n\t<meta name=\"twitter:data2\" content=\"3 minutes\" \/>\n<script type=\"application\/ld+json\" class=\"yoast-schema-graph\">{\"@context\":\"https:\\\/\\\/schema.org\",\"@graph\":[{\"@type\":\"Article\",\"@id\":\"https:\\\/\\\/group.voltalis.com\\\/fr\\\/type-de-contenu\\\/communiques-de-presse\\\/partenariat-erigere-voltalis-6997#article\",\"isPartOf\":{\"@id\":\"https:\\\/\\\/group.voltalis.com\\\/fr\\\/type-de-contenu\\\/communiques-de-presse\\\/partenariat-erigere-voltalis-6997\"},\"author\":{\"name\":\"admin\",\"@id\":\"https:\\\/\\\/group.voltalis.com\\\/en\\\/#\\\/schema\\\/person\\\/cd75df70a442080ba333ff81754527b8\"},\"headline\":\"Le bailleur Erigere et Voltalis signent aujourd\u2019hui leur convention de partenariat pour \u00e9quiper gratuitement 3 600 locataires avec une solution d\u2019\u00e9conomies d\u2019\u00e9nergie innovante\",\"datePublished\":\"2023-06-21T16:27:32+00:00\",\"dateModified\":\"2025-09-04T15:03:49+00:00\",\"mainEntityOfPage\":{\"@id\":\"https:\\\/\\\/group.voltalis.com\\\/fr\\\/type-de-contenu\\\/communiques-de-presse\\\/partenariat-erigere-voltalis-6997\"},\"wordCount\":587,\"commentCount\":0,\"image\":{\"@id\":\"https:\\\/\\\/group.voltalis.com\\\/fr\\\/type-de-contenu\\\/communiques-de-presse\\\/partenariat-erigere-voltalis-6997#primaryimage\"},\"thumbnailUrl\":\"https:\\\/\\\/group.voltalis.com\\\/wp-content\\\/uploads\\\/2022\\\/10\\\/My-Voltalis-Ma-ConsoProgrammation-LR-3-1024x683.png\",\"articleSection\":[\"Bailleurs\",\"Communiqu\u00e9s\"],\"inLanguage\":\"fr-FR\"},{\"@type\":\"WebPage\",\"@id\":\"https:\\\/\\\/group.voltalis.com\\\/fr\\\/type-de-contenu\\\/communiques-de-presse\\\/partenariat-erigere-voltalis-6997\",\"url\":\"https:\\\/\\\/group.voltalis.com\\\/fr\\\/type-de-contenu\\\/communiques-de-presse\\\/partenariat-erigere-voltalis-6997\",\"name\":\"Erigere et Voltalis s'engagent en faveur des \u00e9conomies d'\u00e9nergie\",\"isPartOf\":{\"@id\":\"https:\\\/\\\/group.voltalis.com\\\/en\\\/#website\"},\"primaryImageOfPage\":{\"@id\":\"https:\\\/\\\/group.voltalis.com\\\/fr\\\/type-de-contenu\\\/communiques-de-presse\\\/partenariat-erigere-voltalis-6997#primaryimage\"},\"image\":{\"@id\":\"https:\\\/\\\/group.voltalis.com\\\/fr\\\/type-de-contenu\\\/communiques-de-presse\\\/partenariat-erigere-voltalis-6997#primaryimage\"},\"thumbnailUrl\":\"https:\\\/\\\/group.voltalis.com\\\/wp-content\\\/uploads\\\/2022\\\/10\\\/My-Voltalis-Ma-ConsoProgrammation-LR-3-1024x683.png\",\"datePublished\":\"2023-06-21T16:27:32+00:00\",\"dateModified\":\"2025-09-04T15:03:49+00:00\",\"author\":{\"@id\":\"https:\\\/\\\/group.voltalis.com\\\/en\\\/#\\\/schema\\\/person\\\/cd75df70a442080ba333ff81754527b8\"},\"description\":\"Erigere va \u00e9quiper gratuitement 3 600 locataires chauff\u00e9s \u00e9lectriquement avec la solution d\u2019\u00e9conomies d\u2019\u00e9nergie innovante de Voltalis.\",\"breadcrumb\":{\"@id\":\"https:\\\/\\\/group.voltalis.com\\\/fr\\\/type-de-contenu\\\/communiques-de-presse\\\/partenariat-erigere-voltalis-6997#breadcrumb\"},\"inLanguage\":\"fr-FR\",\"potentialAction\":[{\"@type\":\"ReadAction\",\"target\":[\"https:\\\/\\\/group.voltalis.com\\\/fr\\\/type-de-contenu\\\/communiques-de-presse\\\/partenariat-erigere-voltalis-6997\"]}]},{\"@type\":\"ImageObject\",\"inLanguage\":\"fr-FR\",\"@id\":\"https:\\\/\\\/group.voltalis.com\\\/fr\\\/type-de-contenu\\\/communiques-de-presse\\\/partenariat-erigere-voltalis-6997#primaryimage\",\"url\":\"https:\\\/\\\/group.voltalis.com\\\/wp-content\\\/uploads\\\/2022\\\/10\\\/My-Voltalis-Ma-ConsoProgrammation-LR-3-1024x683.png\",\"contentUrl\":\"https:\\\/\\\/group.voltalis.com\\\/wp-content\\\/uploads\\\/2022\\\/10\\\/My-Voltalis-Ma-ConsoProgrammation-LR-3-1024x683.png\"},{\"@type\":\"BreadcrumbList\",\"@id\":\"https:\\\/\\\/group.voltalis.com\\\/fr\\\/type-de-contenu\\\/communiques-de-presse\\\/partenariat-erigere-voltalis-6997#breadcrumb\",\"itemListElement\":[{\"@type\":\"ListItem\",\"position\":1,\"name\":\"Home\",\"item\":\"https:\\\/\\\/group.voltalis.com\\\/fr\"},{\"@type\":\"ListItem\",\"position\":2,\"name\":\"Le bailleur Erigere et Voltalis signent aujourd\u2019hui leur convention de partenariat pour \u00e9quiper gratuitement 3 600 locataires avec une solution d\u2019\u00e9conomies d\u2019\u00e9nergie innovante\"}]},{\"@type\":\"WebSite\",\"@id\":\"https:\\\/\\\/group.voltalis.com\\\/en\\\/#website\",\"url\":\"https:\\\/\\\/group.voltalis.com\\\/en\\\/\",\"name\":\"Groupe Voltalis\",\"description\":\"Bien plus que des \u00e9conomies d&#039;\u00e9nergie\",\"potentialAction\":[{\"@type\":\"SearchAction\",\"target\":{\"@type\":\"EntryPoint\",\"urlTemplate\":\"https:\\\/\\\/group.voltalis.com\\\/en\\\/?s={search_term_string}\"},\"query-input\":{\"@type\":\"PropertyValueSpecification\",\"valueRequired\":true,\"valueName\":\"search_term_string\"}}],\"inLanguage\":\"fr-FR\"},{\"@type\":\"Person\",\"@id\":\"https:\\\/\\\/group.voltalis.com\\\/en\\\/#\\\/schema\\\/person\\\/cd75df70a442080ba333ff81754527b8\",\"name\":\"admin\",\"image\":{\"@type\":\"ImageObject\",\"inLanguage\":\"fr-FR\",\"@id\":\"https:\\\/\\\/secure.gravatar.com\\\/avatar\\\/d33819406c6fd656ae073a4bf8663fc5da17ca34c0a8d21882949b205ec67922?s=96&d=mm&r=g\",\"url\":\"https:\\\/\\\/secure.gravatar.com\\\/avatar\\\/d33819406c6fd656ae073a4bf8663fc5da17ca34c0a8d21882949b205ec67922?s=96&d=mm&r=g\",\"contentUrl\":\"https:\\\/\\\/secure.gravatar.com\\\/avatar\\\/d33819406c6fd656ae073a4bf8663fc5da17ca34c0a8d21882949b205ec67922?s=96&d=mm&r=g\",\"caption\":\"admin\"},\"sameAs\":[\"https:\\\/\\\/group.voltalis.com\"],\"url\":\"https:\\\/\\\/group.voltalis.com\\\/fr\\\/author\\\/admin\"}]}<\/script>\n<!-- \/ Yoast SEO plugin. -->","yoast_head_json":{"title":"Erigere et Voltalis s'engagent en faveur des \u00e9conomies d'\u00e9nergie","description":"Erigere va \u00e9quiper gratuitement 3 600 locataires chauff\u00e9s \u00e9lectriquement avec la solution d\u2019\u00e9conomies d\u2019\u00e9nergie innovante de Voltalis.","robots":{"index":"index","follow":"follow","max-snippet":"max-snippet:-1","max-image-preview":"max-image-preview:large","max-video-preview":"max-video-preview:-1"},"canonical":"https:\/\/group.voltalis.com\/fr\/type-de-contenu\/communiques-de-presse\/partenariat-erigere-voltalis-6997","og_locale":"fr_FR","og_type":"article","og_title":"Erigere et Voltalis s'engagent en faveur des \u00e9conomies d'\u00e9nergie","og_description":"Erigere va \u00e9quiper gratuitement 3 600 locataires chauff\u00e9s \u00e9lectriquement avec la solution d\u2019\u00e9conomies d\u2019\u00e9nergie innovante de Voltalis.","og_url":"https:\/\/group.voltalis.com\/fr\/type-de-contenu\/communiques-de-presse\/partenariat-erigere-voltalis-6997","og_site_name":"Groupe Voltalis","article_publisher":"https:\/\/www.facebook.com\/pages\/category\/Product-Service\/Voltalis-178720392179068\/","article_published_time":"2023-06-21T16:27:32+00:00","article_modified_time":"2025-09-04T15:03:49+00:00","og_image":[{"width":1500,"height":1000,"url":"https:\/\/group.voltalis.com\/wp-content\/uploads\/2022\/10\/My-Voltalis-Ma-ConsoProgrammation-LR-3.png","type":"image\/png"}],"author":"admin","twitter_card":"summary_large_image","twitter_misc":{"\u00c9crit par":"admin","Dur\u00e9e de lecture estim\u00e9e":"3 minutes"},"schema":{"@context":"https:\/\/schema.org","@graph":[{"@type":"Article","@id":"https:\/\/group.voltalis.com\/fr\/type-de-contenu\/communiques-de-presse\/partenariat-erigere-voltalis-6997#article","isPartOf":{"@id":"https:\/\/group.voltalis.com\/fr\/type-de-contenu\/communiques-de-presse\/partenariat-erigere-voltalis-6997"},"author":{"name":"admin","@id":"https:\/\/group.voltalis.com\/en\/#\/schema\/person\/cd75df70a442080ba333ff81754527b8"},"headline":"Le bailleur Erigere et Voltalis signent aujourd\u2019hui leur convention de partenariat pour \u00e9quiper gratuitement 3 600 locataires avec une solution d\u2019\u00e9conomies d\u2019\u00e9nergie innovante","datePublished":"2023-06-21T16:27:32+00:00","dateModified":"2025-09-04T15:03:49+00:00","mainEntityOfPage":{"@id":"https:\/\/group.voltalis.com\/fr\/type-de-contenu\/communiques-de-presse\/partenariat-erigere-voltalis-6997"},"wordCount":587,"commentCount":0,"image":{"@id":"https:\/\/group.voltalis.com\/fr\/type-de-contenu\/communiques-de-presse\/partenariat-erigere-voltalis-6997#primaryimage"},"thumbnailUrl":"https:\/\/group.voltalis.com\/wp-content\/uploads\/2022\/10\/My-Voltalis-Ma-ConsoProgrammation-LR-3-1024x683.png","articleSection":["Bailleurs","Communiqu\u00e9s"],"inLanguage":"fr-FR"},{"@type":"WebPage","@id":"https:\/\/group.voltalis.com\/fr\/type-de-contenu\/communiques-de-presse\/partenariat-erigere-voltalis-6997","url":"https:\/\/group.voltalis.com\/fr\/type-de-contenu\/communiques-de-presse\/partenariat-erigere-voltalis-6997","name":"Erigere et Voltalis s'engagent en faveur des \u00e9conomies d'\u00e9nergie","isPartOf":{"@id":"https:\/\/group.voltalis.com\/en\/#website"},"primaryImageOfPage":{"@id":"https:\/\/group.voltalis.com\/fr\/type-de-contenu\/communiques-de-presse\/partenariat-erigere-voltalis-6997#primaryimage"},"image":{"@id":"https:\/\/group.voltalis.com\/fr\/type-de-contenu\/communiques-de-presse\/partenariat-erigere-voltalis-6997#primaryimage"},"thumbnailUrl":"https:\/\/group.voltalis.com\/wp-content\/uploads\/2022\/10\/My-Voltalis-Ma-ConsoProgrammation-LR-3-1024x683.png","datePublished":"2023-06-21T16:27:32+00:00","dateModified":"2025-09-04T15:03:49+00:00","author":{"@id":"https:\/\/group.voltalis.com\/en\/#\/schema\/person\/cd75df70a442080ba333ff81754527b8"},"description":"Erigere va \u00e9quiper gratuitement 3 600 locataires chauff\u00e9s \u00e9lectriquement avec la solution d\u2019\u00e9conomies d\u2019\u00e9nergie innovante de Voltalis.","breadcrumb":{"@id":"https:\/\/group.voltalis.com\/fr\/type-de-contenu\/communiques-de-presse\/partenariat-erigere-voltalis-6997#breadcrumb"},"inLanguage":"fr-FR","potentialAction":[{"@type":"ReadAction","target":["https:\/\/group.voltalis.com\/fr\/type-de-contenu\/communiques-de-presse\/partenariat-erigere-voltalis-6997"]}]},{"@type":"ImageObject","inLanguage":"fr-FR","@id":"https:\/\/group.voltalis.com\/fr\/type-de-contenu\/communiques-de-presse\/partenariat-erigere-voltalis-6997#primaryimage","url":"https:\/\/group.voltalis.com\/wp-content\/uploads\/2022\/10\/My-Voltalis-Ma-ConsoProgrammation-LR-3-1024x683.png","contentUrl":"https:\/\/group.voltalis.com\/wp-content\/uploads\/2022\/10\/My-Voltalis-Ma-ConsoProgrammation-LR-3-1024x683.png"},{"@type":"BreadcrumbList","@id":"https:\/\/group.voltalis.com\/fr\/type-de-contenu\/communiques-de-presse\/partenariat-erigere-voltalis-6997#breadcrumb","itemListElement":[{"@type":"ListItem","position":1,"name":"Home","item":"https:\/\/group.voltalis.com\/fr"},{"@type":"ListItem","position":2,"name":"Le bailleur Erigere et Voltalis signent aujourd\u2019hui leur convention de partenariat pour \u00e9quiper gratuitement 3 600 locataires avec une solution d\u2019\u00e9conomies d\u2019\u00e9nergie innovante"}]},{"@type":"WebSite","@id":"https:\/\/group.voltalis.com\/en\/#website","url":"https:\/\/group.voltalis.com\/en\/","name":"Groupe Voltalis","description":"Bien plus que des \u00e9conomies d&#039;\u00e9nergie","potentialAction":[{"@type":"SearchAction","target":{"@type":"EntryPoint","urlTemplate":"https:\/\/group.voltalis.com\/en\/?s={search_term_string}"},"query-input":{"@type":"PropertyValueSpecification","valueRequired":true,"valueName":"search_term_string"}}],"inLanguage":"fr-FR"},{"@type":"Person","@id":"https:\/\/group.voltalis.com\/en\/#\/schema\/person\/cd75df70a442080ba333ff81754527b8","name":"admin","image":{"@type":"ImageObject","inLanguage":"fr-FR","@id":"https:\/\/secure.gravatar.com\/avatar\/d33819406c6fd656ae073a4bf8663fc5da17ca34c0a8d21882949b205ec67922?s=96&d=mm&r=g","url":"https:\/\/secure.gravatar.com\/avatar\/d33819406c6fd656ae073a4bf8663fc5da17ca34c0a8d21882949b205ec67922?s=96&d=mm&r=g","contentUrl":"https:\/\/secure.gravatar.com\/avatar\/d33819406c6fd656ae073a4bf8663fc5da17ca34c0a8d21882949b205ec67922?s=96&d=mm&r=g","caption":"admin"},"sameAs":["https:\/\/group.voltalis.com"],"url":"https:\/\/group.voltalis.com\/fr\/author\/admin"}]}},"_links":{"self":[{"href":"https:\/\/group.voltalis.com\/fr\/wp-json\/wp\/v2\/posts\/6997","targetHints":{"allow":["GET"]}}],"collection":[{"href":"https:\/\/group.voltalis.com\/fr\/wp-json\/wp\/v2\/posts"}],"about":[{"href":"https:\/\/group.voltalis.com\/fr\/wp-json\/wp\/v2\/types\/post"}],"author":[{"embeddable":true,"href":"https:\/\/group.voltalis.com\/fr\/wp-json\/wp\/v2\/users\/1"}],"replies":[{"embeddable":true,"href":"https:\/\/group.voltalis.com\/fr\/wp-json\/wp\/v2\/comments?post=6997"}],"version-history":[{"count":1,"href":"https:\/\/group.voltalis.com\/fr\/wp-json\/wp\/v2\/posts\/6997\/revisions"}],"predecessor-version":[{"id":10447,"href":"https:\/\/group.voltalis.com\/fr\/wp-json\/wp\/v2\/posts\/6997\/revisions\/10447"}],"wp:attachment":[{"href":"https:\/\/group.voltalis.com\/fr\/wp-json\/wp\/v2\/media?parent=6997"}],"wp:term":[{"taxonomy":"category","embeddable":true,"href":"https:\/\/group.voltalis.com\/fr\/wp-json\/wp\/v2\/categories?post=6997"},{"taxonomy":"post_tag","embeddable":true,"href":"https:\/\/group.voltalis.com\/fr\/wp-json\/wp\/v2\/tags?post=6997"}],"curies":[{"name":"wp","href":"https:\/\/api.w.org\/{rel}","templated":true}]}}