{"id":7063,"date":"2023-07-21T16:46:25","date_gmt":"2023-07-21T14:46:25","guid":{"rendered":"https:\/\/group.voltalis.com\/?p=7063"},"modified":"2025-09-04T17:14:19","modified_gmt":"2025-09-04T15:14:19","slug":"vilogia-voltalis","status":"publish","type":"post","link":"https:\/\/group.voltalis.com\/fr\/type-de-contenu\/communiques-de-presse\/vilogia-voltalis-7063","title":{"rendered":"En \u00cele-de-France et dans le Nord, le bailleur Vilogia \u00e9quipe 1 300 logements chauff\u00e9s \u00e0 l\u2019\u00e9lectrique avec le dispositif d\u2019\u00e9conomies d\u2019\u00e9nergie Voltalis"},"content":{"rendered":"\n<p class=\"has-text-align-center\"><em>Une solution totalement gratuite qui permet d\u2019anticiper l\u2019hiver et de r\u00e9aliser<\/em> <em>jusqu\u2019\u00e0 15 % d\u2019\u00e9conomies d\u2019\u00e9nergie sur sa facture<\/em>.<\/p>\n\n\n\n<p class=\"has-text-align-center\"><\/p>\n\n\n\n<p>En tant que bailleur social, Vilogia (plus de 80&nbsp;000 logements \u00e0 travers la France) accompagne ses locataires dans la recherche de solutions permettant d\u2019am\u00e9liorer leur quotidien et leur pouvoir d\u2019achat.<\/p>\n\n\n\n<p>C\u2019est dans ce cadre que <a href=\"https:\/\/www.vilogia.fr\/\" target=\"_blank\" rel=\"noreferrer noopener nofollow\">Vilogia<\/a> a fait appel \u00e0 Voltalis pour proposer un dispositif innovant d\u2019\u00e9conomies d\u2019\u00e9nergie \u00e0 ses locataires chauff\u00e9s \u00e0 l\u2019\u00e9lectricit\u00e9. Lanc\u00e9e le 10 juillet, l\u2019op\u00e9ration concerne l\u2019ensemble des d\u00e9partements d\u2019Ile-de-France et du Nord. Les conseillers en \u00e9conomies d\u2019\u00e9nergie de Voltalis interviennent d\u00e9j\u00e0 sur le terrain et vont \u00e0 la rencontre des locataires apr\u00e8s avoir d\u00e9pos\u00e9 un courrier annon\u00e7ant leur passage. Lors de l\u2019\u00e9change, ils leur pr\u00e9sentent la solution, r\u00e9pondent \u00e0 leurs questions et fixent un rendez-vous d\u2019installation pour ceux qui le souhaitent. Les locataires Vilogia peuvent \u00e9galement contacter Voltalis par t\u00e9l\u00e9phone au <strong>01 87 15 83 27 <\/strong>ou par courriel \u00e0 l\u2019adresse : <a href=\"mailto:vilogia@voltalis.com\" target=\"_blank\" rel=\"noreferrer noopener\">vilogia@voltalis.com<\/a>.<\/p>\n\n\n\n<p>Un technicien agr\u00e9\u00e9 intervient ensuite dans les 3 semaines en moyenne pour \u00e9quiper le logement.<\/p>\n\n\n\n<h2 class=\"wp-block-heading\"><strong>Le partenariat Vilogia x Voltalis\u00a0: ma\u00eetriser ses consommations d\u2019\u00e9nergie<\/strong> <strong>et d\u00e9penser moins<\/strong><\/h2>\n\n\n\n<p>Le dispositif Voltalis se compose d\u2019un bo\u00eetier connect\u00e9 \u00e0 chaque radiateur et d\u2019une application mobile personnalis\u00e9e. Une fois \u00e9quip\u00e9, l\u2019adh\u00e9rent peut commander \u00e0 distance et programmer son chauffage, acc\u00e9der \u00e0 ses bilans de consommation et b\u00e9n\u00e9ficier de conseils pour ma\u00eetriser au mieux ses d\u00e9penses \u00e9nerg\u00e9tiques.<\/p>\n\n\n<div class=\"wp-block-image\">\n<figure class=\"aligncenter size-large is-resized\"><img loading=\"lazy\" decoding=\"async\" src=\"https:\/\/group.voltalis.com\/wp-content\/uploads\/2022\/10\/My-Voltalis-Ma-ConsoProgrammation-LR-4-1024x683.png\" alt=\"MyVoltalis, l'application de suivi de consommation \u00e9lectrique et de pilotage du chauffage\" class=\"wp-image-6242\" width=\"498\" height=\"332\" srcset=\"https:\/\/group.voltalis.com\/wp-content\/uploads\/2022\/10\/My-Voltalis-Ma-ConsoProgrammation-LR-4-1024x683.png 1024w, https:\/\/group.voltalis.com\/wp-content\/uploads\/2022\/10\/My-Voltalis-Ma-ConsoProgrammation-LR-4-300x200.png 300w, https:\/\/group.voltalis.com\/wp-content\/uploads\/2022\/10\/My-Voltalis-Ma-ConsoProgrammation-LR-4-768x512.png 768w, https:\/\/group.voltalis.com\/wp-content\/uploads\/2022\/10\/My-Voltalis-Ma-ConsoProgrammation-LR-4.png 1500w\" sizes=\"auto, (max-width: 498px) 100vw, 498px\" \/><\/figure>\n<\/div>\n\n\n<p>En parall\u00e8le, la solution Voltalis permet de r\u00e9duire en temps r\u00e9el les consommations de l\u2019ensemble des appareils connect\u00e9s au moment o\u00f9 le r\u00e9seau \u00e9lectrique en a besoin. Une action enti\u00e8rement automatis\u00e9e qui permet de limiter le recours \u00e0 des centrales thermiques habituellement mises en services lors des pointes de consommation pour \u00e9quilibrer le r\u00e9seau.<\/p>\n\n\n\n<p>Les locataires Vilogia \u00e9quip\u00e9s contribuent activement \u00e0 la transition \u00e9nerg\u00e9tique et r\u00e9alisent <strong>jusqu\u2019\u00e0 15 % d\u2019\u00e9conomies d\u2019\u00e9nergie<\/strong> gr\u00e2ce au pilotage intelligent de la consommation, \u00e0 la programmation du chauffage et aux \u00e9cogestes.<\/p>\n\n\n\n<p>L\u2019ensemble des services propos\u00e9s par Voltalis sont totalement gratuits pour les locataires Vilogia puisque la soci\u00e9t\u00e9 est r\u00e9mun\u00e9r\u00e9e par le syst\u00e8me \u00e9lectrique pour ses actions en faveur de la transition \u00e9nerg\u00e9tique et de la s\u00e9curit\u00e9 d\u2019approvisionnement de tous.<\/p>\n\n\n\n<p><strong>Contacts presse<\/strong> :<\/p>\n\n\n\n<figure class=\"wp-block-table\"><table><tbody><tr><td><strong>Vilogia<\/strong> : Adrien PATOUX &#8211; <a href=\"mailto:adrien.patoux@vilogia.fr\">adrien.patoux@vilogia.fr<\/a> &#8211; <strong>03 59 35 50 39<\/strong> \u00a0<\/td><td><strong>Voltalis\u00a0<\/strong>: <a href=\"mailto:voltalis@shan.fr\">voltalis@shan.fr<\/a> &#8211; Anne-Laure DAULIER &#8211;  <a href=\"mailto:al.daulier@shan.fr\">al.daulier@shan.fr<\/a> \u2013 <strong>06 28 59 50 38 \u00a0<\/strong><\/td><\/tr><\/tbody><\/table><\/figure>\n","protected":false},"excerpt":{"rendered":"<p>Une solution totalement gratuite qui permet d\u2019anticiper l\u2019hiver et de r\u00e9aliser jusqu\u2019\u00e0 15 % d\u2019\u00e9conomies d\u2019\u00e9nergie sur sa facture. En tant que bailleur social, Vilogia (plus de 80&nbsp;000 logements \u00e0 travers la France) accompagne ses locataires dans la recherche de solutions permettant d\u2019am\u00e9liorer leur quotidien et leur pouvoir d\u2019achat. C\u2019est dans ce cadre que Vilogia [&hellip;]<\/p>\n","protected":false},"author":1,"featured_media":0,"comment_status":"open","ping_status":"closed","sticky":false,"template":"","format":"standard","meta":{"_acf_changed":false,"inline_featured_image":false,"footnotes":""},"categories":[202,3],"tags":[],"class_list":["post-7063","post","type-post","status-publish","format-standard","hentry","category-bailleurs","category-communiques-de-presse"],"acf":[],"yoast_head":"<!-- This site is optimized with the Yoast SEO plugin v27.5 - https:\/\/yoast.com\/product\/yoast-seo-wordpress\/ -->\n<title>Vilogia \u00e9quipe 1 300 logements avec le dispositif Voltalis<\/title>\n<meta name=\"description\" content=\"Le bailleur Vilogia \u00e9quipe 1 300 logements chauff\u00e9s \u00e0 l\u2019\u00e9lectrique avec le dispositif d\u2019\u00e9conomies d\u2019\u00e9nergie Voltalis.\" \/>\n<meta name=\"robots\" content=\"index, follow, max-snippet:-1, max-image-preview:large, max-video-preview:-1\" \/>\n<link rel=\"canonical\" href=\"https:\/\/group.voltalis.com\/fr\/type-de-contenu\/communiques-de-presse\/vilogia-voltalis-7063\" \/>\n<meta property=\"og:locale\" content=\"fr_FR\" \/>\n<meta property=\"og:type\" content=\"article\" \/>\n<meta property=\"og:title\" content=\"Vilogia \u00e9quipe 1 300 logements avec le dispositif Voltalis\" \/>\n<meta property=\"og:description\" content=\"Le bailleur Vilogia \u00e9quipe 1 300 logements chauff\u00e9s \u00e0 l\u2019\u00e9lectrique avec le dispositif d\u2019\u00e9conomies d\u2019\u00e9nergie Voltalis.\" \/>\n<meta property=\"og:url\" content=\"https:\/\/group.voltalis.com\/fr\/type-de-contenu\/communiques-de-presse\/vilogia-voltalis-7063\" \/>\n<meta property=\"og:site_name\" content=\"Groupe Voltalis\" \/>\n<meta property=\"article:publisher\" content=\"https:\/\/www.facebook.com\/pages\/category\/Product-Service\/Voltalis-178720392179068\/\" \/>\n<meta property=\"article:published_time\" content=\"2023-07-21T14:46:25+00:00\" \/>\n<meta property=\"article:modified_time\" content=\"2025-09-04T15:14:19+00:00\" \/>\n<meta property=\"og:image\" content=\"https:\/\/group.voltalis.com\/wp-content\/uploads\/2022\/10\/My-Voltalis-Ma-ConsoProgrammation-LR-4.png\" \/>\n\t<meta property=\"og:image:width\" content=\"1500\" \/>\n\t<meta property=\"og:image:height\" content=\"1000\" \/>\n\t<meta property=\"og:image:type\" content=\"image\/png\" \/>\n<meta name=\"author\" content=\"admin\" \/>\n<meta name=\"twitter:card\" content=\"summary_large_image\" \/>\n<meta name=\"twitter:label1\" content=\"\u00c9crit par\" \/>\n\t<meta name=\"twitter:data1\" content=\"admin\" \/>\n\t<meta name=\"twitter:label2\" content=\"Dur\u00e9e de lecture estim\u00e9e\" \/>\n\t<meta name=\"twitter:data2\" content=\"2 minutes\" \/>\n<script type=\"application\/ld+json\" class=\"yoast-schema-graph\">{\"@context\":\"https:\\\/\\\/schema.org\",\"@graph\":[{\"@type\":\"Article\",\"@id\":\"https:\\\/\\\/group.voltalis.com\\\/fr\\\/type-de-contenu\\\/communiques-de-presse\\\/vilogia-voltalis-7063#article\",\"isPartOf\":{\"@id\":\"https:\\\/\\\/group.voltalis.com\\\/fr\\\/type-de-contenu\\\/communiques-de-presse\\\/vilogia-voltalis-7063\"},\"author\":{\"name\":\"admin\",\"@id\":\"https:\\\/\\\/group.voltalis.com\\\/en\\\/#\\\/schema\\\/person\\\/cd75df70a442080ba333ff81754527b8\"},\"headline\":\"En \u00cele-de-France et dans le Nord, le bailleur Vilogia \u00e9quipe 1 300 logements chauff\u00e9s \u00e0 l\u2019\u00e9lectrique avec le dispositif d\u2019\u00e9conomies d\u2019\u00e9nergie Voltalis\",\"datePublished\":\"2023-07-21T14:46:25+00:00\",\"dateModified\":\"2025-09-04T15:14:19+00:00\",\"mainEntityOfPage\":{\"@id\":\"https:\\\/\\\/group.voltalis.com\\\/fr\\\/type-de-contenu\\\/communiques-de-presse\\\/vilogia-voltalis-7063\"},\"wordCount\":447,\"commentCount\":0,\"image\":{\"@id\":\"https:\\\/\\\/group.voltalis.com\\\/fr\\\/type-de-contenu\\\/communiques-de-presse\\\/vilogia-voltalis-7063#primaryimage\"},\"thumbnailUrl\":\"https:\\\/\\\/group.voltalis.com\\\/wp-content\\\/uploads\\\/2022\\\/10\\\/My-Voltalis-Ma-ConsoProgrammation-LR-4-1024x683.png\",\"articleSection\":[\"Bailleurs\",\"Communiqu\u00e9s\"],\"inLanguage\":\"fr-FR\"},{\"@type\":\"WebPage\",\"@id\":\"https:\\\/\\\/group.voltalis.com\\\/fr\\\/type-de-contenu\\\/communiques-de-presse\\\/vilogia-voltalis-7063\",\"url\":\"https:\\\/\\\/group.voltalis.com\\\/fr\\\/type-de-contenu\\\/communiques-de-presse\\\/vilogia-voltalis-7063\",\"name\":\"Vilogia \u00e9quipe 1 300 logements avec le dispositif Voltalis\",\"isPartOf\":{\"@id\":\"https:\\\/\\\/group.voltalis.com\\\/en\\\/#website\"},\"primaryImageOfPage\":{\"@id\":\"https:\\\/\\\/group.voltalis.com\\\/fr\\\/type-de-contenu\\\/communiques-de-presse\\\/vilogia-voltalis-7063#primaryimage\"},\"image\":{\"@id\":\"https:\\\/\\\/group.voltalis.com\\\/fr\\\/type-de-contenu\\\/communiques-de-presse\\\/vilogia-voltalis-7063#primaryimage\"},\"thumbnailUrl\":\"https:\\\/\\\/group.voltalis.com\\\/wp-content\\\/uploads\\\/2022\\\/10\\\/My-Voltalis-Ma-ConsoProgrammation-LR-4-1024x683.png\",\"datePublished\":\"2023-07-21T14:46:25+00:00\",\"dateModified\":\"2025-09-04T15:14:19+00:00\",\"author\":{\"@id\":\"https:\\\/\\\/group.voltalis.com\\\/en\\\/#\\\/schema\\\/person\\\/cd75df70a442080ba333ff81754527b8\"},\"description\":\"Le bailleur Vilogia \u00e9quipe 1 300 logements chauff\u00e9s \u00e0 l\u2019\u00e9lectrique avec le dispositif d\u2019\u00e9conomies d\u2019\u00e9nergie Voltalis.\",\"breadcrumb\":{\"@id\":\"https:\\\/\\\/group.voltalis.com\\\/fr\\\/type-de-contenu\\\/communiques-de-presse\\\/vilogia-voltalis-7063#breadcrumb\"},\"inLanguage\":\"fr-FR\",\"potentialAction\":[{\"@type\":\"ReadAction\",\"target\":[\"https:\\\/\\\/group.voltalis.com\\\/fr\\\/type-de-contenu\\\/communiques-de-presse\\\/vilogia-voltalis-7063\"]}]},{\"@type\":\"ImageObject\",\"inLanguage\":\"fr-FR\",\"@id\":\"https:\\\/\\\/group.voltalis.com\\\/fr\\\/type-de-contenu\\\/communiques-de-presse\\\/vilogia-voltalis-7063#primaryimage\",\"url\":\"https:\\\/\\\/group.voltalis.com\\\/wp-content\\\/uploads\\\/2022\\\/10\\\/My-Voltalis-Ma-ConsoProgrammation-LR-4-1024x683.png\",\"contentUrl\":\"https:\\\/\\\/group.voltalis.com\\\/wp-content\\\/uploads\\\/2022\\\/10\\\/My-Voltalis-Ma-ConsoProgrammation-LR-4-1024x683.png\"},{\"@type\":\"BreadcrumbList\",\"@id\":\"https:\\\/\\\/group.voltalis.com\\\/fr\\\/type-de-contenu\\\/communiques-de-presse\\\/vilogia-voltalis-7063#breadcrumb\",\"itemListElement\":[{\"@type\":\"ListItem\",\"position\":1,\"name\":\"Home\",\"item\":\"https:\\\/\\\/group.voltalis.com\\\/fr\"},{\"@type\":\"ListItem\",\"position\":2,\"name\":\"En \u00cele-de-France et dans le Nord, le bailleur Vilogia \u00e9quipe 1 300 logements chauff\u00e9s \u00e0 l\u2019\u00e9lectrique avec le dispositif d\u2019\u00e9conomies d\u2019\u00e9nergie Voltalis\"}]},{\"@type\":\"WebSite\",\"@id\":\"https:\\\/\\\/group.voltalis.com\\\/en\\\/#website\",\"url\":\"https:\\\/\\\/group.voltalis.com\\\/en\\\/\",\"name\":\"Groupe Voltalis\",\"description\":\"Bien plus que des \u00e9conomies d&#039;\u00e9nergie\",\"potentialAction\":[{\"@type\":\"SearchAction\",\"target\":{\"@type\":\"EntryPoint\",\"urlTemplate\":\"https:\\\/\\\/group.voltalis.com\\\/en\\\/?s={search_term_string}\"},\"query-input\":{\"@type\":\"PropertyValueSpecification\",\"valueRequired\":true,\"valueName\":\"search_term_string\"}}],\"inLanguage\":\"fr-FR\"},{\"@type\":\"Person\",\"@id\":\"https:\\\/\\\/group.voltalis.com\\\/en\\\/#\\\/schema\\\/person\\\/cd75df70a442080ba333ff81754527b8\",\"name\":\"admin\",\"image\":{\"@type\":\"ImageObject\",\"inLanguage\":\"fr-FR\",\"@id\":\"https:\\\/\\\/secure.gravatar.com\\\/avatar\\\/d33819406c6fd656ae073a4bf8663fc5da17ca34c0a8d21882949b205ec67922?s=96&d=mm&r=g\",\"url\":\"https:\\\/\\\/secure.gravatar.com\\\/avatar\\\/d33819406c6fd656ae073a4bf8663fc5da17ca34c0a8d21882949b205ec67922?s=96&d=mm&r=g\",\"contentUrl\":\"https:\\\/\\\/secure.gravatar.com\\\/avatar\\\/d33819406c6fd656ae073a4bf8663fc5da17ca34c0a8d21882949b205ec67922?s=96&d=mm&r=g\",\"caption\":\"admin\"},\"sameAs\":[\"https:\\\/\\\/group.voltalis.com\"],\"url\":\"https:\\\/\\\/group.voltalis.com\\\/fr\\\/author\\\/admin\"}]}<\/script>\n<!-- \/ Yoast SEO plugin. -->","yoast_head_json":{"title":"Vilogia \u00e9quipe 1 300 logements avec le dispositif Voltalis","description":"Le bailleur Vilogia \u00e9quipe 1 300 logements chauff\u00e9s \u00e0 l\u2019\u00e9lectrique avec le dispositif d\u2019\u00e9conomies d\u2019\u00e9nergie Voltalis.","robots":{"index":"index","follow":"follow","max-snippet":"max-snippet:-1","max-image-preview":"max-image-preview:large","max-video-preview":"max-video-preview:-1"},"canonical":"https:\/\/group.voltalis.com\/fr\/type-de-contenu\/communiques-de-presse\/vilogia-voltalis-7063","og_locale":"fr_FR","og_type":"article","og_title":"Vilogia \u00e9quipe 1 300 logements avec le dispositif Voltalis","og_description":"Le bailleur Vilogia \u00e9quipe 1 300 logements chauff\u00e9s \u00e0 l\u2019\u00e9lectrique avec le dispositif d\u2019\u00e9conomies d\u2019\u00e9nergie Voltalis.","og_url":"https:\/\/group.voltalis.com\/fr\/type-de-contenu\/communiques-de-presse\/vilogia-voltalis-7063","og_site_name":"Groupe Voltalis","article_publisher":"https:\/\/www.facebook.com\/pages\/category\/Product-Service\/Voltalis-178720392179068\/","article_published_time":"2023-07-21T14:46:25+00:00","article_modified_time":"2025-09-04T15:14:19+00:00","og_image":[{"width":1500,"height":1000,"url":"https:\/\/group.voltalis.com\/wp-content\/uploads\/2022\/10\/My-Voltalis-Ma-ConsoProgrammation-LR-4.png","type":"image\/png"}],"author":"admin","twitter_card":"summary_large_image","twitter_misc":{"\u00c9crit par":"admin","Dur\u00e9e de lecture estim\u00e9e":"2 minutes"},"schema":{"@context":"https:\/\/schema.org","@graph":[{"@type":"Article","@id":"https:\/\/group.voltalis.com\/fr\/type-de-contenu\/communiques-de-presse\/vilogia-voltalis-7063#article","isPartOf":{"@id":"https:\/\/group.voltalis.com\/fr\/type-de-contenu\/communiques-de-presse\/vilogia-voltalis-7063"},"author":{"name":"admin","@id":"https:\/\/group.voltalis.com\/en\/#\/schema\/person\/cd75df70a442080ba333ff81754527b8"},"headline":"En \u00cele-de-France et dans le Nord, le bailleur Vilogia \u00e9quipe 1 300 logements chauff\u00e9s \u00e0 l\u2019\u00e9lectrique avec le dispositif d\u2019\u00e9conomies d\u2019\u00e9nergie Voltalis","datePublished":"2023-07-21T14:46:25+00:00","dateModified":"2025-09-04T15:14:19+00:00","mainEntityOfPage":{"@id":"https:\/\/group.voltalis.com\/fr\/type-de-contenu\/communiques-de-presse\/vilogia-voltalis-7063"},"wordCount":447,"commentCount":0,"image":{"@id":"https:\/\/group.voltalis.com\/fr\/type-de-contenu\/communiques-de-presse\/vilogia-voltalis-7063#primaryimage"},"thumbnailUrl":"https:\/\/group.voltalis.com\/wp-content\/uploads\/2022\/10\/My-Voltalis-Ma-ConsoProgrammation-LR-4-1024x683.png","articleSection":["Bailleurs","Communiqu\u00e9s"],"inLanguage":"fr-FR"},{"@type":"WebPage","@id":"https:\/\/group.voltalis.com\/fr\/type-de-contenu\/communiques-de-presse\/vilogia-voltalis-7063","url":"https:\/\/group.voltalis.com\/fr\/type-de-contenu\/communiques-de-presse\/vilogia-voltalis-7063","name":"Vilogia \u00e9quipe 1 300 logements avec le dispositif Voltalis","isPartOf":{"@id":"https:\/\/group.voltalis.com\/en\/#website"},"primaryImageOfPage":{"@id":"https:\/\/group.voltalis.com\/fr\/type-de-contenu\/communiques-de-presse\/vilogia-voltalis-7063#primaryimage"},"image":{"@id":"https:\/\/group.voltalis.com\/fr\/type-de-contenu\/communiques-de-presse\/vilogia-voltalis-7063#primaryimage"},"thumbnailUrl":"https:\/\/group.voltalis.com\/wp-content\/uploads\/2022\/10\/My-Voltalis-Ma-ConsoProgrammation-LR-4-1024x683.png","datePublished":"2023-07-21T14:46:25+00:00","dateModified":"2025-09-04T15:14:19+00:00","author":{"@id":"https:\/\/group.voltalis.com\/en\/#\/schema\/person\/cd75df70a442080ba333ff81754527b8"},"description":"Le bailleur Vilogia \u00e9quipe 1 300 logements chauff\u00e9s \u00e0 l\u2019\u00e9lectrique avec le dispositif d\u2019\u00e9conomies d\u2019\u00e9nergie Voltalis.","breadcrumb":{"@id":"https:\/\/group.voltalis.com\/fr\/type-de-contenu\/communiques-de-presse\/vilogia-voltalis-7063#breadcrumb"},"inLanguage":"fr-FR","potentialAction":[{"@type":"ReadAction","target":["https:\/\/group.voltalis.com\/fr\/type-de-contenu\/communiques-de-presse\/vilogia-voltalis-7063"]}]},{"@type":"ImageObject","inLanguage":"fr-FR","@id":"https:\/\/group.voltalis.com\/fr\/type-de-contenu\/communiques-de-presse\/vilogia-voltalis-7063#primaryimage","url":"https:\/\/group.voltalis.com\/wp-content\/uploads\/2022\/10\/My-Voltalis-Ma-ConsoProgrammation-LR-4-1024x683.png","contentUrl":"https:\/\/group.voltalis.com\/wp-content\/uploads\/2022\/10\/My-Voltalis-Ma-ConsoProgrammation-LR-4-1024x683.png"},{"@type":"BreadcrumbList","@id":"https:\/\/group.voltalis.com\/fr\/type-de-contenu\/communiques-de-presse\/vilogia-voltalis-7063#breadcrumb","itemListElement":[{"@type":"ListItem","position":1,"name":"Home","item":"https:\/\/group.voltalis.com\/fr"},{"@type":"ListItem","position":2,"name":"En \u00cele-de-France et dans le Nord, le bailleur Vilogia \u00e9quipe 1 300 logements chauff\u00e9s \u00e0 l\u2019\u00e9lectrique avec le dispositif d\u2019\u00e9conomies d\u2019\u00e9nergie Voltalis"}]},{"@type":"WebSite","@id":"https:\/\/group.voltalis.com\/en\/#website","url":"https:\/\/group.voltalis.com\/en\/","name":"Groupe Voltalis","description":"Bien plus que des \u00e9conomies d&#039;\u00e9nergie","potentialAction":[{"@type":"SearchAction","target":{"@type":"EntryPoint","urlTemplate":"https:\/\/group.voltalis.com\/en\/?s={search_term_string}"},"query-input":{"@type":"PropertyValueSpecification","valueRequired":true,"valueName":"search_term_string"}}],"inLanguage":"fr-FR"},{"@type":"Person","@id":"https:\/\/group.voltalis.com\/en\/#\/schema\/person\/cd75df70a442080ba333ff81754527b8","name":"admin","image":{"@type":"ImageObject","inLanguage":"fr-FR","@id":"https:\/\/secure.gravatar.com\/avatar\/d33819406c6fd656ae073a4bf8663fc5da17ca34c0a8d21882949b205ec67922?s=96&d=mm&r=g","url":"https:\/\/secure.gravatar.com\/avatar\/d33819406c6fd656ae073a4bf8663fc5da17ca34c0a8d21882949b205ec67922?s=96&d=mm&r=g","contentUrl":"https:\/\/secure.gravatar.com\/avatar\/d33819406c6fd656ae073a4bf8663fc5da17ca34c0a8d21882949b205ec67922?s=96&d=mm&r=g","caption":"admin"},"sameAs":["https:\/\/group.voltalis.com"],"url":"https:\/\/group.voltalis.com\/fr\/author\/admin"}]}},"_links":{"self":[{"href":"https:\/\/group.voltalis.com\/fr\/wp-json\/wp\/v2\/posts\/7063","targetHints":{"allow":["GET"]}}],"collection":[{"href":"https:\/\/group.voltalis.com\/fr\/wp-json\/wp\/v2\/posts"}],"about":[{"href":"https:\/\/group.voltalis.com\/fr\/wp-json\/wp\/v2\/types\/post"}],"author":[{"embeddable":true,"href":"https:\/\/group.voltalis.com\/fr\/wp-json\/wp\/v2\/users\/1"}],"replies":[{"embeddable":true,"href":"https:\/\/group.voltalis.com\/fr\/wp-json\/wp\/v2\/comments?post=7063"}],"version-history":[{"count":1,"href":"https:\/\/group.voltalis.com\/fr\/wp-json\/wp\/v2\/posts\/7063\/revisions"}],"predecessor-version":[{"id":10459,"href":"https:\/\/group.voltalis.com\/fr\/wp-json\/wp\/v2\/posts\/7063\/revisions\/10459"}],"wp:attachment":[{"href":"https:\/\/group.voltalis.com\/fr\/wp-json\/wp\/v2\/media?parent=7063"}],"wp:term":[{"taxonomy":"category","embeddable":true,"href":"https:\/\/group.voltalis.com\/fr\/wp-json\/wp\/v2\/categories?post=7063"},{"taxonomy":"post_tag","embeddable":true,"href":"https:\/\/group.voltalis.com\/fr\/wp-json\/wp\/v2\/tags?post=7063"}],"curies":[{"name":"wp","href":"https:\/\/api.w.org\/{rel}","templated":true}]}}