{"id":7074,"date":"2023-09-04T12:01:00","date_gmt":"2023-09-04T10:01:00","guid":{"rendered":"https:\/\/group.voltalis.com\/?p=7074"},"modified":"2025-09-05T10:07:51","modified_gmt":"2025-09-05T08:07:51","slug":"communaute-de-communes-des-loges-voltalis","status":"publish","type":"post","link":"https:\/\/group.voltalis.com\/fr\/type-de-contenu\/communiques-de-presse\/communaute-de-communes-des-loges-voltalis-7074","title":{"rendered":"La Communaut\u00e9 de communes des Loges choisit le dispositif Voltalis pour aider ses habitants chauff\u00e9s \u00e0 l\u2019\u00e9lectrique \u00e0 r\u00e9aliser des \u00e9conomies d\u2019\u00e9nergie"},"content":{"rendered":"\n<p><strong><em>Ch\u00e2teauneuf-sur-Loire, le 04 septembre 2023<\/em><\/strong> &#8211; <strong><em>La Communaut\u00e9 de communes des Loges se mobilise aux c\u00f4t\u00e9s de Voltalis pour proposer \u00e0 ses habitants une solution de pilotage intelligent de leur chauffage \u00e9lectrique. Totalement gratuite,<\/em><\/strong><em> <strong>que ce soit la fourniture du mat\u00e9riel, l\u2019installation ou encore l\u2019utilisation, la solution Voltalis s\u2019adresse aux 7 000 foyers et professionnels du territoire chauff\u00e9s au tout \u00e9lectrique.<\/strong><\/em><\/p>\n\n\n\n<h2 class=\"wp-block-heading\"><strong>La 1\u00e8re intercommunalit\u00e9 du Loiret \u00e0 signer un partenariat avec Voltalis<\/strong><\/h2>\n\n\n\n<p>Le d\u00e9partement du Loiret agit quotidiennement en faveur de la transition \u00e9cologique et \u00e9nerg\u00e9tique. C\u2019est dans ce contexte que la <a href=\"https:\/\/www.cc-loges.fr\/\" target=\"_blank\" rel=\"noreferrer noopener nofollow\">Communaut\u00e9 de communes des Loges<\/a> (CCL) se mobilise et met en \u0153uvre son projet de territoire comportant de nombreuses actions en faveur de la lutte contre le changement climatique.<\/p>\n\n\n\n<p>Pour acc\u00e9l\u00e9rer la transition \u00e9cologique du territoire, un Plan climat air \u00e9nergie territorial (PCAET) est d\u00e9ploy\u00e9 \u00e0 l\u2019horizon 2028 par le P\u00f4le d\u2019Equilibre Territorial et Rural (PETR) For\u00eat d\u2019Orl\u00e9ans Loire Sologne dont elle fait partie. Ce plan d\u2019action s\u2019inscrit dans une trajectoire globale du territoire du Loiret \u00e0 2030 et 2050. Il s\u2019oriente vers une r\u00e9duction des \u00e9missions de GES (- 40% sur la p\u00e9riode 2026-2030) et de la consommation d\u2019\u00e9nergie (- 43% \u00e0 l\u2019horizon 2030 par rapport \u00e0 2016). Pour contribuer \u00e0 ces objectifs, la Communaut\u00e9 de communes des Loges a d\u00e9cid\u00e9 de soutenir l\u2019initiative de Voltalis. Celle-ci permet aux 20 communes du territoire de b\u00e9n\u00e9ficier gratuitement d\u2019un dispositif d\u2019\u00e9conomies d\u2019\u00e9nergie innovant. Les habitants peuvent ainsi r\u00e9alis<strong>er jusqu\u2019\u00e0 15 % d\u2019\u00e9conomies sur leur consommation \u00e9lectrique<\/strong>, contribuer \u00e0 la transition \u00e9cologique de leur r\u00e9gion et <strong>participer \u00e0 la s\u00e9curisation de l\u2019approvisionnement \u00e9lectrique du pays.<\/strong><\/p>\n\n\n\n<h2 class=\"wp-block-heading\"><strong>Une solution gratuite et \u00e9cocitoyenne pour ma\u00eetriser sa consommation \u00e9lectrique<\/strong><\/h2>\n\n\n\n<p>Concr\u00e8tement, Voltalis installe un petit bo\u00eetier connect\u00e9 sur chacun des radiateurs du logement ou du local professionnel. Via son espace personnel en ligne (<a href=\"https:\/\/www.voltalis.com\/myvoltalis-lapplication-de-suivi-de-consommation-electrique\">M<\/a><a href=\"https:\/\/www.voltalis.com\/myvoltalis-lapplication-de-suivi-de-consommation-electrique\" target=\"_blank\" rel=\"noreferrer noopener\">y<\/a><a href=\"https:\/\/www.voltalis.com\/myvoltalis-lapplication-de-suivi-de-consommation-electrique\">Voltalis<\/a>), l\u2019adh\u00e9rent peut commander \u00e0 distance ses radiateurs, suivre sa consommation \u00e9lectrique au quotidien pour mieux la ma\u00eetriser et b\u00e9n\u00e9ficier de conseils pour d\u00e9penser moins (bilan de consommation, alerte en cas de d\u00e9passement de l\u2019objectif fix\u00e9\u2026).<\/p>\n\n\n<div class=\"wp-block-image\">\n<figure class=\"aligncenter size-medium is-resized\"><img loading=\"lazy\" decoding=\"async\" src=\"https:\/\/group.voltalis.com\/wp-content\/uploads\/2022\/09\/image-300x98.png\" alt=\"Le dispositif Voltalis sur un radaiteur \u00e9lcetrique et son application de pilotage du chauffage\" class=\"wp-image-6178\" style=\"width:632px;height:206px\" width=\"632\" height=\"206\" srcset=\"https:\/\/group.voltalis.com\/wp-content\/uploads\/2022\/09\/image-300x98.png 300w, https:\/\/group.voltalis.com\/wp-content\/uploads\/2022\/09\/image-768x251.png 768w, https:\/\/group.voltalis.com\/wp-content\/uploads\/2022\/09\/image.png 992w\" sizes=\"auto, (max-width: 632px) 100vw, 632px\" \/><\/figure>\n<\/div>\n\n\n<p>Parall\u00e8lement, la technologie Voltalis participe en temps r\u00e9el \u00e0 la s\u00e9curit\u00e9 du syst\u00e8me \u00e9lectrique.&nbsp; Lorsque le r\u00e9seau \u00e9lectrique est sur-sollicit\u00e9 comme c\u2019est le cas lors d\u2019\u00e9pisodes hivernaux de grand froid ou lors des baisses de production des \u00e9nergies renouvelables, le risque de d\u00e9lestages massifs voire un black-out est pr\u00e9sent. A ces moments, Voltalis peut r\u00e9duire tr\u00e8s bri\u00e8vement la consommation de centaines de milliers d\u2019appareils connect\u00e9s \u00e0 son dispositif.<\/p>\n\n\n\n<p>Cette solution vertueuse permet donc de r\u00e9duire la consommation aux bons moments plut\u00f4t que d\u2019augmenter la production \u00e9lectrique, traditionnellement apport\u00e9e par des centrales thermiques polluantes au gaz, au fioul ou au charbon. Voltalis participe en ce sens \u00e0 la d\u00e9carbonation et \u00e0 la s\u00e9curit\u00e9 du r\u00e9seau \u00e9lectrique fran\u00e7ais&nbsp;et est r\u00e9mun\u00e9r\u00e9e pour ce service.<\/p>\n\n\n\n<h2 class=\"wp-block-heading\"><strong>Comment les habitant de la Communaut\u00e9 de communes des Loges peuvent de ce dispositif d\u2019\u00e9co-sobri\u00e9t\u00e9 ?<\/strong><\/h2>\n\n\n\n<p>Des conseillers Voltalis viennent \u00e0 la rencontre des particuliers et des professionnels du territoire pour leur pr\u00e9senter la solution, r\u00e9pondre \u00e0 leurs questions et proposer la prise d\u2019un rendez-vous d&rsquo;installation. Un technicien agr\u00e9\u00e9 intervient ensuite pour installer le dispositif, en 2h30 en moyenne selon le nombre de radiateurs \u00e0 \u00e9quiper.&nbsp;<\/p>\n\n\n\n<p>Tous les habitants peuvent directement solliciter l&rsquo;installation de ce dispositif aupr\u00e8s d&rsquo;un conseiller Voltalis par t\u00e9l\u00e9phone&nbsp;au <strong>02 22 96 95 50 <\/strong>ou par email&nbsp;:<strong> <a href=\"mailto:ccdesloges@voltalis.com\">ccdesloges@voltalis.com<\/a><\/strong><\/p>\n\n\n\n<p><strong>Contacts presse&nbsp;:<\/strong> <a href=\"mailto:voltalis@shan.fr\">voltalis@shan.fr<\/a> &#8211; Anne-Laure DAULIER, 06 28 59 50 38 &#8211; Emma CORSON, 07 60 89 81 89<\/p>\n\n\n\n<p><strong><a href=\"https:\/\/group.voltalis.com\/wp-content\/uploads\/2023\/08\/CP-Communaute-de-communes-des-Loges-x-Voltalis.pdf\" target=\"_blank\" rel=\"noreferrer noopener\">T\u00e9l\u00e9charger le communiqu\u00e9 de presse CC des Loges &#8211; Voltalis<\/a><\/strong><\/p>\n","protected":false},"excerpt":{"rendered":"<p>Ch\u00e2teauneuf-sur-Loire, le 04 septembre 2023 &#8211; La Communaut\u00e9 de communes des Loges se mobilise aux c\u00f4t\u00e9s de Voltalis pour proposer \u00e0 ses habitants une solution de pilotage intelligent de leur chauffage \u00e9lectrique. Totalement gratuite, que ce soit la fourniture du mat\u00e9riel, l\u2019installation ou encore l\u2019utilisation, la solution Voltalis s\u2019adresse aux 7 000 foyers et professionnels [&hellip;]<\/p>\n","protected":false},"author":1,"featured_media":0,"comment_status":"open","ping_status":"closed","sticky":false,"template":"","format":"standard","meta":{"_acf_changed":false,"inline_featured_image":false,"footnotes":""},"categories":[199,3],"tags":[],"class_list":["post-7074","post","type-post","status-publish","format-standard","hentry","category-collectivites","category-communiques-de-presse"],"acf":[],"yoast_head":"<!-- This site is optimized with the Yoast SEO plugin v27.5 - https:\/\/yoast.com\/product\/yoast-seo-wordpress\/ -->\n<title>La Communaut\u00e9 de communes des Loges choisit Voltalis<\/title>\n<meta name=\"description\" content=\"Avec Voltalis, la Communaut\u00e9 de communes des Loges propose \u00e0 ses habitants chauff\u00e9s \u00e0 l\u2019\u00e9lectrique un dispositif gratuit pour r\u00e9aliser des \u00e9conomies.\" \/>\n<meta name=\"robots\" content=\"index, follow, max-snippet:-1, max-image-preview:large, max-video-preview:-1\" \/>\n<link rel=\"canonical\" href=\"https:\/\/group.voltalis.com\/fr\/type-de-contenu\/communiques-de-presse\/communaute-de-communes-des-loges-voltalis-7074\" \/>\n<meta property=\"og:locale\" content=\"fr_FR\" \/>\n<meta property=\"og:type\" content=\"article\" \/>\n<meta property=\"og:title\" content=\"La Communaut\u00e9 de communes des Loges choisit Voltalis\" \/>\n<meta property=\"og:description\" content=\"Avec Voltalis, la Communaut\u00e9 de communes des Loges propose \u00e0 ses habitants chauff\u00e9s \u00e0 l\u2019\u00e9lectrique un dispositif gratuit pour r\u00e9aliser des \u00e9conomies.\" \/>\n<meta property=\"og:url\" content=\"https:\/\/group.voltalis.com\/fr\/type-de-contenu\/communiques-de-presse\/communaute-de-communes-des-loges-voltalis-7074\" \/>\n<meta property=\"og:site_name\" content=\"Groupe Voltalis\" \/>\n<meta property=\"article:publisher\" content=\"https:\/\/www.facebook.com\/pages\/category\/Product-Service\/Voltalis-178720392179068\/\" \/>\n<meta property=\"article:published_time\" content=\"2023-09-04T10:01:00+00:00\" \/>\n<meta property=\"article:modified_time\" content=\"2025-09-05T08:07:51+00:00\" \/>\n<meta property=\"og:image\" content=\"https:\/\/group.voltalis.com\/wp-content\/uploads\/2022\/09\/image.png\" \/>\n\t<meta property=\"og:image:width\" content=\"992\" \/>\n\t<meta property=\"og:image:height\" content=\"324\" \/>\n\t<meta property=\"og:image:type\" content=\"image\/png\" \/>\n<meta name=\"author\" content=\"admin\" \/>\n<meta name=\"twitter:card\" content=\"summary_large_image\" \/>\n<meta name=\"twitter:label1\" content=\"\u00c9crit par\" \/>\n\t<meta name=\"twitter:data1\" content=\"admin\" \/>\n\t<meta name=\"twitter:label2\" content=\"Dur\u00e9e de lecture estim\u00e9e\" \/>\n\t<meta name=\"twitter:data2\" content=\"3 minutes\" \/>\n<script type=\"application\/ld+json\" class=\"yoast-schema-graph\">{\"@context\":\"https:\\\/\\\/schema.org\",\"@graph\":[{\"@type\":\"Article\",\"@id\":\"https:\\\/\\\/group.voltalis.com\\\/fr\\\/type-de-contenu\\\/communiques-de-presse\\\/communaute-de-communes-des-loges-voltalis-7074#article\",\"isPartOf\":{\"@id\":\"https:\\\/\\\/group.voltalis.com\\\/fr\\\/type-de-contenu\\\/communiques-de-presse\\\/communaute-de-communes-des-loges-voltalis-7074\"},\"author\":{\"name\":\"admin\",\"@id\":\"https:\\\/\\\/group.voltalis.com\\\/en\\\/#\\\/schema\\\/person\\\/cd75df70a442080ba333ff81754527b8\"},\"headline\":\"La Communaut\u00e9 de communes des Loges choisit le dispositif Voltalis pour aider ses habitants chauff\u00e9s \u00e0 l\u2019\u00e9lectrique \u00e0 r\u00e9aliser des \u00e9conomies d\u2019\u00e9nergie\",\"datePublished\":\"2023-09-04T10:01:00+00:00\",\"dateModified\":\"2025-09-05T08:07:51+00:00\",\"mainEntityOfPage\":{\"@id\":\"https:\\\/\\\/group.voltalis.com\\\/fr\\\/type-de-contenu\\\/communiques-de-presse\\\/communaute-de-communes-des-loges-voltalis-7074\"},\"wordCount\":651,\"commentCount\":0,\"image\":{\"@id\":\"https:\\\/\\\/group.voltalis.com\\\/fr\\\/type-de-contenu\\\/communiques-de-presse\\\/communaute-de-communes-des-loges-voltalis-7074#primaryimage\"},\"thumbnailUrl\":\"https:\\\/\\\/group.voltalis.com\\\/wp-content\\\/uploads\\\/2022\\\/09\\\/image-300x98.png\",\"articleSection\":[\"Collectivit\u00e9s\",\"Communiqu\u00e9s\"],\"inLanguage\":\"fr-FR\"},{\"@type\":\"WebPage\",\"@id\":\"https:\\\/\\\/group.voltalis.com\\\/fr\\\/type-de-contenu\\\/communiques-de-presse\\\/communaute-de-communes-des-loges-voltalis-7074\",\"url\":\"https:\\\/\\\/group.voltalis.com\\\/fr\\\/type-de-contenu\\\/communiques-de-presse\\\/communaute-de-communes-des-loges-voltalis-7074\",\"name\":\"La Communaut\u00e9 de communes des Loges choisit Voltalis\",\"isPartOf\":{\"@id\":\"https:\\\/\\\/group.voltalis.com\\\/en\\\/#website\"},\"primaryImageOfPage\":{\"@id\":\"https:\\\/\\\/group.voltalis.com\\\/fr\\\/type-de-contenu\\\/communiques-de-presse\\\/communaute-de-communes-des-loges-voltalis-7074#primaryimage\"},\"image\":{\"@id\":\"https:\\\/\\\/group.voltalis.com\\\/fr\\\/type-de-contenu\\\/communiques-de-presse\\\/communaute-de-communes-des-loges-voltalis-7074#primaryimage\"},\"thumbnailUrl\":\"https:\\\/\\\/group.voltalis.com\\\/wp-content\\\/uploads\\\/2022\\\/09\\\/image-300x98.png\",\"datePublished\":\"2023-09-04T10:01:00+00:00\",\"dateModified\":\"2025-09-05T08:07:51+00:00\",\"author\":{\"@id\":\"https:\\\/\\\/group.voltalis.com\\\/en\\\/#\\\/schema\\\/person\\\/cd75df70a442080ba333ff81754527b8\"},\"description\":\"Avec Voltalis, la Communaut\u00e9 de communes des Loges propose \u00e0 ses habitants chauff\u00e9s \u00e0 l\u2019\u00e9lectrique un dispositif gratuit pour r\u00e9aliser des \u00e9conomies.\",\"breadcrumb\":{\"@id\":\"https:\\\/\\\/group.voltalis.com\\\/fr\\\/type-de-contenu\\\/communiques-de-presse\\\/communaute-de-communes-des-loges-voltalis-7074#breadcrumb\"},\"inLanguage\":\"fr-FR\",\"potentialAction\":[{\"@type\":\"ReadAction\",\"target\":[\"https:\\\/\\\/group.voltalis.com\\\/fr\\\/type-de-contenu\\\/communiques-de-presse\\\/communaute-de-communes-des-loges-voltalis-7074\"]}]},{\"@type\":\"ImageObject\",\"inLanguage\":\"fr-FR\",\"@id\":\"https:\\\/\\\/group.voltalis.com\\\/fr\\\/type-de-contenu\\\/communiques-de-presse\\\/communaute-de-communes-des-loges-voltalis-7074#primaryimage\",\"url\":\"https:\\\/\\\/group.voltalis.com\\\/wp-content\\\/uploads\\\/2022\\\/09\\\/image-300x98.png\",\"contentUrl\":\"https:\\\/\\\/group.voltalis.com\\\/wp-content\\\/uploads\\\/2022\\\/09\\\/image-300x98.png\"},{\"@type\":\"BreadcrumbList\",\"@id\":\"https:\\\/\\\/group.voltalis.com\\\/fr\\\/type-de-contenu\\\/communiques-de-presse\\\/communaute-de-communes-des-loges-voltalis-7074#breadcrumb\",\"itemListElement\":[{\"@type\":\"ListItem\",\"position\":1,\"name\":\"Home\",\"item\":\"https:\\\/\\\/group.voltalis.com\\\/fr\"},{\"@type\":\"ListItem\",\"position\":2,\"name\":\"La Communaut\u00e9 de communes des Loges choisit le dispositif Voltalis pour aider ses habitants chauff\u00e9s \u00e0 l\u2019\u00e9lectrique \u00e0 r\u00e9aliser des \u00e9conomies d\u2019\u00e9nergie\"}]},{\"@type\":\"WebSite\",\"@id\":\"https:\\\/\\\/group.voltalis.com\\\/en\\\/#website\",\"url\":\"https:\\\/\\\/group.voltalis.com\\\/en\\\/\",\"name\":\"Groupe Voltalis\",\"description\":\"Bien plus que des \u00e9conomies d&#039;\u00e9nergie\",\"potentialAction\":[{\"@type\":\"SearchAction\",\"target\":{\"@type\":\"EntryPoint\",\"urlTemplate\":\"https:\\\/\\\/group.voltalis.com\\\/en\\\/?s={search_term_string}\"},\"query-input\":{\"@type\":\"PropertyValueSpecification\",\"valueRequired\":true,\"valueName\":\"search_term_string\"}}],\"inLanguage\":\"fr-FR\"},{\"@type\":\"Person\",\"@id\":\"https:\\\/\\\/group.voltalis.com\\\/en\\\/#\\\/schema\\\/person\\\/cd75df70a442080ba333ff81754527b8\",\"name\":\"admin\",\"image\":{\"@type\":\"ImageObject\",\"inLanguage\":\"fr-FR\",\"@id\":\"https:\\\/\\\/secure.gravatar.com\\\/avatar\\\/d33819406c6fd656ae073a4bf8663fc5da17ca34c0a8d21882949b205ec67922?s=96&d=mm&r=g\",\"url\":\"https:\\\/\\\/secure.gravatar.com\\\/avatar\\\/d33819406c6fd656ae073a4bf8663fc5da17ca34c0a8d21882949b205ec67922?s=96&d=mm&r=g\",\"contentUrl\":\"https:\\\/\\\/secure.gravatar.com\\\/avatar\\\/d33819406c6fd656ae073a4bf8663fc5da17ca34c0a8d21882949b205ec67922?s=96&d=mm&r=g\",\"caption\":\"admin\"},\"sameAs\":[\"https:\\\/\\\/group.voltalis.com\"],\"url\":\"https:\\\/\\\/group.voltalis.com\\\/fr\\\/author\\\/admin\"}]}<\/script>\n<!-- \/ Yoast SEO plugin. -->","yoast_head_json":{"title":"La Communaut\u00e9 de communes des Loges choisit Voltalis","description":"Avec Voltalis, la Communaut\u00e9 de communes des Loges propose \u00e0 ses habitants chauff\u00e9s \u00e0 l\u2019\u00e9lectrique un dispositif gratuit pour r\u00e9aliser des \u00e9conomies.","robots":{"index":"index","follow":"follow","max-snippet":"max-snippet:-1","max-image-preview":"max-image-preview:large","max-video-preview":"max-video-preview:-1"},"canonical":"https:\/\/group.voltalis.com\/fr\/type-de-contenu\/communiques-de-presse\/communaute-de-communes-des-loges-voltalis-7074","og_locale":"fr_FR","og_type":"article","og_title":"La Communaut\u00e9 de communes des Loges choisit Voltalis","og_description":"Avec Voltalis, la Communaut\u00e9 de communes des Loges propose \u00e0 ses habitants chauff\u00e9s \u00e0 l\u2019\u00e9lectrique un dispositif gratuit pour r\u00e9aliser des \u00e9conomies.","og_url":"https:\/\/group.voltalis.com\/fr\/type-de-contenu\/communiques-de-presse\/communaute-de-communes-des-loges-voltalis-7074","og_site_name":"Groupe Voltalis","article_publisher":"https:\/\/www.facebook.com\/pages\/category\/Product-Service\/Voltalis-178720392179068\/","article_published_time":"2023-09-04T10:01:00+00:00","article_modified_time":"2025-09-05T08:07:51+00:00","og_image":[{"width":992,"height":324,"url":"https:\/\/group.voltalis.com\/wp-content\/uploads\/2022\/09\/image.png","type":"image\/png"}],"author":"admin","twitter_card":"summary_large_image","twitter_misc":{"\u00c9crit par":"admin","Dur\u00e9e de lecture estim\u00e9e":"3 minutes"},"schema":{"@context":"https:\/\/schema.org","@graph":[{"@type":"Article","@id":"https:\/\/group.voltalis.com\/fr\/type-de-contenu\/communiques-de-presse\/communaute-de-communes-des-loges-voltalis-7074#article","isPartOf":{"@id":"https:\/\/group.voltalis.com\/fr\/type-de-contenu\/communiques-de-presse\/communaute-de-communes-des-loges-voltalis-7074"},"author":{"name":"admin","@id":"https:\/\/group.voltalis.com\/en\/#\/schema\/person\/cd75df70a442080ba333ff81754527b8"},"headline":"La Communaut\u00e9 de communes des Loges choisit le dispositif Voltalis pour aider ses habitants chauff\u00e9s \u00e0 l\u2019\u00e9lectrique \u00e0 r\u00e9aliser des \u00e9conomies d\u2019\u00e9nergie","datePublished":"2023-09-04T10:01:00+00:00","dateModified":"2025-09-05T08:07:51+00:00","mainEntityOfPage":{"@id":"https:\/\/group.voltalis.com\/fr\/type-de-contenu\/communiques-de-presse\/communaute-de-communes-des-loges-voltalis-7074"},"wordCount":651,"commentCount":0,"image":{"@id":"https:\/\/group.voltalis.com\/fr\/type-de-contenu\/communiques-de-presse\/communaute-de-communes-des-loges-voltalis-7074#primaryimage"},"thumbnailUrl":"https:\/\/group.voltalis.com\/wp-content\/uploads\/2022\/09\/image-300x98.png","articleSection":["Collectivit\u00e9s","Communiqu\u00e9s"],"inLanguage":"fr-FR"},{"@type":"WebPage","@id":"https:\/\/group.voltalis.com\/fr\/type-de-contenu\/communiques-de-presse\/communaute-de-communes-des-loges-voltalis-7074","url":"https:\/\/group.voltalis.com\/fr\/type-de-contenu\/communiques-de-presse\/communaute-de-communes-des-loges-voltalis-7074","name":"La Communaut\u00e9 de communes des Loges choisit Voltalis","isPartOf":{"@id":"https:\/\/group.voltalis.com\/en\/#website"},"primaryImageOfPage":{"@id":"https:\/\/group.voltalis.com\/fr\/type-de-contenu\/communiques-de-presse\/communaute-de-communes-des-loges-voltalis-7074#primaryimage"},"image":{"@id":"https:\/\/group.voltalis.com\/fr\/type-de-contenu\/communiques-de-presse\/communaute-de-communes-des-loges-voltalis-7074#primaryimage"},"thumbnailUrl":"https:\/\/group.voltalis.com\/wp-content\/uploads\/2022\/09\/image-300x98.png","datePublished":"2023-09-04T10:01:00+00:00","dateModified":"2025-09-05T08:07:51+00:00","author":{"@id":"https:\/\/group.voltalis.com\/en\/#\/schema\/person\/cd75df70a442080ba333ff81754527b8"},"description":"Avec Voltalis, la Communaut\u00e9 de communes des Loges propose \u00e0 ses habitants chauff\u00e9s \u00e0 l\u2019\u00e9lectrique un dispositif gratuit pour r\u00e9aliser des \u00e9conomies.","breadcrumb":{"@id":"https:\/\/group.voltalis.com\/fr\/type-de-contenu\/communiques-de-presse\/communaute-de-communes-des-loges-voltalis-7074#breadcrumb"},"inLanguage":"fr-FR","potentialAction":[{"@type":"ReadAction","target":["https:\/\/group.voltalis.com\/fr\/type-de-contenu\/communiques-de-presse\/communaute-de-communes-des-loges-voltalis-7074"]}]},{"@type":"ImageObject","inLanguage":"fr-FR","@id":"https:\/\/group.voltalis.com\/fr\/type-de-contenu\/communiques-de-presse\/communaute-de-communes-des-loges-voltalis-7074#primaryimage","url":"https:\/\/group.voltalis.com\/wp-content\/uploads\/2022\/09\/image-300x98.png","contentUrl":"https:\/\/group.voltalis.com\/wp-content\/uploads\/2022\/09\/image-300x98.png"},{"@type":"BreadcrumbList","@id":"https:\/\/group.voltalis.com\/fr\/type-de-contenu\/communiques-de-presse\/communaute-de-communes-des-loges-voltalis-7074#breadcrumb","itemListElement":[{"@type":"ListItem","position":1,"name":"Home","item":"https:\/\/group.voltalis.com\/fr"},{"@type":"ListItem","position":2,"name":"La Communaut\u00e9 de communes des Loges choisit le dispositif Voltalis pour aider ses habitants chauff\u00e9s \u00e0 l\u2019\u00e9lectrique \u00e0 r\u00e9aliser des \u00e9conomies d\u2019\u00e9nergie"}]},{"@type":"WebSite","@id":"https:\/\/group.voltalis.com\/en\/#website","url":"https:\/\/group.voltalis.com\/en\/","name":"Groupe Voltalis","description":"Bien plus que des \u00e9conomies d&#039;\u00e9nergie","potentialAction":[{"@type":"SearchAction","target":{"@type":"EntryPoint","urlTemplate":"https:\/\/group.voltalis.com\/en\/?s={search_term_string}"},"query-input":{"@type":"PropertyValueSpecification","valueRequired":true,"valueName":"search_term_string"}}],"inLanguage":"fr-FR"},{"@type":"Person","@id":"https:\/\/group.voltalis.com\/en\/#\/schema\/person\/cd75df70a442080ba333ff81754527b8","name":"admin","image":{"@type":"ImageObject","inLanguage":"fr-FR","@id":"https:\/\/secure.gravatar.com\/avatar\/d33819406c6fd656ae073a4bf8663fc5da17ca34c0a8d21882949b205ec67922?s=96&d=mm&r=g","url":"https:\/\/secure.gravatar.com\/avatar\/d33819406c6fd656ae073a4bf8663fc5da17ca34c0a8d21882949b205ec67922?s=96&d=mm&r=g","contentUrl":"https:\/\/secure.gravatar.com\/avatar\/d33819406c6fd656ae073a4bf8663fc5da17ca34c0a8d21882949b205ec67922?s=96&d=mm&r=g","caption":"admin"},"sameAs":["https:\/\/group.voltalis.com"],"url":"https:\/\/group.voltalis.com\/fr\/author\/admin"}]}},"_links":{"self":[{"href":"https:\/\/group.voltalis.com\/fr\/wp-json\/wp\/v2\/posts\/7074","targetHints":{"allow":["GET"]}}],"collection":[{"href":"https:\/\/group.voltalis.com\/fr\/wp-json\/wp\/v2\/posts"}],"about":[{"href":"https:\/\/group.voltalis.com\/fr\/wp-json\/wp\/v2\/types\/post"}],"author":[{"embeddable":true,"href":"https:\/\/group.voltalis.com\/fr\/wp-json\/wp\/v2\/users\/1"}],"replies":[{"embeddable":true,"href":"https:\/\/group.voltalis.com\/fr\/wp-json\/wp\/v2\/comments?post=7074"}],"version-history":[{"count":1,"href":"https:\/\/group.voltalis.com\/fr\/wp-json\/wp\/v2\/posts\/7074\/revisions"}],"predecessor-version":[{"id":10496,"href":"https:\/\/group.voltalis.com\/fr\/wp-json\/wp\/v2\/posts\/7074\/revisions\/10496"}],"wp:attachment":[{"href":"https:\/\/group.voltalis.com\/fr\/wp-json\/wp\/v2\/media?parent=7074"}],"wp:term":[{"taxonomy":"category","embeddable":true,"href":"https:\/\/group.voltalis.com\/fr\/wp-json\/wp\/v2\/categories?post=7074"},{"taxonomy":"post_tag","embeddable":true,"href":"https:\/\/group.voltalis.com\/fr\/wp-json\/wp\/v2\/tags?post=7074"}],"curies":[{"name":"wp","href":"https:\/\/api.w.org\/{rel}","templated":true}]}}