{"id":7130,"date":"2023-10-04T14:52:00","date_gmt":"2023-10-04T12:52:00","guid":{"rendered":"https:\/\/group.voltalis.com\/?p=7130"},"modified":"2025-09-04T14:27:54","modified_gmt":"2025-09-04T12:27:54","slug":"thierry-immobilier-voltalis","status":"publish","type":"post","link":"https:\/\/group.voltalis.com\/fr\/type-de-contenu\/communiques-de-presse\/thierry-immobilier-voltalis-7130","title":{"rendered":"Apr\u00e8s avoir \u00e9quip\u00e9 ses agences, THIERRY Immobilier d\u00e9ploie le thermostat connect\u00e9 Voltalis aupr\u00e8s des 5 000 logements g\u00e9r\u00e9s en syndic \u00e0 Nantes"},"content":{"rendered":"\n<p class=\"has-text-align-center\"><strong><em>Une op\u00e9ration in\u00e9dite entre Thierry Immobilier, principal syndic de copropri\u00e9t\u00e9 ind\u00e9pendant de l\u2019Ouest et Voltalis, la solution d\u2019\u00e9conomies d\u2019\u00e9nergie destin\u00e9e aux particuliers et professionnels<\/em><\/strong>.<\/p>\n\n\n\n<p>Fond\u00e9 \u00e0 Nantes en 1924, le cabinet THIERRY Immobilier est pleinement engag\u00e9 dans une strat\u00e9gie environnementale ambitieuse. La soci\u00e9t\u00e9, qui compte 180 salari\u00e9s, entend contribuer activement \u00e0 la trajectoire de r\u00e9duction de 50 % en 2030 de ses \u00e9missions de gaz \u00e0 effet de serre (GES). L\u2019entreprise ind\u00e9pendante a ainsi lanc\u00e9 plusieurs initiatives \u00e0 impact, tant en interne qu\u2019en externe, en proposant notamment des solutions \u00e0 ses clients copropri\u00e9taires, propri\u00e9taires et locataires. Dans ce cadre, THIERRY Immobilier a s\u00e9lectionn\u00e9 la solution d\u2019\u00e9conomies d\u2019\u00e9nergie gratuite de Voltalis pouvant \u00e9quiper tous les logements chauff\u00e9s \u00e9lectriquement.<\/p>\n\n\n\n<p><a href=\"https:\/\/www.thierry-immobilier.fr\/\" target=\"_blank\" rel=\"noreferrer noopener nofollow\">THIERRY Immobilier<\/a> a d\u00e9j\u00e0 \u00e9quip\u00e9 8 de ses agences pour une meilleure ma\u00eetrise de sa consommation en \u00e9lectricit\u00e9 et a ainsi r\u00e9duit de 16 % sa consommation en 2022-2023. L\u2019acteur majeur de l\u2019immobilier implant\u00e9 dans le Grand Ouest et Voltalis ont d\u00e9cid\u00e9 d\u2019aller plus loin et de proposer cette solution \u00e0 tous les logements chauff\u00e9s \u00e0 l\u2019\u00e9lectrique dans des copropri\u00e9t\u00e9s g\u00e9r\u00e9es par le syndic.<\/p>\n\n\n\n<p><em>\u00ab&nbsp;En effet, le bilan des \u00e9conomies d\u2019\u00e9nergie r\u00e9alis\u00e9es dans nos agences est tr\u00e8s positif&nbsp;: 7 000 \u20ac \u00e9conomis\u00e9s sur nos factures en un an&nbsp;! C\u2019est tout naturellement que nous souhaitons en faire profiter nos clients nantais via notre activit\u00e9 de syndic de copropri\u00e9t\u00e9 \u00bb,<\/em> commente <strong>Beno\u00eet Thierry, directeur associ\u00e9 de THIERRY Immobilier.<\/strong><\/p>\n\n\n\n<p><strong>Mathieu Bineau, directeur g\u00e9n\u00e9ral de Voltalis<\/strong>, explique\u202f: <em>\u00ab Nous remercions THIERRY Immobilier de cette marque de confiance. S\u2019\u00e9quiper aujourd\u2019hui permet de mieux s\u2019armer pour l\u2019hiver prochain et d\u2019agir concr\u00e8tement en faveur de la sobri\u00e9t\u00e9 et de la pr\u00e9servation du r\u00e9seau \u00e9lectrique. Cela offre \u00e9galement la possibilit\u00e9 de limiter les effets de la hausse des tarifs de l\u2019\u00e9lectricit\u00e9 tout en adoptant une d\u00e9marche plus durable.&nbsp;\u00bb&nbsp; &nbsp;&nbsp;<\/em><\/p>\n\n\n\n<p>D\u00e9but\u00e9e \u00e0 Saint-Nazaire, l\u2019op\u00e9ration se poursuit \u00e0 Nantes. Les gestionnaires des copropri\u00e9t\u00e9s concern\u00e9es informeront leurs clients de cette op\u00e9ration en leur pr\u00e9sentant les b\u00e9n\u00e9fices. Des conseillers Voltalis iront ensuite \u00e0 la rencontre des clients de THIERRY Immobilier pour leur pr\u00e9senter la solution et r\u00e9pondre \u00e0 leurs questions. Pour ceux qui sont int\u00e9ress\u00e9s, un rendez-vous d\u2019installation est fix\u00e9 puis un technicien intervient en 2h30 en moyenne. Il est \u00e9galement possible de joindre Voltalis directement au <strong>02 44 19 84 62 <\/strong>ou par mail:<a href=\"mailto:thierry-immoblier@voltalis.com\"><strong>thierry-immoblier@voltalis.com<\/strong><\/a><strong><\/strong><\/p>\n\n\n\n<h2 class=\"wp-block-heading\"><strong>Une solution gratuite et \u00e9cocitoyenne pour ma\u00eetriser sa consommation \u00e9lectrique<\/strong><\/h2>\n\n\n\n<p>Concr\u00e8tement, Voltalis installe un petit bo\u00eetier connect\u00e9 sur chacun des radiateurs du logement. <\/p>\n\n\n\n<p>Via MyVoltalis, son espace personnel en ligne, l\u2019adh\u00e9rent peut ainsi&nbsp;:<\/p>\n\n\n\n<ul class=\"wp-block-list\">\n<li>Suivre sa consommation au quotidien pour mieux la ma\u00eetriser,<\/li>\n\n\n\n<li>Piloter \u00e0 distance ses radiateurs, pi\u00e8ce par pi\u00e8ce<\/li>\n\n\n\n<li>B\u00e9n\u00e9ficier de conseils pour d\u00e9penser moins (bilan de consommation, alerte en cas de d\u00e9passement des objectifs fix\u00e9s\u2026).<\/li>\n<\/ul>\n\n\n<div class=\"wp-block-image\">\n<figure class=\"aligncenter size-large is-resized\"><img loading=\"lazy\" decoding=\"async\" src=\"https:\/\/group.voltalis.com\/wp-content\/uploads\/2022\/10\/My-Voltalis-Ma-ConsoProgrammation-LR-3-1024x683.png\" alt=\"L'application MyVoltalis de pilotage du chauffage \u00e9lectrique et de suivi de consommation.\" class=\"wp-image-6230\" style=\"width:515px;height:344px\" width=\"515\" height=\"344\" srcset=\"https:\/\/group.voltalis.com\/wp-content\/uploads\/2022\/10\/My-Voltalis-Ma-ConsoProgrammation-LR-3-1024x683.png 1024w, https:\/\/group.voltalis.com\/wp-content\/uploads\/2022\/10\/My-Voltalis-Ma-ConsoProgrammation-LR-3-300x200.png 300w, https:\/\/group.voltalis.com\/wp-content\/uploads\/2022\/10\/My-Voltalis-Ma-ConsoProgrammation-LR-3-768x512.png 768w, https:\/\/group.voltalis.com\/wp-content\/uploads\/2022\/10\/My-Voltalis-Ma-ConsoProgrammation-LR-3.png 1500w\" sizes=\"auto, (max-width: 515px) 100vw, 515px\" \/><figcaption class=\"wp-element-caption\"><em>L&rsquo;application MyVoltalis de pilotage du chauffage \u00e9lectrique<\/em><\/figcaption><\/figure>\n<\/div>\n\n\n<p>Parall\u00e8lement, la technologie Voltalis contribue \u00e0 soulager et \u00e0 pr\u00e9server le r\u00e9seau \u00e9lectrique aux moments o\u00f9 il est en tension, notamment en hiver lors de pics de consommation et \u00e0 limiter le recours les centrales thermiques au fioul, au gaz, ou au charbon, tr\u00e8s polluantes.<\/p>\n\n\n\n<p><strong>Contacts presse&nbsp;:<\/strong><\/p>\n\n\n\n<ul class=\"wp-block-list\">\n<li><strong>THIERRY Immobilier<\/strong> &#8211; Pauline BRACHET &#8211; Charg\u00e9e de communication &#8211; <a href=\"mailto:communication@thierry-immobilier.fr\">communication@thierry-immobilier.fr<\/a><\/li>\n<\/ul>\n\n\n\n<ul class=\"wp-block-list\">\n<li><strong>Voltalis &#8211; <\/strong><a href=\"mailto:voltalis@shan.fr\">voltalis@shan.fr<\/a> &#8211; Eve-Marie Laporte Tel. +33 (0)7 76 04 73 48 &#8211; Anne-Laure Daulier Tel. +33 (0)6 28 59 50 38<\/li>\n<\/ul>\n","protected":false},"excerpt":{"rendered":"<p>Une op\u00e9ration in\u00e9dite entre Thierry Immobilier, principal syndic de copropri\u00e9t\u00e9 ind\u00e9pendant de l\u2019Ouest et Voltalis, la solution d\u2019\u00e9conomies d\u2019\u00e9nergie destin\u00e9e aux particuliers et professionnels. Fond\u00e9 \u00e0 Nantes en 1924, le cabinet THIERRY Immobilier est pleinement engag\u00e9 dans une strat\u00e9gie environnementale ambitieuse. La soci\u00e9t\u00e9, qui compte 180 salari\u00e9s, entend contribuer activement \u00e0 la trajectoire de r\u00e9duction [&hellip;]<\/p>\n","protected":false},"author":1,"featured_media":0,"comment_status":"open","ping_status":"closed","sticky":false,"template":"","format":"standard","meta":{"_acf_changed":false,"inline_featured_image":false,"footnotes":""},"categories":[200,3],"tags":[],"class_list":["post-7130","post","type-post","status-publish","format-standard","hentry","category-entreprise","category-communiques-de-presse"],"acf":[],"yoast_head":"<!-- This site is optimized with the Yoast SEO plugin v27.5 - https:\/\/yoast.com\/product\/yoast-seo-wordpress\/ -->\n<title>THIERRY Immobilier d\u00e9ploie le thermostat connect\u00e9 Voltalis<\/title>\n<meta name=\"description\" content=\"THIERRY Immobilier : plus de 5 000 logements situ\u00e9s \u00e0 Nantes vont pouvoir b\u00e9n\u00e9ficier du thermostat connect\u00e9 gratuit de Voltalis.\" \/>\n<meta name=\"robots\" content=\"index, follow, max-snippet:-1, max-image-preview:large, max-video-preview:-1\" \/>\n<link rel=\"canonical\" href=\"https:\/\/group.voltalis.com\/fr\/type-de-contenu\/communiques-de-presse\/thierry-immobilier-voltalis-7130\" \/>\n<meta property=\"og:locale\" content=\"fr_FR\" \/>\n<meta property=\"og:type\" content=\"article\" \/>\n<meta property=\"og:title\" content=\"THIERRY Immobilier d\u00e9ploie le thermostat connect\u00e9 Voltalis\" \/>\n<meta property=\"og:description\" content=\"THIERRY Immobilier : plus de 5 000 logements situ\u00e9s \u00e0 Nantes vont pouvoir b\u00e9n\u00e9ficier du thermostat connect\u00e9 gratuit de Voltalis.\" \/>\n<meta property=\"og:url\" content=\"https:\/\/group.voltalis.com\/fr\/type-de-contenu\/communiques-de-presse\/thierry-immobilier-voltalis-7130\" \/>\n<meta property=\"og:site_name\" content=\"Groupe Voltalis\" \/>\n<meta property=\"article:publisher\" content=\"https:\/\/www.facebook.com\/pages\/category\/Product-Service\/Voltalis-178720392179068\/\" \/>\n<meta property=\"article:published_time\" content=\"2023-10-04T12:52:00+00:00\" \/>\n<meta property=\"article:modified_time\" content=\"2025-09-04T12:27:54+00:00\" \/>\n<meta property=\"og:image\" content=\"https:\/\/group.voltalis.com\/wp-content\/uploads\/2022\/10\/My-Voltalis-Ma-ConsoProgrammation-LR-3.png\" \/>\n\t<meta property=\"og:image:width\" content=\"1500\" \/>\n\t<meta property=\"og:image:height\" content=\"1000\" \/>\n\t<meta property=\"og:image:type\" content=\"image\/png\" \/>\n<meta name=\"author\" content=\"admin\" \/>\n<meta name=\"twitter:card\" content=\"summary_large_image\" \/>\n<meta name=\"twitter:label1\" content=\"\u00c9crit par\" \/>\n\t<meta name=\"twitter:data1\" content=\"admin\" \/>\n\t<meta name=\"twitter:label2\" content=\"Dur\u00e9e de lecture estim\u00e9e\" \/>\n\t<meta name=\"twitter:data2\" content=\"3 minutes\" \/>\n<script type=\"application\/ld+json\" class=\"yoast-schema-graph\">{\"@context\":\"https:\\\/\\\/schema.org\",\"@graph\":[{\"@type\":\"Article\",\"@id\":\"https:\\\/\\\/group.voltalis.com\\\/fr\\\/type-de-contenu\\\/communiques-de-presse\\\/thierry-immobilier-voltalis-7130#article\",\"isPartOf\":{\"@id\":\"https:\\\/\\\/group.voltalis.com\\\/fr\\\/type-de-contenu\\\/communiques-de-presse\\\/thierry-immobilier-voltalis-7130\"},\"author\":{\"name\":\"admin\",\"@id\":\"https:\\\/\\\/group.voltalis.com\\\/en\\\/#\\\/schema\\\/person\\\/cd75df70a442080ba333ff81754527b8\"},\"headline\":\"Apr\u00e8s avoir \u00e9quip\u00e9 ses agences, THIERRY Immobilier d\u00e9ploie le thermostat connect\u00e9 Voltalis aupr\u00e8s des 5 000 logements g\u00e9r\u00e9s en syndic \u00e0 Nantes\",\"datePublished\":\"2023-10-04T12:52:00+00:00\",\"dateModified\":\"2025-09-04T12:27:54+00:00\",\"mainEntityOfPage\":{\"@id\":\"https:\\\/\\\/group.voltalis.com\\\/fr\\\/type-de-contenu\\\/communiques-de-presse\\\/thierry-immobilier-voltalis-7130\"},\"wordCount\":618,\"commentCount\":0,\"image\":{\"@id\":\"https:\\\/\\\/group.voltalis.com\\\/fr\\\/type-de-contenu\\\/communiques-de-presse\\\/thierry-immobilier-voltalis-7130#primaryimage\"},\"thumbnailUrl\":\"https:\\\/\\\/group.voltalis.com\\\/wp-content\\\/uploads\\\/2022\\\/10\\\/My-Voltalis-Ma-ConsoProgrammation-LR-3-1024x683.png\",\"articleSection\":[\"Entreprise\",\"Communiqu\u00e9s\"],\"inLanguage\":\"fr-FR\"},{\"@type\":\"WebPage\",\"@id\":\"https:\\\/\\\/group.voltalis.com\\\/fr\\\/type-de-contenu\\\/communiques-de-presse\\\/thierry-immobilier-voltalis-7130\",\"url\":\"https:\\\/\\\/group.voltalis.com\\\/fr\\\/type-de-contenu\\\/communiques-de-presse\\\/thierry-immobilier-voltalis-7130\",\"name\":\"THIERRY Immobilier d\u00e9ploie le thermostat connect\u00e9 Voltalis\",\"isPartOf\":{\"@id\":\"https:\\\/\\\/group.voltalis.com\\\/en\\\/#website\"},\"primaryImageOfPage\":{\"@id\":\"https:\\\/\\\/group.voltalis.com\\\/fr\\\/type-de-contenu\\\/communiques-de-presse\\\/thierry-immobilier-voltalis-7130#primaryimage\"},\"image\":{\"@id\":\"https:\\\/\\\/group.voltalis.com\\\/fr\\\/type-de-contenu\\\/communiques-de-presse\\\/thierry-immobilier-voltalis-7130#primaryimage\"},\"thumbnailUrl\":\"https:\\\/\\\/group.voltalis.com\\\/wp-content\\\/uploads\\\/2022\\\/10\\\/My-Voltalis-Ma-ConsoProgrammation-LR-3-1024x683.png\",\"datePublished\":\"2023-10-04T12:52:00+00:00\",\"dateModified\":\"2025-09-04T12:27:54+00:00\",\"author\":{\"@id\":\"https:\\\/\\\/group.voltalis.com\\\/en\\\/#\\\/schema\\\/person\\\/cd75df70a442080ba333ff81754527b8\"},\"description\":\"THIERRY Immobilier : plus de 5 000 logements situ\u00e9s \u00e0 Nantes vont pouvoir b\u00e9n\u00e9ficier du thermostat connect\u00e9 gratuit de Voltalis.\",\"breadcrumb\":{\"@id\":\"https:\\\/\\\/group.voltalis.com\\\/fr\\\/type-de-contenu\\\/communiques-de-presse\\\/thierry-immobilier-voltalis-7130#breadcrumb\"},\"inLanguage\":\"fr-FR\",\"potentialAction\":[{\"@type\":\"ReadAction\",\"target\":[\"https:\\\/\\\/group.voltalis.com\\\/fr\\\/type-de-contenu\\\/communiques-de-presse\\\/thierry-immobilier-voltalis-7130\"]}]},{\"@type\":\"ImageObject\",\"inLanguage\":\"fr-FR\",\"@id\":\"https:\\\/\\\/group.voltalis.com\\\/fr\\\/type-de-contenu\\\/communiques-de-presse\\\/thierry-immobilier-voltalis-7130#primaryimage\",\"url\":\"https:\\\/\\\/group.voltalis.com\\\/wp-content\\\/uploads\\\/2022\\\/10\\\/My-Voltalis-Ma-ConsoProgrammation-LR-3-1024x683.png\",\"contentUrl\":\"https:\\\/\\\/group.voltalis.com\\\/wp-content\\\/uploads\\\/2022\\\/10\\\/My-Voltalis-Ma-ConsoProgrammation-LR-3-1024x683.png\"},{\"@type\":\"BreadcrumbList\",\"@id\":\"https:\\\/\\\/group.voltalis.com\\\/fr\\\/type-de-contenu\\\/communiques-de-presse\\\/thierry-immobilier-voltalis-7130#breadcrumb\",\"itemListElement\":[{\"@type\":\"ListItem\",\"position\":1,\"name\":\"Home\",\"item\":\"https:\\\/\\\/group.voltalis.com\\\/fr\"},{\"@type\":\"ListItem\",\"position\":2,\"name\":\"Apr\u00e8s avoir \u00e9quip\u00e9 ses agences, THIERRY Immobilier d\u00e9ploie le thermostat connect\u00e9 Voltalis aupr\u00e8s des 5 000 logements g\u00e9r\u00e9s en syndic \u00e0 Nantes\"}]},{\"@type\":\"WebSite\",\"@id\":\"https:\\\/\\\/group.voltalis.com\\\/en\\\/#website\",\"url\":\"https:\\\/\\\/group.voltalis.com\\\/en\\\/\",\"name\":\"Groupe Voltalis\",\"description\":\"Bien plus que des \u00e9conomies d&#039;\u00e9nergie\",\"potentialAction\":[{\"@type\":\"SearchAction\",\"target\":{\"@type\":\"EntryPoint\",\"urlTemplate\":\"https:\\\/\\\/group.voltalis.com\\\/en\\\/?s={search_term_string}\"},\"query-input\":{\"@type\":\"PropertyValueSpecification\",\"valueRequired\":true,\"valueName\":\"search_term_string\"}}],\"inLanguage\":\"fr-FR\"},{\"@type\":\"Person\",\"@id\":\"https:\\\/\\\/group.voltalis.com\\\/en\\\/#\\\/schema\\\/person\\\/cd75df70a442080ba333ff81754527b8\",\"name\":\"admin\",\"image\":{\"@type\":\"ImageObject\",\"inLanguage\":\"fr-FR\",\"@id\":\"https:\\\/\\\/secure.gravatar.com\\\/avatar\\\/d33819406c6fd656ae073a4bf8663fc5da17ca34c0a8d21882949b205ec67922?s=96&d=mm&r=g\",\"url\":\"https:\\\/\\\/secure.gravatar.com\\\/avatar\\\/d33819406c6fd656ae073a4bf8663fc5da17ca34c0a8d21882949b205ec67922?s=96&d=mm&r=g\",\"contentUrl\":\"https:\\\/\\\/secure.gravatar.com\\\/avatar\\\/d33819406c6fd656ae073a4bf8663fc5da17ca34c0a8d21882949b205ec67922?s=96&d=mm&r=g\",\"caption\":\"admin\"},\"sameAs\":[\"https:\\\/\\\/group.voltalis.com\"],\"url\":\"https:\\\/\\\/group.voltalis.com\\\/fr\\\/author\\\/admin\"}]}<\/script>\n<!-- \/ Yoast SEO plugin. -->","yoast_head_json":{"title":"THIERRY Immobilier d\u00e9ploie le thermostat connect\u00e9 Voltalis","description":"THIERRY Immobilier : plus de 5 000 logements situ\u00e9s \u00e0 Nantes vont pouvoir b\u00e9n\u00e9ficier du thermostat connect\u00e9 gratuit de Voltalis.","robots":{"index":"index","follow":"follow","max-snippet":"max-snippet:-1","max-image-preview":"max-image-preview:large","max-video-preview":"max-video-preview:-1"},"canonical":"https:\/\/group.voltalis.com\/fr\/type-de-contenu\/communiques-de-presse\/thierry-immobilier-voltalis-7130","og_locale":"fr_FR","og_type":"article","og_title":"THIERRY Immobilier d\u00e9ploie le thermostat connect\u00e9 Voltalis","og_description":"THIERRY Immobilier : plus de 5 000 logements situ\u00e9s \u00e0 Nantes vont pouvoir b\u00e9n\u00e9ficier du thermostat connect\u00e9 gratuit de Voltalis.","og_url":"https:\/\/group.voltalis.com\/fr\/type-de-contenu\/communiques-de-presse\/thierry-immobilier-voltalis-7130","og_site_name":"Groupe Voltalis","article_publisher":"https:\/\/www.facebook.com\/pages\/category\/Product-Service\/Voltalis-178720392179068\/","article_published_time":"2023-10-04T12:52:00+00:00","article_modified_time":"2025-09-04T12:27:54+00:00","og_image":[{"width":1500,"height":1000,"url":"https:\/\/group.voltalis.com\/wp-content\/uploads\/2022\/10\/My-Voltalis-Ma-ConsoProgrammation-LR-3.png","type":"image\/png"}],"author":"admin","twitter_card":"summary_large_image","twitter_misc":{"\u00c9crit par":"admin","Dur\u00e9e de lecture estim\u00e9e":"3 minutes"},"schema":{"@context":"https:\/\/schema.org","@graph":[{"@type":"Article","@id":"https:\/\/group.voltalis.com\/fr\/type-de-contenu\/communiques-de-presse\/thierry-immobilier-voltalis-7130#article","isPartOf":{"@id":"https:\/\/group.voltalis.com\/fr\/type-de-contenu\/communiques-de-presse\/thierry-immobilier-voltalis-7130"},"author":{"name":"admin","@id":"https:\/\/group.voltalis.com\/en\/#\/schema\/person\/cd75df70a442080ba333ff81754527b8"},"headline":"Apr\u00e8s avoir \u00e9quip\u00e9 ses agences, THIERRY Immobilier d\u00e9ploie le thermostat connect\u00e9 Voltalis aupr\u00e8s des 5 000 logements g\u00e9r\u00e9s en syndic \u00e0 Nantes","datePublished":"2023-10-04T12:52:00+00:00","dateModified":"2025-09-04T12:27:54+00:00","mainEntityOfPage":{"@id":"https:\/\/group.voltalis.com\/fr\/type-de-contenu\/communiques-de-presse\/thierry-immobilier-voltalis-7130"},"wordCount":618,"commentCount":0,"image":{"@id":"https:\/\/group.voltalis.com\/fr\/type-de-contenu\/communiques-de-presse\/thierry-immobilier-voltalis-7130#primaryimage"},"thumbnailUrl":"https:\/\/group.voltalis.com\/wp-content\/uploads\/2022\/10\/My-Voltalis-Ma-ConsoProgrammation-LR-3-1024x683.png","articleSection":["Entreprise","Communiqu\u00e9s"],"inLanguage":"fr-FR"},{"@type":"WebPage","@id":"https:\/\/group.voltalis.com\/fr\/type-de-contenu\/communiques-de-presse\/thierry-immobilier-voltalis-7130","url":"https:\/\/group.voltalis.com\/fr\/type-de-contenu\/communiques-de-presse\/thierry-immobilier-voltalis-7130","name":"THIERRY Immobilier d\u00e9ploie le thermostat connect\u00e9 Voltalis","isPartOf":{"@id":"https:\/\/group.voltalis.com\/en\/#website"},"primaryImageOfPage":{"@id":"https:\/\/group.voltalis.com\/fr\/type-de-contenu\/communiques-de-presse\/thierry-immobilier-voltalis-7130#primaryimage"},"image":{"@id":"https:\/\/group.voltalis.com\/fr\/type-de-contenu\/communiques-de-presse\/thierry-immobilier-voltalis-7130#primaryimage"},"thumbnailUrl":"https:\/\/group.voltalis.com\/wp-content\/uploads\/2022\/10\/My-Voltalis-Ma-ConsoProgrammation-LR-3-1024x683.png","datePublished":"2023-10-04T12:52:00+00:00","dateModified":"2025-09-04T12:27:54+00:00","author":{"@id":"https:\/\/group.voltalis.com\/en\/#\/schema\/person\/cd75df70a442080ba333ff81754527b8"},"description":"THIERRY Immobilier : plus de 5 000 logements situ\u00e9s \u00e0 Nantes vont pouvoir b\u00e9n\u00e9ficier du thermostat connect\u00e9 gratuit de Voltalis.","breadcrumb":{"@id":"https:\/\/group.voltalis.com\/fr\/type-de-contenu\/communiques-de-presse\/thierry-immobilier-voltalis-7130#breadcrumb"},"inLanguage":"fr-FR","potentialAction":[{"@type":"ReadAction","target":["https:\/\/group.voltalis.com\/fr\/type-de-contenu\/communiques-de-presse\/thierry-immobilier-voltalis-7130"]}]},{"@type":"ImageObject","inLanguage":"fr-FR","@id":"https:\/\/group.voltalis.com\/fr\/type-de-contenu\/communiques-de-presse\/thierry-immobilier-voltalis-7130#primaryimage","url":"https:\/\/group.voltalis.com\/wp-content\/uploads\/2022\/10\/My-Voltalis-Ma-ConsoProgrammation-LR-3-1024x683.png","contentUrl":"https:\/\/group.voltalis.com\/wp-content\/uploads\/2022\/10\/My-Voltalis-Ma-ConsoProgrammation-LR-3-1024x683.png"},{"@type":"BreadcrumbList","@id":"https:\/\/group.voltalis.com\/fr\/type-de-contenu\/communiques-de-presse\/thierry-immobilier-voltalis-7130#breadcrumb","itemListElement":[{"@type":"ListItem","position":1,"name":"Home","item":"https:\/\/group.voltalis.com\/fr"},{"@type":"ListItem","position":2,"name":"Apr\u00e8s avoir \u00e9quip\u00e9 ses agences, THIERRY Immobilier d\u00e9ploie le thermostat connect\u00e9 Voltalis aupr\u00e8s des 5 000 logements g\u00e9r\u00e9s en syndic \u00e0 Nantes"}]},{"@type":"WebSite","@id":"https:\/\/group.voltalis.com\/en\/#website","url":"https:\/\/group.voltalis.com\/en\/","name":"Groupe Voltalis","description":"Bien plus que des \u00e9conomies d&#039;\u00e9nergie","potentialAction":[{"@type":"SearchAction","target":{"@type":"EntryPoint","urlTemplate":"https:\/\/group.voltalis.com\/en\/?s={search_term_string}"},"query-input":{"@type":"PropertyValueSpecification","valueRequired":true,"valueName":"search_term_string"}}],"inLanguage":"fr-FR"},{"@type":"Person","@id":"https:\/\/group.voltalis.com\/en\/#\/schema\/person\/cd75df70a442080ba333ff81754527b8","name":"admin","image":{"@type":"ImageObject","inLanguage":"fr-FR","@id":"https:\/\/secure.gravatar.com\/avatar\/d33819406c6fd656ae073a4bf8663fc5da17ca34c0a8d21882949b205ec67922?s=96&d=mm&r=g","url":"https:\/\/secure.gravatar.com\/avatar\/d33819406c6fd656ae073a4bf8663fc5da17ca34c0a8d21882949b205ec67922?s=96&d=mm&r=g","contentUrl":"https:\/\/secure.gravatar.com\/avatar\/d33819406c6fd656ae073a4bf8663fc5da17ca34c0a8d21882949b205ec67922?s=96&d=mm&r=g","caption":"admin"},"sameAs":["https:\/\/group.voltalis.com"],"url":"https:\/\/group.voltalis.com\/fr\/author\/admin"}]}},"_links":{"self":[{"href":"https:\/\/group.voltalis.com\/fr\/wp-json\/wp\/v2\/posts\/7130","targetHints":{"allow":["GET"]}}],"collection":[{"href":"https:\/\/group.voltalis.com\/fr\/wp-json\/wp\/v2\/posts"}],"about":[{"href":"https:\/\/group.voltalis.com\/fr\/wp-json\/wp\/v2\/types\/post"}],"author":[{"embeddable":true,"href":"https:\/\/group.voltalis.com\/fr\/wp-json\/wp\/v2\/users\/1"}],"replies":[{"embeddable":true,"href":"https:\/\/group.voltalis.com\/fr\/wp-json\/wp\/v2\/comments?post=7130"}],"version-history":[{"count":1,"href":"https:\/\/group.voltalis.com\/fr\/wp-json\/wp\/v2\/posts\/7130\/revisions"}],"predecessor-version":[{"id":10328,"href":"https:\/\/group.voltalis.com\/fr\/wp-json\/wp\/v2\/posts\/7130\/revisions\/10328"}],"wp:attachment":[{"href":"https:\/\/group.voltalis.com\/fr\/wp-json\/wp\/v2\/media?parent=7130"}],"wp:term":[{"taxonomy":"category","embeddable":true,"href":"https:\/\/group.voltalis.com\/fr\/wp-json\/wp\/v2\/categories?post=7130"},{"taxonomy":"post_tag","embeddable":true,"href":"https:\/\/group.voltalis.com\/fr\/wp-json\/wp\/v2\/tags?post=7130"}],"curies":[{"name":"wp","href":"https:\/\/api.w.org\/{rel}","templated":true}]}}