{"id":7150,"date":"2023-10-10T10:25:00","date_gmt":"2023-10-10T08:25:00","guid":{"rendered":"https:\/\/group.voltalis.com\/?p=7150"},"modified":"2025-09-04T15:16:34","modified_gmt":"2025-09-04T13:16:34","slug":"sete-voltalis","status":"publish","type":"post","link":"https:\/\/group.voltalis.com\/fr\/type-de-contenu\/communiques-de-presse\/sete-voltalis-7150","title":{"rendered":"S\u00e8te Agglop\u00f4le M\u00e9diterran\u00e9e choisit Voltalis, la solution gratuite et \u00e9cocitoyenne pour aider ses habitants \u00e0 pr\u00e9parer l\u2019hiver en ma\u00eetrisant leur consommation de chauffage \u00e9lectrique"},"content":{"rendered":"\n<p class=\"has-text-align-center\"><strong><em>L\u2019op\u00e9ration avec Voltalis d\u00e9bute cette semaine dans la ville de S\u00e8te, avant de s\u2019\u00e9tendre aux 13 autres communes du territ<\/em><\/strong><em><strong>oire de S\u00e8te Agglop\u00f4le M\u00e9diterran\u00e9e<\/strong><\/em>.<\/p>\n\n\n\n<p><strong>S\u00e8te Agglop\u00f4le M\u00e9diterran\u00e9e se mobilise face \u00e0 la hausse g\u00e9n\u00e9ralis\u00e9e des prix de l\u2019\u00e9nergie et aide ses habitants \u00e0 r\u00e9duire leur consommation, tout en contribuant \u00e0 la s\u00e9curit\u00e9 du r\u00e9seau \u00e9lectrique. Le territoire a sign\u00e9 un partenariat avec Voltalis pour proposer \u00e0 ses habitants une solution totalement gratuite de pilotage intelligent de leur chauffage \u00e9lectrique.<\/strong><\/p>\n\n\n\n<p><strong>Fran\u00e7ois Commeinhes, Pr\u00e9sident de <a href=\"https:\/\/www.agglopole.fr\/\" target=\"_blank\" rel=\"noreferrer noopener nofollow\">S\u00e8te Agglop\u00f4le M\u00e9diterran\u00e9e<\/a> et maire de S\u00e8te, <\/strong>d\u00e9clare\u00a0: <em>\u00ab\u00a0Elabor\u00e9\u00a0en concertation avec les \u00e9lus et acteurs locaux du territoire et adopt\u00e9 en 2021, notre Plan Climat Air Energie Territorial, fixe des ambitions centrales pour une vie plus durable\u00a0: r\u00e9duire de 25 % les consommations d\u2019\u00e9nergie et de 34 % les \u00e9missions de gaz \u00e0 effet de serre d\u2019ici 2030. Voltalis fait partie des solutions qui vont aider nos concitoyens \u00e0 agir concr\u00e8tement pour cette transition environnementale\u00a0\u00bb.<\/em><\/p>\n\n\n\n<p>L\u2019Agglop\u00f4le propose ainsi \u00e0 ses habitants chauff\u00e9s au tout \u00e9lectrique d\u2019\u00eatre \u00e9quip\u00e9 gratuitement d\u2019un dispositif innovant de ma\u00eetrise et de r\u00e9duction de leur consommation \u00e9lectrique, et notamment de chauffage. Pr\u00e8s de 35 000 foyers et professionnels sont concern\u00e9s sur le territoire.<\/p>\n\n\n\n<h2 class=\"wp-block-heading\"><strong>Une solution gratuite, en faveur de l\u2019environnement et du pouvoir d\u2019achat<\/strong><\/h2>\n\n\n\n<p>La solution Voltalis r\u00e9pond parfaitement aux besoins de <a href=\"https:\/\/www.voltalis.com\/transition-energetique\/sobriete-efficacite-energetique-11023\" target=\"_blank\" rel=\"noreferrer noopener\">sobri\u00e9t\u00e9 \u00e9nerg\u00e9tique<\/a>, en combinant un potentiel d\u2019\u00e9conomies d\u2019\u00e9nergie de 15 % et jusqu\u2019\u00e0 70 % de baisse des \u00e9missions de CO2 pour les consommateurs.<br>Pour ce faire, Voltalis installe gratuitement un petit bo\u00eetier connect\u00e9 sur chacun des radiateurs du logement ou du local professionnel. Via MyVoltalis, son espace personnel en ligne, l\u2019adh\u00e9rent peut alors commander \u00e0 distance ses radiateurs en d\u00e9finissant une temp\u00e9rature pour chaque pi\u00e8ce ou programmer leur fonctionnement. Il b\u00e9n\u00e9ficie \u00e9galement d\u2019un suivi de ses consommations \u00e9lectriques par usages (chauffage, eau-chaude, gros \u00e9lectrom\u00e9nager, froid\u2026) permettant de mieux les ma\u00eetriser. Les adh\u00e9rents profitent \u00e9galement d\u2019alertes et de conseils pour d\u00e9penser moins et r\u00e9duire simplement leur impact.<\/p>\n\n\n<div class=\"wp-block-image\">\n<figure class=\"aligncenter size-full\"><img loading=\"lazy\" decoding=\"async\" width=\"992\" height=\"324\" src=\"https:\/\/group.voltalis.com\/wp-content\/uploads\/2022\/10\/image.png\" alt=\"Le dispositif Voltalis et son application de suivi et de pilotage du chauffage\" class=\"wp-image-6211\" srcset=\"https:\/\/group.voltalis.com\/wp-content\/uploads\/2022\/10\/image.png 992w, https:\/\/group.voltalis.com\/wp-content\/uploads\/2022\/10\/image-300x98.png 300w, https:\/\/group.voltalis.com\/wp-content\/uploads\/2022\/10\/image-768x251.png 768w\" sizes=\"auto, (max-width: 992px) 100vw, 992px\" \/><figcaption class=\"wp-element-caption\"><em>La solution Voltalis et son application de pilotage du chauffage \u00e9lectrique<\/em><\/figcaption><\/figure>\n<\/div>\n\n\n<p>Parall\u00e8lement, ce dispositif contribue activement \u00e0 la s\u00e9curit\u00e9 de l\u2019alimentation \u00e9lectrique des Fran\u00e7ais. En effet, en cas de forte demande, notamment lors de la p\u00e9riode hivernale, Voltalis a la possibilit\u00e9 de r\u00e9duire tr\u00e8s bri\u00e8vement la consommation des appareils connect\u00e9s aux bo\u00eetiers, et ce sans impact sur le confort des utilisateurs.<\/p>\n\n\n\n<p>Cette solution vertueuse, qui \u00e9quipe d\u00e9j\u00e0 plus de 200 000 foyers et professionnels, permet donc de r\u00e9duire la consommation nationale aux bons moments plut\u00f4t que d\u2019augmenter la production \u00e9lectrique en utilisant des centrales thermiques polluantes au gaz, au fioul ou au charbon et de limiter ainsi les risques d\u00e9lestage ou de black-out.<\/p>\n\n\n\n<p>Voltalis est en mesure de proposer sa solution gratuitement aux particuliers et professionnels car la soci\u00e9t\u00e9 est r\u00e9mun\u00e9r\u00e9e par RTE pour ses actions vertueuses sur le r\u00e9seau \u00e9lectrique.<\/p>\n\n\n\n<h2 class=\"wp-block-heading\"><strong>Comment en b\u00e9n\u00e9ficier ?<\/strong><\/h2>\n\n\n\n<p>Une campagne d\u2019information d\u00e9bute d\u00e8s cette semaine dans la ville de S\u00e8te. Des conseillers Voltalis viennent \u00e0 la rencontre des particuliers et des professionnels du territoire pour leur pr\u00e9senter la solution, r\u00e9pondre \u00e0 leurs questions et leur proposer un rendez-vous d&rsquo;installation. Un technicien agr\u00e9\u00e9 intervient ensuite pour installer le dispositif, en 2h30 en moyenne selon le nombre de radiateurs \u00e0 \u00e9quiper.<\/p>\n\n\n\n<p>Tous les habitants peuvent \u00e9galement solliciter l&rsquo;installation de ce dispositif en contactant Voltalis : appel gratuit au <strong>05 40 25 69 96 <\/strong>ou par mail<strong> : <a href=\"mailto:agglopole@voltalis.com\">agglopole@voltalis.com<\/a><\/strong><\/p>\n\n\n\n<p><\/p>\n\n\n\n<p><strong>Contacts presse :<\/strong><\/p>\n\n\n\n<ul class=\"wp-block-list\">\n<li>Voltalis : Anne-Laure DAULIER &#8211; Agence Shan &#8211; <a href=\"voltalis@shan.fr\">voltalis@shan.fr <\/a>&#8211; 06 28 59 50 38<\/li>\n<\/ul>\n\n\n\n<ul class=\"wp-block-list\">\n<li>S\u00e8te Agglop\u00f4le M\u00e9diterran\u00e9e : Emmanuel NOIROT &#8211; Service communication &#8211; <a href=\"mailto:e.noirot@agglopole.fr\">e.noirot@agglopole.fr<\/a> \u2013 04 67 46 48 07<\/li>\n<\/ul>\n\n\n\n<p><\/p>\n","protected":false},"excerpt":{"rendered":"<p>L\u2019op\u00e9ration avec Voltalis d\u00e9bute cette semaine dans la ville de S\u00e8te, avant de s\u2019\u00e9tendre aux 13 autres communes du territoire de S\u00e8te Agglop\u00f4le M\u00e9diterran\u00e9e. S\u00e8te Agglop\u00f4le M\u00e9diterran\u00e9e se mobilise face \u00e0 la hausse g\u00e9n\u00e9ralis\u00e9e des prix de l\u2019\u00e9nergie et aide ses habitants \u00e0 r\u00e9duire leur consommation, tout en contribuant \u00e0 la s\u00e9curit\u00e9 du r\u00e9seau \u00e9lectrique. [&hellip;]<\/p>\n","protected":false},"author":1,"featured_media":0,"comment_status":"open","ping_status":"closed","sticky":false,"template":"","format":"standard","meta":{"_acf_changed":false,"inline_featured_image":false,"footnotes":""},"categories":[199,3],"tags":[],"class_list":["post-7150","post","type-post","status-publish","format-standard","hentry","category-collectivites","category-communiques-de-presse"],"acf":[],"yoast_head":"<!-- This site is optimized with the Yoast SEO plugin v27.5 - https:\/\/yoast.com\/product\/yoast-seo-wordpress\/ -->\n<title>S\u00e8te Agglop\u00f4le M\u00e9diterran\u00e9e choisit la solution gratuite Voltalis<\/title>\n<meta name=\"description\" content=\"S\u00e8te Agglop\u00f4le M\u00e9diterran\u00e9e choisit Voltalis pour aider ses habitants \u00e0 ma\u00eetriser leur consommation de chauffage \u00e9lectrique.\" \/>\n<meta name=\"robots\" content=\"index, follow, max-snippet:-1, max-image-preview:large, max-video-preview:-1\" \/>\n<link rel=\"canonical\" href=\"https:\/\/group.voltalis.com\/fr\/type-de-contenu\/communiques-de-presse\/sete-voltalis-7150\" \/>\n<meta property=\"og:locale\" content=\"fr_FR\" \/>\n<meta property=\"og:type\" content=\"article\" \/>\n<meta property=\"og:title\" content=\"S\u00e8te Agglop\u00f4le M\u00e9diterran\u00e9e choisit la solution gratuite Voltalis\" \/>\n<meta property=\"og:description\" content=\"S\u00e8te Agglop\u00f4le M\u00e9diterran\u00e9e choisit Voltalis pour aider ses habitants \u00e0 ma\u00eetriser leur consommation de chauffage \u00e9lectrique.\" \/>\n<meta property=\"og:url\" content=\"https:\/\/group.voltalis.com\/fr\/type-de-contenu\/communiques-de-presse\/sete-voltalis-7150\" \/>\n<meta property=\"og:site_name\" content=\"Groupe Voltalis\" \/>\n<meta property=\"article:publisher\" content=\"https:\/\/www.facebook.com\/pages\/category\/Product-Service\/Voltalis-178720392179068\/\" \/>\n<meta property=\"article:published_time\" content=\"2023-10-10T08:25:00+00:00\" \/>\n<meta property=\"article:modified_time\" content=\"2025-09-04T13:16:34+00:00\" \/>\n<meta property=\"og:image\" content=\"https:\/\/group.voltalis.com\/wp-content\/uploads\/2022\/10\/image.png\" \/>\n\t<meta property=\"og:image:width\" content=\"992\" \/>\n\t<meta property=\"og:image:height\" content=\"324\" \/>\n\t<meta property=\"og:image:type\" content=\"image\/png\" \/>\n<meta name=\"author\" content=\"admin\" \/>\n<meta name=\"twitter:card\" content=\"summary_large_image\" \/>\n<meta name=\"twitter:label1\" content=\"\u00c9crit par\" \/>\n\t<meta name=\"twitter:data1\" content=\"admin\" \/>\n\t<meta name=\"twitter:label2\" content=\"Dur\u00e9e de lecture estim\u00e9e\" \/>\n\t<meta name=\"twitter:data2\" content=\"3 minutes\" \/>\n<script type=\"application\/ld+json\" class=\"yoast-schema-graph\">{\"@context\":\"https:\\\/\\\/schema.org\",\"@graph\":[{\"@type\":\"Article\",\"@id\":\"https:\\\/\\\/group.voltalis.com\\\/fr\\\/type-de-contenu\\\/communiques-de-presse\\\/sete-voltalis-7150#article\",\"isPartOf\":{\"@id\":\"https:\\\/\\\/group.voltalis.com\\\/fr\\\/type-de-contenu\\\/communiques-de-presse\\\/sete-voltalis-7150\"},\"author\":{\"name\":\"admin\",\"@id\":\"https:\\\/\\\/group.voltalis.com\\\/en\\\/#\\\/schema\\\/person\\\/cd75df70a442080ba333ff81754527b8\"},\"headline\":\"S\u00e8te Agglop\u00f4le M\u00e9diterran\u00e9e choisit Voltalis, la solution gratuite et \u00e9cocitoyenne pour aider ses habitants \u00e0 pr\u00e9parer l\u2019hiver en ma\u00eetrisant leur consommation de chauffage \u00e9lectrique\",\"datePublished\":\"2023-10-10T08:25:00+00:00\",\"dateModified\":\"2025-09-04T13:16:34+00:00\",\"mainEntityOfPage\":{\"@id\":\"https:\\\/\\\/group.voltalis.com\\\/fr\\\/type-de-contenu\\\/communiques-de-presse\\\/sete-voltalis-7150\"},\"wordCount\":678,\"commentCount\":0,\"image\":{\"@id\":\"https:\\\/\\\/group.voltalis.com\\\/fr\\\/type-de-contenu\\\/communiques-de-presse\\\/sete-voltalis-7150#primaryimage\"},\"thumbnailUrl\":\"https:\\\/\\\/group.voltalis.com\\\/wp-content\\\/uploads\\\/2022\\\/10\\\/image.png\",\"articleSection\":[\"Collectivit\u00e9s\",\"Communiqu\u00e9s\"],\"inLanguage\":\"fr-FR\"},{\"@type\":\"WebPage\",\"@id\":\"https:\\\/\\\/group.voltalis.com\\\/fr\\\/type-de-contenu\\\/communiques-de-presse\\\/sete-voltalis-7150\",\"url\":\"https:\\\/\\\/group.voltalis.com\\\/fr\\\/type-de-contenu\\\/communiques-de-presse\\\/sete-voltalis-7150\",\"name\":\"S\u00e8te Agglop\u00f4le M\u00e9diterran\u00e9e choisit la solution gratuite Voltalis\",\"isPartOf\":{\"@id\":\"https:\\\/\\\/group.voltalis.com\\\/en\\\/#website\"},\"primaryImageOfPage\":{\"@id\":\"https:\\\/\\\/group.voltalis.com\\\/fr\\\/type-de-contenu\\\/communiques-de-presse\\\/sete-voltalis-7150#primaryimage\"},\"image\":{\"@id\":\"https:\\\/\\\/group.voltalis.com\\\/fr\\\/type-de-contenu\\\/communiques-de-presse\\\/sete-voltalis-7150#primaryimage\"},\"thumbnailUrl\":\"https:\\\/\\\/group.voltalis.com\\\/wp-content\\\/uploads\\\/2022\\\/10\\\/image.png\",\"datePublished\":\"2023-10-10T08:25:00+00:00\",\"dateModified\":\"2025-09-04T13:16:34+00:00\",\"author\":{\"@id\":\"https:\\\/\\\/group.voltalis.com\\\/en\\\/#\\\/schema\\\/person\\\/cd75df70a442080ba333ff81754527b8\"},\"description\":\"S\u00e8te Agglop\u00f4le M\u00e9diterran\u00e9e choisit Voltalis pour aider ses habitants \u00e0 ma\u00eetriser leur consommation de chauffage \u00e9lectrique.\",\"breadcrumb\":{\"@id\":\"https:\\\/\\\/group.voltalis.com\\\/fr\\\/type-de-contenu\\\/communiques-de-presse\\\/sete-voltalis-7150#breadcrumb\"},\"inLanguage\":\"fr-FR\",\"potentialAction\":[{\"@type\":\"ReadAction\",\"target\":[\"https:\\\/\\\/group.voltalis.com\\\/fr\\\/type-de-contenu\\\/communiques-de-presse\\\/sete-voltalis-7150\"]}]},{\"@type\":\"ImageObject\",\"inLanguage\":\"fr-FR\",\"@id\":\"https:\\\/\\\/group.voltalis.com\\\/fr\\\/type-de-contenu\\\/communiques-de-presse\\\/sete-voltalis-7150#primaryimage\",\"url\":\"https:\\\/\\\/group.voltalis.com\\\/wp-content\\\/uploads\\\/2022\\\/10\\\/image.png\",\"contentUrl\":\"https:\\\/\\\/group.voltalis.com\\\/wp-content\\\/uploads\\\/2022\\\/10\\\/image.png\"},{\"@type\":\"BreadcrumbList\",\"@id\":\"https:\\\/\\\/group.voltalis.com\\\/fr\\\/type-de-contenu\\\/communiques-de-presse\\\/sete-voltalis-7150#breadcrumb\",\"itemListElement\":[{\"@type\":\"ListItem\",\"position\":1,\"name\":\"Home\",\"item\":\"https:\\\/\\\/group.voltalis.com\\\/fr\"},{\"@type\":\"ListItem\",\"position\":2,\"name\":\"S\u00e8te Agglop\u00f4le M\u00e9diterran\u00e9e choisit Voltalis, la solution gratuite et \u00e9cocitoyenne pour aider ses habitants \u00e0 pr\u00e9parer l\u2019hiver en ma\u00eetrisant leur consommation de chauffage \u00e9lectrique\"}]},{\"@type\":\"WebSite\",\"@id\":\"https:\\\/\\\/group.voltalis.com\\\/en\\\/#website\",\"url\":\"https:\\\/\\\/group.voltalis.com\\\/en\\\/\",\"name\":\"Groupe Voltalis\",\"description\":\"Bien plus que des \u00e9conomies d&#039;\u00e9nergie\",\"potentialAction\":[{\"@type\":\"SearchAction\",\"target\":{\"@type\":\"EntryPoint\",\"urlTemplate\":\"https:\\\/\\\/group.voltalis.com\\\/en\\\/?s={search_term_string}\"},\"query-input\":{\"@type\":\"PropertyValueSpecification\",\"valueRequired\":true,\"valueName\":\"search_term_string\"}}],\"inLanguage\":\"fr-FR\"},{\"@type\":\"Person\",\"@id\":\"https:\\\/\\\/group.voltalis.com\\\/en\\\/#\\\/schema\\\/person\\\/cd75df70a442080ba333ff81754527b8\",\"name\":\"admin\",\"image\":{\"@type\":\"ImageObject\",\"inLanguage\":\"fr-FR\",\"@id\":\"https:\\\/\\\/secure.gravatar.com\\\/avatar\\\/d33819406c6fd656ae073a4bf8663fc5da17ca34c0a8d21882949b205ec67922?s=96&d=mm&r=g\",\"url\":\"https:\\\/\\\/secure.gravatar.com\\\/avatar\\\/d33819406c6fd656ae073a4bf8663fc5da17ca34c0a8d21882949b205ec67922?s=96&d=mm&r=g\",\"contentUrl\":\"https:\\\/\\\/secure.gravatar.com\\\/avatar\\\/d33819406c6fd656ae073a4bf8663fc5da17ca34c0a8d21882949b205ec67922?s=96&d=mm&r=g\",\"caption\":\"admin\"},\"sameAs\":[\"https:\\\/\\\/group.voltalis.com\"],\"url\":\"https:\\\/\\\/group.voltalis.com\\\/fr\\\/author\\\/admin\"}]}<\/script>\n<!-- \/ Yoast SEO plugin. -->","yoast_head_json":{"title":"S\u00e8te Agglop\u00f4le M\u00e9diterran\u00e9e choisit la solution gratuite Voltalis","description":"S\u00e8te Agglop\u00f4le M\u00e9diterran\u00e9e choisit Voltalis pour aider ses habitants \u00e0 ma\u00eetriser leur consommation de chauffage \u00e9lectrique.","robots":{"index":"index","follow":"follow","max-snippet":"max-snippet:-1","max-image-preview":"max-image-preview:large","max-video-preview":"max-video-preview:-1"},"canonical":"https:\/\/group.voltalis.com\/fr\/type-de-contenu\/communiques-de-presse\/sete-voltalis-7150","og_locale":"fr_FR","og_type":"article","og_title":"S\u00e8te Agglop\u00f4le M\u00e9diterran\u00e9e choisit la solution gratuite Voltalis","og_description":"S\u00e8te Agglop\u00f4le M\u00e9diterran\u00e9e choisit Voltalis pour aider ses habitants \u00e0 ma\u00eetriser leur consommation de chauffage \u00e9lectrique.","og_url":"https:\/\/group.voltalis.com\/fr\/type-de-contenu\/communiques-de-presse\/sete-voltalis-7150","og_site_name":"Groupe Voltalis","article_publisher":"https:\/\/www.facebook.com\/pages\/category\/Product-Service\/Voltalis-178720392179068\/","article_published_time":"2023-10-10T08:25:00+00:00","article_modified_time":"2025-09-04T13:16:34+00:00","og_image":[{"width":992,"height":324,"url":"https:\/\/group.voltalis.com\/wp-content\/uploads\/2022\/10\/image.png","type":"image\/png"}],"author":"admin","twitter_card":"summary_large_image","twitter_misc":{"\u00c9crit par":"admin","Dur\u00e9e de lecture estim\u00e9e":"3 minutes"},"schema":{"@context":"https:\/\/schema.org","@graph":[{"@type":"Article","@id":"https:\/\/group.voltalis.com\/fr\/type-de-contenu\/communiques-de-presse\/sete-voltalis-7150#article","isPartOf":{"@id":"https:\/\/group.voltalis.com\/fr\/type-de-contenu\/communiques-de-presse\/sete-voltalis-7150"},"author":{"name":"admin","@id":"https:\/\/group.voltalis.com\/en\/#\/schema\/person\/cd75df70a442080ba333ff81754527b8"},"headline":"S\u00e8te Agglop\u00f4le M\u00e9diterran\u00e9e choisit Voltalis, la solution gratuite et \u00e9cocitoyenne pour aider ses habitants \u00e0 pr\u00e9parer l\u2019hiver en ma\u00eetrisant leur consommation de chauffage \u00e9lectrique","datePublished":"2023-10-10T08:25:00+00:00","dateModified":"2025-09-04T13:16:34+00:00","mainEntityOfPage":{"@id":"https:\/\/group.voltalis.com\/fr\/type-de-contenu\/communiques-de-presse\/sete-voltalis-7150"},"wordCount":678,"commentCount":0,"image":{"@id":"https:\/\/group.voltalis.com\/fr\/type-de-contenu\/communiques-de-presse\/sete-voltalis-7150#primaryimage"},"thumbnailUrl":"https:\/\/group.voltalis.com\/wp-content\/uploads\/2022\/10\/image.png","articleSection":["Collectivit\u00e9s","Communiqu\u00e9s"],"inLanguage":"fr-FR"},{"@type":"WebPage","@id":"https:\/\/group.voltalis.com\/fr\/type-de-contenu\/communiques-de-presse\/sete-voltalis-7150","url":"https:\/\/group.voltalis.com\/fr\/type-de-contenu\/communiques-de-presse\/sete-voltalis-7150","name":"S\u00e8te Agglop\u00f4le M\u00e9diterran\u00e9e choisit la solution gratuite Voltalis","isPartOf":{"@id":"https:\/\/group.voltalis.com\/en\/#website"},"primaryImageOfPage":{"@id":"https:\/\/group.voltalis.com\/fr\/type-de-contenu\/communiques-de-presse\/sete-voltalis-7150#primaryimage"},"image":{"@id":"https:\/\/group.voltalis.com\/fr\/type-de-contenu\/communiques-de-presse\/sete-voltalis-7150#primaryimage"},"thumbnailUrl":"https:\/\/group.voltalis.com\/wp-content\/uploads\/2022\/10\/image.png","datePublished":"2023-10-10T08:25:00+00:00","dateModified":"2025-09-04T13:16:34+00:00","author":{"@id":"https:\/\/group.voltalis.com\/en\/#\/schema\/person\/cd75df70a442080ba333ff81754527b8"},"description":"S\u00e8te Agglop\u00f4le M\u00e9diterran\u00e9e choisit Voltalis pour aider ses habitants \u00e0 ma\u00eetriser leur consommation de chauffage \u00e9lectrique.","breadcrumb":{"@id":"https:\/\/group.voltalis.com\/fr\/type-de-contenu\/communiques-de-presse\/sete-voltalis-7150#breadcrumb"},"inLanguage":"fr-FR","potentialAction":[{"@type":"ReadAction","target":["https:\/\/group.voltalis.com\/fr\/type-de-contenu\/communiques-de-presse\/sete-voltalis-7150"]}]},{"@type":"ImageObject","inLanguage":"fr-FR","@id":"https:\/\/group.voltalis.com\/fr\/type-de-contenu\/communiques-de-presse\/sete-voltalis-7150#primaryimage","url":"https:\/\/group.voltalis.com\/wp-content\/uploads\/2022\/10\/image.png","contentUrl":"https:\/\/group.voltalis.com\/wp-content\/uploads\/2022\/10\/image.png"},{"@type":"BreadcrumbList","@id":"https:\/\/group.voltalis.com\/fr\/type-de-contenu\/communiques-de-presse\/sete-voltalis-7150#breadcrumb","itemListElement":[{"@type":"ListItem","position":1,"name":"Home","item":"https:\/\/group.voltalis.com\/fr"},{"@type":"ListItem","position":2,"name":"S\u00e8te Agglop\u00f4le M\u00e9diterran\u00e9e choisit Voltalis, la solution gratuite et \u00e9cocitoyenne pour aider ses habitants \u00e0 pr\u00e9parer l\u2019hiver en ma\u00eetrisant leur consommation de chauffage \u00e9lectrique"}]},{"@type":"WebSite","@id":"https:\/\/group.voltalis.com\/en\/#website","url":"https:\/\/group.voltalis.com\/en\/","name":"Groupe Voltalis","description":"Bien plus que des \u00e9conomies d&#039;\u00e9nergie","potentialAction":[{"@type":"SearchAction","target":{"@type":"EntryPoint","urlTemplate":"https:\/\/group.voltalis.com\/en\/?s={search_term_string}"},"query-input":{"@type":"PropertyValueSpecification","valueRequired":true,"valueName":"search_term_string"}}],"inLanguage":"fr-FR"},{"@type":"Person","@id":"https:\/\/group.voltalis.com\/en\/#\/schema\/person\/cd75df70a442080ba333ff81754527b8","name":"admin","image":{"@type":"ImageObject","inLanguage":"fr-FR","@id":"https:\/\/secure.gravatar.com\/avatar\/d33819406c6fd656ae073a4bf8663fc5da17ca34c0a8d21882949b205ec67922?s=96&d=mm&r=g","url":"https:\/\/secure.gravatar.com\/avatar\/d33819406c6fd656ae073a4bf8663fc5da17ca34c0a8d21882949b205ec67922?s=96&d=mm&r=g","contentUrl":"https:\/\/secure.gravatar.com\/avatar\/d33819406c6fd656ae073a4bf8663fc5da17ca34c0a8d21882949b205ec67922?s=96&d=mm&r=g","caption":"admin"},"sameAs":["https:\/\/group.voltalis.com"],"url":"https:\/\/group.voltalis.com\/fr\/author\/admin"}]}},"_links":{"self":[{"href":"https:\/\/group.voltalis.com\/fr\/wp-json\/wp\/v2\/posts\/7150","targetHints":{"allow":["GET"]}}],"collection":[{"href":"https:\/\/group.voltalis.com\/fr\/wp-json\/wp\/v2\/posts"}],"about":[{"href":"https:\/\/group.voltalis.com\/fr\/wp-json\/wp\/v2\/types\/post"}],"author":[{"embeddable":true,"href":"https:\/\/group.voltalis.com\/fr\/wp-json\/wp\/v2\/users\/1"}],"replies":[{"embeddable":true,"href":"https:\/\/group.voltalis.com\/fr\/wp-json\/wp\/v2\/comments?post=7150"}],"version-history":[{"count":1,"href":"https:\/\/group.voltalis.com\/fr\/wp-json\/wp\/v2\/posts\/7150\/revisions"}],"predecessor-version":[{"id":10375,"href":"https:\/\/group.voltalis.com\/fr\/wp-json\/wp\/v2\/posts\/7150\/revisions\/10375"}],"wp:attachment":[{"href":"https:\/\/group.voltalis.com\/fr\/wp-json\/wp\/v2\/media?parent=7150"}],"wp:term":[{"taxonomy":"category","embeddable":true,"href":"https:\/\/group.voltalis.com\/fr\/wp-json\/wp\/v2\/categories?post=7150"},{"taxonomy":"post_tag","embeddable":true,"href":"https:\/\/group.voltalis.com\/fr\/wp-json\/wp\/v2\/tags?post=7150"}],"curies":[{"name":"wp","href":"https:\/\/api.w.org\/{rel}","templated":true}]}}