{"id":7189,"date":"2023-11-06T10:59:28","date_gmt":"2023-11-06T09:59:28","guid":{"rendered":"https:\/\/group.voltalis.com\/?p=7189"},"modified":"2025-09-05T10:04:23","modified_gmt":"2025-09-05T08:04:23","slug":"lisieux-voltalis","status":"publish","type":"post","link":"https:\/\/group.voltalis.com\/fr\/type-de-contenu\/communiques-de-presse\/lisieux-voltalis-7189","title":{"rendered":"La Communaut\u00e9 d\u2019Agglom\u00e9ration Lisieux Normandie choisit le dispositif Voltalis pour permettre \u00e0 ses habitants de r\u00e9aliser des \u00e9conomies d\u2019\u00e9nergie solidaires et responsables"},"content":{"rendered":"\n<p>Face \u00e0 la hausse g\u00e9n\u00e9ralis\u00e9e des prix de l\u2019\u00e9nergie, la Communaut\u00e9 d\u2019Agglom\u00e9ration Lisieux Normandie souhaite aider ses habitants \u00e0 r\u00e9duire leur consommation d\u2019\u00e9nergie, tout en contribuant \u00e0 la s\u00e9curit\u00e9 du r\u00e9seau \u00e9lectrique. Dans ce cadre, la communaut\u00e9 d\u2019Agglom\u00e9ration a sign\u00e9 un partenariat avec la soci\u00e9t\u00e9 Voltalis pour proposer \u00e0 tous les habitants de son territoire chauff\u00e9s \u00e9lectriquement d\u2019\u00eatre \u00e9quip\u00e9s gratuitement d\u2019un thermostat connect\u00e9 pour consommer moins et am\u00e9liorer son confort.<\/p>\n\n\n\n<p>La Communaut\u00e9 d\u2019Agglom\u00e9ration Lisieux Normandie a \u00e9labor\u00e9 son Plan Climat Air Energie Territorial (PCAET) destin\u00e9 \u00e0 mettre en \u0153uvre des actions concr\u00e8tes pour r\u00e9duire les consommations \u00e9nerg\u00e9tiques, les \u00e9missions de dioxyde de carbone (CO<sub>2<\/sub>) et favoriser le d\u00e9veloppement des \u00e9nergies renouvelables.<\/p>\n\n\n\n<p>Dans ce contexte, elle a choisi de soutenir l\u2019initiative de la soci\u00e9t\u00e9 Voltalis qui propose aux habitants du territoire de pouvoir r\u00e9aliser des \u00e9conomies d\u2019\u00e9nergie gr\u00e2ce \u00e0 un thermostat connect\u00e9 innovant. Pr\u00e8s de 10 000 foyers et professionnels sont concern\u00e9s sur le territoire de l\u2019Agglom\u00e9ration Lisieux Normandie.<\/p>\n\n\n\n<p><strong>En quoi consiste ce dispositif ?<\/strong><\/p>\n\n\n\n<p>Les radiateurs \u00e9lectriques sont \u00e9quip\u00e9s d\u2019un petit bo\u00eetier connect\u00e9 qui les rend intelligents et programmables, pour une r\u00e9gulation plus efficace du chauffage et des \u00e9conomies \u00e0 la cl\u00e9.<\/p>\n\n\n\n<p>Par ailleurs, ce dispositif contribue \u00e0 la s\u00e9curit\u00e9 de l\u2019alimentation \u00e9lectrique de tous les Fran\u00e7ais et \u00e0 la r\u00e9duction des \u00e9missions de CO<sub>2<\/sub>. En effet, lorsque le syst\u00e8me \u00e9lectrique en a besoin, notamment lors des pics de consommation hivernaux, le dispositif Voltalis peut moduler la consommation des appareils de chauffage \u00e9quip\u00e9s, tout en pr\u00e9servant le confort des occupants.<\/p>\n\n\n\n<p>R\u00e9alis\u00e9es simultan\u00e9ment sur des centaines de milliers de logements, ces actions stabilisent le r\u00e9seau \u00e9lectrique aux bons moments, ce qui r\u00e9duit les risques de <em>blackout<\/em> *et \u00e9vite de lancer des centrales thermiques au gaz, au fioul ou au charbon fortement \u00e9mettrices de gaz \u00e0 effet de serre.<\/p>\n\n\n\n<p><strong>Quels sont ses avantages ?<\/strong><\/p>\n\n\n\n<ul class=\"wp-block-list\">\n<li><strong>Jusqu\u2019\u00e0 15% d\u2019\u00e9conomies d\u2019\u00e9nergie par an<\/strong>, sans changer de radiateurs, ni de fournisseur d\u2019\u00e9lectricit\u00e9,<\/li>\n\n\n\n<li><strong>Un espace personnel intuitif pour suivre la consommation \u00e9lectrique du foyer et programmer le chauffage<\/strong><strong> <\/strong>selon les besoins de ses occupants,<\/li>\n\n\n\n<li><strong>Une contribution active \u00e0 la s\u00e9curit\u00e9 du r\u00e9seau \u00e9lectrique et \u00e0 la r\u00e9duction des \u00e9missions de CO<sub>2<\/sub> <\/strong>(jusqu\u2019\u00e0 70% en moins),<\/li>\n\n\n\n<li><strong>Un dispositif gratuit, sans frais d\u2019installation, ni abonnement.<\/strong><\/li>\n<\/ul>\n\n\n\n<p><strong>\u00c0 qui est destin\u00e9e cette solution et comment en b\u00e9n\u00e9ficier&nbsp;? Tous les habitants du territoire chauff\u00e9s \u00e9lectriquement, propri\u00e9taires comme locataires<\/strong>, peuvent b\u00e9n\u00e9ficier de ce bo\u00eetier innovant. Pour cela, en coordination avec la <a href=\"https:\/\/lisieux-normandie.fr\/\" target=\"_blank\" rel=\"noreferrer noopener nofollow\">Communaut\u00e9 d\u2019Agglom\u00e9ration Lisieux Normandie<\/a>, Voltalis a r\u00e9serv\u00e9 des bo\u00eetiers et d\u00e9di\u00e9 une \u00e9quipe d\u2019installateurs \u00e0 notre territoire.<strong> L\u2019installation est r\u00e9alis\u00e9e par un technicien agr\u00e9\u00e9<\/strong>, g\u00e9n\u00e9ralement local. Elle dure environ 2 heures 30 pour un logement standard.<\/p>\n\n\n\n<p><strong>Des conseillers Voltalis viendront prochainement \u00e0 la rencontre des habitants pour r\u00e9pondre \u00e0 leurs questions<\/strong><strong> <\/strong>et leur proposer un rendez-vous d\u2019installation de cette solution \u00e9cologique et solidaire.<\/p>\n\n\n\n<p>Via son espace personnel en ligne (<a href=\"https:\/\/www.voltalis.com\/myvoltalis-lapplication-de-suivi-de-consommation-electrique\" target=\"_blank\" rel=\"noreferrer noopener\">MyVoltalis<\/a>), l\u2019adh\u00e9rent peut commander \u00e0 distance ses radiateurs et programmer le fonctionnement du chauffage en d\u00e9finissant une temp\u00e9rature pour chaque pi\u00e8ce. Il b\u00e9n\u00e9ficie \u00e9galement d\u2019un suivi de ses consommations \u00e9lectriques (chauffage, eau-chaude, gros \u00e9lectrom\u00e9nager, froid\u2026) pour mieux les ma\u00eetriser. Les adh\u00e9rents profitent \u00e9galement d\u2019alertes et de conseils pour d\u00e9penser moins et r\u00e9duire simplement leur impact. Par ailleurs, ce dispositif contribue activement \u00e0 la d\u00e9carbonation et \u00e0 la s\u00e9curit\u00e9 de l\u2019alimentation \u00e9lectrique de tous les Fran\u00e7ais.<\/p>\n\n\n<div class=\"wp-block-image\">\n<figure class=\"aligncenter size-large is-resized\"><img loading=\"lazy\" decoding=\"async\" width=\"1024\" height=\"683\" src=\"https:\/\/group.voltalis.com\/wp-content\/uploads\/2022\/10\/My-Voltalis-Ma-ConsoProgrammation-LR-3-1024x683.png\" alt=\"L'application MyVoltalis de pilotage du chauffage \u00e9lectrique et de suivi de consommation\" class=\"wp-image-6230\" style=\"aspect-ratio:1.499267935578331;width:425px;height:auto\" srcset=\"https:\/\/group.voltalis.com\/wp-content\/uploads\/2022\/10\/My-Voltalis-Ma-ConsoProgrammation-LR-3-1024x683.png 1024w, https:\/\/group.voltalis.com\/wp-content\/uploads\/2022\/10\/My-Voltalis-Ma-ConsoProgrammation-LR-3-300x200.png 300w, https:\/\/group.voltalis.com\/wp-content\/uploads\/2022\/10\/My-Voltalis-Ma-ConsoProgrammation-LR-3-768x512.png 768w, https:\/\/group.voltalis.com\/wp-content\/uploads\/2022\/10\/My-Voltalis-Ma-ConsoProgrammation-LR-3.png 1500w\" sizes=\"auto, (max-width: 1024px) 100vw, 1024px\" \/><figcaption class=\"wp-element-caption\"><em>L&rsquo;application MyVoltalis de pilotage du chauffage \u00e9lectrique<\/em><\/figcaption><\/figure>\n<\/div>\n\n\n<p>En effet, en cas de forte demande, notamment lors de la p\u00e9riode hivernale, Voltalis a la possibilit\u00e9 de r\u00e9duire tr\u00e8s bri\u00e8vement la consommation des appareils connect\u00e9s aux bo\u00eetiers, et ce, sans impact <strong>sur le confort des utilisateurs<\/strong>, au moment o\u00f9 le r\u00e9seau risque un d\u00e9lestage ou un black-out. Cette solution vertueuse permet de r\u00e9duire la consommation nationale aux bons moments plut\u00f4t que d\u2019augmenter la production \u00e9lectrique, traditionnellement assur\u00e9e par des centrales thermiques polluantes au gaz, au fioul ou au charbon.<\/p>\n\n\n\n<p>Tous les habitants peuvent \u00e9galement solliciter directement l&rsquo;installation de ce dispositif en contactant Voltalis&nbsp;: au <strong>02 44 19 84 62<\/strong> ou par mail&nbsp;: <a href=\"mailto:lisieux-normandie@voltalis.com\" target=\"_blank\" rel=\"noreferrer noopener\">lisieux-normandie@voltalis.com<\/a><\/p>\n\n\n\n<p><\/p>\n\n\n\n<p><strong><a href=\"https:\/\/group.voltalis.com\/wp-content\/uploads\/2023\/11\/CP-Lisieux-x-Voltalis-06112023.pdf\">T\u00e9l\u00e9charger le communiqu\u00e9 de presse Lisieux X Voltalis<\/a><\/strong><\/p>\n","protected":false},"excerpt":{"rendered":"<p>Face \u00e0 la hausse g\u00e9n\u00e9ralis\u00e9e des prix de l\u2019\u00e9nergie, la Communaut\u00e9 d\u2019Agglom\u00e9ration Lisieux Normandie souhaite aider ses habitants \u00e0 r\u00e9duire leur consommation d\u2019\u00e9nergie, tout en contribuant \u00e0 la s\u00e9curit\u00e9 du r\u00e9seau \u00e9lectrique. Dans ce cadre, la communaut\u00e9 d\u2019Agglom\u00e9ration a sign\u00e9 un partenariat avec la soci\u00e9t\u00e9 Voltalis pour proposer \u00e0 tous les habitants de son territoire [&hellip;]<\/p>\n","protected":false},"author":1,"featured_media":0,"comment_status":"open","ping_status":"closed","sticky":false,"template":"","format":"standard","meta":{"_acf_changed":false,"inline_featured_image":false,"footnotes":""},"categories":[199,3],"tags":[],"class_list":["post-7189","post","type-post","status-publish","format-standard","hentry","category-collectivites","category-communiques-de-presse"],"acf":[],"yoast_head":"<!-- This site is optimized with the Yoast SEO plugin v27.5 - https:\/\/yoast.com\/product\/yoast-seo-wordpress\/ -->\n<title>Lisieux Normandie Agglom\u00e9ration choisit le dispositif Voltalis<\/title>\n<meta name=\"description\" content=\"Pour permettre \u00e0 ses habitants de r\u00e9aliser des \u00e9conomies de chauffage durables, Lisieux Normandie choisit la solution gratuite Voltalis.\" \/>\n<meta name=\"robots\" content=\"index, follow, max-snippet:-1, max-image-preview:large, max-video-preview:-1\" \/>\n<link rel=\"canonical\" href=\"https:\/\/group.voltalis.com\/fr\/type-de-contenu\/communiques-de-presse\/lisieux-voltalis-7189\" \/>\n<meta property=\"og:locale\" content=\"fr_FR\" \/>\n<meta property=\"og:type\" content=\"article\" \/>\n<meta property=\"og:title\" content=\"Lisieux Normandie Agglom\u00e9ration choisit le dispositif Voltalis\" \/>\n<meta property=\"og:description\" content=\"Pour permettre \u00e0 ses habitants de r\u00e9aliser des \u00e9conomies de chauffage durables, Lisieux Normandie choisit la solution gratuite Voltalis.\" \/>\n<meta property=\"og:url\" content=\"https:\/\/group.voltalis.com\/fr\/type-de-contenu\/communiques-de-presse\/lisieux-voltalis-7189\" \/>\n<meta property=\"og:site_name\" content=\"Groupe Voltalis\" \/>\n<meta property=\"article:publisher\" content=\"https:\/\/www.facebook.com\/pages\/category\/Product-Service\/Voltalis-178720392179068\/\" \/>\n<meta property=\"article:published_time\" content=\"2023-11-06T09:59:28+00:00\" \/>\n<meta property=\"article:modified_time\" content=\"2025-09-05T08:04:23+00:00\" \/>\n<meta property=\"og:image\" content=\"https:\/\/group.voltalis.com\/wp-content\/uploads\/2022\/10\/My-Voltalis-Ma-ConsoProgrammation-LR-3.png\" \/>\n\t<meta property=\"og:image:width\" content=\"1500\" \/>\n\t<meta property=\"og:image:height\" content=\"1000\" \/>\n\t<meta property=\"og:image:type\" content=\"image\/png\" \/>\n<meta name=\"author\" content=\"admin\" \/>\n<meta name=\"twitter:card\" content=\"summary_large_image\" \/>\n<meta name=\"twitter:label1\" content=\"\u00c9crit par\" \/>\n\t<meta name=\"twitter:data1\" content=\"admin\" \/>\n\t<meta name=\"twitter:label2\" content=\"Dur\u00e9e de lecture estim\u00e9e\" \/>\n\t<meta name=\"twitter:data2\" content=\"4 minutes\" \/>\n<script type=\"application\/ld+json\" class=\"yoast-schema-graph\">{\"@context\":\"https:\\\/\\\/schema.org\",\"@graph\":[{\"@type\":\"Article\",\"@id\":\"https:\\\/\\\/group.voltalis.com\\\/fr\\\/type-de-contenu\\\/communiques-de-presse\\\/lisieux-voltalis-7189#article\",\"isPartOf\":{\"@id\":\"https:\\\/\\\/group.voltalis.com\\\/fr\\\/type-de-contenu\\\/communiques-de-presse\\\/lisieux-voltalis-7189\"},\"author\":{\"name\":\"admin\",\"@id\":\"https:\\\/\\\/group.voltalis.com\\\/en\\\/#\\\/schema\\\/person\\\/cd75df70a442080ba333ff81754527b8\"},\"headline\":\"La Communaut\u00e9 d\u2019Agglom\u00e9ration Lisieux Normandie choisit le dispositif Voltalis pour permettre \u00e0 ses habitants de r\u00e9aliser des \u00e9conomies d\u2019\u00e9nergie solidaires et responsables\",\"datePublished\":\"2023-11-06T09:59:28+00:00\",\"dateModified\":\"2025-09-05T08:04:23+00:00\",\"mainEntityOfPage\":{\"@id\":\"https:\\\/\\\/group.voltalis.com\\\/fr\\\/type-de-contenu\\\/communiques-de-presse\\\/lisieux-voltalis-7189\"},\"wordCount\":768,\"commentCount\":0,\"image\":{\"@id\":\"https:\\\/\\\/group.voltalis.com\\\/fr\\\/type-de-contenu\\\/communiques-de-presse\\\/lisieux-voltalis-7189#primaryimage\"},\"thumbnailUrl\":\"https:\\\/\\\/group.voltalis.com\\\/wp-content\\\/uploads\\\/2022\\\/10\\\/My-Voltalis-Ma-ConsoProgrammation-LR-3-1024x683.png\",\"articleSection\":[\"Collectivit\u00e9s\",\"Communiqu\u00e9s\"],\"inLanguage\":\"fr-FR\"},{\"@type\":\"WebPage\",\"@id\":\"https:\\\/\\\/group.voltalis.com\\\/fr\\\/type-de-contenu\\\/communiques-de-presse\\\/lisieux-voltalis-7189\",\"url\":\"https:\\\/\\\/group.voltalis.com\\\/fr\\\/type-de-contenu\\\/communiques-de-presse\\\/lisieux-voltalis-7189\",\"name\":\"Lisieux Normandie Agglom\u00e9ration choisit le dispositif Voltalis\",\"isPartOf\":{\"@id\":\"https:\\\/\\\/group.voltalis.com\\\/en\\\/#website\"},\"primaryImageOfPage\":{\"@id\":\"https:\\\/\\\/group.voltalis.com\\\/fr\\\/type-de-contenu\\\/communiques-de-presse\\\/lisieux-voltalis-7189#primaryimage\"},\"image\":{\"@id\":\"https:\\\/\\\/group.voltalis.com\\\/fr\\\/type-de-contenu\\\/communiques-de-presse\\\/lisieux-voltalis-7189#primaryimage\"},\"thumbnailUrl\":\"https:\\\/\\\/group.voltalis.com\\\/wp-content\\\/uploads\\\/2022\\\/10\\\/My-Voltalis-Ma-ConsoProgrammation-LR-3-1024x683.png\",\"datePublished\":\"2023-11-06T09:59:28+00:00\",\"dateModified\":\"2025-09-05T08:04:23+00:00\",\"author\":{\"@id\":\"https:\\\/\\\/group.voltalis.com\\\/en\\\/#\\\/schema\\\/person\\\/cd75df70a442080ba333ff81754527b8\"},\"description\":\"Pour permettre \u00e0 ses habitants de r\u00e9aliser des \u00e9conomies de chauffage durables, Lisieux Normandie choisit la solution gratuite Voltalis.\",\"breadcrumb\":{\"@id\":\"https:\\\/\\\/group.voltalis.com\\\/fr\\\/type-de-contenu\\\/communiques-de-presse\\\/lisieux-voltalis-7189#breadcrumb\"},\"inLanguage\":\"fr-FR\",\"potentialAction\":[{\"@type\":\"ReadAction\",\"target\":[\"https:\\\/\\\/group.voltalis.com\\\/fr\\\/type-de-contenu\\\/communiques-de-presse\\\/lisieux-voltalis-7189\"]}]},{\"@type\":\"ImageObject\",\"inLanguage\":\"fr-FR\",\"@id\":\"https:\\\/\\\/group.voltalis.com\\\/fr\\\/type-de-contenu\\\/communiques-de-presse\\\/lisieux-voltalis-7189#primaryimage\",\"url\":\"https:\\\/\\\/group.voltalis.com\\\/wp-content\\\/uploads\\\/2022\\\/10\\\/My-Voltalis-Ma-ConsoProgrammation-LR-3-1024x683.png\",\"contentUrl\":\"https:\\\/\\\/group.voltalis.com\\\/wp-content\\\/uploads\\\/2022\\\/10\\\/My-Voltalis-Ma-ConsoProgrammation-LR-3-1024x683.png\"},{\"@type\":\"BreadcrumbList\",\"@id\":\"https:\\\/\\\/group.voltalis.com\\\/fr\\\/type-de-contenu\\\/communiques-de-presse\\\/lisieux-voltalis-7189#breadcrumb\",\"itemListElement\":[{\"@type\":\"ListItem\",\"position\":1,\"name\":\"Home\",\"item\":\"https:\\\/\\\/group.voltalis.com\\\/fr\"},{\"@type\":\"ListItem\",\"position\":2,\"name\":\"La Communaut\u00e9 d\u2019Agglom\u00e9ration Lisieux Normandie choisit le dispositif Voltalis pour permettre \u00e0 ses habitants de r\u00e9aliser des \u00e9conomies d\u2019\u00e9nergie solidaires et responsables\"}]},{\"@type\":\"WebSite\",\"@id\":\"https:\\\/\\\/group.voltalis.com\\\/en\\\/#website\",\"url\":\"https:\\\/\\\/group.voltalis.com\\\/en\\\/\",\"name\":\"Groupe Voltalis\",\"description\":\"Bien plus que des \u00e9conomies d&#039;\u00e9nergie\",\"potentialAction\":[{\"@type\":\"SearchAction\",\"target\":{\"@type\":\"EntryPoint\",\"urlTemplate\":\"https:\\\/\\\/group.voltalis.com\\\/en\\\/?s={search_term_string}\"},\"query-input\":{\"@type\":\"PropertyValueSpecification\",\"valueRequired\":true,\"valueName\":\"search_term_string\"}}],\"inLanguage\":\"fr-FR\"},{\"@type\":\"Person\",\"@id\":\"https:\\\/\\\/group.voltalis.com\\\/en\\\/#\\\/schema\\\/person\\\/cd75df70a442080ba333ff81754527b8\",\"name\":\"admin\",\"image\":{\"@type\":\"ImageObject\",\"inLanguage\":\"fr-FR\",\"@id\":\"https:\\\/\\\/secure.gravatar.com\\\/avatar\\\/d33819406c6fd656ae073a4bf8663fc5da17ca34c0a8d21882949b205ec67922?s=96&d=mm&r=g\",\"url\":\"https:\\\/\\\/secure.gravatar.com\\\/avatar\\\/d33819406c6fd656ae073a4bf8663fc5da17ca34c0a8d21882949b205ec67922?s=96&d=mm&r=g\",\"contentUrl\":\"https:\\\/\\\/secure.gravatar.com\\\/avatar\\\/d33819406c6fd656ae073a4bf8663fc5da17ca34c0a8d21882949b205ec67922?s=96&d=mm&r=g\",\"caption\":\"admin\"},\"sameAs\":[\"https:\\\/\\\/group.voltalis.com\"],\"url\":\"https:\\\/\\\/group.voltalis.com\\\/fr\\\/author\\\/admin\"}]}<\/script>\n<!-- \/ Yoast SEO plugin. -->","yoast_head_json":{"title":"Lisieux Normandie Agglom\u00e9ration choisit le dispositif Voltalis","description":"Pour permettre \u00e0 ses habitants de r\u00e9aliser des \u00e9conomies de chauffage durables, Lisieux Normandie choisit la solution gratuite Voltalis.","robots":{"index":"index","follow":"follow","max-snippet":"max-snippet:-1","max-image-preview":"max-image-preview:large","max-video-preview":"max-video-preview:-1"},"canonical":"https:\/\/group.voltalis.com\/fr\/type-de-contenu\/communiques-de-presse\/lisieux-voltalis-7189","og_locale":"fr_FR","og_type":"article","og_title":"Lisieux Normandie Agglom\u00e9ration choisit le dispositif Voltalis","og_description":"Pour permettre \u00e0 ses habitants de r\u00e9aliser des \u00e9conomies de chauffage durables, Lisieux Normandie choisit la solution gratuite Voltalis.","og_url":"https:\/\/group.voltalis.com\/fr\/type-de-contenu\/communiques-de-presse\/lisieux-voltalis-7189","og_site_name":"Groupe Voltalis","article_publisher":"https:\/\/www.facebook.com\/pages\/category\/Product-Service\/Voltalis-178720392179068\/","article_published_time":"2023-11-06T09:59:28+00:00","article_modified_time":"2025-09-05T08:04:23+00:00","og_image":[{"width":1500,"height":1000,"url":"https:\/\/group.voltalis.com\/wp-content\/uploads\/2022\/10\/My-Voltalis-Ma-ConsoProgrammation-LR-3.png","type":"image\/png"}],"author":"admin","twitter_card":"summary_large_image","twitter_misc":{"\u00c9crit par":"admin","Dur\u00e9e de lecture estim\u00e9e":"4 minutes"},"schema":{"@context":"https:\/\/schema.org","@graph":[{"@type":"Article","@id":"https:\/\/group.voltalis.com\/fr\/type-de-contenu\/communiques-de-presse\/lisieux-voltalis-7189#article","isPartOf":{"@id":"https:\/\/group.voltalis.com\/fr\/type-de-contenu\/communiques-de-presse\/lisieux-voltalis-7189"},"author":{"name":"admin","@id":"https:\/\/group.voltalis.com\/en\/#\/schema\/person\/cd75df70a442080ba333ff81754527b8"},"headline":"La Communaut\u00e9 d\u2019Agglom\u00e9ration Lisieux Normandie choisit le dispositif Voltalis pour permettre \u00e0 ses habitants de r\u00e9aliser des \u00e9conomies d\u2019\u00e9nergie solidaires et responsables","datePublished":"2023-11-06T09:59:28+00:00","dateModified":"2025-09-05T08:04:23+00:00","mainEntityOfPage":{"@id":"https:\/\/group.voltalis.com\/fr\/type-de-contenu\/communiques-de-presse\/lisieux-voltalis-7189"},"wordCount":768,"commentCount":0,"image":{"@id":"https:\/\/group.voltalis.com\/fr\/type-de-contenu\/communiques-de-presse\/lisieux-voltalis-7189#primaryimage"},"thumbnailUrl":"https:\/\/group.voltalis.com\/wp-content\/uploads\/2022\/10\/My-Voltalis-Ma-ConsoProgrammation-LR-3-1024x683.png","articleSection":["Collectivit\u00e9s","Communiqu\u00e9s"],"inLanguage":"fr-FR"},{"@type":"WebPage","@id":"https:\/\/group.voltalis.com\/fr\/type-de-contenu\/communiques-de-presse\/lisieux-voltalis-7189","url":"https:\/\/group.voltalis.com\/fr\/type-de-contenu\/communiques-de-presse\/lisieux-voltalis-7189","name":"Lisieux Normandie Agglom\u00e9ration choisit le dispositif Voltalis","isPartOf":{"@id":"https:\/\/group.voltalis.com\/en\/#website"},"primaryImageOfPage":{"@id":"https:\/\/group.voltalis.com\/fr\/type-de-contenu\/communiques-de-presse\/lisieux-voltalis-7189#primaryimage"},"image":{"@id":"https:\/\/group.voltalis.com\/fr\/type-de-contenu\/communiques-de-presse\/lisieux-voltalis-7189#primaryimage"},"thumbnailUrl":"https:\/\/group.voltalis.com\/wp-content\/uploads\/2022\/10\/My-Voltalis-Ma-ConsoProgrammation-LR-3-1024x683.png","datePublished":"2023-11-06T09:59:28+00:00","dateModified":"2025-09-05T08:04:23+00:00","author":{"@id":"https:\/\/group.voltalis.com\/en\/#\/schema\/person\/cd75df70a442080ba333ff81754527b8"},"description":"Pour permettre \u00e0 ses habitants de r\u00e9aliser des \u00e9conomies de chauffage durables, Lisieux Normandie choisit la solution gratuite Voltalis.","breadcrumb":{"@id":"https:\/\/group.voltalis.com\/fr\/type-de-contenu\/communiques-de-presse\/lisieux-voltalis-7189#breadcrumb"},"inLanguage":"fr-FR","potentialAction":[{"@type":"ReadAction","target":["https:\/\/group.voltalis.com\/fr\/type-de-contenu\/communiques-de-presse\/lisieux-voltalis-7189"]}]},{"@type":"ImageObject","inLanguage":"fr-FR","@id":"https:\/\/group.voltalis.com\/fr\/type-de-contenu\/communiques-de-presse\/lisieux-voltalis-7189#primaryimage","url":"https:\/\/group.voltalis.com\/wp-content\/uploads\/2022\/10\/My-Voltalis-Ma-ConsoProgrammation-LR-3-1024x683.png","contentUrl":"https:\/\/group.voltalis.com\/wp-content\/uploads\/2022\/10\/My-Voltalis-Ma-ConsoProgrammation-LR-3-1024x683.png"},{"@type":"BreadcrumbList","@id":"https:\/\/group.voltalis.com\/fr\/type-de-contenu\/communiques-de-presse\/lisieux-voltalis-7189#breadcrumb","itemListElement":[{"@type":"ListItem","position":1,"name":"Home","item":"https:\/\/group.voltalis.com\/fr"},{"@type":"ListItem","position":2,"name":"La Communaut\u00e9 d\u2019Agglom\u00e9ration Lisieux Normandie choisit le dispositif Voltalis pour permettre \u00e0 ses habitants de r\u00e9aliser des \u00e9conomies d\u2019\u00e9nergie solidaires et responsables"}]},{"@type":"WebSite","@id":"https:\/\/group.voltalis.com\/en\/#website","url":"https:\/\/group.voltalis.com\/en\/","name":"Groupe Voltalis","description":"Bien plus que des \u00e9conomies d&#039;\u00e9nergie","potentialAction":[{"@type":"SearchAction","target":{"@type":"EntryPoint","urlTemplate":"https:\/\/group.voltalis.com\/en\/?s={search_term_string}"},"query-input":{"@type":"PropertyValueSpecification","valueRequired":true,"valueName":"search_term_string"}}],"inLanguage":"fr-FR"},{"@type":"Person","@id":"https:\/\/group.voltalis.com\/en\/#\/schema\/person\/cd75df70a442080ba333ff81754527b8","name":"admin","image":{"@type":"ImageObject","inLanguage":"fr-FR","@id":"https:\/\/secure.gravatar.com\/avatar\/d33819406c6fd656ae073a4bf8663fc5da17ca34c0a8d21882949b205ec67922?s=96&d=mm&r=g","url":"https:\/\/secure.gravatar.com\/avatar\/d33819406c6fd656ae073a4bf8663fc5da17ca34c0a8d21882949b205ec67922?s=96&d=mm&r=g","contentUrl":"https:\/\/secure.gravatar.com\/avatar\/d33819406c6fd656ae073a4bf8663fc5da17ca34c0a8d21882949b205ec67922?s=96&d=mm&r=g","caption":"admin"},"sameAs":["https:\/\/group.voltalis.com"],"url":"https:\/\/group.voltalis.com\/fr\/author\/admin"}]}},"_links":{"self":[{"href":"https:\/\/group.voltalis.com\/fr\/wp-json\/wp\/v2\/posts\/7189","targetHints":{"allow":["GET"]}}],"collection":[{"href":"https:\/\/group.voltalis.com\/fr\/wp-json\/wp\/v2\/posts"}],"about":[{"href":"https:\/\/group.voltalis.com\/fr\/wp-json\/wp\/v2\/types\/post"}],"author":[{"embeddable":true,"href":"https:\/\/group.voltalis.com\/fr\/wp-json\/wp\/v2\/users\/1"}],"replies":[{"embeddable":true,"href":"https:\/\/group.voltalis.com\/fr\/wp-json\/wp\/v2\/comments?post=7189"}],"version-history":[{"count":1,"href":"https:\/\/group.voltalis.com\/fr\/wp-json\/wp\/v2\/posts\/7189\/revisions"}],"predecessor-version":[{"id":10490,"href":"https:\/\/group.voltalis.com\/fr\/wp-json\/wp\/v2\/posts\/7189\/revisions\/10490"}],"wp:attachment":[{"href":"https:\/\/group.voltalis.com\/fr\/wp-json\/wp\/v2\/media?parent=7189"}],"wp:term":[{"taxonomy":"category","embeddable":true,"href":"https:\/\/group.voltalis.com\/fr\/wp-json\/wp\/v2\/categories?post=7189"},{"taxonomy":"post_tag","embeddable":true,"href":"https:\/\/group.voltalis.com\/fr\/wp-json\/wp\/v2\/tags?post=7189"}],"curies":[{"name":"wp","href":"https:\/\/api.w.org\/{rel}","templated":true}]}}