{"id":7443,"date":"2024-01-23T15:30:00","date_gmt":"2024-01-23T14:30:00","guid":{"rendered":"https:\/\/group.voltalis.com\/?p=7443"},"modified":"2025-09-04T15:00:19","modified_gmt":"2025-09-04T13:00:19","slug":"vaucluse-communaute-communes-vaison-ventoux-sengage-avec-voltalis","status":"publish","type":"post","link":"https:\/\/group.voltalis.com\/fr\/type-de-contenu\/communiques-de-presse\/vaucluse-communaute-communes-vaison-ventoux-sengage-avec-voltalis-7443","title":{"rendered":"Une premi\u00e8re dans le Vaucluse ! La Communaut\u00e9 de communes Vaison Ventoux s&rsquo;engage avec Voltalis\u00a0pour le d\u00e9ploiement d&rsquo;un thermostat gratuit et \u00e9cologique pour r\u00e9duire sa consommation de chauffage \u00e9lectrique"},"content":{"rendered":"\n<p><strong>Vaison-la-Romaine, le 23 janvier 2024 \u2013 Face \u00e0 la hausse g\u00e9n\u00e9ralis\u00e9e des prix de l\u2019\u00e9nergie, la Communaut\u00e9 de communes Vaison Ventoux souhaite aider les citoyens \u00e0 r\u00e9duire leur consommation d\u2019\u00e9nergie afin de ma\u00eetriser les co\u00fbts, tout en renfor\u00e7ant la stabilit\u00e9 du r\u00e9seau \u00e9lectrique. Ainsi, la communaut\u00e9 de communes a sign\u00e9 un partenariat avec la soci\u00e9t\u00e9 Voltalis pour proposer gratuitement \u00e0 tous les habitants et professionnels de son territoire chauff\u00e9s \u00e0 l\u2019\u00e9lectrique un thermostat connect\u00e9 \u00e9cocitoyen d\u00e9di\u00e9 au chauffage.<\/strong><\/p>\n\n\n\n<p><strong>Jean-Fran\u00e7ois P\u00e9rilhou, Pr\u00e9sident de la <\/strong><a href=\"http:\/\/www.vaison-ventoux.fr\/\" target=\"_blank\" rel=\"noreferrer noopener\"><strong>Communaut\u00e9 de communes Vaison Ventoux<\/strong><\/a><strong> et Maire de Vaison-la-Romaine<\/strong>, d\u00e9clare&nbsp;: \u00ab&nbsp;<em>Pour faire face \u00e0 l\u2019urgence climatique et agir sur le pouvoir d\u2019achat des m\u00e9nages, nous souhaitons apporter des r\u00e9ponses concr\u00e8tes en engageant notre territoire dans la transition \u00e9cologique et \u00e9nerg\u00e9tique. C\u2019est pourquoi nous avons choisi de soutenir la d\u00e9marche de la soci\u00e9t\u00e9 Voltalis. Ce dispositif gratuit permet de r\u00e9aliser des \u00e9conomies r\u00e9elles, am\u00e9liore le confort des usagers et contribue \u00e0 pr\u00e9server notre environnement.<\/em>&nbsp;\u00bb<\/p>\n\n\n\n<p><strong>Mathieu Bineau, Directeur G\u00e9n\u00e9ral de <\/strong><a href=\"https:\/\/www.voltalis.com\/\" target=\"_blank\" rel=\"noreferrer noopener\"><strong>Voltalis<\/strong><\/a><strong>, <\/strong>ajoute&nbsp;: \u00ab&nbsp;<em>Nous sommes ravis de proposer \u00e0 pr\u00e8s de <\/em><strong><em>3 500 foyers et professionnels <\/em><\/strong><em>de prendre part \u00e0 l\u2019effort national de sobri\u00e9t\u00e9 \u00e9nerg\u00e9tique.La Communaut\u00e9 de communes Vaison Ventoux est la premi\u00e8re collectivit\u00e9 du Vaucluse \u00e0 s\u2019engager avec Voltalis, et nous la remercions pour sa confiance.<\/em>&nbsp;\u00bb<\/p>\n\n\n\n<div style=\"height:24px\" aria-hidden=\"true\" class=\"wp-block-spacer\"><\/div>\n\n\n\n<p class=\"has-medium-font-size\"><strong>Un dispositif gratuit, en faveur de l\u2019environnement et du pouvoir d\u2019achat<\/strong><\/p>\n\n\n\n<p>Voltalis installe gratuitement un thermostat connect\u00e9 sur les radiateurs pour les rendre plus intelligents et programmables. Ce dispositif offre un double avantage, avec<strong> un potentiel d&rsquo;\u00e9conomies d&rsquo;\u00e9nergie atteignant jusqu\u2019\u00e0 15% <\/strong>pour les consommateurs, tout en permettant <strong>une r\u00e9duction allant jusqu&rsquo;\u00e0 70% des \u00e9missions de CO2 du logement<\/strong> <strong>ou du local<\/strong> <strong>professionnel<\/strong>.<\/p>\n\n\n<div class=\"wp-block-image\">\n<figure data-wp-context=\"{&quot;imageId&quot;:&quot;69f2923d3a20c&quot;}\" data-wp-interactive=\"core\/image\" data-wp-key=\"69f2923d3a20c\" class=\"alignright size-medium wp-lightbox-container\"><img loading=\"lazy\" decoding=\"async\" width=\"300\" height=\"200\" data-wp-class--hide=\"state.isContentHidden\" data-wp-class--show=\"state.isContentVisible\" data-wp-init=\"callbacks.setButtonStyles\" data-wp-on--click=\"actions.showLightbox\" data-wp-on--load=\"callbacks.setButtonStyles\" data-wp-on-window--resize=\"callbacks.setButtonStyles\" src=\"https:\/\/group.voltalis.com\/wp-content\/uploads\/2022\/10\/My-Voltalis-Ma-ConsoProgrammation-LR-4-300x200.png\" alt=\"\" class=\"wp-image-6242\" srcset=\"https:\/\/group.voltalis.com\/wp-content\/uploads\/2022\/10\/My-Voltalis-Ma-ConsoProgrammation-LR-4-300x200.png 300w, https:\/\/group.voltalis.com\/wp-content\/uploads\/2022\/10\/My-Voltalis-Ma-ConsoProgrammation-LR-4-1024x683.png 1024w, https:\/\/group.voltalis.com\/wp-content\/uploads\/2022\/10\/My-Voltalis-Ma-ConsoProgrammation-LR-4-768x512.png 768w, https:\/\/group.voltalis.com\/wp-content\/uploads\/2022\/10\/My-Voltalis-Ma-ConsoProgrammation-LR-4.png 1500w\" sizes=\"auto, (max-width: 300px) 100vw, 300px\" \/><button\n\t\t\tclass=\"lightbox-trigger\"\n\t\t\ttype=\"button\"\n\t\t\taria-haspopup=\"dialog\"\n\t\t\taria-label=\"Agrandir\"\n\t\t\tdata-wp-init=\"callbacks.initTriggerButton\"\n\t\t\tdata-wp-on--click=\"actions.showLightbox\"\n\t\t\tdata-wp-style--right=\"state.imageButtonRight\"\n\t\t\tdata-wp-style--top=\"state.imageButtonTop\"\n\t\t>\n\t\t\t<svg xmlns=\"http:\/\/www.w3.org\/2000\/svg\" width=\"12\" height=\"12\" fill=\"none\" viewBox=\"0 0 12 12\">\n\t\t\t\t<path fill=\"#fff\" d=\"M2 0a2 2 0 0 0-2 2v2h1.5V2a.5.5 0 0 1 .5-.5h2V0H2Zm2 10.5H2a.5.5 0 0 1-.5-.5V8H0v2a2 2 0 0 0 2 2h2v-1.5ZM8 12v-1.5h2a.5.5 0 0 0 .5-.5V8H12v2a2 2 0 0 1-2 2H8Zm2-12a2 2 0 0 1 2 2v2h-1.5V2a.5.5 0 0 0-.5-.5H8V0h2Z\" \/>\n\t\t\t<\/svg>\n\t\t<\/button><\/figure>\n<\/div>\n\n\n<p>Au sein de son espace personnel en ligne, l\u2019adh\u00e9rent est invit\u00e9 \u00e0 commander \u00e0 distance ses radiateurs, en d\u00e9finissant une temp\u00e9rature pour chaque pi\u00e8ce et en programmant leur fonctionnement selon ses habitudes. Il a aussi acc\u00e8s au suivi des consommations \u00e9lectriques de ses \u00e9quipements, lui permettant de mieux g\u00e9rer leur utilisation. L\u2019adh\u00e9rent b\u00e9n\u00e9ficie \u00e9galement d\u2019alertes et de conseils visant \u00e0 r\u00e9duire ses d\u00e9penses et \u00e0 diminuer son impact environnemental.<\/p>\n\n\n\n<p>Parall\u00e8lement, en cas de pics de demande, notamment en hiver, Voltalis peut temporairement r\u00e9duire la consommation des appareils connect\u00e9s, sans pour autant impacter le confort des utilisateurs. Cette solution vertueuse, d\u00e9j\u00e0 d\u00e9ploy\u00e9e dans plus de 200 000 foyers et entreprises, contribue \u00e0 r\u00e9duire la consommation \u00e9lectrique nationale aux moments opportuns, limitant ainsi le recours \u00e0 des centrales thermiques polluantes. Elle participe \u00e0 la r\u00e9duction des risques de d\u00e9lestages ou de coupures sur le r\u00e9seau. Voltalis propose son dispositif gratuitement car elle est r\u00e9mun\u00e9r\u00e9e par RTE (gestionnaire du r\u00e9seau de transport d\u2019\u00e9lectricit\u00e9) pour ses actions au profit de la s\u00e9curit\u00e9 et de la d\u00e9carbonation du syst\u00e8me \u00e9lectrique.<\/p>\n\n\n\n<div style=\"height:24px\" aria-hidden=\"true\" class=\"wp-block-spacer\"><\/div>\n\n\n\n<p class=\"has-medium-font-size\"><strong>Comment en b\u00e9n\u00e9ficier&nbsp;?<\/strong><\/p>\n\n\n\n<p><strong>Une campagne d\u2019information d\u00e9bute d\u00e8s cette semaine \u00e0 Vaison-la-Romaine et \u00e0 Rasteau. <\/strong>Sur les 10 communes les plus importantes du territoire, des conseillers Voltalis vont venir \u00e0 la rencontre des habitants et des professionnels pour leur pr\u00e9senter la solution, r\u00e9pondre \u00e0 leurs questions et leur proposer un rendez-vous d&rsquo;installation. Les habitants et professionnels des autres communes de Vaison Ventoux chauff\u00e9s \u00e0 l\u2019\u00e9lectrique peuvent eux-aussi solliciter l&rsquo;installation de ce dispositif en contactant directement Voltalis.<strong><\/strong><\/p>\n\n\n\n<p>Une fois le contact pris, un technicien agr\u00e9\u00e9 intervient ensuite pour installer le dispositif, en 2h30 en moyenne selon le nombre de radiateurs \u00e0 \u00e9quiper. <strong>Le d\u00e9ploiement commencera le 5 f\u00e9vrier.<\/strong><\/p>\n\n\n\n<p>Pour solliciter l&rsquo;installation de ce dispositif, contacter Voltalis&nbsp;au <strong>04 56 60 87 47<\/strong> ou par mail&nbsp;: <a href=\"mailto:vaisonventoux@voltalis.com\" target=\"_blank\" rel=\"noreferrer noopener\"><strong>vaisonventoux@voltalis.com<\/strong><\/a><strong>.<\/strong><\/p>\n\n\n\n<div style=\"height:24px\" aria-hidden=\"true\" class=\"wp-block-spacer\"><\/div>\n\n\n\n<p><strong>Contacts presse<\/strong><\/p>\n\n\n\n<figure class=\"wp-block-table\"><table><tbody><tr><td><strong>Communaut\u00e9 de communes de Vaison Ventoux&nbsp;<\/strong> : Mathilde DANDO<br>m.dando@vaison-ventoux.fr &#8211; 04 90 36 16 29<\/td><td><strong>Voltalis<\/strong> : Anne-Laure DAULIER &#8211; Agence Shan<br>voltalis@shan.fr &#8211; 06 28 59 50 38<\/td><\/tr><\/tbody><\/table><\/figure>\n\n\n\n<div class=\"wp-block-buttons is-content-justification-center is-layout-flex wp-container-core-buttons-is-layout-16018d1d wp-block-buttons-is-layout-flex\">\n<div class=\"wp-block-button\"><a class=\"wp-block-button__link has-white-color has-text-color has-background has-link-color has-text-align-center wp-element-button\" href=\"https:\/\/group.voltalis.com\/wp-content\/uploads\/2024\/01\/CP_VOLTALIS_CC-VAISON-VENTOUX.pdf\" style=\"border-radius:5px;background-color:#4dbef7\" target=\"_blank\" rel=\"noreferrer noopener\"><strong>T\u00e9l\u00e9charger le communiqu\u00e9 de presse<\/strong><\/a><\/div>\n<\/div>\n","protected":false},"excerpt":{"rendered":"<p>Vaison-la-Romaine, le 23 janvier 2024 \u2013 Face \u00e0 la hausse g\u00e9n\u00e9ralis\u00e9e des prix de l\u2019\u00e9nergie, la Communaut\u00e9 de communes Vaison Ventoux souhaite aider les citoyens \u00e0 r\u00e9duire leur consommation d\u2019\u00e9nergie afin de ma\u00eetriser les co\u00fbts, tout en renfor\u00e7ant la stabilit\u00e9 du r\u00e9seau \u00e9lectrique. Ainsi, la communaut\u00e9 de communes a sign\u00e9 un partenariat avec la soci\u00e9t\u00e9 [&hellip;]<\/p>\n","protected":false},"author":9,"featured_media":0,"comment_status":"closed","ping_status":"closed","sticky":false,"template":"","format":"standard","meta":{"_acf_changed":false,"inline_featured_image":false,"footnotes":""},"categories":[199,3],"tags":[],"class_list":["post-7443","post","type-post","status-publish","format-standard","hentry","category-collectivites","category-communiques-de-presse"],"acf":[],"yoast_head":"<!-- This site is optimized with the Yoast SEO plugin v27.5 - https:\/\/yoast.com\/product\/yoast-seo-wordpress\/ -->\n<title>Une premi\u00e8re dans le Vaucluse ! La Communaut\u00e9 de communes Vaison Ventoux s&#039;engage avec Voltalis\u00a0pour le d\u00e9ploiement d&#039;un thermostat gratuit et \u00e9cologique pour r\u00e9duire sa consommation de chauffage \u00e9lectrique - Groupe Voltalis<\/title>\n<meta name=\"robots\" content=\"index, follow, max-snippet:-1, max-image-preview:large, max-video-preview:-1\" \/>\n<link rel=\"canonical\" href=\"https:\/\/group.voltalis.com\/fr\/type-de-contenu\/communiques-de-presse\/vaucluse-communaute-communes-vaison-ventoux-sengage-avec-voltalis-7443\" \/>\n<meta property=\"og:locale\" content=\"fr_FR\" \/>\n<meta property=\"og:type\" content=\"article\" \/>\n<meta property=\"og:title\" content=\"Une premi\u00e8re dans le Vaucluse ! La Communaut\u00e9 de communes Vaison Ventoux s&#039;engage avec Voltalis\u00a0pour le d\u00e9ploiement d&#039;un thermostat gratuit et \u00e9cologique pour r\u00e9duire sa consommation de chauffage \u00e9lectrique - Groupe Voltalis\" \/>\n<meta property=\"og:description\" content=\"Vaison-la-Romaine, le 23 janvier 2024 \u2013 Face \u00e0 la hausse g\u00e9n\u00e9ralis\u00e9e des prix de l\u2019\u00e9nergie, la Communaut\u00e9 de communes Vaison Ventoux souhaite aider les citoyens \u00e0 r\u00e9duire leur consommation d\u2019\u00e9nergie afin de ma\u00eetriser les co\u00fbts, tout en renfor\u00e7ant la stabilit\u00e9 du r\u00e9seau \u00e9lectrique. Ainsi, la communaut\u00e9 de communes a sign\u00e9 un partenariat avec la soci\u00e9t\u00e9 [&hellip;]\" \/>\n<meta property=\"og:url\" content=\"https:\/\/group.voltalis.com\/fr\/type-de-contenu\/communiques-de-presse\/vaucluse-communaute-communes-vaison-ventoux-sengage-avec-voltalis-7443\" \/>\n<meta property=\"og:site_name\" content=\"Groupe Voltalis\" \/>\n<meta property=\"article:publisher\" content=\"https:\/\/www.facebook.com\/pages\/category\/Product-Service\/Voltalis-178720392179068\/\" \/>\n<meta property=\"article:published_time\" content=\"2024-01-23T14:30:00+00:00\" \/>\n<meta property=\"article:modified_time\" content=\"2025-09-04T13:00:19+00:00\" \/>\n<meta property=\"og:image\" content=\"https:\/\/group.voltalis.com\/wp-content\/uploads\/2022\/10\/My-Voltalis-Ma-ConsoProgrammation-LR-4.png\" \/>\n\t<meta property=\"og:image:width\" content=\"1500\" \/>\n\t<meta property=\"og:image:height\" content=\"1000\" \/>\n\t<meta property=\"og:image:type\" content=\"image\/png\" \/>\n<meta name=\"author\" content=\"Emma Corson\" \/>\n<meta name=\"twitter:card\" content=\"summary_large_image\" \/>\n<meta name=\"twitter:label1\" content=\"\u00c9crit par\" \/>\n\t<meta name=\"twitter:data1\" content=\"Emma Corson\" \/>\n\t<meta name=\"twitter:label2\" content=\"Dur\u00e9e de lecture estim\u00e9e\" \/>\n\t<meta name=\"twitter:data2\" content=\"3 minutes\" \/>\n<script type=\"application\/ld+json\" class=\"yoast-schema-graph\">{\"@context\":\"https:\\\/\\\/schema.org\",\"@graph\":[{\"@type\":\"Article\",\"@id\":\"https:\\\/\\\/group.voltalis.com\\\/fr\\\/type-de-contenu\\\/communiques-de-presse\\\/vaucluse-communaute-communes-vaison-ventoux-sengage-avec-voltalis-7443#article\",\"isPartOf\":{\"@id\":\"https:\\\/\\\/group.voltalis.com\\\/fr\\\/type-de-contenu\\\/communiques-de-presse\\\/vaucluse-communaute-communes-vaison-ventoux-sengage-avec-voltalis-7443\"},\"author\":{\"name\":\"Emma Corson\",\"@id\":\"https:\\\/\\\/group.voltalis.com\\\/en\\\/#\\\/schema\\\/person\\\/0b72ec21cac86d7e1ad1f55c96e0056e\"},\"headline\":\"Une premi\u00e8re dans le Vaucluse ! La Communaut\u00e9 de communes Vaison Ventoux s&rsquo;engage avec Voltalis\u00a0pour le d\u00e9ploiement d&rsquo;un thermostat gratuit et \u00e9cologique pour r\u00e9duire sa consommation de chauffage \u00e9lectrique\",\"datePublished\":\"2024-01-23T14:30:00+00:00\",\"dateModified\":\"2025-09-04T13:00:19+00:00\",\"mainEntityOfPage\":{\"@id\":\"https:\\\/\\\/group.voltalis.com\\\/fr\\\/type-de-contenu\\\/communiques-de-presse\\\/vaucluse-communaute-communes-vaison-ventoux-sengage-avec-voltalis-7443\"},\"wordCount\":693,\"image\":{\"@id\":\"https:\\\/\\\/group.voltalis.com\\\/fr\\\/type-de-contenu\\\/communiques-de-presse\\\/vaucluse-communaute-communes-vaison-ventoux-sengage-avec-voltalis-7443#primaryimage\"},\"thumbnailUrl\":\"https:\\\/\\\/group.voltalis.com\\\/wp-content\\\/uploads\\\/2022\\\/10\\\/My-Voltalis-Ma-ConsoProgrammation-LR-4-300x200.png\",\"articleSection\":[\"Collectivit\u00e9s\",\"Communiqu\u00e9s\"],\"inLanguage\":\"fr-FR\"},{\"@type\":\"WebPage\",\"@id\":\"https:\\\/\\\/group.voltalis.com\\\/fr\\\/type-de-contenu\\\/communiques-de-presse\\\/vaucluse-communaute-communes-vaison-ventoux-sengage-avec-voltalis-7443\",\"url\":\"https:\\\/\\\/group.voltalis.com\\\/fr\\\/type-de-contenu\\\/communiques-de-presse\\\/vaucluse-communaute-communes-vaison-ventoux-sengage-avec-voltalis-7443\",\"name\":\"Une premi\u00e8re dans le Vaucluse ! La Communaut\u00e9 de communes Vaison Ventoux s'engage avec Voltalis\u00a0pour le d\u00e9ploiement d'un thermostat gratuit et \u00e9cologique pour r\u00e9duire sa consommation de chauffage \u00e9lectrique - Groupe Voltalis\",\"isPartOf\":{\"@id\":\"https:\\\/\\\/group.voltalis.com\\\/en\\\/#website\"},\"primaryImageOfPage\":{\"@id\":\"https:\\\/\\\/group.voltalis.com\\\/fr\\\/type-de-contenu\\\/communiques-de-presse\\\/vaucluse-communaute-communes-vaison-ventoux-sengage-avec-voltalis-7443#primaryimage\"},\"image\":{\"@id\":\"https:\\\/\\\/group.voltalis.com\\\/fr\\\/type-de-contenu\\\/communiques-de-presse\\\/vaucluse-communaute-communes-vaison-ventoux-sengage-avec-voltalis-7443#primaryimage\"},\"thumbnailUrl\":\"https:\\\/\\\/group.voltalis.com\\\/wp-content\\\/uploads\\\/2022\\\/10\\\/My-Voltalis-Ma-ConsoProgrammation-LR-4-300x200.png\",\"datePublished\":\"2024-01-23T14:30:00+00:00\",\"dateModified\":\"2025-09-04T13:00:19+00:00\",\"author\":{\"@id\":\"https:\\\/\\\/group.voltalis.com\\\/en\\\/#\\\/schema\\\/person\\\/0b72ec21cac86d7e1ad1f55c96e0056e\"},\"breadcrumb\":{\"@id\":\"https:\\\/\\\/group.voltalis.com\\\/fr\\\/type-de-contenu\\\/communiques-de-presse\\\/vaucluse-communaute-communes-vaison-ventoux-sengage-avec-voltalis-7443#breadcrumb\"},\"inLanguage\":\"fr-FR\",\"potentialAction\":[{\"@type\":\"ReadAction\",\"target\":[\"https:\\\/\\\/group.voltalis.com\\\/fr\\\/type-de-contenu\\\/communiques-de-presse\\\/vaucluse-communaute-communes-vaison-ventoux-sengage-avec-voltalis-7443\"]}]},{\"@type\":\"ImageObject\",\"inLanguage\":\"fr-FR\",\"@id\":\"https:\\\/\\\/group.voltalis.com\\\/fr\\\/type-de-contenu\\\/communiques-de-presse\\\/vaucluse-communaute-communes-vaison-ventoux-sengage-avec-voltalis-7443#primaryimage\",\"url\":\"https:\\\/\\\/group.voltalis.com\\\/wp-content\\\/uploads\\\/2022\\\/10\\\/My-Voltalis-Ma-ConsoProgrammation-LR-4-300x200.png\",\"contentUrl\":\"https:\\\/\\\/group.voltalis.com\\\/wp-content\\\/uploads\\\/2022\\\/10\\\/My-Voltalis-Ma-ConsoProgrammation-LR-4-300x200.png\"},{\"@type\":\"BreadcrumbList\",\"@id\":\"https:\\\/\\\/group.voltalis.com\\\/fr\\\/type-de-contenu\\\/communiques-de-presse\\\/vaucluse-communaute-communes-vaison-ventoux-sengage-avec-voltalis-7443#breadcrumb\",\"itemListElement\":[{\"@type\":\"ListItem\",\"position\":1,\"name\":\"Home\",\"item\":\"https:\\\/\\\/group.voltalis.com\\\/fr\"},{\"@type\":\"ListItem\",\"position\":2,\"name\":\"Une premi\u00e8re dans le Vaucluse ! La Communaut\u00e9 de communes Vaison Ventoux s&#8217;engage avec Voltalis\u00a0pour le d\u00e9ploiement d&#8217;un thermostat gratuit et \u00e9cologique pour r\u00e9duire sa consommation de chauffage \u00e9lectrique\"}]},{\"@type\":\"WebSite\",\"@id\":\"https:\\\/\\\/group.voltalis.com\\\/en\\\/#website\",\"url\":\"https:\\\/\\\/group.voltalis.com\\\/en\\\/\",\"name\":\"Groupe Voltalis\",\"description\":\"Bien plus que des \u00e9conomies d&#039;\u00e9nergie\",\"potentialAction\":[{\"@type\":\"SearchAction\",\"target\":{\"@type\":\"EntryPoint\",\"urlTemplate\":\"https:\\\/\\\/group.voltalis.com\\\/en\\\/?s={search_term_string}\"},\"query-input\":{\"@type\":\"PropertyValueSpecification\",\"valueRequired\":true,\"valueName\":\"search_term_string\"}}],\"inLanguage\":\"fr-FR\"},{\"@type\":\"Person\",\"@id\":\"https:\\\/\\\/group.voltalis.com\\\/en\\\/#\\\/schema\\\/person\\\/0b72ec21cac86d7e1ad1f55c96e0056e\",\"name\":\"Emma Corson\",\"image\":{\"@type\":\"ImageObject\",\"inLanguage\":\"fr-FR\",\"@id\":\"https:\\\/\\\/secure.gravatar.com\\\/avatar\\\/c31b10fc9fd80670f3cae550df1692fb6e6f5a3e2941ed270ec82834eeefc649?s=96&d=mm&r=g\",\"url\":\"https:\\\/\\\/secure.gravatar.com\\\/avatar\\\/c31b10fc9fd80670f3cae550df1692fb6e6f5a3e2941ed270ec82834eeefc649?s=96&d=mm&r=g\",\"contentUrl\":\"https:\\\/\\\/secure.gravatar.com\\\/avatar\\\/c31b10fc9fd80670f3cae550df1692fb6e6f5a3e2941ed270ec82834eeefc649?s=96&d=mm&r=g\",\"caption\":\"Emma Corson\"},\"url\":\"https:\\\/\\\/group.voltalis.com\\\/fr\\\/author\\\/emma-corson\"}]}<\/script>\n<!-- \/ Yoast SEO plugin. -->","yoast_head_json":{"title":"Une premi\u00e8re dans le Vaucluse ! La Communaut\u00e9 de communes Vaison Ventoux s'engage avec Voltalis\u00a0pour le d\u00e9ploiement d'un thermostat gratuit et \u00e9cologique pour r\u00e9duire sa consommation de chauffage \u00e9lectrique - Groupe Voltalis","robots":{"index":"index","follow":"follow","max-snippet":"max-snippet:-1","max-image-preview":"max-image-preview:large","max-video-preview":"max-video-preview:-1"},"canonical":"https:\/\/group.voltalis.com\/fr\/type-de-contenu\/communiques-de-presse\/vaucluse-communaute-communes-vaison-ventoux-sengage-avec-voltalis-7443","og_locale":"fr_FR","og_type":"article","og_title":"Une premi\u00e8re dans le Vaucluse ! La Communaut\u00e9 de communes Vaison Ventoux s'engage avec Voltalis\u00a0pour le d\u00e9ploiement d'un thermostat gratuit et \u00e9cologique pour r\u00e9duire sa consommation de chauffage \u00e9lectrique - Groupe Voltalis","og_description":"Vaison-la-Romaine, le 23 janvier 2024 \u2013 Face \u00e0 la hausse g\u00e9n\u00e9ralis\u00e9e des prix de l\u2019\u00e9nergie, la Communaut\u00e9 de communes Vaison Ventoux souhaite aider les citoyens \u00e0 r\u00e9duire leur consommation d\u2019\u00e9nergie afin de ma\u00eetriser les co\u00fbts, tout en renfor\u00e7ant la stabilit\u00e9 du r\u00e9seau \u00e9lectrique. Ainsi, la communaut\u00e9 de communes a sign\u00e9 un partenariat avec la soci\u00e9t\u00e9 [&hellip;]","og_url":"https:\/\/group.voltalis.com\/fr\/type-de-contenu\/communiques-de-presse\/vaucluse-communaute-communes-vaison-ventoux-sengage-avec-voltalis-7443","og_site_name":"Groupe Voltalis","article_publisher":"https:\/\/www.facebook.com\/pages\/category\/Product-Service\/Voltalis-178720392179068\/","article_published_time":"2024-01-23T14:30:00+00:00","article_modified_time":"2025-09-04T13:00:19+00:00","og_image":[{"width":1500,"height":1000,"url":"https:\/\/group.voltalis.com\/wp-content\/uploads\/2022\/10\/My-Voltalis-Ma-ConsoProgrammation-LR-4.png","type":"image\/png"}],"author":"Emma Corson","twitter_card":"summary_large_image","twitter_misc":{"\u00c9crit par":"Emma Corson","Dur\u00e9e de lecture estim\u00e9e":"3 minutes"},"schema":{"@context":"https:\/\/schema.org","@graph":[{"@type":"Article","@id":"https:\/\/group.voltalis.com\/fr\/type-de-contenu\/communiques-de-presse\/vaucluse-communaute-communes-vaison-ventoux-sengage-avec-voltalis-7443#article","isPartOf":{"@id":"https:\/\/group.voltalis.com\/fr\/type-de-contenu\/communiques-de-presse\/vaucluse-communaute-communes-vaison-ventoux-sengage-avec-voltalis-7443"},"author":{"name":"Emma Corson","@id":"https:\/\/group.voltalis.com\/en\/#\/schema\/person\/0b72ec21cac86d7e1ad1f55c96e0056e"},"headline":"Une premi\u00e8re dans le Vaucluse ! La Communaut\u00e9 de communes Vaison Ventoux s&rsquo;engage avec Voltalis\u00a0pour le d\u00e9ploiement d&rsquo;un thermostat gratuit et \u00e9cologique pour r\u00e9duire sa consommation de chauffage \u00e9lectrique","datePublished":"2024-01-23T14:30:00+00:00","dateModified":"2025-09-04T13:00:19+00:00","mainEntityOfPage":{"@id":"https:\/\/group.voltalis.com\/fr\/type-de-contenu\/communiques-de-presse\/vaucluse-communaute-communes-vaison-ventoux-sengage-avec-voltalis-7443"},"wordCount":693,"image":{"@id":"https:\/\/group.voltalis.com\/fr\/type-de-contenu\/communiques-de-presse\/vaucluse-communaute-communes-vaison-ventoux-sengage-avec-voltalis-7443#primaryimage"},"thumbnailUrl":"https:\/\/group.voltalis.com\/wp-content\/uploads\/2022\/10\/My-Voltalis-Ma-ConsoProgrammation-LR-4-300x200.png","articleSection":["Collectivit\u00e9s","Communiqu\u00e9s"],"inLanguage":"fr-FR"},{"@type":"WebPage","@id":"https:\/\/group.voltalis.com\/fr\/type-de-contenu\/communiques-de-presse\/vaucluse-communaute-communes-vaison-ventoux-sengage-avec-voltalis-7443","url":"https:\/\/group.voltalis.com\/fr\/type-de-contenu\/communiques-de-presse\/vaucluse-communaute-communes-vaison-ventoux-sengage-avec-voltalis-7443","name":"Une premi\u00e8re dans le Vaucluse ! La Communaut\u00e9 de communes Vaison Ventoux s'engage avec Voltalis\u00a0pour le d\u00e9ploiement d'un thermostat gratuit et \u00e9cologique pour r\u00e9duire sa consommation de chauffage \u00e9lectrique - Groupe Voltalis","isPartOf":{"@id":"https:\/\/group.voltalis.com\/en\/#website"},"primaryImageOfPage":{"@id":"https:\/\/group.voltalis.com\/fr\/type-de-contenu\/communiques-de-presse\/vaucluse-communaute-communes-vaison-ventoux-sengage-avec-voltalis-7443#primaryimage"},"image":{"@id":"https:\/\/group.voltalis.com\/fr\/type-de-contenu\/communiques-de-presse\/vaucluse-communaute-communes-vaison-ventoux-sengage-avec-voltalis-7443#primaryimage"},"thumbnailUrl":"https:\/\/group.voltalis.com\/wp-content\/uploads\/2022\/10\/My-Voltalis-Ma-ConsoProgrammation-LR-4-300x200.png","datePublished":"2024-01-23T14:30:00+00:00","dateModified":"2025-09-04T13:00:19+00:00","author":{"@id":"https:\/\/group.voltalis.com\/en\/#\/schema\/person\/0b72ec21cac86d7e1ad1f55c96e0056e"},"breadcrumb":{"@id":"https:\/\/group.voltalis.com\/fr\/type-de-contenu\/communiques-de-presse\/vaucluse-communaute-communes-vaison-ventoux-sengage-avec-voltalis-7443#breadcrumb"},"inLanguage":"fr-FR","potentialAction":[{"@type":"ReadAction","target":["https:\/\/group.voltalis.com\/fr\/type-de-contenu\/communiques-de-presse\/vaucluse-communaute-communes-vaison-ventoux-sengage-avec-voltalis-7443"]}]},{"@type":"ImageObject","inLanguage":"fr-FR","@id":"https:\/\/group.voltalis.com\/fr\/type-de-contenu\/communiques-de-presse\/vaucluse-communaute-communes-vaison-ventoux-sengage-avec-voltalis-7443#primaryimage","url":"https:\/\/group.voltalis.com\/wp-content\/uploads\/2022\/10\/My-Voltalis-Ma-ConsoProgrammation-LR-4-300x200.png","contentUrl":"https:\/\/group.voltalis.com\/wp-content\/uploads\/2022\/10\/My-Voltalis-Ma-ConsoProgrammation-LR-4-300x200.png"},{"@type":"BreadcrumbList","@id":"https:\/\/group.voltalis.com\/fr\/type-de-contenu\/communiques-de-presse\/vaucluse-communaute-communes-vaison-ventoux-sengage-avec-voltalis-7443#breadcrumb","itemListElement":[{"@type":"ListItem","position":1,"name":"Home","item":"https:\/\/group.voltalis.com\/fr"},{"@type":"ListItem","position":2,"name":"Une premi\u00e8re dans le Vaucluse ! La Communaut\u00e9 de communes Vaison Ventoux s&#8217;engage avec Voltalis\u00a0pour le d\u00e9ploiement d&#8217;un thermostat gratuit et \u00e9cologique pour r\u00e9duire sa consommation de chauffage \u00e9lectrique"}]},{"@type":"WebSite","@id":"https:\/\/group.voltalis.com\/en\/#website","url":"https:\/\/group.voltalis.com\/en\/","name":"Groupe Voltalis","description":"Bien plus que des \u00e9conomies d&#039;\u00e9nergie","potentialAction":[{"@type":"SearchAction","target":{"@type":"EntryPoint","urlTemplate":"https:\/\/group.voltalis.com\/en\/?s={search_term_string}"},"query-input":{"@type":"PropertyValueSpecification","valueRequired":true,"valueName":"search_term_string"}}],"inLanguage":"fr-FR"},{"@type":"Person","@id":"https:\/\/group.voltalis.com\/en\/#\/schema\/person\/0b72ec21cac86d7e1ad1f55c96e0056e","name":"Emma Corson","image":{"@type":"ImageObject","inLanguage":"fr-FR","@id":"https:\/\/secure.gravatar.com\/avatar\/c31b10fc9fd80670f3cae550df1692fb6e6f5a3e2941ed270ec82834eeefc649?s=96&d=mm&r=g","url":"https:\/\/secure.gravatar.com\/avatar\/c31b10fc9fd80670f3cae550df1692fb6e6f5a3e2941ed270ec82834eeefc649?s=96&d=mm&r=g","contentUrl":"https:\/\/secure.gravatar.com\/avatar\/c31b10fc9fd80670f3cae550df1692fb6e6f5a3e2941ed270ec82834eeefc649?s=96&d=mm&r=g","caption":"Emma Corson"},"url":"https:\/\/group.voltalis.com\/fr\/author\/emma-corson"}]}},"_links":{"self":[{"href":"https:\/\/group.voltalis.com\/fr\/wp-json\/wp\/v2\/posts\/7443","targetHints":{"allow":["GET"]}}],"collection":[{"href":"https:\/\/group.voltalis.com\/fr\/wp-json\/wp\/v2\/posts"}],"about":[{"href":"https:\/\/group.voltalis.com\/fr\/wp-json\/wp\/v2\/types\/post"}],"author":[{"embeddable":true,"href":"https:\/\/group.voltalis.com\/fr\/wp-json\/wp\/v2\/users\/9"}],"replies":[{"embeddable":true,"href":"https:\/\/group.voltalis.com\/fr\/wp-json\/wp\/v2\/comments?post=7443"}],"version-history":[{"count":1,"href":"https:\/\/group.voltalis.com\/fr\/wp-json\/wp\/v2\/posts\/7443\/revisions"}],"predecessor-version":[{"id":10361,"href":"https:\/\/group.voltalis.com\/fr\/wp-json\/wp\/v2\/posts\/7443\/revisions\/10361"}],"wp:attachment":[{"href":"https:\/\/group.voltalis.com\/fr\/wp-json\/wp\/v2\/media?parent=7443"}],"wp:term":[{"taxonomy":"category","embeddable":true,"href":"https:\/\/group.voltalis.com\/fr\/wp-json\/wp\/v2\/categories?post=7443"},{"taxonomy":"post_tag","embeddable":true,"href":"https:\/\/group.voltalis.com\/fr\/wp-json\/wp\/v2\/tags?post=7443"}],"curies":[{"name":"wp","href":"https:\/\/api.w.org\/{rel}","templated":true}]}}