{"id":7553,"date":"2024-02-06T15:05:00","date_gmt":"2024-02-06T14:05:00","guid":{"rendered":"https:\/\/group.voltalis.com\/?p=7553"},"modified":"2025-09-04T15:17:28","modified_gmt":"2025-09-04T13:17:28","slug":"samsung-voltalis-offre-demand-response","status":"publish","type":"post","link":"https:\/\/group.voltalis.com\/fr\/type-de-contenu\/communiques-de-presse\/samsung-voltalis-offre-demand-response-7553","title":{"rendered":"Samsung et Voltalis s&rsquo;associent pour d\u00e9velopper une offre de Demand Response valorisant la flexibilit\u00e9 de millions d&rsquo;appareils connect\u00e9s et intelligents"},"content":{"rendered":"\n<p>Voltalis et Samsung collaborent pour valoriser le potentiel de flexibilit\u00e9 des appareils Samsung et contribuer \u00e0 l&rsquo;\u00e9quilibrage du r\u00e9seau \u00e9lectrique, une technologie appel\u00e9e <em>Demand Response<\/em>. En alliant l\u2019expertise compl\u00e9mentaire de Voltalis et celle de Samsung, comme le mode SmartThings AI Energy, int\u00e9gr\u00e9 dans des millions de produits dans le monde tels que les pompes \u00e0 chaleur, les deux acteurs ambitionnent de fournir des sources de flexibilit\u00e9 suppl\u00e9mentaires au r\u00e9seau \u00e9lectrique mondial.<\/p>\n\n\n\n<p>La flexibilit\u00e9 du r\u00e9seau est un \u00e9l\u00e9ment cl\u00e9 de la transition \u00e9nerg\u00e9tique, car elle permet le d\u00e9ploiement de sources d&rsquo;\u00e9nergie renouvelables suppl\u00e9mentaires, garantit l&rsquo;approvisionnement en \u00e9lectricit\u00e9 et aide \u00e0 la d\u00e9carbonation des r\u00e9seaux \u00e9lectriques. Cette collaboration pourrait contribuer \u00e0 \u00e9viter d\u2019\u00e9ventuels blackouts tout en permettant aux utilisateurs finaux de Samsung de r\u00e9aliser des \u00e9conomies d&rsquo;\u00e9nergie, dans un contexte de prix de l&rsquo;\u00e9lectricit\u00e9 \u00e9lev\u00e9s. Voltalis et Samsung ont l&rsquo;intention de lancer \u00e0 terme une offre commune de <em>Demand Response.<\/em><\/p>\n\n\n\n<p><em>\u00ab\u00a0Ce partenariat mondial avec Samsung fait directement \u00e9cho aux objectifs de Voltalis d\u2019augmenter le volume d\u2019appareils connect\u00e9s \u00e0 sa plateforme. La conjugaison de nos capacit\u00e9s d\u2019innovation va ouvrir une nouvelle voie dans le pilotage intelligent des usages de demain sur les march\u00e9s de la flexibilit\u00e9, au b\u00e9n\u00e9fice des consommateurs\u00a0\u00bb,<\/em> commente <strong>S\u00e9bastien Condom, Senior Vice President chez Voltalis<\/strong>.<\/p>\n\n\n\n<p><em>\u00ab\u00a0Nous sommes ravis de collaborer avec Voltalis pour innover dans le pilotage de la consommation r\u00e9sidentielle \u00e0 travers les appareils connect\u00e9s et intelligents de Samsung, b\u00e9n\u00e9ficiant de la technologie SmartThings Energy. Nous sommes impatients de proposer \u00e0 nos clients des modes de vie durables gr\u00e2ce \u00e0 notre partenariat\u00a0\u00bb,<\/em> ajoute <strong>Chanwoo Park, vice-pr\u00e9sident ex\u00e9cutif de Samsung Electronics.<\/strong><\/p>\n\n\n\n<div style=\"height:24px\" aria-hidden=\"true\" class=\"wp-block-spacer\"><\/div>\n\n\n\n<p>Le partenariat sera d\u00e9ploy\u00e9 tout au long de l\u2019ann\u00e9e, en commen\u00e7ant par la France avant de s&rsquo;\u00e9tendre \u00e0 d&rsquo;autres pays dans le monde.<\/p>\n\n\n\n<div style=\"height:24px\" aria-hidden=\"true\" class=\"wp-block-spacer\"><\/div>\n\n\n\n<p><strong>Contacts presse<\/strong><\/p>\n\n\n\n<figure class=\"wp-block-table is-style-regular\"><table><tbody><tr><td class=\"has-text-align-center\" data-align=\"center\"><strong>Evelyne Leli\u00e8vre-Matoux<\/strong><br>Relations presse Voltalis<br>+33 (0)6 62 82 90 32<br><a href=\"mailto:presse@voltalis.com\" target=\"_blank\" rel=\"noreferrer noopener\">presse@voltalis.com<\/a><\/td><td class=\"has-text-align-center\" data-align=\"center\"><strong>Agence Shan (Voltalis)<\/strong><br><strong>Anne-Laure Daulier &#8211; consultante<\/strong><br>+33 (0)6 28 59 50 38<br><a href=\"mailto:al.daulier@shan.fr\">voltalis@shan.fr<\/a><\/td><\/tr><\/tbody><\/table><\/figure>\n\n\n\n<div class=\"wp-block-buttons is-content-justification-center is-layout-flex wp-container-core-buttons-is-layout-16018d1d wp-block-buttons-is-layout-flex\">\n<div class=\"wp-block-button\"><a class=\"wp-block-button__link has-white-color has-text-color has-background has-link-color has-text-align-center wp-element-button\" href=\"https:\/\/group.voltalis.com\/wp-content\/uploads\/2024\/02\/Communique-de-presse-Samsung_Voltalis_06022024.pdf\" style=\"border-radius:5px;background-color:#4dbef7\" target=\"_blank\" rel=\"noreferrer noopener\"><strong>T\u00e9l\u00e9charger le communiqu\u00e9 de presse<\/strong><\/a><\/div>\n<\/div>\n","protected":false},"excerpt":{"rendered":"<p>Voltalis et Samsung collaborent pour valoriser le potentiel de flexibilit\u00e9 des appareils Samsung et contribuer \u00e0 l&rsquo;\u00e9quilibrage du r\u00e9seau \u00e9lectrique, une technologie appel\u00e9e Demand Response. En alliant l\u2019expertise compl\u00e9mentaire de Voltalis et celle de Samsung, comme le mode SmartThings AI Energy, int\u00e9gr\u00e9 dans des millions de produits dans le monde tels que les pompes \u00e0 [&hellip;]<\/p>\n","protected":false},"author":9,"featured_media":0,"comment_status":"open","ping_status":"closed","sticky":false,"template":"","format":"standard","meta":{"_acf_changed":false,"inline_featured_image":false,"footnotes":""},"categories":[200,3],"tags":[],"class_list":["post-7553","post","type-post","status-publish","format-standard","hentry","category-entreprise","category-communiques-de-presse"],"acf":[],"yoast_head":"<!-- This site is optimized with the Yoast SEO plugin v27.5 - https:\/\/yoast.com\/product\/yoast-seo-wordpress\/ -->\n<title>Samsung et Voltalis s&#039;associent pour d\u00e9velopper une offre de Demand Response valorisant la flexibilit\u00e9 de millions d&#039;appareils connect\u00e9s et intelligents - Groupe Voltalis<\/title>\n<meta name=\"robots\" content=\"index, follow, max-snippet:-1, max-image-preview:large, max-video-preview:-1\" \/>\n<link rel=\"canonical\" href=\"https:\/\/group.voltalis.com\/fr\/type-de-contenu\/communiques-de-presse\/samsung-voltalis-offre-demand-response-7553\" \/>\n<meta property=\"og:locale\" content=\"fr_FR\" \/>\n<meta property=\"og:type\" content=\"article\" \/>\n<meta property=\"og:title\" content=\"Samsung et Voltalis s&#039;associent pour d\u00e9velopper une offre de Demand Response valorisant la flexibilit\u00e9 de millions d&#039;appareils connect\u00e9s et intelligents - Groupe Voltalis\" \/>\n<meta property=\"og:description\" content=\"Voltalis et Samsung collaborent pour valoriser le potentiel de flexibilit\u00e9 des appareils Samsung et contribuer \u00e0 l&rsquo;\u00e9quilibrage du r\u00e9seau \u00e9lectrique, une technologie appel\u00e9e Demand Response. En alliant l\u2019expertise compl\u00e9mentaire de Voltalis et celle de Samsung, comme le mode SmartThings AI Energy, int\u00e9gr\u00e9 dans des millions de produits dans le monde tels que les pompes \u00e0 [&hellip;]\" \/>\n<meta property=\"og:url\" content=\"https:\/\/group.voltalis.com\/fr\/type-de-contenu\/communiques-de-presse\/samsung-voltalis-offre-demand-response-7553\" \/>\n<meta property=\"og:site_name\" content=\"Groupe Voltalis\" \/>\n<meta property=\"article:publisher\" content=\"https:\/\/www.facebook.com\/pages\/category\/Product-Service\/Voltalis-178720392179068\/\" \/>\n<meta property=\"article:published_time\" content=\"2024-02-06T14:05:00+00:00\" \/>\n<meta property=\"article:modified_time\" content=\"2025-09-04T13:17:28+00:00\" \/>\n<meta name=\"author\" content=\"Emma Corson\" \/>\n<meta name=\"twitter:card\" content=\"summary_large_image\" \/>\n<meta name=\"twitter:label1\" content=\"\u00c9crit par\" \/>\n\t<meta name=\"twitter:data1\" content=\"Emma Corson\" \/>\n\t<meta name=\"twitter:label2\" content=\"Dur\u00e9e de lecture estim\u00e9e\" \/>\n\t<meta name=\"twitter:data2\" content=\"2 minutes\" \/>\n<script type=\"application\/ld+json\" class=\"yoast-schema-graph\">{\"@context\":\"https:\\\/\\\/schema.org\",\"@graph\":[{\"@type\":\"Article\",\"@id\":\"https:\\\/\\\/group.voltalis.com\\\/fr\\\/type-de-contenu\\\/communiques-de-presse\\\/samsung-voltalis-offre-demand-response-7553#article\",\"isPartOf\":{\"@id\":\"https:\\\/\\\/group.voltalis.com\\\/fr\\\/type-de-contenu\\\/communiques-de-presse\\\/samsung-voltalis-offre-demand-response-7553\"},\"author\":{\"name\":\"Emma Corson\",\"@id\":\"https:\\\/\\\/group.voltalis.com\\\/en\\\/#\\\/schema\\\/person\\\/0b72ec21cac86d7e1ad1f55c96e0056e\"},\"headline\":\"Samsung et Voltalis s&rsquo;associent pour d\u00e9velopper une offre de Demand Response valorisant la flexibilit\u00e9 de millions d&rsquo;appareils connect\u00e9s et intelligents\",\"datePublished\":\"2024-02-06T14:05:00+00:00\",\"dateModified\":\"2025-09-04T13:17:28+00:00\",\"mainEntityOfPage\":{\"@id\":\"https:\\\/\\\/group.voltalis.com\\\/fr\\\/type-de-contenu\\\/communiques-de-presse\\\/samsung-voltalis-offre-demand-response-7553\"},\"wordCount\":367,\"commentCount\":0,\"articleSection\":[\"Entreprise\",\"Communiqu\u00e9s\"],\"inLanguage\":\"fr-FR\"},{\"@type\":\"WebPage\",\"@id\":\"https:\\\/\\\/group.voltalis.com\\\/fr\\\/type-de-contenu\\\/communiques-de-presse\\\/samsung-voltalis-offre-demand-response-7553\",\"url\":\"https:\\\/\\\/group.voltalis.com\\\/fr\\\/type-de-contenu\\\/communiques-de-presse\\\/samsung-voltalis-offre-demand-response-7553\",\"name\":\"Samsung et Voltalis s'associent pour d\u00e9velopper une offre de Demand Response valorisant la flexibilit\u00e9 de millions d'appareils connect\u00e9s et intelligents - Groupe Voltalis\",\"isPartOf\":{\"@id\":\"https:\\\/\\\/group.voltalis.com\\\/en\\\/#website\"},\"datePublished\":\"2024-02-06T14:05:00+00:00\",\"dateModified\":\"2025-09-04T13:17:28+00:00\",\"author\":{\"@id\":\"https:\\\/\\\/group.voltalis.com\\\/en\\\/#\\\/schema\\\/person\\\/0b72ec21cac86d7e1ad1f55c96e0056e\"},\"breadcrumb\":{\"@id\":\"https:\\\/\\\/group.voltalis.com\\\/fr\\\/type-de-contenu\\\/communiques-de-presse\\\/samsung-voltalis-offre-demand-response-7553#breadcrumb\"},\"inLanguage\":\"fr-FR\",\"potentialAction\":[{\"@type\":\"ReadAction\",\"target\":[\"https:\\\/\\\/group.voltalis.com\\\/fr\\\/type-de-contenu\\\/communiques-de-presse\\\/samsung-voltalis-offre-demand-response-7553\"]}]},{\"@type\":\"BreadcrumbList\",\"@id\":\"https:\\\/\\\/group.voltalis.com\\\/fr\\\/type-de-contenu\\\/communiques-de-presse\\\/samsung-voltalis-offre-demand-response-7553#breadcrumb\",\"itemListElement\":[{\"@type\":\"ListItem\",\"position\":1,\"name\":\"Home\",\"item\":\"https:\\\/\\\/group.voltalis.com\\\/fr\"},{\"@type\":\"ListItem\",\"position\":2,\"name\":\"Samsung et Voltalis s&#8217;associent pour d\u00e9velopper une offre de Demand Response valorisant la flexibilit\u00e9 de millions d&#8217;appareils connect\u00e9s et intelligents\"}]},{\"@type\":\"WebSite\",\"@id\":\"https:\\\/\\\/group.voltalis.com\\\/en\\\/#website\",\"url\":\"https:\\\/\\\/group.voltalis.com\\\/en\\\/\",\"name\":\"Groupe Voltalis\",\"description\":\"Bien plus que des \u00e9conomies d&#039;\u00e9nergie\",\"potentialAction\":[{\"@type\":\"SearchAction\",\"target\":{\"@type\":\"EntryPoint\",\"urlTemplate\":\"https:\\\/\\\/group.voltalis.com\\\/en\\\/?s={search_term_string}\"},\"query-input\":{\"@type\":\"PropertyValueSpecification\",\"valueRequired\":true,\"valueName\":\"search_term_string\"}}],\"inLanguage\":\"fr-FR\"},{\"@type\":\"Person\",\"@id\":\"https:\\\/\\\/group.voltalis.com\\\/en\\\/#\\\/schema\\\/person\\\/0b72ec21cac86d7e1ad1f55c96e0056e\",\"name\":\"Emma Corson\",\"image\":{\"@type\":\"ImageObject\",\"inLanguage\":\"fr-FR\",\"@id\":\"https:\\\/\\\/secure.gravatar.com\\\/avatar\\\/c31b10fc9fd80670f3cae550df1692fb6e6f5a3e2941ed270ec82834eeefc649?s=96&d=mm&r=g\",\"url\":\"https:\\\/\\\/secure.gravatar.com\\\/avatar\\\/c31b10fc9fd80670f3cae550df1692fb6e6f5a3e2941ed270ec82834eeefc649?s=96&d=mm&r=g\",\"contentUrl\":\"https:\\\/\\\/secure.gravatar.com\\\/avatar\\\/c31b10fc9fd80670f3cae550df1692fb6e6f5a3e2941ed270ec82834eeefc649?s=96&d=mm&r=g\",\"caption\":\"Emma Corson\"},\"url\":\"https:\\\/\\\/group.voltalis.com\\\/fr\\\/author\\\/emma-corson\"}]}<\/script>\n<!-- \/ Yoast SEO plugin. -->","yoast_head_json":{"title":"Samsung et Voltalis s'associent pour d\u00e9velopper une offre de Demand Response valorisant la flexibilit\u00e9 de millions d'appareils connect\u00e9s et intelligents - Groupe Voltalis","robots":{"index":"index","follow":"follow","max-snippet":"max-snippet:-1","max-image-preview":"max-image-preview:large","max-video-preview":"max-video-preview:-1"},"canonical":"https:\/\/group.voltalis.com\/fr\/type-de-contenu\/communiques-de-presse\/samsung-voltalis-offre-demand-response-7553","og_locale":"fr_FR","og_type":"article","og_title":"Samsung et Voltalis s'associent pour d\u00e9velopper une offre de Demand Response valorisant la flexibilit\u00e9 de millions d'appareils connect\u00e9s et intelligents - Groupe Voltalis","og_description":"Voltalis et Samsung collaborent pour valoriser le potentiel de flexibilit\u00e9 des appareils Samsung et contribuer \u00e0 l&rsquo;\u00e9quilibrage du r\u00e9seau \u00e9lectrique, une technologie appel\u00e9e Demand Response. En alliant l\u2019expertise compl\u00e9mentaire de Voltalis et celle de Samsung, comme le mode SmartThings AI Energy, int\u00e9gr\u00e9 dans des millions de produits dans le monde tels que les pompes \u00e0 [&hellip;]","og_url":"https:\/\/group.voltalis.com\/fr\/type-de-contenu\/communiques-de-presse\/samsung-voltalis-offre-demand-response-7553","og_site_name":"Groupe Voltalis","article_publisher":"https:\/\/www.facebook.com\/pages\/category\/Product-Service\/Voltalis-178720392179068\/","article_published_time":"2024-02-06T14:05:00+00:00","article_modified_time":"2025-09-04T13:17:28+00:00","author":"Emma Corson","twitter_card":"summary_large_image","twitter_misc":{"\u00c9crit par":"Emma Corson","Dur\u00e9e de lecture estim\u00e9e":"2 minutes"},"schema":{"@context":"https:\/\/schema.org","@graph":[{"@type":"Article","@id":"https:\/\/group.voltalis.com\/fr\/type-de-contenu\/communiques-de-presse\/samsung-voltalis-offre-demand-response-7553#article","isPartOf":{"@id":"https:\/\/group.voltalis.com\/fr\/type-de-contenu\/communiques-de-presse\/samsung-voltalis-offre-demand-response-7553"},"author":{"name":"Emma Corson","@id":"https:\/\/group.voltalis.com\/en\/#\/schema\/person\/0b72ec21cac86d7e1ad1f55c96e0056e"},"headline":"Samsung et Voltalis s&rsquo;associent pour d\u00e9velopper une offre de Demand Response valorisant la flexibilit\u00e9 de millions d&rsquo;appareils connect\u00e9s et intelligents","datePublished":"2024-02-06T14:05:00+00:00","dateModified":"2025-09-04T13:17:28+00:00","mainEntityOfPage":{"@id":"https:\/\/group.voltalis.com\/fr\/type-de-contenu\/communiques-de-presse\/samsung-voltalis-offre-demand-response-7553"},"wordCount":367,"commentCount":0,"articleSection":["Entreprise","Communiqu\u00e9s"],"inLanguage":"fr-FR"},{"@type":"WebPage","@id":"https:\/\/group.voltalis.com\/fr\/type-de-contenu\/communiques-de-presse\/samsung-voltalis-offre-demand-response-7553","url":"https:\/\/group.voltalis.com\/fr\/type-de-contenu\/communiques-de-presse\/samsung-voltalis-offre-demand-response-7553","name":"Samsung et Voltalis s'associent pour d\u00e9velopper une offre de Demand Response valorisant la flexibilit\u00e9 de millions d'appareils connect\u00e9s et intelligents - Groupe Voltalis","isPartOf":{"@id":"https:\/\/group.voltalis.com\/en\/#website"},"datePublished":"2024-02-06T14:05:00+00:00","dateModified":"2025-09-04T13:17:28+00:00","author":{"@id":"https:\/\/group.voltalis.com\/en\/#\/schema\/person\/0b72ec21cac86d7e1ad1f55c96e0056e"},"breadcrumb":{"@id":"https:\/\/group.voltalis.com\/fr\/type-de-contenu\/communiques-de-presse\/samsung-voltalis-offre-demand-response-7553#breadcrumb"},"inLanguage":"fr-FR","potentialAction":[{"@type":"ReadAction","target":["https:\/\/group.voltalis.com\/fr\/type-de-contenu\/communiques-de-presse\/samsung-voltalis-offre-demand-response-7553"]}]},{"@type":"BreadcrumbList","@id":"https:\/\/group.voltalis.com\/fr\/type-de-contenu\/communiques-de-presse\/samsung-voltalis-offre-demand-response-7553#breadcrumb","itemListElement":[{"@type":"ListItem","position":1,"name":"Home","item":"https:\/\/group.voltalis.com\/fr"},{"@type":"ListItem","position":2,"name":"Samsung et Voltalis s&#8217;associent pour d\u00e9velopper une offre de Demand Response valorisant la flexibilit\u00e9 de millions d&#8217;appareils connect\u00e9s et intelligents"}]},{"@type":"WebSite","@id":"https:\/\/group.voltalis.com\/en\/#website","url":"https:\/\/group.voltalis.com\/en\/","name":"Groupe Voltalis","description":"Bien plus que des \u00e9conomies d&#039;\u00e9nergie","potentialAction":[{"@type":"SearchAction","target":{"@type":"EntryPoint","urlTemplate":"https:\/\/group.voltalis.com\/en\/?s={search_term_string}"},"query-input":{"@type":"PropertyValueSpecification","valueRequired":true,"valueName":"search_term_string"}}],"inLanguage":"fr-FR"},{"@type":"Person","@id":"https:\/\/group.voltalis.com\/en\/#\/schema\/person\/0b72ec21cac86d7e1ad1f55c96e0056e","name":"Emma Corson","image":{"@type":"ImageObject","inLanguage":"fr-FR","@id":"https:\/\/secure.gravatar.com\/avatar\/c31b10fc9fd80670f3cae550df1692fb6e6f5a3e2941ed270ec82834eeefc649?s=96&d=mm&r=g","url":"https:\/\/secure.gravatar.com\/avatar\/c31b10fc9fd80670f3cae550df1692fb6e6f5a3e2941ed270ec82834eeefc649?s=96&d=mm&r=g","contentUrl":"https:\/\/secure.gravatar.com\/avatar\/c31b10fc9fd80670f3cae550df1692fb6e6f5a3e2941ed270ec82834eeefc649?s=96&d=mm&r=g","caption":"Emma Corson"},"url":"https:\/\/group.voltalis.com\/fr\/author\/emma-corson"}]}},"_links":{"self":[{"href":"https:\/\/group.voltalis.com\/fr\/wp-json\/wp\/v2\/posts\/7553","targetHints":{"allow":["GET"]}}],"collection":[{"href":"https:\/\/group.voltalis.com\/fr\/wp-json\/wp\/v2\/posts"}],"about":[{"href":"https:\/\/group.voltalis.com\/fr\/wp-json\/wp\/v2\/types\/post"}],"author":[{"embeddable":true,"href":"https:\/\/group.voltalis.com\/fr\/wp-json\/wp\/v2\/users\/9"}],"replies":[{"embeddable":true,"href":"https:\/\/group.voltalis.com\/fr\/wp-json\/wp\/v2\/comments?post=7553"}],"version-history":[{"count":1,"href":"https:\/\/group.voltalis.com\/fr\/wp-json\/wp\/v2\/posts\/7553\/revisions"}],"predecessor-version":[{"id":10376,"href":"https:\/\/group.voltalis.com\/fr\/wp-json\/wp\/v2\/posts\/7553\/revisions\/10376"}],"wp:attachment":[{"href":"https:\/\/group.voltalis.com\/fr\/wp-json\/wp\/v2\/media?parent=7553"}],"wp:term":[{"taxonomy":"category","embeddable":true,"href":"https:\/\/group.voltalis.com\/fr\/wp-json\/wp\/v2\/categories?post=7553"},{"taxonomy":"post_tag","embeddable":true,"href":"https:\/\/group.voltalis.com\/fr\/wp-json\/wp\/v2\/tags?post=7553"}],"curies":[{"name":"wp","href":"https:\/\/api.w.org\/{rel}","templated":true}]}}