{"id":7570,"date":"2024-01-23T09:41:00","date_gmt":"2024-01-23T08:41:00","guid":{"rendered":"https:\/\/group.voltalis.com\/?p=7570"},"modified":"2025-09-05T09:55:07","modified_gmt":"2025-09-05T07:55:07","slug":"agglomeration-du-pays-de-lor","status":"publish","type":"post","link":"https:\/\/group.voltalis.com\/fr\/categorie\/collectivites\/agglomeration-du-pays-de-lor-7570","title":{"rendered":"Gr\u00e2ce \u00e0 l\u2019installation des thermostats connect\u00e9s Voltalis sur son territoire, l\u2019Agglom\u00e9ration du Pays de l\u2019Or a fait \u00e9conomiser pr\u00e8s de 35 000 euros \u00e0 ses habitants !"},"content":{"rendered":"\n<p><strong>R\u00e9duire de 25 % les consommations d\u2019\u00e9nergie de ses communes, c\u2019est l\u2019objectif que s\u2019est fix\u00e9 l\u2019Agglom\u00e9ration du Pays de l\u2019Or en vue des cinq prochaines ann\u00e9es. En ce sens, son partenariat avec la solution gratuite Voltalis, qui permet aux habitants chauff\u00e9s \u00e0 l\u2019\u00e9lectrique de mieux contr\u00f4ler et de r\u00e9duire leur consommation d\u2019\u00e9lectricit\u00e9, a port\u00e9 ses fruits.<\/strong><\/p>\n\n\n\n<p>Depuis septembre 2022, pr\u00e8s de 200 foyers et entreprises des communes de Mauguio, Palavas-les-Flots et de La Grande-Motte ont vu leurs factures d\u2019\u00e9lectricit\u00e9 annuelles baisser de 15 %. En d\u2019autres termes, ces \u00e9conomies correspondent \u00e0 une r\u00e9duction des \u00e9missions sur le territoire de 61 tonnes de CO<sub>2<\/sub>, soient 136 MWh \u00e9vit\u00e9s ou l\u2019\u00e9quivalent de 280\u00a0500 km non parcourus en v\u00e9hicule diesel r\u00e9cent.<\/p>\n\n\n\n<p>Cette action, qui s\u2019inscrit directement dans le Plan Climat Air \u00c9nergie Territorial (PCAET) visant \u00e0 acc\u00e9l\u00e9rer la transition \u00e9nerg\u00e9tique du territoire, aide les habitants de l\u2019agglom\u00e9ration h\u00e9raultaise \u00e0 optimiser leurs consommations \u00e0 la faveur des \u00e9nergies renouvelables.<\/p>\n\n\n\n<div style=\"height:15px\" aria-hidden=\"true\" class=\"wp-block-spacer\"><\/div>\n\n\n\n<p class=\"has-medium-font-size\"><strong>Une solution gratuite, en faveur de l\u2019environnement et du pouvoir d\u2019achat<\/strong><\/p>\n\n\n\n<p>Voltalis contribue \u00e0 l\u2019effort national de sobri\u00e9t\u00e9 et \u00e0 la s\u00e9curisation de l\u2019approvisionnement \u00e9nerg\u00e9tique de tous. Le thermostat connect\u00e9 combine en effet un potentiel d\u2019\u00e9conomies d\u2019\u00e9nergie de 15 % pour les consommateurs et jusqu\u2019\u00e0 70 % de baisse des \u00e9missions de CO<sub>2<\/sub> du logement.<\/p>\n\n\n\n<p>Pour y parvenir, Voltalis installe gratuitement un petit bo\u00eetier connect\u00e9 sur chacun des radiateurs du logement ou du local professionnel pour les rendre plus intelligents et programmables.<\/p>\n\n\n<div class=\"wp-block-image\">\n<figure class=\"alignright size-full is-resized\"><img loading=\"lazy\" decoding=\"async\" width=\"608\" height=\"456\" src=\"https:\/\/group.voltalis.com\/wp-content\/uploads\/2024\/02\/Myvoltalis-edited.png\" alt=\"\" class=\"wp-image-7576\" style=\"width:355px;height:auto\" srcset=\"https:\/\/group.voltalis.com\/wp-content\/uploads\/2024\/02\/Myvoltalis-edited.png 608w, https:\/\/group.voltalis.com\/wp-content\/uploads\/2024\/02\/Myvoltalis-edited-300x225.png 300w\" sizes=\"auto, (max-width: 608px) 100vw, 608px\" \/><\/figure>\n<\/div>\n\n\n<p>A travers son espace personnel en ligne, l\u2019adh\u00e9rent a la possibilit\u00e9 de commander ses radiateurs \u00e0 distance, en d\u00e9finissant une temp\u00e9rature pour chaque pi\u00e8ce et en programmant leur fonctionnement en fonction de ses habitudes. De plus, il a acc\u00e8s au suivi de ses consommations \u00e9lectriques par cat\u00e9gorie (chauffage, eau chaude, gros \u00e9lectrom\u00e9nager, froid, multim\u00e9dia\u2026), ce qui lui permet de g\u00e9rer leur utilisation. Les adh\u00e9rents b\u00e9n\u00e9ficient \u00e9galement d\u2019alertes et de conseils pour d\u00e9penser moins et r\u00e9duire simplement leur impact.<\/p>\n\n\n\n<p>Parall\u00e8lement, ce thermostat connect\u00e9 joue un r\u00f4le actif dans la d\u00e9carbonation et la s\u00e9curit\u00e9 de l&rsquo;approvisionnement \u00e9lectrique des Fran\u00e7ais. En effet, lors de pics de demande, en particulier pendant les p\u00e9riodes hivernales, Voltalis peut bri\u00e8vement r\u00e9duire la consommation des appareils connect\u00e9s, sans pour autant impacter le confort des utilisateurs.<\/p>\n\n\n\n<p>Cette solution vertueuse, d\u00e9j\u00e0 d\u00e9ploy\u00e9e dans plus de 200 000 foyers et entreprises en France et en Europe, contribue \u00e0 r\u00e9duire la consommation \u00e9lectrique nationale aux moments opportuns, limitant ainsi le recours \u00e0 des centrales thermiques polluantes fonctionnant au gaz, au fioul ou au charbon. Elle participe \u00e0 la r\u00e9duction des risques de d\u00e9lestages ou de coupures sur le r\u00e9seau.<\/p>\n\n\n\n<div style=\"height:15px\" aria-hidden=\"true\" class=\"wp-block-spacer\"><\/div>\n\n\n\n<p class=\"has-medium-font-size\"><strong>Il est toujours temps d\u2019en<\/strong><strong> <\/strong><strong>b\u00e9n\u00e9ficier&nbsp;!<\/strong><\/p>\n\n\n\n<p>Le d\u00e9ploiement de la solution est toujours en cours. Les \u00e9quipes de Voltalis sont pr\u00e9sentes sur le territoire et en capacit\u00e9 d\u2019intervenir sur l\u2019agglom\u00e9ration du Pays de l\u2019Or pour installer le thermostat connect\u00e9 chez les particuliers qui le souhaitent. Pour en b\u00e9n\u00e9ficier, il suffit d\u2019en faire la demande aupr\u00e8s de Voltalis et de fixer un rendez-vous d\u2019installation avec un technicien agr\u00e9\u00e9. En 2h30 en moyenne, il installe un boitier connect\u00e9 sur chacun des radiateurs \u00e9lectriques.<\/p>\n\n\n\n<p>Tous les habitants peuvent \u00e9galement solliciter l&rsquo;installation de ce thermostat connect\u00e9 en contactant Voltalis&nbsp;: <strong>05 40 25 69 96 <\/strong>ou par mail&nbsp;:<strong>paysdelor@voltalis.com<\/strong><\/p>\n\n\n\n<div style=\"height:15px\" aria-hidden=\"true\" class=\"wp-block-spacer\"><\/div>\n\n\n\n<p><strong>Contacts presse&nbsp;:<\/strong><\/p>\n\n\n\n<figure class=\"wp-block-table\"><table><tbody><tr><td><strong>Agglom\u00e9ration du Pays de l&rsquo;Or <\/strong>: St\u00e9phanie DUMAGEL<br>stephanie.dumagel@paysdelor.fr<\/td><td><strong>Voltalis<\/strong> : Anne-Laure DAULIER &#8211; Agence Shan<br>voltalis@shan.fr &#8211; 06 28 59 50 38<\/td><\/tr><\/tbody><\/table><\/figure>\n\n\n\n<div class=\"wp-block-buttons is-content-justification-center is-layout-flex wp-container-core-buttons-is-layout-16018d1d wp-block-buttons-is-layout-flex\">\n<div class=\"wp-block-button\"><a class=\"wp-block-button__link has-white-color has-text-color has-background has-link-color has-text-align-center wp-element-button\" href=\"https:\/\/group.voltalis.com\/wp-content\/uploads\/2024\/02\/CP-relance-Pays-de-lOr-Voltalis.pdf\" style=\"border-radius:5px;background-color:#4dbef7\" target=\"_blank\" rel=\"noreferrer noopener\"><strong>T\u00e9l\u00e9charger le communiqu\u00e9 de presse<\/strong><\/a><\/div>\n<\/div>\n","protected":false},"excerpt":{"rendered":"<p>R\u00e9duire de 25 % les consommations d\u2019\u00e9nergie de ses communes, c\u2019est l\u2019objectif que s\u2019est fix\u00e9 l\u2019Agglom\u00e9ration du Pays de l\u2019Or en vue des cinq prochaines ann\u00e9es. En ce sens, son partenariat avec la solution gratuite Voltalis, qui permet aux habitants chauff\u00e9s \u00e0 l\u2019\u00e9lectrique de mieux contr\u00f4ler et de r\u00e9duire leur consommation d\u2019\u00e9lectricit\u00e9, a port\u00e9 ses [&hellip;]<\/p>\n","protected":false},"author":9,"featured_media":0,"comment_status":"open","ping_status":"closed","sticky":false,"template":"","format":"standard","meta":{"_acf_changed":false,"inline_featured_image":false,"footnotes":""},"categories":[199,3,38],"tags":[],"class_list":["post-7570","post","type-post","status-publish","format-standard","hentry","category-collectivites","category-communiques-de-presse","category-press-releases"],"acf":[],"yoast_head":"<!-- This site is optimized with the Yoast SEO plugin v27.5 - https:\/\/yoast.com\/product\/yoast-seo-wordpress\/ -->\n<title>Gr\u00e2ce \u00e0 l\u2019installation des thermostats connect\u00e9s Voltalis sur son territoire, l\u2019Agglom\u00e9ration du Pays de l\u2019Or a fait \u00e9conomiser pr\u00e8s de 35 000 euros \u00e0 ses habitants ! - Groupe Voltalis<\/title>\n<meta name=\"robots\" content=\"index, follow, max-snippet:-1, max-image-preview:large, max-video-preview:-1\" \/>\n<link rel=\"canonical\" href=\"https:\/\/group.voltalis.com\/fr\/categorie\/collectivites\/agglomeration-du-pays-de-lor-7570\" \/>\n<meta property=\"og:locale\" content=\"fr_FR\" \/>\n<meta property=\"og:type\" content=\"article\" \/>\n<meta property=\"og:title\" content=\"Gr\u00e2ce \u00e0 l\u2019installation des thermostats connect\u00e9s Voltalis sur son territoire, l\u2019Agglom\u00e9ration du Pays de l\u2019Or a fait \u00e9conomiser pr\u00e8s de 35 000 euros \u00e0 ses habitants ! - Groupe Voltalis\" \/>\n<meta property=\"og:description\" content=\"R\u00e9duire de 25 % les consommations d\u2019\u00e9nergie de ses communes, c\u2019est l\u2019objectif que s\u2019est fix\u00e9 l\u2019Agglom\u00e9ration du Pays de l\u2019Or en vue des cinq prochaines ann\u00e9es. En ce sens, son partenariat avec la solution gratuite Voltalis, qui permet aux habitants chauff\u00e9s \u00e0 l\u2019\u00e9lectrique de mieux contr\u00f4ler et de r\u00e9duire leur consommation d\u2019\u00e9lectricit\u00e9, a port\u00e9 ses [&hellip;]\" \/>\n<meta property=\"og:url\" content=\"https:\/\/group.voltalis.com\/fr\/categorie\/collectivites\/agglomeration-du-pays-de-lor-7570\" \/>\n<meta property=\"og:site_name\" content=\"Groupe Voltalis\" \/>\n<meta property=\"article:publisher\" content=\"https:\/\/www.facebook.com\/pages\/category\/Product-Service\/Voltalis-178720392179068\/\" \/>\n<meta property=\"article:published_time\" content=\"2024-01-23T08:41:00+00:00\" \/>\n<meta property=\"article:modified_time\" content=\"2025-09-05T07:55:07+00:00\" \/>\n<meta property=\"og:image\" content=\"https:\/\/group.voltalis.com\/wp-content\/uploads\/2024\/02\/Myvoltalis-edited.png\" \/>\n\t<meta property=\"og:image:width\" content=\"608\" \/>\n\t<meta property=\"og:image:height\" content=\"456\" \/>\n\t<meta property=\"og:image:type\" content=\"image\/png\" \/>\n<meta name=\"author\" content=\"Emma Corson\" \/>\n<meta name=\"twitter:card\" content=\"summary_large_image\" \/>\n<meta name=\"twitter:label1\" content=\"\u00c9crit par\" \/>\n\t<meta name=\"twitter:data1\" content=\"Emma Corson\" \/>\n\t<meta name=\"twitter:label2\" content=\"Dur\u00e9e de lecture estim\u00e9e\" \/>\n\t<meta name=\"twitter:data2\" content=\"3 minutes\" \/>\n<script type=\"application\/ld+json\" class=\"yoast-schema-graph\">{\"@context\":\"https:\\\/\\\/schema.org\",\"@graph\":[{\"@type\":\"Article\",\"@id\":\"https:\\\/\\\/group.voltalis.com\\\/fr\\\/categorie\\\/collectivites\\\/agglomeration-du-pays-de-lor-7570#article\",\"isPartOf\":{\"@id\":\"https:\\\/\\\/group.voltalis.com\\\/fr\\\/categorie\\\/collectivites\\\/agglomeration-du-pays-de-lor-7570\"},\"author\":{\"name\":\"Emma Corson\",\"@id\":\"https:\\\/\\\/group.voltalis.com\\\/en\\\/#\\\/schema\\\/person\\\/0b72ec21cac86d7e1ad1f55c96e0056e\"},\"headline\":\"Gr\u00e2ce \u00e0 l\u2019installation des thermostats connect\u00e9s Voltalis sur son territoire, l\u2019Agglom\u00e9ration du Pays de l\u2019Or a fait \u00e9conomiser pr\u00e8s de 35 000 euros \u00e0 ses habitants !\",\"datePublished\":\"2024-01-23T08:41:00+00:00\",\"dateModified\":\"2025-09-05T07:55:07+00:00\",\"mainEntityOfPage\":{\"@id\":\"https:\\\/\\\/group.voltalis.com\\\/fr\\\/categorie\\\/collectivites\\\/agglomeration-du-pays-de-lor-7570\"},\"wordCount\":647,\"commentCount\":0,\"image\":{\"@id\":\"https:\\\/\\\/group.voltalis.com\\\/fr\\\/categorie\\\/collectivites\\\/agglomeration-du-pays-de-lor-7570#primaryimage\"},\"thumbnailUrl\":\"https:\\\/\\\/group.voltalis.com\\\/wp-content\\\/uploads\\\/2024\\\/02\\\/Myvoltalis-edited.png\",\"articleSection\":[\"Collectivit\u00e9s\",\"Communiqu\u00e9s\",\"Press releases\"],\"inLanguage\":\"fr-FR\"},{\"@type\":\"WebPage\",\"@id\":\"https:\\\/\\\/group.voltalis.com\\\/fr\\\/categorie\\\/collectivites\\\/agglomeration-du-pays-de-lor-7570\",\"url\":\"https:\\\/\\\/group.voltalis.com\\\/fr\\\/categorie\\\/collectivites\\\/agglomeration-du-pays-de-lor-7570\",\"name\":\"Gr\u00e2ce \u00e0 l\u2019installation des thermostats connect\u00e9s Voltalis sur son territoire, l\u2019Agglom\u00e9ration du Pays de l\u2019Or a fait \u00e9conomiser pr\u00e8s de 35 000 euros \u00e0 ses habitants ! - Groupe Voltalis\",\"isPartOf\":{\"@id\":\"https:\\\/\\\/group.voltalis.com\\\/en\\\/#website\"},\"primaryImageOfPage\":{\"@id\":\"https:\\\/\\\/group.voltalis.com\\\/fr\\\/categorie\\\/collectivites\\\/agglomeration-du-pays-de-lor-7570#primaryimage\"},\"image\":{\"@id\":\"https:\\\/\\\/group.voltalis.com\\\/fr\\\/categorie\\\/collectivites\\\/agglomeration-du-pays-de-lor-7570#primaryimage\"},\"thumbnailUrl\":\"https:\\\/\\\/group.voltalis.com\\\/wp-content\\\/uploads\\\/2024\\\/02\\\/Myvoltalis-edited.png\",\"datePublished\":\"2024-01-23T08:41:00+00:00\",\"dateModified\":\"2025-09-05T07:55:07+00:00\",\"author\":{\"@id\":\"https:\\\/\\\/group.voltalis.com\\\/en\\\/#\\\/schema\\\/person\\\/0b72ec21cac86d7e1ad1f55c96e0056e\"},\"breadcrumb\":{\"@id\":\"https:\\\/\\\/group.voltalis.com\\\/fr\\\/categorie\\\/collectivites\\\/agglomeration-du-pays-de-lor-7570#breadcrumb\"},\"inLanguage\":\"fr-FR\",\"potentialAction\":[{\"@type\":\"ReadAction\",\"target\":[\"https:\\\/\\\/group.voltalis.com\\\/fr\\\/categorie\\\/collectivites\\\/agglomeration-du-pays-de-lor-7570\"]}]},{\"@type\":\"ImageObject\",\"inLanguage\":\"fr-FR\",\"@id\":\"https:\\\/\\\/group.voltalis.com\\\/fr\\\/categorie\\\/collectivites\\\/agglomeration-du-pays-de-lor-7570#primaryimage\",\"url\":\"https:\\\/\\\/group.voltalis.com\\\/wp-content\\\/uploads\\\/2024\\\/02\\\/Myvoltalis-edited.png\",\"contentUrl\":\"https:\\\/\\\/group.voltalis.com\\\/wp-content\\\/uploads\\\/2024\\\/02\\\/Myvoltalis-edited.png\"},{\"@type\":\"BreadcrumbList\",\"@id\":\"https:\\\/\\\/group.voltalis.com\\\/fr\\\/categorie\\\/collectivites\\\/agglomeration-du-pays-de-lor-7570#breadcrumb\",\"itemListElement\":[{\"@type\":\"ListItem\",\"position\":1,\"name\":\"Home\",\"item\":\"https:\\\/\\\/group.voltalis.com\\\/fr\"},{\"@type\":\"ListItem\",\"position\":2,\"name\":\"Gr\u00e2ce \u00e0 l\u2019installation des thermostats connect\u00e9s Voltalis sur son territoire, l\u2019Agglom\u00e9ration du Pays de l\u2019Or a fait \u00e9conomiser pr\u00e8s de 35 000 euros \u00e0 ses habitants !\"}]},{\"@type\":\"WebSite\",\"@id\":\"https:\\\/\\\/group.voltalis.com\\\/en\\\/#website\",\"url\":\"https:\\\/\\\/group.voltalis.com\\\/en\\\/\",\"name\":\"Groupe Voltalis\",\"description\":\"Bien plus que des \u00e9conomies d&#039;\u00e9nergie\",\"potentialAction\":[{\"@type\":\"SearchAction\",\"target\":{\"@type\":\"EntryPoint\",\"urlTemplate\":\"https:\\\/\\\/group.voltalis.com\\\/en\\\/?s={search_term_string}\"},\"query-input\":{\"@type\":\"PropertyValueSpecification\",\"valueRequired\":true,\"valueName\":\"search_term_string\"}}],\"inLanguage\":\"fr-FR\"},{\"@type\":\"Person\",\"@id\":\"https:\\\/\\\/group.voltalis.com\\\/en\\\/#\\\/schema\\\/person\\\/0b72ec21cac86d7e1ad1f55c96e0056e\",\"name\":\"Emma Corson\",\"image\":{\"@type\":\"ImageObject\",\"inLanguage\":\"fr-FR\",\"@id\":\"https:\\\/\\\/secure.gravatar.com\\\/avatar\\\/c31b10fc9fd80670f3cae550df1692fb6e6f5a3e2941ed270ec82834eeefc649?s=96&d=mm&r=g\",\"url\":\"https:\\\/\\\/secure.gravatar.com\\\/avatar\\\/c31b10fc9fd80670f3cae550df1692fb6e6f5a3e2941ed270ec82834eeefc649?s=96&d=mm&r=g\",\"contentUrl\":\"https:\\\/\\\/secure.gravatar.com\\\/avatar\\\/c31b10fc9fd80670f3cae550df1692fb6e6f5a3e2941ed270ec82834eeefc649?s=96&d=mm&r=g\",\"caption\":\"Emma Corson\"},\"url\":\"https:\\\/\\\/group.voltalis.com\\\/fr\\\/author\\\/emma-corson\"}]}<\/script>\n<!-- \/ Yoast SEO plugin. -->","yoast_head_json":{"title":"Gr\u00e2ce \u00e0 l\u2019installation des thermostats connect\u00e9s Voltalis sur son territoire, l\u2019Agglom\u00e9ration du Pays de l\u2019Or a fait \u00e9conomiser pr\u00e8s de 35 000 euros \u00e0 ses habitants ! - Groupe Voltalis","robots":{"index":"index","follow":"follow","max-snippet":"max-snippet:-1","max-image-preview":"max-image-preview:large","max-video-preview":"max-video-preview:-1"},"canonical":"https:\/\/group.voltalis.com\/fr\/categorie\/collectivites\/agglomeration-du-pays-de-lor-7570","og_locale":"fr_FR","og_type":"article","og_title":"Gr\u00e2ce \u00e0 l\u2019installation des thermostats connect\u00e9s Voltalis sur son territoire, l\u2019Agglom\u00e9ration du Pays de l\u2019Or a fait \u00e9conomiser pr\u00e8s de 35 000 euros \u00e0 ses habitants ! - Groupe Voltalis","og_description":"R\u00e9duire de 25 % les consommations d\u2019\u00e9nergie de ses communes, c\u2019est l\u2019objectif que s\u2019est fix\u00e9 l\u2019Agglom\u00e9ration du Pays de l\u2019Or en vue des cinq prochaines ann\u00e9es. En ce sens, son partenariat avec la solution gratuite Voltalis, qui permet aux habitants chauff\u00e9s \u00e0 l\u2019\u00e9lectrique de mieux contr\u00f4ler et de r\u00e9duire leur consommation d\u2019\u00e9lectricit\u00e9, a port\u00e9 ses [&hellip;]","og_url":"https:\/\/group.voltalis.com\/fr\/categorie\/collectivites\/agglomeration-du-pays-de-lor-7570","og_site_name":"Groupe Voltalis","article_publisher":"https:\/\/www.facebook.com\/pages\/category\/Product-Service\/Voltalis-178720392179068\/","article_published_time":"2024-01-23T08:41:00+00:00","article_modified_time":"2025-09-05T07:55:07+00:00","og_image":[{"width":608,"height":456,"url":"https:\/\/group.voltalis.com\/wp-content\/uploads\/2024\/02\/Myvoltalis-edited.png","type":"image\/png"}],"author":"Emma Corson","twitter_card":"summary_large_image","twitter_misc":{"\u00c9crit par":"Emma Corson","Dur\u00e9e de lecture estim\u00e9e":"3 minutes"},"schema":{"@context":"https:\/\/schema.org","@graph":[{"@type":"Article","@id":"https:\/\/group.voltalis.com\/fr\/categorie\/collectivites\/agglomeration-du-pays-de-lor-7570#article","isPartOf":{"@id":"https:\/\/group.voltalis.com\/fr\/categorie\/collectivites\/agglomeration-du-pays-de-lor-7570"},"author":{"name":"Emma Corson","@id":"https:\/\/group.voltalis.com\/en\/#\/schema\/person\/0b72ec21cac86d7e1ad1f55c96e0056e"},"headline":"Gr\u00e2ce \u00e0 l\u2019installation des thermostats connect\u00e9s Voltalis sur son territoire, l\u2019Agglom\u00e9ration du Pays de l\u2019Or a fait \u00e9conomiser pr\u00e8s de 35 000 euros \u00e0 ses habitants !","datePublished":"2024-01-23T08:41:00+00:00","dateModified":"2025-09-05T07:55:07+00:00","mainEntityOfPage":{"@id":"https:\/\/group.voltalis.com\/fr\/categorie\/collectivites\/agglomeration-du-pays-de-lor-7570"},"wordCount":647,"commentCount":0,"image":{"@id":"https:\/\/group.voltalis.com\/fr\/categorie\/collectivites\/agglomeration-du-pays-de-lor-7570#primaryimage"},"thumbnailUrl":"https:\/\/group.voltalis.com\/wp-content\/uploads\/2024\/02\/Myvoltalis-edited.png","articleSection":["Collectivit\u00e9s","Communiqu\u00e9s","Press releases"],"inLanguage":"fr-FR"},{"@type":"WebPage","@id":"https:\/\/group.voltalis.com\/fr\/categorie\/collectivites\/agglomeration-du-pays-de-lor-7570","url":"https:\/\/group.voltalis.com\/fr\/categorie\/collectivites\/agglomeration-du-pays-de-lor-7570","name":"Gr\u00e2ce \u00e0 l\u2019installation des thermostats connect\u00e9s Voltalis sur son territoire, l\u2019Agglom\u00e9ration du Pays de l\u2019Or a fait \u00e9conomiser pr\u00e8s de 35 000 euros \u00e0 ses habitants ! - Groupe Voltalis","isPartOf":{"@id":"https:\/\/group.voltalis.com\/en\/#website"},"primaryImageOfPage":{"@id":"https:\/\/group.voltalis.com\/fr\/categorie\/collectivites\/agglomeration-du-pays-de-lor-7570#primaryimage"},"image":{"@id":"https:\/\/group.voltalis.com\/fr\/categorie\/collectivites\/agglomeration-du-pays-de-lor-7570#primaryimage"},"thumbnailUrl":"https:\/\/group.voltalis.com\/wp-content\/uploads\/2024\/02\/Myvoltalis-edited.png","datePublished":"2024-01-23T08:41:00+00:00","dateModified":"2025-09-05T07:55:07+00:00","author":{"@id":"https:\/\/group.voltalis.com\/en\/#\/schema\/person\/0b72ec21cac86d7e1ad1f55c96e0056e"},"breadcrumb":{"@id":"https:\/\/group.voltalis.com\/fr\/categorie\/collectivites\/agglomeration-du-pays-de-lor-7570#breadcrumb"},"inLanguage":"fr-FR","potentialAction":[{"@type":"ReadAction","target":["https:\/\/group.voltalis.com\/fr\/categorie\/collectivites\/agglomeration-du-pays-de-lor-7570"]}]},{"@type":"ImageObject","inLanguage":"fr-FR","@id":"https:\/\/group.voltalis.com\/fr\/categorie\/collectivites\/agglomeration-du-pays-de-lor-7570#primaryimage","url":"https:\/\/group.voltalis.com\/wp-content\/uploads\/2024\/02\/Myvoltalis-edited.png","contentUrl":"https:\/\/group.voltalis.com\/wp-content\/uploads\/2024\/02\/Myvoltalis-edited.png"},{"@type":"BreadcrumbList","@id":"https:\/\/group.voltalis.com\/fr\/categorie\/collectivites\/agglomeration-du-pays-de-lor-7570#breadcrumb","itemListElement":[{"@type":"ListItem","position":1,"name":"Home","item":"https:\/\/group.voltalis.com\/fr"},{"@type":"ListItem","position":2,"name":"Gr\u00e2ce \u00e0 l\u2019installation des thermostats connect\u00e9s Voltalis sur son territoire, l\u2019Agglom\u00e9ration du Pays de l\u2019Or a fait \u00e9conomiser pr\u00e8s de 35 000 euros \u00e0 ses habitants !"}]},{"@type":"WebSite","@id":"https:\/\/group.voltalis.com\/en\/#website","url":"https:\/\/group.voltalis.com\/en\/","name":"Groupe Voltalis","description":"Bien plus que des \u00e9conomies d&#039;\u00e9nergie","potentialAction":[{"@type":"SearchAction","target":{"@type":"EntryPoint","urlTemplate":"https:\/\/group.voltalis.com\/en\/?s={search_term_string}"},"query-input":{"@type":"PropertyValueSpecification","valueRequired":true,"valueName":"search_term_string"}}],"inLanguage":"fr-FR"},{"@type":"Person","@id":"https:\/\/group.voltalis.com\/en\/#\/schema\/person\/0b72ec21cac86d7e1ad1f55c96e0056e","name":"Emma Corson","image":{"@type":"ImageObject","inLanguage":"fr-FR","@id":"https:\/\/secure.gravatar.com\/avatar\/c31b10fc9fd80670f3cae550df1692fb6e6f5a3e2941ed270ec82834eeefc649?s=96&d=mm&r=g","url":"https:\/\/secure.gravatar.com\/avatar\/c31b10fc9fd80670f3cae550df1692fb6e6f5a3e2941ed270ec82834eeefc649?s=96&d=mm&r=g","contentUrl":"https:\/\/secure.gravatar.com\/avatar\/c31b10fc9fd80670f3cae550df1692fb6e6f5a3e2941ed270ec82834eeefc649?s=96&d=mm&r=g","caption":"Emma Corson"},"url":"https:\/\/group.voltalis.com\/fr\/author\/emma-corson"}]}},"_links":{"self":[{"href":"https:\/\/group.voltalis.com\/fr\/wp-json\/wp\/v2\/posts\/7570","targetHints":{"allow":["GET"]}}],"collection":[{"href":"https:\/\/group.voltalis.com\/fr\/wp-json\/wp\/v2\/posts"}],"about":[{"href":"https:\/\/group.voltalis.com\/fr\/wp-json\/wp\/v2\/types\/post"}],"author":[{"embeddable":true,"href":"https:\/\/group.voltalis.com\/fr\/wp-json\/wp\/v2\/users\/9"}],"replies":[{"embeddable":true,"href":"https:\/\/group.voltalis.com\/fr\/wp-json\/wp\/v2\/comments?post=7570"}],"version-history":[{"count":1,"href":"https:\/\/group.voltalis.com\/fr\/wp-json\/wp\/v2\/posts\/7570\/revisions"}],"predecessor-version":[{"id":10484,"href":"https:\/\/group.voltalis.com\/fr\/wp-json\/wp\/v2\/posts\/7570\/revisions\/10484"}],"wp:attachment":[{"href":"https:\/\/group.voltalis.com\/fr\/wp-json\/wp\/v2\/media?parent=7570"}],"wp:term":[{"taxonomy":"category","embeddable":true,"href":"https:\/\/group.voltalis.com\/fr\/wp-json\/wp\/v2\/categories?post=7570"},{"taxonomy":"post_tag","embeddable":true,"href":"https:\/\/group.voltalis.com\/fr\/wp-json\/wp\/v2\/tags?post=7570"}],"curies":[{"name":"wp","href":"https:\/\/api.w.org\/{rel}","templated":true}]}}